{"id":9797,"date":"2018-05-22T15:25:26","date_gmt":"2018-05-22T13:25:26","guid":{"rendered":"http:\/\/exaequo-communication.fr\/?p=9797"},"modified":"2018-06-04T20:04:33","modified_gmt":"2018-06-04T18:04:33","slug":"domenechraymond","status":"publish","type":"post","link":"https:\/\/exaequo-communication.fr\/index.php\/2018\/05\/22\/domenechraymond\/","title":{"rendered":"Soir\u00e9e du Club du Sport avec Raymond Domenech"},"content":{"rendered":"[vc_row type=\u00a0\u00bbin_container\u00a0\u00bb full_screen_row_position=\u00a0\u00bbmiddle\u00a0\u00bb scene_position=\u00a0\u00bbcenter\u00a0\u00bb text_color=\u00a0\u00bbdark\u00a0\u00bb text_align=\u00a0\u00bbleft\u00a0\u00bb top_padding=\u00a0\u00bb10&Prime; overlay_strength=\u00a0\u00bb0.3&Prime; shape_divider_position=\u00a0\u00bbbottom\u00a0\u00bb shape_type=\u00a0\u00bb\u00a0\u00bb][vc_column column_padding=\u00a0\u00bbno-extra-padding\u00a0\u00bb column_padding_position=\u00a0\u00bball\u00a0\u00bb background_color_opacity=\u00a0\u00bb1&Prime; background_hover_color_opacity=\u00a0\u00bb1&Prime; column_shadow=\u00a0\u00bbnone\u00a0\u00bb column_border_radius=\u00a0\u00bbnone\u00a0\u00bb width=\u00a0\u00bb1\/2&Prime; tablet_text_alignment=\u00a0\u00bbdefault\u00a0\u00bb phone_text_alignment=\u00a0\u00bbdefault\u00a0\u00bb column_border_width=\u00a0\u00bbnone\u00a0\u00bb column_border_style=\u00a0\u00bbsolid\u00a0\u00bb][vc_gallery type=\u00a0\u00bbflexslider_style\u00a0\u00bb images=\u00a0\u00bb9800,9801,9802,9803&Prime; onclick=\u00a0\u00bblink_no\u00a0\u00bb hover_anim=\u00a0\u00bbfade-out\u00a0\u00bb][\/vc_column][vc_column column_padding=\u00a0\u00bbno-extra-padding\u00a0\u00bb column_padding_position=\u00a0\u00bball\u00a0\u00bb background_color_opacity=\u00a0\u00bb1&Prime; background_hover_color_opacity=\u00a0\u00bb1&Prime; column_shadow=\u00a0\u00bbnone\u00a0\u00bb column_border_radius=\u00a0\u00bbnone\u00a0\u00bb width=\u00a0\u00bb1\/2&Prime; tablet_text_alignment=\u00a0\u00bbdefault\u00a0\u00bb phone_text_alignment=\u00a0\u00bbdefault\u00a0\u00bb column_border_width=\u00a0\u00bbnone\u00a0\u00bb column_border_style=\u00a0\u00bbsolid\u00a0\u00bb][split_line_heading]\n<h3>Soir\u00e9e du Club du Sport avec Raymond Domenech<\/h3>\n<p><span style=\"font-size: 18.6667px;\">Le football \u00e0 l&rsquo;honneur de cette<\/span><\/p>\n<p><span style=\"font-size: 18.6667px;\">10\u00e8me soir\u00e9e du Club du Sport.<\/span>[\/split_line_heading][\/vc_column][\/vc_row][vc_row type=\u00a0\u00bbin_container\u00a0\u00bb full_screen_row_position=\u00a0\u00bbmiddle\u00a0\u00bb scene_position=\u00a0\u00bbcenter\u00a0\u00bb text_color=\u00a0\u00bbdark\u00a0\u00bb text_align=\u00a0\u00bbleft\u00a0\u00bb overlay_strength=\u00a0\u00bb0.3&Prime; shape_divider_position=\u00a0\u00bbbottom\u00a0\u00bb][vc_column column_padding=\u00a0\u00bbno-extra-padding\u00a0\u00bb column_padding_position=\u00a0\u00bball\u00a0\u00bb background_color_opacity=\u00a0\u00bb1&Prime; background_hover_color_opacity=\u00a0\u00bb1&Prime; column_shadow=\u00a0\u00bbnone\u00a0\u00bb column_border_radius=\u00a0\u00bbnone\u00a0\u00bb width=\u00a0\u00bb1\/1&Prime; tablet_text_alignment=\u00a0\u00bbdefault\u00a0\u00bb phone_text_alignment=\u00a0\u00bbdefault\u00a0\u00bb column_border_width=\u00a0\u00bbnone\u00a0\u00bb column_border_style=\u00a0\u00bbsolid\u00a0\u00bb][vc_column_text]<span style=\"font-size: 14pt;\">20 ans apr\u00e8s France 98, il nous paraissait logique d&rsquo;organiser une soir\u00e9e sur la th\u00e9matique du football et plus particuli\u00e8rement de l&rsquo;\u00e9quipe de France.<\/span><\/p>\n<p><span style=\"font-size: 14pt;\">Quoi de mieux qu&rsquo;un ancien s\u00e9lectionneur pour venir nous donner son avis sur ces \u00e9quipes de France de 98 \u00e0 aujourd&rsquo;hui. Et puisque le calendrier fait bien les choses, le soir m\u00eame Didier Deschamps d\u00e9voilait la liste des s\u00e9lectionn\u00e9s pour la Coupe du Monde en Russie.\u00a0<\/span><\/p>\n<p><span style=\"font-size: 14pt;\">Dans un premier temps nous sommes revenus sur la carri\u00e8re et le personnage Raymond Domenech. Un homme entier qui ne manque jamais occasion d&rsquo;un tacle ou d&rsquo;une provocation.\u00a0<\/span><\/p>\n<p><span style=\"font-size: 14pt;\">Ensuite, il a \u00e9t\u00e9 question des moments marquants de sa carri\u00e8re de s\u00e9lectionneur : Knysna, la coupe du Monde 2006. Mais aussi de ces liens avec la f\u00e9d\u00e9ration et des rapports entra\u00eeneur\/joueur.\u00a0<\/span><\/p>\n<p><span style=\"font-size: 14pt;\">Sa vision et son exp\u00e9rience, lui ont permis de commenter en live, les choix de la liste pour la Russie. <a href=\"https:\/\/photos.app.goo.gl\/yt9hM6PnUEbraJng1\" target=\"_blank\" rel=\"noopener\">Un bon moment \u00e0 retrouver en photos.<\/a><\/span><\/p>\n[\/vc_column_text][\/vc_column][\/vc_row]\n","protected":false},"excerpt":{"rendered":"<p>Le football \u00e0 l&rsquo;honneur de cette 10\u00e8me du Club du Sport.<\/p>\n","protected":false},"author":5,"featured_media":9798,"comment_status":"closed","ping_status":"closed","sticky":false,"template":"","format":"standard","meta":{"footnotes":""},"categories":[1,176],"tags":[],"class_list":{"0":"post-9797","1":"post","2":"type-post","3":"status-publish","4":"format-standard","5":"has-post-thumbnail","7":"category-actualites","8":"category-corporate"},"yoast_head":"<!-- This site is optimized with the Yoast SEO plugin v27.0 - https:\/\/yoast.com\/product\/yoast-seo-wordpress\/ -->\n<title>Soir\u00e9e du Club du Sport avec Raymond Domenech - Exaequo communication<\/title>\n<meta name=\"robots\" content=\"index, follow, max-snippet:-1, max-image-preview:large, max-video-preview:-1\" \/>\n<link rel=\"canonical\" href=\"https:\/\/exaequo-communication.fr\/index.php\/2018\/05\/22\/domenechraymond\/\" \/>\n<meta property=\"og:locale\" content=\"fr_FR\" \/>\n<meta property=\"og:type\" content=\"article\" \/>\n<meta property=\"og:title\" content=\"Soir\u00e9e du Club du Sport avec Raymond Domenech - Exaequo communication\" \/>\n<meta property=\"og:description\" content=\"Le football \u00e0 l&#039;honneur de cette 10\u00e8me du Club du Sport.\" \/>\n<meta property=\"og:url\" content=\"https:\/\/exaequo-communication.fr\/index.php\/2018\/05\/22\/domenechraymond\/\" \/>\n<meta property=\"og:site_name\" content=\"Exaequo communication\" \/>\n<meta property=\"article:published_time\" content=\"2018-05-22T13:25:26+00:00\" \/>\n<meta property=\"article:modified_time\" content=\"2018-06-04T18:04:33+00:00\" \/>\n<meta name=\"author\" content=\"Vincent\" \/>\n<meta name=\"twitter:card\" content=\"summary_large_image\" \/>\n<meta name=\"twitter:image\" content=\"https:\/\/exaequo-communication.fr\/wp-content\/uploads\/2018\/05\/IMG_0383-001.jpg\" \/>\n<meta name=\"twitter:label1\" content=\"\u00c9crit par\" \/>\n\t<meta name=\"twitter:data1\" content=\"Vincent\" \/>\n\t<meta name=\"twitter:label2\" content=\"Dur\u00e9e de lecture estim\u00e9e\" \/>\n\t<meta name=\"twitter:data2\" content=\"2 minutes\" \/>\n<script type=\"application\/ld+json\" class=\"yoast-schema-graph\">{\"@context\":\"https:\/\/schema.org\",\"@graph\":[{\"@type\":\"Article\",\"@id\":\"https:\/\/exaequo-communication.fr\/index.php\/2018\/05\/22\/domenechraymond\/#article\",\"isPartOf\":{\"@id\":\"https:\/\/exaequo-communication.fr\/index.php\/2018\/05\/22\/domenechraymond\/\"},\"author\":{\"name\":\"Vincent\",\"@id\":\"https:\/\/exaequo-communication.fr\/#\/schema\/person\/a2b781d9861576b70e7ac586c8d0e7dd\"},\"headline\":\"Soir\u00e9e du Club du Sport avec Raymond Domenech\",\"datePublished\":\"2018-05-22T13:25:26+00:00\",\"dateModified\":\"2018-06-04T18:04:33+00:00\",\"mainEntityOfPage\":{\"@id\":\"https:\/\/exaequo-communication.fr\/index.php\/2018\/05\/22\/domenechraymond\/\"},\"wordCount\":412,\"image\":{\"@id\":\"https:\/\/exaequo-communication.fr\/index.php\/2018\/05\/22\/domenechraymond\/#primaryimage\"},\"thumbnailUrl\":\"https:\/\/exaequo-communication.fr\/wp-content\/uploads\/2018\/05\/IMG_0383-001.jpg\",\"articleSection\":[\"Actualit\u00e9s\",\"Corporate\"],\"inLanguage\":\"fr-FR\"},{\"@type\":\"WebPage\",\"@id\":\"https:\/\/exaequo-communication.fr\/index.php\/2018\/05\/22\/domenechraymond\/\",\"url\":\"https:\/\/exaequo-communication.fr\/index.php\/2018\/05\/22\/domenechraymond\/\",\"name\":\"Soir\u00e9e du Club du Sport avec Raymond Domenech - Exaequo communication\",\"isPartOf\":{\"@id\":\"https:\/\/exaequo-communication.fr\/#website\"},\"primaryImageOfPage\":{\"@id\":\"https:\/\/exaequo-communication.fr\/index.php\/2018\/05\/22\/domenechraymond\/#primaryimage\"},\"image\":{\"@id\":\"https:\/\/exaequo-communication.fr\/index.php\/2018\/05\/22\/domenechraymond\/#primaryimage\"},\"thumbnailUrl\":\"https:\/\/exaequo-communication.fr\/wp-content\/uploads\/2018\/05\/IMG_0383-001.jpg\",\"datePublished\":\"2018-05-22T13:25:26+00:00\",\"dateModified\":\"2018-06-04T18:04:33+00:00\",\"author\":{\"@id\":\"https:\/\/exaequo-communication.fr\/#\/schema\/person\/a2b781d9861576b70e7ac586c8d0e7dd\"},\"breadcrumb\":{\"@id\":\"https:\/\/exaequo-communication.fr\/index.php\/2018\/05\/22\/domenechraymond\/#breadcrumb\"},\"inLanguage\":\"fr-FR\",\"potentialAction\":[{\"@type\":\"ReadAction\",\"target\":[\"https:\/\/exaequo-communication.fr\/index.php\/2018\/05\/22\/domenechraymond\/\"]}]},{\"@type\":\"ImageObject\",\"inLanguage\":\"fr-FR\",\"@id\":\"https:\/\/exaequo-communication.fr\/index.php\/2018\/05\/22\/domenechraymond\/#primaryimage\",\"url\":\"https:\/\/exaequo-communication.fr\/wp-content\/uploads\/2018\/05\/IMG_0383-001.jpg\",\"contentUrl\":\"https:\/\/exaequo-communication.fr\/wp-content\/uploads\/2018\/05\/IMG_0383-001.jpg\",\"width\":800,\"height\":534},{\"@type\":\"BreadcrumbList\",\"@id\":\"https:\/\/exaequo-communication.fr\/index.php\/2018\/05\/22\/domenechraymond\/#breadcrumb\",\"itemListElement\":[{\"@type\":\"ListItem\",\"position\":1,\"name\":\"Accueil\",\"item\":\"https:\/\/exaequo-communication.fr\/\"},{\"@type\":\"ListItem\",\"position\":2,\"name\":\"Soir\u00e9e du Club du Sport avec Raymond Domenech\"}]},{\"@type\":\"WebSite\",\"@id\":\"https:\/\/exaequo-communication.fr\/#website\",\"url\":\"https:\/\/exaequo-communication.fr\/\",\"name\":\"Exaequo communication\",\"description\":\"\",\"potentialAction\":[{\"@type\":\"SearchAction\",\"target\":{\"@type\":\"EntryPoint\",\"urlTemplate\":\"https:\/\/exaequo-communication.fr\/?s={search_term_string}\"},\"query-input\":{\"@type\":\"PropertyValueSpecification\",\"valueRequired\":true,\"valueName\":\"search_term_string\"}}],\"inLanguage\":\"fr-FR\"},{\"@type\":\"Person\",\"@id\":\"https:\/\/exaequo-communication.fr\/#\/schema\/person\/a2b781d9861576b70e7ac586c8d0e7dd\",\"name\":\"Vincent\",\"image\":{\"@type\":\"ImageObject\",\"inLanguage\":\"fr-FR\",\"@id\":\"https:\/\/exaequo-communication.fr\/#\/schema\/person\/image\/\",\"url\":\"https:\/\/secure.gravatar.com\/avatar\/c58976c01b1d93e7e64f76bceed0cda416b0c2ec1073b37c7406cd511cdf9281?s=96&d=mm&r=g\",\"contentUrl\":\"https:\/\/secure.gravatar.com\/avatar\/c58976c01b1d93e7e64f76bceed0cda416b0c2ec1073b37c7406cd511cdf9281?s=96&d=mm&r=g\",\"caption\":\"Vincent\"},\"url\":\"https:\/\/exaequo-communication.fr\/index.php\/author\/vincent\/\"}]}<\/script>\n<!-- \/ Yoast SEO plugin. -->","yoast_head_json":{"title":"Soir\u00e9e du Club du Sport avec Raymond Domenech - Exaequo communication","robots":{"index":"index","follow":"follow","max-snippet":"max-snippet:-1","max-image-preview":"max-image-preview:large","max-video-preview":"max-video-preview:-1"},"canonical":"https:\/\/exaequo-communication.fr\/index.php\/2018\/05\/22\/domenechraymond\/","og_locale":"fr_FR","og_type":"article","og_title":"Soir\u00e9e du Club du Sport avec Raymond Domenech - Exaequo communication","og_description":"Le football \u00e0 l'honneur de cette 10\u00e8me du Club du Sport.","og_url":"https:\/\/exaequo-communication.fr\/index.php\/2018\/05\/22\/domenechraymond\/","og_site_name":"Exaequo communication","article_published_time":"2018-05-22T13:25:26+00:00","article_modified_time":"2018-06-04T18:04:33+00:00","author":"Vincent","twitter_card":"summary_large_image","twitter_image":"https:\/\/exaequo-communication.fr\/wp-content\/uploads\/2018\/05\/IMG_0383-001.jpg","twitter_misc":{"\u00c9crit par":"Vincent","Dur\u00e9e de lecture estim\u00e9e":"2 minutes"},"schema":{"@context":"https:\/\/schema.org","@graph":[{"@type":"Article","@id":"https:\/\/exaequo-communication.fr\/index.php\/2018\/05\/22\/domenechraymond\/#article","isPartOf":{"@id":"https:\/\/exaequo-communication.fr\/index.php\/2018\/05\/22\/domenechraymond\/"},"author":{"name":"Vincent","@id":"https:\/\/exaequo-communication.fr\/#\/schema\/person\/a2b781d9861576b70e7ac586c8d0e7dd"},"headline":"Soir\u00e9e du Club du Sport avec Raymond Domenech","datePublished":"2018-05-22T13:25:26+00:00","dateModified":"2018-06-04T18:04:33+00:00","mainEntityOfPage":{"@id":"https:\/\/exaequo-communication.fr\/index.php\/2018\/05\/22\/domenechraymond\/"},"wordCount":412,"image":{"@id":"https:\/\/exaequo-communication.fr\/index.php\/2018\/05\/22\/domenechraymond\/#primaryimage"},"thumbnailUrl":"https:\/\/exaequo-communication.fr\/wp-content\/uploads\/2018\/05\/IMG_0383-001.jpg","articleSection":["Actualit\u00e9s","Corporate"],"inLanguage":"fr-FR"},{"@type":"WebPage","@id":"https:\/\/exaequo-communication.fr\/index.php\/2018\/05\/22\/domenechraymond\/","url":"https:\/\/exaequo-communication.fr\/index.php\/2018\/05\/22\/domenechraymond\/","name":"Soir\u00e9e du Club du Sport avec Raymond Domenech - Exaequo communication","isPartOf":{"@id":"https:\/\/exaequo-communication.fr\/#website"},"primaryImageOfPage":{"@id":"https:\/\/exaequo-communication.fr\/index.php\/2018\/05\/22\/domenechraymond\/#primaryimage"},"image":{"@id":"https:\/\/exaequo-communication.fr\/index.php\/2018\/05\/22\/domenechraymond\/#primaryimage"},"thumbnailUrl":"https:\/\/exaequo-communication.fr\/wp-content\/uploads\/2018\/05\/IMG_0383-001.jpg","datePublished":"2018-05-22T13:25:26+00:00","dateModified":"2018-06-04T18:04:33+00:00","author":{"@id":"https:\/\/exaequo-communication.fr\/#\/schema\/person\/a2b781d9861576b70e7ac586c8d0e7dd"},"breadcrumb":{"@id":"https:\/\/exaequo-communication.fr\/index.php\/2018\/05\/22\/domenechraymond\/#breadcrumb"},"inLanguage":"fr-FR","potentialAction":[{"@type":"ReadAction","target":["https:\/\/exaequo-communication.fr\/index.php\/2018\/05\/22\/domenechraymond\/"]}]},{"@type":"ImageObject","inLanguage":"fr-FR","@id":"https:\/\/exaequo-communication.fr\/index.php\/2018\/05\/22\/domenechraymond\/#primaryimage","url":"https:\/\/exaequo-communication.fr\/wp-content\/uploads\/2018\/05\/IMG_0383-001.jpg","contentUrl":"https:\/\/exaequo-communication.fr\/wp-content\/uploads\/2018\/05\/IMG_0383-001.jpg","width":800,"height":534},{"@type":"BreadcrumbList","@id":"https:\/\/exaequo-communication.fr\/index.php\/2018\/05\/22\/domenechraymond\/#breadcrumb","itemListElement":[{"@type":"ListItem","position":1,"name":"Accueil","item":"https:\/\/exaequo-communication.fr\/"},{"@type":"ListItem","position":2,"name":"Soir\u00e9e du Club du Sport avec Raymond Domenech"}]},{"@type":"WebSite","@id":"https:\/\/exaequo-communication.fr\/#website","url":"https:\/\/exaequo-communication.fr\/","name":"Exaequo communication","description":"","potentialAction":[{"@type":"SearchAction","target":{"@type":"EntryPoint","urlTemplate":"https:\/\/exaequo-communication.fr\/?s={search_term_string}"},"query-input":{"@type":"PropertyValueSpecification","valueRequired":true,"valueName":"search_term_string"}}],"inLanguage":"fr-FR"},{"@type":"Person","@id":"https:\/\/exaequo-communication.fr\/#\/schema\/person\/a2b781d9861576b70e7ac586c8d0e7dd","name":"Vincent","image":{"@type":"ImageObject","inLanguage":"fr-FR","@id":"https:\/\/exaequo-communication.fr\/#\/schema\/person\/image\/","url":"https:\/\/secure.gravatar.com\/avatar\/c58976c01b1d93e7e64f76bceed0cda416b0c2ec1073b37c7406cd511cdf9281?s=96&d=mm&r=g","contentUrl":"https:\/\/secure.gravatar.com\/avatar\/c58976c01b1d93e7e64f76bceed0cda416b0c2ec1073b37c7406cd511cdf9281?s=96&d=mm&r=g","caption":"Vincent"},"url":"https:\/\/exaequo-communication.fr\/index.php\/author\/vincent\/"}]}},"_links":{"self":[{"href":"https:\/\/exaequo-communication.fr\/index.php\/wp-json\/wp\/v2\/posts\/9797","targetHints":{"allow":["GET"]}}],"collection":[{"href":"https:\/\/exaequo-communication.fr\/index.php\/wp-json\/wp\/v2\/posts"}],"about":[{"href":"https:\/\/exaequo-communication.fr\/index.php\/wp-json\/wp\/v2\/types\/post"}],"author":[{"embeddable":true,"href":"https:\/\/exaequo-communication.fr\/index.php\/wp-json\/wp\/v2\/users\/5"}],"replies":[{"embeddable":true,"href":"https:\/\/exaequo-communication.fr\/index.php\/wp-json\/wp\/v2\/comments?post=9797"}],"version-history":[{"count":0,"href":"https:\/\/exaequo-communication.fr\/index.php\/wp-json\/wp\/v2\/posts\/9797\/revisions"}],"wp:featuredmedia":[{"embeddable":true,"href":"https:\/\/exaequo-communication.fr\/index.php\/wp-json\/wp\/v2\/media\/9798"}],"wp:attachment":[{"href":"https:\/\/exaequo-communication.fr\/index.php\/wp-json\/wp\/v2\/media?parent=9797"}],"wp:term":[{"taxonomy":"category","embeddable":true,"href":"https:\/\/exaequo-communication.fr\/index.php\/wp-json\/wp\/v2\/categories?post=9797"},{"taxonomy":"post_tag","embeddable":true,"href":"https:\/\/exaequo-communication.fr\/index.php\/wp-json\/wp\/v2\/tags?post=9797"}],"curies":[{"name":"wp","href":"https:\/\/api.w.org\/{rel}","templated":true}]}}