{"id":9698,"date":"2018-05-02T16:34:40","date_gmt":"2018-05-02T14:34:40","guid":{"rendered":"http:\/\/exaequo-communication.fr\/?p=9698"},"modified":"2018-05-04T11:09:25","modified_gmt":"2018-05-04T09:09:25","slug":"recrea-exaequo-2","status":"publish","type":"post","link":"https:\/\/exaequo-communication.fr\/index.php\/2018\/05\/02\/recrea-exaequo-2\/","title":{"rendered":"Reconnaissance des parcours du #Trideauville"},"content":{"rendered":"[vc_row type=\u00a0\u00bbin_container\u00a0\u00bb full_screen_row_position=\u00a0\u00bbmiddle\u00a0\u00bb scene_position=\u00a0\u00bbcenter\u00a0\u00bb text_color=\u00a0\u00bbdark\u00a0\u00bb text_align=\u00a0\u00bbleft\u00a0\u00bb top_padding=\u00a0\u00bb10&Prime; overlay_strength=\u00a0\u00bb0.3&Prime; shape_divider_position=\u00a0\u00bbbottom\u00a0\u00bb shape_type=\u00a0\u00bb\u00a0\u00bb][vc_column column_padding=\u00a0\u00bbno-extra-padding\u00a0\u00bb column_padding_position=\u00a0\u00bball\u00a0\u00bb background_color_opacity=\u00a0\u00bb1&Prime; background_hover_color_opacity=\u00a0\u00bb1&Prime; column_shadow=\u00a0\u00bbnone\u00a0\u00bb column_border_radius=\u00a0\u00bbnone\u00a0\u00bb width=\u00a0\u00bb1\/2&Prime; tablet_text_alignment=\u00a0\u00bbdefault\u00a0\u00bb phone_text_alignment=\u00a0\u00bbdefault\u00a0\u00bb column_border_width=\u00a0\u00bbnone\u00a0\u00bb column_border_style=\u00a0\u00bbsolid\u00a0\u00bb][vc_gallery type=\u00a0\u00bbflexslider_style\u00a0\u00bb images=\u00a0\u00bb9702,9701,9700,9699&Prime; onclick=\u00a0\u00bblink_no\u00a0\u00bb hover_anim=\u00a0\u00bbfade-out\u00a0\u00bb][\/vc_column][vc_column column_padding=\u00a0\u00bbno-extra-padding\u00a0\u00bb column_padding_position=\u00a0\u00bball\u00a0\u00bb background_color_opacity=\u00a0\u00bb1&Prime; background_hover_color_opacity=\u00a0\u00bb1&Prime; column_shadow=\u00a0\u00bbnone\u00a0\u00bb column_border_radius=\u00a0\u00bbnone\u00a0\u00bb width=\u00a0\u00bb1\/2&Prime; tablet_text_alignment=\u00a0\u00bbdefault\u00a0\u00bb phone_text_alignment=\u00a0\u00bbdefault\u00a0\u00bb column_border_width=\u00a0\u00bbnone\u00a0\u00bb column_border_style=\u00a0\u00bbsolid\u00a0\u00bb][split_line_heading]\n<h3>Reconnaissance des parcours du #Trideauville<\/h3>\n<p><span style=\"font-size: 18.6667px;\">Un \u00e9v\u00e9nement dans l&rsquo;\u00e9v\u00e9nement<\/span><\/p>\n<p><span style=\"font-size: 18.6667px;\">avec 200 participants venus pour se pr\u00e9parer.<\/span>[\/split_line_heading][\/vc_column][\/vc_row][vc_row type=\u00a0\u00bbin_container\u00a0\u00bb full_screen_row_position=\u00a0\u00bbmiddle\u00a0\u00bb scene_position=\u00a0\u00bbcenter\u00a0\u00bb text_color=\u00a0\u00bbdark\u00a0\u00bb text_align=\u00a0\u00bbleft\u00a0\u00bb overlay_strength=\u00a0\u00bb0.3&Prime; shape_divider_position=\u00a0\u00bbbottom\u00a0\u00bb][vc_column column_padding=\u00a0\u00bbno-extra-padding\u00a0\u00bb column_padding_position=\u00a0\u00bball\u00a0\u00bb background_color_opacity=\u00a0\u00bb1&Prime; background_hover_color_opacity=\u00a0\u00bb1&Prime; column_shadow=\u00a0\u00bbnone\u00a0\u00bb column_border_radius=\u00a0\u00bbnone\u00a0\u00bb width=\u00a0\u00bb1\/1&Prime; tablet_text_alignment=\u00a0\u00bbdefault\u00a0\u00bb phone_text_alignment=\u00a0\u00bbdefault\u00a0\u00bb column_border_width=\u00a0\u00bbnone\u00a0\u00bb column_border_style=\u00a0\u00bbsolid\u00a0\u00bb][vc_column_text]<span style=\"font-size: 14pt;\">Ce samedi 21 avril, Exaequo organisait sa traditionnelle<strong>\u00a0reconnaissance officielle du Triathlon International de Deauville \u2013 Hoka One One<\/strong>, l\u2019occasion pour environ 200 triathl\u00e8tes de d\u00e9couvrir\u00a0ce\u00a0parcours exigeant.\u00a0<\/span><span style=\"font-size: 14pt;\">Mais ce fut \u00e9galement un\u00a0 moment de partage et de d\u00e9couverte avec nos partenaires. <\/span><\/p>\n<p><span style=\"font-size: 14pt;\">En effet,\u00a0<a href=\"http:\/\/loubsol.com\/\" target=\"_blank\" rel=\"noopener\">Loubsol\u00a0<\/a>a permis aux cyclistes de tester les lunettes sur le parcours v\u00e9lo et running.<\/span><\/p>\n<p align=\"JUSTIFY\"><span style=\"font-size: 14pt;\"><span style=\"font-size: 14pt;\">Apr\u00e8s cette sortie v\u00e9lo encadr\u00e9e par le\u00a0<\/span><a style=\"font-size: 14pt;\" href=\"http:\/\/www.deauville-trouville-triathlon.fr\/index.php\/le-club\">Deauville Trouville Triathlon<\/a><span style=\"font-size: 14pt;\">, les participants ont eu le choix entre la natation et\u00a0le running\u00a0:<\/span><\/span><\/p>\n<p align=\"JUSTIFY\"><span style=\"font-size: 14pt;\">Ceux qui ont couru, on pu d\u00e9couvrir en avant-premi\u00e8re la nouvelle boucle du parcours running passant par les fameuses Planches de Deauville accompagn\u00e9s par le triathl\u00e8te professionnel Olivier Lyoen du Team Hoka One One.<\/span><\/p>\n<p align=\"JUSTIFY\"><span style=\"font-size: 14pt;\">Malgr\u00e9 une eau \u00e0 10\u00b0C, une trentaine de courageux n\u2019ont pas eu peur de s\u2019essayer \u00e0 la nage en mer. Ceci leur a permis de prendre des informations importantes pour le jour de course.<\/span><\/p>\n<p align=\"JUSTIFY\"><span style=\"font-size: 14pt;\"><span style=\"font-size: 14pt;\">En plus de cela, c\u2019\u00e9tait le moyen pour certains de tester les combinaisons de notre partenaire\u00a0<\/span><a style=\"font-size: 14pt;\" href=\"https:\/\/www.dare2tri.com\/\" target=\"_blank\" rel=\"noopener\">Dare2tri<\/a><span style=\"font-size: 14pt;\">, venus sp\u00e9cialement des Pays-Bas pour l&rsquo;occasion.<\/span><\/span><\/p>\n<p align=\"JUSTIFY\"><span style=\"font-size: 14pt;\">Une belle matin\u00e9e qui pr\u00e9dit un excellent week-end \u00e0 la fin juin&#8230;<\/span><\/p>\n<p align=\"JUSTIFY\"><span style=\"font-size: 14pt;\"><a href=\"http:\/\/triathlondeauville.com\" target=\"_blank\" rel=\"noopener\">Site du triathlon de Deauville<\/a><\/span><\/p>\n[\/vc_column_text][\/vc_column][\/vc_row]\n","protected":false},"excerpt":{"rendered":"<p>Un \u00e9v\u00e9nement dans l&rsquo;\u00e9v\u00e9nement avec 200 participants venus pour se pr\u00e9parer.<\/p>\n","protected":false},"author":5,"featured_media":9700,"comment_status":"closed","ping_status":"closed","sticky":false,"template":"","format":"standard","meta":{"footnotes":""},"categories":[1,177],"tags":[],"class_list":{"0":"post-9698","1":"post","2":"type-post","3":"status-publish","4":"format-standard","5":"has-post-thumbnail","7":"category-actualites","8":"category-promotionnels"},"yoast_head":"<!-- This site is optimized with the Yoast SEO plugin v27.0 - https:\/\/yoast.com\/product\/yoast-seo-wordpress\/ -->\n<title>Reconnaissance des parcours du #Trideauville - Exaequo communication<\/title>\n<meta name=\"robots\" content=\"index, follow, max-snippet:-1, max-image-preview:large, max-video-preview:-1\" \/>\n<link rel=\"canonical\" href=\"https:\/\/exaequo-communication.fr\/index.php\/2018\/05\/02\/recrea-exaequo-2\/\" \/>\n<meta property=\"og:locale\" content=\"fr_FR\" \/>\n<meta property=\"og:type\" content=\"article\" \/>\n<meta property=\"og:title\" content=\"Reconnaissance des parcours du #Trideauville - Exaequo communication\" \/>\n<meta property=\"og:description\" content=\"Un \u00e9v\u00e9nement dans l&#039;\u00e9v\u00e9nement avec 200 participants venus pour se pr\u00e9parer.\" \/>\n<meta property=\"og:url\" content=\"https:\/\/exaequo-communication.fr\/index.php\/2018\/05\/02\/recrea-exaequo-2\/\" \/>\n<meta property=\"og:site_name\" content=\"Exaequo communication\" \/>\n<meta property=\"article:published_time\" content=\"2018-05-02T14:34:40+00:00\" \/>\n<meta property=\"article:modified_time\" content=\"2018-05-04T09:09:25+00:00\" \/>\n<meta name=\"author\" content=\"Vincent\" \/>\n<meta name=\"twitter:card\" content=\"summary_large_image\" \/>\n<meta name=\"twitter:image\" content=\"https:\/\/exaequo-communication.fr\/wp-content\/uploads\/2018\/05\/20180421_093705.jpg\" \/>\n<meta name=\"twitter:label1\" content=\"\u00c9crit par\" \/>\n\t<meta name=\"twitter:data1\" content=\"Vincent\" \/>\n\t<meta name=\"twitter:label2\" content=\"Dur\u00e9e de lecture estim\u00e9e\" \/>\n\t<meta name=\"twitter:data2\" content=\"2 minutes\" \/>\n<script type=\"application\/ld+json\" class=\"yoast-schema-graph\">{\"@context\":\"https:\/\/schema.org\",\"@graph\":[{\"@type\":\"Article\",\"@id\":\"https:\/\/exaequo-communication.fr\/index.php\/2018\/05\/02\/recrea-exaequo-2\/#article\",\"isPartOf\":{\"@id\":\"https:\/\/exaequo-communication.fr\/index.php\/2018\/05\/02\/recrea-exaequo-2\/\"},\"author\":{\"name\":\"Vincent\",\"@id\":\"https:\/\/exaequo-communication.fr\/#\/schema\/person\/a2b781d9861576b70e7ac586c8d0e7dd\"},\"headline\":\"Reconnaissance des parcours du #Trideauville\",\"datePublished\":\"2018-05-02T14:34:40+00:00\",\"dateModified\":\"2018-05-04T09:09:25+00:00\",\"mainEntityOfPage\":{\"@id\":\"https:\/\/exaequo-communication.fr\/index.php\/2018\/05\/02\/recrea-exaequo-2\/\"},\"wordCount\":436,\"image\":{\"@id\":\"https:\/\/exaequo-communication.fr\/index.php\/2018\/05\/02\/recrea-exaequo-2\/#primaryimage\"},\"thumbnailUrl\":\"https:\/\/exaequo-communication.fr\/wp-content\/uploads\/2018\/05\/20180421_093705.jpg\",\"articleSection\":[\"Actualit\u00e9s\",\"Promotionnels\"],\"inLanguage\":\"fr-FR\"},{\"@type\":\"WebPage\",\"@id\":\"https:\/\/exaequo-communication.fr\/index.php\/2018\/05\/02\/recrea-exaequo-2\/\",\"url\":\"https:\/\/exaequo-communication.fr\/index.php\/2018\/05\/02\/recrea-exaequo-2\/\",\"name\":\"Reconnaissance des parcours du #Trideauville - Exaequo communication\",\"isPartOf\":{\"@id\":\"https:\/\/exaequo-communication.fr\/#website\"},\"primaryImageOfPage\":{\"@id\":\"https:\/\/exaequo-communication.fr\/index.php\/2018\/05\/02\/recrea-exaequo-2\/#primaryimage\"},\"image\":{\"@id\":\"https:\/\/exaequo-communication.fr\/index.php\/2018\/05\/02\/recrea-exaequo-2\/#primaryimage\"},\"thumbnailUrl\":\"https:\/\/exaequo-communication.fr\/wp-content\/uploads\/2018\/05\/20180421_093705.jpg\",\"datePublished\":\"2018-05-02T14:34:40+00:00\",\"dateModified\":\"2018-05-04T09:09:25+00:00\",\"author\":{\"@id\":\"https:\/\/exaequo-communication.fr\/#\/schema\/person\/a2b781d9861576b70e7ac586c8d0e7dd\"},\"breadcrumb\":{\"@id\":\"https:\/\/exaequo-communication.fr\/index.php\/2018\/05\/02\/recrea-exaequo-2\/#breadcrumb\"},\"inLanguage\":\"fr-FR\",\"potentialAction\":[{\"@type\":\"ReadAction\",\"target\":[\"https:\/\/exaequo-communication.fr\/index.php\/2018\/05\/02\/recrea-exaequo-2\/\"]}]},{\"@type\":\"ImageObject\",\"inLanguage\":\"fr-FR\",\"@id\":\"https:\/\/exaequo-communication.fr\/index.php\/2018\/05\/02\/recrea-exaequo-2\/#primaryimage\",\"url\":\"https:\/\/exaequo-communication.fr\/wp-content\/uploads\/2018\/05\/20180421_093705.jpg\",\"contentUrl\":\"https:\/\/exaequo-communication.fr\/wp-content\/uploads\/2018\/05\/20180421_093705.jpg\",\"width\":1700,\"height\":956},{\"@type\":\"BreadcrumbList\",\"@id\":\"https:\/\/exaequo-communication.fr\/index.php\/2018\/05\/02\/recrea-exaequo-2\/#breadcrumb\",\"itemListElement\":[{\"@type\":\"ListItem\",\"position\":1,\"name\":\"Accueil\",\"item\":\"https:\/\/exaequo-communication.fr\/\"},{\"@type\":\"ListItem\",\"position\":2,\"name\":\"Reconnaissance des parcours du #Trideauville\"}]},{\"@type\":\"WebSite\",\"@id\":\"https:\/\/exaequo-communication.fr\/#website\",\"url\":\"https:\/\/exaequo-communication.fr\/\",\"name\":\"Exaequo communication\",\"description\":\"\",\"potentialAction\":[{\"@type\":\"SearchAction\",\"target\":{\"@type\":\"EntryPoint\",\"urlTemplate\":\"https:\/\/exaequo-communication.fr\/?s={search_term_string}\"},\"query-input\":{\"@type\":\"PropertyValueSpecification\",\"valueRequired\":true,\"valueName\":\"search_term_string\"}}],\"inLanguage\":\"fr-FR\"},{\"@type\":\"Person\",\"@id\":\"https:\/\/exaequo-communication.fr\/#\/schema\/person\/a2b781d9861576b70e7ac586c8d0e7dd\",\"name\":\"Vincent\",\"image\":{\"@type\":\"ImageObject\",\"inLanguage\":\"fr-FR\",\"@id\":\"https:\/\/exaequo-communication.fr\/#\/schema\/person\/image\/\",\"url\":\"https:\/\/secure.gravatar.com\/avatar\/c58976c01b1d93e7e64f76bceed0cda416b0c2ec1073b37c7406cd511cdf9281?s=96&d=mm&r=g\",\"contentUrl\":\"https:\/\/secure.gravatar.com\/avatar\/c58976c01b1d93e7e64f76bceed0cda416b0c2ec1073b37c7406cd511cdf9281?s=96&d=mm&r=g\",\"caption\":\"Vincent\"},\"url\":\"https:\/\/exaequo-communication.fr\/index.php\/author\/vincent\/\"}]}<\/script>\n<!-- \/ Yoast SEO plugin. -->","yoast_head_json":{"title":"Reconnaissance des parcours du #Trideauville - Exaequo communication","robots":{"index":"index","follow":"follow","max-snippet":"max-snippet:-1","max-image-preview":"max-image-preview:large","max-video-preview":"max-video-preview:-1"},"canonical":"https:\/\/exaequo-communication.fr\/index.php\/2018\/05\/02\/recrea-exaequo-2\/","og_locale":"fr_FR","og_type":"article","og_title":"Reconnaissance des parcours du #Trideauville - Exaequo communication","og_description":"Un \u00e9v\u00e9nement dans l'\u00e9v\u00e9nement avec 200 participants venus pour se pr\u00e9parer.","og_url":"https:\/\/exaequo-communication.fr\/index.php\/2018\/05\/02\/recrea-exaequo-2\/","og_site_name":"Exaequo communication","article_published_time":"2018-05-02T14:34:40+00:00","article_modified_time":"2018-05-04T09:09:25+00:00","author":"Vincent","twitter_card":"summary_large_image","twitter_image":"https:\/\/exaequo-communication.fr\/wp-content\/uploads\/2018\/05\/20180421_093705.jpg","twitter_misc":{"\u00c9crit par":"Vincent","Dur\u00e9e de lecture estim\u00e9e":"2 minutes"},"schema":{"@context":"https:\/\/schema.org","@graph":[{"@type":"Article","@id":"https:\/\/exaequo-communication.fr\/index.php\/2018\/05\/02\/recrea-exaequo-2\/#article","isPartOf":{"@id":"https:\/\/exaequo-communication.fr\/index.php\/2018\/05\/02\/recrea-exaequo-2\/"},"author":{"name":"Vincent","@id":"https:\/\/exaequo-communication.fr\/#\/schema\/person\/a2b781d9861576b70e7ac586c8d0e7dd"},"headline":"Reconnaissance des parcours du #Trideauville","datePublished":"2018-05-02T14:34:40+00:00","dateModified":"2018-05-04T09:09:25+00:00","mainEntityOfPage":{"@id":"https:\/\/exaequo-communication.fr\/index.php\/2018\/05\/02\/recrea-exaequo-2\/"},"wordCount":436,"image":{"@id":"https:\/\/exaequo-communication.fr\/index.php\/2018\/05\/02\/recrea-exaequo-2\/#primaryimage"},"thumbnailUrl":"https:\/\/exaequo-communication.fr\/wp-content\/uploads\/2018\/05\/20180421_093705.jpg","articleSection":["Actualit\u00e9s","Promotionnels"],"inLanguage":"fr-FR"},{"@type":"WebPage","@id":"https:\/\/exaequo-communication.fr\/index.php\/2018\/05\/02\/recrea-exaequo-2\/","url":"https:\/\/exaequo-communication.fr\/index.php\/2018\/05\/02\/recrea-exaequo-2\/","name":"Reconnaissance des parcours du #Trideauville - Exaequo communication","isPartOf":{"@id":"https:\/\/exaequo-communication.fr\/#website"},"primaryImageOfPage":{"@id":"https:\/\/exaequo-communication.fr\/index.php\/2018\/05\/02\/recrea-exaequo-2\/#primaryimage"},"image":{"@id":"https:\/\/exaequo-communication.fr\/index.php\/2018\/05\/02\/recrea-exaequo-2\/#primaryimage"},"thumbnailUrl":"https:\/\/exaequo-communication.fr\/wp-content\/uploads\/2018\/05\/20180421_093705.jpg","datePublished":"2018-05-02T14:34:40+00:00","dateModified":"2018-05-04T09:09:25+00:00","author":{"@id":"https:\/\/exaequo-communication.fr\/#\/schema\/person\/a2b781d9861576b70e7ac586c8d0e7dd"},"breadcrumb":{"@id":"https:\/\/exaequo-communication.fr\/index.php\/2018\/05\/02\/recrea-exaequo-2\/#breadcrumb"},"inLanguage":"fr-FR","potentialAction":[{"@type":"ReadAction","target":["https:\/\/exaequo-communication.fr\/index.php\/2018\/05\/02\/recrea-exaequo-2\/"]}]},{"@type":"ImageObject","inLanguage":"fr-FR","@id":"https:\/\/exaequo-communication.fr\/index.php\/2018\/05\/02\/recrea-exaequo-2\/#primaryimage","url":"https:\/\/exaequo-communication.fr\/wp-content\/uploads\/2018\/05\/20180421_093705.jpg","contentUrl":"https:\/\/exaequo-communication.fr\/wp-content\/uploads\/2018\/05\/20180421_093705.jpg","width":1700,"height":956},{"@type":"BreadcrumbList","@id":"https:\/\/exaequo-communication.fr\/index.php\/2018\/05\/02\/recrea-exaequo-2\/#breadcrumb","itemListElement":[{"@type":"ListItem","position":1,"name":"Accueil","item":"https:\/\/exaequo-communication.fr\/"},{"@type":"ListItem","position":2,"name":"Reconnaissance des parcours du #Trideauville"}]},{"@type":"WebSite","@id":"https:\/\/exaequo-communication.fr\/#website","url":"https:\/\/exaequo-communication.fr\/","name":"Exaequo communication","description":"","potentialAction":[{"@type":"SearchAction","target":{"@type":"EntryPoint","urlTemplate":"https:\/\/exaequo-communication.fr\/?s={search_term_string}"},"query-input":{"@type":"PropertyValueSpecification","valueRequired":true,"valueName":"search_term_string"}}],"inLanguage":"fr-FR"},{"@type":"Person","@id":"https:\/\/exaequo-communication.fr\/#\/schema\/person\/a2b781d9861576b70e7ac586c8d0e7dd","name":"Vincent","image":{"@type":"ImageObject","inLanguage":"fr-FR","@id":"https:\/\/exaequo-communication.fr\/#\/schema\/person\/image\/","url":"https:\/\/secure.gravatar.com\/avatar\/c58976c01b1d93e7e64f76bceed0cda416b0c2ec1073b37c7406cd511cdf9281?s=96&d=mm&r=g","contentUrl":"https:\/\/secure.gravatar.com\/avatar\/c58976c01b1d93e7e64f76bceed0cda416b0c2ec1073b37c7406cd511cdf9281?s=96&d=mm&r=g","caption":"Vincent"},"url":"https:\/\/exaequo-communication.fr\/index.php\/author\/vincent\/"}]}},"_links":{"self":[{"href":"https:\/\/exaequo-communication.fr\/index.php\/wp-json\/wp\/v2\/posts\/9698","targetHints":{"allow":["GET"]}}],"collection":[{"href":"https:\/\/exaequo-communication.fr\/index.php\/wp-json\/wp\/v2\/posts"}],"about":[{"href":"https:\/\/exaequo-communication.fr\/index.php\/wp-json\/wp\/v2\/types\/post"}],"author":[{"embeddable":true,"href":"https:\/\/exaequo-communication.fr\/index.php\/wp-json\/wp\/v2\/users\/5"}],"replies":[{"embeddable":true,"href":"https:\/\/exaequo-communication.fr\/index.php\/wp-json\/wp\/v2\/comments?post=9698"}],"version-history":[{"count":0,"href":"https:\/\/exaequo-communication.fr\/index.php\/wp-json\/wp\/v2\/posts\/9698\/revisions"}],"wp:featuredmedia":[{"embeddable":true,"href":"https:\/\/exaequo-communication.fr\/index.php\/wp-json\/wp\/v2\/media\/9700"}],"wp:attachment":[{"href":"https:\/\/exaequo-communication.fr\/index.php\/wp-json\/wp\/v2\/media?parent=9698"}],"wp:term":[{"taxonomy":"category","embeddable":true,"href":"https:\/\/exaequo-communication.fr\/index.php\/wp-json\/wp\/v2\/categories?post=9698"},{"taxonomy":"post_tag","embeddable":true,"href":"https:\/\/exaequo-communication.fr\/index.php\/wp-json\/wp\/v2\/tags?post=9698"}],"curies":[{"name":"wp","href":"https:\/\/api.w.org\/{rel}","templated":true}]}}