{"id":9538,"date":"2018-04-18T11:43:03","date_gmt":"2018-04-18T09:43:03","guid":{"rendered":"http:\/\/exaequo-communication.fr\/?p=9538"},"modified":"2018-05-03T11:08:37","modified_gmt":"2018-05-03T09:08:37","slug":"page-type-blog-3-2-2","status":"publish","type":"post","link":"https:\/\/exaequo-communication.fr\/index.php\/2018\/04\/18\/page-type-blog-3-2-2\/","title":{"rendered":"Le Raid Legallais"},"content":{"rendered":"[vc_row type=\u00a0\u00bbin_container\u00a0\u00bb full_screen_row_position=\u00a0\u00bbmiddle\u00a0\u00bb scene_position=\u00a0\u00bbcenter\u00a0\u00bb text_color=\u00a0\u00bbdark\u00a0\u00bb text_align=\u00a0\u00bbleft\u00a0\u00bb top_padding=\u00a0\u00bb10&Prime; overlay_strength=\u00a0\u00bb0.3&Prime; shape_divider_position=\u00a0\u00bbbottom\u00a0\u00bb shape_type=\u00a0\u00bb\u00a0\u00bb][vc_column column_padding=\u00a0\u00bbno-extra-padding\u00a0\u00bb column_padding_position=\u00a0\u00bball\u00a0\u00bb background_color_opacity=\u00a0\u00bb1&Prime; background_hover_color_opacity=\u00a0\u00bb1&Prime; column_shadow=\u00a0\u00bbnone\u00a0\u00bb column_border_radius=\u00a0\u00bbnone\u00a0\u00bb width=\u00a0\u00bb1\/2&Prime; tablet_text_alignment=\u00a0\u00bbdefault\u00a0\u00bb phone_text_alignment=\u00a0\u00bbdefault\u00a0\u00bb column_border_width=\u00a0\u00bbnone\u00a0\u00bb column_border_style=\u00a0\u00bbsolid\u00a0\u00bb][vc_gallery type=\u00a0\u00bbflexslider_style\u00a0\u00bb images=\u00a0\u00bb9443,9545,9546,9547&Prime; onclick=\u00a0\u00bblink_no\u00a0\u00bb hover_anim=\u00a0\u00bbfade-out\u00a0\u00bb][\/vc_column][vc_column column_padding=\u00a0\u00bbno-extra-padding\u00a0\u00bb column_padding_position=\u00a0\u00bball\u00a0\u00bb background_color_opacity=\u00a0\u00bb1&Prime; background_hover_color_opacity=\u00a0\u00bb1&Prime; column_shadow=\u00a0\u00bbnone\u00a0\u00bb column_border_radius=\u00a0\u00bbnone\u00a0\u00bb width=\u00a0\u00bb1\/2&Prime; tablet_text_alignment=\u00a0\u00bbdefault\u00a0\u00bb phone_text_alignment=\u00a0\u00bbdefault\u00a0\u00bb column_border_width=\u00a0\u00bbnone\u00a0\u00bb column_border_style=\u00a0\u00bbsolid\u00a0\u00bb][split_line_heading]\n<h3>Le Raid Legallais<\/h3>\n<p><span style=\"font-size: 14pt;\">Cr\u00e9ation d&rsquo;un \u00e9v\u00e9nement<\/span><\/p>\n<p><span style=\"font-size: 14pt;\"> sportif sur-mesure et accessible.<\/span>[\/split_line_heading][\/vc_column][\/vc_row][vc_row type=\u00a0\u00bbin_container\u00a0\u00bb full_screen_row_position=\u00a0\u00bbmiddle\u00a0\u00bb scene_position=\u00a0\u00bbcenter\u00a0\u00bb text_color=\u00a0\u00bbdark\u00a0\u00bb text_align=\u00a0\u00bbleft\u00a0\u00bb overlay_strength=\u00a0\u00bb0.3&Prime; shape_divider_position=\u00a0\u00bbbottom\u00a0\u00bb][vc_column column_padding=\u00a0\u00bbno-extra-padding\u00a0\u00bb column_padding_position=\u00a0\u00bball\u00a0\u00bb background_color_opacity=\u00a0\u00bb1&Prime; background_hover_color_opacity=\u00a0\u00bb1&Prime; column_shadow=\u00a0\u00bbnone\u00a0\u00bb column_border_radius=\u00a0\u00bbnone\u00a0\u00bb width=\u00a0\u00bb1\/1&Prime; tablet_text_alignment=\u00a0\u00bbdefault\u00a0\u00bb phone_text_alignment=\u00a0\u00bbdefault\u00a0\u00bb column_border_width=\u00a0\u00bbnone\u00a0\u00bb column_border_style=\u00a0\u00bbsolid\u00a0\u00bb][vc_column_text]<span style=\"font-size: 14pt;\">Le leader europ\u00e9en souhaitait organiser un \u00e9v\u00e9nement f\u00e9d\u00e9rateur regroupant ses commerciaux et ses fournisseurs. <\/span><br \/>\n<span style=\"font-size: 14pt;\">En r\u00e9ponse, Exaequo a organis\u00e9 un raid sur 2 jours associant activit\u00e9s sportives et moments de partage. En tout, plus de 100 participants ont particip\u00e9 \u00e0 ce challenge avec au programme : VTT, biathlon (Tir \u00e0 l&rsquo;arc et running), descente en rappel et en cano\u00eb, course d&rsquo;orientation.<\/span><\/p>\n<p><span style=\"font-size: 14pt;\">Un v\u00e9ritable challenge sportif avec tout ce qu&rsquo;il comprend : identit\u00e9 propre, \u00e9l\u00e9ments signal\u00e9tiques, parcours in\u00e9dit. Des activit\u00e9s dont la difficult\u00e9 a \u00e9t\u00e9 adapt\u00e9e au public.<\/span><br \/>\n<span style=\"font-size: 14pt;\">La soir\u00e9e fut marqu\u00e9e par la venue de la championne Olympique Handi-sport, Marie-Am\u00e9lie Le Fur qui a fait une intervention sur les bienfaits de l&rsquo;activit\u00e9 sportive et sur son parcours.<\/span><\/p>\n<p><span style=\"font-size: 14pt;\">Dans le cadre de ses missions Exaequo est intervenu sur : <\/span><br \/>\n<span style=\"font-size: 14pt;\">&#8211; Conseil communication<\/span><br \/>\n<span style=\"font-size: 14pt;\">&#8211; Suivi client<\/span><br \/>\n<span style=\"font-size: 14pt;\">&#8211; Gestion r\u00e9ceptive<\/span><br \/>\n<span style=\"font-size: 14pt;\">&#8211; Gestion sportive et s\u00e9curit\u00e9<\/span><br \/>\n<span style=\"font-size: 14pt;\">&#8211; Animation soir\u00e9e<\/span><br \/>\n<span style=\"font-size: 14pt;\">&#8211; Accueil<\/span><br \/>\n<span style=\"font-size: 14pt;\">&#8211; Reportage photo<\/span>[\/vc_column_text][\/vc_column][\/vc_row]\n","protected":false},"excerpt":{"rendered":"<p>Cr\u00e9ation d&rsquo;un \u00e9v\u00e8nement sportif sur-mesure et accessible<\/p>\n","protected":false},"author":5,"featured_media":9443,"comment_status":"closed","ping_status":"closed","sticky":false,"template":"","format":"standard","meta":{"footnotes":""},"categories":[1,177,178],"tags":[],"class_list":{"0":"post-9538","1":"post","2":"type-post","3":"status-publish","4":"format-standard","5":"has-post-thumbnail","7":"category-actualites","8":"category-promotionnels","9":"category-team-building"},"yoast_head":"<!-- This site is optimized with the Yoast SEO plugin v27.0 - https:\/\/yoast.com\/product\/yoast-seo-wordpress\/ -->\n<title>Le Raid Legallais - Exaequo communication<\/title>\n<meta name=\"robots\" content=\"index, follow, max-snippet:-1, max-image-preview:large, max-video-preview:-1\" \/>\n<link rel=\"canonical\" href=\"https:\/\/exaequo-communication.fr\/index.php\/2018\/04\/18\/page-type-blog-3-2-2\/\" \/>\n<meta property=\"og:locale\" content=\"fr_FR\" \/>\n<meta property=\"og:type\" content=\"article\" \/>\n<meta property=\"og:title\" content=\"Le Raid Legallais - Exaequo communication\" \/>\n<meta property=\"og:description\" content=\"Cr\u00e9ation d&#039;un \u00e9v\u00e8nement sportif sur-mesure et accessible\" \/>\n<meta property=\"og:url\" content=\"https:\/\/exaequo-communication.fr\/index.php\/2018\/04\/18\/page-type-blog-3-2-2\/\" \/>\n<meta property=\"og:site_name\" content=\"Exaequo communication\" \/>\n<meta property=\"article:published_time\" content=\"2018-04-18T09:43:03+00:00\" \/>\n<meta property=\"article:modified_time\" content=\"2018-05-03T09:08:37+00:00\" \/>\n<meta name=\"author\" content=\"Vincent\" \/>\n<meta name=\"twitter:card\" content=\"summary_large_image\" \/>\n<meta name=\"twitter:image\" content=\"https:\/\/exaequo-communication.fr\/wp-content\/uploads\/2018\/04\/Promo-Legallais.jpg\" \/>\n<meta name=\"twitter:label1\" content=\"\u00c9crit par\" \/>\n\t<meta name=\"twitter:data1\" content=\"Vincent\" \/>\n\t<meta name=\"twitter:label2\" content=\"Dur\u00e9e de lecture estim\u00e9e\" \/>\n\t<meta name=\"twitter:data2\" content=\"2 minutes\" \/>\n<script type=\"application\/ld+json\" class=\"yoast-schema-graph\">{\"@context\":\"https:\/\/schema.org\",\"@graph\":[{\"@type\":\"Article\",\"@id\":\"https:\/\/exaequo-communication.fr\/index.php\/2018\/04\/18\/page-type-blog-3-2-2\/#article\",\"isPartOf\":{\"@id\":\"https:\/\/exaequo-communication.fr\/index.php\/2018\/04\/18\/page-type-blog-3-2-2\/\"},\"author\":{\"name\":\"Vincent\",\"@id\":\"https:\/\/exaequo-communication.fr\/#\/schema\/person\/a2b781d9861576b70e7ac586c8d0e7dd\"},\"headline\":\"Le Raid Legallais\",\"datePublished\":\"2018-04-18T09:43:03+00:00\",\"dateModified\":\"2018-05-03T09:08:37+00:00\",\"mainEntityOfPage\":{\"@id\":\"https:\/\/exaequo-communication.fr\/index.php\/2018\/04\/18\/page-type-blog-3-2-2\/\"},\"wordCount\":389,\"image\":{\"@id\":\"https:\/\/exaequo-communication.fr\/index.php\/2018\/04\/18\/page-type-blog-3-2-2\/#primaryimage\"},\"thumbnailUrl\":\"https:\/\/exaequo-communication.fr\/wp-content\/uploads\/2018\/04\/Promo-Legallais.jpg\",\"articleSection\":[\"Actualit\u00e9s\",\"Promotionnels\",\"Team Building\"],\"inLanguage\":\"fr-FR\"},{\"@type\":\"WebPage\",\"@id\":\"https:\/\/exaequo-communication.fr\/index.php\/2018\/04\/18\/page-type-blog-3-2-2\/\",\"url\":\"https:\/\/exaequo-communication.fr\/index.php\/2018\/04\/18\/page-type-blog-3-2-2\/\",\"name\":\"Le Raid Legallais - Exaequo communication\",\"isPartOf\":{\"@id\":\"https:\/\/exaequo-communication.fr\/#website\"},\"primaryImageOfPage\":{\"@id\":\"https:\/\/exaequo-communication.fr\/index.php\/2018\/04\/18\/page-type-blog-3-2-2\/#primaryimage\"},\"image\":{\"@id\":\"https:\/\/exaequo-communication.fr\/index.php\/2018\/04\/18\/page-type-blog-3-2-2\/#primaryimage\"},\"thumbnailUrl\":\"https:\/\/exaequo-communication.fr\/wp-content\/uploads\/2018\/04\/Promo-Legallais.jpg\",\"datePublished\":\"2018-04-18T09:43:03+00:00\",\"dateModified\":\"2018-05-03T09:08:37+00:00\",\"author\":{\"@id\":\"https:\/\/exaequo-communication.fr\/#\/schema\/person\/a2b781d9861576b70e7ac586c8d0e7dd\"},\"breadcrumb\":{\"@id\":\"https:\/\/exaequo-communication.fr\/index.php\/2018\/04\/18\/page-type-blog-3-2-2\/#breadcrumb\"},\"inLanguage\":\"fr-FR\",\"potentialAction\":[{\"@type\":\"ReadAction\",\"target\":[\"https:\/\/exaequo-communication.fr\/index.php\/2018\/04\/18\/page-type-blog-3-2-2\/\"]}]},{\"@type\":\"ImageObject\",\"inLanguage\":\"fr-FR\",\"@id\":\"https:\/\/exaequo-communication.fr\/index.php\/2018\/04\/18\/page-type-blog-3-2-2\/#primaryimage\",\"url\":\"https:\/\/exaequo-communication.fr\/wp-content\/uploads\/2018\/04\/Promo-Legallais.jpg\",\"contentUrl\":\"https:\/\/exaequo-communication.fr\/wp-content\/uploads\/2018\/04\/Promo-Legallais.jpg\",\"width\":1536,\"height\":1024},{\"@type\":\"BreadcrumbList\",\"@id\":\"https:\/\/exaequo-communication.fr\/index.php\/2018\/04\/18\/page-type-blog-3-2-2\/#breadcrumb\",\"itemListElement\":[{\"@type\":\"ListItem\",\"position\":1,\"name\":\"Accueil\",\"item\":\"https:\/\/exaequo-communication.fr\/\"},{\"@type\":\"ListItem\",\"position\":2,\"name\":\"Le Raid Legallais\"}]},{\"@type\":\"WebSite\",\"@id\":\"https:\/\/exaequo-communication.fr\/#website\",\"url\":\"https:\/\/exaequo-communication.fr\/\",\"name\":\"Exaequo communication\",\"description\":\"\",\"potentialAction\":[{\"@type\":\"SearchAction\",\"target\":{\"@type\":\"EntryPoint\",\"urlTemplate\":\"https:\/\/exaequo-communication.fr\/?s={search_term_string}\"},\"query-input\":{\"@type\":\"PropertyValueSpecification\",\"valueRequired\":true,\"valueName\":\"search_term_string\"}}],\"inLanguage\":\"fr-FR\"},{\"@type\":\"Person\",\"@id\":\"https:\/\/exaequo-communication.fr\/#\/schema\/person\/a2b781d9861576b70e7ac586c8d0e7dd\",\"name\":\"Vincent\",\"image\":{\"@type\":\"ImageObject\",\"inLanguage\":\"fr-FR\",\"@id\":\"https:\/\/exaequo-communication.fr\/#\/schema\/person\/image\/\",\"url\":\"https:\/\/secure.gravatar.com\/avatar\/c58976c01b1d93e7e64f76bceed0cda416b0c2ec1073b37c7406cd511cdf9281?s=96&d=mm&r=g\",\"contentUrl\":\"https:\/\/secure.gravatar.com\/avatar\/c58976c01b1d93e7e64f76bceed0cda416b0c2ec1073b37c7406cd511cdf9281?s=96&d=mm&r=g\",\"caption\":\"Vincent\"},\"url\":\"https:\/\/exaequo-communication.fr\/index.php\/author\/vincent\/\"}]}<\/script>\n<!-- \/ Yoast SEO plugin. -->","yoast_head_json":{"title":"Le Raid Legallais - Exaequo communication","robots":{"index":"index","follow":"follow","max-snippet":"max-snippet:-1","max-image-preview":"max-image-preview:large","max-video-preview":"max-video-preview:-1"},"canonical":"https:\/\/exaequo-communication.fr\/index.php\/2018\/04\/18\/page-type-blog-3-2-2\/","og_locale":"fr_FR","og_type":"article","og_title":"Le Raid Legallais - Exaequo communication","og_description":"Cr\u00e9ation d'un \u00e9v\u00e8nement sportif sur-mesure et accessible","og_url":"https:\/\/exaequo-communication.fr\/index.php\/2018\/04\/18\/page-type-blog-3-2-2\/","og_site_name":"Exaequo communication","article_published_time":"2018-04-18T09:43:03+00:00","article_modified_time":"2018-05-03T09:08:37+00:00","author":"Vincent","twitter_card":"summary_large_image","twitter_image":"https:\/\/exaequo-communication.fr\/wp-content\/uploads\/2018\/04\/Promo-Legallais.jpg","twitter_misc":{"\u00c9crit par":"Vincent","Dur\u00e9e de lecture estim\u00e9e":"2 minutes"},"schema":{"@context":"https:\/\/schema.org","@graph":[{"@type":"Article","@id":"https:\/\/exaequo-communication.fr\/index.php\/2018\/04\/18\/page-type-blog-3-2-2\/#article","isPartOf":{"@id":"https:\/\/exaequo-communication.fr\/index.php\/2018\/04\/18\/page-type-blog-3-2-2\/"},"author":{"name":"Vincent","@id":"https:\/\/exaequo-communication.fr\/#\/schema\/person\/a2b781d9861576b70e7ac586c8d0e7dd"},"headline":"Le Raid Legallais","datePublished":"2018-04-18T09:43:03+00:00","dateModified":"2018-05-03T09:08:37+00:00","mainEntityOfPage":{"@id":"https:\/\/exaequo-communication.fr\/index.php\/2018\/04\/18\/page-type-blog-3-2-2\/"},"wordCount":389,"image":{"@id":"https:\/\/exaequo-communication.fr\/index.php\/2018\/04\/18\/page-type-blog-3-2-2\/#primaryimage"},"thumbnailUrl":"https:\/\/exaequo-communication.fr\/wp-content\/uploads\/2018\/04\/Promo-Legallais.jpg","articleSection":["Actualit\u00e9s","Promotionnels","Team Building"],"inLanguage":"fr-FR"},{"@type":"WebPage","@id":"https:\/\/exaequo-communication.fr\/index.php\/2018\/04\/18\/page-type-blog-3-2-2\/","url":"https:\/\/exaequo-communication.fr\/index.php\/2018\/04\/18\/page-type-blog-3-2-2\/","name":"Le Raid Legallais - Exaequo communication","isPartOf":{"@id":"https:\/\/exaequo-communication.fr\/#website"},"primaryImageOfPage":{"@id":"https:\/\/exaequo-communication.fr\/index.php\/2018\/04\/18\/page-type-blog-3-2-2\/#primaryimage"},"image":{"@id":"https:\/\/exaequo-communication.fr\/index.php\/2018\/04\/18\/page-type-blog-3-2-2\/#primaryimage"},"thumbnailUrl":"https:\/\/exaequo-communication.fr\/wp-content\/uploads\/2018\/04\/Promo-Legallais.jpg","datePublished":"2018-04-18T09:43:03+00:00","dateModified":"2018-05-03T09:08:37+00:00","author":{"@id":"https:\/\/exaequo-communication.fr\/#\/schema\/person\/a2b781d9861576b70e7ac586c8d0e7dd"},"breadcrumb":{"@id":"https:\/\/exaequo-communication.fr\/index.php\/2018\/04\/18\/page-type-blog-3-2-2\/#breadcrumb"},"inLanguage":"fr-FR","potentialAction":[{"@type":"ReadAction","target":["https:\/\/exaequo-communication.fr\/index.php\/2018\/04\/18\/page-type-blog-3-2-2\/"]}]},{"@type":"ImageObject","inLanguage":"fr-FR","@id":"https:\/\/exaequo-communication.fr\/index.php\/2018\/04\/18\/page-type-blog-3-2-2\/#primaryimage","url":"https:\/\/exaequo-communication.fr\/wp-content\/uploads\/2018\/04\/Promo-Legallais.jpg","contentUrl":"https:\/\/exaequo-communication.fr\/wp-content\/uploads\/2018\/04\/Promo-Legallais.jpg","width":1536,"height":1024},{"@type":"BreadcrumbList","@id":"https:\/\/exaequo-communication.fr\/index.php\/2018\/04\/18\/page-type-blog-3-2-2\/#breadcrumb","itemListElement":[{"@type":"ListItem","position":1,"name":"Accueil","item":"https:\/\/exaequo-communication.fr\/"},{"@type":"ListItem","position":2,"name":"Le Raid Legallais"}]},{"@type":"WebSite","@id":"https:\/\/exaequo-communication.fr\/#website","url":"https:\/\/exaequo-communication.fr\/","name":"Exaequo communication","description":"","potentialAction":[{"@type":"SearchAction","target":{"@type":"EntryPoint","urlTemplate":"https:\/\/exaequo-communication.fr\/?s={search_term_string}"},"query-input":{"@type":"PropertyValueSpecification","valueRequired":true,"valueName":"search_term_string"}}],"inLanguage":"fr-FR"},{"@type":"Person","@id":"https:\/\/exaequo-communication.fr\/#\/schema\/person\/a2b781d9861576b70e7ac586c8d0e7dd","name":"Vincent","image":{"@type":"ImageObject","inLanguage":"fr-FR","@id":"https:\/\/exaequo-communication.fr\/#\/schema\/person\/image\/","url":"https:\/\/secure.gravatar.com\/avatar\/c58976c01b1d93e7e64f76bceed0cda416b0c2ec1073b37c7406cd511cdf9281?s=96&d=mm&r=g","contentUrl":"https:\/\/secure.gravatar.com\/avatar\/c58976c01b1d93e7e64f76bceed0cda416b0c2ec1073b37c7406cd511cdf9281?s=96&d=mm&r=g","caption":"Vincent"},"url":"https:\/\/exaequo-communication.fr\/index.php\/author\/vincent\/"}]}},"_links":{"self":[{"href":"https:\/\/exaequo-communication.fr\/index.php\/wp-json\/wp\/v2\/posts\/9538","targetHints":{"allow":["GET"]}}],"collection":[{"href":"https:\/\/exaequo-communication.fr\/index.php\/wp-json\/wp\/v2\/posts"}],"about":[{"href":"https:\/\/exaequo-communication.fr\/index.php\/wp-json\/wp\/v2\/types\/post"}],"author":[{"embeddable":true,"href":"https:\/\/exaequo-communication.fr\/index.php\/wp-json\/wp\/v2\/users\/5"}],"replies":[{"embeddable":true,"href":"https:\/\/exaequo-communication.fr\/index.php\/wp-json\/wp\/v2\/comments?post=9538"}],"version-history":[{"count":0,"href":"https:\/\/exaequo-communication.fr\/index.php\/wp-json\/wp\/v2\/posts\/9538\/revisions"}],"wp:featuredmedia":[{"embeddable":true,"href":"https:\/\/exaequo-communication.fr\/index.php\/wp-json\/wp\/v2\/media\/9443"}],"wp:attachment":[{"href":"https:\/\/exaequo-communication.fr\/index.php\/wp-json\/wp\/v2\/media?parent=9538"}],"wp:term":[{"taxonomy":"category","embeddable":true,"href":"https:\/\/exaequo-communication.fr\/index.php\/wp-json\/wp\/v2\/categories?post=9538"},{"taxonomy":"post_tag","embeddable":true,"href":"https:\/\/exaequo-communication.fr\/index.php\/wp-json\/wp\/v2\/tags?post=9538"}],"curies":[{"name":"wp","href":"https:\/\/api.w.org\/{rel}","templated":true}]}}