{"id":15916,"date":"2025-05-27T18:00:35","date_gmt":"2025-05-27T16:00:35","guid":{"rendered":"https:\/\/exaequo-communication.fr\/?p=15916"},"modified":"2026-01-14T14:24:35","modified_gmt":"2026-01-14T13:24:35","slug":"lhut-2025","status":"publish","type":"post","link":"https:\/\/exaequo-communication.fr\/index.php\/2025\/05\/27\/lhut-2025\/","title":{"rendered":"6\u00e8me \u00e9dition du Le Havre Urban Trail"},"content":{"rendered":"[vc_row type=\u00a0\u00bbin_container\u00a0\u00bb full_screen_row_position=\u00a0\u00bbmiddle\u00a0\u00bb column_margin=\u00a0\u00bbdefault\u00a0\u00bb column_direction=\u00a0\u00bbdefault\u00a0\u00bb column_direction_tablet=\u00a0\u00bbdefault\u00a0\u00bb column_direction_phone=\u00a0\u00bbdefault\u00a0\u00bb scene_position=\u00a0\u00bbcenter\u00a0\u00bb top_padding=\u00a0\u00bb10&Prime; text_color=\u00a0\u00bbdark\u00a0\u00bb text_align=\u00a0\u00bbleft\u00a0\u00bb row_border_radius=\u00a0\u00bbnone\u00a0\u00bb row_border_radius_applies=\u00a0\u00bbbg\u00a0\u00bb row_position_desktop=\u00a0\u00bbdefault\u00a0\u00bb row_position_tablet=\u00a0\u00bbinherit\u00a0\u00bb row_position_phone=\u00a0\u00bbinherit\u00a0\u00bb overflow=\u00a0\u00bbvisible\u00a0\u00bb overlay_strength=\u00a0\u00bb0.3&Prime; gradient_direction=\u00a0\u00bbleft_to_right\u00a0\u00bb shape_divider_position=\u00a0\u00bbbottom\u00a0\u00bb bg_image_animation=\u00a0\u00bbnone\u00a0\u00bb shape_type=\u00a0\u00bb\u00a0\u00bb][vc_column column_padding=\u00a0\u00bbno-extra-padding\u00a0\u00bb column_padding_tablet=\u00a0\u00bbinherit\u00a0\u00bb column_padding_phone=\u00a0\u00bbinherit\u00a0\u00bb column_padding_position=\u00a0\u00bball\u00a0\u00bb flex_gap_desktop=\u00a0\u00bb10px\u00a0\u00bb column_element_direction_desktop=\u00a0\u00bbdefault\u00a0\u00bb column_element_spacing=\u00a0\u00bbdefault\u00a0\u00bb desktop_text_alignment=\u00a0\u00bbdefault\u00a0\u00bb tablet_text_alignment=\u00a0\u00bbdefault\u00a0\u00bb phone_text_alignment=\u00a0\u00bbdefault\u00a0\u00bb background_color_opacity=\u00a0\u00bb1&Prime; background_hover_color_opacity=\u00a0\u00bb1&Prime; column_backdrop_filter=\u00a0\u00bbnone\u00a0\u00bb column_shadow=\u00a0\u00bbnone\u00a0\u00bb column_border_radius=\u00a0\u00bbnone\u00a0\u00bb column_link_target=\u00a0\u00bb_self\u00a0\u00bb column_position=\u00a0\u00bbdefault\u00a0\u00bb gradient_direction=\u00a0\u00bbleft_to_right\u00a0\u00bb overlay_strength=\u00a0\u00bb0.3&Prime; width=\u00a0\u00bb1\/2&Prime; tablet_width_inherit=\u00a0\u00bbdefault\u00a0\u00bb animation_type=\u00a0\u00bbdefault\u00a0\u00bb bg_image_animation=\u00a0\u00bbnone\u00a0\u00bb border_type=\u00a0\u00bbsimple\u00a0\u00bb column_border_width=\u00a0\u00bbnone\u00a0\u00bb column_border_style=\u00a0\u00bbsolid\u00a0\u00bb][vc_gallery css=\u00a0\u00bb\u00a0\u00bb type=\u00a0\u00bbflexslider_style\u00a0\u00bb images=\u00a0\u00bb16084,16085,16086,16087,16088,16089,16090,16091,16092,16093&Prime; onclick=\u00a0\u00bblink_no\u00a0\u00bb hover_anim=\u00a0\u00bbfade-out\u00a0\u00bb][\/vc_column][vc_column column_padding=\u00a0\u00bbno-extra-padding\u00a0\u00bb column_padding_tablet=\u00a0\u00bbinherit\u00a0\u00bb column_padding_phone=\u00a0\u00bbinherit\u00a0\u00bb column_padding_position=\u00a0\u00bball\u00a0\u00bb flex_gap_desktop=\u00a0\u00bb10px\u00a0\u00bb column_element_direction_desktop=\u00a0\u00bbdefault\u00a0\u00bb column_element_spacing=\u00a0\u00bbdefault\u00a0\u00bb desktop_text_alignment=\u00a0\u00bbdefault\u00a0\u00bb tablet_text_alignment=\u00a0\u00bbdefault\u00a0\u00bb phone_text_alignment=\u00a0\u00bbdefault\u00a0\u00bb background_color_opacity=\u00a0\u00bb1&Prime; background_hover_color_opacity=\u00a0\u00bb1&Prime; column_backdrop_filter=\u00a0\u00bbnone\u00a0\u00bb column_shadow=\u00a0\u00bbnone\u00a0\u00bb column_border_radius=\u00a0\u00bbnone\u00a0\u00bb column_link_target=\u00a0\u00bb_self\u00a0\u00bb column_position=\u00a0\u00bbdefault\u00a0\u00bb gradient_direction=\u00a0\u00bbleft_to_right\u00a0\u00bb overlay_strength=\u00a0\u00bb0.3&Prime; width=\u00a0\u00bb1\/2&Prime; tablet_width_inherit=\u00a0\u00bbdefault\u00a0\u00bb animation_type=\u00a0\u00bbdefault\u00a0\u00bb bg_image_animation=\u00a0\u00bbnone\u00a0\u00bb border_type=\u00a0\u00bbsimple\u00a0\u00bb column_border_width=\u00a0\u00bbnone\u00a0\u00bb column_border_style=\u00a0\u00bbsolid\u00a0\u00bb][split_line_heading animation_type=\u00a0\u00bbdefault\u00a0\u00bb text_direction=\u00a0\u00bbdefault\u00a0\u00bb]\n<h3 style=\"text-align: left;\">6\u00e8me \u00e9dition du Le Havre Urban Trail !<\/h3>\n<p>Le week-end du 23 au 25 mai avait lieu <strong><a href=\"http:\/\/lhut.fr\/\" target=\"_blank\" rel=\"noopener\">Le Havre Urban Trail<\/a>, l&rsquo;un des plus grand rassemblement trail de Normandie<\/strong> permettant de (re)d\u00e9couvrir la ville du Havre. Un \u00e9v\u00e9nement organis\u00e9 par notre agence pour la 4e ann\u00e9e cons\u00e9cutive en collaboration avec le <a href=\"https:\/\/www.hactriathlon.com\/\" target=\"_blank\" rel=\"noopener\"><strong>HAC Triathlon<\/strong><\/a>.[\/split_line_heading][\/vc_column][\/vc_row][vc_row type=\u00a0\u00bbin_container\u00a0\u00bb full_screen_row_position=\u00a0\u00bbmiddle\u00a0\u00bb column_margin=\u00a0\u00bbdefault\u00a0\u00bb column_direction=\u00a0\u00bbdefault\u00a0\u00bb column_direction_tablet=\u00a0\u00bbdefault\u00a0\u00bb column_direction_phone=\u00a0\u00bbdefault\u00a0\u00bb scene_position=\u00a0\u00bbcenter\u00a0\u00bb text_color=\u00a0\u00bbdark\u00a0\u00bb text_align=\u00a0\u00bbleft\u00a0\u00bb row_border_radius=\u00a0\u00bbnone\u00a0\u00bb row_border_radius_applies=\u00a0\u00bbbg\u00a0\u00bb row_position_desktop=\u00a0\u00bbdefault\u00a0\u00bb row_position_tablet=\u00a0\u00bbinherit\u00a0\u00bb row_position_phone=\u00a0\u00bbinherit\u00a0\u00bb overflow=\u00a0\u00bbvisible\u00a0\u00bb overlay_strength=\u00a0\u00bb0.3&Prime; gradient_direction=\u00a0\u00bbleft_to_right\u00a0\u00bb shape_divider_position=\u00a0\u00bbbottom\u00a0\u00bb bg_image_animation=\u00a0\u00bbnone\u00a0\u00bb][vc_column column_padding=\u00a0\u00bbno-extra-padding\u00a0\u00bb column_padding_tablet=\u00a0\u00bbinherit\u00a0\u00bb column_padding_phone=\u00a0\u00bbinherit\u00a0\u00bb column_padding_position=\u00a0\u00bball\u00a0\u00bb flex_gap_desktop=\u00a0\u00bb10px\u00a0\u00bb column_element_direction_desktop=\u00a0\u00bbdefault\u00a0\u00bb column_element_spacing=\u00a0\u00bbdefault\u00a0\u00bb desktop_text_alignment=\u00a0\u00bbdefault\u00a0\u00bb tablet_text_alignment=\u00a0\u00bbdefault\u00a0\u00bb phone_text_alignment=\u00a0\u00bbdefault\u00a0\u00bb background_color_opacity=\u00a0\u00bb1&Prime; background_hover_color_opacity=\u00a0\u00bb1&Prime; column_backdrop_filter=\u00a0\u00bbnone\u00a0\u00bb column_shadow=\u00a0\u00bbnone\u00a0\u00bb column_border_radius=\u00a0\u00bbnone\u00a0\u00bb column_link_target=\u00a0\u00bb_self\u00a0\u00bb column_position=\u00a0\u00bbdefault\u00a0\u00bb gradient_direction=\u00a0\u00bbleft_to_right\u00a0\u00bb overlay_strength=\u00a0\u00bb0.3&Prime; width=\u00a0\u00bb1\/1&Prime; tablet_width_inherit=\u00a0\u00bbdefault\u00a0\u00bb animation_type=\u00a0\u00bbdefault\u00a0\u00bb bg_image_animation=\u00a0\u00bbnone\u00a0\u00bb border_type=\u00a0\u00bbsimple\u00a0\u00bb column_border_width=\u00a0\u00bbnone\u00a0\u00bb column_border_style=\u00a0\u00bbsolid\u00a0\u00bb][vc_column_text css=\u00a0\u00bb\u00a0\u00bb text_direction=\u00a0\u00bbdefault\u00a0\u00bb]\n<h3>Une \u00c9dition Record !<\/h3>\n<p>Le Havre Urban Trail a connu une \u00e9dition exceptionnelle cette ann\u00e9e, battant largement les records pr\u00e9c\u00e9dents avec 1000 traileurs de plus qu&rsquo;en 2024. 6 000 participants ont pris part \u00e0 l&rsquo;\u00e9v\u00e9nement, dont 850 dossards align\u00e9s sur les Challenges Entreprises <strong><a href=\"https:\/\/www.siemens-energy.com\/ca\/fr\/home.html\">Siemens Energy<\/a><\/strong> et <a href=\"https:\/\/www.groupe-legendre.com\/\"><strong>Groupe Legendre<\/strong><\/a>.<\/p>\n<p>2 nouvelles \u00e9preuves se sont ajout\u00e9es au programme : Le kilom\u00e8tre s\u00e9niors auquel 56 personnes \u00e2g\u00e9es ont particip\u00e9es, elles ont pris le d\u00e9part pour 1km de course et la verticale qui est un contre-la-montre avec 400 marches et 17 \u00e9tages a monter le plus rapidement possible pour les 48 participants, cette \u00e9preuve a permis a 3 associations locales de collecter plus 3 500\u20ac de dons.<\/p>\n<h3>Un \u00c9v\u00e9nement Unique<\/h3>\n<p>L&rsquo;affluence \u00e9tait au rendez-vous et les animations ont \u00e9t\u00e9 nombreuses, d\u00e9butant avec la course de Draisienne qui a lanc\u00e9 le week-end de mani\u00e8re festive.<\/p>\n<p>Le samedi apr\u00e8s-midi, les Courses Jeunes \u2013 <a href=\"https:\/\/www.bebe9.com\/magasin\/le-havre-gonfreville.html\"><strong>B\u00e9b\u00e9 9<\/strong><\/a> ont pris le relais, rassemblant 257 jeunes coureurs enthousiastes.<\/p>\n<p>Le lendemain, ce sont les participants du Marathon, ceux du Half-Marathon et du trail de 12km qui ont pu prendre le d\u00e9part du LHUT. Ils \u00e9taient pas moins de 462 inscrits en solo sur le Marathon, accompagn\u00e9s de 16 relais. Nous avons \u00e9galement accueilli 1 356 semi-marathoniens et 2 000 traileurs sur le format 12km. Le tout sur des parcours riches et uniques menant les participants vers les plus beaux et c\u00e9l\u00e8bres lieux de la ville du Havre.<\/p>\n<h3>Une Ambiance Festive<\/h3>\n<p>Les d\u00e9parts se sont d\u00e9roul\u00e9es sous la pluie et les arriv\u00e9es se sont c\u00e9l\u00e9br\u00e9es sous le soleil radieux du Havre, autour d&rsquo;un village anim\u00e9. Le site a accueilli diff\u00e9rents stands, divers exposants et des structures gonflables, cr\u00e9ant une ambiance conviviale. Des concerts ont agr\u00e9ment\u00e9 le programme, ajoutant une touche musicale \u00e0 cet \u00e9v\u00e9nement sportif.<\/p>\n<h3>Une Collaboration Fructueuse<\/h3>\n<p>Cette 6\u00e8me \u00e9dition a \u00e9t\u00e9 un v\u00e9ritable succ\u00e8s. L&rsquo;\u00e9quipe d&rsquo;Exaequo est fi\u00e8re de sa collaboration avec le <a href=\"https:\/\/www.hactriathlon.com\/\"><strong>HAC Triathlon<\/strong><\/a> et remercie chaleureusement ses partenaires et b\u00e9n\u00e9voles qui ont contribu\u00e9 \u00e0 la r\u00e9ussite de cet \u00e9v\u00e9nement.<\/p>\n<p>Cr\u00e9dits photos : Lucie JOUR<em>, <\/em>Werner LE DOARE, Laurent FORTIN et Romain DEREY.[\/vc_column_text][\/vc_column][\/vc_row]\n","protected":false},"excerpt":{"rendered":"<p>Plus de 6 000 participants ont pris le d\u00e9part du Le Havre Urban Trail du 23 au 25 mai 2025.<\/p>\n","protected":false},"author":5,"featured_media":16084,"comment_status":"closed","ping_status":"closed","sticky":false,"template":"","format":"standard","meta":{"footnotes":""},"categories":[1],"tags":[],"class_list":{"0":"post-15916","1":"post","2":"type-post","3":"status-publish","4":"format-standard","5":"has-post-thumbnail","7":"category-actualites"},"yoast_head":"<!-- This site is optimized with the Yoast SEO plugin v27.0 - https:\/\/yoast.com\/product\/yoast-seo-wordpress\/ -->\n<title>6\u00e8me \u00e9dition du Le Havre Urban Trail - Exaequo communication<\/title>\n<meta name=\"description\" content=\"Pr\u00e8s de 6 000 participants ont pris le d\u00e9part du Le Havre Urban Trail le weekend du 24 au 26 mai 2025 \u00e0 la d\u00e9couverte de la ville havraise.\" \/>\n<meta name=\"robots\" content=\"index, follow, max-snippet:-1, max-image-preview:large, max-video-preview:-1\" \/>\n<link rel=\"canonical\" href=\"https:\/\/exaequo-communication.fr\/index.php\/2025\/05\/27\/lhut-2025\/\" \/>\n<meta property=\"og:locale\" content=\"fr_FR\" \/>\n<meta property=\"og:type\" content=\"article\" \/>\n<meta property=\"og:title\" content=\"6\u00e8me \u00e9dition du Le Havre Urban Trail - Exaequo communication\" \/>\n<meta property=\"og:description\" content=\"Plus de 6 000 participants ont pris le d\u00e9part du Le Havre Urban Trail du 23 au 25 mai 2025.\" \/>\n<meta property=\"og:url\" content=\"https:\/\/exaequo-communication.fr\/index.php\/2025\/05\/27\/lhut-2025\/\" \/>\n<meta property=\"og:site_name\" content=\"Exaequo communication\" \/>\n<meta property=\"article:published_time\" content=\"2025-05-27T16:00:35+00:00\" \/>\n<meta property=\"article:modified_time\" content=\"2026-01-14T13:24:35+00:00\" \/>\n<meta property=\"og:image\" content=\"https:\/\/exaequo-communication.fr\/wp-content\/uploads\/2025\/06\/LHUT2025_Ambiance_\u00a9LucieJOUR-62.jpg\" \/>\n\t<meta property=\"og:image:width\" content=\"2048\" \/>\n\t<meta property=\"og:image:height\" content=\"1364\" \/>\n\t<meta property=\"og:image:type\" content=\"image\/jpeg\" \/>\n<meta name=\"author\" content=\"Vincent\" \/>\n<meta name=\"twitter:card\" content=\"summary_large_image\" \/>\n<meta name=\"twitter:title\" content=\"Retour en images sur la 3\u00e8me \u00e9dition du Le Havre Urban Trail\" \/>\n<meta name=\"twitter:description\" content=\"Pr\u00e8s de 3000 participants ont pris le d\u00e9part du Le Havre Urban Trail le weekend du 21 et 22 mai 2022 \u00e0 la d\u00e9couverte de la ville havraise.\" \/>\n<meta name=\"twitter:image\" content=\"https:\/\/exaequo-communication.fr\/wp-content\/uploads\/2022\/04\/sans-titre-RocknTrail-47\u00a9laurentbesnehard.com_.jpg\" \/>\n<meta name=\"twitter:label1\" content=\"\u00c9crit par\" \/>\n\t<meta name=\"twitter:data1\" content=\"Vincent\" \/>\n\t<meta name=\"twitter:label2\" content=\"Dur\u00e9e de lecture estim\u00e9e\" \/>\n\t<meta name=\"twitter:data2\" content=\"5 minutes\" \/>\n<script type=\"application\/ld+json\" class=\"yoast-schema-graph\">{\"@context\":\"https:\/\/schema.org\",\"@graph\":[{\"@type\":\"Article\",\"@id\":\"https:\/\/exaequo-communication.fr\/index.php\/2025\/05\/27\/lhut-2025\/#article\",\"isPartOf\":{\"@id\":\"https:\/\/exaequo-communication.fr\/index.php\/2025\/05\/27\/lhut-2025\/\"},\"author\":{\"name\":\"Vincent\",\"@id\":\"https:\/\/exaequo-communication.fr\/#\/schema\/person\/a2b781d9861576b70e7ac586c8d0e7dd\"},\"headline\":\"6\u00e8me \u00e9dition du Le Havre Urban Trail\",\"datePublished\":\"2025-05-27T16:00:35+00:00\",\"dateModified\":\"2026-01-14T13:24:35+00:00\",\"mainEntityOfPage\":{\"@id\":\"https:\/\/exaequo-communication.fr\/index.php\/2025\/05\/27\/lhut-2025\/\"},\"wordCount\":906,\"image\":{\"@id\":\"https:\/\/exaequo-communication.fr\/index.php\/2025\/05\/27\/lhut-2025\/#primaryimage\"},\"thumbnailUrl\":\"https:\/\/exaequo-communication.fr\/wp-content\/uploads\/2025\/06\/LHUT2025_Ambiance_\u00a9LucieJOUR-62.jpg\",\"articleSection\":[\"Actualit\u00e9s\"],\"inLanguage\":\"fr-FR\"},{\"@type\":\"WebPage\",\"@id\":\"https:\/\/exaequo-communication.fr\/index.php\/2025\/05\/27\/lhut-2025\/\",\"url\":\"https:\/\/exaequo-communication.fr\/index.php\/2025\/05\/27\/lhut-2025\/\",\"name\":\"6\u00e8me \u00e9dition du Le Havre Urban Trail - Exaequo communication\",\"isPartOf\":{\"@id\":\"https:\/\/exaequo-communication.fr\/#website\"},\"primaryImageOfPage\":{\"@id\":\"https:\/\/exaequo-communication.fr\/index.php\/2025\/05\/27\/lhut-2025\/#primaryimage\"},\"image\":{\"@id\":\"https:\/\/exaequo-communication.fr\/index.php\/2025\/05\/27\/lhut-2025\/#primaryimage\"},\"thumbnailUrl\":\"https:\/\/exaequo-communication.fr\/wp-content\/uploads\/2025\/06\/LHUT2025_Ambiance_\u00a9LucieJOUR-62.jpg\",\"datePublished\":\"2025-05-27T16:00:35+00:00\",\"dateModified\":\"2026-01-14T13:24:35+00:00\",\"author\":{\"@id\":\"https:\/\/exaequo-communication.fr\/#\/schema\/person\/a2b781d9861576b70e7ac586c8d0e7dd\"},\"description\":\"Pr\u00e8s de 6 000 participants ont pris le d\u00e9part du Le Havre Urban Trail le weekend du 24 au 26 mai 2025 \u00e0 la d\u00e9couverte de la ville havraise.\",\"breadcrumb\":{\"@id\":\"https:\/\/exaequo-communication.fr\/index.php\/2025\/05\/27\/lhut-2025\/#breadcrumb\"},\"inLanguage\":\"fr-FR\",\"potentialAction\":[{\"@type\":\"ReadAction\",\"target\":[\"https:\/\/exaequo-communication.fr\/index.php\/2025\/05\/27\/lhut-2025\/\"]}]},{\"@type\":\"ImageObject\",\"inLanguage\":\"fr-FR\",\"@id\":\"https:\/\/exaequo-communication.fr\/index.php\/2025\/05\/27\/lhut-2025\/#primaryimage\",\"url\":\"https:\/\/exaequo-communication.fr\/wp-content\/uploads\/2025\/06\/LHUT2025_Ambiance_\u00a9LucieJOUR-62.jpg\",\"contentUrl\":\"https:\/\/exaequo-communication.fr\/wp-content\/uploads\/2025\/06\/LHUT2025_Ambiance_\u00a9LucieJOUR-62.jpg\",\"width\":2048,\"height\":1364},{\"@type\":\"BreadcrumbList\",\"@id\":\"https:\/\/exaequo-communication.fr\/index.php\/2025\/05\/27\/lhut-2025\/#breadcrumb\",\"itemListElement\":[{\"@type\":\"ListItem\",\"position\":1,\"name\":\"Accueil\",\"item\":\"https:\/\/exaequo-communication.fr\/\"},{\"@type\":\"ListItem\",\"position\":2,\"name\":\"6\u00e8me \u00e9dition du Le Havre Urban Trail\"}]},{\"@type\":\"WebSite\",\"@id\":\"https:\/\/exaequo-communication.fr\/#website\",\"url\":\"https:\/\/exaequo-communication.fr\/\",\"name\":\"Exaequo communication\",\"description\":\"\",\"potentialAction\":[{\"@type\":\"SearchAction\",\"target\":{\"@type\":\"EntryPoint\",\"urlTemplate\":\"https:\/\/exaequo-communication.fr\/?s={search_term_string}\"},\"query-input\":{\"@type\":\"PropertyValueSpecification\",\"valueRequired\":true,\"valueName\":\"search_term_string\"}}],\"inLanguage\":\"fr-FR\"},{\"@type\":\"Person\",\"@id\":\"https:\/\/exaequo-communication.fr\/#\/schema\/person\/a2b781d9861576b70e7ac586c8d0e7dd\",\"name\":\"Vincent\",\"image\":{\"@type\":\"ImageObject\",\"inLanguage\":\"fr-FR\",\"@id\":\"https:\/\/exaequo-communication.fr\/#\/schema\/person\/image\/\",\"url\":\"https:\/\/secure.gravatar.com\/avatar\/c58976c01b1d93e7e64f76bceed0cda416b0c2ec1073b37c7406cd511cdf9281?s=96&d=mm&r=g\",\"contentUrl\":\"https:\/\/secure.gravatar.com\/avatar\/c58976c01b1d93e7e64f76bceed0cda416b0c2ec1073b37c7406cd511cdf9281?s=96&d=mm&r=g\",\"caption\":\"Vincent\"},\"url\":\"https:\/\/exaequo-communication.fr\/index.php\/author\/vincent\/\"}]}<\/script>\n<!-- \/ Yoast SEO plugin. -->","yoast_head_json":{"title":"6\u00e8me \u00e9dition du Le Havre Urban Trail - Exaequo communication","description":"Pr\u00e8s de 6 000 participants ont pris le d\u00e9part du Le Havre Urban Trail le weekend du 24 au 26 mai 2025 \u00e0 la d\u00e9couverte de la ville havraise.","robots":{"index":"index","follow":"follow","max-snippet":"max-snippet:-1","max-image-preview":"max-image-preview:large","max-video-preview":"max-video-preview:-1"},"canonical":"https:\/\/exaequo-communication.fr\/index.php\/2025\/05\/27\/lhut-2025\/","og_locale":"fr_FR","og_type":"article","og_title":"6\u00e8me \u00e9dition du Le Havre Urban Trail - Exaequo communication","og_description":"Plus de 6 000 participants ont pris le d\u00e9part du Le Havre Urban Trail du 23 au 25 mai 2025.","og_url":"https:\/\/exaequo-communication.fr\/index.php\/2025\/05\/27\/lhut-2025\/","og_site_name":"Exaequo communication","article_published_time":"2025-05-27T16:00:35+00:00","article_modified_time":"2026-01-14T13:24:35+00:00","og_image":[{"width":2048,"height":1364,"url":"https:\/\/exaequo-communication.fr\/wp-content\/uploads\/2025\/06\/LHUT2025_Ambiance_\u00a9LucieJOUR-62.jpg","type":"image\/jpeg"}],"author":"Vincent","twitter_card":"summary_large_image","twitter_title":"Retour en images sur la 3\u00e8me \u00e9dition du Le Havre Urban Trail","twitter_description":"Pr\u00e8s de 3000 participants ont pris le d\u00e9part du Le Havre Urban Trail le weekend du 21 et 22 mai 2022 \u00e0 la d\u00e9couverte de la ville havraise.","twitter_image":"https:\/\/exaequo-communication.fr\/wp-content\/uploads\/2022\/04\/sans-titre-RocknTrail-47\u00a9laurentbesnehard.com_.jpg","twitter_misc":{"\u00c9crit par":"Vincent","Dur\u00e9e de lecture estim\u00e9e":"5 minutes"},"schema":{"@context":"https:\/\/schema.org","@graph":[{"@type":"Article","@id":"https:\/\/exaequo-communication.fr\/index.php\/2025\/05\/27\/lhut-2025\/#article","isPartOf":{"@id":"https:\/\/exaequo-communication.fr\/index.php\/2025\/05\/27\/lhut-2025\/"},"author":{"name":"Vincent","@id":"https:\/\/exaequo-communication.fr\/#\/schema\/person\/a2b781d9861576b70e7ac586c8d0e7dd"},"headline":"6\u00e8me \u00e9dition du Le Havre Urban Trail","datePublished":"2025-05-27T16:00:35+00:00","dateModified":"2026-01-14T13:24:35+00:00","mainEntityOfPage":{"@id":"https:\/\/exaequo-communication.fr\/index.php\/2025\/05\/27\/lhut-2025\/"},"wordCount":906,"image":{"@id":"https:\/\/exaequo-communication.fr\/index.php\/2025\/05\/27\/lhut-2025\/#primaryimage"},"thumbnailUrl":"https:\/\/exaequo-communication.fr\/wp-content\/uploads\/2025\/06\/LHUT2025_Ambiance_\u00a9LucieJOUR-62.jpg","articleSection":["Actualit\u00e9s"],"inLanguage":"fr-FR"},{"@type":"WebPage","@id":"https:\/\/exaequo-communication.fr\/index.php\/2025\/05\/27\/lhut-2025\/","url":"https:\/\/exaequo-communication.fr\/index.php\/2025\/05\/27\/lhut-2025\/","name":"6\u00e8me \u00e9dition du Le Havre Urban Trail - Exaequo communication","isPartOf":{"@id":"https:\/\/exaequo-communication.fr\/#website"},"primaryImageOfPage":{"@id":"https:\/\/exaequo-communication.fr\/index.php\/2025\/05\/27\/lhut-2025\/#primaryimage"},"image":{"@id":"https:\/\/exaequo-communication.fr\/index.php\/2025\/05\/27\/lhut-2025\/#primaryimage"},"thumbnailUrl":"https:\/\/exaequo-communication.fr\/wp-content\/uploads\/2025\/06\/LHUT2025_Ambiance_\u00a9LucieJOUR-62.jpg","datePublished":"2025-05-27T16:00:35+00:00","dateModified":"2026-01-14T13:24:35+00:00","author":{"@id":"https:\/\/exaequo-communication.fr\/#\/schema\/person\/a2b781d9861576b70e7ac586c8d0e7dd"},"description":"Pr\u00e8s de 6 000 participants ont pris le d\u00e9part du Le Havre Urban Trail le weekend du 24 au 26 mai 2025 \u00e0 la d\u00e9couverte de la ville havraise.","breadcrumb":{"@id":"https:\/\/exaequo-communication.fr\/index.php\/2025\/05\/27\/lhut-2025\/#breadcrumb"},"inLanguage":"fr-FR","potentialAction":[{"@type":"ReadAction","target":["https:\/\/exaequo-communication.fr\/index.php\/2025\/05\/27\/lhut-2025\/"]}]},{"@type":"ImageObject","inLanguage":"fr-FR","@id":"https:\/\/exaequo-communication.fr\/index.php\/2025\/05\/27\/lhut-2025\/#primaryimage","url":"https:\/\/exaequo-communication.fr\/wp-content\/uploads\/2025\/06\/LHUT2025_Ambiance_\u00a9LucieJOUR-62.jpg","contentUrl":"https:\/\/exaequo-communication.fr\/wp-content\/uploads\/2025\/06\/LHUT2025_Ambiance_\u00a9LucieJOUR-62.jpg","width":2048,"height":1364},{"@type":"BreadcrumbList","@id":"https:\/\/exaequo-communication.fr\/index.php\/2025\/05\/27\/lhut-2025\/#breadcrumb","itemListElement":[{"@type":"ListItem","position":1,"name":"Accueil","item":"https:\/\/exaequo-communication.fr\/"},{"@type":"ListItem","position":2,"name":"6\u00e8me \u00e9dition du Le Havre Urban Trail"}]},{"@type":"WebSite","@id":"https:\/\/exaequo-communication.fr\/#website","url":"https:\/\/exaequo-communication.fr\/","name":"Exaequo communication","description":"","potentialAction":[{"@type":"SearchAction","target":{"@type":"EntryPoint","urlTemplate":"https:\/\/exaequo-communication.fr\/?s={search_term_string}"},"query-input":{"@type":"PropertyValueSpecification","valueRequired":true,"valueName":"search_term_string"}}],"inLanguage":"fr-FR"},{"@type":"Person","@id":"https:\/\/exaequo-communication.fr\/#\/schema\/person\/a2b781d9861576b70e7ac586c8d0e7dd","name":"Vincent","image":{"@type":"ImageObject","inLanguage":"fr-FR","@id":"https:\/\/exaequo-communication.fr\/#\/schema\/person\/image\/","url":"https:\/\/secure.gravatar.com\/avatar\/c58976c01b1d93e7e64f76bceed0cda416b0c2ec1073b37c7406cd511cdf9281?s=96&d=mm&r=g","contentUrl":"https:\/\/secure.gravatar.com\/avatar\/c58976c01b1d93e7e64f76bceed0cda416b0c2ec1073b37c7406cd511cdf9281?s=96&d=mm&r=g","caption":"Vincent"},"url":"https:\/\/exaequo-communication.fr\/index.php\/author\/vincent\/"}]}},"_links":{"self":[{"href":"https:\/\/exaequo-communication.fr\/index.php\/wp-json\/wp\/v2\/posts\/15916","targetHints":{"allow":["GET"]}}],"collection":[{"href":"https:\/\/exaequo-communication.fr\/index.php\/wp-json\/wp\/v2\/posts"}],"about":[{"href":"https:\/\/exaequo-communication.fr\/index.php\/wp-json\/wp\/v2\/types\/post"}],"author":[{"embeddable":true,"href":"https:\/\/exaequo-communication.fr\/index.php\/wp-json\/wp\/v2\/users\/5"}],"replies":[{"embeddable":true,"href":"https:\/\/exaequo-communication.fr\/index.php\/wp-json\/wp\/v2\/comments?post=15916"}],"version-history":[{"count":3,"href":"https:\/\/exaequo-communication.fr\/index.php\/wp-json\/wp\/v2\/posts\/15916\/revisions"}],"predecessor-version":[{"id":16094,"href":"https:\/\/exaequo-communication.fr\/index.php\/wp-json\/wp\/v2\/posts\/15916\/revisions\/16094"}],"wp:featuredmedia":[{"embeddable":true,"href":"https:\/\/exaequo-communication.fr\/index.php\/wp-json\/wp\/v2\/media\/16084"}],"wp:attachment":[{"href":"https:\/\/exaequo-communication.fr\/index.php\/wp-json\/wp\/v2\/media?parent=15916"}],"wp:term":[{"taxonomy":"category","embeddable":true,"href":"https:\/\/exaequo-communication.fr\/index.php\/wp-json\/wp\/v2\/categories?post=15916"},{"taxonomy":"post_tag","embeddable":true,"href":"https:\/\/exaequo-communication.fr\/index.php\/wp-json\/wp\/v2\/tags?post=15916"}],"curies":[{"name":"wp","href":"https:\/\/api.w.org\/{rel}","templated":true}]}}