{"id":15907,"date":"2025-05-20T12:23:49","date_gmt":"2025-05-20T10:23:49","guid":{"rendered":"https:\/\/exaequo-communication.fr\/index.php\/2025\/05\/20\/norlandas-cup-regate-2024-copy\/"},"modified":"2025-07-02T15:25:46","modified_gmt":"2025-07-02T13:25:46","slug":"norlandas-cup-regate-2025","status":"publish","type":"post","link":"https:\/\/exaequo-communication.fr\/index.php\/2025\/05\/20\/norlandas-cup-regate-2025\/","title":{"rendered":"Retour sur la Norlanda&rsquo;s Cup 2025"},"content":{"rendered":"[vc_row type=\u00a0\u00bbin_container\u00a0\u00bb full_screen_row_position=\u00a0\u00bbmiddle\u00a0\u00bb column_margin=\u00a0\u00bbdefault\u00a0\u00bb column_direction=\u00a0\u00bbdefault\u00a0\u00bb column_direction_tablet=\u00a0\u00bbdefault\u00a0\u00bb column_direction_phone=\u00a0\u00bbdefault\u00a0\u00bb scene_position=\u00a0\u00bbcenter\u00a0\u00bb top_padding=\u00a0\u00bb10&Prime; text_color=\u00a0\u00bbdark\u00a0\u00bb text_align=\u00a0\u00bbleft\u00a0\u00bb row_border_radius=\u00a0\u00bbnone\u00a0\u00bb row_border_radius_applies=\u00a0\u00bbbg\u00a0\u00bb overlay_strength=\u00a0\u00bb0.3&Prime; gradient_direction=\u00a0\u00bbleft_to_right\u00a0\u00bb shape_divider_position=\u00a0\u00bbbottom\u00a0\u00bb bg_image_animation=\u00a0\u00bbnone\u00a0\u00bb shape_type=\u00a0\u00bb\u00a0\u00bb][vc_column column_padding=\u00a0\u00bbno-extra-padding\u00a0\u00bb column_padding_tablet=\u00a0\u00bbinherit\u00a0\u00bb column_padding_phone=\u00a0\u00bbinherit\u00a0\u00bb column_padding_position=\u00a0\u00bball\u00a0\u00bb background_color_opacity=\u00a0\u00bb1&Prime; background_hover_color_opacity=\u00a0\u00bb1&Prime; column_shadow=\u00a0\u00bbnone\u00a0\u00bb column_border_radius=\u00a0\u00bbnone\u00a0\u00bb column_link_target=\u00a0\u00bb_self\u00a0\u00bb gradient_direction=\u00a0\u00bbleft_to_right\u00a0\u00bb overlay_strength=\u00a0\u00bb0.3&Prime; width=\u00a0\u00bb1\/2&Prime; tablet_width_inherit=\u00a0\u00bbdefault\u00a0\u00bb tablet_text_alignment=\u00a0\u00bbdefault\u00a0\u00bb phone_text_alignment=\u00a0\u00bbdefault\u00a0\u00bb column_border_width=\u00a0\u00bbnone\u00a0\u00bb column_border_style=\u00a0\u00bbsolid\u00a0\u00bb bg_image_animation=\u00a0\u00bbnone\u00a0\u00bb][vc_gallery type=\u00a0\u00bbflexslider_style\u00a0\u00bb images=\u00a0\u00bb15982,15981,15983,15988,15980,15984,15987,15985,15986,15979&Prime; onclick=\u00a0\u00bblink_no\u00a0\u00bb hover_anim=\u00a0\u00bbfade-out\u00a0\u00bb][\/vc_column][vc_column column_padding=\u00a0\u00bbno-extra-padding\u00a0\u00bb column_padding_tablet=\u00a0\u00bbinherit\u00a0\u00bb column_padding_phone=\u00a0\u00bbinherit\u00a0\u00bb column_padding_position=\u00a0\u00bball\u00a0\u00bb background_color_opacity=\u00a0\u00bb1&Prime; background_hover_color_opacity=\u00a0\u00bb1&Prime; column_shadow=\u00a0\u00bbnone\u00a0\u00bb column_border_radius=\u00a0\u00bbnone\u00a0\u00bb column_link_target=\u00a0\u00bb_self\u00a0\u00bb gradient_direction=\u00a0\u00bbleft_to_right\u00a0\u00bb overlay_strength=\u00a0\u00bb0.3&Prime; width=\u00a0\u00bb1\/2&Prime; tablet_width_inherit=\u00a0\u00bbdefault\u00a0\u00bb tablet_text_alignment=\u00a0\u00bbdefault\u00a0\u00bb phone_text_alignment=\u00a0\u00bbdefault\u00a0\u00bb column_border_width=\u00a0\u00bbnone\u00a0\u00bb column_border_style=\u00a0\u00bbsolid\u00a0\u00bb bg_image_animation=\u00a0\u00bbnone\u00a0\u00bb][split_line_heading animation_type=\u00a0\u00bbdefault\u00a0\u00bb]\n<h3 style=\"text-align: left;\">Une 16\u1d49 \u00e9dition pour la r\u00e9gate de voile inter-entreprise !<\/h3>\n<p>La <strong data-start=\"517\" data-end=\"535\">Norlanda\u2019s Cup &#8211; <a href=\"https:\/\/www.creditmutuel.fr\/home\/index.html\">Cr\u00e9dit Mutuel<\/a><\/strong> a une nouvelle fois rassembl\u00e9 passionn\u00e9s de voile et entreprises locales pour une 16\u1d49 \u00e9dition m\u00e9morable. Organis\u00e9e les <strong data-start=\"708\" data-end=\"729\">21 et 22 mai 2025<\/strong> sur le <strong data-start=\"737\" data-end=\"763\">bassin de Calix \u00e0 Caen.\u00a0<\/strong>[\/split_line_heading][\/vc_column][\/vc_row][vc_row type=\u00a0\u00bbin_container\u00a0\u00bb full_screen_row_position=\u00a0\u00bbmiddle\u00a0\u00bb column_margin=\u00a0\u00bbdefault\u00a0\u00bb column_direction=\u00a0\u00bbdefault\u00a0\u00bb column_direction_tablet=\u00a0\u00bbdefault\u00a0\u00bb column_direction_phone=\u00a0\u00bbdefault\u00a0\u00bb scene_position=\u00a0\u00bbcenter\u00a0\u00bb text_color=\u00a0\u00bbdark\u00a0\u00bb text_align=\u00a0\u00bbleft\u00a0\u00bb row_border_radius=\u00a0\u00bbnone\u00a0\u00bb row_border_radius_applies=\u00a0\u00bbbg\u00a0\u00bb overlay_strength=\u00a0\u00bb0.3&Prime; gradient_direction=\u00a0\u00bbleft_to_right\u00a0\u00bb shape_divider_position=\u00a0\u00bbbottom\u00a0\u00bb bg_image_animation=\u00a0\u00bbnone\u00a0\u00bb][vc_column column_padding=\u00a0\u00bbno-extra-padding\u00a0\u00bb column_padding_tablet=\u00a0\u00bbinherit\u00a0\u00bb column_padding_phone=\u00a0\u00bbinherit\u00a0\u00bb column_padding_position=\u00a0\u00bball\u00a0\u00bb background_color_opacity=\u00a0\u00bb1&Prime; background_hover_color_opacity=\u00a0\u00bb1&Prime; column_shadow=\u00a0\u00bbnone\u00a0\u00bb column_border_radius=\u00a0\u00bbnone\u00a0\u00bb column_link_target=\u00a0\u00bb_self\u00a0\u00bb gradient_direction=\u00a0\u00bbleft_to_right\u00a0\u00bb overlay_strength=\u00a0\u00bb0.3&Prime; width=\u00a0\u00bb1\/1&Prime; tablet_width_inherit=\u00a0\u00bbdefault\u00a0\u00bb tablet_text_alignment=\u00a0\u00bbdefault\u00a0\u00bb phone_text_alignment=\u00a0\u00bbdefault\u00a0\u00bb column_border_width=\u00a0\u00bbnone\u00a0\u00bb column_border_style=\u00a0\u00bbsolid\u00a0\u00bb bg_image_animation=\u00a0\u00bbnone\u00a0\u00bb][vc_column_text]Organis\u00e9e sous un format match-race, la <strong><a href=\"https:\/\/exaequo-communication.fr\/index.php\/portfolio\/norlandas-cup\/\">Norlanda\u2019s Cup<\/a><\/strong> r\u00e9unit exclusivement des \u00e9quipages d&rsquo;entreprises et collectivit\u00e9s de l&rsquo;agglom\u00e9ration caennaise dans le but d&rsquo;allier les valeurs du sport et celles de l&rsquo;entreprise. Cette ann\u00e9e, 16 \u00e9quipages \u00e9taient au rendez-vous pour se challenger pendant 2 jours sur le bassin de la Presqu&rsquo;\u00eele de Caen.<\/p>\n<p data-start=\"973\" data-end=\"1178\">Sous un ciel mitig\u00e9 la premi\u00e8re journ\u00e9e puis g\u00e9n\u00e9reusement ensoleill\u00e9 la seconde, <strong data-start=\"1055\" data-end=\"1085\">15 \u00e9quipages d\u2019entreprises<\/strong> se sont affront\u00e9s \u00e0 bord de <strong data-start=\"1114\" data-end=\"1121\">J80<\/strong>, dans une ambiance \u00e0 la fois comp\u00e9titive et chaleureuse.<\/p>\n<p data-start=\"1180\" data-end=\"1447\">Apr\u00e8s plusieurs manches disput\u00e9es et un final spectaculaire, c\u2019est <a href=\"https:\/\/www.gagneraud.fr\/\"><strong data-start=\"1247\" data-end=\"1273\">Gagneraud Construction<\/strong><\/a> qui a d\u00e9croch\u00e9 la <strong data-start=\"1292\" data-end=\"1306\">1\u00e8re place<\/strong>, suivi de pr\u00e8s par la <a href=\"https:\/\/www.caen.cci.fr\/actualite\/ports-du-calvados\"><strong data-start=\"1329\" data-end=\"1354\">CCI &#8211; Ports du Calvados<\/strong><\/a>, tandis que l\u2019\u00e9quipe <a href=\"https:\/\/exaequo-communication.fr\/\"><strong data-start=\"1376\" data-end=\"1387\">Exaequo<\/strong> <\/a>est mont\u00e9e sur la <strong data-start=\"1406\" data-end=\"1429\">3e marche du podium<\/strong>, non sans fiert\u00e9.<\/p>\n<p data-start=\"1449\" data-end=\"1589\">F\u00e9licitations \u00e0 tous les participants pour leur engagement sur l\u2019eau, leur esprit d\u2019\u00e9quipe et leur combativit\u00e9 tout au long de la r\u00e9gate.<\/p>\n<h3 data-start=\"1591\" data-end=\"1644\">Une ambiance festive et f\u00e9d\u00e9ratrice sur les quais<\/h3>\n<p data-start=\"1646\" data-end=\"1977\">Pendant que les voiliers filaient sur l\u2019eau, le <strong data-start=\"1694\" data-end=\"1721\">quai du bassin de Calix<\/strong> vibrait au rythme de la musique. Les spectateurs ont pu suivre la r\u00e9gate dans une ambiance d\u00e9tendue, avec verre \u00e0 la main, gr\u00e2ce \u00e0 la <strong data-start=\"1939\" data-end=\"1957\">buvette <a href=\"https:\/\/www.evokub.com\/\">EvoKub<\/a><\/strong>.<\/p>\n<h3 data-start=\"2134\" data-end=\"2167\">Une belle r\u00e9ussite collective<\/h3>\n<p data-start=\"2169\" data-end=\"2510\">Cette \u00e9dition n\u2019aurait pas \u00e9t\u00e9 possible sans l\u2019implication des <strong data-start=\"2231\" data-end=\"2292\">partenaires, skippers <\/strong>et plus particuli\u00e8rement le<a href=\"https:\/\/caen-yacht-club.com\/web\/\"><strong data-start=\"2231\" data-end=\"2292\"> Caen Yacht Club<\/strong><\/a> qui font chaque ann\u00e9e le succ\u00e8s de cette r\u00e9gate. Un grand merci \u00e0 toutes celles et ceux qui contribuent \u00e0 faire de la Norlanda\u2019s Cup un \u00e9v\u00e9nement aussi unique et embl\u00e9matique.<\/p>\n[\/vc_column_text][\/vc_column][\/vc_row]\n","protected":false},"excerpt":{"rendered":"<p>16 \u00e9quipages compos\u00e9s d&rsquo;entreprises caennaises se sont retrouv\u00e9s autour d&rsquo;une r\u00e9gate de voile les 21 &amp; 22 mai 2025.<\/p>\n","protected":false},"author":5,"featured_media":15980,"comment_status":"closed","ping_status":"closed","sticky":false,"template":"","format":"standard","meta":{"footnotes":""},"categories":[1],"tags":[],"class_list":{"0":"post-15907","1":"post","2":"type-post","3":"status-publish","4":"format-standard","5":"has-post-thumbnail","7":"category-actualites"},"yoast_head":"<!-- This site is optimized with the Yoast SEO plugin v27.0 - https:\/\/yoast.com\/product\/yoast-seo-wordpress\/ -->\n<title>Retour sur la Norlanda&#039;s Cup 2025 - Exaequo communication<\/title>\n<meta name=\"description\" content=\"16 \u00e9quipages compos\u00e9s d&#039;entreprises caennaises se sont retrouv\u00e9s autour d&#039;une r\u00e9gate de voile les 21 &amp; 22 mai 2025\" \/>\n<meta name=\"robots\" content=\"index, follow, max-snippet:-1, max-image-preview:large, max-video-preview:-1\" \/>\n<link rel=\"canonical\" href=\"https:\/\/exaequo-communication.fr\/index.php\/2025\/05\/20\/norlandas-cup-regate-2025\/\" \/>\n<meta property=\"og:locale\" content=\"fr_FR\" \/>\n<meta property=\"og:type\" content=\"article\" \/>\n<meta property=\"og:title\" content=\"Retour sur la Norlanda&#039;s Cup 2025 Actualit\u00e9s Exaequo communication\" \/>\n<meta property=\"og:description\" content=\"16 \u00e9quipages compos\u00e9s d&#039;entreprises caennaises se sont retrouv\u00e9s autour d&#039;une r\u00e9gate de voile les 21 &amp; 22 mai 2025.\" \/>\n<meta property=\"og:url\" content=\"https:\/\/exaequo-communication.fr\/index.php\/2025\/05\/20\/norlandas-cup-regate-2025\/\" \/>\n<meta property=\"og:site_name\" content=\"Exaequo communication\" \/>\n<meta property=\"article:published_time\" content=\"2025-05-20T10:23:49+00:00\" \/>\n<meta property=\"article:modified_time\" content=\"2025-07-02T13:25:46+00:00\" \/>\n<meta property=\"og:image\" content=\"https:\/\/exaequo-communication.fr\/wp-content\/uploads\/2025\/05\/IMG_6418-scaled.webp\" \/>\n\t<meta property=\"og:image:width\" content=\"2560\" \/>\n\t<meta property=\"og:image:height\" content=\"1707\" \/>\n\t<meta property=\"og:image:type\" content=\"image\/webp\" \/>\n<meta name=\"author\" content=\"Vincent\" \/>\n<meta name=\"twitter:card\" content=\"summary_large_image\" \/>\n<meta name=\"twitter:title\" content=\"Retour en images sur la Norlanda&#039;s Cup 2022\" \/>\n<meta name=\"twitter:description\" content=\"24 \u00e9quipages compos\u00e9s d&#039;entreprises caennaises se sont retrouv\u00e9s autour d&#039;une r\u00e9gate de voile du 31 mai au 2 juin 2022.\" \/>\n<meta name=\"twitter:image\" content=\"https:\/\/exaequo-communication.fr\/wp-content\/uploads\/2022\/05\/1R2A2822-28-7-scaled.jpg\" \/>\n<meta name=\"twitter:label1\" content=\"\u00c9crit par\" \/>\n\t<meta name=\"twitter:data1\" content=\"Vincent\" \/>\n\t<meta name=\"twitter:label2\" content=\"Dur\u00e9e de lecture estim\u00e9e\" \/>\n\t<meta name=\"twitter:data2\" content=\"5 minutes\" \/>\n<script type=\"application\/ld+json\" class=\"yoast-schema-graph\">{\"@context\":\"https:\/\/schema.org\",\"@graph\":[{\"@type\":\"Article\",\"@id\":\"https:\/\/exaequo-communication.fr\/index.php\/2025\/05\/20\/norlandas-cup-regate-2025\/#article\",\"isPartOf\":{\"@id\":\"https:\/\/exaequo-communication.fr\/index.php\/2025\/05\/20\/norlandas-cup-regate-2025\/\"},\"author\":{\"name\":\"Vincent\",\"@id\":\"https:\/\/exaequo-communication.fr\/#\/schema\/person\/a2b781d9861576b70e7ac586c8d0e7dd\"},\"headline\":\"Retour sur la Norlanda&rsquo;s Cup 2025\",\"datePublished\":\"2025-05-20T10:23:49+00:00\",\"dateModified\":\"2025-07-02T13:25:46+00:00\",\"mainEntityOfPage\":{\"@id\":\"https:\/\/exaequo-communication.fr\/index.php\/2025\/05\/20\/norlandas-cup-regate-2025\/\"},\"wordCount\":689,\"image\":{\"@id\":\"https:\/\/exaequo-communication.fr\/index.php\/2025\/05\/20\/norlandas-cup-regate-2025\/#primaryimage\"},\"thumbnailUrl\":\"https:\/\/exaequo-communication.fr\/wp-content\/uploads\/2025\/05\/IMG_6418-scaled.webp\",\"articleSection\":[\"Actualit\u00e9s\"],\"inLanguage\":\"fr-FR\"},{\"@type\":\"WebPage\",\"@id\":\"https:\/\/exaequo-communication.fr\/index.php\/2025\/05\/20\/norlandas-cup-regate-2025\/\",\"url\":\"https:\/\/exaequo-communication.fr\/index.php\/2025\/05\/20\/norlandas-cup-regate-2025\/\",\"name\":\"Retour sur la Norlanda's Cup 2025 - Exaequo communication\",\"isPartOf\":{\"@id\":\"https:\/\/exaequo-communication.fr\/#website\"},\"primaryImageOfPage\":{\"@id\":\"https:\/\/exaequo-communication.fr\/index.php\/2025\/05\/20\/norlandas-cup-regate-2025\/#primaryimage\"},\"image\":{\"@id\":\"https:\/\/exaequo-communication.fr\/index.php\/2025\/05\/20\/norlandas-cup-regate-2025\/#primaryimage\"},\"thumbnailUrl\":\"https:\/\/exaequo-communication.fr\/wp-content\/uploads\/2025\/05\/IMG_6418-scaled.webp\",\"datePublished\":\"2025-05-20T10:23:49+00:00\",\"dateModified\":\"2025-07-02T13:25:46+00:00\",\"author\":{\"@id\":\"https:\/\/exaequo-communication.fr\/#\/schema\/person\/a2b781d9861576b70e7ac586c8d0e7dd\"},\"description\":\"16 \u00e9quipages compos\u00e9s d'entreprises caennaises se sont retrouv\u00e9s autour d'une r\u00e9gate de voile les 21 & 22 mai 2025\",\"breadcrumb\":{\"@id\":\"https:\/\/exaequo-communication.fr\/index.php\/2025\/05\/20\/norlandas-cup-regate-2025\/#breadcrumb\"},\"inLanguage\":\"fr-FR\",\"potentialAction\":[{\"@type\":\"ReadAction\",\"target\":[\"https:\/\/exaequo-communication.fr\/index.php\/2025\/05\/20\/norlandas-cup-regate-2025\/\"]}]},{\"@type\":\"ImageObject\",\"inLanguage\":\"fr-FR\",\"@id\":\"https:\/\/exaequo-communication.fr\/index.php\/2025\/05\/20\/norlandas-cup-regate-2025\/#primaryimage\",\"url\":\"https:\/\/exaequo-communication.fr\/wp-content\/uploads\/2025\/05\/IMG_6418-scaled.webp\",\"contentUrl\":\"https:\/\/exaequo-communication.fr\/wp-content\/uploads\/2025\/05\/IMG_6418-scaled.webp\",\"width\":2560,\"height\":1707,\"caption\":\"Course de bateaux\"},{\"@type\":\"BreadcrumbList\",\"@id\":\"https:\/\/exaequo-communication.fr\/index.php\/2025\/05\/20\/norlandas-cup-regate-2025\/#breadcrumb\",\"itemListElement\":[{\"@type\":\"ListItem\",\"position\":1,\"name\":\"Accueil\",\"item\":\"https:\/\/exaequo-communication.fr\/\"},{\"@type\":\"ListItem\",\"position\":2,\"name\":\"Retour sur la Norlanda&rsquo;s Cup 2025\"}]},{\"@type\":\"WebSite\",\"@id\":\"https:\/\/exaequo-communication.fr\/#website\",\"url\":\"https:\/\/exaequo-communication.fr\/\",\"name\":\"Exaequo communication\",\"description\":\"\",\"potentialAction\":[{\"@type\":\"SearchAction\",\"target\":{\"@type\":\"EntryPoint\",\"urlTemplate\":\"https:\/\/exaequo-communication.fr\/?s={search_term_string}\"},\"query-input\":{\"@type\":\"PropertyValueSpecification\",\"valueRequired\":true,\"valueName\":\"search_term_string\"}}],\"inLanguage\":\"fr-FR\"},{\"@type\":\"Person\",\"@id\":\"https:\/\/exaequo-communication.fr\/#\/schema\/person\/a2b781d9861576b70e7ac586c8d0e7dd\",\"name\":\"Vincent\",\"image\":{\"@type\":\"ImageObject\",\"inLanguage\":\"fr-FR\",\"@id\":\"https:\/\/exaequo-communication.fr\/#\/schema\/person\/image\/\",\"url\":\"https:\/\/secure.gravatar.com\/avatar\/c58976c01b1d93e7e64f76bceed0cda416b0c2ec1073b37c7406cd511cdf9281?s=96&d=mm&r=g\",\"contentUrl\":\"https:\/\/secure.gravatar.com\/avatar\/c58976c01b1d93e7e64f76bceed0cda416b0c2ec1073b37c7406cd511cdf9281?s=96&d=mm&r=g\",\"caption\":\"Vincent\"},\"url\":\"https:\/\/exaequo-communication.fr\/index.php\/author\/vincent\/\"}]}<\/script>\n<!-- \/ Yoast SEO plugin. -->","yoast_head_json":{"title":"Retour sur la Norlanda's Cup 2025 - Exaequo communication","description":"16 \u00e9quipages compos\u00e9s d'entreprises caennaises se sont retrouv\u00e9s autour d'une r\u00e9gate de voile les 21 & 22 mai 2025","robots":{"index":"index","follow":"follow","max-snippet":"max-snippet:-1","max-image-preview":"max-image-preview:large","max-video-preview":"max-video-preview:-1"},"canonical":"https:\/\/exaequo-communication.fr\/index.php\/2025\/05\/20\/norlandas-cup-regate-2025\/","og_locale":"fr_FR","og_type":"article","og_title":"Retour sur la Norlanda's Cup 2025 Actualit\u00e9s Exaequo communication","og_description":"16 \u00e9quipages compos\u00e9s d'entreprises caennaises se sont retrouv\u00e9s autour d'une r\u00e9gate de voile les 21 & 22 mai 2025.","og_url":"https:\/\/exaequo-communication.fr\/index.php\/2025\/05\/20\/norlandas-cup-regate-2025\/","og_site_name":"Exaequo communication","article_published_time":"2025-05-20T10:23:49+00:00","article_modified_time":"2025-07-02T13:25:46+00:00","og_image":[{"width":2560,"height":1707,"url":"https:\/\/exaequo-communication.fr\/wp-content\/uploads\/2025\/05\/IMG_6418-scaled.webp","type":"image\/webp"}],"author":"Vincent","twitter_card":"summary_large_image","twitter_title":"Retour en images sur la Norlanda's Cup 2022","twitter_description":"24 \u00e9quipages compos\u00e9s d'entreprises caennaises se sont retrouv\u00e9s autour d'une r\u00e9gate de voile du 31 mai au 2 juin 2022.","twitter_image":"https:\/\/exaequo-communication.fr\/wp-content\/uploads\/2022\/05\/1R2A2822-28-7-scaled.jpg","twitter_misc":{"\u00c9crit par":"Vincent","Dur\u00e9e de lecture estim\u00e9e":"5 minutes"},"schema":{"@context":"https:\/\/schema.org","@graph":[{"@type":"Article","@id":"https:\/\/exaequo-communication.fr\/index.php\/2025\/05\/20\/norlandas-cup-regate-2025\/#article","isPartOf":{"@id":"https:\/\/exaequo-communication.fr\/index.php\/2025\/05\/20\/norlandas-cup-regate-2025\/"},"author":{"name":"Vincent","@id":"https:\/\/exaequo-communication.fr\/#\/schema\/person\/a2b781d9861576b70e7ac586c8d0e7dd"},"headline":"Retour sur la Norlanda&rsquo;s Cup 2025","datePublished":"2025-05-20T10:23:49+00:00","dateModified":"2025-07-02T13:25:46+00:00","mainEntityOfPage":{"@id":"https:\/\/exaequo-communication.fr\/index.php\/2025\/05\/20\/norlandas-cup-regate-2025\/"},"wordCount":689,"image":{"@id":"https:\/\/exaequo-communication.fr\/index.php\/2025\/05\/20\/norlandas-cup-regate-2025\/#primaryimage"},"thumbnailUrl":"https:\/\/exaequo-communication.fr\/wp-content\/uploads\/2025\/05\/IMG_6418-scaled.webp","articleSection":["Actualit\u00e9s"],"inLanguage":"fr-FR"},{"@type":"WebPage","@id":"https:\/\/exaequo-communication.fr\/index.php\/2025\/05\/20\/norlandas-cup-regate-2025\/","url":"https:\/\/exaequo-communication.fr\/index.php\/2025\/05\/20\/norlandas-cup-regate-2025\/","name":"Retour sur la Norlanda's Cup 2025 - Exaequo communication","isPartOf":{"@id":"https:\/\/exaequo-communication.fr\/#website"},"primaryImageOfPage":{"@id":"https:\/\/exaequo-communication.fr\/index.php\/2025\/05\/20\/norlandas-cup-regate-2025\/#primaryimage"},"image":{"@id":"https:\/\/exaequo-communication.fr\/index.php\/2025\/05\/20\/norlandas-cup-regate-2025\/#primaryimage"},"thumbnailUrl":"https:\/\/exaequo-communication.fr\/wp-content\/uploads\/2025\/05\/IMG_6418-scaled.webp","datePublished":"2025-05-20T10:23:49+00:00","dateModified":"2025-07-02T13:25:46+00:00","author":{"@id":"https:\/\/exaequo-communication.fr\/#\/schema\/person\/a2b781d9861576b70e7ac586c8d0e7dd"},"description":"16 \u00e9quipages compos\u00e9s d'entreprises caennaises se sont retrouv\u00e9s autour d'une r\u00e9gate de voile les 21 & 22 mai 2025","breadcrumb":{"@id":"https:\/\/exaequo-communication.fr\/index.php\/2025\/05\/20\/norlandas-cup-regate-2025\/#breadcrumb"},"inLanguage":"fr-FR","potentialAction":[{"@type":"ReadAction","target":["https:\/\/exaequo-communication.fr\/index.php\/2025\/05\/20\/norlandas-cup-regate-2025\/"]}]},{"@type":"ImageObject","inLanguage":"fr-FR","@id":"https:\/\/exaequo-communication.fr\/index.php\/2025\/05\/20\/norlandas-cup-regate-2025\/#primaryimage","url":"https:\/\/exaequo-communication.fr\/wp-content\/uploads\/2025\/05\/IMG_6418-scaled.webp","contentUrl":"https:\/\/exaequo-communication.fr\/wp-content\/uploads\/2025\/05\/IMG_6418-scaled.webp","width":2560,"height":1707,"caption":"Course de bateaux"},{"@type":"BreadcrumbList","@id":"https:\/\/exaequo-communication.fr\/index.php\/2025\/05\/20\/norlandas-cup-regate-2025\/#breadcrumb","itemListElement":[{"@type":"ListItem","position":1,"name":"Accueil","item":"https:\/\/exaequo-communication.fr\/"},{"@type":"ListItem","position":2,"name":"Retour sur la Norlanda&rsquo;s Cup 2025"}]},{"@type":"WebSite","@id":"https:\/\/exaequo-communication.fr\/#website","url":"https:\/\/exaequo-communication.fr\/","name":"Exaequo communication","description":"","potentialAction":[{"@type":"SearchAction","target":{"@type":"EntryPoint","urlTemplate":"https:\/\/exaequo-communication.fr\/?s={search_term_string}"},"query-input":{"@type":"PropertyValueSpecification","valueRequired":true,"valueName":"search_term_string"}}],"inLanguage":"fr-FR"},{"@type":"Person","@id":"https:\/\/exaequo-communication.fr\/#\/schema\/person\/a2b781d9861576b70e7ac586c8d0e7dd","name":"Vincent","image":{"@type":"ImageObject","inLanguage":"fr-FR","@id":"https:\/\/exaequo-communication.fr\/#\/schema\/person\/image\/","url":"https:\/\/secure.gravatar.com\/avatar\/c58976c01b1d93e7e64f76bceed0cda416b0c2ec1073b37c7406cd511cdf9281?s=96&d=mm&r=g","contentUrl":"https:\/\/secure.gravatar.com\/avatar\/c58976c01b1d93e7e64f76bceed0cda416b0c2ec1073b37c7406cd511cdf9281?s=96&d=mm&r=g","caption":"Vincent"},"url":"https:\/\/exaequo-communication.fr\/index.php\/author\/vincent\/"}]}},"_links":{"self":[{"href":"https:\/\/exaequo-communication.fr\/index.php\/wp-json\/wp\/v2\/posts\/15907","targetHints":{"allow":["GET"]}}],"collection":[{"href":"https:\/\/exaequo-communication.fr\/index.php\/wp-json\/wp\/v2\/posts"}],"about":[{"href":"https:\/\/exaequo-communication.fr\/index.php\/wp-json\/wp\/v2\/types\/post"}],"author":[{"embeddable":true,"href":"https:\/\/exaequo-communication.fr\/index.php\/wp-json\/wp\/v2\/users\/5"}],"replies":[{"embeddable":true,"href":"https:\/\/exaequo-communication.fr\/index.php\/wp-json\/wp\/v2\/comments?post=15907"}],"version-history":[{"count":11,"href":"https:\/\/exaequo-communication.fr\/index.php\/wp-json\/wp\/v2\/posts\/15907\/revisions"}],"predecessor-version":[{"id":15992,"href":"https:\/\/exaequo-communication.fr\/index.php\/wp-json\/wp\/v2\/posts\/15907\/revisions\/15992"}],"wp:featuredmedia":[{"embeddable":true,"href":"https:\/\/exaequo-communication.fr\/index.php\/wp-json\/wp\/v2\/media\/15980"}],"wp:attachment":[{"href":"https:\/\/exaequo-communication.fr\/index.php\/wp-json\/wp\/v2\/media?parent=15907"}],"wp:term":[{"taxonomy":"category","embeddable":true,"href":"https:\/\/exaequo-communication.fr\/index.php\/wp-json\/wp\/v2\/categories?post=15907"},{"taxonomy":"post_tag","embeddable":true,"href":"https:\/\/exaequo-communication.fr\/index.php\/wp-json\/wp\/v2\/tags?post=15907"}],"curies":[{"name":"wp","href":"https:\/\/api.w.org\/{rel}","templated":true}]}}