{"id":15810,"date":"2025-03-24T16:59:00","date_gmt":"2025-03-24T15:59:00","guid":{"rendered":"https:\/\/exaequo-communication.fr\/?p=15810"},"modified":"2025-03-24T16:59:53","modified_gmt":"2025-03-24T15:59:53","slug":"senegal-nouvelle-destination","status":"publish","type":"post","link":"https:\/\/exaequo-communication.fr\/index.php\/2025\/03\/24\/senegal-nouvelle-destination\/","title":{"rendered":"S\u00e9n\u00e9gal, nouvelle destination Exaequo Voyages"},"content":{"rendered":"[vc_row type=\u00a0\u00bbin_container\u00a0\u00bb full_screen_row_position=\u00a0\u00bbmiddle\u00a0\u00bb column_margin=\u00a0\u00bbdefault\u00a0\u00bb column_direction=\u00a0\u00bbdefault\u00a0\u00bb column_direction_tablet=\u00a0\u00bbdefault\u00a0\u00bb column_direction_phone=\u00a0\u00bbdefault\u00a0\u00bb scene_position=\u00a0\u00bbcenter\u00a0\u00bb top_padding=\u00a0\u00bb10&Prime; text_color=\u00a0\u00bbdark\u00a0\u00bb text_align=\u00a0\u00bbleft\u00a0\u00bb row_border_radius=\u00a0\u00bbnone\u00a0\u00bb row_border_radius_applies=\u00a0\u00bbbg\u00a0\u00bb overlay_strength=\u00a0\u00bb0.3&Prime; gradient_direction=\u00a0\u00bbleft_to_right\u00a0\u00bb shape_divider_position=\u00a0\u00bbbottom\u00a0\u00bb bg_image_animation=\u00a0\u00bbnone\u00a0\u00bb shape_type=\u00a0\u00bb\u00a0\u00bb][vc_column column_padding=\u00a0\u00bbno-extra-padding\u00a0\u00bb column_padding_tablet=\u00a0\u00bbinherit\u00a0\u00bb column_padding_phone=\u00a0\u00bbinherit\u00a0\u00bb column_padding_position=\u00a0\u00bball\u00a0\u00bb background_color_opacity=\u00a0\u00bb1&Prime; background_hover_color_opacity=\u00a0\u00bb1&Prime; column_shadow=\u00a0\u00bbnone\u00a0\u00bb column_border_radius=\u00a0\u00bbnone\u00a0\u00bb column_link_target=\u00a0\u00bb_self\u00a0\u00bb gradient_direction=\u00a0\u00bbleft_to_right\u00a0\u00bb overlay_strength=\u00a0\u00bb0.3&Prime; width=\u00a0\u00bb1\/2&Prime; tablet_width_inherit=\u00a0\u00bbdefault\u00a0\u00bb tablet_text_alignment=\u00a0\u00bbdefault\u00a0\u00bb phone_text_alignment=\u00a0\u00bbdefault\u00a0\u00bb column_border_width=\u00a0\u00bbnone\u00a0\u00bb column_border_style=\u00a0\u00bbsolid\u00a0\u00bb bg_image_animation=\u00a0\u00bbnone\u00a0\u00bb][vc_gallery type=\u00a0\u00bbflexslider_style\u00a0\u00bb images=\u00a0\u00bb15828,15822,15823,15824,15821,15825,15826,15820&Prime; onclick=\u00a0\u00bblink_no\u00a0\u00bb hover_anim=\u00a0\u00bbfade-out\u00a0\u00bb][\/vc_column][vc_column column_padding=\u00a0\u00bbno-extra-padding\u00a0\u00bb column_padding_tablet=\u00a0\u00bbinherit\u00a0\u00bb column_padding_phone=\u00a0\u00bbinherit\u00a0\u00bb column_padding_position=\u00a0\u00bball\u00a0\u00bb background_color_opacity=\u00a0\u00bb1&Prime; background_hover_color_opacity=\u00a0\u00bb1&Prime; column_shadow=\u00a0\u00bbnone\u00a0\u00bb column_border_radius=\u00a0\u00bbnone\u00a0\u00bb column_link_target=\u00a0\u00bb_self\u00a0\u00bb gradient_direction=\u00a0\u00bbleft_to_right\u00a0\u00bb overlay_strength=\u00a0\u00bb0.3&Prime; width=\u00a0\u00bb1\/2&Prime; tablet_width_inherit=\u00a0\u00bbdefault\u00a0\u00bb tablet_text_alignment=\u00a0\u00bbdefault\u00a0\u00bb phone_text_alignment=\u00a0\u00bbdefault\u00a0\u00bb column_border_width=\u00a0\u00bbnone\u00a0\u00bb column_border_style=\u00a0\u00bbsolid\u00a0\u00bb bg_image_animation=\u00a0\u00bbnone\u00a0\u00bb][split_line_heading animation_type=\u00a0\u00bbdefault\u00a0\u00bb]\n<h3>Le S\u00e9n\u00e9gal, nouvelle destination trail Exaequo Voyages<\/h3>\n<p>Une nouvelle destination s&rsquo;ajoute \u00e0 notre liste de trails \u00e0 l&rsquo;\u00e9tranger. <strong>Vous pourrez d\u00e9sormais partir en direction du S\u00e9n\u00e9gal<\/strong> pour d\u00e9couvrir ce pays en courant. Tout juste rentr\u00e9 de son rep\u00e9rage, Bastien, notre conseiller trail, nous a rapport\u00e9 des images de cette nouvelle excursion.[\/split_line_heading][\/vc_column][\/vc_row][vc_row type=\u00a0\u00bbin_container\u00a0\u00bb full_screen_row_position=\u00a0\u00bbmiddle\u00a0\u00bb column_margin=\u00a0\u00bbdefault\u00a0\u00bb column_direction=\u00a0\u00bbdefault\u00a0\u00bb column_direction_tablet=\u00a0\u00bbdefault\u00a0\u00bb column_direction_phone=\u00a0\u00bbdefault\u00a0\u00bb scene_position=\u00a0\u00bbcenter\u00a0\u00bb text_color=\u00a0\u00bbdark\u00a0\u00bb text_align=\u00a0\u00bbleft\u00a0\u00bb row_border_radius=\u00a0\u00bbnone\u00a0\u00bb row_border_radius_applies=\u00a0\u00bbbg\u00a0\u00bb overlay_strength=\u00a0\u00bb0.3&Prime; gradient_direction=\u00a0\u00bbleft_to_right\u00a0\u00bb shape_divider_position=\u00a0\u00bbbottom\u00a0\u00bb bg_image_animation=\u00a0\u00bbnone\u00a0\u00bb][vc_column column_padding=\u00a0\u00bbno-extra-padding\u00a0\u00bb column_padding_tablet=\u00a0\u00bbinherit\u00a0\u00bb column_padding_phone=\u00a0\u00bbinherit\u00a0\u00bb column_padding_position=\u00a0\u00bball\u00a0\u00bb background_color_opacity=\u00a0\u00bb1&Prime; background_hover_color_opacity=\u00a0\u00bb1&Prime; column_shadow=\u00a0\u00bbnone\u00a0\u00bb column_border_radius=\u00a0\u00bbnone\u00a0\u00bb column_link_target=\u00a0\u00bb_self\u00a0\u00bb gradient_direction=\u00a0\u00bbleft_to_right\u00a0\u00bb overlay_strength=\u00a0\u00bb0.3&Prime; width=\u00a0\u00bb1\/1&Prime; tablet_width_inherit=\u00a0\u00bbdefault\u00a0\u00bb tablet_text_alignment=\u00a0\u00bbdefault\u00a0\u00bb phone_text_alignment=\u00a0\u00bbdefault\u00a0\u00bb column_border_width=\u00a0\u00bbnone\u00a0\u00bb column_border_style=\u00a0\u00bbsolid\u00a0\u00bb bg_image_animation=\u00a0\u00bbnone\u00a0\u00bb][vc_column_text]\n<h3><strong data-start=\"865\" data-end=\"919\">Un trail d\u2019exception entre nature et traditions<\/strong><\/h3>\n<p class=\"\" data-start=\"923\" data-end=\"1268\">La Casamance, situ\u00e9e au sud du S\u00e9n\u00e9gal, est un v\u00e9ritable \u00e9crin de verdure o\u00f9 les rizi\u00e8res, les mangroves et les for\u00eats tropicales se succ\u00e8dent. Avec le <strong data-start=\"1075\" data-end=\"1092\">Kadiouk Trail<\/strong>, partez pour une <strong>aventure <\/strong><strong data-start=\"1109\" data-end=\"1127\">\u00e0 \u00e9tapes<\/strong> qui vous fera d\u00e9couvrir des <strong data-start=\"1156\" data-end=\"1183\">paysages \u00e9poustouflants<\/strong> et vivre des moments de <strong data-start=\"1208\" data-end=\"1238\">partage avec les habitants<\/strong> des villages traditionnels.<\/p>\n<p class=\"\" data-start=\"1270\" data-end=\"1700\">Entre <strong data-start=\"1276\" data-end=\"1304\">effort et \u00e9merveillement<\/strong>, ce voyage est bien plus qu\u2019une simple course :<br data-start=\"1352\" data-end=\"1355\" \/><strong data-start=\"1357\" data-end=\"1385\">&#8211; Courses en pleine nature<\/strong> au c\u0153ur de d\u00e9cors vari\u00e9s et d\u00e9paysants<br data-start=\"1424\" data-end=\"1427\" \/><strong data-start=\"1429\" data-end=\"1455\">&#8211; Rencontres et \u00e9changes<\/strong> avec les populations locales, pour une immersion authentique<br data-start=\"1516\" data-end=\"1519\" \/><strong data-start=\"1521\" data-end=\"1562\">&#8211; Moments de convivialit\u00e9 et de partage<\/strong>, dans le respect des traditions s\u00e9n\u00e9galaises<br data-start=\"1607\" data-end=\"1610\" \/><strong data-start=\"1612\" data-end=\"1642\">&#8211; Un d\u00e9fi sportif accessible<\/strong>, adapt\u00e9 aux coureurs avides d\u2019aventure et de d\u00e9couverte<\/p>\n<h3 class=\"\" data-start=\"1702\" data-end=\"1756\"><strong data-start=\"1706\" data-end=\"1754\">Une aventure d\u00e9j\u00e0 victime de son succ\u00e8s !<\/strong><\/h3>\n<p class=\"\" data-start=\"1758\" data-end=\"1977\">Le <a href=\"https:\/\/exaequovoyages.com\/senegal\/\"><strong data-start=\"1761\" data-end=\"1790\">Kadiouk Trail &#8211; Casamance<\/strong><\/a> a suscit\u00e9 un engouement imm\u00e9diat, et l\u2019\u00e9dition <strong data-start=\"1842\" data-end=\"1871\">2025 affiche d\u00e9j\u00e0 complet<\/strong> ! Mais bonne nouvelle : vous pouvez encore tenter votre chance en rejoignant notre liste d\u2019attente.<\/p>\n<p class=\"\" data-start=\"1979\" data-end=\"2118\"><strong data-start=\"1982\" data-end=\"2008\">Envoyez-nous un mail \u00e0<\/strong> <a rel=\"noopener\" data-start=\"2009\" data-end=\"2072\">contact@exaequovoyages.com<\/a> pour \u00eatre inform\u00e9 en cas de disponibilit\u00e9 !<\/p>\n[\/vc_column_text][\/vc_column][\/vc_row][vc_row type=\u00a0\u00bbin_container\u00a0\u00bb full_screen_row_position=\u00a0\u00bbmiddle\u00a0\u00bb column_margin=\u00a0\u00bbdefault\u00a0\u00bb column_direction=\u00a0\u00bbdefault\u00a0\u00bb column_direction_tablet=\u00a0\u00bbdefault\u00a0\u00bb column_direction_phone=\u00a0\u00bbdefault\u00a0\u00bb scene_position=\u00a0\u00bbcenter\u00a0\u00bb text_color=\u00a0\u00bbdark\u00a0\u00bb text_align=\u00a0\u00bbleft\u00a0\u00bb row_border_radius=\u00a0\u00bbnone\u00a0\u00bb row_border_radius_applies=\u00a0\u00bbbg\u00a0\u00bb overlay_strength=\u00a0\u00bb0.3&Prime; gradient_direction=\u00a0\u00bbleft_to_right\u00a0\u00bb shape_divider_position=\u00a0\u00bbbottom\u00a0\u00bb bg_image_animation=\u00a0\u00bbnone\u00a0\u00bb][vc_column column_padding=\u00a0\u00bbno-extra-padding\u00a0\u00bb column_padding_tablet=\u00a0\u00bbinherit\u00a0\u00bb column_padding_phone=\u00a0\u00bbinherit\u00a0\u00bb column_padding_position=\u00a0\u00bball\u00a0\u00bb background_color_opacity=\u00a0\u00bb1&Prime; background_hover_color_opacity=\u00a0\u00bb1&Prime; column_shadow=\u00a0\u00bbnone\u00a0\u00bb column_border_radius=\u00a0\u00bbnone\u00a0\u00bb column_link_target=\u00a0\u00bb_self\u00a0\u00bb gradient_direction=\u00a0\u00bbleft_to_right\u00a0\u00bb overlay_strength=\u00a0\u00bb0.3&Prime; width=\u00a0\u00bb1\/1&Prime; tablet_width_inherit=\u00a0\u00bbdefault\u00a0\u00bb tablet_text_alignment=\u00a0\u00bbdefault\u00a0\u00bb phone_text_alignment=\u00a0\u00bbdefault\u00a0\u00bb column_border_width=\u00a0\u00bbnone\u00a0\u00bb column_border_style=\u00a0\u00bbsolid\u00a0\u00bb bg_image_animation=\u00a0\u00bbnone\u00a0\u00bb][vc_column_text]<strong>Pour en savoir plus sur cette nouvelle destination : <a href=\"https:\/\/exaequovoyages.com\/senegal\/\" target=\"_blank\" rel=\"noopener\">cliquez-ici.<\/a><\/strong><\/p>\n<p><strong>Pour toutes questions, n\u2019h\u00e9sitez pas \u00e0 nous contacter par mail \u00e0 <a href=\"mailto:contact@exaequovoyages.com\">contact@exaequovoyages.com<\/a><\/strong>[\/vc_column_text][\/vc_column][\/vc_row]\n","protected":false},"excerpt":{"rendered":"<p>Une nouvelle destination s&rsquo;ajoute \u00e0 notre liste de trails \u00e0 l&rsquo;\u00e9tranger, vous pourrez d\u00e9sormais partir en direction du Cap Vert pour d\u00e9couvrir ce pays en courant.<\/p>\n","protected":false},"author":22,"featured_media":15828,"comment_status":"closed","ping_status":"closed","sticky":false,"template":"","format":"standard","meta":{"footnotes":""},"categories":[1],"tags":[],"class_list":{"0":"post-15810","1":"post","2":"type-post","3":"status-publish","4":"format-standard","5":"has-post-thumbnail","7":"category-actualites"},"yoast_head":"<!-- This site is optimized with the Yoast SEO plugin v27.0 - https:\/\/yoast.com\/product\/yoast-seo-wordpress\/ -->\n<title>Le S\u00e9n\u00e9gal, nouvelle destination Exaequo Voyage<\/title>\n<meta name=\"description\" content=\"Une nouvelle destination s&#039;ajoute \u00e0 notre liste de trails \u00e0 l&#039;\u00e9tranger, vous pourrez d\u00e9sormais partir en direction du S\u00e9n\u00e9gal.\" \/>\n<meta name=\"robots\" content=\"index, follow, max-snippet:-1, max-image-preview:large, max-video-preview:-1\" \/>\n<link rel=\"canonical\" href=\"https:\/\/exaequo-communication.fr\/index.php\/2025\/03\/24\/senegal-nouvelle-destination\/\" \/>\n<meta property=\"og:locale\" content=\"fr_FR\" \/>\n<meta property=\"og:type\" content=\"article\" \/>\n<meta property=\"og:title\" content=\"Le S\u00e9n\u00e9gal, nouvelle destination Exaequo Voyage\" \/>\n<meta property=\"og:description\" content=\"Une nouvelle destination s&#039;ajoute \u00e0 notre liste de trails \u00e0 l&#039;\u00e9tranger, vous pourrez d\u00e9sormais partir en direction du S\u00e9n\u00e9gal.\" \/>\n<meta property=\"og:url\" content=\"https:\/\/exaequo-communication.fr\/index.php\/2025\/03\/24\/senegal-nouvelle-destination\/\" \/>\n<meta property=\"og:site_name\" content=\"Exaequo communication\" \/>\n<meta property=\"article:published_time\" content=\"2025-03-24T15:59:00+00:00\" \/>\n<meta property=\"article:modified_time\" content=\"2025-03-24T15:59:53+00:00\" \/>\n<meta property=\"og:image\" content=\"https:\/\/exaequo-communication.fr\/wp-content\/uploads\/2025\/03\/485023550_1198911132201749_5992826523984664384_n.webp\" \/>\n\t<meta property=\"og:image:width\" content=\"1080\" \/>\n\t<meta property=\"og:image:height\" content=\"1350\" \/>\n\t<meta property=\"og:image:type\" content=\"image\/webp\" \/>\n<meta name=\"author\" content=\"Noah\" \/>\n<meta name=\"twitter:card\" content=\"summary_large_image\" \/>\n<meta name=\"twitter:title\" content=\"Cap Vert, nouvelle destination Exaequo Voyages\" \/>\n<meta name=\"twitter:description\" content=\"Une nouvelle destination s&#039;ajoute \u00e0 notre liste de trails \u00e0 l&#039;\u00e9tranger, vous pourrez d\u00e9sormais partir en direction du Cap Vert pour d\u00e9couvrir ce pays en courant.\" \/>\n<meta name=\"twitter:image\" content=\"https:\/\/exaequo-communication.fr\/wp-content\/uploads\/2021\/03\/SA-Etape-5-80-scaled.jpg\" \/>\n<meta name=\"twitter:label1\" content=\"\u00c9crit par\" \/>\n\t<meta name=\"twitter:data1\" content=\"Noah\" \/>\n\t<meta name=\"twitter:label2\" content=\"Dur\u00e9e de lecture estim\u00e9e\" \/>\n\t<meta name=\"twitter:data2\" content=\"3 minutes\" \/>\n<script type=\"application\/ld+json\" class=\"yoast-schema-graph\">{\"@context\":\"https:\/\/schema.org\",\"@graph\":[{\"@type\":\"Article\",\"@id\":\"https:\/\/exaequo-communication.fr\/index.php\/2025\/03\/24\/senegal-nouvelle-destination\/#article\",\"isPartOf\":{\"@id\":\"https:\/\/exaequo-communication.fr\/index.php\/2025\/03\/24\/senegal-nouvelle-destination\/\"},\"author\":{\"name\":\"Noah\",\"@id\":\"https:\/\/exaequo-communication.fr\/#\/schema\/person\/c28633f3a7c202e5c427512376a2e7ca\"},\"headline\":\"S\u00e9n\u00e9gal, nouvelle destination Exaequo Voyages\",\"datePublished\":\"2025-03-24T15:59:00+00:00\",\"dateModified\":\"2025-03-24T15:59:53+00:00\",\"mainEntityOfPage\":{\"@id\":\"https:\/\/exaequo-communication.fr\/index.php\/2025\/03\/24\/senegal-nouvelle-destination\/\"},\"wordCount\":773,\"image\":{\"@id\":\"https:\/\/exaequo-communication.fr\/index.php\/2025\/03\/24\/senegal-nouvelle-destination\/#primaryimage\"},\"thumbnailUrl\":\"https:\/\/exaequo-communication.fr\/wp-content\/uploads\/2025\/03\/485023550_1198911132201749_5992826523984664384_n.webp\",\"articleSection\":[\"Actualit\u00e9s\"],\"inLanguage\":\"fr-FR\"},{\"@type\":\"WebPage\",\"@id\":\"https:\/\/exaequo-communication.fr\/index.php\/2025\/03\/24\/senegal-nouvelle-destination\/\",\"url\":\"https:\/\/exaequo-communication.fr\/index.php\/2025\/03\/24\/senegal-nouvelle-destination\/\",\"name\":\"Le S\u00e9n\u00e9gal, nouvelle destination Exaequo Voyage\",\"isPartOf\":{\"@id\":\"https:\/\/exaequo-communication.fr\/#website\"},\"primaryImageOfPage\":{\"@id\":\"https:\/\/exaequo-communication.fr\/index.php\/2025\/03\/24\/senegal-nouvelle-destination\/#primaryimage\"},\"image\":{\"@id\":\"https:\/\/exaequo-communication.fr\/index.php\/2025\/03\/24\/senegal-nouvelle-destination\/#primaryimage\"},\"thumbnailUrl\":\"https:\/\/exaequo-communication.fr\/wp-content\/uploads\/2025\/03\/485023550_1198911132201749_5992826523984664384_n.webp\",\"datePublished\":\"2025-03-24T15:59:00+00:00\",\"dateModified\":\"2025-03-24T15:59:53+00:00\",\"author\":{\"@id\":\"https:\/\/exaequo-communication.fr\/#\/schema\/person\/c28633f3a7c202e5c427512376a2e7ca\"},\"description\":\"Une nouvelle destination s'ajoute \u00e0 notre liste de trails \u00e0 l'\u00e9tranger, vous pourrez d\u00e9sormais partir en direction du S\u00e9n\u00e9gal.\",\"breadcrumb\":{\"@id\":\"https:\/\/exaequo-communication.fr\/index.php\/2025\/03\/24\/senegal-nouvelle-destination\/#breadcrumb\"},\"inLanguage\":\"fr-FR\",\"potentialAction\":[{\"@type\":\"ReadAction\",\"target\":[\"https:\/\/exaequo-communication.fr\/index.php\/2025\/03\/24\/senegal-nouvelle-destination\/\"]}]},{\"@type\":\"ImageObject\",\"inLanguage\":\"fr-FR\",\"@id\":\"https:\/\/exaequo-communication.fr\/index.php\/2025\/03\/24\/senegal-nouvelle-destination\/#primaryimage\",\"url\":\"https:\/\/exaequo-communication.fr\/wp-content\/uploads\/2025\/03\/485023550_1198911132201749_5992826523984664384_n.webp\",\"contentUrl\":\"https:\/\/exaequo-communication.fr\/wp-content\/uploads\/2025\/03\/485023550_1198911132201749_5992826523984664384_n.webp\",\"width\":1080,\"height\":1350,\"caption\":\"S\u00e9n\u00e9gal culture\"},{\"@type\":\"BreadcrumbList\",\"@id\":\"https:\/\/exaequo-communication.fr\/index.php\/2025\/03\/24\/senegal-nouvelle-destination\/#breadcrumb\",\"itemListElement\":[{\"@type\":\"ListItem\",\"position\":1,\"name\":\"Accueil\",\"item\":\"https:\/\/exaequo-communication.fr\/\"},{\"@type\":\"ListItem\",\"position\":2,\"name\":\"S\u00e9n\u00e9gal, nouvelle destination Exaequo Voyages\"}]},{\"@type\":\"WebSite\",\"@id\":\"https:\/\/exaequo-communication.fr\/#website\",\"url\":\"https:\/\/exaequo-communication.fr\/\",\"name\":\"Exaequo communication\",\"description\":\"\",\"potentialAction\":[{\"@type\":\"SearchAction\",\"target\":{\"@type\":\"EntryPoint\",\"urlTemplate\":\"https:\/\/exaequo-communication.fr\/?s={search_term_string}\"},\"query-input\":{\"@type\":\"PropertyValueSpecification\",\"valueRequired\":true,\"valueName\":\"search_term_string\"}}],\"inLanguage\":\"fr-FR\"},{\"@type\":\"Person\",\"@id\":\"https:\/\/exaequo-communication.fr\/#\/schema\/person\/c28633f3a7c202e5c427512376a2e7ca\",\"name\":\"Noah\",\"image\":{\"@type\":\"ImageObject\",\"inLanguage\":\"fr-FR\",\"@id\":\"https:\/\/exaequo-communication.fr\/#\/schema\/person\/image\/\",\"url\":\"https:\/\/secure.gravatar.com\/avatar\/70d12748ddaeba8bad327e70a86dffe52c00c33c30dcf0e3cfee09d9e7293b61?s=96&d=mm&r=g\",\"contentUrl\":\"https:\/\/secure.gravatar.com\/avatar\/70d12748ddaeba8bad327e70a86dffe52c00c33c30dcf0e3cfee09d9e7293b61?s=96&d=mm&r=g\",\"caption\":\"Noah\"},\"url\":\"https:\/\/exaequo-communication.fr\/index.php\/author\/noah\/\"}]}<\/script>\n<!-- \/ Yoast SEO plugin. -->","yoast_head_json":{"title":"Le S\u00e9n\u00e9gal, nouvelle destination Exaequo Voyage","description":"Une nouvelle destination s'ajoute \u00e0 notre liste de trails \u00e0 l'\u00e9tranger, vous pourrez d\u00e9sormais partir en direction du S\u00e9n\u00e9gal.","robots":{"index":"index","follow":"follow","max-snippet":"max-snippet:-1","max-image-preview":"max-image-preview:large","max-video-preview":"max-video-preview:-1"},"canonical":"https:\/\/exaequo-communication.fr\/index.php\/2025\/03\/24\/senegal-nouvelle-destination\/","og_locale":"fr_FR","og_type":"article","og_title":"Le S\u00e9n\u00e9gal, nouvelle destination Exaequo Voyage","og_description":"Une nouvelle destination s'ajoute \u00e0 notre liste de trails \u00e0 l'\u00e9tranger, vous pourrez d\u00e9sormais partir en direction du S\u00e9n\u00e9gal.","og_url":"https:\/\/exaequo-communication.fr\/index.php\/2025\/03\/24\/senegal-nouvelle-destination\/","og_site_name":"Exaequo communication","article_published_time":"2025-03-24T15:59:00+00:00","article_modified_time":"2025-03-24T15:59:53+00:00","og_image":[{"width":1080,"height":1350,"url":"https:\/\/exaequo-communication.fr\/wp-content\/uploads\/2025\/03\/485023550_1198911132201749_5992826523984664384_n.webp","type":"image\/webp"}],"author":"Noah","twitter_card":"summary_large_image","twitter_title":"Cap Vert, nouvelle destination Exaequo Voyages","twitter_description":"Une nouvelle destination s'ajoute \u00e0 notre liste de trails \u00e0 l'\u00e9tranger, vous pourrez d\u00e9sormais partir en direction du Cap Vert pour d\u00e9couvrir ce pays en courant.","twitter_image":"https:\/\/exaequo-communication.fr\/wp-content\/uploads\/2021\/03\/SA-Etape-5-80-scaled.jpg","twitter_misc":{"\u00c9crit par":"Noah","Dur\u00e9e de lecture estim\u00e9e":"3 minutes"},"schema":{"@context":"https:\/\/schema.org","@graph":[{"@type":"Article","@id":"https:\/\/exaequo-communication.fr\/index.php\/2025\/03\/24\/senegal-nouvelle-destination\/#article","isPartOf":{"@id":"https:\/\/exaequo-communication.fr\/index.php\/2025\/03\/24\/senegal-nouvelle-destination\/"},"author":{"name":"Noah","@id":"https:\/\/exaequo-communication.fr\/#\/schema\/person\/c28633f3a7c202e5c427512376a2e7ca"},"headline":"S\u00e9n\u00e9gal, nouvelle destination Exaequo Voyages","datePublished":"2025-03-24T15:59:00+00:00","dateModified":"2025-03-24T15:59:53+00:00","mainEntityOfPage":{"@id":"https:\/\/exaequo-communication.fr\/index.php\/2025\/03\/24\/senegal-nouvelle-destination\/"},"wordCount":773,"image":{"@id":"https:\/\/exaequo-communication.fr\/index.php\/2025\/03\/24\/senegal-nouvelle-destination\/#primaryimage"},"thumbnailUrl":"https:\/\/exaequo-communication.fr\/wp-content\/uploads\/2025\/03\/485023550_1198911132201749_5992826523984664384_n.webp","articleSection":["Actualit\u00e9s"],"inLanguage":"fr-FR"},{"@type":"WebPage","@id":"https:\/\/exaequo-communication.fr\/index.php\/2025\/03\/24\/senegal-nouvelle-destination\/","url":"https:\/\/exaequo-communication.fr\/index.php\/2025\/03\/24\/senegal-nouvelle-destination\/","name":"Le S\u00e9n\u00e9gal, nouvelle destination Exaequo Voyage","isPartOf":{"@id":"https:\/\/exaequo-communication.fr\/#website"},"primaryImageOfPage":{"@id":"https:\/\/exaequo-communication.fr\/index.php\/2025\/03\/24\/senegal-nouvelle-destination\/#primaryimage"},"image":{"@id":"https:\/\/exaequo-communication.fr\/index.php\/2025\/03\/24\/senegal-nouvelle-destination\/#primaryimage"},"thumbnailUrl":"https:\/\/exaequo-communication.fr\/wp-content\/uploads\/2025\/03\/485023550_1198911132201749_5992826523984664384_n.webp","datePublished":"2025-03-24T15:59:00+00:00","dateModified":"2025-03-24T15:59:53+00:00","author":{"@id":"https:\/\/exaequo-communication.fr\/#\/schema\/person\/c28633f3a7c202e5c427512376a2e7ca"},"description":"Une nouvelle destination s'ajoute \u00e0 notre liste de trails \u00e0 l'\u00e9tranger, vous pourrez d\u00e9sormais partir en direction du S\u00e9n\u00e9gal.","breadcrumb":{"@id":"https:\/\/exaequo-communication.fr\/index.php\/2025\/03\/24\/senegal-nouvelle-destination\/#breadcrumb"},"inLanguage":"fr-FR","potentialAction":[{"@type":"ReadAction","target":["https:\/\/exaequo-communication.fr\/index.php\/2025\/03\/24\/senegal-nouvelle-destination\/"]}]},{"@type":"ImageObject","inLanguage":"fr-FR","@id":"https:\/\/exaequo-communication.fr\/index.php\/2025\/03\/24\/senegal-nouvelle-destination\/#primaryimage","url":"https:\/\/exaequo-communication.fr\/wp-content\/uploads\/2025\/03\/485023550_1198911132201749_5992826523984664384_n.webp","contentUrl":"https:\/\/exaequo-communication.fr\/wp-content\/uploads\/2025\/03\/485023550_1198911132201749_5992826523984664384_n.webp","width":1080,"height":1350,"caption":"S\u00e9n\u00e9gal culture"},{"@type":"BreadcrumbList","@id":"https:\/\/exaequo-communication.fr\/index.php\/2025\/03\/24\/senegal-nouvelle-destination\/#breadcrumb","itemListElement":[{"@type":"ListItem","position":1,"name":"Accueil","item":"https:\/\/exaequo-communication.fr\/"},{"@type":"ListItem","position":2,"name":"S\u00e9n\u00e9gal, nouvelle destination Exaequo Voyages"}]},{"@type":"WebSite","@id":"https:\/\/exaequo-communication.fr\/#website","url":"https:\/\/exaequo-communication.fr\/","name":"Exaequo communication","description":"","potentialAction":[{"@type":"SearchAction","target":{"@type":"EntryPoint","urlTemplate":"https:\/\/exaequo-communication.fr\/?s={search_term_string}"},"query-input":{"@type":"PropertyValueSpecification","valueRequired":true,"valueName":"search_term_string"}}],"inLanguage":"fr-FR"},{"@type":"Person","@id":"https:\/\/exaequo-communication.fr\/#\/schema\/person\/c28633f3a7c202e5c427512376a2e7ca","name":"Noah","image":{"@type":"ImageObject","inLanguage":"fr-FR","@id":"https:\/\/exaequo-communication.fr\/#\/schema\/person\/image\/","url":"https:\/\/secure.gravatar.com\/avatar\/70d12748ddaeba8bad327e70a86dffe52c00c33c30dcf0e3cfee09d9e7293b61?s=96&d=mm&r=g","contentUrl":"https:\/\/secure.gravatar.com\/avatar\/70d12748ddaeba8bad327e70a86dffe52c00c33c30dcf0e3cfee09d9e7293b61?s=96&d=mm&r=g","caption":"Noah"},"url":"https:\/\/exaequo-communication.fr\/index.php\/author\/noah\/"}]}},"_links":{"self":[{"href":"https:\/\/exaequo-communication.fr\/index.php\/wp-json\/wp\/v2\/posts\/15810","targetHints":{"allow":["GET"]}}],"collection":[{"href":"https:\/\/exaequo-communication.fr\/index.php\/wp-json\/wp\/v2\/posts"}],"about":[{"href":"https:\/\/exaequo-communication.fr\/index.php\/wp-json\/wp\/v2\/types\/post"}],"author":[{"embeddable":true,"href":"https:\/\/exaequo-communication.fr\/index.php\/wp-json\/wp\/v2\/users\/22"}],"replies":[{"embeddable":true,"href":"https:\/\/exaequo-communication.fr\/index.php\/wp-json\/wp\/v2\/comments?post=15810"}],"version-history":[{"count":3,"href":"https:\/\/exaequo-communication.fr\/index.php\/wp-json\/wp\/v2\/posts\/15810\/revisions"}],"predecessor-version":[{"id":15831,"href":"https:\/\/exaequo-communication.fr\/index.php\/wp-json\/wp\/v2\/posts\/15810\/revisions\/15831"}],"wp:featuredmedia":[{"embeddable":true,"href":"https:\/\/exaequo-communication.fr\/index.php\/wp-json\/wp\/v2\/media\/15828"}],"wp:attachment":[{"href":"https:\/\/exaequo-communication.fr\/index.php\/wp-json\/wp\/v2\/media?parent=15810"}],"wp:term":[{"taxonomy":"category","embeddable":true,"href":"https:\/\/exaequo-communication.fr\/index.php\/wp-json\/wp\/v2\/categories?post=15810"},{"taxonomy":"post_tag","embeddable":true,"href":"https:\/\/exaequo-communication.fr\/index.php\/wp-json\/wp\/v2\/tags?post=15810"}],"curies":[{"name":"wp","href":"https:\/\/api.w.org\/{rel}","templated":true}]}}