{"id":15674,"date":"2025-01-31T18:00:28","date_gmt":"2025-01-31T17:00:28","guid":{"rendered":"https:\/\/exaequo-communication.fr\/?p=15674"},"modified":"2025-02-10T17:21:42","modified_gmt":"2025-02-10T16:21:42","slug":"rentree-club-du-sport-2025","status":"publish","type":"post","link":"https:\/\/exaequo-communication.fr\/index.php\/2025\/01\/31\/rentree-club-du-sport-2025\/","title":{"rendered":"Le Club du Sport a fait sa rentr\u00e9e"},"content":{"rendered":"[vc_row type=\u00a0\u00bbin_container\u00a0\u00bb full_screen_row_position=\u00a0\u00bbmiddle\u00a0\u00bb column_margin=\u00a0\u00bbdefault\u00a0\u00bb column_direction=\u00a0\u00bbdefault\u00a0\u00bb column_direction_tablet=\u00a0\u00bbdefault\u00a0\u00bb column_direction_phone=\u00a0\u00bbdefault\u00a0\u00bb scene_position=\u00a0\u00bbcenter\u00a0\u00bb top_padding=\u00a0\u00bb10&Prime; text_color=\u00a0\u00bbdark\u00a0\u00bb text_align=\u00a0\u00bbleft\u00a0\u00bb row_border_radius=\u00a0\u00bbnone\u00a0\u00bb row_border_radius_applies=\u00a0\u00bbbg\u00a0\u00bb overlay_strength=\u00a0\u00bb0.3&Prime; gradient_direction=\u00a0\u00bbleft_to_right\u00a0\u00bb shape_divider_position=\u00a0\u00bbbottom\u00a0\u00bb bg_image_animation=\u00a0\u00bbnone\u00a0\u00bb shape_type=\u00a0\u00bb\u00a0\u00bb][vc_column column_padding=\u00a0\u00bbno-extra-padding\u00a0\u00bb column_padding_tablet=\u00a0\u00bbinherit\u00a0\u00bb column_padding_phone=\u00a0\u00bbinherit\u00a0\u00bb column_padding_position=\u00a0\u00bball\u00a0\u00bb background_color_opacity=\u00a0\u00bb1&Prime; background_hover_color_opacity=\u00a0\u00bb1&Prime; column_shadow=\u00a0\u00bbnone\u00a0\u00bb column_border_radius=\u00a0\u00bbnone\u00a0\u00bb column_link_target=\u00a0\u00bb_self\u00a0\u00bb gradient_direction=\u00a0\u00bbleft_to_right\u00a0\u00bb overlay_strength=\u00a0\u00bb0.3&Prime; width=\u00a0\u00bb1\/2&Prime; tablet_width_inherit=\u00a0\u00bbdefault\u00a0\u00bb tablet_text_alignment=\u00a0\u00bbdefault\u00a0\u00bb phone_text_alignment=\u00a0\u00bbdefault\u00a0\u00bb column_border_width=\u00a0\u00bbnone\u00a0\u00bb column_border_style=\u00a0\u00bbsolid\u00a0\u00bb bg_image_animation=\u00a0\u00bbnone\u00a0\u00bb][vc_gallery type=\u00a0\u00bbflexslider_style\u00a0\u00bb images=\u00a0\u00bb15675,15676,15677,15678&Prime; onclick=\u00a0\u00bblink_no\u00a0\u00bb][\/vc_column][vc_column column_padding=\u00a0\u00bbno-extra-padding\u00a0\u00bb column_padding_tablet=\u00a0\u00bbinherit\u00a0\u00bb column_padding_phone=\u00a0\u00bbinherit\u00a0\u00bb column_padding_position=\u00a0\u00bball\u00a0\u00bb background_color_opacity=\u00a0\u00bb1&Prime; background_hover_color_opacity=\u00a0\u00bb1&Prime; column_shadow=\u00a0\u00bbnone\u00a0\u00bb column_border_radius=\u00a0\u00bbnone\u00a0\u00bb column_link_target=\u00a0\u00bb_self\u00a0\u00bb gradient_direction=\u00a0\u00bbleft_to_right\u00a0\u00bb overlay_strength=\u00a0\u00bb0.3&Prime; width=\u00a0\u00bb1\/2&Prime; tablet_width_inherit=\u00a0\u00bbdefault\u00a0\u00bb tablet_text_alignment=\u00a0\u00bbdefault\u00a0\u00bb phone_text_alignment=\u00a0\u00bbdefault\u00a0\u00bb column_border_width=\u00a0\u00bbnone\u00a0\u00bb column_border_style=\u00a0\u00bbsolid\u00a0\u00bb bg_image_animation=\u00a0\u00bbnone\u00a0\u00bb][split_line_heading animation_type=\u00a0\u00bbdefault\u00a0\u00bb]\n<h3>Le Club du Sport fait sa rentr\u00e9e chez ReGNR<\/h3>\n<p>Une nouvelle saison sportive lanc\u00e9e dans un cadre inspirant chez <strong><a href=\"https:\/\/www.regnr.fr\/\">ReGNR<\/a><\/strong>, avec des \u00e9changes enrichissants et un programme bien rempli.[\/split_line_heading][\/vc_column][\/vc_row][vc_row type=\u00a0\u00bbin_container\u00a0\u00bb full_screen_row_position=\u00a0\u00bbmiddle\u00a0\u00bb column_margin=\u00a0\u00bbdefault\u00a0\u00bb column_direction=\u00a0\u00bbdefault\u00a0\u00bb column_direction_tablet=\u00a0\u00bbdefault\u00a0\u00bb column_direction_phone=\u00a0\u00bbdefault\u00a0\u00bb scene_position=\u00a0\u00bbcenter\u00a0\u00bb text_color=\u00a0\u00bbdark\u00a0\u00bb text_align=\u00a0\u00bbleft\u00a0\u00bb row_border_radius=\u00a0\u00bbnone\u00a0\u00bb row_border_radius_applies=\u00a0\u00bbbg\u00a0\u00bb overlay_strength=\u00a0\u00bb0.3&Prime; gradient_direction=\u00a0\u00bbleft_to_right\u00a0\u00bb shape_divider_position=\u00a0\u00bbbottom\u00a0\u00bb bg_image_animation=\u00a0\u00bbnone\u00a0\u00bb][vc_column column_padding=\u00a0\u00bbno-extra-padding\u00a0\u00bb column_padding_tablet=\u00a0\u00bbinherit\u00a0\u00bb column_padding_phone=\u00a0\u00bbinherit\u00a0\u00bb column_padding_position=\u00a0\u00bball\u00a0\u00bb background_color_opacity=\u00a0\u00bb1&Prime; background_hover_color_opacity=\u00a0\u00bb1&Prime; column_shadow=\u00a0\u00bbnone\u00a0\u00bb column_border_radius=\u00a0\u00bbnone\u00a0\u00bb column_link_target=\u00a0\u00bb_self\u00a0\u00bb gradient_direction=\u00a0\u00bbleft_to_right\u00a0\u00bb overlay_strength=\u00a0\u00bb0.3&Prime; width=\u00a0\u00bb1\/1&Prime; tablet_width_inherit=\u00a0\u00bbdefault\u00a0\u00bb tablet_text_alignment=\u00a0\u00bbdefault\u00a0\u00bb phone_text_alignment=\u00a0\u00bbdefault\u00a0\u00bb column_border_width=\u00a0\u00bbnone\u00a0\u00bb column_border_style=\u00a0\u00bbsolid\u00a0\u00bb bg_image_animation=\u00a0\u00bbnone\u00a0\u00bb][vc_column_text]\n<h3><strong>Un \u00e9v\u00e9nement marquant pour d\u00e9marrer l\u2019ann\u00e9e sportive<\/strong><\/h3>\n<p>Hier soir, le <strong>Club du Sport<\/strong> a officiellement lanc\u00e9 sa nouvelle saison lors d\u2019un \u00e9v\u00e9nement, organis\u00e9 dans les tout nouveaux locaux de <strong>ReGNR<\/strong>. Une soir\u00e9e qui a r\u00e9uni nos membres autour d\u2019un programme riche et motivant.<\/p>\n<p>Entre <strong>pr\u00e9sentation du calendrier 2024<\/strong>, remise des dotations et <strong>visite des locaux de ReGNR<\/strong>, l\u2019ambiance \u00e9tait plac\u00e9e sous le signe du partage et de l\u2019enthousiasme. Un moment privil\u00e9gi\u00e9 pour renforcer la coh\u00e9sion entre les membres et amorcer cette ann\u00e9e sportive avec ambition !<\/p>\n<h3><strong>Un cadre id\u00e9al chez ReGNR<\/strong><\/h3>\n<p>Pour cette rentr\u00e9e, le Club du Sport a eu la chance d\u2019\u00eatre accueilli par <strong>ReGNR<\/strong>, entreprise innovante qui partage des valeurs fortes de bien-\u00eatre et de performance. La visite de leurs nouveaux locaux a \u00e9t\u00e9 une belle opportunit\u00e9 de d\u00e9couvrir un environnement moderne et stimulant, parfaitement en phase avec l\u2019esprit du Club du Sport.<\/p>\n<h3><strong>Un programme rythm\u00e9 et motivant<\/strong><\/h3>\n<p>Au fil de la soir\u00e9e, les participants ont pu :<\/p>\n<ul>\n<li>D\u00e9couvrir le <strong>calendrier sportif 2025<\/strong>\u00a0et ses temps forts<\/li>\n<li><strong>Visiter les nouveaux locaux de ReGNR<\/strong><\/li>\n<li>Recevoir leurs <strong>dotations, guides et carnets d\u2019entra\u00eenement<\/strong><\/li>\n<li>Acc\u00e9der aux <strong>produits exclusifs <\/strong>de la boutique<\/li>\n<li>Profiter d\u2019un <strong>moment convivial<\/strong> autour d\u2019un buffet gourmand<\/li>\n<\/ul>\n<p>Un \u00e9v\u00e9nement r\u00e9ussi qui marque un excellent d\u00e9part pour une ann\u00e9e pleine de challenges et de d\u00e9passement de soi ![\/vc_column_text][\/vc_column][\/vc_row][vc_row type=\u00a0\u00bbin_container\u00a0\u00bb full_screen_row_position=\u00a0\u00bbmiddle\u00a0\u00bb column_margin=\u00a0\u00bbdefault\u00a0\u00bb column_direction=\u00a0\u00bbdefault\u00a0\u00bb column_direction_tablet=\u00a0\u00bbdefault\u00a0\u00bb column_direction_phone=\u00a0\u00bbdefault\u00a0\u00bb scene_position=\u00a0\u00bbcenter\u00a0\u00bb text_color=\u00a0\u00bbdark\u00a0\u00bb text_align=\u00a0\u00bbleft\u00a0\u00bb row_border_radius=\u00a0\u00bbnone\u00a0\u00bb row_border_radius_applies=\u00a0\u00bbbg\u00a0\u00bb overlay_strength=\u00a0\u00bb0.3&Prime; gradient_direction=\u00a0\u00bbleft_to_right\u00a0\u00bb shape_divider_position=\u00a0\u00bbbottom\u00a0\u00bb bg_image_animation=\u00a0\u00bbnone\u00a0\u00bb][vc_column column_padding=\u00a0\u00bbno-extra-padding\u00a0\u00bb column_padding_tablet=\u00a0\u00bbinherit\u00a0\u00bb column_padding_phone=\u00a0\u00bbinherit\u00a0\u00bb column_padding_position=\u00a0\u00bball\u00a0\u00bb background_color_opacity=\u00a0\u00bb1&Prime; background_hover_color_opacity=\u00a0\u00bb1&Prime; column_shadow=\u00a0\u00bbnone\u00a0\u00bb column_border_radius=\u00a0\u00bbnone\u00a0\u00bb column_link_target=\u00a0\u00bb_self\u00a0\u00bb gradient_direction=\u00a0\u00bbleft_to_right\u00a0\u00bb overlay_strength=\u00a0\u00bb0.3&Prime; width=\u00a0\u00bb1\/1&Prime; tablet_width_inherit=\u00a0\u00bbdefault\u00a0\u00bb tablet_text_alignment=\u00a0\u00bbdefault\u00a0\u00bb phone_text_alignment=\u00a0\u00bbdefault\u00a0\u00bb column_border_width=\u00a0\u00bbnone\u00a0\u00bb column_border_style=\u00a0\u00bbsolid\u00a0\u00bb bg_image_animation=\u00a0\u00bbnone\u00a0\u00bb][vc_column_text]Retrouvez les informations sur ReGNR :<strong> <a href=\"https:\/\/www.regnr.fr\/\" target=\"_blank\" rel=\"noopener noreferrer\">site officiel<\/a><\/strong><\/p>\n<p>Envie d&rsquo;en savoir plus sur le Club du Sport : <strong><a href=\"https:\/\/exaequo-communication.fr\/index.php\/club-du-sport\/\">cliquer-ici<\/a><\/strong>[\/vc_column_text][\/vc_column][\/vc_row]\n","protected":false},"excerpt":{"rendered":"<p>Hier soir avait lieu la traditionnelle soir\u00e9e de rentr\u00e9e du <strong><a href=\"https:\/\/exaequo-communication.fr\/index.php\/coaching-sportif\/\" target=\"_blank\" rel=\"noopener\">Club du Sport Exaequo<\/a><\/strong>.<\/p>\n","protected":false},"author":22,"featured_media":15675,"comment_status":"closed","ping_status":"closed","sticky":false,"template":"","format":"standard","meta":{"footnotes":""},"categories":[1,179],"tags":[],"class_list":{"0":"post-15674","1":"post","2":"type-post","3":"status-publish","4":"format-standard","5":"has-post-thumbnail","7":"category-actualites","8":"category-coaching"},"yoast_head":"<!-- This site is optimized with the Yoast SEO plugin v27.0 - https:\/\/yoast.com\/product\/yoast-seo-wordpress\/ -->\n<title>Le Club du Sport a fait sa rentr\u00e9e - Exaequo communication<\/title>\n<meta name=\"description\" content=\"Hier soir avait lieu la traditionnelle soir\u00e9e de rentr\u00e9e du Club du Sport Exaequo, un rendez-vous chez ReGNR.\" \/>\n<meta name=\"robots\" content=\"index, follow, max-snippet:-1, max-image-preview:large, max-video-preview:-1\" \/>\n<link rel=\"canonical\" href=\"https:\/\/exaequo-communication.fr\/index.php\/2025\/01\/31\/rentree-club-du-sport-2025\/\" \/>\n<meta property=\"og:locale\" content=\"fr_FR\" \/>\n<meta property=\"og:type\" content=\"article\" \/>\n<meta property=\"og:title\" content=\"Le Club du Sport a fait sa rentr\u00e9e\" \/>\n<meta property=\"og:description\" content=\"Hier soir avait lieu la traditionnelle soir\u00e9e de rentr\u00e9e du Club du Sport Exaequo.\" \/>\n<meta property=\"og:url\" content=\"https:\/\/exaequo-communication.fr\/index.php\/2025\/01\/31\/rentree-club-du-sport-2025\/\" \/>\n<meta property=\"og:site_name\" content=\"Exaequo communication\" \/>\n<meta property=\"article:published_time\" content=\"2025-01-31T17:00:28+00:00\" \/>\n<meta property=\"article:modified_time\" content=\"2025-02-10T16:21:42+00:00\" \/>\n<meta property=\"og:image\" content=\"https:\/\/exaequo-communication.fr\/wp-content\/uploads\/2025\/02\/IMG-20250131-WA0007.jpg\" \/>\n\t<meta property=\"og:image:width\" content=\"1365\" \/>\n\t<meta property=\"og:image:height\" content=\"1024\" \/>\n\t<meta property=\"og:image:type\" content=\"image\/jpeg\" \/>\n<meta name=\"author\" content=\"Noah\" \/>\n<meta name=\"twitter:card\" content=\"summary_large_image\" \/>\n<meta name=\"twitter:title\" content=\"Le Club du Sport a fait sa rentr\u00e9e\" \/>\n<meta name=\"twitter:description\" content=\"Hier soir, avait lieu au sein de l&#039;Institution Saint-Joseph, la traditionnelle soir\u00e9e de la galette pour la rentr\u00e9e du Club du Sport Exaequo.\" \/>\n<meta name=\"twitter:image\" content=\"https:\/\/exaequo-communication.fr\/wp-content\/uploads\/2022\/03\/CDS-Rentree-2022-7-scaled.jpg\" \/>\n<meta name=\"twitter:label1\" content=\"\u00c9crit par\" \/>\n\t<meta name=\"twitter:data1\" content=\"Noah\" \/>\n\t<meta name=\"twitter:label2\" content=\"Dur\u00e9e de lecture estim\u00e9e\" \/>\n\t<meta name=\"twitter:data2\" content=\"3 minutes\" \/>\n<script type=\"application\/ld+json\" class=\"yoast-schema-graph\">{\"@context\":\"https:\/\/schema.org\",\"@graph\":[{\"@type\":\"Article\",\"@id\":\"https:\/\/exaequo-communication.fr\/index.php\/2025\/01\/31\/rentree-club-du-sport-2025\/#article\",\"isPartOf\":{\"@id\":\"https:\/\/exaequo-communication.fr\/index.php\/2025\/01\/31\/rentree-club-du-sport-2025\/\"},\"author\":{\"name\":\"Noah\",\"@id\":\"https:\/\/exaequo-communication.fr\/#\/schema\/person\/c28633f3a7c202e5c427512376a2e7ca\"},\"headline\":\"Le Club du Sport a fait sa rentr\u00e9e\",\"datePublished\":\"2025-01-31T17:00:28+00:00\",\"dateModified\":\"2025-02-10T16:21:42+00:00\",\"mainEntityOfPage\":{\"@id\":\"https:\/\/exaequo-communication.fr\/index.php\/2025\/01\/31\/rentree-club-du-sport-2025\/\"},\"wordCount\":791,\"image\":{\"@id\":\"https:\/\/exaequo-communication.fr\/index.php\/2025\/01\/31\/rentree-club-du-sport-2025\/#primaryimage\"},\"thumbnailUrl\":\"https:\/\/exaequo-communication.fr\/wp-content\/uploads\/2025\/02\/IMG-20250131-WA0007.jpg\",\"articleSection\":[\"Actualit\u00e9s\",\"Coaching\"],\"inLanguage\":\"fr-FR\"},{\"@type\":\"WebPage\",\"@id\":\"https:\/\/exaequo-communication.fr\/index.php\/2025\/01\/31\/rentree-club-du-sport-2025\/\",\"url\":\"https:\/\/exaequo-communication.fr\/index.php\/2025\/01\/31\/rentree-club-du-sport-2025\/\",\"name\":\"Le Club du Sport a fait sa rentr\u00e9e - Exaequo communication\",\"isPartOf\":{\"@id\":\"https:\/\/exaequo-communication.fr\/#website\"},\"primaryImageOfPage\":{\"@id\":\"https:\/\/exaequo-communication.fr\/index.php\/2025\/01\/31\/rentree-club-du-sport-2025\/#primaryimage\"},\"image\":{\"@id\":\"https:\/\/exaequo-communication.fr\/index.php\/2025\/01\/31\/rentree-club-du-sport-2025\/#primaryimage\"},\"thumbnailUrl\":\"https:\/\/exaequo-communication.fr\/wp-content\/uploads\/2025\/02\/IMG-20250131-WA0007.jpg\",\"datePublished\":\"2025-01-31T17:00:28+00:00\",\"dateModified\":\"2025-02-10T16:21:42+00:00\",\"author\":{\"@id\":\"https:\/\/exaequo-communication.fr\/#\/schema\/person\/c28633f3a7c202e5c427512376a2e7ca\"},\"description\":\"Hier soir avait lieu la traditionnelle soir\u00e9e de rentr\u00e9e du Club du Sport Exaequo, un rendez-vous chez ReGNR.\",\"breadcrumb\":{\"@id\":\"https:\/\/exaequo-communication.fr\/index.php\/2025\/01\/31\/rentree-club-du-sport-2025\/#breadcrumb\"},\"inLanguage\":\"fr-FR\",\"potentialAction\":[{\"@type\":\"ReadAction\",\"target\":[\"https:\/\/exaequo-communication.fr\/index.php\/2025\/01\/31\/rentree-club-du-sport-2025\/\"]}]},{\"@type\":\"ImageObject\",\"inLanguage\":\"fr-FR\",\"@id\":\"https:\/\/exaequo-communication.fr\/index.php\/2025\/01\/31\/rentree-club-du-sport-2025\/#primaryimage\",\"url\":\"https:\/\/exaequo-communication.fr\/wp-content\/uploads\/2025\/02\/IMG-20250131-WA0007.jpg\",\"contentUrl\":\"https:\/\/exaequo-communication.fr\/wp-content\/uploads\/2025\/02\/IMG-20250131-WA0007.jpg\",\"width\":1365,\"height\":1024,\"caption\":\"Rentr\u00e9e du Club du Sport 2025 chez ReGNR\"},{\"@type\":\"BreadcrumbList\",\"@id\":\"https:\/\/exaequo-communication.fr\/index.php\/2025\/01\/31\/rentree-club-du-sport-2025\/#breadcrumb\",\"itemListElement\":[{\"@type\":\"ListItem\",\"position\":1,\"name\":\"Accueil\",\"item\":\"https:\/\/exaequo-communication.fr\/\"},{\"@type\":\"ListItem\",\"position\":2,\"name\":\"Le Club du Sport a fait sa rentr\u00e9e\"}]},{\"@type\":\"WebSite\",\"@id\":\"https:\/\/exaequo-communication.fr\/#website\",\"url\":\"https:\/\/exaequo-communication.fr\/\",\"name\":\"Exaequo communication\",\"description\":\"\",\"potentialAction\":[{\"@type\":\"SearchAction\",\"target\":{\"@type\":\"EntryPoint\",\"urlTemplate\":\"https:\/\/exaequo-communication.fr\/?s={search_term_string}\"},\"query-input\":{\"@type\":\"PropertyValueSpecification\",\"valueRequired\":true,\"valueName\":\"search_term_string\"}}],\"inLanguage\":\"fr-FR\"},{\"@type\":\"Person\",\"@id\":\"https:\/\/exaequo-communication.fr\/#\/schema\/person\/c28633f3a7c202e5c427512376a2e7ca\",\"name\":\"Noah\",\"image\":{\"@type\":\"ImageObject\",\"inLanguage\":\"fr-FR\",\"@id\":\"https:\/\/exaequo-communication.fr\/#\/schema\/person\/image\/\",\"url\":\"https:\/\/secure.gravatar.com\/avatar\/70d12748ddaeba8bad327e70a86dffe52c00c33c30dcf0e3cfee09d9e7293b61?s=96&d=mm&r=g\",\"contentUrl\":\"https:\/\/secure.gravatar.com\/avatar\/70d12748ddaeba8bad327e70a86dffe52c00c33c30dcf0e3cfee09d9e7293b61?s=96&d=mm&r=g\",\"caption\":\"Noah\"},\"url\":\"https:\/\/exaequo-communication.fr\/index.php\/author\/noah\/\"}]}<\/script>\n<!-- \/ Yoast SEO plugin. -->","yoast_head_json":{"title":"Le Club du Sport a fait sa rentr\u00e9e - Exaequo communication","description":"Hier soir avait lieu la traditionnelle soir\u00e9e de rentr\u00e9e du Club du Sport Exaequo, un rendez-vous chez ReGNR.","robots":{"index":"index","follow":"follow","max-snippet":"max-snippet:-1","max-image-preview":"max-image-preview:large","max-video-preview":"max-video-preview:-1"},"canonical":"https:\/\/exaequo-communication.fr\/index.php\/2025\/01\/31\/rentree-club-du-sport-2025\/","og_locale":"fr_FR","og_type":"article","og_title":"Le Club du Sport a fait sa rentr\u00e9e","og_description":"Hier soir avait lieu la traditionnelle soir\u00e9e de rentr\u00e9e du Club du Sport Exaequo.","og_url":"https:\/\/exaequo-communication.fr\/index.php\/2025\/01\/31\/rentree-club-du-sport-2025\/","og_site_name":"Exaequo communication","article_published_time":"2025-01-31T17:00:28+00:00","article_modified_time":"2025-02-10T16:21:42+00:00","og_image":[{"width":1365,"height":1024,"url":"https:\/\/exaequo-communication.fr\/wp-content\/uploads\/2025\/02\/IMG-20250131-WA0007.jpg","type":"image\/jpeg"}],"author":"Noah","twitter_card":"summary_large_image","twitter_title":"Le Club du Sport a fait sa rentr\u00e9e","twitter_description":"Hier soir, avait lieu au sein de l'Institution Saint-Joseph, la traditionnelle soir\u00e9e de la galette pour la rentr\u00e9e du Club du Sport Exaequo.","twitter_image":"https:\/\/exaequo-communication.fr\/wp-content\/uploads\/2022\/03\/CDS-Rentree-2022-7-scaled.jpg","twitter_misc":{"\u00c9crit par":"Noah","Dur\u00e9e de lecture estim\u00e9e":"3 minutes"},"schema":{"@context":"https:\/\/schema.org","@graph":[{"@type":"Article","@id":"https:\/\/exaequo-communication.fr\/index.php\/2025\/01\/31\/rentree-club-du-sport-2025\/#article","isPartOf":{"@id":"https:\/\/exaequo-communication.fr\/index.php\/2025\/01\/31\/rentree-club-du-sport-2025\/"},"author":{"name":"Noah","@id":"https:\/\/exaequo-communication.fr\/#\/schema\/person\/c28633f3a7c202e5c427512376a2e7ca"},"headline":"Le Club du Sport a fait sa rentr\u00e9e","datePublished":"2025-01-31T17:00:28+00:00","dateModified":"2025-02-10T16:21:42+00:00","mainEntityOfPage":{"@id":"https:\/\/exaequo-communication.fr\/index.php\/2025\/01\/31\/rentree-club-du-sport-2025\/"},"wordCount":791,"image":{"@id":"https:\/\/exaequo-communication.fr\/index.php\/2025\/01\/31\/rentree-club-du-sport-2025\/#primaryimage"},"thumbnailUrl":"https:\/\/exaequo-communication.fr\/wp-content\/uploads\/2025\/02\/IMG-20250131-WA0007.jpg","articleSection":["Actualit\u00e9s","Coaching"],"inLanguage":"fr-FR"},{"@type":"WebPage","@id":"https:\/\/exaequo-communication.fr\/index.php\/2025\/01\/31\/rentree-club-du-sport-2025\/","url":"https:\/\/exaequo-communication.fr\/index.php\/2025\/01\/31\/rentree-club-du-sport-2025\/","name":"Le Club du Sport a fait sa rentr\u00e9e - Exaequo communication","isPartOf":{"@id":"https:\/\/exaequo-communication.fr\/#website"},"primaryImageOfPage":{"@id":"https:\/\/exaequo-communication.fr\/index.php\/2025\/01\/31\/rentree-club-du-sport-2025\/#primaryimage"},"image":{"@id":"https:\/\/exaequo-communication.fr\/index.php\/2025\/01\/31\/rentree-club-du-sport-2025\/#primaryimage"},"thumbnailUrl":"https:\/\/exaequo-communication.fr\/wp-content\/uploads\/2025\/02\/IMG-20250131-WA0007.jpg","datePublished":"2025-01-31T17:00:28+00:00","dateModified":"2025-02-10T16:21:42+00:00","author":{"@id":"https:\/\/exaequo-communication.fr\/#\/schema\/person\/c28633f3a7c202e5c427512376a2e7ca"},"description":"Hier soir avait lieu la traditionnelle soir\u00e9e de rentr\u00e9e du Club du Sport Exaequo, un rendez-vous chez ReGNR.","breadcrumb":{"@id":"https:\/\/exaequo-communication.fr\/index.php\/2025\/01\/31\/rentree-club-du-sport-2025\/#breadcrumb"},"inLanguage":"fr-FR","potentialAction":[{"@type":"ReadAction","target":["https:\/\/exaequo-communication.fr\/index.php\/2025\/01\/31\/rentree-club-du-sport-2025\/"]}]},{"@type":"ImageObject","inLanguage":"fr-FR","@id":"https:\/\/exaequo-communication.fr\/index.php\/2025\/01\/31\/rentree-club-du-sport-2025\/#primaryimage","url":"https:\/\/exaequo-communication.fr\/wp-content\/uploads\/2025\/02\/IMG-20250131-WA0007.jpg","contentUrl":"https:\/\/exaequo-communication.fr\/wp-content\/uploads\/2025\/02\/IMG-20250131-WA0007.jpg","width":1365,"height":1024,"caption":"Rentr\u00e9e du Club du Sport 2025 chez ReGNR"},{"@type":"BreadcrumbList","@id":"https:\/\/exaequo-communication.fr\/index.php\/2025\/01\/31\/rentree-club-du-sport-2025\/#breadcrumb","itemListElement":[{"@type":"ListItem","position":1,"name":"Accueil","item":"https:\/\/exaequo-communication.fr\/"},{"@type":"ListItem","position":2,"name":"Le Club du Sport a fait sa rentr\u00e9e"}]},{"@type":"WebSite","@id":"https:\/\/exaequo-communication.fr\/#website","url":"https:\/\/exaequo-communication.fr\/","name":"Exaequo communication","description":"","potentialAction":[{"@type":"SearchAction","target":{"@type":"EntryPoint","urlTemplate":"https:\/\/exaequo-communication.fr\/?s={search_term_string}"},"query-input":{"@type":"PropertyValueSpecification","valueRequired":true,"valueName":"search_term_string"}}],"inLanguage":"fr-FR"},{"@type":"Person","@id":"https:\/\/exaequo-communication.fr\/#\/schema\/person\/c28633f3a7c202e5c427512376a2e7ca","name":"Noah","image":{"@type":"ImageObject","inLanguage":"fr-FR","@id":"https:\/\/exaequo-communication.fr\/#\/schema\/person\/image\/","url":"https:\/\/secure.gravatar.com\/avatar\/70d12748ddaeba8bad327e70a86dffe52c00c33c30dcf0e3cfee09d9e7293b61?s=96&d=mm&r=g","contentUrl":"https:\/\/secure.gravatar.com\/avatar\/70d12748ddaeba8bad327e70a86dffe52c00c33c30dcf0e3cfee09d9e7293b61?s=96&d=mm&r=g","caption":"Noah"},"url":"https:\/\/exaequo-communication.fr\/index.php\/author\/noah\/"}]}},"_links":{"self":[{"href":"https:\/\/exaequo-communication.fr\/index.php\/wp-json\/wp\/v2\/posts\/15674","targetHints":{"allow":["GET"]}}],"collection":[{"href":"https:\/\/exaequo-communication.fr\/index.php\/wp-json\/wp\/v2\/posts"}],"about":[{"href":"https:\/\/exaequo-communication.fr\/index.php\/wp-json\/wp\/v2\/types\/post"}],"author":[{"embeddable":true,"href":"https:\/\/exaequo-communication.fr\/index.php\/wp-json\/wp\/v2\/users\/22"}],"replies":[{"embeddable":true,"href":"https:\/\/exaequo-communication.fr\/index.php\/wp-json\/wp\/v2\/comments?post=15674"}],"version-history":[{"count":4,"href":"https:\/\/exaequo-communication.fr\/index.php\/wp-json\/wp\/v2\/posts\/15674\/revisions"}],"predecessor-version":[{"id":15682,"href":"https:\/\/exaequo-communication.fr\/index.php\/wp-json\/wp\/v2\/posts\/15674\/revisions\/15682"}],"wp:featuredmedia":[{"embeddable":true,"href":"https:\/\/exaequo-communication.fr\/index.php\/wp-json\/wp\/v2\/media\/15675"}],"wp:attachment":[{"href":"https:\/\/exaequo-communication.fr\/index.php\/wp-json\/wp\/v2\/media?parent=15674"}],"wp:term":[{"taxonomy":"category","embeddable":true,"href":"https:\/\/exaequo-communication.fr\/index.php\/wp-json\/wp\/v2\/categories?post=15674"},{"taxonomy":"post_tag","embeddable":true,"href":"https:\/\/exaequo-communication.fr\/index.php\/wp-json\/wp\/v2\/tags?post=15674"}],"curies":[{"name":"wp","href":"https:\/\/api.w.org\/{rel}","templated":true}]}}