{"id":15608,"date":"2024-12-02T11:45:38","date_gmt":"2024-12-02T10:45:38","guid":{"rendered":"https:\/\/exaequo-communication.fr\/?p=15608"},"modified":"2024-11-29T13:44:33","modified_gmt":"2024-11-29T12:44:33","slug":"petit-dejeuner-benjamin-lacroix-desmaze","status":"publish","type":"post","link":"https:\/\/exaequo-communication.fr\/index.php\/2024\/12\/02\/petit-dejeuner-benjamin-lacroix-desmaze\/","title":{"rendered":"Quand le volley-assis nous \u00e9l\u00e8ve"},"content":{"rendered":"[vc_row type=\u00a0\u00bbin_container\u00a0\u00bb full_screen_row_position=\u00a0\u00bbmiddle\u00a0\u00bb column_margin=\u00a0\u00bbdefault\u00a0\u00bb column_direction=\u00a0\u00bbdefault\u00a0\u00bb column_direction_tablet=\u00a0\u00bbdefault\u00a0\u00bb column_direction_phone=\u00a0\u00bbdefault\u00a0\u00bb scene_position=\u00a0\u00bbcenter\u00a0\u00bb top_padding=\u00a0\u00bb10&Prime; text_color=\u00a0\u00bbdark\u00a0\u00bb text_align=\u00a0\u00bbleft\u00a0\u00bb row_border_radius=\u00a0\u00bbnone\u00a0\u00bb row_border_radius_applies=\u00a0\u00bbbg\u00a0\u00bb overlay_strength=\u00a0\u00bb0.3&Prime; gradient_direction=\u00a0\u00bbleft_to_right\u00a0\u00bb shape_divider_position=\u00a0\u00bbbottom\u00a0\u00bb bg_image_animation=\u00a0\u00bbnone\u00a0\u00bb shape_type=\u00a0\u00bb\u00a0\u00bb][vc_column column_padding=\u00a0\u00bbno-extra-padding\u00a0\u00bb column_padding_tablet=\u00a0\u00bbinherit\u00a0\u00bb column_padding_phone=\u00a0\u00bbinherit\u00a0\u00bb column_padding_position=\u00a0\u00bball\u00a0\u00bb background_color_opacity=\u00a0\u00bb1&Prime; background_hover_color_opacity=\u00a0\u00bb1&Prime; column_shadow=\u00a0\u00bbnone\u00a0\u00bb column_border_radius=\u00a0\u00bbnone\u00a0\u00bb column_link_target=\u00a0\u00bb_self\u00a0\u00bb gradient_direction=\u00a0\u00bbleft_to_right\u00a0\u00bb overlay_strength=\u00a0\u00bb0.3&Prime; width=\u00a0\u00bb1\/2&Prime; tablet_width_inherit=\u00a0\u00bbdefault\u00a0\u00bb tablet_text_alignment=\u00a0\u00bbdefault\u00a0\u00bb phone_text_alignment=\u00a0\u00bbdefault\u00a0\u00bb column_border_width=\u00a0\u00bbnone\u00a0\u00bb column_border_style=\u00a0\u00bbsolid\u00a0\u00bb bg_image_animation=\u00a0\u00bbnone\u00a0\u00bb][vc_gallery type=\u00a0\u00bbflexslider_style\u00a0\u00bb images=\u00a0\u00bb15617,15612,15611,15609&Prime; onclick=\u00a0\u00bblink_no\u00a0\u00bb][\/vc_column][vc_column column_padding=\u00a0\u00bbno-extra-padding\u00a0\u00bb column_padding_tablet=\u00a0\u00bbinherit\u00a0\u00bb column_padding_phone=\u00a0\u00bbinherit\u00a0\u00bb column_padding_position=\u00a0\u00bball\u00a0\u00bb background_color_opacity=\u00a0\u00bb1&Prime; background_hover_color_opacity=\u00a0\u00bb1&Prime; column_shadow=\u00a0\u00bbnone\u00a0\u00bb column_border_radius=\u00a0\u00bbnone\u00a0\u00bb column_link_target=\u00a0\u00bb_self\u00a0\u00bb gradient_direction=\u00a0\u00bbleft_to_right\u00a0\u00bb overlay_strength=\u00a0\u00bb0.3&Prime; width=\u00a0\u00bb1\/2&Prime; tablet_width_inherit=\u00a0\u00bbdefault\u00a0\u00bb tablet_text_alignment=\u00a0\u00bbdefault\u00a0\u00bb phone_text_alignment=\u00a0\u00bbdefault\u00a0\u00bb column_border_width=\u00a0\u00bbnone\u00a0\u00bb column_border_style=\u00a0\u00bbsolid\u00a0\u00bb bg_image_animation=\u00a0\u00bbnone\u00a0\u00bb][split_line_heading animation_type=\u00a0\u00bbdefault\u00a0\u00bb]\n<h3>Immersion dans l&rsquo;univers du volley-assis avec Benjamin Lacroix-Desmazes<\/h3>\n<p>Le vendredi 29 novembre, le Club du Sport s\u2019est au<strong><a href=\"https:\/\/www.lemancel.fr\/fr\/\"> Mancel<\/a>,<\/strong>\u00a0pour un petit-d\u00e9jeuner riche en \u00e9changes et en d\u00e9couvertes. Nous avons eu l\u2019honneur d\u2019accueillir <strong>Benjamin Lacroix-Desmazes<\/strong> et <strong>Florian Foulquier<\/strong>, deux figures inspirantes du sport paralympique, venus partager leur passion et leur exp\u00e9rience du <strong>volley-assis<\/strong>.[\/split_line_heading][\/vc_column][\/vc_row][vc_row type=\u00a0\u00bbin_container\u00a0\u00bb full_screen_row_position=\u00a0\u00bbmiddle\u00a0\u00bb column_margin=\u00a0\u00bbdefault\u00a0\u00bb column_direction=\u00a0\u00bbdefault\u00a0\u00bb column_direction_tablet=\u00a0\u00bbdefault\u00a0\u00bb column_direction_phone=\u00a0\u00bbdefault\u00a0\u00bb scene_position=\u00a0\u00bbcenter\u00a0\u00bb text_color=\u00a0\u00bbdark\u00a0\u00bb text_align=\u00a0\u00bbleft\u00a0\u00bb row_border_radius=\u00a0\u00bbnone\u00a0\u00bb row_border_radius_applies=\u00a0\u00bbbg\u00a0\u00bb overlay_strength=\u00a0\u00bb0.3&Prime; gradient_direction=\u00a0\u00bbleft_to_right\u00a0\u00bb shape_divider_position=\u00a0\u00bbbottom\u00a0\u00bb bg_image_animation=\u00a0\u00bbnone\u00a0\u00bb][vc_column column_padding=\u00a0\u00bbno-extra-padding\u00a0\u00bb column_padding_tablet=\u00a0\u00bbinherit\u00a0\u00bb column_padding_phone=\u00a0\u00bbinherit\u00a0\u00bb column_padding_position=\u00a0\u00bball\u00a0\u00bb background_color_opacity=\u00a0\u00bb1&Prime; background_hover_color_opacity=\u00a0\u00bb1&Prime; column_shadow=\u00a0\u00bbnone\u00a0\u00bb column_border_radius=\u00a0\u00bbnone\u00a0\u00bb column_link_target=\u00a0\u00bb_self\u00a0\u00bb gradient_direction=\u00a0\u00bbleft_to_right\u00a0\u00bb overlay_strength=\u00a0\u00bb0.3&Prime; width=\u00a0\u00bb1\/1&Prime; tablet_width_inherit=\u00a0\u00bbdefault\u00a0\u00bb tablet_text_alignment=\u00a0\u00bbdefault\u00a0\u00bb phone_text_alignment=\u00a0\u00bbdefault\u00a0\u00bb column_border_width=\u00a0\u00bbnone\u00a0\u00bb column_border_style=\u00a0\u00bbsolid\u00a0\u00bb bg_image_animation=\u00a0\u00bbnone\u00a0\u00bb][vc_column_text]\n<h3><strong>Un moment de partage autour du volley-assis<\/strong><\/h3>\n<p>Dans cette ambiance conviviale, les membres du Club ont d\u00e9couvert les sp\u00e9cificit\u00e9s du <strong>volley-assis<\/strong>, discipline exigeante qui incarne l\u2019esprit d\u2019inclusion et de d\u00e9passement de soi :<\/p>\n<ul>\n<li>Un terrain plus petit (10&#215;6 m contre 18&#215;9 m pour le volley classique),<\/li>\n<li>Un filet \u00e0 hauteur ajust\u00e9e (1,15 m pour les hommes et 1,05 m pour les femmes),<\/li>\n<li>Une intensit\u00e9 de jeu qui exige pr\u00e9cision et strat\u00e9gie.<\/li>\n<\/ul>\n<p>Cette pr\u00e9sentation a permis de mieux comprendre les adaptations et les d\u00e9fis uniques de ce sport en pleine croissance.<\/p>\n<h3><strong>Les coulisses des Jeux Paralympiques<\/strong><\/h3>\n<p>Le capitaine de l&rsquo;\u00e9quipe de France a \u00e9galement ouvert une fen\u00eatre sur son parcours lors des <strong>Jeux Paralympiques<\/strong>, o\u00f9 il a fi\u00e8rement repr\u00e9sent\u00e9 la France. Une aventure marqu\u00e9e par :<\/p>\n<ul>\n<li>Une pr\u00e9paration rigoureuse alternant entra\u00eenements, r\u00e9cup\u00e9ration et analyse vid\u00e9o,<\/li>\n<li>La vie dans le village olympique, entre comp\u00e9titions, moments de repos et \u00e9changes interculturels,<\/li>\n<li>Une <strong>8\u1d49 place<\/strong> pour une premi\u00e8re participation<\/li>\n<\/ul>\n<p>Benjamin a \u00e9galement \u00e9voqu\u00e9 l\u2019importance des d\u00e9fis post-Jeux : la collaboration avec des kin\u00e9s, le d\u00e9veloppement de partenariats et la promotion continue du volley-assis aupr\u00e8s du grand public.<\/p>\n<p>Ce petit-d\u00e9jeuner au Mancel a une nouvelle fois montr\u00e9 la force du <a href=\"https:\/\/exaequo-communication.fr\/index.php\/coaching-sportif-2\/\"><strong>Club du Sport<\/strong><\/a>, un lieu de rencontre et d\u2019inspiration pour les professionnels, les passionn\u00e9s et les athl\u00e8tes. Ces moments renforcent notre conviction que le sport est bien plus qu\u2019une discipline : c\u2019est une \u00e9cole de vie et un outil puissant pour rassembler.<\/p>\n<p>Un grand merci \u00e0 <strong>Benjamin Lacroix-Desmazes<\/strong>, \u00e0 <strong>Florian Foulquier<\/strong> et \u00e0 tous les participants pour avoir fait de ce petit d\u00e9jeuner une r\u00e9ussite.[\/vc_column_text][\/vc_column][\/vc_row][vc_row type=\u00a0\u00bbin_container\u00a0\u00bb full_screen_row_position=\u00a0\u00bbmiddle\u00a0\u00bb column_margin=\u00a0\u00bbdefault\u00a0\u00bb column_direction=\u00a0\u00bbdefault\u00a0\u00bb column_direction_tablet=\u00a0\u00bbdefault\u00a0\u00bb column_direction_phone=\u00a0\u00bbdefault\u00a0\u00bb scene_position=\u00a0\u00bbcenter\u00a0\u00bb text_color=\u00a0\u00bbdark\u00a0\u00bb text_align=\u00a0\u00bbleft\u00a0\u00bb row_border_radius=\u00a0\u00bbnone\u00a0\u00bb row_border_radius_applies=\u00a0\u00bbbg\u00a0\u00bb overlay_strength=\u00a0\u00bb0.3&Prime; gradient_direction=\u00a0\u00bbleft_to_right\u00a0\u00bb shape_divider_position=\u00a0\u00bbbottom\u00a0\u00bb bg_image_animation=\u00a0\u00bbnone\u00a0\u00bb][vc_column column_padding=\u00a0\u00bbno-extra-padding\u00a0\u00bb column_padding_tablet=\u00a0\u00bbinherit\u00a0\u00bb column_padding_phone=\u00a0\u00bbinherit\u00a0\u00bb column_padding_position=\u00a0\u00bball\u00a0\u00bb background_color_opacity=\u00a0\u00bb1&Prime; background_hover_color_opacity=\u00a0\u00bb1&Prime; column_shadow=\u00a0\u00bbnone\u00a0\u00bb column_border_radius=\u00a0\u00bbnone\u00a0\u00bb column_link_target=\u00a0\u00bb_self\u00a0\u00bb gradient_direction=\u00a0\u00bbleft_to_right\u00a0\u00bb overlay_strength=\u00a0\u00bb0.3&Prime; width=\u00a0\u00bb1\/1&Prime; tablet_width_inherit=\u00a0\u00bbdefault\u00a0\u00bb tablet_text_alignment=\u00a0\u00bbdefault\u00a0\u00bb phone_text_alignment=\u00a0\u00bbdefault\u00a0\u00bb column_border_width=\u00a0\u00bbnone\u00a0\u00bb column_border_style=\u00a0\u00bbsolid\u00a0\u00bb bg_image_animation=\u00a0\u00bbnone\u00a0\u00bb][vc_column_text]Retrouvez les informations sur Le Mancel :<strong> <a href=\"https:\/\/www.lemancel.fr\/fr\/\" target=\"_blank\" rel=\"noopener noreferrer\">site officiel<\/a><\/strong><\/p>\n<p>Envie d&rsquo;en savoir plus sur le Club du Sport : <strong><a href=\"https:\/\/exaequo-communication.fr\/index.php\/coaching-sportif-2\/\">cliquer-ici<\/a><\/strong>[\/vc_column_text][\/vc_column][\/vc_row]\n","protected":false},"excerpt":{"rendered":"<p>Les membres du Club du Sport ont pu partager un petit-d\u00e9jeuner aux c\u00f4t\u00e9s de Flavie. Un bon moment de partage avec une athl\u00e8te passionn\u00e9e.<\/p>\n","protected":false},"author":22,"featured_media":15610,"comment_status":"closed","ping_status":"closed","sticky":false,"template":"","format":"standard","meta":{"footnotes":""},"categories":[1,179],"tags":[],"class_list":{"0":"post-15608","1":"post","2":"type-post","3":"status-publish","4":"format-standard","5":"has-post-thumbnail","7":"category-actualites","8":"category-coaching"},"yoast_head":"<!-- This site is optimized with the Yoast SEO plugin v27.0 - https:\/\/yoast.com\/product\/yoast-seo-wordpress\/ -->\n<title>Quand le volley-assis nous \u00e9l\u00e8ve - Exaequo communication<\/title>\n<meta name=\"description\" content=\"Les membres du Club du Sport ont pu partager un petit-d\u00e9jeuner aux c\u00f4t\u00e9s de Benjamin. Un bon moment de partage avec un athl\u00e8te passionn\u00e9.\" \/>\n<meta name=\"robots\" content=\"index, follow, max-snippet:-1, max-image-preview:large, max-video-preview:-1\" \/>\n<link rel=\"canonical\" href=\"https:\/\/exaequo-communication.fr\/index.php\/2024\/12\/02\/petit-dejeuner-benjamin-lacroix-desmaze\/\" \/>\n<meta property=\"og:locale\" content=\"fr_FR\" \/>\n<meta property=\"og:type\" content=\"article\" \/>\n<meta property=\"og:title\" content=\"Quand le volley-assis nous \u00e9l\u00e8ve - Exaequo communication\" \/>\n<meta property=\"og:description\" content=\"Les membres du Club du Sport ont pu partager un petit-d\u00e9jeuner aux c\u00f4t\u00e9s de Benjamin. Un bon moment de partage avec un athl\u00e8te passionn\u00e9.\" \/>\n<meta property=\"og:url\" content=\"https:\/\/exaequo-communication.fr\/index.php\/2024\/12\/02\/petit-dejeuner-benjamin-lacroix-desmaze\/\" \/>\n<meta property=\"og:site_name\" content=\"Exaequo communication\" \/>\n<meta property=\"article:published_time\" content=\"2024-12-02T10:45:38+00:00\" \/>\n<meta property=\"og:image\" content=\"https:\/\/exaequo-communication.fr\/wp-content\/uploads\/2024\/11\/IMG_6404-scaled.jpeg\" \/>\n\t<meta property=\"og:image:width\" content=\"768\" \/>\n\t<meta property=\"og:image:height\" content=\"1024\" \/>\n\t<meta property=\"og:image:type\" content=\"image\/jpeg\" \/>\n<meta name=\"author\" content=\"Noah\" \/>\n<meta name=\"twitter:card\" content=\"summary_large_image\" \/>\n<meta name=\"twitter:title\" content=\"Le Club du Sport a fait sa rentr\u00e9e\" \/>\n<meta name=\"twitter:description\" content=\"Hier soir, avait lieu au sein de l&#039;Institution Saint-Joseph, la traditionnelle soir\u00e9e de la galette pour la rentr\u00e9e du Club du Sport Exaequo.\" \/>\n<meta name=\"twitter:image\" content=\"https:\/\/exaequo-communication.fr\/wp-content\/uploads\/2022\/03\/CDS-Rentree-2022-7-scaled.jpg\" \/>\n<meta name=\"twitter:label1\" content=\"\u00c9crit par\" \/>\n\t<meta name=\"twitter:data1\" content=\"Noah\" \/>\n\t<meta name=\"twitter:label2\" content=\"Dur\u00e9e de lecture estim\u00e9e\" \/>\n\t<meta name=\"twitter:data2\" content=\"4 minutes\" \/>\n<script type=\"application\/ld+json\" class=\"yoast-schema-graph\">{\"@context\":\"https:\/\/schema.org\",\"@graph\":[{\"@type\":\"Article\",\"@id\":\"https:\/\/exaequo-communication.fr\/index.php\/2024\/12\/02\/petit-dejeuner-benjamin-lacroix-desmaze\/#article\",\"isPartOf\":{\"@id\":\"https:\/\/exaequo-communication.fr\/index.php\/2024\/12\/02\/petit-dejeuner-benjamin-lacroix-desmaze\/\"},\"author\":{\"name\":\"Noah\",\"@id\":\"https:\/\/exaequo-communication.fr\/#\/schema\/person\/c28633f3a7c202e5c427512376a2e7ca\"},\"headline\":\"Quand le volley-assis nous \u00e9l\u00e8ve\",\"datePublished\":\"2024-12-02T10:45:38+00:00\",\"mainEntityOfPage\":{\"@id\":\"https:\/\/exaequo-communication.fr\/index.php\/2024\/12\/02\/petit-dejeuner-benjamin-lacroix-desmaze\/\"},\"wordCount\":856,\"image\":{\"@id\":\"https:\/\/exaequo-communication.fr\/index.php\/2024\/12\/02\/petit-dejeuner-benjamin-lacroix-desmaze\/#primaryimage\"},\"thumbnailUrl\":\"https:\/\/exaequo-communication.fr\/wp-content\/uploads\/2024\/11\/IMG_6404-scaled.jpeg\",\"articleSection\":[\"Actualit\u00e9s\",\"Coaching\"],\"inLanguage\":\"fr-FR\"},{\"@type\":\"WebPage\",\"@id\":\"https:\/\/exaequo-communication.fr\/index.php\/2024\/12\/02\/petit-dejeuner-benjamin-lacroix-desmaze\/\",\"url\":\"https:\/\/exaequo-communication.fr\/index.php\/2024\/12\/02\/petit-dejeuner-benjamin-lacroix-desmaze\/\",\"name\":\"Quand le volley-assis nous \u00e9l\u00e8ve - Exaequo communication\",\"isPartOf\":{\"@id\":\"https:\/\/exaequo-communication.fr\/#website\"},\"primaryImageOfPage\":{\"@id\":\"https:\/\/exaequo-communication.fr\/index.php\/2024\/12\/02\/petit-dejeuner-benjamin-lacroix-desmaze\/#primaryimage\"},\"image\":{\"@id\":\"https:\/\/exaequo-communication.fr\/index.php\/2024\/12\/02\/petit-dejeuner-benjamin-lacroix-desmaze\/#primaryimage\"},\"thumbnailUrl\":\"https:\/\/exaequo-communication.fr\/wp-content\/uploads\/2024\/11\/IMG_6404-scaled.jpeg\",\"datePublished\":\"2024-12-02T10:45:38+00:00\",\"author\":{\"@id\":\"https:\/\/exaequo-communication.fr\/#\/schema\/person\/c28633f3a7c202e5c427512376a2e7ca\"},\"description\":\"Les membres du Club du Sport ont pu partager un petit-d\u00e9jeuner aux c\u00f4t\u00e9s de Benjamin. Un bon moment de partage avec un athl\u00e8te passionn\u00e9.\",\"breadcrumb\":{\"@id\":\"https:\/\/exaequo-communication.fr\/index.php\/2024\/12\/02\/petit-dejeuner-benjamin-lacroix-desmaze\/#breadcrumb\"},\"inLanguage\":\"fr-FR\",\"potentialAction\":[{\"@type\":\"ReadAction\",\"target\":[\"https:\/\/exaequo-communication.fr\/index.php\/2024\/12\/02\/petit-dejeuner-benjamin-lacroix-desmaze\/\"]}]},{\"@type\":\"ImageObject\",\"inLanguage\":\"fr-FR\",\"@id\":\"https:\/\/exaequo-communication.fr\/index.php\/2024\/12\/02\/petit-dejeuner-benjamin-lacroix-desmaze\/#primaryimage\",\"url\":\"https:\/\/exaequo-communication.fr\/wp-content\/uploads\/2024\/11\/IMG_6404-scaled.jpeg\",\"contentUrl\":\"https:\/\/exaequo-communication.fr\/wp-content\/uploads\/2024\/11\/IMG_6404-scaled.jpeg\",\"width\":768,\"height\":1024},{\"@type\":\"BreadcrumbList\",\"@id\":\"https:\/\/exaequo-communication.fr\/index.php\/2024\/12\/02\/petit-dejeuner-benjamin-lacroix-desmaze\/#breadcrumb\",\"itemListElement\":[{\"@type\":\"ListItem\",\"position\":1,\"name\":\"Accueil\",\"item\":\"https:\/\/exaequo-communication.fr\/\"},{\"@type\":\"ListItem\",\"position\":2,\"name\":\"Quand le volley-assis nous \u00e9l\u00e8ve\"}]},{\"@type\":\"WebSite\",\"@id\":\"https:\/\/exaequo-communication.fr\/#website\",\"url\":\"https:\/\/exaequo-communication.fr\/\",\"name\":\"Exaequo communication\",\"description\":\"\",\"potentialAction\":[{\"@type\":\"SearchAction\",\"target\":{\"@type\":\"EntryPoint\",\"urlTemplate\":\"https:\/\/exaequo-communication.fr\/?s={search_term_string}\"},\"query-input\":{\"@type\":\"PropertyValueSpecification\",\"valueRequired\":true,\"valueName\":\"search_term_string\"}}],\"inLanguage\":\"fr-FR\"},{\"@type\":\"Person\",\"@id\":\"https:\/\/exaequo-communication.fr\/#\/schema\/person\/c28633f3a7c202e5c427512376a2e7ca\",\"name\":\"Noah\",\"image\":{\"@type\":\"ImageObject\",\"inLanguage\":\"fr-FR\",\"@id\":\"https:\/\/exaequo-communication.fr\/#\/schema\/person\/image\/\",\"url\":\"https:\/\/secure.gravatar.com\/avatar\/70d12748ddaeba8bad327e70a86dffe52c00c33c30dcf0e3cfee09d9e7293b61?s=96&d=mm&r=g\",\"contentUrl\":\"https:\/\/secure.gravatar.com\/avatar\/70d12748ddaeba8bad327e70a86dffe52c00c33c30dcf0e3cfee09d9e7293b61?s=96&d=mm&r=g\",\"caption\":\"Noah\"},\"url\":\"https:\/\/exaequo-communication.fr\/index.php\/author\/noah\/\"}]}<\/script>\n<!-- \/ Yoast SEO plugin. -->","yoast_head_json":{"title":"Quand le volley-assis nous \u00e9l\u00e8ve - Exaequo communication","description":"Les membres du Club du Sport ont pu partager un petit-d\u00e9jeuner aux c\u00f4t\u00e9s de Benjamin. Un bon moment de partage avec un athl\u00e8te passionn\u00e9.","robots":{"index":"index","follow":"follow","max-snippet":"max-snippet:-1","max-image-preview":"max-image-preview:large","max-video-preview":"max-video-preview:-1"},"canonical":"https:\/\/exaequo-communication.fr\/index.php\/2024\/12\/02\/petit-dejeuner-benjamin-lacroix-desmaze\/","og_locale":"fr_FR","og_type":"article","og_title":"Quand le volley-assis nous \u00e9l\u00e8ve - Exaequo communication","og_description":"Les membres du Club du Sport ont pu partager un petit-d\u00e9jeuner aux c\u00f4t\u00e9s de Benjamin. Un bon moment de partage avec un athl\u00e8te passionn\u00e9.","og_url":"https:\/\/exaequo-communication.fr\/index.php\/2024\/12\/02\/petit-dejeuner-benjamin-lacroix-desmaze\/","og_site_name":"Exaequo communication","article_published_time":"2024-12-02T10:45:38+00:00","og_image":[{"width":768,"height":1024,"url":"https:\/\/exaequo-communication.fr\/wp-content\/uploads\/2024\/11\/IMG_6404-scaled.jpeg","type":"image\/jpeg"}],"author":"Noah","twitter_card":"summary_large_image","twitter_title":"Le Club du Sport a fait sa rentr\u00e9e","twitter_description":"Hier soir, avait lieu au sein de l'Institution Saint-Joseph, la traditionnelle soir\u00e9e de la galette pour la rentr\u00e9e du Club du Sport Exaequo.","twitter_image":"https:\/\/exaequo-communication.fr\/wp-content\/uploads\/2022\/03\/CDS-Rentree-2022-7-scaled.jpg","twitter_misc":{"\u00c9crit par":"Noah","Dur\u00e9e de lecture estim\u00e9e":"4 minutes"},"schema":{"@context":"https:\/\/schema.org","@graph":[{"@type":"Article","@id":"https:\/\/exaequo-communication.fr\/index.php\/2024\/12\/02\/petit-dejeuner-benjamin-lacroix-desmaze\/#article","isPartOf":{"@id":"https:\/\/exaequo-communication.fr\/index.php\/2024\/12\/02\/petit-dejeuner-benjamin-lacroix-desmaze\/"},"author":{"name":"Noah","@id":"https:\/\/exaequo-communication.fr\/#\/schema\/person\/c28633f3a7c202e5c427512376a2e7ca"},"headline":"Quand le volley-assis nous \u00e9l\u00e8ve","datePublished":"2024-12-02T10:45:38+00:00","mainEntityOfPage":{"@id":"https:\/\/exaequo-communication.fr\/index.php\/2024\/12\/02\/petit-dejeuner-benjamin-lacroix-desmaze\/"},"wordCount":856,"image":{"@id":"https:\/\/exaequo-communication.fr\/index.php\/2024\/12\/02\/petit-dejeuner-benjamin-lacroix-desmaze\/#primaryimage"},"thumbnailUrl":"https:\/\/exaequo-communication.fr\/wp-content\/uploads\/2024\/11\/IMG_6404-scaled.jpeg","articleSection":["Actualit\u00e9s","Coaching"],"inLanguage":"fr-FR"},{"@type":"WebPage","@id":"https:\/\/exaequo-communication.fr\/index.php\/2024\/12\/02\/petit-dejeuner-benjamin-lacroix-desmaze\/","url":"https:\/\/exaequo-communication.fr\/index.php\/2024\/12\/02\/petit-dejeuner-benjamin-lacroix-desmaze\/","name":"Quand le volley-assis nous \u00e9l\u00e8ve - Exaequo communication","isPartOf":{"@id":"https:\/\/exaequo-communication.fr\/#website"},"primaryImageOfPage":{"@id":"https:\/\/exaequo-communication.fr\/index.php\/2024\/12\/02\/petit-dejeuner-benjamin-lacroix-desmaze\/#primaryimage"},"image":{"@id":"https:\/\/exaequo-communication.fr\/index.php\/2024\/12\/02\/petit-dejeuner-benjamin-lacroix-desmaze\/#primaryimage"},"thumbnailUrl":"https:\/\/exaequo-communication.fr\/wp-content\/uploads\/2024\/11\/IMG_6404-scaled.jpeg","datePublished":"2024-12-02T10:45:38+00:00","author":{"@id":"https:\/\/exaequo-communication.fr\/#\/schema\/person\/c28633f3a7c202e5c427512376a2e7ca"},"description":"Les membres du Club du Sport ont pu partager un petit-d\u00e9jeuner aux c\u00f4t\u00e9s de Benjamin. Un bon moment de partage avec un athl\u00e8te passionn\u00e9.","breadcrumb":{"@id":"https:\/\/exaequo-communication.fr\/index.php\/2024\/12\/02\/petit-dejeuner-benjamin-lacroix-desmaze\/#breadcrumb"},"inLanguage":"fr-FR","potentialAction":[{"@type":"ReadAction","target":["https:\/\/exaequo-communication.fr\/index.php\/2024\/12\/02\/petit-dejeuner-benjamin-lacroix-desmaze\/"]}]},{"@type":"ImageObject","inLanguage":"fr-FR","@id":"https:\/\/exaequo-communication.fr\/index.php\/2024\/12\/02\/petit-dejeuner-benjamin-lacroix-desmaze\/#primaryimage","url":"https:\/\/exaequo-communication.fr\/wp-content\/uploads\/2024\/11\/IMG_6404-scaled.jpeg","contentUrl":"https:\/\/exaequo-communication.fr\/wp-content\/uploads\/2024\/11\/IMG_6404-scaled.jpeg","width":768,"height":1024},{"@type":"BreadcrumbList","@id":"https:\/\/exaequo-communication.fr\/index.php\/2024\/12\/02\/petit-dejeuner-benjamin-lacroix-desmaze\/#breadcrumb","itemListElement":[{"@type":"ListItem","position":1,"name":"Accueil","item":"https:\/\/exaequo-communication.fr\/"},{"@type":"ListItem","position":2,"name":"Quand le volley-assis nous \u00e9l\u00e8ve"}]},{"@type":"WebSite","@id":"https:\/\/exaequo-communication.fr\/#website","url":"https:\/\/exaequo-communication.fr\/","name":"Exaequo communication","description":"","potentialAction":[{"@type":"SearchAction","target":{"@type":"EntryPoint","urlTemplate":"https:\/\/exaequo-communication.fr\/?s={search_term_string}"},"query-input":{"@type":"PropertyValueSpecification","valueRequired":true,"valueName":"search_term_string"}}],"inLanguage":"fr-FR"},{"@type":"Person","@id":"https:\/\/exaequo-communication.fr\/#\/schema\/person\/c28633f3a7c202e5c427512376a2e7ca","name":"Noah","image":{"@type":"ImageObject","inLanguage":"fr-FR","@id":"https:\/\/exaequo-communication.fr\/#\/schema\/person\/image\/","url":"https:\/\/secure.gravatar.com\/avatar\/70d12748ddaeba8bad327e70a86dffe52c00c33c30dcf0e3cfee09d9e7293b61?s=96&d=mm&r=g","contentUrl":"https:\/\/secure.gravatar.com\/avatar\/70d12748ddaeba8bad327e70a86dffe52c00c33c30dcf0e3cfee09d9e7293b61?s=96&d=mm&r=g","caption":"Noah"},"url":"https:\/\/exaequo-communication.fr\/index.php\/author\/noah\/"}]}},"_links":{"self":[{"href":"https:\/\/exaequo-communication.fr\/index.php\/wp-json\/wp\/v2\/posts\/15608","targetHints":{"allow":["GET"]}}],"collection":[{"href":"https:\/\/exaequo-communication.fr\/index.php\/wp-json\/wp\/v2\/posts"}],"about":[{"href":"https:\/\/exaequo-communication.fr\/index.php\/wp-json\/wp\/v2\/types\/post"}],"author":[{"embeddable":true,"href":"https:\/\/exaequo-communication.fr\/index.php\/wp-json\/wp\/v2\/users\/22"}],"replies":[{"embeddable":true,"href":"https:\/\/exaequo-communication.fr\/index.php\/wp-json\/wp\/v2\/comments?post=15608"}],"version-history":[{"count":5,"href":"https:\/\/exaequo-communication.fr\/index.php\/wp-json\/wp\/v2\/posts\/15608\/revisions"}],"predecessor-version":[{"id":15619,"href":"https:\/\/exaequo-communication.fr\/index.php\/wp-json\/wp\/v2\/posts\/15608\/revisions\/15619"}],"wp:featuredmedia":[{"embeddable":true,"href":"https:\/\/exaequo-communication.fr\/index.php\/wp-json\/wp\/v2\/media\/15610"}],"wp:attachment":[{"href":"https:\/\/exaequo-communication.fr\/index.php\/wp-json\/wp\/v2\/media?parent=15608"}],"wp:term":[{"taxonomy":"category","embeddable":true,"href":"https:\/\/exaequo-communication.fr\/index.php\/wp-json\/wp\/v2\/categories?post=15608"},{"taxonomy":"post_tag","embeddable":true,"href":"https:\/\/exaequo-communication.fr\/index.php\/wp-json\/wp\/v2\/tags?post=15608"}],"curies":[{"name":"wp","href":"https:\/\/api.w.org\/{rel}","templated":true}]}}