{"id":15585,"date":"2024-11-12T14:25:09","date_gmt":"2024-11-12T13:25:09","guid":{"rendered":"https:\/\/exaequo-communication.fr\/?p=15585"},"modified":"2024-11-12T14:25:09","modified_gmt":"2024-11-12T13:25:09","slug":"foulees-de-la-mue-club-du-sport-2024","status":"publish","type":"post","link":"https:\/\/exaequo-communication.fr\/index.php\/2024\/11\/12\/foulees-de-la-mue-club-du-sport-2024\/","title":{"rendered":"Record aux Foul\u00e9es de la Mue pour le Club du Sport"},"content":{"rendered":"[vc_row type=\u00a0\u00bbin_container\u00a0\u00bb full_screen_row_position=\u00a0\u00bbmiddle\u00a0\u00bb column_margin=\u00a0\u00bbdefault\u00a0\u00bb column_direction=\u00a0\u00bbdefault\u00a0\u00bb column_direction_tablet=\u00a0\u00bbdefault\u00a0\u00bb column_direction_phone=\u00a0\u00bbdefault\u00a0\u00bb scene_position=\u00a0\u00bbcenter\u00a0\u00bb top_padding=\u00a0\u00bb10&Prime; text_color=\u00a0\u00bbdark\u00a0\u00bb text_align=\u00a0\u00bbleft\u00a0\u00bb row_border_radius=\u00a0\u00bbnone\u00a0\u00bb row_border_radius_applies=\u00a0\u00bbbg\u00a0\u00bb overlay_strength=\u00a0\u00bb0.3&Prime; gradient_direction=\u00a0\u00bbleft_to_right\u00a0\u00bb shape_divider_position=\u00a0\u00bbbottom\u00a0\u00bb bg_image_animation=\u00a0\u00bbnone\u00a0\u00bb shape_type=\u00a0\u00bb\u00a0\u00bb][vc_column column_padding=\u00a0\u00bbno-extra-padding\u00a0\u00bb column_padding_tablet=\u00a0\u00bbinherit\u00a0\u00bb column_padding_phone=\u00a0\u00bbinherit\u00a0\u00bb column_padding_position=\u00a0\u00bball\u00a0\u00bb background_color_opacity=\u00a0\u00bb1&Prime; background_hover_color_opacity=\u00a0\u00bb1&Prime; column_shadow=\u00a0\u00bbnone\u00a0\u00bb column_border_radius=\u00a0\u00bbnone\u00a0\u00bb column_link_target=\u00a0\u00bb_self\u00a0\u00bb gradient_direction=\u00a0\u00bbleft_to_right\u00a0\u00bb overlay_strength=\u00a0\u00bb0.3&Prime; width=\u00a0\u00bb1\/2&Prime; tablet_width_inherit=\u00a0\u00bbdefault\u00a0\u00bb tablet_text_alignment=\u00a0\u00bbdefault\u00a0\u00bb phone_text_alignment=\u00a0\u00bbdefault\u00a0\u00bb column_border_width=\u00a0\u00bbnone\u00a0\u00bb column_border_style=\u00a0\u00bbsolid\u00a0\u00bb bg_image_animation=\u00a0\u00bbnone\u00a0\u00bb][vc_gallery type=\u00a0\u00bbflexslider_style\u00a0\u00bb images=\u00a0\u00bb15586&Prime; onclick=\u00a0\u00bblink_no\u00a0\u00bb hover_anim=\u00a0\u00bbfade-out\u00a0\u00bb][\/vc_column][vc_column column_padding=\u00a0\u00bbno-extra-padding\u00a0\u00bb column_padding_tablet=\u00a0\u00bbinherit\u00a0\u00bb column_padding_phone=\u00a0\u00bbinherit\u00a0\u00bb column_padding_position=\u00a0\u00bball\u00a0\u00bb background_color_opacity=\u00a0\u00bb1&Prime; background_hover_color_opacity=\u00a0\u00bb1&Prime; column_shadow=\u00a0\u00bbnone\u00a0\u00bb column_border_radius=\u00a0\u00bbnone\u00a0\u00bb column_link_target=\u00a0\u00bb_self\u00a0\u00bb gradient_direction=\u00a0\u00bbleft_to_right\u00a0\u00bb overlay_strength=\u00a0\u00bb0.3&Prime; width=\u00a0\u00bb1\/2&Prime; tablet_width_inherit=\u00a0\u00bbdefault\u00a0\u00bb tablet_text_alignment=\u00a0\u00bbdefault\u00a0\u00bb phone_text_alignment=\u00a0\u00bbdefault\u00a0\u00bb column_border_width=\u00a0\u00bbnone\u00a0\u00bb column_border_style=\u00a0\u00bbsolid\u00a0\u00bb bg_image_animation=\u00a0\u00bbnone\u00a0\u00bb][split_line_heading animation_type=\u00a0\u00bbdefault\u00a0\u00bb]\n<h3>Record battu pour le Club du Sport aux Foul\u00e9es de la Mue 2024 !<\/h3>\n<p>Dimanche 10 novembre, les membres du <strong><a href=\"https:\/\/exaequo-communication.fr\/index.php\/club-du-sport\/\">Club du Sport <\/a><\/strong>d&rsquo;Exaequo \u00e9taient au rendez-vous pour participer \u00e0 l\u2019incontournable course des <strong><a href=\"https:\/\/www.lamuse.org\/?fbclid=IwAR2IrB85PrBtPDmIWuFuBWNYptyILABx4urgooy_kc3wMfXRvOg5Da0EkNE\">Foul\u00e9es de la Mu<\/a><a href=\"https:\/\/www.lamuse.org\/?fbclid=IwAR2IrB85PrBtPDmIWuFuBWNYptyILABx4urgooy_kc3wMfXRvOg5Da0EkNE\">e<\/a><\/strong>, organis\u00e9e \u00e0 Lasson.[\/split_line_heading][\/vc_column][\/vc_row][vc_row type=\u00a0\u00bbin_container\u00a0\u00bb full_screen_row_position=\u00a0\u00bbmiddle\u00a0\u00bb column_margin=\u00a0\u00bbdefault\u00a0\u00bb column_direction=\u00a0\u00bbdefault\u00a0\u00bb column_direction_tablet=\u00a0\u00bbdefault\u00a0\u00bb column_direction_phone=\u00a0\u00bbdefault\u00a0\u00bb scene_position=\u00a0\u00bbcenter\u00a0\u00bb text_color=\u00a0\u00bbdark\u00a0\u00bb text_align=\u00a0\u00bbleft\u00a0\u00bb row_border_radius=\u00a0\u00bbnone\u00a0\u00bb row_border_radius_applies=\u00a0\u00bbbg\u00a0\u00bb overlay_strength=\u00a0\u00bb0.3&Prime; gradient_direction=\u00a0\u00bbleft_to_right\u00a0\u00bb shape_divider_position=\u00a0\u00bbbottom\u00a0\u00bb bg_image_animation=\u00a0\u00bbnone\u00a0\u00bb][vc_column column_padding=\u00a0\u00bbno-extra-padding\u00a0\u00bb column_padding_tablet=\u00a0\u00bbinherit\u00a0\u00bb column_padding_phone=\u00a0\u00bbinherit\u00a0\u00bb column_padding_position=\u00a0\u00bball\u00a0\u00bb background_color_opacity=\u00a0\u00bb1&Prime; background_hover_color_opacity=\u00a0\u00bb1&Prime; column_shadow=\u00a0\u00bbnone\u00a0\u00bb column_border_radius=\u00a0\u00bbnone\u00a0\u00bb column_link_target=\u00a0\u00bb_self\u00a0\u00bb gradient_direction=\u00a0\u00bbleft_to_right\u00a0\u00bb overlay_strength=\u00a0\u00bb0.3&Prime; width=\u00a0\u00bb1\/1&Prime; tablet_width_inherit=\u00a0\u00bbdefault\u00a0\u00bb tablet_text_alignment=\u00a0\u00bbdefault\u00a0\u00bb phone_text_alignment=\u00a0\u00bbdefault\u00a0\u00bb column_border_width=\u00a0\u00bbnone\u00a0\u00bb column_border_style=\u00a0\u00bbsolid\u00a0\u00bb bg_image_animation=\u00a0\u00bbnone\u00a0\u00bb][vc_column_text]Cette ann\u00e9e, la participation a atteint un <strong>record absolu<\/strong> : <strong>107 coureurs<\/strong> ont pris le d\u00e9part du parcours de 12 km, pr\u00eats \u00e0 relever le d\u00e9fi sous un ciel typiquement normand. Entre motivation et esprit d&rsquo;\u00e9quipe, l&rsquo;\u00e9nergie \u00e9tait palpable sur la ligne de d\u00e9part \u00e0 10 h 30.<\/p>\n<h3>Des performances \u00e0 la hauteur<\/h3>\n<p>Dans cette belle mobilisation, certaines performances m\u00e9ritent une mention sp\u00e9ciale.<\/p>\n<ul>\n<li><strong>Emmanuel Blestel<\/strong>, auteur d\u2019un excellent chrono de 00:45:08<\/li>\n<li><strong>Quentin Noyer<\/strong>, qui remporte le d\u00e9fi \u00ab\u00a0devine mon chrono\u00a0\u00bb gr\u00e2ce \u00e0 une pr\u00e9diction remarquable, avec seulement <strong>13 secondes d\u2019\u00e9cart<\/strong> du chrono d&rsquo;Aur\u00e9lien Murie !<\/li>\n<\/ul>\n<h3>Un moment f\u00e9d\u00e9rateur<\/h3>\n<p>Au-del\u00e0 des performances individuelles, cette course illustre parfaitement les valeurs du <strong>Club du Sport Exaequo<\/strong> : <strong>partage, engagement et d\u00e9passement de soi<\/strong>. C\u2019\u00e9tait \u00e9galement l\u2019occasion de renforcer la coh\u00e9sion, tant entre coll\u00e8gues qu\u2019avec la <strong>Xteam<\/strong>, pr\u00e9sente pour encourager et partager ces instants uniques.<\/p>\n<h3>Bravo \u00e0 tous les participants !<\/h3>\n<p>Merci \u00e0 nos coureurs pour leur \u00e9nergie et leur bonne humeur. Vous avez \u00e9t\u00e9 \u00e0 la hauteur de l\u2019\u00e9v\u00e9nement, faisant de cette \u00e9dition un moment m\u00e9morable.<\/p>\n<p>Retrouvez les r\u00e9sultats complets en cliquant <strong><a href=\"https:\/\/www.breizhchrono.com\/detail-de-la-course\/lesfouleesdelamue-12kmadulte-2024-18050\/coureur_search\/Exaequo\" target=\"_new\" rel=\"noopener\">ici<\/a><\/strong>.<\/p>\n<p>Rendez-vous l\u2019ann\u00e9e prochaine pour de nouveaux records et autant de convivialit\u00e9 ![\/vc_column_text][\/vc_column][\/vc_row]\n","protected":false},"excerpt":{"rendered":"<p>Le weekend dernier, toute la team du <strong><a href=\"https:\/\/exaequo-communication.fr\/index.php\/club-du-sport\/\" target=\"_blank\" rel=\"noopener\">Club du Sport<\/a><\/strong> d&rsquo;Exaequo avait rendez-vous \u00e0 Lasson pour une nouvelle \u00e9dition des <strong><a href=\"https:\/\/www.lamuse.org\/?fbclid=IwAR2IrB85PrBtPDmIWuFuBWNYptyILABx4urgooy_kc3wMfXRvOg5Da0EkNE\" target=\"_blank\" rel=\"noopener\">Foul\u00e9es de la Mue<\/a><\/strong>.<\/p>\n","protected":false},"author":22,"featured_media":15586,"comment_status":"closed","ping_status":"closed","sticky":false,"template":"","format":"standard","meta":{"footnotes":""},"categories":[1,179],"tags":[],"class_list":{"0":"post-15585","1":"post","2":"type-post","3":"status-publish","4":"format-standard","5":"has-post-thumbnail","7":"category-actualites","8":"category-coaching"},"yoast_head":"<!-- This site is optimized with the Yoast SEO plugin v27.0 - https:\/\/yoast.com\/product\/yoast-seo-wordpress\/ -->\n<title>Record aux Foul\u00e9es de la Mue pour le Club du Sport - Exaequo<\/title>\n<meta name=\"description\" content=\"Le weekend dernier, toute la team du Club du Sport d&#039;Exaequo avait rendez-vous \u00e0 Lasson pour une nouvelle \u00e9dition des Foul\u00e9es de la Mue.\" \/>\n<meta name=\"robots\" content=\"index, follow, max-snippet:-1, max-image-preview:large, max-video-preview:-1\" \/>\n<link rel=\"canonical\" href=\"https:\/\/exaequo-communication.fr\/index.php\/2024\/11\/12\/foulees-de-la-mue-club-du-sport-2024\/\" \/>\n<meta property=\"og:locale\" content=\"fr_FR\" \/>\n<meta property=\"og:type\" content=\"article\" \/>\n<meta property=\"og:title\" content=\"Les Foul\u00e9es de la Mue pour le Club du Sport\" \/>\n<meta property=\"og:description\" content=\"Le weekend dernier, toute la team du Club du Sport d&#039;Exaequo avait rendez-vous \u00e0 Lasson pour une nouvelle \u00e9dition des Foul\u00e9es de la Mue.\" \/>\n<meta property=\"og:url\" content=\"https:\/\/exaequo-communication.fr\/index.php\/2024\/11\/12\/foulees-de-la-mue-club-du-sport-2024\/\" \/>\n<meta property=\"og:site_name\" content=\"Exaequo communication\" \/>\n<meta property=\"article:published_time\" content=\"2024-11-12T13:25:09+00:00\" \/>\n<meta property=\"og:image\" content=\"https:\/\/exaequo-communication.fr\/wp-content\/uploads\/2024\/11\/WhatsApp-Image-2024-11-12-a-10.40.04_dfe2f757.jpg\" \/>\n\t<meta property=\"og:image:width\" content=\"768\" \/>\n\t<meta property=\"og:image:height\" content=\"1024\" \/>\n\t<meta property=\"og:image:type\" content=\"image\/jpeg\" \/>\n<meta name=\"author\" content=\"Noah\" \/>\n<meta name=\"twitter:card\" content=\"summary_large_image\" \/>\n<meta name=\"twitter:title\" content=\"Les Foul\u00e9es de la Mue pour le Club du Sport\" \/>\n<meta name=\"twitter:description\" content=\"Le weekend dernier, toute la team du Club du Sport d&#039;Exaequo avait rendez-vous \u00e0 Lasson pour une nouvelle \u00e9dition des Foul\u00e9es de la Mue.\" \/>\n<meta name=\"twitter:image\" content=\"https:\/\/exaequo-communication.fr\/wp-content\/uploads\/2023\/11\/IMG-20231113-WA0005.jpg\" \/>\n<meta name=\"twitter:label1\" content=\"\u00c9crit par\" \/>\n\t<meta name=\"twitter:data1\" content=\"Noah\" \/>\n\t<meta name=\"twitter:label2\" content=\"Dur\u00e9e de lecture estim\u00e9e\" \/>\n\t<meta name=\"twitter:data2\" content=\"3 minutes\" \/>\n<script type=\"application\/ld+json\" class=\"yoast-schema-graph\">{\"@context\":\"https:\/\/schema.org\",\"@graph\":[{\"@type\":\"Article\",\"@id\":\"https:\/\/exaequo-communication.fr\/index.php\/2024\/11\/12\/foulees-de-la-mue-club-du-sport-2024\/#article\",\"isPartOf\":{\"@id\":\"https:\/\/exaequo-communication.fr\/index.php\/2024\/11\/12\/foulees-de-la-mue-club-du-sport-2024\/\"},\"author\":{\"name\":\"Noah\",\"@id\":\"https:\/\/exaequo-communication.fr\/#\/schema\/person\/c28633f3a7c202e5c427512376a2e7ca\"},\"headline\":\"Record aux Foul\u00e9es de la Mue pour le Club du Sport\",\"datePublished\":\"2024-11-12T13:25:09+00:00\",\"mainEntityOfPage\":{\"@id\":\"https:\/\/exaequo-communication.fr\/index.php\/2024\/11\/12\/foulees-de-la-mue-club-du-sport-2024\/\"},\"wordCount\":614,\"image\":{\"@id\":\"https:\/\/exaequo-communication.fr\/index.php\/2024\/11\/12\/foulees-de-la-mue-club-du-sport-2024\/#primaryimage\"},\"thumbnailUrl\":\"https:\/\/exaequo-communication.fr\/wp-content\/uploads\/2024\/11\/WhatsApp-Image-2024-11-12-a-10.40.04_dfe2f757.jpg\",\"articleSection\":[\"Actualit\u00e9s\",\"Coaching\"],\"inLanguage\":\"fr-FR\"},{\"@type\":\"WebPage\",\"@id\":\"https:\/\/exaequo-communication.fr\/index.php\/2024\/11\/12\/foulees-de-la-mue-club-du-sport-2024\/\",\"url\":\"https:\/\/exaequo-communication.fr\/index.php\/2024\/11\/12\/foulees-de-la-mue-club-du-sport-2024\/\",\"name\":\"Record aux Foul\u00e9es de la Mue pour le Club du Sport - Exaequo\",\"isPartOf\":{\"@id\":\"https:\/\/exaequo-communication.fr\/#website\"},\"primaryImageOfPage\":{\"@id\":\"https:\/\/exaequo-communication.fr\/index.php\/2024\/11\/12\/foulees-de-la-mue-club-du-sport-2024\/#primaryimage\"},\"image\":{\"@id\":\"https:\/\/exaequo-communication.fr\/index.php\/2024\/11\/12\/foulees-de-la-mue-club-du-sport-2024\/#primaryimage\"},\"thumbnailUrl\":\"https:\/\/exaequo-communication.fr\/wp-content\/uploads\/2024\/11\/WhatsApp-Image-2024-11-12-a-10.40.04_dfe2f757.jpg\",\"datePublished\":\"2024-11-12T13:25:09+00:00\",\"author\":{\"@id\":\"https:\/\/exaequo-communication.fr\/#\/schema\/person\/c28633f3a7c202e5c427512376a2e7ca\"},\"description\":\"Le weekend dernier, toute la team du Club du Sport d'Exaequo avait rendez-vous \u00e0 Lasson pour une nouvelle \u00e9dition des Foul\u00e9es de la Mue.\",\"breadcrumb\":{\"@id\":\"https:\/\/exaequo-communication.fr\/index.php\/2024\/11\/12\/foulees-de-la-mue-club-du-sport-2024\/#breadcrumb\"},\"inLanguage\":\"fr-FR\",\"potentialAction\":[{\"@type\":\"ReadAction\",\"target\":[\"https:\/\/exaequo-communication.fr\/index.php\/2024\/11\/12\/foulees-de-la-mue-club-du-sport-2024\/\"]}]},{\"@type\":\"ImageObject\",\"inLanguage\":\"fr-FR\",\"@id\":\"https:\/\/exaequo-communication.fr\/index.php\/2024\/11\/12\/foulees-de-la-mue-club-du-sport-2024\/#primaryimage\",\"url\":\"https:\/\/exaequo-communication.fr\/wp-content\/uploads\/2024\/11\/WhatsApp-Image-2024-11-12-a-10.40.04_dfe2f757.jpg\",\"contentUrl\":\"https:\/\/exaequo-communication.fr\/wp-content\/uploads\/2024\/11\/WhatsApp-Image-2024-11-12-a-10.40.04_dfe2f757.jpg\",\"width\":768,\"height\":1024,\"caption\":\"Le Club du Sport aux Foul\u00e9es de la Mue 2024\"},{\"@type\":\"BreadcrumbList\",\"@id\":\"https:\/\/exaequo-communication.fr\/index.php\/2024\/11\/12\/foulees-de-la-mue-club-du-sport-2024\/#breadcrumb\",\"itemListElement\":[{\"@type\":\"ListItem\",\"position\":1,\"name\":\"Accueil\",\"item\":\"https:\/\/exaequo-communication.fr\/\"},{\"@type\":\"ListItem\",\"position\":2,\"name\":\"Record aux Foul\u00e9es de la Mue pour le Club du Sport\"}]},{\"@type\":\"WebSite\",\"@id\":\"https:\/\/exaequo-communication.fr\/#website\",\"url\":\"https:\/\/exaequo-communication.fr\/\",\"name\":\"Exaequo communication\",\"description\":\"\",\"potentialAction\":[{\"@type\":\"SearchAction\",\"target\":{\"@type\":\"EntryPoint\",\"urlTemplate\":\"https:\/\/exaequo-communication.fr\/?s={search_term_string}\"},\"query-input\":{\"@type\":\"PropertyValueSpecification\",\"valueRequired\":true,\"valueName\":\"search_term_string\"}}],\"inLanguage\":\"fr-FR\"},{\"@type\":\"Person\",\"@id\":\"https:\/\/exaequo-communication.fr\/#\/schema\/person\/c28633f3a7c202e5c427512376a2e7ca\",\"name\":\"Noah\",\"image\":{\"@type\":\"ImageObject\",\"inLanguage\":\"fr-FR\",\"@id\":\"https:\/\/exaequo-communication.fr\/#\/schema\/person\/image\/\",\"url\":\"https:\/\/secure.gravatar.com\/avatar\/70d12748ddaeba8bad327e70a86dffe52c00c33c30dcf0e3cfee09d9e7293b61?s=96&d=mm&r=g\",\"contentUrl\":\"https:\/\/secure.gravatar.com\/avatar\/70d12748ddaeba8bad327e70a86dffe52c00c33c30dcf0e3cfee09d9e7293b61?s=96&d=mm&r=g\",\"caption\":\"Noah\"},\"url\":\"https:\/\/exaequo-communication.fr\/index.php\/author\/noah\/\"}]}<\/script>\n<!-- \/ Yoast SEO plugin. -->","yoast_head_json":{"title":"Record aux Foul\u00e9es de la Mue pour le Club du Sport - Exaequo","description":"Le weekend dernier, toute la team du Club du Sport d'Exaequo avait rendez-vous \u00e0 Lasson pour une nouvelle \u00e9dition des Foul\u00e9es de la Mue.","robots":{"index":"index","follow":"follow","max-snippet":"max-snippet:-1","max-image-preview":"max-image-preview:large","max-video-preview":"max-video-preview:-1"},"canonical":"https:\/\/exaequo-communication.fr\/index.php\/2024\/11\/12\/foulees-de-la-mue-club-du-sport-2024\/","og_locale":"fr_FR","og_type":"article","og_title":"Les Foul\u00e9es de la Mue pour le Club du Sport","og_description":"Le weekend dernier, toute la team du Club du Sport d'Exaequo avait rendez-vous \u00e0 Lasson pour une nouvelle \u00e9dition des Foul\u00e9es de la Mue.","og_url":"https:\/\/exaequo-communication.fr\/index.php\/2024\/11\/12\/foulees-de-la-mue-club-du-sport-2024\/","og_site_name":"Exaequo communication","article_published_time":"2024-11-12T13:25:09+00:00","og_image":[{"width":768,"height":1024,"url":"https:\/\/exaequo-communication.fr\/wp-content\/uploads\/2024\/11\/WhatsApp-Image-2024-11-12-a-10.40.04_dfe2f757.jpg","type":"image\/jpeg"}],"author":"Noah","twitter_card":"summary_large_image","twitter_title":"Les Foul\u00e9es de la Mue pour le Club du Sport","twitter_description":"Le weekend dernier, toute la team du Club du Sport d'Exaequo avait rendez-vous \u00e0 Lasson pour une nouvelle \u00e9dition des Foul\u00e9es de la Mue.","twitter_image":"https:\/\/exaequo-communication.fr\/wp-content\/uploads\/2023\/11\/IMG-20231113-WA0005.jpg","twitter_misc":{"\u00c9crit par":"Noah","Dur\u00e9e de lecture estim\u00e9e":"3 minutes"},"schema":{"@context":"https:\/\/schema.org","@graph":[{"@type":"Article","@id":"https:\/\/exaequo-communication.fr\/index.php\/2024\/11\/12\/foulees-de-la-mue-club-du-sport-2024\/#article","isPartOf":{"@id":"https:\/\/exaequo-communication.fr\/index.php\/2024\/11\/12\/foulees-de-la-mue-club-du-sport-2024\/"},"author":{"name":"Noah","@id":"https:\/\/exaequo-communication.fr\/#\/schema\/person\/c28633f3a7c202e5c427512376a2e7ca"},"headline":"Record aux Foul\u00e9es de la Mue pour le Club du Sport","datePublished":"2024-11-12T13:25:09+00:00","mainEntityOfPage":{"@id":"https:\/\/exaequo-communication.fr\/index.php\/2024\/11\/12\/foulees-de-la-mue-club-du-sport-2024\/"},"wordCount":614,"image":{"@id":"https:\/\/exaequo-communication.fr\/index.php\/2024\/11\/12\/foulees-de-la-mue-club-du-sport-2024\/#primaryimage"},"thumbnailUrl":"https:\/\/exaequo-communication.fr\/wp-content\/uploads\/2024\/11\/WhatsApp-Image-2024-11-12-a-10.40.04_dfe2f757.jpg","articleSection":["Actualit\u00e9s","Coaching"],"inLanguage":"fr-FR"},{"@type":"WebPage","@id":"https:\/\/exaequo-communication.fr\/index.php\/2024\/11\/12\/foulees-de-la-mue-club-du-sport-2024\/","url":"https:\/\/exaequo-communication.fr\/index.php\/2024\/11\/12\/foulees-de-la-mue-club-du-sport-2024\/","name":"Record aux Foul\u00e9es de la Mue pour le Club du Sport - Exaequo","isPartOf":{"@id":"https:\/\/exaequo-communication.fr\/#website"},"primaryImageOfPage":{"@id":"https:\/\/exaequo-communication.fr\/index.php\/2024\/11\/12\/foulees-de-la-mue-club-du-sport-2024\/#primaryimage"},"image":{"@id":"https:\/\/exaequo-communication.fr\/index.php\/2024\/11\/12\/foulees-de-la-mue-club-du-sport-2024\/#primaryimage"},"thumbnailUrl":"https:\/\/exaequo-communication.fr\/wp-content\/uploads\/2024\/11\/WhatsApp-Image-2024-11-12-a-10.40.04_dfe2f757.jpg","datePublished":"2024-11-12T13:25:09+00:00","author":{"@id":"https:\/\/exaequo-communication.fr\/#\/schema\/person\/c28633f3a7c202e5c427512376a2e7ca"},"description":"Le weekend dernier, toute la team du Club du Sport d'Exaequo avait rendez-vous \u00e0 Lasson pour une nouvelle \u00e9dition des Foul\u00e9es de la Mue.","breadcrumb":{"@id":"https:\/\/exaequo-communication.fr\/index.php\/2024\/11\/12\/foulees-de-la-mue-club-du-sport-2024\/#breadcrumb"},"inLanguage":"fr-FR","potentialAction":[{"@type":"ReadAction","target":["https:\/\/exaequo-communication.fr\/index.php\/2024\/11\/12\/foulees-de-la-mue-club-du-sport-2024\/"]}]},{"@type":"ImageObject","inLanguage":"fr-FR","@id":"https:\/\/exaequo-communication.fr\/index.php\/2024\/11\/12\/foulees-de-la-mue-club-du-sport-2024\/#primaryimage","url":"https:\/\/exaequo-communication.fr\/wp-content\/uploads\/2024\/11\/WhatsApp-Image-2024-11-12-a-10.40.04_dfe2f757.jpg","contentUrl":"https:\/\/exaequo-communication.fr\/wp-content\/uploads\/2024\/11\/WhatsApp-Image-2024-11-12-a-10.40.04_dfe2f757.jpg","width":768,"height":1024,"caption":"Le Club du Sport aux Foul\u00e9es de la Mue 2024"},{"@type":"BreadcrumbList","@id":"https:\/\/exaequo-communication.fr\/index.php\/2024\/11\/12\/foulees-de-la-mue-club-du-sport-2024\/#breadcrumb","itemListElement":[{"@type":"ListItem","position":1,"name":"Accueil","item":"https:\/\/exaequo-communication.fr\/"},{"@type":"ListItem","position":2,"name":"Record aux Foul\u00e9es de la Mue pour le Club du Sport"}]},{"@type":"WebSite","@id":"https:\/\/exaequo-communication.fr\/#website","url":"https:\/\/exaequo-communication.fr\/","name":"Exaequo communication","description":"","potentialAction":[{"@type":"SearchAction","target":{"@type":"EntryPoint","urlTemplate":"https:\/\/exaequo-communication.fr\/?s={search_term_string}"},"query-input":{"@type":"PropertyValueSpecification","valueRequired":true,"valueName":"search_term_string"}}],"inLanguage":"fr-FR"},{"@type":"Person","@id":"https:\/\/exaequo-communication.fr\/#\/schema\/person\/c28633f3a7c202e5c427512376a2e7ca","name":"Noah","image":{"@type":"ImageObject","inLanguage":"fr-FR","@id":"https:\/\/exaequo-communication.fr\/#\/schema\/person\/image\/","url":"https:\/\/secure.gravatar.com\/avatar\/70d12748ddaeba8bad327e70a86dffe52c00c33c30dcf0e3cfee09d9e7293b61?s=96&d=mm&r=g","contentUrl":"https:\/\/secure.gravatar.com\/avatar\/70d12748ddaeba8bad327e70a86dffe52c00c33c30dcf0e3cfee09d9e7293b61?s=96&d=mm&r=g","caption":"Noah"},"url":"https:\/\/exaequo-communication.fr\/index.php\/author\/noah\/"}]}},"_links":{"self":[{"href":"https:\/\/exaequo-communication.fr\/index.php\/wp-json\/wp\/v2\/posts\/15585","targetHints":{"allow":["GET"]}}],"collection":[{"href":"https:\/\/exaequo-communication.fr\/index.php\/wp-json\/wp\/v2\/posts"}],"about":[{"href":"https:\/\/exaequo-communication.fr\/index.php\/wp-json\/wp\/v2\/types\/post"}],"author":[{"embeddable":true,"href":"https:\/\/exaequo-communication.fr\/index.php\/wp-json\/wp\/v2\/users\/22"}],"replies":[{"embeddable":true,"href":"https:\/\/exaequo-communication.fr\/index.php\/wp-json\/wp\/v2\/comments?post=15585"}],"version-history":[{"count":6,"href":"https:\/\/exaequo-communication.fr\/index.php\/wp-json\/wp\/v2\/posts\/15585\/revisions"}],"predecessor-version":[{"id":15592,"href":"https:\/\/exaequo-communication.fr\/index.php\/wp-json\/wp\/v2\/posts\/15585\/revisions\/15592"}],"wp:featuredmedia":[{"embeddable":true,"href":"https:\/\/exaequo-communication.fr\/index.php\/wp-json\/wp\/v2\/media\/15586"}],"wp:attachment":[{"href":"https:\/\/exaequo-communication.fr\/index.php\/wp-json\/wp\/v2\/media?parent=15585"}],"wp:term":[{"taxonomy":"category","embeddable":true,"href":"https:\/\/exaequo-communication.fr\/index.php\/wp-json\/wp\/v2\/categories?post=15585"},{"taxonomy":"post_tag","embeddable":true,"href":"https:\/\/exaequo-communication.fr\/index.php\/wp-json\/wp\/v2\/tags?post=15585"}],"curies":[{"name":"wp","href":"https:\/\/api.w.org\/{rel}","templated":true}]}}