{"id":15532,"date":"2024-09-19T18:00:19","date_gmt":"2024-09-19T16:00:19","guid":{"rendered":"https:\/\/exaequo-communication.fr\/?p=15532"},"modified":"2024-10-22T09:32:16","modified_gmt":"2024-10-22T07:32:16","slug":"comme-a-la-ferme-whats-cooking","status":"publish","type":"post","link":"https:\/\/exaequo-communication.fr\/index.php\/2024\/09\/19\/comme-a-la-ferme-whats-cooking\/","title":{"rendered":"Comme \u00e0 la ferme avec WHAT&rsquo;S COOKING"},"content":{"rendered":"[vc_row type=\u00a0\u00bbin_container\u00a0\u00bb full_screen_row_position=\u00a0\u00bbmiddle\u00a0\u00bb column_margin=\u00a0\u00bbdefault\u00a0\u00bb column_direction=\u00a0\u00bbdefault\u00a0\u00bb column_direction_tablet=\u00a0\u00bbdefault\u00a0\u00bb column_direction_phone=\u00a0\u00bbdefault\u00a0\u00bb scene_position=\u00a0\u00bbcenter\u00a0\u00bb top_padding=\u00a0\u00bb10&Prime; text_color=\u00a0\u00bbdark\u00a0\u00bb text_align=\u00a0\u00bbleft\u00a0\u00bb row_border_radius=\u00a0\u00bbnone\u00a0\u00bb row_border_radius_applies=\u00a0\u00bbbg\u00a0\u00bb overlay_strength=\u00a0\u00bb0.3&Prime; gradient_direction=\u00a0\u00bbleft_to_right\u00a0\u00bb shape_divider_position=\u00a0\u00bbbottom\u00a0\u00bb bg_image_animation=\u00a0\u00bbnone\u00a0\u00bb shape_type=\u00a0\u00bb\u00a0\u00bb][vc_column column_padding=\u00a0\u00bbno-extra-padding\u00a0\u00bb column_padding_tablet=\u00a0\u00bbinherit\u00a0\u00bb column_padding_phone=\u00a0\u00bbinherit\u00a0\u00bb column_padding_position=\u00a0\u00bball\u00a0\u00bb background_color_opacity=\u00a0\u00bb1&Prime; background_hover_color_opacity=\u00a0\u00bb1&Prime; column_shadow=\u00a0\u00bbnone\u00a0\u00bb column_border_radius=\u00a0\u00bbnone\u00a0\u00bb column_link_target=\u00a0\u00bb_self\u00a0\u00bb gradient_direction=\u00a0\u00bbleft_to_right\u00a0\u00bb overlay_strength=\u00a0\u00bb0.3&Prime; width=\u00a0\u00bb1\/2&Prime; tablet_width_inherit=\u00a0\u00bbdefault\u00a0\u00bb tablet_text_alignment=\u00a0\u00bbdefault\u00a0\u00bb phone_text_alignment=\u00a0\u00bbdefault\u00a0\u00bb column_border_width=\u00a0\u00bbnone\u00a0\u00bb column_border_style=\u00a0\u00bbsolid\u00a0\u00bb bg_image_animation=\u00a0\u00bbnone\u00a0\u00bb][vc_gallery type=\u00a0\u00bbflexslider_style\u00a0\u00bb images=\u00a0\u00bb15534,15535,15542,15544,15545&Prime; onclick=\u00a0\u00bblink_no\u00a0\u00bb hover_anim=\u00a0\u00bbfade-out\u00a0\u00bb][\/vc_column][vc_column column_padding=\u00a0\u00bbno-extra-padding\u00a0\u00bb column_padding_tablet=\u00a0\u00bbinherit\u00a0\u00bb column_padding_phone=\u00a0\u00bbinherit\u00a0\u00bb column_padding_position=\u00a0\u00bball\u00a0\u00bb background_color_opacity=\u00a0\u00bb1&Prime; background_hover_color_opacity=\u00a0\u00bb1&Prime; column_shadow=\u00a0\u00bbnone\u00a0\u00bb column_border_radius=\u00a0\u00bbnone\u00a0\u00bb column_link_target=\u00a0\u00bb_self\u00a0\u00bb gradient_direction=\u00a0\u00bbleft_to_right\u00a0\u00bb overlay_strength=\u00a0\u00bb0.3&Prime; width=\u00a0\u00bb1\/2&Prime; tablet_width_inherit=\u00a0\u00bbdefault\u00a0\u00bb tablet_text_alignment=\u00a0\u00bbdefault\u00a0\u00bb phone_text_alignment=\u00a0\u00bbdefault\u00a0\u00bb column_border_width=\u00a0\u00bbnone\u00a0\u00bb column_border_style=\u00a0\u00bbsolid\u00a0\u00bb bg_image_animation=\u00a0\u00bbnone\u00a0\u00bb][split_line_heading animation_type=\u00a0\u00bbdefault\u00a0\u00bb]\n<h3>Comme \u00e0 la ferme avec Haret D\u00e9co<\/h3>\n<p>Le 19 septembre dernier, les collaborateurs de la soci\u00e9t\u00e9 <a href=\"https:\/\/whatscooking.group\/fr-FR\"><strong>What\u2019s Cooking<\/strong><\/a> ont v\u00e9cu une journ\u00e9e d\u00e9couverte et cr\u00e9ative \u00e0 la Ferme de Billy, alliant travail et d\u00e9tente en pleine immersion dans l\u2019univers de la ferme.[\/split_line_heading][\/vc_column][\/vc_row][vc_row type=\u00a0\u00bbin_container\u00a0\u00bb full_screen_row_position=\u00a0\u00bbmiddle\u00a0\u00bb column_margin=\u00a0\u00bbdefault\u00a0\u00bb column_direction=\u00a0\u00bbdefault\u00a0\u00bb column_direction_tablet=\u00a0\u00bbdefault\u00a0\u00bb column_direction_phone=\u00a0\u00bbdefault\u00a0\u00bb scene_position=\u00a0\u00bbcenter\u00a0\u00bb text_color=\u00a0\u00bbdark\u00a0\u00bb text_align=\u00a0\u00bbleft\u00a0\u00bb row_border_radius=\u00a0\u00bbnone\u00a0\u00bb row_border_radius_applies=\u00a0\u00bbbg\u00a0\u00bb overlay_strength=\u00a0\u00bb0.3&Prime; gradient_direction=\u00a0\u00bbleft_to_right\u00a0\u00bb shape_divider_position=\u00a0\u00bbbottom\u00a0\u00bb bg_image_animation=\u00a0\u00bbnone\u00a0\u00bb][vc_column column_padding=\u00a0\u00bbno-extra-padding\u00a0\u00bb column_padding_tablet=\u00a0\u00bbinherit\u00a0\u00bb column_padding_phone=\u00a0\u00bbinherit\u00a0\u00bb column_padding_position=\u00a0\u00bball\u00a0\u00bb background_color_opacity=\u00a0\u00bb1&Prime; background_hover_color_opacity=\u00a0\u00bb1&Prime; column_shadow=\u00a0\u00bbnone\u00a0\u00bb column_border_radius=\u00a0\u00bbnone\u00a0\u00bb column_link_target=\u00a0\u00bb_self\u00a0\u00bb gradient_direction=\u00a0\u00bbleft_to_right\u00a0\u00bb overlay_strength=\u00a0\u00bb0.3&Prime; width=\u00a0\u00bb1\/1&Prime; tablet_width_inherit=\u00a0\u00bbdefault\u00a0\u00bb tablet_text_alignment=\u00a0\u00bbdefault\u00a0\u00bb phone_text_alignment=\u00a0\u00bbdefault\u00a0\u00bb column_border_width=\u00a0\u00bbnone\u00a0\u00bb column_border_style=\u00a0\u00bbsolid\u00a0\u00bb bg_image_animation=\u00a0\u00bbnone\u00a0\u00bb][vc_column_text]Afin de r\u00e9unir ses collaborateurs, l\u2019entreprise <strong><a href=\"https:\/\/whatscooking.group\/fr-FR\" target=\"_blank\" rel=\"noopener\">What&rsquo;s Cooking<\/a><\/strong> a fait appel \u00e0 l\u2019\u00e9quipe Exaequo. La Xteam leur a propos\u00e9 une v\u00e9ritable journ\u00e9e incentive avec comme animation, notre team-building \u00ab\u00a0<strong><a href=\"https:\/\/exaequo-communication.fr\/index.php\/portfolio\/comme-a-la-ferme-teambuilding\/\" target=\"_blank\" rel=\"noopener\">Comme \u00e0 la ferme<\/a><\/strong>\u00ab\u00a0. Une exp\u00e9rience originale qui a permis de favoriser les \u00e9changes et de renforcer l\u2019esprit d\u2019\u00e9quipe.<\/p>\n<div class=\"col span_12 dark left\">\n<div class=\"vc_col-sm-12 wpb_column column_container vc_column_container col no-extra-padding instance-2\" data-t-w-inherits=\"default\" data-border-radius=\"none\" data-shadow=\"none\" data-border-animation=\"\" data-border-animation-delay=\"\" data-border-width=\"none\" data-border-style=\"solid\" data-border-color=\"\" data-bg-cover=\"\" data-padding-pos=\"all\" data-has-bg-color=\"false\" data-bg-color=\"\" data-bg-opacity=\"1\" data-hover-bg=\"\" data-hover-bg-opacity=\"1\" data-animation=\"\" data-delay=\"0\">\n<div class=\"vc_column-inner\">\n<div class=\"wpb_wrapper\">\n<div class=\"wpb_text_column wpb_content_element \">\n<div class=\"wpb_wrapper\">\n<h3>LE BRIEF :<\/h3>\n<ul>\n<li>Proposer une journ\u00e9e en immersion \u00e0 la ferme<\/li>\n<li>Organiser des activit\u00e9s ludiques et participatives<\/li>\n<li>Cr\u00e9er un environnement convivial et propice \u00e0 la coh\u00e9sion d\u2019\u00e9quipe<\/li>\n<\/ul>\n<h3>LA R\u00c9PONSE D\u2019EXAEQUO :<\/h3>\n<p>Les participants se sont r\u00e9unis \u00e0 la Ferme de Billy, pr\u00e8s de Caen, pour une journ\u00e9e en deux temps. La matin\u00e9e a d\u00e9but\u00e9 par une r\u00e9union professionnelle dans une ambiance chaleureuse et d\u00e9tendue. Apr\u00e8s un buffet fait maison, l\u2019apr\u00e8s-midi a pris une tournure plus ludique avec notre team-building \u00ab\u00a0<a href=\"https:\/\/exaequo-communication.fr\/index.php\/portfolio\/comme-a-la-ferme-teambuilding\/\"><strong>Comme \u00e0 la ferme<\/strong><\/a>\u00ab\u00a0.<\/p>\n<p>Les participants, divis\u00e9s en quatre \u00e9quipes, ont d\u00e9couvert des activit\u00e9s rurales revisit\u00e9es :<\/p>\n<ul>\n<li><strong>Atelier jus de pommes<\/strong> : Les \u00e9quipes ont r\u00e9colt\u00e9 des pommes et fabriqu\u00e9 leur propre jus, m\u00ealant culture g\u00e9n\u00e9rale et habilet\u00e9 technique.<\/li>\n<li><strong>Atelier Arcimboldo &amp; bruits de la ferme<\/strong> : Un d\u00e9fi cr\u00e9atif o\u00f9 chaque \u00e9quipe a compos\u00e9 des portraits en fruits et l\u00e9gumes, suivi d\u2019un blind test des bruits d&rsquo;animaux.<\/li>\n<li><strong>D\u00e9couverte \u00e9quine<\/strong> : Les participants ont appris \u00e0 s\u2019occuper des chevaux et ont pu profiter d\u2019une balade \u00e0 cheval.<\/li>\n<li><strong>Faites chauffer la gomme<\/strong> : Un relais amusant o\u00f9 les \u00e9quipes devaient man\u0153uvrer un pneu de tracteur \u00e0 travers un parcours d\u2019obstacles.<\/li>\n<\/ul>\n<h3>LE BILAN :<\/h3>\n<p>Des sourires, de la convivialit\u00e9 et une forte coh\u00e9sion d\u2019\u00e9quipe ! Ce team-building, rythm\u00e9 par la d\u00e9couverte et le challenge, a \u00e9t\u00e9 un succ\u00e8s. Les \u00e9quipes se sont montr\u00e9es impliqu\u00e9es et dynamiques, partageant ensemble des moments de comp\u00e9tition et de rire. Une journ\u00e9e plac\u00e9e sous le signe de la d\u00e9couverte et de la coh\u00e9sion, conclue par la remise d\u2019un troph\u00e9e et d\u2019une bouteille de cidre pour les vainqueurs.<\/p>\n<p>&nbsp;<\/p>\n<\/div>\n<\/div>\n<\/div>\n<\/div>\n<\/div>\n<\/div>\n<p>D\u00e9couvrez en plus sur notre team-building <strong>Comme \u00e0 la ferme<\/strong><b>, <a href=\"https:\/\/exaequo-communication.fr\/index.php\/portfolio\/comme-a-la-ferme-teambuilding\/\" target=\"_blank\" rel=\"noopener\">cliquez ici.<\/a><\/b><\/p>\n<p>Pour en savoir plus sur What&rsquo;s Cooking, <strong><a href=\"https:\/\/whatscooking.group\/fr-FR\" target=\"_blank\" rel=\"noopener noreferrer\">cliquez ici<\/a><\/strong>.[\/vc_column_text][\/vc_column][\/vc_row]\n","protected":false},"excerpt":{"rendered":"<p>Comme \u00e0 la ferme avec What&rsquo;s Cooking, un team building \u00e0 la d\u00e9couverte des m\u00e9tiers de la ferme.<\/p>\n","protected":false},"author":22,"featured_media":15534,"comment_status":"closed","ping_status":"closed","sticky":false,"template":"","format":"standard","meta":{"footnotes":""},"categories":[1,178],"tags":[],"class_list":{"0":"post-15532","1":"post","2":"type-post","3":"status-publish","4":"format-standard","5":"has-post-thumbnail","7":"category-actualites","8":"category-team-building"},"yoast_head":"<!-- This site is optimized with the Yoast SEO plugin v27.0 - https:\/\/yoast.com\/product\/yoast-seo-wordpress\/ -->\n<title>Comme \u00e0 la ferme avec WHAT&#039;S COOKING - Exaequo communication<\/title>\n<meta name=\"description\" content=\"Le temps d&#039;une apr\u00e8s midi, les collaborateurs de l&#039;entreprise What&#039;s Cooking ont particip\u00e9 \u00e0 des animations &quot;Comme \u00e0 la ferme&quot;.\" \/>\n<meta name=\"robots\" content=\"index, follow, max-snippet:-1, max-image-preview:large, max-video-preview:-1\" \/>\n<link rel=\"canonical\" href=\"https:\/\/exaequo-communication.fr\/index.php\/2024\/09\/19\/comme-a-la-ferme-whats-cooking\/\" \/>\n<meta property=\"og:locale\" content=\"fr_FR\" \/>\n<meta property=\"og:type\" content=\"article\" \/>\n<meta property=\"og:title\" content=\"Comme \u00e0 la ferme avec What&#039;s Cooking\" \/>\n<meta property=\"og:description\" content=\"Le temps d&#039;une apr\u00e8s midi, les collaborateurs de l&#039;entreprise What&#039;s Cooking ont particip\u00e9 \u00e0 des animations &quot;Comme \u00e0 la ferme&quot;.\" \/>\n<meta property=\"og:url\" content=\"https:\/\/exaequo-communication.fr\/index.php\/2024\/09\/19\/comme-a-la-ferme-whats-cooking\/\" \/>\n<meta property=\"og:site_name\" content=\"Exaequo communication\" \/>\n<meta property=\"article:published_time\" content=\"2024-09-19T16:00:19+00:00\" \/>\n<meta property=\"article:modified_time\" content=\"2024-10-22T07:32:16+00:00\" \/>\n<meta property=\"og:image\" content=\"https:\/\/exaequo-communication.fr\/wp-content\/uploads\/2024\/10\/WhatsApp-Image-2024-09-27-at-19.12.40-2.jpeg\" \/>\n\t<meta property=\"og:image:width\" content=\"1600\" \/>\n\t<meta property=\"og:image:height\" content=\"739\" \/>\n\t<meta property=\"og:image:type\" content=\"image\/jpeg\" \/>\n<meta name=\"author\" content=\"Noah\" \/>\n<meta name=\"twitter:card\" content=\"summary_large_image\" \/>\n<meta name=\"twitter:title\" content=\"Comme \u00e0 la ferme avec Haret D\u00e9co\" \/>\n<meta name=\"twitter:description\" content=\"Le temps d&#039;une apr\u00e8s midi, les collaborateurs de l&#039;entreprise Haret D\u00e9co ont particip\u00e9 \u00e0 des animations &quot;Comme \u00e0 la ferme&quot;.\" \/>\n<meta name=\"twitter:image\" content=\"https:\/\/exaequo-communication.fr\/wp-content\/uploads\/2022\/07\/Comme-a-la-ferme-Haret-Deco4.png\" \/>\n<meta name=\"twitter:label1\" content=\"\u00c9crit par\" \/>\n\t<meta name=\"twitter:data1\" content=\"Noah\" \/>\n\t<meta name=\"twitter:label2\" content=\"Dur\u00e9e de lecture estim\u00e9e\" \/>\n\t<meta name=\"twitter:data2\" content=\"4 minutes\" \/>\n<script type=\"application\/ld+json\" class=\"yoast-schema-graph\">{\"@context\":\"https:\/\/schema.org\",\"@graph\":[{\"@type\":\"Article\",\"@id\":\"https:\/\/exaequo-communication.fr\/index.php\/2024\/09\/19\/comme-a-la-ferme-whats-cooking\/#article\",\"isPartOf\":{\"@id\":\"https:\/\/exaequo-communication.fr\/index.php\/2024\/09\/19\/comme-a-la-ferme-whats-cooking\/\"},\"author\":{\"name\":\"Noah\",\"@id\":\"https:\/\/exaequo-communication.fr\/#\/schema\/person\/c28633f3a7c202e5c427512376a2e7ca\"},\"headline\":\"Comme \u00e0 la ferme avec WHAT&rsquo;S COOKING\",\"datePublished\":\"2024-09-19T16:00:19+00:00\",\"dateModified\":\"2024-10-22T07:32:16+00:00\",\"mainEntityOfPage\":{\"@id\":\"https:\/\/exaequo-communication.fr\/index.php\/2024\/09\/19\/comme-a-la-ferme-whats-cooking\/\"},\"wordCount\":780,\"image\":{\"@id\":\"https:\/\/exaequo-communication.fr\/index.php\/2024\/09\/19\/comme-a-la-ferme-whats-cooking\/#primaryimage\"},\"thumbnailUrl\":\"https:\/\/exaequo-communication.fr\/wp-content\/uploads\/2024\/10\/WhatsApp-Image-2024-09-27-at-19.12.40-2.jpeg\",\"articleSection\":[\"Actualit\u00e9s\",\"Team Building\"],\"inLanguage\":\"fr-FR\"},{\"@type\":\"WebPage\",\"@id\":\"https:\/\/exaequo-communication.fr\/index.php\/2024\/09\/19\/comme-a-la-ferme-whats-cooking\/\",\"url\":\"https:\/\/exaequo-communication.fr\/index.php\/2024\/09\/19\/comme-a-la-ferme-whats-cooking\/\",\"name\":\"Comme \u00e0 la ferme avec WHAT'S COOKING - Exaequo communication\",\"isPartOf\":{\"@id\":\"https:\/\/exaequo-communication.fr\/#website\"},\"primaryImageOfPage\":{\"@id\":\"https:\/\/exaequo-communication.fr\/index.php\/2024\/09\/19\/comme-a-la-ferme-whats-cooking\/#primaryimage\"},\"image\":{\"@id\":\"https:\/\/exaequo-communication.fr\/index.php\/2024\/09\/19\/comme-a-la-ferme-whats-cooking\/#primaryimage\"},\"thumbnailUrl\":\"https:\/\/exaequo-communication.fr\/wp-content\/uploads\/2024\/10\/WhatsApp-Image-2024-09-27-at-19.12.40-2.jpeg\",\"datePublished\":\"2024-09-19T16:00:19+00:00\",\"dateModified\":\"2024-10-22T07:32:16+00:00\",\"author\":{\"@id\":\"https:\/\/exaequo-communication.fr\/#\/schema\/person\/c28633f3a7c202e5c427512376a2e7ca\"},\"description\":\"Le temps d'une apr\u00e8s midi, les collaborateurs de l'entreprise What's Cooking ont particip\u00e9 \u00e0 des animations \\\"Comme \u00e0 la ferme\\\".\",\"breadcrumb\":{\"@id\":\"https:\/\/exaequo-communication.fr\/index.php\/2024\/09\/19\/comme-a-la-ferme-whats-cooking\/#breadcrumb\"},\"inLanguage\":\"fr-FR\",\"potentialAction\":[{\"@type\":\"ReadAction\",\"target\":[\"https:\/\/exaequo-communication.fr\/index.php\/2024\/09\/19\/comme-a-la-ferme-whats-cooking\/\"]}]},{\"@type\":\"ImageObject\",\"inLanguage\":\"fr-FR\",\"@id\":\"https:\/\/exaequo-communication.fr\/index.php\/2024\/09\/19\/comme-a-la-ferme-whats-cooking\/#primaryimage\",\"url\":\"https:\/\/exaequo-communication.fr\/wp-content\/uploads\/2024\/10\/WhatsApp-Image-2024-09-27-at-19.12.40-2.jpeg\",\"contentUrl\":\"https:\/\/exaequo-communication.fr\/wp-content\/uploads\/2024\/10\/WhatsApp-Image-2024-09-27-at-19.12.40-2.jpeg\",\"width\":1600,\"height\":739,\"caption\":\"Comme \u00e0 la Ferme, What's Cooking\"},{\"@type\":\"BreadcrumbList\",\"@id\":\"https:\/\/exaequo-communication.fr\/index.php\/2024\/09\/19\/comme-a-la-ferme-whats-cooking\/#breadcrumb\",\"itemListElement\":[{\"@type\":\"ListItem\",\"position\":1,\"name\":\"Accueil\",\"item\":\"https:\/\/exaequo-communication.fr\/\"},{\"@type\":\"ListItem\",\"position\":2,\"name\":\"Comme \u00e0 la ferme avec WHAT&rsquo;S COOKING\"}]},{\"@type\":\"WebSite\",\"@id\":\"https:\/\/exaequo-communication.fr\/#website\",\"url\":\"https:\/\/exaequo-communication.fr\/\",\"name\":\"Exaequo communication\",\"description\":\"\",\"potentialAction\":[{\"@type\":\"SearchAction\",\"target\":{\"@type\":\"EntryPoint\",\"urlTemplate\":\"https:\/\/exaequo-communication.fr\/?s={search_term_string}\"},\"query-input\":{\"@type\":\"PropertyValueSpecification\",\"valueRequired\":true,\"valueName\":\"search_term_string\"}}],\"inLanguage\":\"fr-FR\"},{\"@type\":\"Person\",\"@id\":\"https:\/\/exaequo-communication.fr\/#\/schema\/person\/c28633f3a7c202e5c427512376a2e7ca\",\"name\":\"Noah\",\"image\":{\"@type\":\"ImageObject\",\"inLanguage\":\"fr-FR\",\"@id\":\"https:\/\/exaequo-communication.fr\/#\/schema\/person\/image\/\",\"url\":\"https:\/\/secure.gravatar.com\/avatar\/70d12748ddaeba8bad327e70a86dffe52c00c33c30dcf0e3cfee09d9e7293b61?s=96&d=mm&r=g\",\"contentUrl\":\"https:\/\/secure.gravatar.com\/avatar\/70d12748ddaeba8bad327e70a86dffe52c00c33c30dcf0e3cfee09d9e7293b61?s=96&d=mm&r=g\",\"caption\":\"Noah\"},\"url\":\"https:\/\/exaequo-communication.fr\/index.php\/author\/noah\/\"}]}<\/script>\n<!-- \/ Yoast SEO plugin. -->","yoast_head_json":{"title":"Comme \u00e0 la ferme avec WHAT'S COOKING - Exaequo communication","description":"Le temps d'une apr\u00e8s midi, les collaborateurs de l'entreprise What's Cooking ont particip\u00e9 \u00e0 des animations \"Comme \u00e0 la ferme\".","robots":{"index":"index","follow":"follow","max-snippet":"max-snippet:-1","max-image-preview":"max-image-preview:large","max-video-preview":"max-video-preview:-1"},"canonical":"https:\/\/exaequo-communication.fr\/index.php\/2024\/09\/19\/comme-a-la-ferme-whats-cooking\/","og_locale":"fr_FR","og_type":"article","og_title":"Comme \u00e0 la ferme avec What's Cooking","og_description":"Le temps d'une apr\u00e8s midi, les collaborateurs de l'entreprise What's Cooking ont particip\u00e9 \u00e0 des animations \"Comme \u00e0 la ferme\".","og_url":"https:\/\/exaequo-communication.fr\/index.php\/2024\/09\/19\/comme-a-la-ferme-whats-cooking\/","og_site_name":"Exaequo communication","article_published_time":"2024-09-19T16:00:19+00:00","article_modified_time":"2024-10-22T07:32:16+00:00","og_image":[{"width":1600,"height":739,"url":"https:\/\/exaequo-communication.fr\/wp-content\/uploads\/2024\/10\/WhatsApp-Image-2024-09-27-at-19.12.40-2.jpeg","type":"image\/jpeg"}],"author":"Noah","twitter_card":"summary_large_image","twitter_title":"Comme \u00e0 la ferme avec Haret D\u00e9co","twitter_description":"Le temps d'une apr\u00e8s midi, les collaborateurs de l'entreprise Haret D\u00e9co ont particip\u00e9 \u00e0 des animations \"Comme \u00e0 la ferme\".","twitter_image":"https:\/\/exaequo-communication.fr\/wp-content\/uploads\/2022\/07\/Comme-a-la-ferme-Haret-Deco4.png","twitter_misc":{"\u00c9crit par":"Noah","Dur\u00e9e de lecture estim\u00e9e":"4 minutes"},"schema":{"@context":"https:\/\/schema.org","@graph":[{"@type":"Article","@id":"https:\/\/exaequo-communication.fr\/index.php\/2024\/09\/19\/comme-a-la-ferme-whats-cooking\/#article","isPartOf":{"@id":"https:\/\/exaequo-communication.fr\/index.php\/2024\/09\/19\/comme-a-la-ferme-whats-cooking\/"},"author":{"name":"Noah","@id":"https:\/\/exaequo-communication.fr\/#\/schema\/person\/c28633f3a7c202e5c427512376a2e7ca"},"headline":"Comme \u00e0 la ferme avec WHAT&rsquo;S COOKING","datePublished":"2024-09-19T16:00:19+00:00","dateModified":"2024-10-22T07:32:16+00:00","mainEntityOfPage":{"@id":"https:\/\/exaequo-communication.fr\/index.php\/2024\/09\/19\/comme-a-la-ferme-whats-cooking\/"},"wordCount":780,"image":{"@id":"https:\/\/exaequo-communication.fr\/index.php\/2024\/09\/19\/comme-a-la-ferme-whats-cooking\/#primaryimage"},"thumbnailUrl":"https:\/\/exaequo-communication.fr\/wp-content\/uploads\/2024\/10\/WhatsApp-Image-2024-09-27-at-19.12.40-2.jpeg","articleSection":["Actualit\u00e9s","Team Building"],"inLanguage":"fr-FR"},{"@type":"WebPage","@id":"https:\/\/exaequo-communication.fr\/index.php\/2024\/09\/19\/comme-a-la-ferme-whats-cooking\/","url":"https:\/\/exaequo-communication.fr\/index.php\/2024\/09\/19\/comme-a-la-ferme-whats-cooking\/","name":"Comme \u00e0 la ferme avec WHAT'S COOKING - Exaequo communication","isPartOf":{"@id":"https:\/\/exaequo-communication.fr\/#website"},"primaryImageOfPage":{"@id":"https:\/\/exaequo-communication.fr\/index.php\/2024\/09\/19\/comme-a-la-ferme-whats-cooking\/#primaryimage"},"image":{"@id":"https:\/\/exaequo-communication.fr\/index.php\/2024\/09\/19\/comme-a-la-ferme-whats-cooking\/#primaryimage"},"thumbnailUrl":"https:\/\/exaequo-communication.fr\/wp-content\/uploads\/2024\/10\/WhatsApp-Image-2024-09-27-at-19.12.40-2.jpeg","datePublished":"2024-09-19T16:00:19+00:00","dateModified":"2024-10-22T07:32:16+00:00","author":{"@id":"https:\/\/exaequo-communication.fr\/#\/schema\/person\/c28633f3a7c202e5c427512376a2e7ca"},"description":"Le temps d'une apr\u00e8s midi, les collaborateurs de l'entreprise What's Cooking ont particip\u00e9 \u00e0 des animations \"Comme \u00e0 la ferme\".","breadcrumb":{"@id":"https:\/\/exaequo-communication.fr\/index.php\/2024\/09\/19\/comme-a-la-ferme-whats-cooking\/#breadcrumb"},"inLanguage":"fr-FR","potentialAction":[{"@type":"ReadAction","target":["https:\/\/exaequo-communication.fr\/index.php\/2024\/09\/19\/comme-a-la-ferme-whats-cooking\/"]}]},{"@type":"ImageObject","inLanguage":"fr-FR","@id":"https:\/\/exaequo-communication.fr\/index.php\/2024\/09\/19\/comme-a-la-ferme-whats-cooking\/#primaryimage","url":"https:\/\/exaequo-communication.fr\/wp-content\/uploads\/2024\/10\/WhatsApp-Image-2024-09-27-at-19.12.40-2.jpeg","contentUrl":"https:\/\/exaequo-communication.fr\/wp-content\/uploads\/2024\/10\/WhatsApp-Image-2024-09-27-at-19.12.40-2.jpeg","width":1600,"height":739,"caption":"Comme \u00e0 la Ferme, What's Cooking"},{"@type":"BreadcrumbList","@id":"https:\/\/exaequo-communication.fr\/index.php\/2024\/09\/19\/comme-a-la-ferme-whats-cooking\/#breadcrumb","itemListElement":[{"@type":"ListItem","position":1,"name":"Accueil","item":"https:\/\/exaequo-communication.fr\/"},{"@type":"ListItem","position":2,"name":"Comme \u00e0 la ferme avec WHAT&rsquo;S COOKING"}]},{"@type":"WebSite","@id":"https:\/\/exaequo-communication.fr\/#website","url":"https:\/\/exaequo-communication.fr\/","name":"Exaequo communication","description":"","potentialAction":[{"@type":"SearchAction","target":{"@type":"EntryPoint","urlTemplate":"https:\/\/exaequo-communication.fr\/?s={search_term_string}"},"query-input":{"@type":"PropertyValueSpecification","valueRequired":true,"valueName":"search_term_string"}}],"inLanguage":"fr-FR"},{"@type":"Person","@id":"https:\/\/exaequo-communication.fr\/#\/schema\/person\/c28633f3a7c202e5c427512376a2e7ca","name":"Noah","image":{"@type":"ImageObject","inLanguage":"fr-FR","@id":"https:\/\/exaequo-communication.fr\/#\/schema\/person\/image\/","url":"https:\/\/secure.gravatar.com\/avatar\/70d12748ddaeba8bad327e70a86dffe52c00c33c30dcf0e3cfee09d9e7293b61?s=96&d=mm&r=g","contentUrl":"https:\/\/secure.gravatar.com\/avatar\/70d12748ddaeba8bad327e70a86dffe52c00c33c30dcf0e3cfee09d9e7293b61?s=96&d=mm&r=g","caption":"Noah"},"url":"https:\/\/exaequo-communication.fr\/index.php\/author\/noah\/"}]}},"_links":{"self":[{"href":"https:\/\/exaequo-communication.fr\/index.php\/wp-json\/wp\/v2\/posts\/15532","targetHints":{"allow":["GET"]}}],"collection":[{"href":"https:\/\/exaequo-communication.fr\/index.php\/wp-json\/wp\/v2\/posts"}],"about":[{"href":"https:\/\/exaequo-communication.fr\/index.php\/wp-json\/wp\/v2\/types\/post"}],"author":[{"embeddable":true,"href":"https:\/\/exaequo-communication.fr\/index.php\/wp-json\/wp\/v2\/users\/22"}],"replies":[{"embeddable":true,"href":"https:\/\/exaequo-communication.fr\/index.php\/wp-json\/wp\/v2\/comments?post=15532"}],"version-history":[{"count":5,"href":"https:\/\/exaequo-communication.fr\/index.php\/wp-json\/wp\/v2\/posts\/15532\/revisions"}],"predecessor-version":[{"id":15548,"href":"https:\/\/exaequo-communication.fr\/index.php\/wp-json\/wp\/v2\/posts\/15532\/revisions\/15548"}],"wp:featuredmedia":[{"embeddable":true,"href":"https:\/\/exaequo-communication.fr\/index.php\/wp-json\/wp\/v2\/media\/15534"}],"wp:attachment":[{"href":"https:\/\/exaequo-communication.fr\/index.php\/wp-json\/wp\/v2\/media?parent=15532"}],"wp:term":[{"taxonomy":"category","embeddable":true,"href":"https:\/\/exaequo-communication.fr\/index.php\/wp-json\/wp\/v2\/categories?post=15532"},{"taxonomy":"post_tag","embeddable":true,"href":"https:\/\/exaequo-communication.fr\/index.php\/wp-json\/wp\/v2\/tags?post=15532"}],"curies":[{"name":"wp","href":"https:\/\/api.w.org\/{rel}","templated":true}]}}