{"id":15492,"date":"2024-10-17T18:00:28","date_gmt":"2024-10-17T16:00:28","guid":{"rendered":"https:\/\/exaequo-communication.fr\/?p=15492"},"modified":"2024-10-21T16:26:37","modified_gmt":"2024-10-21T14:26:37","slug":"retour-soiree-coulisses-sport-fabien-galthie","status":"publish","type":"post","link":"https:\/\/exaequo-communication.fr\/index.php\/2024\/10\/17\/retour-soiree-coulisses-sport-fabien-galthie\/","title":{"rendered":"Fabien Galthi\u00e9, invit\u00e9 d&rsquo;honneur des Coulisses du Sport"},"content":{"rendered":"[vc_row type=\u00a0\u00bbin_container\u00a0\u00bb full_screen_row_position=\u00a0\u00bbmiddle\u00a0\u00bb column_margin=\u00a0\u00bbdefault\u00a0\u00bb column_direction=\u00a0\u00bbdefault\u00a0\u00bb column_direction_tablet=\u00a0\u00bbdefault\u00a0\u00bb column_direction_phone=\u00a0\u00bbdefault\u00a0\u00bb scene_position=\u00a0\u00bbcenter\u00a0\u00bb top_padding=\u00a0\u00bb10&Prime; text_color=\u00a0\u00bbdark\u00a0\u00bb text_align=\u00a0\u00bbleft\u00a0\u00bb row_border_radius=\u00a0\u00bbnone\u00a0\u00bb row_border_radius_applies=\u00a0\u00bbbg\u00a0\u00bb overlay_strength=\u00a0\u00bb0.3&Prime; gradient_direction=\u00a0\u00bbleft_to_right\u00a0\u00bb shape_divider_position=\u00a0\u00bbbottom\u00a0\u00bb bg_image_animation=\u00a0\u00bbnone\u00a0\u00bb shape_type=\u00a0\u00bb\u00a0\u00bb][vc_column column_padding=\u00a0\u00bbno-extra-padding\u00a0\u00bb column_padding_tablet=\u00a0\u00bbinherit\u00a0\u00bb column_padding_phone=\u00a0\u00bbinherit\u00a0\u00bb column_padding_position=\u00a0\u00bball\u00a0\u00bb background_color_opacity=\u00a0\u00bb1&Prime; background_hover_color_opacity=\u00a0\u00bb1&Prime; column_shadow=\u00a0\u00bbnone\u00a0\u00bb column_border_radius=\u00a0\u00bbnone\u00a0\u00bb column_link_target=\u00a0\u00bb_self\u00a0\u00bb gradient_direction=\u00a0\u00bbleft_to_right\u00a0\u00bb overlay_strength=\u00a0\u00bb0.3&Prime; width=\u00a0\u00bb1\/2&Prime; tablet_width_inherit=\u00a0\u00bbdefault\u00a0\u00bb tablet_text_alignment=\u00a0\u00bbdefault\u00a0\u00bb phone_text_alignment=\u00a0\u00bbdefault\u00a0\u00bb column_border_width=\u00a0\u00bbnone\u00a0\u00bb column_border_style=\u00a0\u00bbsolid\u00a0\u00bb bg_image_animation=\u00a0\u00bbnone\u00a0\u00bb][vc_gallery type=\u00a0\u00bbflexslider_style\u00a0\u00bb images=\u00a0\u00bb15494,15500,15495,15493,15499,15498,15497,15496&Prime; onclick=\u00a0\u00bblink_no\u00a0\u00bb][\/vc_column][vc_column column_padding=\u00a0\u00bbno-extra-padding\u00a0\u00bb column_padding_tablet=\u00a0\u00bbinherit\u00a0\u00bb column_padding_phone=\u00a0\u00bbinherit\u00a0\u00bb column_padding_position=\u00a0\u00bball\u00a0\u00bb background_color_opacity=\u00a0\u00bb1&Prime; background_hover_color_opacity=\u00a0\u00bb1&Prime; column_shadow=\u00a0\u00bbnone\u00a0\u00bb column_border_radius=\u00a0\u00bbnone\u00a0\u00bb column_link_target=\u00a0\u00bb_self\u00a0\u00bb gradient_direction=\u00a0\u00bbleft_to_right\u00a0\u00bb overlay_strength=\u00a0\u00bb0.3&Prime; width=\u00a0\u00bb1\/2&Prime; tablet_width_inherit=\u00a0\u00bbdefault\u00a0\u00bb tablet_text_alignment=\u00a0\u00bbdefault\u00a0\u00bb phone_text_alignment=\u00a0\u00bbdefault\u00a0\u00bb column_border_width=\u00a0\u00bbnone\u00a0\u00bb column_border_style=\u00a0\u00bbsolid\u00a0\u00bb bg_image_animation=\u00a0\u00bbnone\u00a0\u00bb][split_line_heading animation_type=\u00a0\u00bbdefault\u00a0\u00bb]\n<h3><strong>Quand l&rsquo;inspiration sportive rencontre l&rsquo;esprit d&rsquo;entreprise avec Fabien Galthi\u00e9<\/strong><\/h3>\n<p>D\u00e9couvrez comment la 10\u1d49 \u00e9dition des Coulisses du Sport a r\u00e9uni 310 convives autour d\u2019un invit\u00e9 exceptionnel, Fabien Galthi\u00e9, pour une soir\u00e9e d\u2019\u00e9changes, de partage et de leadership, marquant un v\u00e9ritable pont entre le monde du sport et celui de l\u2019entreprise.[\/split_line_heading][\/vc_column][\/vc_row][vc_row type=\u00a0\u00bbin_container\u00a0\u00bb full_screen_row_position=\u00a0\u00bbmiddle\u00a0\u00bb column_margin=\u00a0\u00bbdefault\u00a0\u00bb column_direction=\u00a0\u00bbdefault\u00a0\u00bb column_direction_tablet=\u00a0\u00bbdefault\u00a0\u00bb column_direction_phone=\u00a0\u00bbdefault\u00a0\u00bb scene_position=\u00a0\u00bbcenter\u00a0\u00bb text_color=\u00a0\u00bbdark\u00a0\u00bb text_align=\u00a0\u00bbleft\u00a0\u00bb row_border_radius=\u00a0\u00bbnone\u00a0\u00bb row_border_radius_applies=\u00a0\u00bbbg\u00a0\u00bb overlay_strength=\u00a0\u00bb0.3&Prime; gradient_direction=\u00a0\u00bbleft_to_right\u00a0\u00bb shape_divider_position=\u00a0\u00bbbottom\u00a0\u00bb bg_image_animation=\u00a0\u00bbnone\u00a0\u00bb][vc_column column_padding=\u00a0\u00bbno-extra-padding\u00a0\u00bb column_padding_tablet=\u00a0\u00bbinherit\u00a0\u00bb column_padding_phone=\u00a0\u00bbinherit\u00a0\u00bb column_padding_position=\u00a0\u00bball\u00a0\u00bb background_color_opacity=\u00a0\u00bb1&Prime; background_hover_color_opacity=\u00a0\u00bb1&Prime; column_shadow=\u00a0\u00bbnone\u00a0\u00bb column_border_radius=\u00a0\u00bbnone\u00a0\u00bb column_link_target=\u00a0\u00bb_self\u00a0\u00bb gradient_direction=\u00a0\u00bbleft_to_right\u00a0\u00bb overlay_strength=\u00a0\u00bb0.3&Prime; width=\u00a0\u00bb1\/1&Prime; tablet_width_inherit=\u00a0\u00bbdefault\u00a0\u00bb tablet_text_alignment=\u00a0\u00bbdefault\u00a0\u00bb phone_text_alignment=\u00a0\u00bbdefault\u00a0\u00bb column_border_width=\u00a0\u00bbnone\u00a0\u00bb column_border_style=\u00a0\u00bbsolid\u00a0\u00bb bg_image_animation=\u00a0\u00bbnone\u00a0\u00bb][vc_column_text]Le 2 octobre dernier, nous avons\u00a0eu l&rsquo;immense plaisir d&rsquo;organiser la <strong>10\u1d49 \u00e9dition des Coulisses du Sport<\/strong>, un \u00e9v\u00e9nement qui fait le pont entre le monde du sport et celui de l&rsquo;entreprise. Pour cette \u00e9dition de relance et d&rsquo;anniversaire, c\u2019est <strong>Fabien Galthi\u00e9<\/strong>, le charismatique s\u00e9lectionneur du XV de France, qui nous a fait l\u2019honneur de partager son exp\u00e9rience et sa vision du management.<\/p>\n<h3>Une journ\u00e9e plac\u00e9e sous le signe du partage<\/h3>\n<p>Avant de briller lors de la soir\u00e9e-conf\u00e9rence, Fabien Galthi\u00e9 a pass\u00e9 l\u2019apr\u00e8s-midi avec les jeunes rugbymans du <a href=\"https:\/\/www.facebook.com\/stade.caennais\/?locale=fr_FR\"><strong>Stade Caennais Rugby Club<\/strong><\/a>. Ce moment de proximit\u00e9 a commenc\u00e9 par des \u00e9changes enrichissants avec les b\u00e9n\u00e9voles et les jeunes du club, suivis d&rsquo;un entra\u00eenement avec les \u00e9quipes des <strong>U8 et U10<\/strong>. Fabien a \u00e9galement partag\u00e9 un moment privil\u00e9gi\u00e9 dans les vestiaires avec les partenaires de l\u2019\u00e9v\u00e9nement, <a href=\"https:\/\/supplyweb.fr\/\"><strong>SupplyWeb<\/strong><\/a> et <a href=\"https:\/\/www.sofrilog.com\/\"><strong>Sofrilog<\/strong><\/a>, ainsi qu\u2019avec les dirigeants du club de rugby.<\/p>\n<p>Ce fut une belle introduction \u00e0 une journ\u00e9e remplie de valeurs humaines et de solidarit\u00e9. Galthi\u00e9 a \u00e9galement d\u00e9dicac\u00e9 des maillots pour nos partenaires avant de se pr\u00e9parer pour la soir\u00e9e qui allait marquer les esprits.<\/p>\n<h3>Un d\u00eener-conf\u00e9rence captivant<\/h3>\n<p>Le soir, devant une salle combl\u00e9e de <strong>310 convives<\/strong>, Fabien Galthi\u00e9 a captiv\u00e9 son audience avec un discours \u00e0 la fois inspirant et percutant. Il nous a partag\u00e9 des anecdotes de son parcours, revenant sur ses d\u00e9buts de joueur, jusqu&rsquo;\u00e0 son r\u00f4le actuel de s\u00e9lectionneur du XV de France. Ce fut l\u2019occasion pour lui d\u2019aborder des sujets comme l\u2019importance du collectif, la gestion des moments de crise, et l\u2019usage de la <strong>data<\/strong> pour r\u00e9v\u00e9ler la cr\u00e9ativit\u00e9 humaine au service de la performance.<\/p>\n<p>Notre invit\u00e9 a su transmettre sa passion et ses valeurs, offrant \u00e0 notre public une v\u00e9ritable le\u00e7on de leadership et d\u2019esprit d\u2019\u00e9quipe. Gr\u00e2ce \u00e0 des exemples concrets et des r\u00e9flexions profondes, il nous a d\u00e9montr\u00e9 comment le monde du sport pouvait inspirer les entreprises \u00e0 se d\u00e9passer et \u00e0 r\u00e9ussir collectivement.[\/vc_column_text][\/vc_column][\/vc_row][vc_row type=\u00a0\u00bbin_container\u00a0\u00bb full_screen_row_position=\u00a0\u00bbmiddle\u00a0\u00bb column_margin=\u00a0\u00bbdefault\u00a0\u00bb column_direction=\u00a0\u00bbdefault\u00a0\u00bb column_direction_tablet=\u00a0\u00bbdefault\u00a0\u00bb column_direction_phone=\u00a0\u00bbdefault\u00a0\u00bb scene_position=\u00a0\u00bbcenter\u00a0\u00bb text_color=\u00a0\u00bbdark\u00a0\u00bb text_align=\u00a0\u00bbleft\u00a0\u00bb row_border_radius=\u00a0\u00bbnone\u00a0\u00bb row_border_radius_applies=\u00a0\u00bbbg\u00a0\u00bb overlay_strength=\u00a0\u00bb0.3&Prime; gradient_direction=\u00a0\u00bbleft_to_right\u00a0\u00bb shape_divider_position=\u00a0\u00bbbottom\u00a0\u00bb bg_image_animation=\u00a0\u00bbnone\u00a0\u00bb][vc_column column_padding=\u00a0\u00bbno-extra-padding\u00a0\u00bb column_padding_tablet=\u00a0\u00bbinherit\u00a0\u00bb column_padding_phone=\u00a0\u00bbinherit\u00a0\u00bb column_padding_position=\u00a0\u00bball\u00a0\u00bb background_color_opacity=\u00a0\u00bb1&Prime; background_hover_color_opacity=\u00a0\u00bb1&Prime; column_shadow=\u00a0\u00bbnone\u00a0\u00bb column_border_radius=\u00a0\u00bbnone\u00a0\u00bb column_link_target=\u00a0\u00bb_self\u00a0\u00bb gradient_direction=\u00a0\u00bbleft_to_right\u00a0\u00bb overlay_strength=\u00a0\u00bb0.3&Prime; width=\u00a0\u00bb1\/2&Prime; tablet_width_inherit=\u00a0\u00bbdefault\u00a0\u00bb tablet_text_alignment=\u00a0\u00bbdefault\u00a0\u00bb phone_text_alignment=\u00a0\u00bbdefault\u00a0\u00bb column_border_width=\u00a0\u00bbnone\u00a0\u00bb column_border_style=\u00a0\u00bbsolid\u00a0\u00bb bg_image_animation=\u00a0\u00bbnone\u00a0\u00bb][image_with_animation image_url=\u00a0\u00bb15504&Prime; animation=\u00a0\u00bbFade In\u00a0\u00bb hover_animation=\u00a0\u00bbnone\u00a0\u00bb alignment=\u00a0\u00bb\u00a0\u00bb border_radius=\u00a0\u00bbnone\u00a0\u00bb box_shadow=\u00a0\u00bbnone\u00a0\u00bb image_loading=\u00a0\u00bbdefault\u00a0\u00bb max_width=\u00a0\u00bb100%\u00a0\u00bb max_width_mobile=\u00a0\u00bbdefault\u00a0\u00bb][\/vc_column][vc_column column_padding=\u00a0\u00bbno-extra-padding\u00a0\u00bb column_padding_tablet=\u00a0\u00bbinherit\u00a0\u00bb column_padding_phone=\u00a0\u00bbinherit\u00a0\u00bb column_padding_position=\u00a0\u00bball\u00a0\u00bb background_color_opacity=\u00a0\u00bb1&Prime; background_hover_color_opacity=\u00a0\u00bb1&Prime; column_shadow=\u00a0\u00bbnone\u00a0\u00bb column_border_radius=\u00a0\u00bbnone\u00a0\u00bb column_link_target=\u00a0\u00bb_self\u00a0\u00bb gradient_direction=\u00a0\u00bbleft_to_right\u00a0\u00bb overlay_strength=\u00a0\u00bb0.3&Prime; width=\u00a0\u00bb1\/2&Prime; tablet_width_inherit=\u00a0\u00bbdefault\u00a0\u00bb tablet_text_alignment=\u00a0\u00bbdefault\u00a0\u00bb phone_text_alignment=\u00a0\u00bbdefault\u00a0\u00bb column_border_width=\u00a0\u00bbnone\u00a0\u00bb column_border_style=\u00a0\u00bbsolid\u00a0\u00bb bg_image_animation=\u00a0\u00bbnone\u00a0\u00bb][vc_column_text]\n<h3>Un rendez-vous \u00e0 ne pas manquer : Nikola Karabatic en avril 2025<\/h3>\n<p>La 10\u1d49 \u00e9dition des Coulisses du Sport avec Fabien Galthi\u00e9 restera sans aucun doute grav\u00e9e dans les m\u00e9moires. Mais l\u2019aventure ne s\u2019arr\u00eate pas l\u00e0 ! Nous sommes d\u2019ores et d\u00e9j\u00e0 en pr\u00e9paration de la prochaine \u00e9dition, qui aura lieu le <strong>2 avril 2025<\/strong>. Cette fois-ci, nous aurons l\u2019immense honneur de recevoir <strong>Nikola Karabatic<\/strong>, l\u00e9gende du handball mondial, pour une nouvelle soir\u00e9e inoubliable.<\/p>\n<p>Si vous souhaitez assister \u00e0 cette soir\u00e9e exclusive, nous vous encourageons \u00e0 r\u00e9server votre place d\u00e8s maintenant en contactant <strong>C\u00e9line Berment <\/strong>\u00e0 l&rsquo;adresse : cberment@exaequo-communication.fr<br \/>\nLes entreprises pr\u00e9sentes lors de l&rsquo;\u00e9dition avec Fabien Galthi\u00e9 auront la priorit\u00e9, mais ne tardez pas \u00e0 vous manifester ![\/vc_column_text][\/vc_column][\/vc_row]\n","protected":false},"excerpt":{"rendered":"<p>D\u00e9couvrez comment la 10\u1d49 \u00e9dition des Coulisses du Sport a r\u00e9uni 310 convives autour d\u2019un invit\u00e9 exceptionnel, Fabien Galthi\u00e9&#8230;<\/p>\n","protected":false},"author":22,"featured_media":15507,"comment_status":"closed","ping_status":"closed","sticky":false,"template":"","format":"standard","meta":{"footnotes":""},"categories":[1,176],"tags":[],"class_list":{"0":"post-15492","1":"post","2":"type-post","3":"status-publish","4":"format-standard","5":"has-post-thumbnail","7":"category-actualites","8":"category-corporate"},"yoast_head":"<!-- This site is optimized with the Yoast SEO plugin v27.0 - https:\/\/yoast.com\/product\/yoast-seo-wordpress\/ -->\n<title>Fabien Galthi\u00e9, invit\u00e9 d&#039;honneur des Coulisses du Sport - Exaequo communication<\/title>\n<meta name=\"description\" content=\"D\u00e9couvrez comment la 10\u1d49 \u00e9dition des Coulisses du Sport a r\u00e9uni 310 convives autour d\u2019un invit\u00e9 exceptionnel, Fabien Galthi\u00e9...\" \/>\n<meta name=\"robots\" content=\"index, follow, max-snippet:-1, max-image-preview:large, max-video-preview:-1\" \/>\n<link rel=\"canonical\" href=\"https:\/\/exaequo-communication.fr\/index.php\/2024\/10\/17\/retour-soiree-coulisses-sport-fabien-galthie\/\" \/>\n<meta property=\"og:locale\" content=\"fr_FR\" \/>\n<meta property=\"og:type\" content=\"article\" \/>\n<meta property=\"og:title\" content=\"Fabien Galthi\u00e9, invit\u00e9 d&#039;honneur des Coulisses du Sport - Exaequo communication\" \/>\n<meta property=\"og:description\" content=\"D\u00e9couvrez comment la 10\u1d49 \u00e9dition des Coulisses du Sport a r\u00e9uni 310 convives autour d\u2019un invit\u00e9 exceptionnel, Fabien Galthi\u00e9...\" \/>\n<meta property=\"og:url\" content=\"https:\/\/exaequo-communication.fr\/index.php\/2024\/10\/17\/retour-soiree-coulisses-sport-fabien-galthie\/\" \/>\n<meta property=\"og:site_name\" content=\"Exaequo communication\" \/>\n<meta property=\"article:published_time\" content=\"2024-10-17T16:00:28+00:00\" \/>\n<meta property=\"article:modified_time\" content=\"2024-10-21T14:26:37+00:00\" \/>\n<meta property=\"og:image\" content=\"https:\/\/exaequo-communication.fr\/wp-content\/uploads\/2024\/10\/241016-0316-A1L01308-Exaequo-CoulissesDuSport\u00a9le7emeStudio.fr_-scaled.jpg\" \/>\n\t<meta property=\"og:image:width\" content=\"742\" \/>\n\t<meta property=\"og:image:height\" content=\"1024\" \/>\n\t<meta property=\"og:image:type\" content=\"image\/jpeg\" \/>\n<meta name=\"author\" content=\"Noah\" \/>\n<meta name=\"twitter:card\" content=\"summary_large_image\" \/>\n<meta name=\"twitter:label1\" content=\"\u00c9crit par\" \/>\n\t<meta name=\"twitter:data1\" content=\"Noah\" \/>\n\t<meta name=\"twitter:label2\" content=\"Dur\u00e9e de lecture estim\u00e9e\" \/>\n\t<meta name=\"twitter:data2\" content=\"6 minutes\" \/>\n<script type=\"application\/ld+json\" class=\"yoast-schema-graph\">{\"@context\":\"https:\/\/schema.org\",\"@graph\":[{\"@type\":\"Article\",\"@id\":\"https:\/\/exaequo-communication.fr\/index.php\/2024\/10\/17\/retour-soiree-coulisses-sport-fabien-galthie\/#article\",\"isPartOf\":{\"@id\":\"https:\/\/exaequo-communication.fr\/index.php\/2024\/10\/17\/retour-soiree-coulisses-sport-fabien-galthie\/\"},\"author\":{\"name\":\"Noah\",\"@id\":\"https:\/\/exaequo-communication.fr\/#\/schema\/person\/c28633f3a7c202e5c427512376a2e7ca\"},\"headline\":\"Fabien Galthi\u00e9, invit\u00e9 d&rsquo;honneur des Coulisses du Sport\",\"datePublished\":\"2024-10-17T16:00:28+00:00\",\"dateModified\":\"2024-10-21T14:26:37+00:00\",\"mainEntityOfPage\":{\"@id\":\"https:\/\/exaequo-communication.fr\/index.php\/2024\/10\/17\/retour-soiree-coulisses-sport-fabien-galthie\/\"},\"wordCount\":1134,\"image\":{\"@id\":\"https:\/\/exaequo-communication.fr\/index.php\/2024\/10\/17\/retour-soiree-coulisses-sport-fabien-galthie\/#primaryimage\"},\"thumbnailUrl\":\"https:\/\/exaequo-communication.fr\/wp-content\/uploads\/2024\/10\/241016-0316-A1L01308-Exaequo-CoulissesDuSport\u00a9le7emeStudio.fr_-scaled.jpg\",\"articleSection\":[\"Actualit\u00e9s\",\"Corporate\"],\"inLanguage\":\"fr-FR\"},{\"@type\":\"WebPage\",\"@id\":\"https:\/\/exaequo-communication.fr\/index.php\/2024\/10\/17\/retour-soiree-coulisses-sport-fabien-galthie\/\",\"url\":\"https:\/\/exaequo-communication.fr\/index.php\/2024\/10\/17\/retour-soiree-coulisses-sport-fabien-galthie\/\",\"name\":\"Fabien Galthi\u00e9, invit\u00e9 d'honneur des Coulisses du Sport - Exaequo communication\",\"isPartOf\":{\"@id\":\"https:\/\/exaequo-communication.fr\/#website\"},\"primaryImageOfPage\":{\"@id\":\"https:\/\/exaequo-communication.fr\/index.php\/2024\/10\/17\/retour-soiree-coulisses-sport-fabien-galthie\/#primaryimage\"},\"image\":{\"@id\":\"https:\/\/exaequo-communication.fr\/index.php\/2024\/10\/17\/retour-soiree-coulisses-sport-fabien-galthie\/#primaryimage\"},\"thumbnailUrl\":\"https:\/\/exaequo-communication.fr\/wp-content\/uploads\/2024\/10\/241016-0316-A1L01308-Exaequo-CoulissesDuSport\u00a9le7emeStudio.fr_-scaled.jpg\",\"datePublished\":\"2024-10-17T16:00:28+00:00\",\"dateModified\":\"2024-10-21T14:26:37+00:00\",\"author\":{\"@id\":\"https:\/\/exaequo-communication.fr\/#\/schema\/person\/c28633f3a7c202e5c427512376a2e7ca\"},\"description\":\"D\u00e9couvrez comment la 10\u1d49 \u00e9dition des Coulisses du Sport a r\u00e9uni 310 convives autour d\u2019un invit\u00e9 exceptionnel, Fabien Galthi\u00e9...\",\"breadcrumb\":{\"@id\":\"https:\/\/exaequo-communication.fr\/index.php\/2024\/10\/17\/retour-soiree-coulisses-sport-fabien-galthie\/#breadcrumb\"},\"inLanguage\":\"fr-FR\",\"potentialAction\":[{\"@type\":\"ReadAction\",\"target\":[\"https:\/\/exaequo-communication.fr\/index.php\/2024\/10\/17\/retour-soiree-coulisses-sport-fabien-galthie\/\"]}]},{\"@type\":\"ImageObject\",\"inLanguage\":\"fr-FR\",\"@id\":\"https:\/\/exaequo-communication.fr\/index.php\/2024\/10\/17\/retour-soiree-coulisses-sport-fabien-galthie\/#primaryimage\",\"url\":\"https:\/\/exaequo-communication.fr\/wp-content\/uploads\/2024\/10\/241016-0316-A1L01308-Exaequo-CoulissesDuSport\u00a9le7emeStudio.fr_-scaled.jpg\",\"contentUrl\":\"https:\/\/exaequo-communication.fr\/wp-content\/uploads\/2024\/10\/241016-0316-A1L01308-Exaequo-CoulissesDuSport\u00a9le7emeStudio.fr_-scaled.jpg\",\"width\":742,\"height\":1024,\"caption\":\"Coulisses du Sport Fabien Galthi\u00e9\"},{\"@type\":\"BreadcrumbList\",\"@id\":\"https:\/\/exaequo-communication.fr\/index.php\/2024\/10\/17\/retour-soiree-coulisses-sport-fabien-galthie\/#breadcrumb\",\"itemListElement\":[{\"@type\":\"ListItem\",\"position\":1,\"name\":\"Accueil\",\"item\":\"https:\/\/exaequo-communication.fr\/\"},{\"@type\":\"ListItem\",\"position\":2,\"name\":\"Fabien Galthi\u00e9, invit\u00e9 d&rsquo;honneur des Coulisses du Sport\"}]},{\"@type\":\"WebSite\",\"@id\":\"https:\/\/exaequo-communication.fr\/#website\",\"url\":\"https:\/\/exaequo-communication.fr\/\",\"name\":\"Exaequo communication\",\"description\":\"\",\"potentialAction\":[{\"@type\":\"SearchAction\",\"target\":{\"@type\":\"EntryPoint\",\"urlTemplate\":\"https:\/\/exaequo-communication.fr\/?s={search_term_string}\"},\"query-input\":{\"@type\":\"PropertyValueSpecification\",\"valueRequired\":true,\"valueName\":\"search_term_string\"}}],\"inLanguage\":\"fr-FR\"},{\"@type\":\"Person\",\"@id\":\"https:\/\/exaequo-communication.fr\/#\/schema\/person\/c28633f3a7c202e5c427512376a2e7ca\",\"name\":\"Noah\",\"image\":{\"@type\":\"ImageObject\",\"inLanguage\":\"fr-FR\",\"@id\":\"https:\/\/exaequo-communication.fr\/#\/schema\/person\/image\/\",\"url\":\"https:\/\/secure.gravatar.com\/avatar\/70d12748ddaeba8bad327e70a86dffe52c00c33c30dcf0e3cfee09d9e7293b61?s=96&d=mm&r=g\",\"contentUrl\":\"https:\/\/secure.gravatar.com\/avatar\/70d12748ddaeba8bad327e70a86dffe52c00c33c30dcf0e3cfee09d9e7293b61?s=96&d=mm&r=g\",\"caption\":\"Noah\"},\"url\":\"https:\/\/exaequo-communication.fr\/index.php\/author\/noah\/\"}]}<\/script>\n<!-- \/ Yoast SEO plugin. -->","yoast_head_json":{"title":"Fabien Galthi\u00e9, invit\u00e9 d'honneur des Coulisses du Sport - Exaequo communication","description":"D\u00e9couvrez comment la 10\u1d49 \u00e9dition des Coulisses du Sport a r\u00e9uni 310 convives autour d\u2019un invit\u00e9 exceptionnel, Fabien Galthi\u00e9...","robots":{"index":"index","follow":"follow","max-snippet":"max-snippet:-1","max-image-preview":"max-image-preview:large","max-video-preview":"max-video-preview:-1"},"canonical":"https:\/\/exaequo-communication.fr\/index.php\/2024\/10\/17\/retour-soiree-coulisses-sport-fabien-galthie\/","og_locale":"fr_FR","og_type":"article","og_title":"Fabien Galthi\u00e9, invit\u00e9 d'honneur des Coulisses du Sport - Exaequo communication","og_description":"D\u00e9couvrez comment la 10\u1d49 \u00e9dition des Coulisses du Sport a r\u00e9uni 310 convives autour d\u2019un invit\u00e9 exceptionnel, Fabien Galthi\u00e9...","og_url":"https:\/\/exaequo-communication.fr\/index.php\/2024\/10\/17\/retour-soiree-coulisses-sport-fabien-galthie\/","og_site_name":"Exaequo communication","article_published_time":"2024-10-17T16:00:28+00:00","article_modified_time":"2024-10-21T14:26:37+00:00","og_image":[{"width":742,"height":1024,"url":"https:\/\/exaequo-communication.fr\/wp-content\/uploads\/2024\/10\/241016-0316-A1L01308-Exaequo-CoulissesDuSport\u00a9le7emeStudio.fr_-scaled.jpg","type":"image\/jpeg"}],"author":"Noah","twitter_card":"summary_large_image","twitter_misc":{"\u00c9crit par":"Noah","Dur\u00e9e de lecture estim\u00e9e":"6 minutes"},"schema":{"@context":"https:\/\/schema.org","@graph":[{"@type":"Article","@id":"https:\/\/exaequo-communication.fr\/index.php\/2024\/10\/17\/retour-soiree-coulisses-sport-fabien-galthie\/#article","isPartOf":{"@id":"https:\/\/exaequo-communication.fr\/index.php\/2024\/10\/17\/retour-soiree-coulisses-sport-fabien-galthie\/"},"author":{"name":"Noah","@id":"https:\/\/exaequo-communication.fr\/#\/schema\/person\/c28633f3a7c202e5c427512376a2e7ca"},"headline":"Fabien Galthi\u00e9, invit\u00e9 d&rsquo;honneur des Coulisses du Sport","datePublished":"2024-10-17T16:00:28+00:00","dateModified":"2024-10-21T14:26:37+00:00","mainEntityOfPage":{"@id":"https:\/\/exaequo-communication.fr\/index.php\/2024\/10\/17\/retour-soiree-coulisses-sport-fabien-galthie\/"},"wordCount":1134,"image":{"@id":"https:\/\/exaequo-communication.fr\/index.php\/2024\/10\/17\/retour-soiree-coulisses-sport-fabien-galthie\/#primaryimage"},"thumbnailUrl":"https:\/\/exaequo-communication.fr\/wp-content\/uploads\/2024\/10\/241016-0316-A1L01308-Exaequo-CoulissesDuSport\u00a9le7emeStudio.fr_-scaled.jpg","articleSection":["Actualit\u00e9s","Corporate"],"inLanguage":"fr-FR"},{"@type":"WebPage","@id":"https:\/\/exaequo-communication.fr\/index.php\/2024\/10\/17\/retour-soiree-coulisses-sport-fabien-galthie\/","url":"https:\/\/exaequo-communication.fr\/index.php\/2024\/10\/17\/retour-soiree-coulisses-sport-fabien-galthie\/","name":"Fabien Galthi\u00e9, invit\u00e9 d'honneur des Coulisses du Sport - Exaequo communication","isPartOf":{"@id":"https:\/\/exaequo-communication.fr\/#website"},"primaryImageOfPage":{"@id":"https:\/\/exaequo-communication.fr\/index.php\/2024\/10\/17\/retour-soiree-coulisses-sport-fabien-galthie\/#primaryimage"},"image":{"@id":"https:\/\/exaequo-communication.fr\/index.php\/2024\/10\/17\/retour-soiree-coulisses-sport-fabien-galthie\/#primaryimage"},"thumbnailUrl":"https:\/\/exaequo-communication.fr\/wp-content\/uploads\/2024\/10\/241016-0316-A1L01308-Exaequo-CoulissesDuSport\u00a9le7emeStudio.fr_-scaled.jpg","datePublished":"2024-10-17T16:00:28+00:00","dateModified":"2024-10-21T14:26:37+00:00","author":{"@id":"https:\/\/exaequo-communication.fr\/#\/schema\/person\/c28633f3a7c202e5c427512376a2e7ca"},"description":"D\u00e9couvrez comment la 10\u1d49 \u00e9dition des Coulisses du Sport a r\u00e9uni 310 convives autour d\u2019un invit\u00e9 exceptionnel, Fabien Galthi\u00e9...","breadcrumb":{"@id":"https:\/\/exaequo-communication.fr\/index.php\/2024\/10\/17\/retour-soiree-coulisses-sport-fabien-galthie\/#breadcrumb"},"inLanguage":"fr-FR","potentialAction":[{"@type":"ReadAction","target":["https:\/\/exaequo-communication.fr\/index.php\/2024\/10\/17\/retour-soiree-coulisses-sport-fabien-galthie\/"]}]},{"@type":"ImageObject","inLanguage":"fr-FR","@id":"https:\/\/exaequo-communication.fr\/index.php\/2024\/10\/17\/retour-soiree-coulisses-sport-fabien-galthie\/#primaryimage","url":"https:\/\/exaequo-communication.fr\/wp-content\/uploads\/2024\/10\/241016-0316-A1L01308-Exaequo-CoulissesDuSport\u00a9le7emeStudio.fr_-scaled.jpg","contentUrl":"https:\/\/exaequo-communication.fr\/wp-content\/uploads\/2024\/10\/241016-0316-A1L01308-Exaequo-CoulissesDuSport\u00a9le7emeStudio.fr_-scaled.jpg","width":742,"height":1024,"caption":"Coulisses du Sport Fabien Galthi\u00e9"},{"@type":"BreadcrumbList","@id":"https:\/\/exaequo-communication.fr\/index.php\/2024\/10\/17\/retour-soiree-coulisses-sport-fabien-galthie\/#breadcrumb","itemListElement":[{"@type":"ListItem","position":1,"name":"Accueil","item":"https:\/\/exaequo-communication.fr\/"},{"@type":"ListItem","position":2,"name":"Fabien Galthi\u00e9, invit\u00e9 d&rsquo;honneur des Coulisses du Sport"}]},{"@type":"WebSite","@id":"https:\/\/exaequo-communication.fr\/#website","url":"https:\/\/exaequo-communication.fr\/","name":"Exaequo communication","description":"","potentialAction":[{"@type":"SearchAction","target":{"@type":"EntryPoint","urlTemplate":"https:\/\/exaequo-communication.fr\/?s={search_term_string}"},"query-input":{"@type":"PropertyValueSpecification","valueRequired":true,"valueName":"search_term_string"}}],"inLanguage":"fr-FR"},{"@type":"Person","@id":"https:\/\/exaequo-communication.fr\/#\/schema\/person\/c28633f3a7c202e5c427512376a2e7ca","name":"Noah","image":{"@type":"ImageObject","inLanguage":"fr-FR","@id":"https:\/\/exaequo-communication.fr\/#\/schema\/person\/image\/","url":"https:\/\/secure.gravatar.com\/avatar\/70d12748ddaeba8bad327e70a86dffe52c00c33c30dcf0e3cfee09d9e7293b61?s=96&d=mm&r=g","contentUrl":"https:\/\/secure.gravatar.com\/avatar\/70d12748ddaeba8bad327e70a86dffe52c00c33c30dcf0e3cfee09d9e7293b61?s=96&d=mm&r=g","caption":"Noah"},"url":"https:\/\/exaequo-communication.fr\/index.php\/author\/noah\/"}]}},"_links":{"self":[{"href":"https:\/\/exaequo-communication.fr\/index.php\/wp-json\/wp\/v2\/posts\/15492","targetHints":{"allow":["GET"]}}],"collection":[{"href":"https:\/\/exaequo-communication.fr\/index.php\/wp-json\/wp\/v2\/posts"}],"about":[{"href":"https:\/\/exaequo-communication.fr\/index.php\/wp-json\/wp\/v2\/types\/post"}],"author":[{"embeddable":true,"href":"https:\/\/exaequo-communication.fr\/index.php\/wp-json\/wp\/v2\/users\/22"}],"replies":[{"embeddable":true,"href":"https:\/\/exaequo-communication.fr\/index.php\/wp-json\/wp\/v2\/comments?post=15492"}],"version-history":[{"count":8,"href":"https:\/\/exaequo-communication.fr\/index.php\/wp-json\/wp\/v2\/posts\/15492\/revisions"}],"predecessor-version":[{"id":15511,"href":"https:\/\/exaequo-communication.fr\/index.php\/wp-json\/wp\/v2\/posts\/15492\/revisions\/15511"}],"wp:featuredmedia":[{"embeddable":true,"href":"https:\/\/exaequo-communication.fr\/index.php\/wp-json\/wp\/v2\/media\/15507"}],"wp:attachment":[{"href":"https:\/\/exaequo-communication.fr\/index.php\/wp-json\/wp\/v2\/media?parent=15492"}],"wp:term":[{"taxonomy":"category","embeddable":true,"href":"https:\/\/exaequo-communication.fr\/index.php\/wp-json\/wp\/v2\/categories?post=15492"},{"taxonomy":"post_tag","embeddable":true,"href":"https:\/\/exaequo-communication.fr\/index.php\/wp-json\/wp\/v2\/tags?post=15492"}],"curies":[{"name":"wp","href":"https:\/\/api.w.org\/{rel}","templated":true}]}}