{"id":15413,"date":"2024-10-07T11:45:53","date_gmt":"2024-10-07T09:45:53","guid":{"rendered":"https:\/\/exaequo-communication.fr\/?p=15413"},"modified":"2024-10-21T12:11:25","modified_gmt":"2024-10-21T10:11:25","slug":"caen-ca-bouge-4e-edition","status":"publish","type":"post","link":"https:\/\/exaequo-communication.fr\/index.php\/2024\/10\/07\/caen-ca-bouge-4e-edition\/","title":{"rendered":"Retour sur la 4e \u00e9dition de Caen \u00e7a Bouge"},"content":{"rendered":"[vc_row type=\u00a0\u00bbin_container\u00a0\u00bb full_screen_row_position=\u00a0\u00bbmiddle\u00a0\u00bb column_margin=\u00a0\u00bbdefault\u00a0\u00bb column_direction=\u00a0\u00bbdefault\u00a0\u00bb column_direction_tablet=\u00a0\u00bbdefault\u00a0\u00bb column_direction_phone=\u00a0\u00bbdefault\u00a0\u00bb scene_position=\u00a0\u00bbcenter\u00a0\u00bb top_padding=\u00a0\u00bb10&Prime; text_color=\u00a0\u00bbdark\u00a0\u00bb text_align=\u00a0\u00bbleft\u00a0\u00bb row_border_radius=\u00a0\u00bbnone\u00a0\u00bb row_border_radius_applies=\u00a0\u00bbbg\u00a0\u00bb overlay_strength=\u00a0\u00bb0.3&Prime; gradient_direction=\u00a0\u00bbleft_to_right\u00a0\u00bb shape_divider_position=\u00a0\u00bbbottom\u00a0\u00bb bg_image_animation=\u00a0\u00bbnone\u00a0\u00bb shape_type=\u00a0\u00bb\u00a0\u00bb][vc_column column_padding=\u00a0\u00bbno-extra-padding\u00a0\u00bb column_padding_tablet=\u00a0\u00bbinherit\u00a0\u00bb column_padding_phone=\u00a0\u00bbinherit\u00a0\u00bb column_padding_position=\u00a0\u00bball\u00a0\u00bb background_color_opacity=\u00a0\u00bb1&Prime; background_hover_color_opacity=\u00a0\u00bb1&Prime; column_shadow=\u00a0\u00bbnone\u00a0\u00bb column_border_radius=\u00a0\u00bbnone\u00a0\u00bb column_link_target=\u00a0\u00bb_self\u00a0\u00bb gradient_direction=\u00a0\u00bbleft_to_right\u00a0\u00bb overlay_strength=\u00a0\u00bb0.3&Prime; width=\u00a0\u00bb1\/2&Prime; tablet_width_inherit=\u00a0\u00bbdefault\u00a0\u00bb tablet_text_alignment=\u00a0\u00bbdefault\u00a0\u00bb phone_text_alignment=\u00a0\u00bbdefault\u00a0\u00bb column_border_width=\u00a0\u00bbnone\u00a0\u00bb column_border_style=\u00a0\u00bbsolid\u00a0\u00bb bg_image_animation=\u00a0\u00bbnone\u00a0\u00bb][vc_gallery type=\u00a0\u00bbflexslider_style\u00a0\u00bb images=\u00a0\u00bb15450,15451,15452,15445,15443,15444,15446,15442,15447,15448,15449&Prime; onclick=\u00a0\u00bblink_no\u00a0\u00bb hover_anim=\u00a0\u00bbfade-out\u00a0\u00bb][\/vc_column][vc_column column_padding=\u00a0\u00bbno-extra-padding\u00a0\u00bb column_padding_tablet=\u00a0\u00bbinherit\u00a0\u00bb column_padding_phone=\u00a0\u00bbinherit\u00a0\u00bb column_padding_position=\u00a0\u00bball\u00a0\u00bb background_color_opacity=\u00a0\u00bb1&Prime; background_hover_color_opacity=\u00a0\u00bb1&Prime; column_shadow=\u00a0\u00bbnone\u00a0\u00bb column_border_radius=\u00a0\u00bbnone\u00a0\u00bb column_link_target=\u00a0\u00bb_self\u00a0\u00bb gradient_direction=\u00a0\u00bbleft_to_right\u00a0\u00bb overlay_strength=\u00a0\u00bb0.3&Prime; width=\u00a0\u00bb1\/2&Prime; tablet_width_inherit=\u00a0\u00bbdefault\u00a0\u00bb tablet_text_alignment=\u00a0\u00bbdefault\u00a0\u00bb phone_text_alignment=\u00a0\u00bbdefault\u00a0\u00bb column_border_width=\u00a0\u00bbnone\u00a0\u00bb column_border_style=\u00a0\u00bbsolid\u00a0\u00bb bg_image_animation=\u00a0\u00bbnone\u00a0\u00bb][split_line_heading animation_type=\u00a0\u00bbdefault\u00a0\u00bb]\n<h3 style=\"text-align: left;\">Caen \u00e7a bouge, 4e \u00e9dition du festival des mobilit\u00e9s durables !<\/h3>\n<p>Ce week-end s&rsquo;est d\u00e9roul\u00e9 la 4\u1d49 \u00e9dition de <strong><a href=\"https:\/\/caencabouge.fr\/\">Caen \u00e7a Bouge<\/a><\/strong>, un \u00e9v\u00e9nement devenu incontournable pour promouvoir les <strong>mobilit\u00e9s durables<\/strong> dans la r\u00e9gion. Avec plus de <strong>7000 participants<\/strong>, cet \u00e9v\u00e9nement a une nouvelle fois d\u00e9montr\u00e9 son importance pour encourager des modes de d\u00e9placement plus respectueux de l&rsquo;environnement.[\/split_line_heading][\/vc_column][\/vc_row][vc_row type=\u00a0\u00bbin_container\u00a0\u00bb full_screen_row_position=\u00a0\u00bbmiddle\u00a0\u00bb column_margin=\u00a0\u00bbdefault\u00a0\u00bb column_direction=\u00a0\u00bbdefault\u00a0\u00bb column_direction_tablet=\u00a0\u00bbdefault\u00a0\u00bb column_direction_phone=\u00a0\u00bbdefault\u00a0\u00bb scene_position=\u00a0\u00bbcenter\u00a0\u00bb text_color=\u00a0\u00bbdark\u00a0\u00bb text_align=\u00a0\u00bbleft\u00a0\u00bb row_border_radius=\u00a0\u00bbnone\u00a0\u00bb row_border_radius_applies=\u00a0\u00bbbg\u00a0\u00bb overlay_strength=\u00a0\u00bb0.3&Prime; gradient_direction=\u00a0\u00bbleft_to_right\u00a0\u00bb shape_divider_position=\u00a0\u00bbbottom\u00a0\u00bb bg_image_animation=\u00a0\u00bbnone\u00a0\u00bb][vc_column column_padding=\u00a0\u00bbno-extra-padding\u00a0\u00bb column_padding_tablet=\u00a0\u00bbinherit\u00a0\u00bb column_padding_phone=\u00a0\u00bbinherit\u00a0\u00bb column_padding_position=\u00a0\u00bball\u00a0\u00bb background_color_opacity=\u00a0\u00bb1&Prime; background_hover_color_opacity=\u00a0\u00bb1&Prime; column_shadow=\u00a0\u00bbnone\u00a0\u00bb column_border_radius=\u00a0\u00bbnone\u00a0\u00bb column_link_target=\u00a0\u00bb_self\u00a0\u00bb gradient_direction=\u00a0\u00bbleft_to_right\u00a0\u00bb overlay_strength=\u00a0\u00bb0.3&Prime; width=\u00a0\u00bb1\/1&Prime; tablet_width_inherit=\u00a0\u00bbdefault\u00a0\u00bb tablet_text_alignment=\u00a0\u00bbdefault\u00a0\u00bb phone_text_alignment=\u00a0\u00bbdefault\u00a0\u00bb column_border_width=\u00a0\u00bbnone\u00a0\u00bb column_border_style=\u00a0\u00bbsolid\u00a0\u00bb bg_image_animation=\u00a0\u00bbnone\u00a0\u00bb][vc_column_text]\n<h3>Un week-end sous le signe de la mobilit\u00e9 et du partage<\/h3>\n<p>L&rsquo;\u00e9dition de cette ann\u00e9e a permis aux participants de traverser <strong>48 lieux embl\u00e9matiques<\/strong> de Caen et de ses alentours, tout en profitant de <strong>14 animations<\/strong> soigneusement int\u00e9gr\u00e9es aux parcours. De la marche au v\u00e9lo, en passant par d&rsquo;autres formes de mobilit\u00e9 douce, les participants ont pu d\u00e9couvrir ou red\u00e9couvrir leur ville tout en prenant part \u00e0 un \u00e9v\u00e9nement convivial et \u00e9coresponsable.<\/p>\n<h3>Cl\u00f4ture d&rsquo;une ann\u00e9e riche en \u00e9v\u00e9nements<\/h3>\n<p>Cette 4\u1d49 \u00e9dition de <strong><a href=\"https:\/\/caencabouge.fr\/\">Caen \u00e7a Bouge<\/a><\/strong> marque le dernier \u00e9v\u00e9nement grand public de l&rsquo;ann\u00e9e pour notre agence. Nous sommes fiers d&rsquo;avoir contribu\u00e9 \u00e0 son succ\u00e8s et de clore cette ann\u00e9e avec un \u00e9v\u00e9nement aussi rassembleur et porteur de sens. La transition vers des modes de transport plus \u00e9cologiques est au c\u0153ur de nos engagements, et Caen \u00e7a Bouge illustre parfaitement notre volont\u00e9 de promouvoir des solutions durables.<\/p>\n<h3>Une r\u00e9ussite rendue possible gr\u00e2ce \u00e0 nos partenaires<\/h3>\n<p>Nous tenons \u00e0 exprimer notre gratitude envers tous les partenaires et b\u00e9n\u00e9voles qui ont travaill\u00e9 sans rel\u00e2che pour faire de cet \u00e9v\u00e9nement une v\u00e9ritable r\u00e9ussite. Leur soutien a permis \u00e0 l&rsquo;\u00e9v\u00e9nement\u00a0de grandir et de s&rsquo;imposer comme un rendez-vous incontournable pour les amateurs de mobilit\u00e9 durable.<\/p>\n<p>Un grand merci \u00e0 : <strong><a href=\"https:\/\/www.decathlon.fr\/store-view\/magasin-de-sports-caen-mondeville-0070012900129\">D\u00e9cathlon<\/a>, <a href=\"https:\/\/caen.fr\/\">Ville de Caen<\/a>, <a href=\"https:\/\/celfy.fr\/\">Celfy<\/a>, <a href=\"https:\/\/www.twisto.fr\/\">Twisto<\/a>, <a href=\"https:\/\/www.e.leclerc\/mag\/e-leclerc-ifs\">E. Leclerc<\/a>, \u00c9chapp\u00e9e Belle, <a href=\"https:\/\/www.harmonie-mutuelle.fr\/\">Harmonie Mutuelle<\/a>, <a href=\"https:\/\/www.sncf-voyageurs.com\/fr\/voyagez-avec-nous\/horaires-et-itineraires\/itineraires\/\">SNCF<\/a>, <a href=\"https:\/\/www.win-sport-school.com\/\">Win Sport School<\/a>, <a href=\"https:\/\/www.yabon.fr\/\">Yabon<\/a>, <a href=\"https:\/\/caennaise.com\/\">La Caennaise<\/a>, <a href=\"https:\/\/www.omexom.fr\/\">Omexom<\/a>, <a href=\"https:\/\/www.citeos.fr\/\">Citeos<\/a>, <a href=\"https:\/\/www.energie-robine.fr\/\">Robine \u00c9nergie<\/a>, <a href=\"https:\/\/www.thepeoplehostel.com\/fr\/?popup=www.thepeoplehostel.com\">The People<\/a>, <a href=\"https:\/\/capfinances.fr\/\">Capfinances<\/a>, <a href=\"https:\/\/www.normandie.fr\/\">R\u00e9gion Normandie<\/a>, <a href=\"https:\/\/www.bfmtv.com\/normandie\/\">BFM Normandie<\/a>, <a href=\"https:\/\/unikstudio.fr\/\">Unik Studio<\/a>, <a href=\"https:\/\/fondationduchudequebec.org\/\">Fondation du CHU<\/a>, <a href=\"https:\/\/www.moho.co\/fr\/\">Moho<\/a>, <a href=\"https:\/\/www.caenreprocolor.fr\/\">Caen Repro<\/a> et <a href=\"https:\/\/rivesdelorne.com\/fr\">Les Rives de l&rsquo;Orne<\/a>.<\/strong><\/p>\n<p><strong>Nous sommes d\u00e9j\u00e0 impatients de pr\u00e9parer la prochaine \u00e9dition !<\/strong>[\/vc_column_text][\/vc_column][\/vc_row]\n","protected":false},"excerpt":{"rendered":"<p>7000 personnes se sont rassembl\u00e9es au d\u00e9part des trails et balades v\u00e9los de Caen \u00e7a bouge. Le village des mobilit\u00e9s a accueilli de nombreux ateliers et animations en tous genres tout au long du weekend.<\/p>\n","protected":false},"author":22,"featured_media":15450,"comment_status":"closed","ping_status":"closed","sticky":false,"template":"","format":"standard","meta":{"footnotes":""},"categories":[1],"tags":[],"class_list":{"0":"post-15413","1":"post","2":"type-post","3":"status-publish","4":"format-standard","5":"has-post-thumbnail","7":"category-actualites"},"yoast_head":"<!-- This site is optimized with the Yoast SEO plugin v27.0 - https:\/\/yoast.com\/product\/yoast-seo-wordpress\/ -->\n<title>Retour en images sur la 4e \u00e9dition de Caen \u00e7a bouge<\/title>\n<meta name=\"description\" content=\"7000 personnes se sont rassembl\u00e9es au d\u00e9part des trails et balades v\u00e9los de Caen \u00e7a bouge. Le village des mobilit\u00e9s a accueilli...\" \/>\n<meta name=\"robots\" content=\"index, follow, max-snippet:-1, max-image-preview:large, max-video-preview:-1\" \/>\n<link rel=\"canonical\" href=\"https:\/\/exaequo-communication.fr\/index.php\/2024\/10\/07\/caen-ca-bouge-4e-edition\/\" \/>\n<meta property=\"og:locale\" content=\"fr_FR\" \/>\n<meta property=\"og:type\" content=\"article\" \/>\n<meta property=\"og:title\" content=\"Retour sur la 4e \u00e9dition de Caen \u00e7a Bouge\" \/>\n<meta property=\"og:description\" content=\"7000 personnes se sont rassembl\u00e9es au d\u00e9part des trails et balades v\u00e9los de Caen \u00e7a bouge. Le village des mobilit\u00e9s a accueilli de nombreux ateliers et animations en tous genres tout au long du weekend.\" \/>\n<meta property=\"og:url\" content=\"https:\/\/exaequo-communication.fr\/index.php\/2024\/10\/07\/caen-ca-bouge-4e-edition\/\" \/>\n<meta property=\"og:site_name\" content=\"Exaequo communication\" \/>\n<meta property=\"article:published_time\" content=\"2024-10-07T09:45:53+00:00\" \/>\n<meta property=\"article:modified_time\" content=\"2024-10-21T10:11:25+00:00\" \/>\n<meta property=\"og:image\" content=\"https:\/\/exaequo-communication.fr\/wp-content\/uploads\/2024\/10\/20241005-Caen-Ca-Bouge-Best-Trail-FDO_Photo-039-scaled.jpg\" \/>\n\t<meta property=\"og:image:width\" content=\"1536\" \/>\n\t<meta property=\"og:image:height\" content=\"1024\" \/>\n\t<meta property=\"og:image:type\" content=\"image\/jpeg\" \/>\n<meta name=\"author\" content=\"Noah\" \/>\n<meta name=\"twitter:card\" content=\"summary_large_image\" \/>\n<meta name=\"twitter:title\" content=\"Retour sur la 3e \u00e9dition de Caen \u00e7a Bouge\" \/>\n<meta name=\"twitter:description\" content=\"2500 personnes se sont rassembl\u00e9es au d\u00e9part des trails et balades v\u00e9los de Caen \u00e7a bouge. Le village des mobilit\u00e9s a accueilli de nombreux ateliers et animations en tous genres tout au long du weekend.\" \/>\n<meta name=\"twitter:image\" content=\"https:\/\/exaequo-communication.fr\/wp-content\/uploads\/2021\/11\/3-scaled.jpg\" \/>\n<meta name=\"twitter:label1\" content=\"\u00c9crit par\" \/>\n\t<meta name=\"twitter:data1\" content=\"Noah\" \/>\n\t<meta name=\"twitter:label2\" content=\"Dur\u00e9e de lecture estim\u00e9e\" \/>\n\t<meta name=\"twitter:data2\" content=\"3 minutes\" \/>\n<script type=\"application\/ld+json\" class=\"yoast-schema-graph\">{\"@context\":\"https:\/\/schema.org\",\"@graph\":[{\"@type\":\"Article\",\"@id\":\"https:\/\/exaequo-communication.fr\/index.php\/2024\/10\/07\/caen-ca-bouge-4e-edition\/#article\",\"isPartOf\":{\"@id\":\"https:\/\/exaequo-communication.fr\/index.php\/2024\/10\/07\/caen-ca-bouge-4e-edition\/\"},\"author\":{\"name\":\"Noah\",\"@id\":\"https:\/\/exaequo-communication.fr\/#\/schema\/person\/c28633f3a7c202e5c427512376a2e7ca\"},\"headline\":\"Retour sur la 4e \u00e9dition de Caen \u00e7a Bouge\",\"datePublished\":\"2024-10-07T09:45:53+00:00\",\"dateModified\":\"2024-10-21T10:11:25+00:00\",\"mainEntityOfPage\":{\"@id\":\"https:\/\/exaequo-communication.fr\/index.php\/2024\/10\/07\/caen-ca-bouge-4e-edition\/\"},\"wordCount\":716,\"image\":{\"@id\":\"https:\/\/exaequo-communication.fr\/index.php\/2024\/10\/07\/caen-ca-bouge-4e-edition\/#primaryimage\"},\"thumbnailUrl\":\"https:\/\/exaequo-communication.fr\/wp-content\/uploads\/2024\/10\/20241005-Caen-Ca-Bouge-Best-Trail-FDO_Photo-039-scaled.jpg\",\"articleSection\":[\"Actualit\u00e9s\"],\"inLanguage\":\"fr-FR\"},{\"@type\":\"WebPage\",\"@id\":\"https:\/\/exaequo-communication.fr\/index.php\/2024\/10\/07\/caen-ca-bouge-4e-edition\/\",\"url\":\"https:\/\/exaequo-communication.fr\/index.php\/2024\/10\/07\/caen-ca-bouge-4e-edition\/\",\"name\":\"Retour en images sur la 4e \u00e9dition de Caen \u00e7a bouge\",\"isPartOf\":{\"@id\":\"https:\/\/exaequo-communication.fr\/#website\"},\"primaryImageOfPage\":{\"@id\":\"https:\/\/exaequo-communication.fr\/index.php\/2024\/10\/07\/caen-ca-bouge-4e-edition\/#primaryimage\"},\"image\":{\"@id\":\"https:\/\/exaequo-communication.fr\/index.php\/2024\/10\/07\/caen-ca-bouge-4e-edition\/#primaryimage\"},\"thumbnailUrl\":\"https:\/\/exaequo-communication.fr\/wp-content\/uploads\/2024\/10\/20241005-Caen-Ca-Bouge-Best-Trail-FDO_Photo-039-scaled.jpg\",\"datePublished\":\"2024-10-07T09:45:53+00:00\",\"dateModified\":\"2024-10-21T10:11:25+00:00\",\"author\":{\"@id\":\"https:\/\/exaequo-communication.fr\/#\/schema\/person\/c28633f3a7c202e5c427512376a2e7ca\"},\"description\":\"7000 personnes se sont rassembl\u00e9es au d\u00e9part des trails et balades v\u00e9los de Caen \u00e7a bouge. Le village des mobilit\u00e9s a accueilli...\",\"breadcrumb\":{\"@id\":\"https:\/\/exaequo-communication.fr\/index.php\/2024\/10\/07\/caen-ca-bouge-4e-edition\/#breadcrumb\"},\"inLanguage\":\"fr-FR\",\"potentialAction\":[{\"@type\":\"ReadAction\",\"target\":[\"https:\/\/exaequo-communication.fr\/index.php\/2024\/10\/07\/caen-ca-bouge-4e-edition\/\"]}]},{\"@type\":\"ImageObject\",\"inLanguage\":\"fr-FR\",\"@id\":\"https:\/\/exaequo-communication.fr\/index.php\/2024\/10\/07\/caen-ca-bouge-4e-edition\/#primaryimage\",\"url\":\"https:\/\/exaequo-communication.fr\/wp-content\/uploads\/2024\/10\/20241005-Caen-Ca-Bouge-Best-Trail-FDO_Photo-039-scaled.jpg\",\"contentUrl\":\"https:\/\/exaequo-communication.fr\/wp-content\/uploads\/2024\/10\/20241005-Caen-Ca-Bouge-Best-Trail-FDO_Photo-039-scaled.jpg\",\"width\":1536,\"height\":1024,\"caption\":\"Caen \u00e7a Bouge 2024\"},{\"@type\":\"BreadcrumbList\",\"@id\":\"https:\/\/exaequo-communication.fr\/index.php\/2024\/10\/07\/caen-ca-bouge-4e-edition\/#breadcrumb\",\"itemListElement\":[{\"@type\":\"ListItem\",\"position\":1,\"name\":\"Accueil\",\"item\":\"https:\/\/exaequo-communication.fr\/\"},{\"@type\":\"ListItem\",\"position\":2,\"name\":\"Retour sur la 4e \u00e9dition de Caen \u00e7a Bouge\"}]},{\"@type\":\"WebSite\",\"@id\":\"https:\/\/exaequo-communication.fr\/#website\",\"url\":\"https:\/\/exaequo-communication.fr\/\",\"name\":\"Exaequo communication\",\"description\":\"\",\"potentialAction\":[{\"@type\":\"SearchAction\",\"target\":{\"@type\":\"EntryPoint\",\"urlTemplate\":\"https:\/\/exaequo-communication.fr\/?s={search_term_string}\"},\"query-input\":{\"@type\":\"PropertyValueSpecification\",\"valueRequired\":true,\"valueName\":\"search_term_string\"}}],\"inLanguage\":\"fr-FR\"},{\"@type\":\"Person\",\"@id\":\"https:\/\/exaequo-communication.fr\/#\/schema\/person\/c28633f3a7c202e5c427512376a2e7ca\",\"name\":\"Noah\",\"image\":{\"@type\":\"ImageObject\",\"inLanguage\":\"fr-FR\",\"@id\":\"https:\/\/exaequo-communication.fr\/#\/schema\/person\/image\/\",\"url\":\"https:\/\/secure.gravatar.com\/avatar\/70d12748ddaeba8bad327e70a86dffe52c00c33c30dcf0e3cfee09d9e7293b61?s=96&d=mm&r=g\",\"contentUrl\":\"https:\/\/secure.gravatar.com\/avatar\/70d12748ddaeba8bad327e70a86dffe52c00c33c30dcf0e3cfee09d9e7293b61?s=96&d=mm&r=g\",\"caption\":\"Noah\"},\"url\":\"https:\/\/exaequo-communication.fr\/index.php\/author\/noah\/\"}]}<\/script>\n<!-- \/ Yoast SEO plugin. -->","yoast_head_json":{"title":"Retour en images sur la 4e \u00e9dition de Caen \u00e7a bouge","description":"7000 personnes se sont rassembl\u00e9es au d\u00e9part des trails et balades v\u00e9los de Caen \u00e7a bouge. Le village des mobilit\u00e9s a accueilli...","robots":{"index":"index","follow":"follow","max-snippet":"max-snippet:-1","max-image-preview":"max-image-preview:large","max-video-preview":"max-video-preview:-1"},"canonical":"https:\/\/exaequo-communication.fr\/index.php\/2024\/10\/07\/caen-ca-bouge-4e-edition\/","og_locale":"fr_FR","og_type":"article","og_title":"Retour sur la 4e \u00e9dition de Caen \u00e7a Bouge","og_description":"7000 personnes se sont rassembl\u00e9es au d\u00e9part des trails et balades v\u00e9los de Caen \u00e7a bouge. Le village des mobilit\u00e9s a accueilli de nombreux ateliers et animations en tous genres tout au long du weekend.","og_url":"https:\/\/exaequo-communication.fr\/index.php\/2024\/10\/07\/caen-ca-bouge-4e-edition\/","og_site_name":"Exaequo communication","article_published_time":"2024-10-07T09:45:53+00:00","article_modified_time":"2024-10-21T10:11:25+00:00","og_image":[{"width":1536,"height":1024,"url":"https:\/\/exaequo-communication.fr\/wp-content\/uploads\/2024\/10\/20241005-Caen-Ca-Bouge-Best-Trail-FDO_Photo-039-scaled.jpg","type":"image\/jpeg"}],"author":"Noah","twitter_card":"summary_large_image","twitter_title":"Retour sur la 3e \u00e9dition de Caen \u00e7a Bouge","twitter_description":"2500 personnes se sont rassembl\u00e9es au d\u00e9part des trails et balades v\u00e9los de Caen \u00e7a bouge. Le village des mobilit\u00e9s a accueilli de nombreux ateliers et animations en tous genres tout au long du weekend.","twitter_image":"https:\/\/exaequo-communication.fr\/wp-content\/uploads\/2021\/11\/3-scaled.jpg","twitter_misc":{"\u00c9crit par":"Noah","Dur\u00e9e de lecture estim\u00e9e":"3 minutes"},"schema":{"@context":"https:\/\/schema.org","@graph":[{"@type":"Article","@id":"https:\/\/exaequo-communication.fr\/index.php\/2024\/10\/07\/caen-ca-bouge-4e-edition\/#article","isPartOf":{"@id":"https:\/\/exaequo-communication.fr\/index.php\/2024\/10\/07\/caen-ca-bouge-4e-edition\/"},"author":{"name":"Noah","@id":"https:\/\/exaequo-communication.fr\/#\/schema\/person\/c28633f3a7c202e5c427512376a2e7ca"},"headline":"Retour sur la 4e \u00e9dition de Caen \u00e7a Bouge","datePublished":"2024-10-07T09:45:53+00:00","dateModified":"2024-10-21T10:11:25+00:00","mainEntityOfPage":{"@id":"https:\/\/exaequo-communication.fr\/index.php\/2024\/10\/07\/caen-ca-bouge-4e-edition\/"},"wordCount":716,"image":{"@id":"https:\/\/exaequo-communication.fr\/index.php\/2024\/10\/07\/caen-ca-bouge-4e-edition\/#primaryimage"},"thumbnailUrl":"https:\/\/exaequo-communication.fr\/wp-content\/uploads\/2024\/10\/20241005-Caen-Ca-Bouge-Best-Trail-FDO_Photo-039-scaled.jpg","articleSection":["Actualit\u00e9s"],"inLanguage":"fr-FR"},{"@type":"WebPage","@id":"https:\/\/exaequo-communication.fr\/index.php\/2024\/10\/07\/caen-ca-bouge-4e-edition\/","url":"https:\/\/exaequo-communication.fr\/index.php\/2024\/10\/07\/caen-ca-bouge-4e-edition\/","name":"Retour en images sur la 4e \u00e9dition de Caen \u00e7a bouge","isPartOf":{"@id":"https:\/\/exaequo-communication.fr\/#website"},"primaryImageOfPage":{"@id":"https:\/\/exaequo-communication.fr\/index.php\/2024\/10\/07\/caen-ca-bouge-4e-edition\/#primaryimage"},"image":{"@id":"https:\/\/exaequo-communication.fr\/index.php\/2024\/10\/07\/caen-ca-bouge-4e-edition\/#primaryimage"},"thumbnailUrl":"https:\/\/exaequo-communication.fr\/wp-content\/uploads\/2024\/10\/20241005-Caen-Ca-Bouge-Best-Trail-FDO_Photo-039-scaled.jpg","datePublished":"2024-10-07T09:45:53+00:00","dateModified":"2024-10-21T10:11:25+00:00","author":{"@id":"https:\/\/exaequo-communication.fr\/#\/schema\/person\/c28633f3a7c202e5c427512376a2e7ca"},"description":"7000 personnes se sont rassembl\u00e9es au d\u00e9part des trails et balades v\u00e9los de Caen \u00e7a bouge. Le village des mobilit\u00e9s a accueilli...","breadcrumb":{"@id":"https:\/\/exaequo-communication.fr\/index.php\/2024\/10\/07\/caen-ca-bouge-4e-edition\/#breadcrumb"},"inLanguage":"fr-FR","potentialAction":[{"@type":"ReadAction","target":["https:\/\/exaequo-communication.fr\/index.php\/2024\/10\/07\/caen-ca-bouge-4e-edition\/"]}]},{"@type":"ImageObject","inLanguage":"fr-FR","@id":"https:\/\/exaequo-communication.fr\/index.php\/2024\/10\/07\/caen-ca-bouge-4e-edition\/#primaryimage","url":"https:\/\/exaequo-communication.fr\/wp-content\/uploads\/2024\/10\/20241005-Caen-Ca-Bouge-Best-Trail-FDO_Photo-039-scaled.jpg","contentUrl":"https:\/\/exaequo-communication.fr\/wp-content\/uploads\/2024\/10\/20241005-Caen-Ca-Bouge-Best-Trail-FDO_Photo-039-scaled.jpg","width":1536,"height":1024,"caption":"Caen \u00e7a Bouge 2024"},{"@type":"BreadcrumbList","@id":"https:\/\/exaequo-communication.fr\/index.php\/2024\/10\/07\/caen-ca-bouge-4e-edition\/#breadcrumb","itemListElement":[{"@type":"ListItem","position":1,"name":"Accueil","item":"https:\/\/exaequo-communication.fr\/"},{"@type":"ListItem","position":2,"name":"Retour sur la 4e \u00e9dition de Caen \u00e7a Bouge"}]},{"@type":"WebSite","@id":"https:\/\/exaequo-communication.fr\/#website","url":"https:\/\/exaequo-communication.fr\/","name":"Exaequo communication","description":"","potentialAction":[{"@type":"SearchAction","target":{"@type":"EntryPoint","urlTemplate":"https:\/\/exaequo-communication.fr\/?s={search_term_string}"},"query-input":{"@type":"PropertyValueSpecification","valueRequired":true,"valueName":"search_term_string"}}],"inLanguage":"fr-FR"},{"@type":"Person","@id":"https:\/\/exaequo-communication.fr\/#\/schema\/person\/c28633f3a7c202e5c427512376a2e7ca","name":"Noah","image":{"@type":"ImageObject","inLanguage":"fr-FR","@id":"https:\/\/exaequo-communication.fr\/#\/schema\/person\/image\/","url":"https:\/\/secure.gravatar.com\/avatar\/70d12748ddaeba8bad327e70a86dffe52c00c33c30dcf0e3cfee09d9e7293b61?s=96&d=mm&r=g","contentUrl":"https:\/\/secure.gravatar.com\/avatar\/70d12748ddaeba8bad327e70a86dffe52c00c33c30dcf0e3cfee09d9e7293b61?s=96&d=mm&r=g","caption":"Noah"},"url":"https:\/\/exaequo-communication.fr\/index.php\/author\/noah\/"}]}},"_links":{"self":[{"href":"https:\/\/exaequo-communication.fr\/index.php\/wp-json\/wp\/v2\/posts\/15413","targetHints":{"allow":["GET"]}}],"collection":[{"href":"https:\/\/exaequo-communication.fr\/index.php\/wp-json\/wp\/v2\/posts"}],"about":[{"href":"https:\/\/exaequo-communication.fr\/index.php\/wp-json\/wp\/v2\/types\/post"}],"author":[{"embeddable":true,"href":"https:\/\/exaequo-communication.fr\/index.php\/wp-json\/wp\/v2\/users\/22"}],"replies":[{"embeddable":true,"href":"https:\/\/exaequo-communication.fr\/index.php\/wp-json\/wp\/v2\/comments?post=15413"}],"version-history":[{"count":3,"href":"https:\/\/exaequo-communication.fr\/index.php\/wp-json\/wp\/v2\/posts\/15413\/revisions"}],"predecessor-version":[{"id":15454,"href":"https:\/\/exaequo-communication.fr\/index.php\/wp-json\/wp\/v2\/posts\/15413\/revisions\/15454"}],"wp:featuredmedia":[{"embeddable":true,"href":"https:\/\/exaequo-communication.fr\/index.php\/wp-json\/wp\/v2\/media\/15450"}],"wp:attachment":[{"href":"https:\/\/exaequo-communication.fr\/index.php\/wp-json\/wp\/v2\/media?parent=15413"}],"wp:term":[{"taxonomy":"category","embeddable":true,"href":"https:\/\/exaequo-communication.fr\/index.php\/wp-json\/wp\/v2\/categories?post=15413"},{"taxonomy":"post_tag","embeddable":true,"href":"https:\/\/exaequo-communication.fr\/index.php\/wp-json\/wp\/v2\/tags?post=15413"}],"curies":[{"name":"wp","href":"https:\/\/api.w.org\/{rel}","templated":true}]}}