{"id":15353,"date":"2024-09-23T19:09:07","date_gmt":"2024-09-23T17:09:07","guid":{"rendered":"https:\/\/exaequo-communication.fr\/?p=15353"},"modified":"2024-09-23T19:09:07","modified_gmt":"2024-09-23T17:09:07","slug":"versailles-deauville-1ere-edition","status":"publish","type":"post","link":"https:\/\/exaequo-communication.fr\/index.php\/2024\/09\/23\/versailles-deauville-1ere-edition\/","title":{"rendered":"Versailles Deauville : un succ\u00e8s sur roues pour notre 1\u00e8re \u00e9dition !"},"content":{"rendered":"[vc_row type=\u00a0\u00bbin_container\u00a0\u00bb full_screen_row_position=\u00a0\u00bbmiddle\u00a0\u00bb column_margin=\u00a0\u00bbdefault\u00a0\u00bb column_direction=\u00a0\u00bbdefault\u00a0\u00bb column_direction_tablet=\u00a0\u00bbdefault\u00a0\u00bb column_direction_phone=\u00a0\u00bbdefault\u00a0\u00bb scene_position=\u00a0\u00bbcenter\u00a0\u00bb top_padding=\u00a0\u00bb10&Prime; text_color=\u00a0\u00bbdark\u00a0\u00bb text_align=\u00a0\u00bbleft\u00a0\u00bb row_border_radius=\u00a0\u00bbnone\u00a0\u00bb row_border_radius_applies=\u00a0\u00bbbg\u00a0\u00bb overlay_strength=\u00a0\u00bb0.3&Prime; gradient_direction=\u00a0\u00bbleft_to_right\u00a0\u00bb shape_divider_position=\u00a0\u00bbbottom\u00a0\u00bb bg_image_animation=\u00a0\u00bbnone\u00a0\u00bb shape_type=\u00a0\u00bb\u00a0\u00bb][vc_column column_padding=\u00a0\u00bbno-extra-padding\u00a0\u00bb column_padding_tablet=\u00a0\u00bbinherit\u00a0\u00bb column_padding_phone=\u00a0\u00bbinherit\u00a0\u00bb column_padding_position=\u00a0\u00bball\u00a0\u00bb background_color_opacity=\u00a0\u00bb1&Prime; background_hover_color_opacity=\u00a0\u00bb1&Prime; column_shadow=\u00a0\u00bbnone\u00a0\u00bb column_border_radius=\u00a0\u00bbnone\u00a0\u00bb column_link_target=\u00a0\u00bb_self\u00a0\u00bb gradient_direction=\u00a0\u00bbleft_to_right\u00a0\u00bb overlay_strength=\u00a0\u00bb0.3&Prime; width=\u00a0\u00bb1\/2&Prime; tablet_width_inherit=\u00a0\u00bbdefault\u00a0\u00bb tablet_text_alignment=\u00a0\u00bbdefault\u00a0\u00bb phone_text_alignment=\u00a0\u00bbdefault\u00a0\u00bb column_border_width=\u00a0\u00bbnone\u00a0\u00bb column_border_style=\u00a0\u00bbsolid\u00a0\u00bb bg_image_animation=\u00a0\u00bbnone\u00a0\u00bb][vc_gallery type=\u00a0\u00bbflexslider_style\u00a0\u00bb images=\u00a0\u00bb15355,15358,15354,15356,15357,15359,15360&Prime; onclick=\u00a0\u00bblink_no\u00a0\u00bb hover_anim=\u00a0\u00bbfade-out\u00a0\u00bb][\/vc_column][vc_column column_padding=\u00a0\u00bbno-extra-padding\u00a0\u00bb column_padding_tablet=\u00a0\u00bbinherit\u00a0\u00bb column_padding_phone=\u00a0\u00bbinherit\u00a0\u00bb column_padding_position=\u00a0\u00bball\u00a0\u00bb background_color_opacity=\u00a0\u00bb1&Prime; background_hover_color_opacity=\u00a0\u00bb1&Prime; column_shadow=\u00a0\u00bbnone\u00a0\u00bb column_border_radius=\u00a0\u00bbnone\u00a0\u00bb column_link_target=\u00a0\u00bb_self\u00a0\u00bb gradient_direction=\u00a0\u00bbleft_to_right\u00a0\u00bb overlay_strength=\u00a0\u00bb0.3&Prime; width=\u00a0\u00bb1\/2&Prime; tablet_width_inherit=\u00a0\u00bbdefault\u00a0\u00bb tablet_text_alignment=\u00a0\u00bbdefault\u00a0\u00bb phone_text_alignment=\u00a0\u00bbdefault\u00a0\u00bb column_border_width=\u00a0\u00bbnone\u00a0\u00bb column_border_style=\u00a0\u00bbsolid\u00a0\u00bb bg_image_animation=\u00a0\u00bbnone\u00a0\u00bb][split_line_heading animation_type=\u00a0\u00bbdefault\u00a0\u00bb]\n<h3 style=\"text-align: left;\">Versailles Deauville : un succ\u00e8s sur roues pour notre 1\u02b3\u1d49 \u00e9dition !<\/h3>\n<p>Le 21 septembre dernier avait lieu la 1\u02b3\u1d49 \u00e9dition de Versailles Deauville, le nouvel \u00e9v\u00e9nement v\u00e9lo made in Exaequo.[\/split_line_heading][\/vc_column][\/vc_row][vc_row type=\u00a0\u00bbin_container\u00a0\u00bb full_screen_row_position=\u00a0\u00bbmiddle\u00a0\u00bb column_margin=\u00a0\u00bbdefault\u00a0\u00bb column_direction=\u00a0\u00bbdefault\u00a0\u00bb column_direction_tablet=\u00a0\u00bbdefault\u00a0\u00bb column_direction_phone=\u00a0\u00bbdefault\u00a0\u00bb scene_position=\u00a0\u00bbcenter\u00a0\u00bb text_color=\u00a0\u00bbdark\u00a0\u00bb text_align=\u00a0\u00bbleft\u00a0\u00bb row_border_radius=\u00a0\u00bbnone\u00a0\u00bb row_border_radius_applies=\u00a0\u00bbbg\u00a0\u00bb overlay_strength=\u00a0\u00bb0.3&Prime; gradient_direction=\u00a0\u00bbleft_to_right\u00a0\u00bb shape_divider_position=\u00a0\u00bbbottom\u00a0\u00bb bg_image_animation=\u00a0\u00bbnone\u00a0\u00bb][vc_column column_padding=\u00a0\u00bbno-extra-padding\u00a0\u00bb column_padding_tablet=\u00a0\u00bbinherit\u00a0\u00bb column_padding_phone=\u00a0\u00bbinherit\u00a0\u00bb column_padding_position=\u00a0\u00bball\u00a0\u00bb background_color_opacity=\u00a0\u00bb1&Prime; background_hover_color_opacity=\u00a0\u00bb1&Prime; column_shadow=\u00a0\u00bbnone\u00a0\u00bb column_border_radius=\u00a0\u00bbnone\u00a0\u00bb column_link_target=\u00a0\u00bb_self\u00a0\u00bb gradient_direction=\u00a0\u00bbleft_to_right\u00a0\u00bb overlay_strength=\u00a0\u00bb0.3&Prime; width=\u00a0\u00bb1\/1&Prime; tablet_width_inherit=\u00a0\u00bbdefault\u00a0\u00bb tablet_text_alignment=\u00a0\u00bbdefault\u00a0\u00bb phone_text_alignment=\u00a0\u00bbdefault\u00a0\u00bb column_border_width=\u00a0\u00bbnone\u00a0\u00bb column_border_style=\u00a0\u00bbsolid\u00a0\u00bb bg_image_animation=\u00a0\u00bbnone\u00a0\u00bb][vc_column_text]Apr\u00e8s une \u00e9dition pilote r\u00e9ussie l&rsquo;an pass\u00e9, qui nous a permis de poser les bases, cette 1\u02b3\u1d49 \u00e9dition officielle a d\u00e9pass\u00e9 toutes nos attentes.<\/p>\n<p><strong>Un parcours entre nature et performance<br \/>\n<\/strong>Sous un magnifique soleil, plus de 400 cyclistes se sont \u00e9lanc\u00e9s sur un trac\u00e9 exigeant, divis\u00e9s en plusieurs pelotons men\u00e9s par nos meneurs d&rsquo;allure, suivis de pr\u00e8s par nos \u00e9quipes de motards et \u00e9paul\u00e9s par une assistance m\u00e9canique assur\u00e9e par <a href=\"https:\/\/www.lepape.com\/\"><strong>Lepape<\/strong><\/a> et <a href=\"https:\/\/www.ensellemarcel.com\/\"><strong>En Selle Marcel<\/strong><\/a>. Chaque d\u00e9tail a \u00e9t\u00e9 pens\u00e9 pour que cette aventure se d\u00e9roule dans les meilleures conditions de s\u00e9curit\u00e9 et de plaisir pour tous.<\/p>\n<p>Les participants, qu&rsquo;ils aient choisi de r\u00e9aliser le parcours en <strong>solo<\/strong> ou en <strong>relais \u00e0 deux<\/strong>, ont eu la chance de traverser des paysages \u00e0 couper le souffle. Apr\u00e8s avoir quitt\u00e9 Versailles, le parcours les a conduits \u00e0 travers la Vall\u00e9e de Chevreuse, puis vers les boucles de la Seine, avant de plonger dans la beaut\u00e9 authentique du Pays d\u2019Auge. Le final ? Une arriv\u00e9e en beaut\u00e9 sur les plages de Deauville, o\u00f9 certains n&rsquo;ont pas h\u00e9sit\u00e9 \u00e0 c\u00e9l\u00e9brer leur exploit en trempant les pieds dans l&rsquo;eau !<\/p>\n<p><strong>Un d\u00e9fi relev\u00e9 haut la main<\/strong><br \/>\nNos cyclistes, qu&rsquo;ils soient amateurs ou aguerris, ont tous fait preuve d&rsquo;une d\u00e9termination sans faille. F\u00e9licitation \u00e0 tous les participations pour avoir relev\u00e9 ce d\u00e9fi ambitieux, parfois m\u00eame au-del\u00e0 de leurs propres attentes. Vos nombreux retours enthousiastes, votre bienveillance et votre \u00e9nergie positive ont fait de cette journ\u00e9e un v\u00e9ritable succ\u00e8s.<\/p>\n<p><strong>Une r\u00e9ussite collective<\/strong><br \/>\nUn immense merci \u00e0 nos pr\u00e9cieux partenaires et b\u00e9n\u00e9voles sans qui cet \u00e9v\u00e9nement n&rsquo;aurait pas pu voir le jour. Gr\u00e2ce \u00e0 leur soutien et leur engagement, cette premi\u00e8re \u00e9dition de Versailles Deauville restera grav\u00e9e dans les m\u00e9moires. Nous sommes d\u00e9j\u00e0 impatients de pr\u00e9parer la prochaine \u00e9dition, et de vous retrouver encore plus nombreux l\u2019ann\u00e9e prochaine pour une nouvelle aventure, que l\u2019on esp\u00e8re tout aussi m\u00e9morable !<\/p>\n<p>Cr\u00e9dits photos : Jonathan Biche[\/vc_column_text][\/vc_column][\/vc_row][vc_row type=\u00a0\u00bbin_container\u00a0\u00bb full_screen_row_position=\u00a0\u00bbmiddle\u00a0\u00bb column_margin=\u00a0\u00bbdefault\u00a0\u00bb column_direction=\u00a0\u00bbdefault\u00a0\u00bb column_direction_tablet=\u00a0\u00bbdefault\u00a0\u00bb column_direction_phone=\u00a0\u00bbdefault\u00a0\u00bb scene_position=\u00a0\u00bbcenter\u00a0\u00bb text_color=\u00a0\u00bbdark\u00a0\u00bb text_align=\u00a0\u00bbleft\u00a0\u00bb row_border_radius=\u00a0\u00bbnone\u00a0\u00bb row_border_radius_applies=\u00a0\u00bbbg\u00a0\u00bb overlay_strength=\u00a0\u00bb0.3&Prime; gradient_direction=\u00a0\u00bbleft_to_right\u00a0\u00bb shape_divider_position=\u00a0\u00bbbottom\u00a0\u00bb bg_image_animation=\u00a0\u00bbnone\u00a0\u00bb][vc_column column_padding=\u00a0\u00bbno-extra-padding\u00a0\u00bb column_padding_tablet=\u00a0\u00bbinherit\u00a0\u00bb column_padding_phone=\u00a0\u00bbinherit\u00a0\u00bb column_padding_position=\u00a0\u00bball\u00a0\u00bb background_color_opacity=\u00a0\u00bb1&Prime; background_hover_color_opacity=\u00a0\u00bb1&Prime; column_shadow=\u00a0\u00bbnone\u00a0\u00bb column_border_radius=\u00a0\u00bbnone\u00a0\u00bb column_link_target=\u00a0\u00bb_self\u00a0\u00bb gradient_direction=\u00a0\u00bbleft_to_right\u00a0\u00bb overlay_strength=\u00a0\u00bb0.3&Prime; width=\u00a0\u00bb1\/1&Prime; tablet_width_inherit=\u00a0\u00bbdefault\u00a0\u00bb tablet_text_alignment=\u00a0\u00bbdefault\u00a0\u00bb phone_text_alignment=\u00a0\u00bbdefault\u00a0\u00bb column_border_width=\u00a0\u00bbnone\u00a0\u00bb column_border_style=\u00a0\u00bbsolid\u00a0\u00bb bg_image_animation=\u00a0\u00bbnone\u00a0\u00bb][\/vc_column][\/vc_row][vc_row type=\u00a0\u00bbin_container\u00a0\u00bb full_screen_row_position=\u00a0\u00bbmiddle\u00a0\u00bb column_margin=\u00a0\u00bbdefault\u00a0\u00bb column_direction=\u00a0\u00bbdefault\u00a0\u00bb column_direction_tablet=\u00a0\u00bbdefault\u00a0\u00bb column_direction_phone=\u00a0\u00bbdefault\u00a0\u00bb scene_position=\u00a0\u00bbcenter\u00a0\u00bb text_color=\u00a0\u00bbdark\u00a0\u00bb text_align=\u00a0\u00bbleft\u00a0\u00bb row_border_radius=\u00a0\u00bbnone\u00a0\u00bb row_border_radius_applies=\u00a0\u00bbbg\u00a0\u00bb overlay_strength=\u00a0\u00bb0.3&Prime; gradient_direction=\u00a0\u00bbleft_to_right\u00a0\u00bb shape_divider_position=\u00a0\u00bbbottom\u00a0\u00bb bg_image_animation=\u00a0\u00bbnone\u00a0\u00bb][vc_column column_padding=\u00a0\u00bbno-extra-padding\u00a0\u00bb column_padding_tablet=\u00a0\u00bbinherit\u00a0\u00bb column_padding_phone=\u00a0\u00bbinherit\u00a0\u00bb column_padding_position=\u00a0\u00bball\u00a0\u00bb background_color_opacity=\u00a0\u00bb1&Prime; background_hover_color_opacity=\u00a0\u00bb1&Prime; column_shadow=\u00a0\u00bbnone\u00a0\u00bb column_border_radius=\u00a0\u00bbnone\u00a0\u00bb column_link_target=\u00a0\u00bb_self\u00a0\u00bb gradient_direction=\u00a0\u00bbleft_to_right\u00a0\u00bb overlay_strength=\u00a0\u00bb0.3&Prime; width=\u00a0\u00bb1\/1&Prime; tablet_width_inherit=\u00a0\u00bbdefault\u00a0\u00bb tablet_text_alignment=\u00a0\u00bbdefault\u00a0\u00bb phone_text_alignment=\u00a0\u00bbdefault\u00a0\u00bb column_border_width=\u00a0\u00bbnone\u00a0\u00bb column_border_style=\u00a0\u00bbsolid\u00a0\u00bb bg_image_animation=\u00a0\u00bbnone\u00a0\u00bb][\/vc_column][\/vc_row]\n","protected":false},"excerpt":{"rendered":"<p>Retour sur Versailles Deauville, notre nouvel \u00e9v\u00e9nement grand public qui a eu lieu le 21 septembre dernier<\/p>\n","protected":false},"author":22,"featured_media":15355,"comment_status":"closed","ping_status":"closed","sticky":false,"template":"","format":"standard","meta":{"footnotes":""},"categories":[1],"tags":[],"class_list":{"0":"post-15353","1":"post","2":"type-post","3":"status-publish","4":"format-standard","5":"has-post-thumbnail","7":"category-actualites"},"yoast_head":"<!-- This site is optimized with the Yoast SEO plugin v27.0 - https:\/\/yoast.com\/product\/yoast-seo-wordpress\/ -->\n<title>Versailles Deauville : un succ\u00e8s sur roues pour notre 1\u00e8re \u00e9dition !<\/title>\n<meta name=\"description\" content=\"Retour sur Versailles Deauville, notre nouvel \u00e9v\u00e9nement grand public qui a eu lieu le 21 septembre dernier\" \/>\n<meta name=\"robots\" content=\"index, follow, max-snippet:-1, max-image-preview:large, max-video-preview:-1\" \/>\n<link rel=\"canonical\" href=\"https:\/\/exaequo-communication.fr\/index.php\/2024\/09\/23\/versailles-deauville-1ere-edition\/\" \/>\n<meta property=\"og:locale\" content=\"fr_FR\" \/>\n<meta property=\"og:type\" content=\"article\" \/>\n<meta property=\"og:title\" content=\"Versailles Deauville : un succ\u00e8s sur roues pour notre 1\u00e8re \u00e9dition !\" \/>\n<meta property=\"og:description\" content=\"Retour sur Versailles Deauville, notre nouvel \u00e9v\u00e9nement grand public qui a eu lieu le 21 septembre dernier\" \/>\n<meta property=\"og:url\" content=\"https:\/\/exaequo-communication.fr\/index.php\/2024\/09\/23\/versailles-deauville-1ere-edition\/\" \/>\n<meta property=\"og:site_name\" content=\"Exaequo communication\" \/>\n<meta property=\"article:published_time\" content=\"2024-09-23T17:09:07+00:00\" \/>\n<meta property=\"og:image\" content=\"https:\/\/exaequo-communication.fr\/wp-content\/uploads\/2024\/09\/VD24-Photos-Jonathan-BICHE-219-scaled.jpg\" \/>\n\t<meta property=\"og:image:width\" content=\"1536\" \/>\n\t<meta property=\"og:image:height\" content=\"1024\" \/>\n\t<meta property=\"og:image:type\" content=\"image\/jpeg\" \/>\n<meta name=\"author\" content=\"Noah\" \/>\n<meta name=\"twitter:card\" content=\"summary_large_image\" \/>\n<meta name=\"twitter:title\" content=\"Retour sur l&#039;\u00e9dition 0 de Versailles Deauville\" \/>\n<meta name=\"twitter:description\" content=\"Retour sur Versailles Deauville, notre nouvel \u00e9v\u00e9nement grand public qui a eu lieu le 30 septembre dernier.\" \/>\n<meta name=\"twitter:image\" content=\"https:\/\/exaequo-communication.fr\/wp-content\/uploads\/2023\/10\/5-scaled.jpg\" \/>\n<meta name=\"twitter:label1\" content=\"\u00c9crit par\" \/>\n\t<meta name=\"twitter:data1\" content=\"Noah\" \/>\n\t<meta name=\"twitter:label2\" content=\"Dur\u00e9e de lecture estim\u00e9e\" \/>\n\t<meta name=\"twitter:data2\" content=\"5 minutes\" \/>\n<script type=\"application\/ld+json\" class=\"yoast-schema-graph\">{\"@context\":\"https:\/\/schema.org\",\"@graph\":[{\"@type\":\"Article\",\"@id\":\"https:\/\/exaequo-communication.fr\/index.php\/2024\/09\/23\/versailles-deauville-1ere-edition\/#article\",\"isPartOf\":{\"@id\":\"https:\/\/exaequo-communication.fr\/index.php\/2024\/09\/23\/versailles-deauville-1ere-edition\/\"},\"author\":{\"name\":\"Noah\",\"@id\":\"https:\/\/exaequo-communication.fr\/#\/schema\/person\/c28633f3a7c202e5c427512376a2e7ca\"},\"headline\":\"Versailles Deauville : un succ\u00e8s sur roues pour notre 1\u00e8re \u00e9dition !\",\"datePublished\":\"2024-09-23T17:09:07+00:00\",\"mainEntityOfPage\":{\"@id\":\"https:\/\/exaequo-communication.fr\/index.php\/2024\/09\/23\/versailles-deauville-1ere-edition\/\"},\"wordCount\":1009,\"image\":{\"@id\":\"https:\/\/exaequo-communication.fr\/index.php\/2024\/09\/23\/versailles-deauville-1ere-edition\/#primaryimage\"},\"thumbnailUrl\":\"https:\/\/exaequo-communication.fr\/wp-content\/uploads\/2024\/09\/VD24-Photos-Jonathan-BICHE-219-scaled.jpg\",\"articleSection\":[\"Actualit\u00e9s\"],\"inLanguage\":\"fr-FR\"},{\"@type\":\"WebPage\",\"@id\":\"https:\/\/exaequo-communication.fr\/index.php\/2024\/09\/23\/versailles-deauville-1ere-edition\/\",\"url\":\"https:\/\/exaequo-communication.fr\/index.php\/2024\/09\/23\/versailles-deauville-1ere-edition\/\",\"name\":\"Versailles Deauville : un succ\u00e8s sur roues pour notre 1\u00e8re \u00e9dition !\",\"isPartOf\":{\"@id\":\"https:\/\/exaequo-communication.fr\/#website\"},\"primaryImageOfPage\":{\"@id\":\"https:\/\/exaequo-communication.fr\/index.php\/2024\/09\/23\/versailles-deauville-1ere-edition\/#primaryimage\"},\"image\":{\"@id\":\"https:\/\/exaequo-communication.fr\/index.php\/2024\/09\/23\/versailles-deauville-1ere-edition\/#primaryimage\"},\"thumbnailUrl\":\"https:\/\/exaequo-communication.fr\/wp-content\/uploads\/2024\/09\/VD24-Photos-Jonathan-BICHE-219-scaled.jpg\",\"datePublished\":\"2024-09-23T17:09:07+00:00\",\"author\":{\"@id\":\"https:\/\/exaequo-communication.fr\/#\/schema\/person\/c28633f3a7c202e5c427512376a2e7ca\"},\"description\":\"Retour sur Versailles Deauville, notre nouvel \u00e9v\u00e9nement grand public qui a eu lieu le 21 septembre dernier\",\"breadcrumb\":{\"@id\":\"https:\/\/exaequo-communication.fr\/index.php\/2024\/09\/23\/versailles-deauville-1ere-edition\/#breadcrumb\"},\"inLanguage\":\"fr-FR\",\"potentialAction\":[{\"@type\":\"ReadAction\",\"target\":[\"https:\/\/exaequo-communication.fr\/index.php\/2024\/09\/23\/versailles-deauville-1ere-edition\/\"]}]},{\"@type\":\"ImageObject\",\"inLanguage\":\"fr-FR\",\"@id\":\"https:\/\/exaequo-communication.fr\/index.php\/2024\/09\/23\/versailles-deauville-1ere-edition\/#primaryimage\",\"url\":\"https:\/\/exaequo-communication.fr\/wp-content\/uploads\/2024\/09\/VD24-Photos-Jonathan-BICHE-219-scaled.jpg\",\"contentUrl\":\"https:\/\/exaequo-communication.fr\/wp-content\/uploads\/2024\/09\/VD24-Photos-Jonathan-BICHE-219-scaled.jpg\",\"width\":1536,\"height\":1024,\"caption\":\"Versailles Deauville 1\u00e8re \u00e9dition\"},{\"@type\":\"BreadcrumbList\",\"@id\":\"https:\/\/exaequo-communication.fr\/index.php\/2024\/09\/23\/versailles-deauville-1ere-edition\/#breadcrumb\",\"itemListElement\":[{\"@type\":\"ListItem\",\"position\":1,\"name\":\"Accueil\",\"item\":\"https:\/\/exaequo-communication.fr\/\"},{\"@type\":\"ListItem\",\"position\":2,\"name\":\"Versailles Deauville : un succ\u00e8s sur roues pour notre 1\u00e8re \u00e9dition !\"}]},{\"@type\":\"WebSite\",\"@id\":\"https:\/\/exaequo-communication.fr\/#website\",\"url\":\"https:\/\/exaequo-communication.fr\/\",\"name\":\"Exaequo communication\",\"description\":\"\",\"potentialAction\":[{\"@type\":\"SearchAction\",\"target\":{\"@type\":\"EntryPoint\",\"urlTemplate\":\"https:\/\/exaequo-communication.fr\/?s={search_term_string}\"},\"query-input\":{\"@type\":\"PropertyValueSpecification\",\"valueRequired\":true,\"valueName\":\"search_term_string\"}}],\"inLanguage\":\"fr-FR\"},{\"@type\":\"Person\",\"@id\":\"https:\/\/exaequo-communication.fr\/#\/schema\/person\/c28633f3a7c202e5c427512376a2e7ca\",\"name\":\"Noah\",\"image\":{\"@type\":\"ImageObject\",\"inLanguage\":\"fr-FR\",\"@id\":\"https:\/\/exaequo-communication.fr\/#\/schema\/person\/image\/\",\"url\":\"https:\/\/secure.gravatar.com\/avatar\/70d12748ddaeba8bad327e70a86dffe52c00c33c30dcf0e3cfee09d9e7293b61?s=96&d=mm&r=g\",\"contentUrl\":\"https:\/\/secure.gravatar.com\/avatar\/70d12748ddaeba8bad327e70a86dffe52c00c33c30dcf0e3cfee09d9e7293b61?s=96&d=mm&r=g\",\"caption\":\"Noah\"},\"url\":\"https:\/\/exaequo-communication.fr\/index.php\/author\/noah\/\"}]}<\/script>\n<!-- \/ Yoast SEO plugin. -->","yoast_head_json":{"title":"Versailles Deauville : un succ\u00e8s sur roues pour notre 1\u00e8re \u00e9dition !","description":"Retour sur Versailles Deauville, notre nouvel \u00e9v\u00e9nement grand public qui a eu lieu le 21 septembre dernier","robots":{"index":"index","follow":"follow","max-snippet":"max-snippet:-1","max-image-preview":"max-image-preview:large","max-video-preview":"max-video-preview:-1"},"canonical":"https:\/\/exaequo-communication.fr\/index.php\/2024\/09\/23\/versailles-deauville-1ere-edition\/","og_locale":"fr_FR","og_type":"article","og_title":"Versailles Deauville : un succ\u00e8s sur roues pour notre 1\u00e8re \u00e9dition !","og_description":"Retour sur Versailles Deauville, notre nouvel \u00e9v\u00e9nement grand public qui a eu lieu le 21 septembre dernier","og_url":"https:\/\/exaequo-communication.fr\/index.php\/2024\/09\/23\/versailles-deauville-1ere-edition\/","og_site_name":"Exaequo communication","article_published_time":"2024-09-23T17:09:07+00:00","og_image":[{"width":1536,"height":1024,"url":"https:\/\/exaequo-communication.fr\/wp-content\/uploads\/2024\/09\/VD24-Photos-Jonathan-BICHE-219-scaled.jpg","type":"image\/jpeg"}],"author":"Noah","twitter_card":"summary_large_image","twitter_title":"Retour sur l'\u00e9dition 0 de Versailles Deauville","twitter_description":"Retour sur Versailles Deauville, notre nouvel \u00e9v\u00e9nement grand public qui a eu lieu le 30 septembre dernier.","twitter_image":"https:\/\/exaequo-communication.fr\/wp-content\/uploads\/2023\/10\/5-scaled.jpg","twitter_misc":{"\u00c9crit par":"Noah","Dur\u00e9e de lecture estim\u00e9e":"5 minutes"},"schema":{"@context":"https:\/\/schema.org","@graph":[{"@type":"Article","@id":"https:\/\/exaequo-communication.fr\/index.php\/2024\/09\/23\/versailles-deauville-1ere-edition\/#article","isPartOf":{"@id":"https:\/\/exaequo-communication.fr\/index.php\/2024\/09\/23\/versailles-deauville-1ere-edition\/"},"author":{"name":"Noah","@id":"https:\/\/exaequo-communication.fr\/#\/schema\/person\/c28633f3a7c202e5c427512376a2e7ca"},"headline":"Versailles Deauville : un succ\u00e8s sur roues pour notre 1\u00e8re \u00e9dition !","datePublished":"2024-09-23T17:09:07+00:00","mainEntityOfPage":{"@id":"https:\/\/exaequo-communication.fr\/index.php\/2024\/09\/23\/versailles-deauville-1ere-edition\/"},"wordCount":1009,"image":{"@id":"https:\/\/exaequo-communication.fr\/index.php\/2024\/09\/23\/versailles-deauville-1ere-edition\/#primaryimage"},"thumbnailUrl":"https:\/\/exaequo-communication.fr\/wp-content\/uploads\/2024\/09\/VD24-Photos-Jonathan-BICHE-219-scaled.jpg","articleSection":["Actualit\u00e9s"],"inLanguage":"fr-FR"},{"@type":"WebPage","@id":"https:\/\/exaequo-communication.fr\/index.php\/2024\/09\/23\/versailles-deauville-1ere-edition\/","url":"https:\/\/exaequo-communication.fr\/index.php\/2024\/09\/23\/versailles-deauville-1ere-edition\/","name":"Versailles Deauville : un succ\u00e8s sur roues pour notre 1\u00e8re \u00e9dition !","isPartOf":{"@id":"https:\/\/exaequo-communication.fr\/#website"},"primaryImageOfPage":{"@id":"https:\/\/exaequo-communication.fr\/index.php\/2024\/09\/23\/versailles-deauville-1ere-edition\/#primaryimage"},"image":{"@id":"https:\/\/exaequo-communication.fr\/index.php\/2024\/09\/23\/versailles-deauville-1ere-edition\/#primaryimage"},"thumbnailUrl":"https:\/\/exaequo-communication.fr\/wp-content\/uploads\/2024\/09\/VD24-Photos-Jonathan-BICHE-219-scaled.jpg","datePublished":"2024-09-23T17:09:07+00:00","author":{"@id":"https:\/\/exaequo-communication.fr\/#\/schema\/person\/c28633f3a7c202e5c427512376a2e7ca"},"description":"Retour sur Versailles Deauville, notre nouvel \u00e9v\u00e9nement grand public qui a eu lieu le 21 septembre dernier","breadcrumb":{"@id":"https:\/\/exaequo-communication.fr\/index.php\/2024\/09\/23\/versailles-deauville-1ere-edition\/#breadcrumb"},"inLanguage":"fr-FR","potentialAction":[{"@type":"ReadAction","target":["https:\/\/exaequo-communication.fr\/index.php\/2024\/09\/23\/versailles-deauville-1ere-edition\/"]}]},{"@type":"ImageObject","inLanguage":"fr-FR","@id":"https:\/\/exaequo-communication.fr\/index.php\/2024\/09\/23\/versailles-deauville-1ere-edition\/#primaryimage","url":"https:\/\/exaequo-communication.fr\/wp-content\/uploads\/2024\/09\/VD24-Photos-Jonathan-BICHE-219-scaled.jpg","contentUrl":"https:\/\/exaequo-communication.fr\/wp-content\/uploads\/2024\/09\/VD24-Photos-Jonathan-BICHE-219-scaled.jpg","width":1536,"height":1024,"caption":"Versailles Deauville 1\u00e8re \u00e9dition"},{"@type":"BreadcrumbList","@id":"https:\/\/exaequo-communication.fr\/index.php\/2024\/09\/23\/versailles-deauville-1ere-edition\/#breadcrumb","itemListElement":[{"@type":"ListItem","position":1,"name":"Accueil","item":"https:\/\/exaequo-communication.fr\/"},{"@type":"ListItem","position":2,"name":"Versailles Deauville : un succ\u00e8s sur roues pour notre 1\u00e8re \u00e9dition !"}]},{"@type":"WebSite","@id":"https:\/\/exaequo-communication.fr\/#website","url":"https:\/\/exaequo-communication.fr\/","name":"Exaequo communication","description":"","potentialAction":[{"@type":"SearchAction","target":{"@type":"EntryPoint","urlTemplate":"https:\/\/exaequo-communication.fr\/?s={search_term_string}"},"query-input":{"@type":"PropertyValueSpecification","valueRequired":true,"valueName":"search_term_string"}}],"inLanguage":"fr-FR"},{"@type":"Person","@id":"https:\/\/exaequo-communication.fr\/#\/schema\/person\/c28633f3a7c202e5c427512376a2e7ca","name":"Noah","image":{"@type":"ImageObject","inLanguage":"fr-FR","@id":"https:\/\/exaequo-communication.fr\/#\/schema\/person\/image\/","url":"https:\/\/secure.gravatar.com\/avatar\/70d12748ddaeba8bad327e70a86dffe52c00c33c30dcf0e3cfee09d9e7293b61?s=96&d=mm&r=g","contentUrl":"https:\/\/secure.gravatar.com\/avatar\/70d12748ddaeba8bad327e70a86dffe52c00c33c30dcf0e3cfee09d9e7293b61?s=96&d=mm&r=g","caption":"Noah"},"url":"https:\/\/exaequo-communication.fr\/index.php\/author\/noah\/"}]}},"_links":{"self":[{"href":"https:\/\/exaequo-communication.fr\/index.php\/wp-json\/wp\/v2\/posts\/15353","targetHints":{"allow":["GET"]}}],"collection":[{"href":"https:\/\/exaequo-communication.fr\/index.php\/wp-json\/wp\/v2\/posts"}],"about":[{"href":"https:\/\/exaequo-communication.fr\/index.php\/wp-json\/wp\/v2\/types\/post"}],"author":[{"embeddable":true,"href":"https:\/\/exaequo-communication.fr\/index.php\/wp-json\/wp\/v2\/users\/22"}],"replies":[{"embeddable":true,"href":"https:\/\/exaequo-communication.fr\/index.php\/wp-json\/wp\/v2\/comments?post=15353"}],"version-history":[{"count":3,"href":"https:\/\/exaequo-communication.fr\/index.php\/wp-json\/wp\/v2\/posts\/15353\/revisions"}],"predecessor-version":[{"id":15363,"href":"https:\/\/exaequo-communication.fr\/index.php\/wp-json\/wp\/v2\/posts\/15353\/revisions\/15363"}],"wp:featuredmedia":[{"embeddable":true,"href":"https:\/\/exaequo-communication.fr\/index.php\/wp-json\/wp\/v2\/media\/15355"}],"wp:attachment":[{"href":"https:\/\/exaequo-communication.fr\/index.php\/wp-json\/wp\/v2\/media?parent=15353"}],"wp:term":[{"taxonomy":"category","embeddable":true,"href":"https:\/\/exaequo-communication.fr\/index.php\/wp-json\/wp\/v2\/categories?post=15353"},{"taxonomy":"post_tag","embeddable":true,"href":"https:\/\/exaequo-communication.fr\/index.php\/wp-json\/wp\/v2\/tags?post=15353"}],"curies":[{"name":"wp","href":"https:\/\/api.w.org\/{rel}","templated":true}]}}