{"id":15264,"date":"2024-06-03T13:31:17","date_gmt":"2024-06-03T11:31:17","guid":{"rendered":"https:\/\/exaequo-communication.fr\/?p=15264"},"modified":"2024-07-11T13:58:07","modified_gmt":"2024-07-11T11:58:07","slug":"team-building-pierrenoal-paralympisme","status":"publish","type":"post","link":"https:\/\/exaequo-communication.fr\/index.php\/2024\/06\/03\/team-building-pierrenoal-paralympisme\/","title":{"rendered":"Rendez-vous avec le Paralympisme pour Pierre Noal"},"content":{"rendered":"[vc_row type=\u00a0\u00bbin_container\u00a0\u00bb full_screen_row_position=\u00a0\u00bbmiddle\u00a0\u00bb column_margin=\u00a0\u00bbdefault\u00a0\u00bb column_direction=\u00a0\u00bbdefault\u00a0\u00bb column_direction_tablet=\u00a0\u00bbdefault\u00a0\u00bb column_direction_phone=\u00a0\u00bbdefault\u00a0\u00bb scene_position=\u00a0\u00bbcenter\u00a0\u00bb top_padding=\u00a0\u00bb10&Prime; text_color=\u00a0\u00bbdark\u00a0\u00bb text_align=\u00a0\u00bbleft\u00a0\u00bb row_border_radius=\u00a0\u00bbnone\u00a0\u00bb row_border_radius_applies=\u00a0\u00bbbg\u00a0\u00bb overlay_strength=\u00a0\u00bb0.3&Prime; gradient_direction=\u00a0\u00bbleft_to_right\u00a0\u00bb shape_divider_position=\u00a0\u00bbbottom\u00a0\u00bb bg_image_animation=\u00a0\u00bbnone\u00a0\u00bb shape_type=\u00a0\u00bb\u00a0\u00bb][vc_column column_padding=\u00a0\u00bbno-extra-padding\u00a0\u00bb column_padding_tablet=\u00a0\u00bbinherit\u00a0\u00bb column_padding_phone=\u00a0\u00bbinherit\u00a0\u00bb column_padding_position=\u00a0\u00bball\u00a0\u00bb background_color_opacity=\u00a0\u00bb1&Prime; background_hover_color_opacity=\u00a0\u00bb1&Prime; column_shadow=\u00a0\u00bbnone\u00a0\u00bb column_border_radius=\u00a0\u00bbnone\u00a0\u00bb column_link_target=\u00a0\u00bb_self\u00a0\u00bb gradient_direction=\u00a0\u00bbleft_to_right\u00a0\u00bb overlay_strength=\u00a0\u00bb0.3&Prime; width=\u00a0\u00bb1\/2&Prime; tablet_width_inherit=\u00a0\u00bbdefault\u00a0\u00bb tablet_text_alignment=\u00a0\u00bbdefault\u00a0\u00bb phone_text_alignment=\u00a0\u00bbdefault\u00a0\u00bb column_border_width=\u00a0\u00bbnone\u00a0\u00bb column_border_style=\u00a0\u00bbsolid\u00a0\u00bb bg_image_animation=\u00a0\u00bbnone\u00a0\u00bb][vc_gallery type=\u00a0\u00bbflexslider_style\u00a0\u00bb images=\u00a0\u00bb15265,15266,15267,15268,15269,15270&Prime; onclick=\u00a0\u00bblink_no\u00a0\u00bb hover_anim=\u00a0\u00bbfade-out\u00a0\u00bb][\/vc_column][vc_column column_padding=\u00a0\u00bbno-extra-padding\u00a0\u00bb column_padding_tablet=\u00a0\u00bbinherit\u00a0\u00bb column_padding_phone=\u00a0\u00bbinherit\u00a0\u00bb column_padding_position=\u00a0\u00bball\u00a0\u00bb background_color_opacity=\u00a0\u00bb1&Prime; background_hover_color_opacity=\u00a0\u00bb1&Prime; column_shadow=\u00a0\u00bbnone\u00a0\u00bb column_border_radius=\u00a0\u00bbnone\u00a0\u00bb column_link_target=\u00a0\u00bb_self\u00a0\u00bb gradient_direction=\u00a0\u00bbleft_to_right\u00a0\u00bb overlay_strength=\u00a0\u00bb0.3&Prime; width=\u00a0\u00bb1\/2&Prime; tablet_width_inherit=\u00a0\u00bbdefault\u00a0\u00bb tablet_text_alignment=\u00a0\u00bbdefault\u00a0\u00bb phone_text_alignment=\u00a0\u00bbdefault\u00a0\u00bb column_border_width=\u00a0\u00bbnone\u00a0\u00bb column_border_style=\u00a0\u00bbsolid\u00a0\u00bb bg_image_animation=\u00a0\u00bbnone\u00a0\u00bb][split_line_heading animation_type=\u00a0\u00bbdefault\u00a0\u00bb]\n<h3>Rendez-vous avec le Paralympisme pour Pierre Noal<\/h3>\n<p>Vendredi dernier, 200 membres de l&rsquo;association se sont retrouv\u00e9s au <a href=\"https:\/\/www.asso-pierrenoal.com\/#impr\"><strong>Centre Sportif de Normandie<\/strong><\/a> \u00e0 Houlgate. L&rsquo;occasion de partager un team-building collectif sur un th\u00e8me d&rsquo;actualit\u00e9.[\/split_line_heading][\/vc_column][\/vc_row][vc_row type=\u00a0\u00bbin_container\u00a0\u00bb full_screen_row_position=\u00a0\u00bbmiddle\u00a0\u00bb column_margin=\u00a0\u00bbdefault\u00a0\u00bb column_direction=\u00a0\u00bbdefault\u00a0\u00bb column_direction_tablet=\u00a0\u00bbdefault\u00a0\u00bb column_direction_phone=\u00a0\u00bbdefault\u00a0\u00bb scene_position=\u00a0\u00bbcenter\u00a0\u00bb text_color=\u00a0\u00bbdark\u00a0\u00bb text_align=\u00a0\u00bbleft\u00a0\u00bb row_border_radius=\u00a0\u00bbnone\u00a0\u00bb row_border_radius_applies=\u00a0\u00bbbg\u00a0\u00bb overlay_strength=\u00a0\u00bb0.3&Prime; gradient_direction=\u00a0\u00bbleft_to_right\u00a0\u00bb shape_divider_position=\u00a0\u00bbbottom\u00a0\u00bb bg_image_animation=\u00a0\u00bbnone\u00a0\u00bb][vc_column column_padding=\u00a0\u00bbno-extra-padding\u00a0\u00bb column_padding_tablet=\u00a0\u00bbinherit\u00a0\u00bb column_padding_phone=\u00a0\u00bbinherit\u00a0\u00bb column_padding_position=\u00a0\u00bball\u00a0\u00bb background_color_opacity=\u00a0\u00bb1&Prime; background_hover_color_opacity=\u00a0\u00bb1&Prime; column_shadow=\u00a0\u00bbnone\u00a0\u00bb column_border_radius=\u00a0\u00bbnone\u00a0\u00bb column_link_target=\u00a0\u00bb_self\u00a0\u00bb gradient_direction=\u00a0\u00bbleft_to_right\u00a0\u00bb overlay_strength=\u00a0\u00bb0.3&Prime; width=\u00a0\u00bb1\/1&Prime; tablet_width_inherit=\u00a0\u00bbdefault\u00a0\u00bb tablet_text_alignment=\u00a0\u00bbdefault\u00a0\u00bb phone_text_alignment=\u00a0\u00bbdefault\u00a0\u00bb column_border_width=\u00a0\u00bbnone\u00a0\u00bb column_border_style=\u00a0\u00bbsolid\u00a0\u00bb bg_image_animation=\u00a0\u00bbnone\u00a0\u00bb][vc_column_text]Afin de r\u00e9unir ses collaborateurs, l&rsquo;association <a href=\"https:\/\/www.asso-pierrenoal.com\/#impr\"><strong>Pierre Noal<\/strong><\/a> a fait appel \u00e0 l&rsquo;\u00e9quipe Exaequo pour organiser une animation sur un th\u00e8me d&rsquo;actualit\u00e9. La Xteam leur a propos\u00e9 une v\u00e9ritable apr\u00e8s-midi intensive autour du paralympisme.<\/p>\n<div class=\"col span_12 dark left\">\n<div class=\"vc_col-sm-12 wpb_column column_container vc_column_container col no-extra-padding instance-2\" data-t-w-inherits=\"default\" data-border-radius=\"none\" data-shadow=\"none\" data-border-animation=\"\" data-border-animation-delay=\"\" data-border-width=\"none\" data-border-style=\"solid\" data-border-color=\"\" data-bg-cover=\"\" data-padding-pos=\"all\" data-has-bg-color=\"false\" data-bg-color=\"\" data-bg-opacity=\"1\" data-hover-bg=\"\" data-hover-bg-opacity=\"1\" data-animation=\"\" data-delay=\"0\">\n<div class=\"vc_column-inner\">\n<div class=\"wpb_wrapper\">\n<div class=\"wpb_text_column wpb_content_element \">\n<div class=\"wpb_wrapper\">\n<h3>LE BRIEF :<\/h3>\n<ul>\n<li>Se r\u00e9unir autour du paralympique.<\/li>\n<li>Mettre en place une animation ludique permettant de renforcer la coh\u00e9sion d\u2019\u00e9quipe.<\/li>\n<\/ul>\n<\/div>\n<div class=\"wpb_wrapper\">\n<h3>LA R\u00c9PONSE D\u2019EXAEQUO :<\/h3>\n<p>Les 200 membres de l&rsquo;association avaient rendez-vous au <a href=\"https:\/\/www.asso-pierrenoal.com\/#impr\"><strong>Centre Sportif de Normandie<\/strong><\/a> afin de se voir attribuer diff\u00e9rentes \u00e9preuves.<\/p>\n<p>Au programme :<\/p>\n<ul>\n<li>Para-athl\u00e9<\/li>\n<li>Volley assis<\/li>\n<li>Biathlon fauteuil<\/li>\n<li>Quiz sp\u00e9cial Jeux Olympiques et Paralympiques<\/li>\n<li>Fresque g\u00e9ante<\/li>\n<\/ul>\n<h3>LE BILAN :<\/h3>\n<p>Dans un environnement sportif, amusant et original, autour d\u2019activit\u00e9s qui permettent de d\u00e9couvrir les diff\u00e9rentes pratiques, les 200 participants se sont surpass\u00e9s et ont pu montrer le meilleur d\u2019eux-m\u00eames.<\/p>\n<p>&nbsp;<\/p>\n<\/div>\n<\/div>\n<\/div>\n<\/div>\n<\/div>\n<\/div>\n<p>D\u00e9couvrez en plus sur nos<strong> team-building<\/strong><b>, <a href=\"https:\/\/exaequo-communication.fr\/index.php\/teambuilding-portfolio\/\" target=\"_blank\" rel=\"noopener\">cliquez ici.<\/a><\/b><\/p>\n<p>Pour en savoir plus sur l&rsquo;association Pierre Noal, <strong><a href=\"https:\/\/www.asso-pierrenoal.com\/#impr\" target=\"_blank\" rel=\"noopener noreferrer\">cliquez ici<\/a><\/strong>.[\/vc_column_text][\/vc_column][\/vc_row]\n","protected":false},"excerpt":{"rendered":"<p>200 membres de l&rsquo;association se sont retrouv\u00e9s au Centre Sportif de Normandie afin de partager un team-building sur un th\u00e8me d&rsquo;actualit\u00e9.<\/p>\n","protected":false},"author":22,"featured_media":15265,"comment_status":"closed","ping_status":"closed","sticky":false,"template":"","format":"standard","meta":{"footnotes":""},"categories":[1,178],"tags":[],"class_list":{"0":"post-15264","1":"post","2":"type-post","3":"status-publish","4":"format-standard","5":"has-post-thumbnail","7":"category-actualites","8":"category-team-building"},"yoast_head":"<!-- This site is optimized with the Yoast SEO plugin v27.0 - https:\/\/yoast.com\/product\/yoast-seo-wordpress\/ -->\n<title>Rendez-vous avec le Paralympisme pour Pierre Noal - Exaequo communication<\/title>\n<meta name=\"description\" content=\"200 membres de l&#039;association se sont retrouv\u00e9s au Centre Sportif de Normandie afin de partager un team-building sur un th\u00e8me d&#039;actualit\u00e9.\" \/>\n<meta name=\"robots\" content=\"index, follow, max-snippet:-1, max-image-preview:large, max-video-preview:-1\" \/>\n<link rel=\"canonical\" href=\"https:\/\/exaequo-communication.fr\/index.php\/2024\/06\/03\/team-building-pierrenoal-paralympisme\/\" \/>\n<meta property=\"og:locale\" content=\"fr_FR\" \/>\n<meta property=\"og:type\" content=\"article\" \/>\n<meta property=\"og:title\" content=\"Rendez-vous avec le Paralympisme pour Pierre Noal\" \/>\n<meta property=\"og:description\" content=\"200 membres de l&#039;association se sont retrouv\u00e9s au Centre Sportif de Normandie afin de partager un team-building sur un th\u00e8me d&#039;actualit\u00e9.\" \/>\n<meta property=\"og:url\" content=\"https:\/\/exaequo-communication.fr\/index.php\/2024\/06\/03\/team-building-pierrenoal-paralympisme\/\" \/>\n<meta property=\"og:site_name\" content=\"Exaequo communication\" \/>\n<meta property=\"article:published_time\" content=\"2024-06-03T11:31:17+00:00\" \/>\n<meta property=\"article:modified_time\" content=\"2024-07-11T11:58:07+00:00\" \/>\n<meta property=\"og:image\" content=\"https:\/\/exaequo-communication.fr\/wp-content\/uploads\/2024\/07\/PierreNoal24-4.jpeg\" \/>\n\t<meta property=\"og:image:width\" content=\"768\" \/>\n\t<meta property=\"og:image:height\" content=\"1024\" \/>\n\t<meta property=\"og:image:type\" content=\"image\/jpeg\" \/>\n<meta name=\"author\" content=\"Noah\" \/>\n<meta name=\"twitter:card\" content=\"summary_large_image\" \/>\n<meta name=\"twitter:title\" content=\"Journ\u00e9e coh\u00e9sion pour NEO2\" \/>\n<meta name=\"twitter:description\" content=\"Dans une ambiance sportive mais surtout fun et d\u00e9cal\u00e9e, l&#039;entreprise NEO2 a pu r\u00e9unir ses collaborateurs lors d&#039;un s\u00e9minaire plac\u00e9 sous le signe du team building.\" \/>\n<meta name=\"twitter:image\" content=\"https:\/\/exaequo-communication.fr\/wp-content\/uploads\/2022\/09\/EX-Agglomeration-Lisieux-Vikings-4-scaled.jpg\" \/>\n<meta name=\"twitter:label1\" content=\"\u00c9crit par\" \/>\n\t<meta name=\"twitter:data1\" content=\"Noah\" \/>\n\t<meta name=\"twitter:label2\" content=\"Dur\u00e9e de lecture estim\u00e9e\" \/>\n\t<meta name=\"twitter:data2\" content=\"3 minutes\" \/>\n<script type=\"application\/ld+json\" class=\"yoast-schema-graph\">{\"@context\":\"https:\/\/schema.org\",\"@graph\":[{\"@type\":\"Article\",\"@id\":\"https:\/\/exaequo-communication.fr\/index.php\/2024\/06\/03\/team-building-pierrenoal-paralympisme\/#article\",\"isPartOf\":{\"@id\":\"https:\/\/exaequo-communication.fr\/index.php\/2024\/06\/03\/team-building-pierrenoal-paralympisme\/\"},\"author\":{\"name\":\"Noah\",\"@id\":\"https:\/\/exaequo-communication.fr\/#\/schema\/person\/c28633f3a7c202e5c427512376a2e7ca\"},\"headline\":\"Rendez-vous avec le Paralympisme pour Pierre Noal\",\"datePublished\":\"2024-06-03T11:31:17+00:00\",\"dateModified\":\"2024-07-11T11:58:07+00:00\",\"mainEntityOfPage\":{\"@id\":\"https:\/\/exaequo-communication.fr\/index.php\/2024\/06\/03\/team-building-pierrenoal-paralympisme\/\"},\"wordCount\":561,\"image\":{\"@id\":\"https:\/\/exaequo-communication.fr\/index.php\/2024\/06\/03\/team-building-pierrenoal-paralympisme\/#primaryimage\"},\"thumbnailUrl\":\"https:\/\/exaequo-communication.fr\/wp-content\/uploads\/2024\/07\/PierreNoal24-4.jpeg\",\"articleSection\":[\"Actualit\u00e9s\",\"Team Building\"],\"inLanguage\":\"fr-FR\"},{\"@type\":\"WebPage\",\"@id\":\"https:\/\/exaequo-communication.fr\/index.php\/2024\/06\/03\/team-building-pierrenoal-paralympisme\/\",\"url\":\"https:\/\/exaequo-communication.fr\/index.php\/2024\/06\/03\/team-building-pierrenoal-paralympisme\/\",\"name\":\"Rendez-vous avec le Paralympisme pour Pierre Noal - Exaequo communication\",\"isPartOf\":{\"@id\":\"https:\/\/exaequo-communication.fr\/#website\"},\"primaryImageOfPage\":{\"@id\":\"https:\/\/exaequo-communication.fr\/index.php\/2024\/06\/03\/team-building-pierrenoal-paralympisme\/#primaryimage\"},\"image\":{\"@id\":\"https:\/\/exaequo-communication.fr\/index.php\/2024\/06\/03\/team-building-pierrenoal-paralympisme\/#primaryimage\"},\"thumbnailUrl\":\"https:\/\/exaequo-communication.fr\/wp-content\/uploads\/2024\/07\/PierreNoal24-4.jpeg\",\"datePublished\":\"2024-06-03T11:31:17+00:00\",\"dateModified\":\"2024-07-11T11:58:07+00:00\",\"author\":{\"@id\":\"https:\/\/exaequo-communication.fr\/#\/schema\/person\/c28633f3a7c202e5c427512376a2e7ca\"},\"description\":\"200 membres de l'association se sont retrouv\u00e9s au Centre Sportif de Normandie afin de partager un team-building sur un th\u00e8me d'actualit\u00e9.\",\"breadcrumb\":{\"@id\":\"https:\/\/exaequo-communication.fr\/index.php\/2024\/06\/03\/team-building-pierrenoal-paralympisme\/#breadcrumb\"},\"inLanguage\":\"fr-FR\",\"potentialAction\":[{\"@type\":\"ReadAction\",\"target\":[\"https:\/\/exaequo-communication.fr\/index.php\/2024\/06\/03\/team-building-pierrenoal-paralympisme\/\"]}]},{\"@type\":\"ImageObject\",\"inLanguage\":\"fr-FR\",\"@id\":\"https:\/\/exaequo-communication.fr\/index.php\/2024\/06\/03\/team-building-pierrenoal-paralympisme\/#primaryimage\",\"url\":\"https:\/\/exaequo-communication.fr\/wp-content\/uploads\/2024\/07\/PierreNoal24-4.jpeg\",\"contentUrl\":\"https:\/\/exaequo-communication.fr\/wp-content\/uploads\/2024\/07\/PierreNoal24-4.jpeg\",\"width\":768,\"height\":1024,\"caption\":\"Pierre Noal 2024\"},{\"@type\":\"BreadcrumbList\",\"@id\":\"https:\/\/exaequo-communication.fr\/index.php\/2024\/06\/03\/team-building-pierrenoal-paralympisme\/#breadcrumb\",\"itemListElement\":[{\"@type\":\"ListItem\",\"position\":1,\"name\":\"Accueil\",\"item\":\"https:\/\/exaequo-communication.fr\/\"},{\"@type\":\"ListItem\",\"position\":2,\"name\":\"Rendez-vous avec le Paralympisme pour Pierre Noal\"}]},{\"@type\":\"WebSite\",\"@id\":\"https:\/\/exaequo-communication.fr\/#website\",\"url\":\"https:\/\/exaequo-communication.fr\/\",\"name\":\"Exaequo communication\",\"description\":\"\",\"potentialAction\":[{\"@type\":\"SearchAction\",\"target\":{\"@type\":\"EntryPoint\",\"urlTemplate\":\"https:\/\/exaequo-communication.fr\/?s={search_term_string}\"},\"query-input\":{\"@type\":\"PropertyValueSpecification\",\"valueRequired\":true,\"valueName\":\"search_term_string\"}}],\"inLanguage\":\"fr-FR\"},{\"@type\":\"Person\",\"@id\":\"https:\/\/exaequo-communication.fr\/#\/schema\/person\/c28633f3a7c202e5c427512376a2e7ca\",\"name\":\"Noah\",\"image\":{\"@type\":\"ImageObject\",\"inLanguage\":\"fr-FR\",\"@id\":\"https:\/\/exaequo-communication.fr\/#\/schema\/person\/image\/\",\"url\":\"https:\/\/secure.gravatar.com\/avatar\/70d12748ddaeba8bad327e70a86dffe52c00c33c30dcf0e3cfee09d9e7293b61?s=96&d=mm&r=g\",\"contentUrl\":\"https:\/\/secure.gravatar.com\/avatar\/70d12748ddaeba8bad327e70a86dffe52c00c33c30dcf0e3cfee09d9e7293b61?s=96&d=mm&r=g\",\"caption\":\"Noah\"},\"url\":\"https:\/\/exaequo-communication.fr\/index.php\/author\/noah\/\"}]}<\/script>\n<!-- \/ Yoast SEO plugin. -->","yoast_head_json":{"title":"Rendez-vous avec le Paralympisme pour Pierre Noal - Exaequo communication","description":"200 membres de l'association se sont retrouv\u00e9s au Centre Sportif de Normandie afin de partager un team-building sur un th\u00e8me d'actualit\u00e9.","robots":{"index":"index","follow":"follow","max-snippet":"max-snippet:-1","max-image-preview":"max-image-preview:large","max-video-preview":"max-video-preview:-1"},"canonical":"https:\/\/exaequo-communication.fr\/index.php\/2024\/06\/03\/team-building-pierrenoal-paralympisme\/","og_locale":"fr_FR","og_type":"article","og_title":"Rendez-vous avec le Paralympisme pour Pierre Noal","og_description":"200 membres de l'association se sont retrouv\u00e9s au Centre Sportif de Normandie afin de partager un team-building sur un th\u00e8me d'actualit\u00e9.","og_url":"https:\/\/exaequo-communication.fr\/index.php\/2024\/06\/03\/team-building-pierrenoal-paralympisme\/","og_site_name":"Exaequo communication","article_published_time":"2024-06-03T11:31:17+00:00","article_modified_time":"2024-07-11T11:58:07+00:00","og_image":[{"width":768,"height":1024,"url":"https:\/\/exaequo-communication.fr\/wp-content\/uploads\/2024\/07\/PierreNoal24-4.jpeg","type":"image\/jpeg"}],"author":"Noah","twitter_card":"summary_large_image","twitter_title":"Journ\u00e9e coh\u00e9sion pour NEO2","twitter_description":"Dans une ambiance sportive mais surtout fun et d\u00e9cal\u00e9e, l'entreprise NEO2 a pu r\u00e9unir ses collaborateurs lors d'un s\u00e9minaire plac\u00e9 sous le signe du team building.","twitter_image":"https:\/\/exaequo-communication.fr\/wp-content\/uploads\/2022\/09\/EX-Agglomeration-Lisieux-Vikings-4-scaled.jpg","twitter_misc":{"\u00c9crit par":"Noah","Dur\u00e9e de lecture estim\u00e9e":"3 minutes"},"schema":{"@context":"https:\/\/schema.org","@graph":[{"@type":"Article","@id":"https:\/\/exaequo-communication.fr\/index.php\/2024\/06\/03\/team-building-pierrenoal-paralympisme\/#article","isPartOf":{"@id":"https:\/\/exaequo-communication.fr\/index.php\/2024\/06\/03\/team-building-pierrenoal-paralympisme\/"},"author":{"name":"Noah","@id":"https:\/\/exaequo-communication.fr\/#\/schema\/person\/c28633f3a7c202e5c427512376a2e7ca"},"headline":"Rendez-vous avec le Paralympisme pour Pierre Noal","datePublished":"2024-06-03T11:31:17+00:00","dateModified":"2024-07-11T11:58:07+00:00","mainEntityOfPage":{"@id":"https:\/\/exaequo-communication.fr\/index.php\/2024\/06\/03\/team-building-pierrenoal-paralympisme\/"},"wordCount":561,"image":{"@id":"https:\/\/exaequo-communication.fr\/index.php\/2024\/06\/03\/team-building-pierrenoal-paralympisme\/#primaryimage"},"thumbnailUrl":"https:\/\/exaequo-communication.fr\/wp-content\/uploads\/2024\/07\/PierreNoal24-4.jpeg","articleSection":["Actualit\u00e9s","Team Building"],"inLanguage":"fr-FR"},{"@type":"WebPage","@id":"https:\/\/exaequo-communication.fr\/index.php\/2024\/06\/03\/team-building-pierrenoal-paralympisme\/","url":"https:\/\/exaequo-communication.fr\/index.php\/2024\/06\/03\/team-building-pierrenoal-paralympisme\/","name":"Rendez-vous avec le Paralympisme pour Pierre Noal - Exaequo communication","isPartOf":{"@id":"https:\/\/exaequo-communication.fr\/#website"},"primaryImageOfPage":{"@id":"https:\/\/exaequo-communication.fr\/index.php\/2024\/06\/03\/team-building-pierrenoal-paralympisme\/#primaryimage"},"image":{"@id":"https:\/\/exaequo-communication.fr\/index.php\/2024\/06\/03\/team-building-pierrenoal-paralympisme\/#primaryimage"},"thumbnailUrl":"https:\/\/exaequo-communication.fr\/wp-content\/uploads\/2024\/07\/PierreNoal24-4.jpeg","datePublished":"2024-06-03T11:31:17+00:00","dateModified":"2024-07-11T11:58:07+00:00","author":{"@id":"https:\/\/exaequo-communication.fr\/#\/schema\/person\/c28633f3a7c202e5c427512376a2e7ca"},"description":"200 membres de l'association se sont retrouv\u00e9s au Centre Sportif de Normandie afin de partager un team-building sur un th\u00e8me d'actualit\u00e9.","breadcrumb":{"@id":"https:\/\/exaequo-communication.fr\/index.php\/2024\/06\/03\/team-building-pierrenoal-paralympisme\/#breadcrumb"},"inLanguage":"fr-FR","potentialAction":[{"@type":"ReadAction","target":["https:\/\/exaequo-communication.fr\/index.php\/2024\/06\/03\/team-building-pierrenoal-paralympisme\/"]}]},{"@type":"ImageObject","inLanguage":"fr-FR","@id":"https:\/\/exaequo-communication.fr\/index.php\/2024\/06\/03\/team-building-pierrenoal-paralympisme\/#primaryimage","url":"https:\/\/exaequo-communication.fr\/wp-content\/uploads\/2024\/07\/PierreNoal24-4.jpeg","contentUrl":"https:\/\/exaequo-communication.fr\/wp-content\/uploads\/2024\/07\/PierreNoal24-4.jpeg","width":768,"height":1024,"caption":"Pierre Noal 2024"},{"@type":"BreadcrumbList","@id":"https:\/\/exaequo-communication.fr\/index.php\/2024\/06\/03\/team-building-pierrenoal-paralympisme\/#breadcrumb","itemListElement":[{"@type":"ListItem","position":1,"name":"Accueil","item":"https:\/\/exaequo-communication.fr\/"},{"@type":"ListItem","position":2,"name":"Rendez-vous avec le Paralympisme pour Pierre Noal"}]},{"@type":"WebSite","@id":"https:\/\/exaequo-communication.fr\/#website","url":"https:\/\/exaequo-communication.fr\/","name":"Exaequo communication","description":"","potentialAction":[{"@type":"SearchAction","target":{"@type":"EntryPoint","urlTemplate":"https:\/\/exaequo-communication.fr\/?s={search_term_string}"},"query-input":{"@type":"PropertyValueSpecification","valueRequired":true,"valueName":"search_term_string"}}],"inLanguage":"fr-FR"},{"@type":"Person","@id":"https:\/\/exaequo-communication.fr\/#\/schema\/person\/c28633f3a7c202e5c427512376a2e7ca","name":"Noah","image":{"@type":"ImageObject","inLanguage":"fr-FR","@id":"https:\/\/exaequo-communication.fr\/#\/schema\/person\/image\/","url":"https:\/\/secure.gravatar.com\/avatar\/70d12748ddaeba8bad327e70a86dffe52c00c33c30dcf0e3cfee09d9e7293b61?s=96&d=mm&r=g","contentUrl":"https:\/\/secure.gravatar.com\/avatar\/70d12748ddaeba8bad327e70a86dffe52c00c33c30dcf0e3cfee09d9e7293b61?s=96&d=mm&r=g","caption":"Noah"},"url":"https:\/\/exaequo-communication.fr\/index.php\/author\/noah\/"}]}},"_links":{"self":[{"href":"https:\/\/exaequo-communication.fr\/index.php\/wp-json\/wp\/v2\/posts\/15264","targetHints":{"allow":["GET"]}}],"collection":[{"href":"https:\/\/exaequo-communication.fr\/index.php\/wp-json\/wp\/v2\/posts"}],"about":[{"href":"https:\/\/exaequo-communication.fr\/index.php\/wp-json\/wp\/v2\/types\/post"}],"author":[{"embeddable":true,"href":"https:\/\/exaequo-communication.fr\/index.php\/wp-json\/wp\/v2\/users\/22"}],"replies":[{"embeddable":true,"href":"https:\/\/exaequo-communication.fr\/index.php\/wp-json\/wp\/v2\/comments?post=15264"}],"version-history":[{"count":3,"href":"https:\/\/exaequo-communication.fr\/index.php\/wp-json\/wp\/v2\/posts\/15264\/revisions"}],"predecessor-version":[{"id":15273,"href":"https:\/\/exaequo-communication.fr\/index.php\/wp-json\/wp\/v2\/posts\/15264\/revisions\/15273"}],"wp:featuredmedia":[{"embeddable":true,"href":"https:\/\/exaequo-communication.fr\/index.php\/wp-json\/wp\/v2\/media\/15265"}],"wp:attachment":[{"href":"https:\/\/exaequo-communication.fr\/index.php\/wp-json\/wp\/v2\/media?parent=15264"}],"wp:term":[{"taxonomy":"category","embeddable":true,"href":"https:\/\/exaequo-communication.fr\/index.php\/wp-json\/wp\/v2\/categories?post=15264"},{"taxonomy":"post_tag","embeddable":true,"href":"https:\/\/exaequo-communication.fr\/index.php\/wp-json\/wp\/v2\/tags?post=15264"}],"curies":[{"name":"wp","href":"https:\/\/api.w.org\/{rel}","templated":true}]}}