{"id":15252,"date":"2024-05-27T18:00:07","date_gmt":"2024-05-27T16:00:07","guid":{"rendered":"https:\/\/exaequo-communication.fr\/?p=15252"},"modified":"2024-07-09T15:47:11","modified_gmt":"2024-07-09T13:47:11","slug":"norlandas-cup-regate-2024","status":"publish","type":"post","link":"https:\/\/exaequo-communication.fr\/index.php\/2024\/05\/27\/norlandas-cup-regate-2024\/","title":{"rendered":"Retour en images sur la Norlanda&rsquo;s Cup 2024"},"content":{"rendered":"[vc_row type=\u00a0\u00bbin_container\u00a0\u00bb full_screen_row_position=\u00a0\u00bbmiddle\u00a0\u00bb column_margin=\u00a0\u00bbdefault\u00a0\u00bb column_direction=\u00a0\u00bbdefault\u00a0\u00bb column_direction_tablet=\u00a0\u00bbdefault\u00a0\u00bb column_direction_phone=\u00a0\u00bbdefault\u00a0\u00bb scene_position=\u00a0\u00bbcenter\u00a0\u00bb top_padding=\u00a0\u00bb10&Prime; text_color=\u00a0\u00bbdark\u00a0\u00bb text_align=\u00a0\u00bbleft\u00a0\u00bb row_border_radius=\u00a0\u00bbnone\u00a0\u00bb row_border_radius_applies=\u00a0\u00bbbg\u00a0\u00bb overlay_strength=\u00a0\u00bb0.3&Prime; gradient_direction=\u00a0\u00bbleft_to_right\u00a0\u00bb shape_divider_position=\u00a0\u00bbbottom\u00a0\u00bb bg_image_animation=\u00a0\u00bbnone\u00a0\u00bb shape_type=\u00a0\u00bb\u00a0\u00bb][vc_column column_padding=\u00a0\u00bbno-extra-padding\u00a0\u00bb column_padding_tablet=\u00a0\u00bbinherit\u00a0\u00bb column_padding_phone=\u00a0\u00bbinherit\u00a0\u00bb column_padding_position=\u00a0\u00bball\u00a0\u00bb background_color_opacity=\u00a0\u00bb1&Prime; background_hover_color_opacity=\u00a0\u00bb1&Prime; column_shadow=\u00a0\u00bbnone\u00a0\u00bb column_border_radius=\u00a0\u00bbnone\u00a0\u00bb column_link_target=\u00a0\u00bb_self\u00a0\u00bb gradient_direction=\u00a0\u00bbleft_to_right\u00a0\u00bb overlay_strength=\u00a0\u00bb0.3&Prime; width=\u00a0\u00bb1\/2&Prime; tablet_width_inherit=\u00a0\u00bbdefault\u00a0\u00bb tablet_text_alignment=\u00a0\u00bbdefault\u00a0\u00bb phone_text_alignment=\u00a0\u00bbdefault\u00a0\u00bb column_border_width=\u00a0\u00bbnone\u00a0\u00bb column_border_style=\u00a0\u00bbsolid\u00a0\u00bb bg_image_animation=\u00a0\u00bbnone\u00a0\u00bb][vc_gallery type=\u00a0\u00bbflexslider_style\u00a0\u00bb images=\u00a0\u00bb15255,15256,15257,15253,15259,15258&Prime; onclick=\u00a0\u00bblink_no\u00a0\u00bb hover_anim=\u00a0\u00bbfade-out\u00a0\u00bb][\/vc_column][vc_column column_padding=\u00a0\u00bbno-extra-padding\u00a0\u00bb column_padding_tablet=\u00a0\u00bbinherit\u00a0\u00bb column_padding_phone=\u00a0\u00bbinherit\u00a0\u00bb column_padding_position=\u00a0\u00bball\u00a0\u00bb background_color_opacity=\u00a0\u00bb1&Prime; background_hover_color_opacity=\u00a0\u00bb1&Prime; column_shadow=\u00a0\u00bbnone\u00a0\u00bb column_border_radius=\u00a0\u00bbnone\u00a0\u00bb column_link_target=\u00a0\u00bb_self\u00a0\u00bb gradient_direction=\u00a0\u00bbleft_to_right\u00a0\u00bb overlay_strength=\u00a0\u00bb0.3&Prime; width=\u00a0\u00bb1\/2&Prime; tablet_width_inherit=\u00a0\u00bbdefault\u00a0\u00bb tablet_text_alignment=\u00a0\u00bbdefault\u00a0\u00bb phone_text_alignment=\u00a0\u00bbdefault\u00a0\u00bb column_border_width=\u00a0\u00bbnone\u00a0\u00bb column_border_style=\u00a0\u00bbsolid\u00a0\u00bb bg_image_animation=\u00a0\u00bbnone\u00a0\u00bb][split_line_heading animation_type=\u00a0\u00bbdefault\u00a0\u00bb]\n<h3 style=\"text-align: left;\">Norlanda&rsquo;s Cup, une 15\u00e8me \u00e9dition pour la r\u00e9gate de voile inter-entreprise !<\/h3>\n<p>Pendant 3 jours, du 21 mai au 23 mai avait lieu la 15\u00e8me \u00e9dition de la <strong><a href=\"https:\/\/exaequo-communication.fr\/index.php\/portfolio\/norlandas-cup\/\" target=\"_blank\" rel=\"noopener\">Norlanda&rsquo;s Cup<\/a><\/strong>, notre r\u00e9gate de voile.[\/split_line_heading][\/vc_column][\/vc_row][vc_row type=\u00a0\u00bbin_container\u00a0\u00bb full_screen_row_position=\u00a0\u00bbmiddle\u00a0\u00bb column_margin=\u00a0\u00bbdefault\u00a0\u00bb column_direction=\u00a0\u00bbdefault\u00a0\u00bb column_direction_tablet=\u00a0\u00bbdefault\u00a0\u00bb column_direction_phone=\u00a0\u00bbdefault\u00a0\u00bb scene_position=\u00a0\u00bbcenter\u00a0\u00bb text_color=\u00a0\u00bbdark\u00a0\u00bb text_align=\u00a0\u00bbleft\u00a0\u00bb row_border_radius=\u00a0\u00bbnone\u00a0\u00bb row_border_radius_applies=\u00a0\u00bbbg\u00a0\u00bb overlay_strength=\u00a0\u00bb0.3&Prime; gradient_direction=\u00a0\u00bbleft_to_right\u00a0\u00bb shape_divider_position=\u00a0\u00bbbottom\u00a0\u00bb bg_image_animation=\u00a0\u00bbnone\u00a0\u00bb][vc_column column_padding=\u00a0\u00bbno-extra-padding\u00a0\u00bb column_padding_tablet=\u00a0\u00bbinherit\u00a0\u00bb column_padding_phone=\u00a0\u00bbinherit\u00a0\u00bb column_padding_position=\u00a0\u00bball\u00a0\u00bb background_color_opacity=\u00a0\u00bb1&Prime; background_hover_color_opacity=\u00a0\u00bb1&Prime; column_shadow=\u00a0\u00bbnone\u00a0\u00bb column_border_radius=\u00a0\u00bbnone\u00a0\u00bb column_link_target=\u00a0\u00bb_self\u00a0\u00bb gradient_direction=\u00a0\u00bbleft_to_right\u00a0\u00bb overlay_strength=\u00a0\u00bb0.3&Prime; width=\u00a0\u00bb1\/1&Prime; tablet_width_inherit=\u00a0\u00bbdefault\u00a0\u00bb tablet_text_alignment=\u00a0\u00bbdefault\u00a0\u00bb phone_text_alignment=\u00a0\u00bbdefault\u00a0\u00bb column_border_width=\u00a0\u00bbnone\u00a0\u00bb column_border_style=\u00a0\u00bbsolid\u00a0\u00bb bg_image_animation=\u00a0\u00bbnone\u00a0\u00bb][vc_column_text]Du 21 au 23 mai avait lieu la Norlanda\u2019s Cup, la r\u00e9gate inter-entreprises organis\u00e9e par Exaequo en partenariat avec le <a href=\"http:\/\/www.caen-yacht-club.com\/\" target=\"_blank\" rel=\"noopener\"><strong>Caen Yacht Club.<\/strong><\/a><\/p>\n<p>Organis\u00e9e sous un format match-race, la Norlanda r\u00e9unit exclusivement des \u00e9quipages d&rsquo;entreprises et collectivit\u00e9s de l&rsquo;agglom\u00e9ration caennaise. Cette ann\u00e9e, 20 \u00e9quipages \u00e9taient au rendez-vous pour se challenger pendant 3 jours sur le bassin de la Presqu&rsquo;\u00eele de Caen. La m\u00e9t\u00e9o \u00e9tait elle aussi de la partie et a permis de profiter de bonnes conditions de navigation malgr\u00e9 les nuages.<\/p>\n<p>Apr\u00e8s une soixantaine de matchs jou\u00e9s, le vainqueur de cette nouvelle \u00e9dition est : <a href=\"https:\/\/www.caen.cci.fr\/ports\"><strong>CCI &#8211; Ports du Calvados<\/strong><\/a> !<br \/>\nQuant au grand perdant, la cuill\u00e8re de bois est d\u00e9cern\u00e9 \u00e0 l&rsquo;<a href=\"https:\/\/e2se.fr\/\"><strong>E2SE Business School<\/strong><\/a><\/p>\n<h3><strong>Un \u00e9v\u00e9nement favorisant les rencontres interentreprises<\/strong><\/h3>\n<p>Pour cette 15\u00e8me \u00e9dition, les participants ont pu profiter du regard comp\u00e9tent d&rsquo;Antoine Bazin, cadre technique sportif r\u00e9gional \u00e0 la F\u00e9d\u00e9ration Fran\u00e7aise de Voile mais aussi de Yann Vico qui a assur\u00e9 l&rsquo;ambiance aux platines.<\/p>\n<p>Au del\u00e0 des r\u00e9gates, le village de la Norlanda&rsquo;s Cup a accueilli de nombreuses entreprises et favoris\u00e9 les \u00e9changes entre collaborateurs et clients. Une \u00e9dition plac\u00e9e sous le signe des rencontres et du partage entre entreprises.<\/p>\n<p>Rendez-vous l\u2019ann\u00e9e prochaine pour continuer l\u2019aventure Norlanda\u2019s Cup.<\/p>\n<p>Retrouvez la Norlanda en <a href=\"https:\/\/exaequo-communication.fr\/index.php\/portfolio\/norlandas-cup\/\" target=\"_blank\" rel=\"noopener\"><strong>cliquant ici<\/strong><\/a>.<\/p>\n<p>Sites :<strong>\u00a0<a href=\"http:\/\/caen-yacht-club.com\/web\/\" target=\"_blank\" rel=\"noopener\">www.caen-yacht-club.com<\/a><\/strong>[\/vc_column_text][\/vc_column][\/vc_row]\n","protected":false},"excerpt":{"rendered":"<p>20 \u00e9quipages compos\u00e9s d&rsquo;entreprises caennaises se sont retrouv\u00e9s autour d&rsquo;une r\u00e9gate de voile du 21 mai au 23 mai 2024.<\/p>\n","protected":false},"author":22,"featured_media":15256,"comment_status":"closed","ping_status":"closed","sticky":false,"template":"","format":"standard","meta":{"footnotes":""},"categories":[1],"tags":[],"class_list":{"0":"post-15252","1":"post","2":"type-post","3":"status-publish","4":"format-standard","5":"has-post-thumbnail","7":"category-actualites"},"yoast_head":"<!-- This site is optimized with the Yoast SEO plugin v27.0 - https:\/\/yoast.com\/product\/yoast-seo-wordpress\/ -->\n<title>Retour en images sur la Norlanda&#039;s Cup 2024 - Exaequo communication<\/title>\n<meta name=\"description\" content=\"20 \u00e9quipages compos\u00e9s d&#039;entreprises caennaises se sont retrouv\u00e9s autour d&#039;une r\u00e9gate de voile du 21 mai au 23 mai 2024.\" \/>\n<meta name=\"robots\" content=\"index, follow, max-snippet:-1, max-image-preview:large, max-video-preview:-1\" \/>\n<link rel=\"canonical\" href=\"https:\/\/exaequo-communication.fr\/index.php\/2024\/05\/27\/norlandas-cup-regate-2024\/\" \/>\n<meta property=\"og:locale\" content=\"fr_FR\" \/>\n<meta property=\"og:type\" content=\"article\" \/>\n<meta property=\"og:title\" content=\"Retour en images sur la Norlanda&#039;s Cup 2024 Actualit\u00e9s Exaequo communication\" \/>\n<meta property=\"og:description\" content=\"20 \u00e9quipages compos\u00e9s d&#039;entreprises caennaises se sont retrouv\u00e9s autour d&#039;une r\u00e9gate de voile du 21 mai au 23 mai 2024.\" \/>\n<meta property=\"og:url\" content=\"https:\/\/exaequo-communication.fr\/index.php\/2024\/05\/27\/norlandas-cup-regate-2024\/\" \/>\n<meta property=\"og:site_name\" content=\"Exaequo communication\" \/>\n<meta property=\"article:published_time\" content=\"2024-05-27T16:00:07+00:00\" \/>\n<meta property=\"article:modified_time\" content=\"2024-07-09T13:47:11+00:00\" \/>\n<meta property=\"og:image\" content=\"https:\/\/exaequo-communication.fr\/wp-content\/uploads\/2024\/07\/NCUP24-SELECTION00025-scaled.jpg\" \/>\n\t<meta property=\"og:image:width\" content=\"1536\" \/>\n\t<meta property=\"og:image:height\" content=\"1024\" \/>\n\t<meta property=\"og:image:type\" content=\"image\/jpeg\" \/>\n<meta name=\"author\" content=\"Noah\" \/>\n<meta name=\"twitter:card\" content=\"summary_large_image\" \/>\n<meta name=\"twitter:title\" content=\"Retour en images sur la Norlanda&#039;s Cup 2022\" \/>\n<meta name=\"twitter:description\" content=\"24 \u00e9quipages compos\u00e9s d&#039;entreprises caennaises se sont retrouv\u00e9s autour d&#039;une r\u00e9gate de voile du 31 mai au 2 juin 2022.\" \/>\n<meta name=\"twitter:image\" content=\"https:\/\/exaequo-communication.fr\/wp-content\/uploads\/2022\/05\/1R2A2822-28-7-scaled.jpg\" \/>\n<meta name=\"twitter:label1\" content=\"\u00c9crit par\" \/>\n\t<meta name=\"twitter:data1\" content=\"Noah\" \/>\n\t<meta name=\"twitter:label2\" content=\"Dur\u00e9e de lecture estim\u00e9e\" \/>\n\t<meta name=\"twitter:data2\" content=\"4 minutes\" \/>\n<script type=\"application\/ld+json\" class=\"yoast-schema-graph\">{\"@context\":\"https:\/\/schema.org\",\"@graph\":[{\"@type\":\"Article\",\"@id\":\"https:\/\/exaequo-communication.fr\/index.php\/2024\/05\/27\/norlandas-cup-regate-2024\/#article\",\"isPartOf\":{\"@id\":\"https:\/\/exaequo-communication.fr\/index.php\/2024\/05\/27\/norlandas-cup-regate-2024\/\"},\"author\":{\"name\":\"Noah\",\"@id\":\"https:\/\/exaequo-communication.fr\/#\/schema\/person\/c28633f3a7c202e5c427512376a2e7ca\"},\"headline\":\"Retour en images sur la Norlanda&rsquo;s Cup 2024\",\"datePublished\":\"2024-05-27T16:00:07+00:00\",\"dateModified\":\"2024-07-09T13:47:11+00:00\",\"mainEntityOfPage\":{\"@id\":\"https:\/\/exaequo-communication.fr\/index.php\/2024\/05\/27\/norlandas-cup-regate-2024\/\"},\"wordCount\":635,\"image\":{\"@id\":\"https:\/\/exaequo-communication.fr\/index.php\/2024\/05\/27\/norlandas-cup-regate-2024\/#primaryimage\"},\"thumbnailUrl\":\"https:\/\/exaequo-communication.fr\/wp-content\/uploads\/2024\/07\/NCUP24-SELECTION00025-scaled.jpg\",\"articleSection\":[\"Actualit\u00e9s\"],\"inLanguage\":\"fr-FR\"},{\"@type\":\"WebPage\",\"@id\":\"https:\/\/exaequo-communication.fr\/index.php\/2024\/05\/27\/norlandas-cup-regate-2024\/\",\"url\":\"https:\/\/exaequo-communication.fr\/index.php\/2024\/05\/27\/norlandas-cup-regate-2024\/\",\"name\":\"Retour en images sur la Norlanda's Cup 2024 - Exaequo communication\",\"isPartOf\":{\"@id\":\"https:\/\/exaequo-communication.fr\/#website\"},\"primaryImageOfPage\":{\"@id\":\"https:\/\/exaequo-communication.fr\/index.php\/2024\/05\/27\/norlandas-cup-regate-2024\/#primaryimage\"},\"image\":{\"@id\":\"https:\/\/exaequo-communication.fr\/index.php\/2024\/05\/27\/norlandas-cup-regate-2024\/#primaryimage\"},\"thumbnailUrl\":\"https:\/\/exaequo-communication.fr\/wp-content\/uploads\/2024\/07\/NCUP24-SELECTION00025-scaled.jpg\",\"datePublished\":\"2024-05-27T16:00:07+00:00\",\"dateModified\":\"2024-07-09T13:47:11+00:00\",\"author\":{\"@id\":\"https:\/\/exaequo-communication.fr\/#\/schema\/person\/c28633f3a7c202e5c427512376a2e7ca\"},\"description\":\"20 \u00e9quipages compos\u00e9s d'entreprises caennaises se sont retrouv\u00e9s autour d'une r\u00e9gate de voile du 21 mai au 23 mai 2024.\",\"breadcrumb\":{\"@id\":\"https:\/\/exaequo-communication.fr\/index.php\/2024\/05\/27\/norlandas-cup-regate-2024\/#breadcrumb\"},\"inLanguage\":\"fr-FR\",\"potentialAction\":[{\"@type\":\"ReadAction\",\"target\":[\"https:\/\/exaequo-communication.fr\/index.php\/2024\/05\/27\/norlandas-cup-regate-2024\/\"]}]},{\"@type\":\"ImageObject\",\"inLanguage\":\"fr-FR\",\"@id\":\"https:\/\/exaequo-communication.fr\/index.php\/2024\/05\/27\/norlandas-cup-regate-2024\/#primaryimage\",\"url\":\"https:\/\/exaequo-communication.fr\/wp-content\/uploads\/2024\/07\/NCUP24-SELECTION00025-scaled.jpg\",\"contentUrl\":\"https:\/\/exaequo-communication.fr\/wp-content\/uploads\/2024\/07\/NCUP24-SELECTION00025-scaled.jpg\",\"width\":1536,\"height\":1024,\"caption\":\"Norlanda's Cup 2024\"},{\"@type\":\"BreadcrumbList\",\"@id\":\"https:\/\/exaequo-communication.fr\/index.php\/2024\/05\/27\/norlandas-cup-regate-2024\/#breadcrumb\",\"itemListElement\":[{\"@type\":\"ListItem\",\"position\":1,\"name\":\"Accueil\",\"item\":\"https:\/\/exaequo-communication.fr\/\"},{\"@type\":\"ListItem\",\"position\":2,\"name\":\"Retour en images sur la Norlanda&rsquo;s Cup 2024\"}]},{\"@type\":\"WebSite\",\"@id\":\"https:\/\/exaequo-communication.fr\/#website\",\"url\":\"https:\/\/exaequo-communication.fr\/\",\"name\":\"Exaequo communication\",\"description\":\"\",\"potentialAction\":[{\"@type\":\"SearchAction\",\"target\":{\"@type\":\"EntryPoint\",\"urlTemplate\":\"https:\/\/exaequo-communication.fr\/?s={search_term_string}\"},\"query-input\":{\"@type\":\"PropertyValueSpecification\",\"valueRequired\":true,\"valueName\":\"search_term_string\"}}],\"inLanguage\":\"fr-FR\"},{\"@type\":\"Person\",\"@id\":\"https:\/\/exaequo-communication.fr\/#\/schema\/person\/c28633f3a7c202e5c427512376a2e7ca\",\"name\":\"Noah\",\"image\":{\"@type\":\"ImageObject\",\"inLanguage\":\"fr-FR\",\"@id\":\"https:\/\/exaequo-communication.fr\/#\/schema\/person\/image\/\",\"url\":\"https:\/\/secure.gravatar.com\/avatar\/70d12748ddaeba8bad327e70a86dffe52c00c33c30dcf0e3cfee09d9e7293b61?s=96&d=mm&r=g\",\"contentUrl\":\"https:\/\/secure.gravatar.com\/avatar\/70d12748ddaeba8bad327e70a86dffe52c00c33c30dcf0e3cfee09d9e7293b61?s=96&d=mm&r=g\",\"caption\":\"Noah\"},\"url\":\"https:\/\/exaequo-communication.fr\/index.php\/author\/noah\/\"}]}<\/script>\n<!-- \/ Yoast SEO plugin. -->","yoast_head_json":{"title":"Retour en images sur la Norlanda's Cup 2024 - Exaequo communication","description":"20 \u00e9quipages compos\u00e9s d'entreprises caennaises se sont retrouv\u00e9s autour d'une r\u00e9gate de voile du 21 mai au 23 mai 2024.","robots":{"index":"index","follow":"follow","max-snippet":"max-snippet:-1","max-image-preview":"max-image-preview:large","max-video-preview":"max-video-preview:-1"},"canonical":"https:\/\/exaequo-communication.fr\/index.php\/2024\/05\/27\/norlandas-cup-regate-2024\/","og_locale":"fr_FR","og_type":"article","og_title":"Retour en images sur la Norlanda's Cup 2024 Actualit\u00e9s Exaequo communication","og_description":"20 \u00e9quipages compos\u00e9s d'entreprises caennaises se sont retrouv\u00e9s autour d'une r\u00e9gate de voile du 21 mai au 23 mai 2024.","og_url":"https:\/\/exaequo-communication.fr\/index.php\/2024\/05\/27\/norlandas-cup-regate-2024\/","og_site_name":"Exaequo communication","article_published_time":"2024-05-27T16:00:07+00:00","article_modified_time":"2024-07-09T13:47:11+00:00","og_image":[{"width":1536,"height":1024,"url":"https:\/\/exaequo-communication.fr\/wp-content\/uploads\/2024\/07\/NCUP24-SELECTION00025-scaled.jpg","type":"image\/jpeg"}],"author":"Noah","twitter_card":"summary_large_image","twitter_title":"Retour en images sur la Norlanda's Cup 2022","twitter_description":"24 \u00e9quipages compos\u00e9s d'entreprises caennaises se sont retrouv\u00e9s autour d'une r\u00e9gate de voile du 31 mai au 2 juin 2022.","twitter_image":"https:\/\/exaequo-communication.fr\/wp-content\/uploads\/2022\/05\/1R2A2822-28-7-scaled.jpg","twitter_misc":{"\u00c9crit par":"Noah","Dur\u00e9e de lecture estim\u00e9e":"4 minutes"},"schema":{"@context":"https:\/\/schema.org","@graph":[{"@type":"Article","@id":"https:\/\/exaequo-communication.fr\/index.php\/2024\/05\/27\/norlandas-cup-regate-2024\/#article","isPartOf":{"@id":"https:\/\/exaequo-communication.fr\/index.php\/2024\/05\/27\/norlandas-cup-regate-2024\/"},"author":{"name":"Noah","@id":"https:\/\/exaequo-communication.fr\/#\/schema\/person\/c28633f3a7c202e5c427512376a2e7ca"},"headline":"Retour en images sur la Norlanda&rsquo;s Cup 2024","datePublished":"2024-05-27T16:00:07+00:00","dateModified":"2024-07-09T13:47:11+00:00","mainEntityOfPage":{"@id":"https:\/\/exaequo-communication.fr\/index.php\/2024\/05\/27\/norlandas-cup-regate-2024\/"},"wordCount":635,"image":{"@id":"https:\/\/exaequo-communication.fr\/index.php\/2024\/05\/27\/norlandas-cup-regate-2024\/#primaryimage"},"thumbnailUrl":"https:\/\/exaequo-communication.fr\/wp-content\/uploads\/2024\/07\/NCUP24-SELECTION00025-scaled.jpg","articleSection":["Actualit\u00e9s"],"inLanguage":"fr-FR"},{"@type":"WebPage","@id":"https:\/\/exaequo-communication.fr\/index.php\/2024\/05\/27\/norlandas-cup-regate-2024\/","url":"https:\/\/exaequo-communication.fr\/index.php\/2024\/05\/27\/norlandas-cup-regate-2024\/","name":"Retour en images sur la Norlanda's Cup 2024 - Exaequo communication","isPartOf":{"@id":"https:\/\/exaequo-communication.fr\/#website"},"primaryImageOfPage":{"@id":"https:\/\/exaequo-communication.fr\/index.php\/2024\/05\/27\/norlandas-cup-regate-2024\/#primaryimage"},"image":{"@id":"https:\/\/exaequo-communication.fr\/index.php\/2024\/05\/27\/norlandas-cup-regate-2024\/#primaryimage"},"thumbnailUrl":"https:\/\/exaequo-communication.fr\/wp-content\/uploads\/2024\/07\/NCUP24-SELECTION00025-scaled.jpg","datePublished":"2024-05-27T16:00:07+00:00","dateModified":"2024-07-09T13:47:11+00:00","author":{"@id":"https:\/\/exaequo-communication.fr\/#\/schema\/person\/c28633f3a7c202e5c427512376a2e7ca"},"description":"20 \u00e9quipages compos\u00e9s d'entreprises caennaises se sont retrouv\u00e9s autour d'une r\u00e9gate de voile du 21 mai au 23 mai 2024.","breadcrumb":{"@id":"https:\/\/exaequo-communication.fr\/index.php\/2024\/05\/27\/norlandas-cup-regate-2024\/#breadcrumb"},"inLanguage":"fr-FR","potentialAction":[{"@type":"ReadAction","target":["https:\/\/exaequo-communication.fr\/index.php\/2024\/05\/27\/norlandas-cup-regate-2024\/"]}]},{"@type":"ImageObject","inLanguage":"fr-FR","@id":"https:\/\/exaequo-communication.fr\/index.php\/2024\/05\/27\/norlandas-cup-regate-2024\/#primaryimage","url":"https:\/\/exaequo-communication.fr\/wp-content\/uploads\/2024\/07\/NCUP24-SELECTION00025-scaled.jpg","contentUrl":"https:\/\/exaequo-communication.fr\/wp-content\/uploads\/2024\/07\/NCUP24-SELECTION00025-scaled.jpg","width":1536,"height":1024,"caption":"Norlanda's Cup 2024"},{"@type":"BreadcrumbList","@id":"https:\/\/exaequo-communication.fr\/index.php\/2024\/05\/27\/norlandas-cup-regate-2024\/#breadcrumb","itemListElement":[{"@type":"ListItem","position":1,"name":"Accueil","item":"https:\/\/exaequo-communication.fr\/"},{"@type":"ListItem","position":2,"name":"Retour en images sur la Norlanda&rsquo;s Cup 2024"}]},{"@type":"WebSite","@id":"https:\/\/exaequo-communication.fr\/#website","url":"https:\/\/exaequo-communication.fr\/","name":"Exaequo communication","description":"","potentialAction":[{"@type":"SearchAction","target":{"@type":"EntryPoint","urlTemplate":"https:\/\/exaequo-communication.fr\/?s={search_term_string}"},"query-input":{"@type":"PropertyValueSpecification","valueRequired":true,"valueName":"search_term_string"}}],"inLanguage":"fr-FR"},{"@type":"Person","@id":"https:\/\/exaequo-communication.fr\/#\/schema\/person\/c28633f3a7c202e5c427512376a2e7ca","name":"Noah","image":{"@type":"ImageObject","inLanguage":"fr-FR","@id":"https:\/\/exaequo-communication.fr\/#\/schema\/person\/image\/","url":"https:\/\/secure.gravatar.com\/avatar\/70d12748ddaeba8bad327e70a86dffe52c00c33c30dcf0e3cfee09d9e7293b61?s=96&d=mm&r=g","contentUrl":"https:\/\/secure.gravatar.com\/avatar\/70d12748ddaeba8bad327e70a86dffe52c00c33c30dcf0e3cfee09d9e7293b61?s=96&d=mm&r=g","caption":"Noah"},"url":"https:\/\/exaequo-communication.fr\/index.php\/author\/noah\/"}]}},"_links":{"self":[{"href":"https:\/\/exaequo-communication.fr\/index.php\/wp-json\/wp\/v2\/posts\/15252","targetHints":{"allow":["GET"]}}],"collection":[{"href":"https:\/\/exaequo-communication.fr\/index.php\/wp-json\/wp\/v2\/posts"}],"about":[{"href":"https:\/\/exaequo-communication.fr\/index.php\/wp-json\/wp\/v2\/types\/post"}],"author":[{"embeddable":true,"href":"https:\/\/exaequo-communication.fr\/index.php\/wp-json\/wp\/v2\/users\/22"}],"replies":[{"embeddable":true,"href":"https:\/\/exaequo-communication.fr\/index.php\/wp-json\/wp\/v2\/comments?post=15252"}],"version-history":[{"count":4,"href":"https:\/\/exaequo-communication.fr\/index.php\/wp-json\/wp\/v2\/posts\/15252\/revisions"}],"predecessor-version":[{"id":15263,"href":"https:\/\/exaequo-communication.fr\/index.php\/wp-json\/wp\/v2\/posts\/15252\/revisions\/15263"}],"wp:featuredmedia":[{"embeddable":true,"href":"https:\/\/exaequo-communication.fr\/index.php\/wp-json\/wp\/v2\/media\/15256"}],"wp:attachment":[{"href":"https:\/\/exaequo-communication.fr\/index.php\/wp-json\/wp\/v2\/media?parent=15252"}],"wp:term":[{"taxonomy":"category","embeddable":true,"href":"https:\/\/exaequo-communication.fr\/index.php\/wp-json\/wp\/v2\/categories?post=15252"},{"taxonomy":"post_tag","embeddable":true,"href":"https:\/\/exaequo-communication.fr\/index.php\/wp-json\/wp\/v2\/tags?post=15252"}],"curies":[{"name":"wp","href":"https:\/\/api.w.org\/{rel}","templated":true}]}}