{"id":15237,"date":"2024-07-03T18:00:55","date_gmt":"2024-07-03T16:00:55","guid":{"rendered":"https:\/\/exaequo-communication.fr\/?p=15237"},"modified":"2024-07-09T15:17:03","modified_gmt":"2024-07-09T13:17:03","slug":"images-rosalie-trophy-2024","status":"publish","type":"post","link":"https:\/\/exaequo-communication.fr\/index.php\/2024\/07\/03\/images-rosalie-trophy-2024\/","title":{"rendered":"Retour en images sur le Rosalie Trophy 2024"},"content":{"rendered":"[vc_row type=\u00a0\u00bbin_container\u00a0\u00bb full_screen_row_position=\u00a0\u00bbmiddle\u00a0\u00bb column_margin=\u00a0\u00bbdefault\u00a0\u00bb column_direction=\u00a0\u00bbdefault\u00a0\u00bb column_direction_tablet=\u00a0\u00bbdefault\u00a0\u00bb column_direction_phone=\u00a0\u00bbdefault\u00a0\u00bb scene_position=\u00a0\u00bbcenter\u00a0\u00bb top_padding=\u00a0\u00bb10&Prime; text_color=\u00a0\u00bbdark\u00a0\u00bb text_align=\u00a0\u00bbleft\u00a0\u00bb row_border_radius=\u00a0\u00bbnone\u00a0\u00bb row_border_radius_applies=\u00a0\u00bbbg\u00a0\u00bb overlay_strength=\u00a0\u00bb0.3&Prime; gradient_direction=\u00a0\u00bbleft_to_right\u00a0\u00bb shape_divider_position=\u00a0\u00bbbottom\u00a0\u00bb bg_image_animation=\u00a0\u00bbnone\u00a0\u00bb shape_type=\u00a0\u00bb\u00a0\u00bb][vc_column column_padding=\u00a0\u00bbno-extra-padding\u00a0\u00bb column_padding_tablet=\u00a0\u00bbinherit\u00a0\u00bb column_padding_phone=\u00a0\u00bbinherit\u00a0\u00bb column_padding_position=\u00a0\u00bball\u00a0\u00bb background_color_opacity=\u00a0\u00bb1&Prime; background_hover_color_opacity=\u00a0\u00bb1&Prime; column_shadow=\u00a0\u00bbnone\u00a0\u00bb column_border_radius=\u00a0\u00bbnone\u00a0\u00bb column_link_target=\u00a0\u00bb_self\u00a0\u00bb gradient_direction=\u00a0\u00bbleft_to_right\u00a0\u00bb overlay_strength=\u00a0\u00bb0.3&Prime; width=\u00a0\u00bb1\/2&Prime; tablet_width_inherit=\u00a0\u00bbdefault\u00a0\u00bb tablet_text_alignment=\u00a0\u00bbdefault\u00a0\u00bb phone_text_alignment=\u00a0\u00bbdefault\u00a0\u00bb column_border_width=\u00a0\u00bbnone\u00a0\u00bb column_border_style=\u00a0\u00bbsolid\u00a0\u00bb bg_image_animation=\u00a0\u00bbnone\u00a0\u00bb][vc_gallery type=\u00a0\u00bbflexslider_style\u00a0\u00bb images=\u00a0\u00bb15240,15245,15238,15243,15241,15242,15244,15239,15246,15247&Prime; onclick=\u00a0\u00bblink_no\u00a0\u00bb][\/vc_column][vc_column column_padding=\u00a0\u00bbno-extra-padding\u00a0\u00bb column_padding_tablet=\u00a0\u00bbinherit\u00a0\u00bb column_padding_phone=\u00a0\u00bbinherit\u00a0\u00bb column_padding_position=\u00a0\u00bball\u00a0\u00bb background_color_opacity=\u00a0\u00bb1&Prime; background_hover_color_opacity=\u00a0\u00bb1&Prime; column_shadow=\u00a0\u00bbnone\u00a0\u00bb column_border_radius=\u00a0\u00bbnone\u00a0\u00bb column_link_target=\u00a0\u00bb_self\u00a0\u00bb gradient_direction=\u00a0\u00bbleft_to_right\u00a0\u00bb overlay_strength=\u00a0\u00bb0.3&Prime; width=\u00a0\u00bb1\/2&Prime; tablet_width_inherit=\u00a0\u00bbdefault\u00a0\u00bb tablet_text_alignment=\u00a0\u00bbdefault\u00a0\u00bb phone_text_alignment=\u00a0\u00bbdefault\u00a0\u00bb column_border_width=\u00a0\u00bbnone\u00a0\u00bb column_border_style=\u00a0\u00bbsolid\u00a0\u00bb bg_image_animation=\u00a0\u00bbnone\u00a0\u00bb][split_line_heading animation_type=\u00a0\u00bbdefault\u00a0\u00bb]\n<h3>(Re)D\u00e9couvrez en images le Rosalie Trophy 2024<\/h3>\n<p>Souvenez-vous l&rsquo;\u00e9t\u00e9 dernier, 46 \u00e9quipes d&rsquo;entreprises de l&rsquo;agglom\u00e9ration caennaise \u00e9taient rassembl\u00e9es pour participer, \u00e0 une comp\u00e9tition de Rosalie. D\u00e9couvrez l&rsquo;aftermovie qui retrace en images l&rsquo;\u00e9dition 2024.[\/split_line_heading][\/vc_column][\/vc_row][vc_row type=\u00a0\u00bbin_container\u00a0\u00bb full_screen_row_position=\u00a0\u00bbmiddle\u00a0\u00bb column_margin=\u00a0\u00bbdefault\u00a0\u00bb column_direction=\u00a0\u00bbdefault\u00a0\u00bb column_direction_tablet=\u00a0\u00bbdefault\u00a0\u00bb column_direction_phone=\u00a0\u00bbdefault\u00a0\u00bb scene_position=\u00a0\u00bbcenter\u00a0\u00bb text_color=\u00a0\u00bbdark\u00a0\u00bb text_align=\u00a0\u00bbleft\u00a0\u00bb row_border_radius=\u00a0\u00bbnone\u00a0\u00bb row_border_radius_applies=\u00a0\u00bbbg\u00a0\u00bb overlay_strength=\u00a0\u00bb0.3&Prime; gradient_direction=\u00a0\u00bbleft_to_right\u00a0\u00bb shape_divider_position=\u00a0\u00bbbottom\u00a0\u00bb bg_image_animation=\u00a0\u00bbnone\u00a0\u00bb][vc_column column_padding=\u00a0\u00bbno-extra-padding\u00a0\u00bb column_padding_tablet=\u00a0\u00bbinherit\u00a0\u00bb column_padding_phone=\u00a0\u00bbinherit\u00a0\u00bb column_padding_position=\u00a0\u00bball\u00a0\u00bb background_color_opacity=\u00a0\u00bb1&Prime; background_hover_color_opacity=\u00a0\u00bb1&Prime; column_shadow=\u00a0\u00bbnone\u00a0\u00bb column_border_radius=\u00a0\u00bbnone\u00a0\u00bb column_link_target=\u00a0\u00bb_self\u00a0\u00bb gradient_direction=\u00a0\u00bbleft_to_right\u00a0\u00bb overlay_strength=\u00a0\u00bb0.3&Prime; width=\u00a0\u00bb1\/1&Prime; tablet_width_inherit=\u00a0\u00bbdefault\u00a0\u00bb tablet_text_alignment=\u00a0\u00bbdefault\u00a0\u00bb phone_text_alignment=\u00a0\u00bbdefault\u00a0\u00bb column_border_width=\u00a0\u00bbnone\u00a0\u00bb column_border_style=\u00a0\u00bbsolid\u00a0\u00bb bg_image_animation=\u00a0\u00bbnone\u00a0\u00bb][vc_column_text]Cette ann\u00e9e avait lieu la 5\u00e8me \u00e9dition du <strong><a href=\"https:\/\/exaequo-communication.fr\/index.php\/2021\/05\/18\/rosalie-trophy-2eme-edition-2021\/\" target=\"_blank\" rel=\"noopener\">Rosalie Trophy<\/a><\/strong> <strong>r\u00e9unissant plus d&rsquo;une trentaine d&rsquo;entreprises<\/strong>, au <a href=\"https:\/\/circuit-caen.fr\/\"><strong>circuit de Caen<\/strong><\/a>, le mardi 2 juillet. Les participants se sont donc affront\u00e9s pour un after-work sportif et d\u00e9cal\u00e9, le tout dans une<strong> ambiance chaleureuse et conviviale.<\/strong><\/p>\n<p>Lors de cette soir\u00e9e, les entreprises ont pu partager des moments de convivialit\u00e9. <strong>De quoi renforcer l&rsquo;esprit d&rsquo;\u00e9quipe et la coh\u00e9sion entre les collaborateurs.<\/strong> Une \u00e9dition plac\u00e9e sous le signe du soleil pour notre plus grand challenge inter-entreprise de l&rsquo;agglom\u00e9ration caennaise. Le tout au sein d&rsquo;un lieu in\u00e9dit, le circuit de Caen<\/p>\n<p>Et c&rsquo;est l&rsquo;entreprise <a href=\"https:\/\/apromo.fr\/\"><b>APROMO <\/b><\/a>qui s&rsquo;est hiss\u00e9e \u00e0 la premi\u00e8re place lors de la finale devant <a href=\"https:\/\/niu-ingenierie-construction.fr\/\"><strong>NIU ING\u00c9NIERIE CONSTRUCTION<\/strong><\/a>\u00a0et l&rsquo;entreprise <a href=\"https:\/\/www.eurovia.fr\/\" target=\"_blank\" rel=\"noopener\"><strong>Eurovia<\/strong><\/a>. Tout cela suite \u00e0 de nombreux affrontement avec les autres entreprises de l&rsquo;agglom\u00e9ration caennaise \u00e0 bord de leur Rosalie.<\/p>\n<p><strong>Vous pouvez retrouver les images de cette journ\u00e9e ici :<\/strong>[\/vc_column_text][\/vc_column][\/vc_row][vc_row type=\u00a0\u00bbin_container\u00a0\u00bb full_screen_row_position=\u00a0\u00bbmiddle\u00a0\u00bb column_margin=\u00a0\u00bbdefault\u00a0\u00bb column_direction=\u00a0\u00bbdefault\u00a0\u00bb column_direction_tablet=\u00a0\u00bbdefault\u00a0\u00bb column_direction_phone=\u00a0\u00bbdefault\u00a0\u00bb scene_position=\u00a0\u00bbcenter\u00a0\u00bb text_color=\u00a0\u00bbdark\u00a0\u00bb text_align=\u00a0\u00bbleft\u00a0\u00bb row_border_radius=\u00a0\u00bbnone\u00a0\u00bb row_border_radius_applies=\u00a0\u00bbbg\u00a0\u00bb overlay_strength=\u00a0\u00bb0.3&Prime; gradient_direction=\u00a0\u00bbleft_to_right\u00a0\u00bb shape_divider_position=\u00a0\u00bbbottom\u00a0\u00bb bg_image_animation=\u00a0\u00bbnone\u00a0\u00bb shape_type=\u00a0\u00bb\u00a0\u00bb][vc_column column_padding=\u00a0\u00bbno-extra-padding\u00a0\u00bb column_padding_tablet=\u00a0\u00bbinherit\u00a0\u00bb column_padding_phone=\u00a0\u00bbinherit\u00a0\u00bb column_padding_position=\u00a0\u00bball\u00a0\u00bb background_color_opacity=\u00a0\u00bb1&Prime; background_hover_color_opacity=\u00a0\u00bb1&Prime; column_shadow=\u00a0\u00bbnone\u00a0\u00bb column_border_radius=\u00a0\u00bbnone\u00a0\u00bb column_link_target=\u00a0\u00bb_self\u00a0\u00bb gradient_direction=\u00a0\u00bbleft_to_right\u00a0\u00bb overlay_strength=\u00a0\u00bb0.3&Prime; width=\u00a0\u00bb1\/1&Prime; tablet_width_inherit=\u00a0\u00bbdefault\u00a0\u00bb tablet_text_alignment=\u00a0\u00bbdefault\u00a0\u00bb phone_text_alignment=\u00a0\u00bbdefault\u00a0\u00bb column_border_width=\u00a0\u00bbnone\u00a0\u00bb column_border_style=\u00a0\u00bbsolid\u00a0\u00bb bg_image_animation=\u00a0\u00bbnone\u00a0\u00bb][vc_column_text]<b>Merci \u00e0 nos partenaires : <a href=\"https:\/\/circuit-caen.fr\/\" target=\"_blank\" rel=\"noopener\"><strong>Circuit de Caen<\/strong><\/a><\/b> pour la mise \u00e0 disposition du circuit,<strong>\u00a0<\/strong><a href=\"https:\/\/btsi.fr\/\" target=\"_blank\" rel=\"noopener\"><strong>BTSI<\/strong><\/a> pour les troph\u00e9es et <strong><a href=\"https:\/\/www.printngo.fr\/\" target=\"_blank\" rel=\"noopener\">Print&rsquo;n go<\/a><\/strong> pour les impressions.<\/p>\n<p>Cr\u00e9dits photo : <strong>Quentin Jockum<\/strong><\/p>\n<p>Cr\u00e9dits vid\u00e9o : <a href=\"https:\/\/www.fenoprod.com\/\" target=\"_blank\" rel=\"noopener\"><strong>Fenoprod<\/strong><\/a>[\/vc_column_text][\/vc_column][\/vc_row]\n","protected":false},"excerpt":{"rendered":"<p>Retour en images sur la 5\u00e8me \u00e9dition du Rosalie Trophy qui s&rsquo;est d\u00e9roul\u00e9e le mercredi 2 juillet au Circuit de Caen.<\/p>\n","protected":false},"author":22,"featured_media":15240,"comment_status":"closed","ping_status":"closed","sticky":false,"template":"","format":"standard","meta":{"footnotes":""},"categories":[1,178],"tags":[],"class_list":{"0":"post-15237","1":"post","2":"type-post","3":"status-publish","4":"format-standard","5":"has-post-thumbnail","7":"category-actualites","8":"category-team-building"},"yoast_head":"<!-- This site is optimized with the Yoast SEO plugin v27.0 - https:\/\/yoast.com\/product\/yoast-seo-wordpress\/ -->\n<title>Retour en images sur le Rosalie Trophy 2024 - Exaequo<\/title>\n<meta name=\"description\" content=\"D\u00e9couvrez l&#039;aftermovie et les images du challenge Rosalie Trophy, organis\u00e9 le 2 juillet 2024 au circuit de Caen.\" \/>\n<meta name=\"robots\" content=\"index, follow, max-snippet:-1, max-image-preview:large, max-video-preview:-1\" \/>\n<link rel=\"canonical\" href=\"https:\/\/exaequo-communication.fr\/index.php\/2024\/07\/03\/images-rosalie-trophy-2024\/\" \/>\n<meta property=\"og:locale\" content=\"fr_FR\" \/>\n<meta property=\"og:type\" content=\"article\" \/>\n<meta property=\"og:title\" content=\"Retour en images sur la 5\u00e8me \u00e9dition du Rosalie Trophy\" \/>\n<meta property=\"og:description\" content=\"D\u00e9couvrez l&#039;aftermovie et les images du challenge Rosalie Trophy, organis\u00e9 le 2 juillet 2024 au Circuit de Caen.\" \/>\n<meta property=\"og:url\" content=\"https:\/\/exaequo-communication.fr\/index.php\/2024\/07\/03\/images-rosalie-trophy-2024\/\" \/>\n<meta property=\"og:site_name\" content=\"Exaequo communication\" \/>\n<meta property=\"article:published_time\" content=\"2024-07-03T16:00:55+00:00\" \/>\n<meta property=\"article:modified_time\" content=\"2024-07-09T13:17:03+00:00\" \/>\n<meta property=\"og:image\" content=\"https:\/\/exaequo-communication.fr\/wp-content\/uploads\/2024\/07\/21-DSC09489-scaled.jpg\" \/>\n\t<meta property=\"og:image:width\" content=\"1536\" \/>\n\t<meta property=\"og:image:height\" content=\"1024\" \/>\n\t<meta property=\"og:image:type\" content=\"image\/jpeg\" \/>\n<meta name=\"author\" content=\"Noah\" \/>\n<meta name=\"twitter:card\" content=\"summary_large_image\" \/>\n<meta name=\"twitter:title\" content=\"Retour en images sur la 3\u00e8me \u00e9dition du Rosalie Trophy\" \/>\n<meta name=\"twitter:description\" content=\"D\u00e9couvrez l&#039;aftermovie et les images du challenge Rosalie Trophy, organis\u00e9 le 6 juillet 2022 \u00e0 la Halle d&#039;Ornano.\" \/>\n<meta name=\"twitter:image\" content=\"https:\/\/exaequo-communication.fr\/wp-content\/uploads\/2021\/09\/Aftermovie-Rosalie-Trophy.png\" \/>\n<meta name=\"twitter:label1\" content=\"\u00c9crit par\" \/>\n\t<meta name=\"twitter:data1\" content=\"Noah\" \/>\n\t<meta name=\"twitter:label2\" content=\"Dur\u00e9e de lecture estim\u00e9e\" \/>\n\t<meta name=\"twitter:data2\" content=\"2 minutes\" \/>\n<script type=\"application\/ld+json\" class=\"yoast-schema-graph\">{\"@context\":\"https:\/\/schema.org\",\"@graph\":[{\"@type\":\"Article\",\"@id\":\"https:\/\/exaequo-communication.fr\/index.php\/2024\/07\/03\/images-rosalie-trophy-2024\/#article\",\"isPartOf\":{\"@id\":\"https:\/\/exaequo-communication.fr\/index.php\/2024\/07\/03\/images-rosalie-trophy-2024\/\"},\"author\":{\"name\":\"Noah\",\"@id\":\"https:\/\/exaequo-communication.fr\/#\/schema\/person\/c28633f3a7c202e5c427512376a2e7ca\"},\"headline\":\"Retour en images sur le Rosalie Trophy 2024\",\"datePublished\":\"2024-07-03T16:00:55+00:00\",\"dateModified\":\"2024-07-09T13:17:03+00:00\",\"mainEntityOfPage\":{\"@id\":\"https:\/\/exaequo-communication.fr\/index.php\/2024\/07\/03\/images-rosalie-trophy-2024\/\"},\"wordCount\":736,\"image\":{\"@id\":\"https:\/\/exaequo-communication.fr\/index.php\/2024\/07\/03\/images-rosalie-trophy-2024\/#primaryimage\"},\"thumbnailUrl\":\"https:\/\/exaequo-communication.fr\/wp-content\/uploads\/2024\/07\/21-DSC09489-scaled.jpg\",\"articleSection\":[\"Actualit\u00e9s\",\"Team Building\"],\"inLanguage\":\"fr-FR\"},{\"@type\":\"WebPage\",\"@id\":\"https:\/\/exaequo-communication.fr\/index.php\/2024\/07\/03\/images-rosalie-trophy-2024\/\",\"url\":\"https:\/\/exaequo-communication.fr\/index.php\/2024\/07\/03\/images-rosalie-trophy-2024\/\",\"name\":\"Retour en images sur le Rosalie Trophy 2024 - Exaequo\",\"isPartOf\":{\"@id\":\"https:\/\/exaequo-communication.fr\/#website\"},\"primaryImageOfPage\":{\"@id\":\"https:\/\/exaequo-communication.fr\/index.php\/2024\/07\/03\/images-rosalie-trophy-2024\/#primaryimage\"},\"image\":{\"@id\":\"https:\/\/exaequo-communication.fr\/index.php\/2024\/07\/03\/images-rosalie-trophy-2024\/#primaryimage\"},\"thumbnailUrl\":\"https:\/\/exaequo-communication.fr\/wp-content\/uploads\/2024\/07\/21-DSC09489-scaled.jpg\",\"datePublished\":\"2024-07-03T16:00:55+00:00\",\"dateModified\":\"2024-07-09T13:17:03+00:00\",\"author\":{\"@id\":\"https:\/\/exaequo-communication.fr\/#\/schema\/person\/c28633f3a7c202e5c427512376a2e7ca\"},\"description\":\"D\u00e9couvrez l'aftermovie et les images du challenge Rosalie Trophy, organis\u00e9 le 2 juillet 2024 au circuit de Caen.\",\"breadcrumb\":{\"@id\":\"https:\/\/exaequo-communication.fr\/index.php\/2024\/07\/03\/images-rosalie-trophy-2024\/#breadcrumb\"},\"inLanguage\":\"fr-FR\",\"potentialAction\":[{\"@type\":\"ReadAction\",\"target\":[\"https:\/\/exaequo-communication.fr\/index.php\/2024\/07\/03\/images-rosalie-trophy-2024\/\"]}]},{\"@type\":\"ImageObject\",\"inLanguage\":\"fr-FR\",\"@id\":\"https:\/\/exaequo-communication.fr\/index.php\/2024\/07\/03\/images-rosalie-trophy-2024\/#primaryimage\",\"url\":\"https:\/\/exaequo-communication.fr\/wp-content\/uploads\/2024\/07\/21-DSC09489-scaled.jpg\",\"contentUrl\":\"https:\/\/exaequo-communication.fr\/wp-content\/uploads\/2024\/07\/21-DSC09489-scaled.jpg\",\"width\":1536,\"height\":1024,\"caption\":\"Rosalie Trophy 2024\"},{\"@type\":\"BreadcrumbList\",\"@id\":\"https:\/\/exaequo-communication.fr\/index.php\/2024\/07\/03\/images-rosalie-trophy-2024\/#breadcrumb\",\"itemListElement\":[{\"@type\":\"ListItem\",\"position\":1,\"name\":\"Accueil\",\"item\":\"https:\/\/exaequo-communication.fr\/\"},{\"@type\":\"ListItem\",\"position\":2,\"name\":\"Retour en images sur le Rosalie Trophy 2024\"}]},{\"@type\":\"WebSite\",\"@id\":\"https:\/\/exaequo-communication.fr\/#website\",\"url\":\"https:\/\/exaequo-communication.fr\/\",\"name\":\"Exaequo communication\",\"description\":\"\",\"potentialAction\":[{\"@type\":\"SearchAction\",\"target\":{\"@type\":\"EntryPoint\",\"urlTemplate\":\"https:\/\/exaequo-communication.fr\/?s={search_term_string}\"},\"query-input\":{\"@type\":\"PropertyValueSpecification\",\"valueRequired\":true,\"valueName\":\"search_term_string\"}}],\"inLanguage\":\"fr-FR\"},{\"@type\":\"Person\",\"@id\":\"https:\/\/exaequo-communication.fr\/#\/schema\/person\/c28633f3a7c202e5c427512376a2e7ca\",\"name\":\"Noah\",\"image\":{\"@type\":\"ImageObject\",\"inLanguage\":\"fr-FR\",\"@id\":\"https:\/\/exaequo-communication.fr\/#\/schema\/person\/image\/\",\"url\":\"https:\/\/secure.gravatar.com\/avatar\/70d12748ddaeba8bad327e70a86dffe52c00c33c30dcf0e3cfee09d9e7293b61?s=96&d=mm&r=g\",\"contentUrl\":\"https:\/\/secure.gravatar.com\/avatar\/70d12748ddaeba8bad327e70a86dffe52c00c33c30dcf0e3cfee09d9e7293b61?s=96&d=mm&r=g\",\"caption\":\"Noah\"},\"url\":\"https:\/\/exaequo-communication.fr\/index.php\/author\/noah\/\"}]}<\/script>\n<!-- \/ Yoast SEO plugin. -->","yoast_head_json":{"title":"Retour en images sur le Rosalie Trophy 2024 - Exaequo","description":"D\u00e9couvrez l'aftermovie et les images du challenge Rosalie Trophy, organis\u00e9 le 2 juillet 2024 au circuit de Caen.","robots":{"index":"index","follow":"follow","max-snippet":"max-snippet:-1","max-image-preview":"max-image-preview:large","max-video-preview":"max-video-preview:-1"},"canonical":"https:\/\/exaequo-communication.fr\/index.php\/2024\/07\/03\/images-rosalie-trophy-2024\/","og_locale":"fr_FR","og_type":"article","og_title":"Retour en images sur la 5\u00e8me \u00e9dition du Rosalie Trophy","og_description":"D\u00e9couvrez l'aftermovie et les images du challenge Rosalie Trophy, organis\u00e9 le 2 juillet 2024 au Circuit de Caen.","og_url":"https:\/\/exaequo-communication.fr\/index.php\/2024\/07\/03\/images-rosalie-trophy-2024\/","og_site_name":"Exaequo communication","article_published_time":"2024-07-03T16:00:55+00:00","article_modified_time":"2024-07-09T13:17:03+00:00","og_image":[{"width":1536,"height":1024,"url":"https:\/\/exaequo-communication.fr\/wp-content\/uploads\/2024\/07\/21-DSC09489-scaled.jpg","type":"image\/jpeg"}],"author":"Noah","twitter_card":"summary_large_image","twitter_title":"Retour en images sur la 3\u00e8me \u00e9dition du Rosalie Trophy","twitter_description":"D\u00e9couvrez l'aftermovie et les images du challenge Rosalie Trophy, organis\u00e9 le 6 juillet 2022 \u00e0 la Halle d'Ornano.","twitter_image":"https:\/\/exaequo-communication.fr\/wp-content\/uploads\/2021\/09\/Aftermovie-Rosalie-Trophy.png","twitter_misc":{"\u00c9crit par":"Noah","Dur\u00e9e de lecture estim\u00e9e":"2 minutes"},"schema":{"@context":"https:\/\/schema.org","@graph":[{"@type":"Article","@id":"https:\/\/exaequo-communication.fr\/index.php\/2024\/07\/03\/images-rosalie-trophy-2024\/#article","isPartOf":{"@id":"https:\/\/exaequo-communication.fr\/index.php\/2024\/07\/03\/images-rosalie-trophy-2024\/"},"author":{"name":"Noah","@id":"https:\/\/exaequo-communication.fr\/#\/schema\/person\/c28633f3a7c202e5c427512376a2e7ca"},"headline":"Retour en images sur le Rosalie Trophy 2024","datePublished":"2024-07-03T16:00:55+00:00","dateModified":"2024-07-09T13:17:03+00:00","mainEntityOfPage":{"@id":"https:\/\/exaequo-communication.fr\/index.php\/2024\/07\/03\/images-rosalie-trophy-2024\/"},"wordCount":736,"image":{"@id":"https:\/\/exaequo-communication.fr\/index.php\/2024\/07\/03\/images-rosalie-trophy-2024\/#primaryimage"},"thumbnailUrl":"https:\/\/exaequo-communication.fr\/wp-content\/uploads\/2024\/07\/21-DSC09489-scaled.jpg","articleSection":["Actualit\u00e9s","Team Building"],"inLanguage":"fr-FR"},{"@type":"WebPage","@id":"https:\/\/exaequo-communication.fr\/index.php\/2024\/07\/03\/images-rosalie-trophy-2024\/","url":"https:\/\/exaequo-communication.fr\/index.php\/2024\/07\/03\/images-rosalie-trophy-2024\/","name":"Retour en images sur le Rosalie Trophy 2024 - Exaequo","isPartOf":{"@id":"https:\/\/exaequo-communication.fr\/#website"},"primaryImageOfPage":{"@id":"https:\/\/exaequo-communication.fr\/index.php\/2024\/07\/03\/images-rosalie-trophy-2024\/#primaryimage"},"image":{"@id":"https:\/\/exaequo-communication.fr\/index.php\/2024\/07\/03\/images-rosalie-trophy-2024\/#primaryimage"},"thumbnailUrl":"https:\/\/exaequo-communication.fr\/wp-content\/uploads\/2024\/07\/21-DSC09489-scaled.jpg","datePublished":"2024-07-03T16:00:55+00:00","dateModified":"2024-07-09T13:17:03+00:00","author":{"@id":"https:\/\/exaequo-communication.fr\/#\/schema\/person\/c28633f3a7c202e5c427512376a2e7ca"},"description":"D\u00e9couvrez l'aftermovie et les images du challenge Rosalie Trophy, organis\u00e9 le 2 juillet 2024 au circuit de Caen.","breadcrumb":{"@id":"https:\/\/exaequo-communication.fr\/index.php\/2024\/07\/03\/images-rosalie-trophy-2024\/#breadcrumb"},"inLanguage":"fr-FR","potentialAction":[{"@type":"ReadAction","target":["https:\/\/exaequo-communication.fr\/index.php\/2024\/07\/03\/images-rosalie-trophy-2024\/"]}]},{"@type":"ImageObject","inLanguage":"fr-FR","@id":"https:\/\/exaequo-communication.fr\/index.php\/2024\/07\/03\/images-rosalie-trophy-2024\/#primaryimage","url":"https:\/\/exaequo-communication.fr\/wp-content\/uploads\/2024\/07\/21-DSC09489-scaled.jpg","contentUrl":"https:\/\/exaequo-communication.fr\/wp-content\/uploads\/2024\/07\/21-DSC09489-scaled.jpg","width":1536,"height":1024,"caption":"Rosalie Trophy 2024"},{"@type":"BreadcrumbList","@id":"https:\/\/exaequo-communication.fr\/index.php\/2024\/07\/03\/images-rosalie-trophy-2024\/#breadcrumb","itemListElement":[{"@type":"ListItem","position":1,"name":"Accueil","item":"https:\/\/exaequo-communication.fr\/"},{"@type":"ListItem","position":2,"name":"Retour en images sur le Rosalie Trophy 2024"}]},{"@type":"WebSite","@id":"https:\/\/exaequo-communication.fr\/#website","url":"https:\/\/exaequo-communication.fr\/","name":"Exaequo communication","description":"","potentialAction":[{"@type":"SearchAction","target":{"@type":"EntryPoint","urlTemplate":"https:\/\/exaequo-communication.fr\/?s={search_term_string}"},"query-input":{"@type":"PropertyValueSpecification","valueRequired":true,"valueName":"search_term_string"}}],"inLanguage":"fr-FR"},{"@type":"Person","@id":"https:\/\/exaequo-communication.fr\/#\/schema\/person\/c28633f3a7c202e5c427512376a2e7ca","name":"Noah","image":{"@type":"ImageObject","inLanguage":"fr-FR","@id":"https:\/\/exaequo-communication.fr\/#\/schema\/person\/image\/","url":"https:\/\/secure.gravatar.com\/avatar\/70d12748ddaeba8bad327e70a86dffe52c00c33c30dcf0e3cfee09d9e7293b61?s=96&d=mm&r=g","contentUrl":"https:\/\/secure.gravatar.com\/avatar\/70d12748ddaeba8bad327e70a86dffe52c00c33c30dcf0e3cfee09d9e7293b61?s=96&d=mm&r=g","caption":"Noah"},"url":"https:\/\/exaequo-communication.fr\/index.php\/author\/noah\/"}]}},"_links":{"self":[{"href":"https:\/\/exaequo-communication.fr\/index.php\/wp-json\/wp\/v2\/posts\/15237","targetHints":{"allow":["GET"]}}],"collection":[{"href":"https:\/\/exaequo-communication.fr\/index.php\/wp-json\/wp\/v2\/posts"}],"about":[{"href":"https:\/\/exaequo-communication.fr\/index.php\/wp-json\/wp\/v2\/types\/post"}],"author":[{"embeddable":true,"href":"https:\/\/exaequo-communication.fr\/index.php\/wp-json\/wp\/v2\/users\/22"}],"replies":[{"embeddable":true,"href":"https:\/\/exaequo-communication.fr\/index.php\/wp-json\/wp\/v2\/comments?post=15237"}],"version-history":[{"count":4,"href":"https:\/\/exaequo-communication.fr\/index.php\/wp-json\/wp\/v2\/posts\/15237\/revisions"}],"predecessor-version":[{"id":15251,"href":"https:\/\/exaequo-communication.fr\/index.php\/wp-json\/wp\/v2\/posts\/15237\/revisions\/15251"}],"wp:featuredmedia":[{"embeddable":true,"href":"https:\/\/exaequo-communication.fr\/index.php\/wp-json\/wp\/v2\/media\/15240"}],"wp:attachment":[{"href":"https:\/\/exaequo-communication.fr\/index.php\/wp-json\/wp\/v2\/media?parent=15237"}],"wp:term":[{"taxonomy":"category","embeddable":true,"href":"https:\/\/exaequo-communication.fr\/index.php\/wp-json\/wp\/v2\/categories?post=15237"},{"taxonomy":"post_tag","embeddable":true,"href":"https:\/\/exaequo-communication.fr\/index.php\/wp-json\/wp\/v2\/tags?post=15237"}],"curies":[{"name":"wp","href":"https:\/\/api.w.org\/{rel}","templated":true}]}}