{"id":15188,"date":"2024-07-08T14:39:52","date_gmt":"2024-07-08T12:39:52","guid":{"rendered":"https:\/\/exaequo-communication.fr\/?p=15188"},"modified":"2024-07-08T14:39:52","modified_gmt":"2024-07-08T12:39:52","slug":"retour-norway-fjord-trail-2024","status":"publish","type":"post","link":"https:\/\/exaequo-communication.fr\/index.php\/2024\/07\/08\/retour-norway-fjord-trail-2024\/","title":{"rendered":"Retour sur la 5\u00e8me \u00e9dition du Norway Fjord Trail"},"content":{"rendered":"[vc_row type=\u00a0\u00bbin_container\u00a0\u00bb full_screen_row_position=\u00a0\u00bbmiddle\u00a0\u00bb column_margin=\u00a0\u00bbdefault\u00a0\u00bb column_direction=\u00a0\u00bbdefault\u00a0\u00bb column_direction_tablet=\u00a0\u00bbdefault\u00a0\u00bb column_direction_phone=\u00a0\u00bbdefault\u00a0\u00bb scene_position=\u00a0\u00bbcenter\u00a0\u00bb top_padding=\u00a0\u00bb10&Prime; text_color=\u00a0\u00bbdark\u00a0\u00bb text_align=\u00a0\u00bbleft\u00a0\u00bb row_border_radius=\u00a0\u00bbnone\u00a0\u00bb row_border_radius_applies=\u00a0\u00bbbg\u00a0\u00bb overlay_strength=\u00a0\u00bb0.3&Prime; gradient_direction=\u00a0\u00bbleft_to_right\u00a0\u00bb shape_divider_position=\u00a0\u00bbbottom\u00a0\u00bb bg_image_animation=\u00a0\u00bbnone\u00a0\u00bb shape_type=\u00a0\u00bb\u00a0\u00bb][vc_column column_padding=\u00a0\u00bbno-extra-padding\u00a0\u00bb column_padding_tablet=\u00a0\u00bbinherit\u00a0\u00bb column_padding_phone=\u00a0\u00bbinherit\u00a0\u00bb column_padding_position=\u00a0\u00bball\u00a0\u00bb background_color_opacity=\u00a0\u00bb1&Prime; background_hover_color_opacity=\u00a0\u00bb1&Prime; column_shadow=\u00a0\u00bbnone\u00a0\u00bb column_border_radius=\u00a0\u00bbnone\u00a0\u00bb column_link_target=\u00a0\u00bb_self\u00a0\u00bb gradient_direction=\u00a0\u00bbleft_to_right\u00a0\u00bb overlay_strength=\u00a0\u00bb0.3&Prime; width=\u00a0\u00bb1\/2&Prime; tablet_width_inherit=\u00a0\u00bbdefault\u00a0\u00bb tablet_text_alignment=\u00a0\u00bbdefault\u00a0\u00bb phone_text_alignment=\u00a0\u00bbdefault\u00a0\u00bb column_border_width=\u00a0\u00bbnone\u00a0\u00bb column_border_style=\u00a0\u00bbsolid\u00a0\u00bb bg_image_animation=\u00a0\u00bbnone\u00a0\u00bb][vc_gallery type=\u00a0\u00bbflexslider_style\u00a0\u00bb images=\u00a0\u00bb15189,15190,15191,15192,15193,15194,15195,15196,15197,15198&Prime; onclick=\u00a0\u00bblink_no\u00a0\u00bb hover_anim=\u00a0\u00bbfade-out\u00a0\u00bb][\/vc_column][vc_column column_padding=\u00a0\u00bbno-extra-padding\u00a0\u00bb column_padding_tablet=\u00a0\u00bbinherit\u00a0\u00bb column_padding_phone=\u00a0\u00bbinherit\u00a0\u00bb column_padding_position=\u00a0\u00bball\u00a0\u00bb background_color_opacity=\u00a0\u00bb1&Prime; background_hover_color_opacity=\u00a0\u00bb1&Prime; column_shadow=\u00a0\u00bbnone\u00a0\u00bb column_border_radius=\u00a0\u00bbnone\u00a0\u00bb column_link_target=\u00a0\u00bb_self\u00a0\u00bb gradient_direction=\u00a0\u00bbleft_to_right\u00a0\u00bb overlay_strength=\u00a0\u00bb0.3&Prime; width=\u00a0\u00bb1\/2&Prime; tablet_width_inherit=\u00a0\u00bbdefault\u00a0\u00bb tablet_text_alignment=\u00a0\u00bbdefault\u00a0\u00bb phone_text_alignment=\u00a0\u00bbdefault\u00a0\u00bb column_border_width=\u00a0\u00bbnone\u00a0\u00bb column_border_style=\u00a0\u00bbsolid\u00a0\u00bb bg_image_animation=\u00a0\u00bbnone\u00a0\u00bb][split_line_heading animation_type=\u00a0\u00bbdefault\u00a0\u00bb]\n<h3>5\u00e8me \u00e9dition du Norway Fjord Trail<\/h3>\n<p>Du 29 juin au 5 juillet, 47 trailers ont pris la direction du grand nord avec Exaequo Voyages pour le<strong> <a href=\"http:\/\/exaequovoyages.com\/norway-fjord-trail\/\" target=\"_blank\" rel=\"noopener\">Norway Fjord Trail<\/a><\/strong> ! Une escapade en Norv\u00e8ge avec, une semaine de trail entre fjords, montagnes et d\u00e9couverte de la culture Norv\u00e9gienne aux coutumes scandinaves bien affirm\u00e9es.[\/split_line_heading][\/vc_column][\/vc_row][vc_row type=\u00a0\u00bbin_container\u00a0\u00bb full_screen_row_position=\u00a0\u00bbmiddle\u00a0\u00bb column_margin=\u00a0\u00bbdefault\u00a0\u00bb column_direction=\u00a0\u00bbdefault\u00a0\u00bb column_direction_tablet=\u00a0\u00bbdefault\u00a0\u00bb column_direction_phone=\u00a0\u00bbdefault\u00a0\u00bb scene_position=\u00a0\u00bbcenter\u00a0\u00bb text_color=\u00a0\u00bbdark\u00a0\u00bb text_align=\u00a0\u00bbleft\u00a0\u00bb row_border_radius=\u00a0\u00bbnone\u00a0\u00bb row_border_radius_applies=\u00a0\u00bbbg\u00a0\u00bb overlay_strength=\u00a0\u00bb0.3&Prime; gradient_direction=\u00a0\u00bbleft_to_right\u00a0\u00bb shape_divider_position=\u00a0\u00bbbottom\u00a0\u00bb bg_image_animation=\u00a0\u00bbnone\u00a0\u00bb][vc_column column_padding=\u00a0\u00bbno-extra-padding\u00a0\u00bb column_padding_tablet=\u00a0\u00bbinherit\u00a0\u00bb column_padding_phone=\u00a0\u00bbinherit\u00a0\u00bb column_padding_position=\u00a0\u00bball\u00a0\u00bb background_color_opacity=\u00a0\u00bb1&Prime; background_hover_color_opacity=\u00a0\u00bb1&Prime; column_shadow=\u00a0\u00bbnone\u00a0\u00bb column_border_radius=\u00a0\u00bbnone\u00a0\u00bb column_link_target=\u00a0\u00bb_self\u00a0\u00bb gradient_direction=\u00a0\u00bbleft_to_right\u00a0\u00bb overlay_strength=\u00a0\u00bb0.3&Prime; width=\u00a0\u00bb1\/1&Prime; tablet_width_inherit=\u00a0\u00bbdefault\u00a0\u00bb tablet_text_alignment=\u00a0\u00bbdefault\u00a0\u00bb phone_text_alignment=\u00a0\u00bbdefault\u00a0\u00bb column_border_width=\u00a0\u00bbnone\u00a0\u00bb column_border_style=\u00a0\u00bbsolid\u00a0\u00bb bg_image_animation=\u00a0\u00bbnone\u00a0\u00bb][vc_column_text]Fra\u00eechement d\u00e9barqu\u00e9s \u00e0 Bergen, nos trailers ont eu droit \u00e0 une petite mise en jambes pour la premi\u00e8re \u00e9tape du s\u00e9jour. L\u2019ascension de l\u2019une des sept collines de la ville et le fameux\u00a0Stoltzekleiven opp (une mont\u00e9e de 700m avec 350m de d+) les attendait. Une fois au sommet, la vue incroyable sur la baie de Bergen impressionne. Peu de repos pour le groupe qui repart d\u00e9j\u00e0 en direction de Myrdal, en montant \u00e0 bord du train, v\u00e9ritable trait d\u2019union entre la ville et la nature norv\u00e9gienne. En d\u00e9but d&rsquo;apr\u00e8s-midi, le groupe est parti en balade pour d\u00e9couvrir Myrdal et ses alentours.<\/p>\n<p>Le matin suivant, c\u2019est une \u00e9tape au d\u00e9nivel\u00e9 100% n\u00e9gatif qui a fait travailler les quadri des runners ! Un parcours empruntant un chemin qui serpentait dans une large vall\u00e9e, suivant la trace du torrent jusqu\u2019au fjord. Les nombreuses chutes d\u2019eau qui jalonnaient le parcours, donnaient un suppl\u00e9ment de grandeur au paysage. L\u2019apr\u00e8s-midi, les participants se sont octroy\u00e9s un repos bien m\u00e9rit\u00e9 \u00e0 l\u2019occasion d\u2019une croisi\u00e8re \u00e0 travers le plus beau Fjord de Norv\u00e8ge, le\u00a0N\u00e6r\u00f8yfjord.<\/p>\n<p>La troisi\u00e8me \u00e9tape proposait une trace aussi magique que technique sur le c\u00e9l\u00e8bre Aurlandsdalen, surnomm\u00e9 le Grand Canyon norv\u00e9gien. Paradis de nature et de trail, cette \u00e9tape est \u00e0 vivre plut\u00f4t qu\u2019\u00e0 raconter. La vue sur le plateau du Hardengervidda, une immensit\u00e9 majestueuse, laisse sans voix l\u2019ensemble du groupe.<br \/>\nUn peu plus tard, c\u2019est dans des Hyttes, petites cabanes traditionnelles, que nos guerriers se reposent.<\/p>\n<p>Le lendemain, nos participants s\u2019\u00e9lancent sur une \u00e9tape typiquement Norv\u00e9gienne d\u00fb \u00e0 une mont\u00e9e dure et une descente longuet. \u00a0La vue est incroyable sur le plateau du Hardangervidda. Le plateau est sec mais quelques lacs jalonnent le chemin, de quoi tremper les jambes. L\u2019arriv\u00e9e aux chutes de Voringfossen a rapidement fait oublier les efforts. Cette chute de 130m est grandiose. En soir\u00e9e, toute l\u2019\u00e9quipe s\u2019est r\u00e9unie pour la c\u00e9r\u00e9monie des r\u00e9compenses. Vue sur le fjord, un barbecue, des hot-dogs et beaucoup de sourires.<\/p>\n<p>La derni\u00e8re \u00e9tape, annonce la couleur, avec un r\u00e9veil au lev\u00e9 du soleil \u00e0 4h30. Mais rien n&rsquo;arr\u00eate nos runners, qui prennent le d\u00e9part pour l\u2019ascension de la langue du troll, plus commun\u00e9ment appel\u00e9 par les norv\u00e9giens Trolltunga. Ces 28km offraient un finish en beaut\u00e9 \u00e0 nos trailers, \u00e9bahis devant le spectacle. Le rocher de la \u00ab\u00a0langue de troll\u00a0\u00bb s\u2019\u00e9tendait au-dessus du vide, un endroit unique au monde !<\/p>\n<p><b>Un s\u00e9jour, une v\u00e9ritable plong\u00e9e dans la Norv\u00e8ge des fjords. Un voyage dense, sans filtre \u00e0 la d\u00e9couverte d&rsquo;un pays, d&rsquo;une culture et de chemins magnifiques. Une exp\u00e9rience unique partag\u00e9e avec des participants joviales et chaleureux. Que demander de mieux ?<\/b><\/p>\n<p style=\"text-align: center;\">. . . . .<\/p>\n<p>D\u00e9couvrez l&rsquo;int\u00e9gralit\u00e9 du voyage et toutes les photos du s\u00e9jour sur notre site internet <strong><a href=\"https:\/\/exaequovoyages.com\/\" target=\"_blank\" rel=\"noopener\">Exaequo Voyages<\/a><\/strong> ou sur notre page <strong><a href=\"https:\/\/www.facebook.com\/exaequovoyages\/\" target=\"_blank\" rel=\"noopener\">Facebook<\/a><\/strong>.[\/vc_column_text][\/vc_column][\/vc_row]\n","protected":false},"excerpt":{"rendered":"<p>Direction le grand nord avec Exaequo Voyages !<\/p>\n","protected":false},"author":22,"featured_media":15189,"comment_status":"closed","ping_status":"closed","sticky":false,"template":"","format":"standard","meta":{"footnotes":""},"categories":[1],"tags":[],"class_list":{"0":"post-15188","1":"post","2":"type-post","3":"status-publish","4":"format-standard","5":"has-post-thumbnail","7":"category-actualites"},"yoast_head":"<!-- This site is optimized with the Yoast SEO plugin v27.0 - https:\/\/yoast.com\/product\/yoast-seo-wordpress\/ -->\n<title>Retour sur la 5\u00e8me \u00e9dition du Norway Fjord Trail<\/title>\n<meta name=\"description\" content=\"Du 29 juin au 5 juillet, 47 trailers ont pris la direction du grand nord avec Exaequo Voyages pour le Norway Fjord Trail.\" \/>\n<meta name=\"robots\" content=\"index, follow, max-snippet:-1, max-image-preview:large, max-video-preview:-1\" \/>\n<link rel=\"canonical\" href=\"https:\/\/exaequo-communication.fr\/index.php\/2024\/07\/08\/retour-norway-fjord-trail-2024\/\" \/>\n<meta property=\"og:locale\" content=\"fr_FR\" \/>\n<meta property=\"og:type\" content=\"article\" \/>\n<meta property=\"og:title\" content=\"Retour sur la 5\u00e8me \u00e9dition du Norway Fjord Trail\" \/>\n<meta property=\"og:description\" content=\"Du 29 juin au 5 juillet, 47 trailers ont pris la direction du grand nord avec Exaequo Voyages pour le Norway Fjord Trail.\" \/>\n<meta property=\"og:url\" content=\"https:\/\/exaequo-communication.fr\/index.php\/2024\/07\/08\/retour-norway-fjord-trail-2024\/\" \/>\n<meta property=\"og:site_name\" content=\"Exaequo communication\" \/>\n<meta property=\"article:published_time\" content=\"2024-07-08T12:39:52+00:00\" \/>\n<meta property=\"og:image\" content=\"https:\/\/exaequo-communication.fr\/wp-content\/uploads\/2022\/07\/WhatsApp-Image-2022-07-06-at-12.13.30-1.jpeg\" \/>\n\t<meta property=\"og:image:width\" content=\"1365\" \/>\n\t<meta property=\"og:image:height\" content=\"1024\" \/>\n\t<meta property=\"og:image:type\" content=\"image\/jpeg\" \/>\n<meta name=\"author\" content=\"Noah\" \/>\n<meta name=\"twitter:card\" content=\"summary_large_image\" \/>\n<meta name=\"twitter:description\" content=\"Du 3 au 9 juillet, 26 trailers ont pris la direction du grand nord avec Exaequo Voyages pour le Norway Fjord Trail.\" \/>\n<meta name=\"twitter:image\" content=\"https:\/\/exaequo-communication.fr\/wp-content\/uploads\/2022\/07\/WhatsApp-Image-2022-07-06-at-12.13.30-1.jpeg\" \/>\n<meta name=\"twitter:label1\" content=\"\u00c9crit par\" \/>\n\t<meta name=\"twitter:data1\" content=\"Noah\" \/>\n\t<meta name=\"twitter:label2\" content=\"Dur\u00e9e de lecture estim\u00e9e\" \/>\n\t<meta name=\"twitter:data2\" content=\"6 minutes\" \/>\n<script type=\"application\/ld+json\" class=\"yoast-schema-graph\">{\"@context\":\"https:\/\/schema.org\",\"@graph\":[{\"@type\":\"Article\",\"@id\":\"https:\/\/exaequo-communication.fr\/index.php\/2024\/07\/08\/retour-norway-fjord-trail-2024\/#article\",\"isPartOf\":{\"@id\":\"https:\/\/exaequo-communication.fr\/index.php\/2024\/07\/08\/retour-norway-fjord-trail-2024\/\"},\"author\":{\"name\":\"Noah\",\"@id\":\"https:\/\/exaequo-communication.fr\/#\/schema\/person\/c28633f3a7c202e5c427512376a2e7ca\"},\"headline\":\"Retour sur la 5\u00e8me \u00e9dition du Norway Fjord Trail\",\"datePublished\":\"2024-07-08T12:39:52+00:00\",\"mainEntityOfPage\":{\"@id\":\"https:\/\/exaequo-communication.fr\/index.php\/2024\/07\/08\/retour-norway-fjord-trail-2024\/\"},\"wordCount\":935,\"image\":{\"@id\":\"https:\/\/exaequo-communication.fr\/index.php\/2024\/07\/08\/retour-norway-fjord-trail-2024\/#primaryimage\"},\"thumbnailUrl\":\"https:\/\/exaequo-communication.fr\/wp-content\/uploads\/2024\/07\/449924724_996915449067986_8264520056192276865_n.jpg\",\"articleSection\":[\"Actualit\u00e9s\"],\"inLanguage\":\"fr-FR\"},{\"@type\":\"WebPage\",\"@id\":\"https:\/\/exaequo-communication.fr\/index.php\/2024\/07\/08\/retour-norway-fjord-trail-2024\/\",\"url\":\"https:\/\/exaequo-communication.fr\/index.php\/2024\/07\/08\/retour-norway-fjord-trail-2024\/\",\"name\":\"Retour sur la 5\u00e8me \u00e9dition du Norway Fjord Trail\",\"isPartOf\":{\"@id\":\"https:\/\/exaequo-communication.fr\/#website\"},\"primaryImageOfPage\":{\"@id\":\"https:\/\/exaequo-communication.fr\/index.php\/2024\/07\/08\/retour-norway-fjord-trail-2024\/#primaryimage\"},\"image\":{\"@id\":\"https:\/\/exaequo-communication.fr\/index.php\/2024\/07\/08\/retour-norway-fjord-trail-2024\/#primaryimage\"},\"thumbnailUrl\":\"https:\/\/exaequo-communication.fr\/wp-content\/uploads\/2024\/07\/449924724_996915449067986_8264520056192276865_n.jpg\",\"datePublished\":\"2024-07-08T12:39:52+00:00\",\"author\":{\"@id\":\"https:\/\/exaequo-communication.fr\/#\/schema\/person\/c28633f3a7c202e5c427512376a2e7ca\"},\"description\":\"Du 29 juin au 5 juillet, 47 trailers ont pris la direction du grand nord avec Exaequo Voyages pour le Norway Fjord Trail.\",\"breadcrumb\":{\"@id\":\"https:\/\/exaequo-communication.fr\/index.php\/2024\/07\/08\/retour-norway-fjord-trail-2024\/#breadcrumb\"},\"inLanguage\":\"fr-FR\",\"potentialAction\":[{\"@type\":\"ReadAction\",\"target\":[\"https:\/\/exaequo-communication.fr\/index.php\/2024\/07\/08\/retour-norway-fjord-trail-2024\/\"]}]},{\"@type\":\"ImageObject\",\"inLanguage\":\"fr-FR\",\"@id\":\"https:\/\/exaequo-communication.fr\/index.php\/2024\/07\/08\/retour-norway-fjord-trail-2024\/#primaryimage\",\"url\":\"https:\/\/exaequo-communication.fr\/wp-content\/uploads\/2024\/07\/449924724_996915449067986_8264520056192276865_n.jpg\",\"contentUrl\":\"https:\/\/exaequo-communication.fr\/wp-content\/uploads\/2024\/07\/449924724_996915449067986_8264520056192276865_n.jpg\",\"width\":819,\"height\":1024,\"caption\":\"Norway Fjord Trail 2024\"},{\"@type\":\"BreadcrumbList\",\"@id\":\"https:\/\/exaequo-communication.fr\/index.php\/2024\/07\/08\/retour-norway-fjord-trail-2024\/#breadcrumb\",\"itemListElement\":[{\"@type\":\"ListItem\",\"position\":1,\"name\":\"Accueil\",\"item\":\"https:\/\/exaequo-communication.fr\/\"},{\"@type\":\"ListItem\",\"position\":2,\"name\":\"Retour sur la 5\u00e8me \u00e9dition du Norway Fjord Trail\"}]},{\"@type\":\"WebSite\",\"@id\":\"https:\/\/exaequo-communication.fr\/#website\",\"url\":\"https:\/\/exaequo-communication.fr\/\",\"name\":\"Exaequo communication\",\"description\":\"\",\"potentialAction\":[{\"@type\":\"SearchAction\",\"target\":{\"@type\":\"EntryPoint\",\"urlTemplate\":\"https:\/\/exaequo-communication.fr\/?s={search_term_string}\"},\"query-input\":{\"@type\":\"PropertyValueSpecification\",\"valueRequired\":true,\"valueName\":\"search_term_string\"}}],\"inLanguage\":\"fr-FR\"},{\"@type\":\"Person\",\"@id\":\"https:\/\/exaequo-communication.fr\/#\/schema\/person\/c28633f3a7c202e5c427512376a2e7ca\",\"name\":\"Noah\",\"image\":{\"@type\":\"ImageObject\",\"inLanguage\":\"fr-FR\",\"@id\":\"https:\/\/exaequo-communication.fr\/#\/schema\/person\/image\/\",\"url\":\"https:\/\/secure.gravatar.com\/avatar\/70d12748ddaeba8bad327e70a86dffe52c00c33c30dcf0e3cfee09d9e7293b61?s=96&d=mm&r=g\",\"contentUrl\":\"https:\/\/secure.gravatar.com\/avatar\/70d12748ddaeba8bad327e70a86dffe52c00c33c30dcf0e3cfee09d9e7293b61?s=96&d=mm&r=g\",\"caption\":\"Noah\"},\"url\":\"https:\/\/exaequo-communication.fr\/index.php\/author\/noah\/\"}]}<\/script>\n<!-- \/ Yoast SEO plugin. -->","yoast_head_json":{"title":"Retour sur la 5\u00e8me \u00e9dition du Norway Fjord Trail","description":"Du 29 juin au 5 juillet, 47 trailers ont pris la direction du grand nord avec Exaequo Voyages pour le Norway Fjord Trail.","robots":{"index":"index","follow":"follow","max-snippet":"max-snippet:-1","max-image-preview":"max-image-preview:large","max-video-preview":"max-video-preview:-1"},"canonical":"https:\/\/exaequo-communication.fr\/index.php\/2024\/07\/08\/retour-norway-fjord-trail-2024\/","og_locale":"fr_FR","og_type":"article","og_title":"Retour sur la 5\u00e8me \u00e9dition du Norway Fjord Trail","og_description":"Du 29 juin au 5 juillet, 47 trailers ont pris la direction du grand nord avec Exaequo Voyages pour le Norway Fjord Trail.","og_url":"https:\/\/exaequo-communication.fr\/index.php\/2024\/07\/08\/retour-norway-fjord-trail-2024\/","og_site_name":"Exaequo communication","article_published_time":"2024-07-08T12:39:52+00:00","og_image":[{"width":1365,"height":1024,"url":"https:\/\/exaequo-communication.fr\/wp-content\/uploads\/2022\/07\/WhatsApp-Image-2022-07-06-at-12.13.30-1.jpeg","type":"image\/jpeg"}],"author":"Noah","twitter_card":"summary_large_image","twitter_description":"Du 3 au 9 juillet, 26 trailers ont pris la direction du grand nord avec Exaequo Voyages pour le Norway Fjord Trail.","twitter_image":"https:\/\/exaequo-communication.fr\/wp-content\/uploads\/2022\/07\/WhatsApp-Image-2022-07-06-at-12.13.30-1.jpeg","twitter_misc":{"\u00c9crit par":"Noah","Dur\u00e9e de lecture estim\u00e9e":"6 minutes"},"schema":{"@context":"https:\/\/schema.org","@graph":[{"@type":"Article","@id":"https:\/\/exaequo-communication.fr\/index.php\/2024\/07\/08\/retour-norway-fjord-trail-2024\/#article","isPartOf":{"@id":"https:\/\/exaequo-communication.fr\/index.php\/2024\/07\/08\/retour-norway-fjord-trail-2024\/"},"author":{"name":"Noah","@id":"https:\/\/exaequo-communication.fr\/#\/schema\/person\/c28633f3a7c202e5c427512376a2e7ca"},"headline":"Retour sur la 5\u00e8me \u00e9dition du Norway Fjord Trail","datePublished":"2024-07-08T12:39:52+00:00","mainEntityOfPage":{"@id":"https:\/\/exaequo-communication.fr\/index.php\/2024\/07\/08\/retour-norway-fjord-trail-2024\/"},"wordCount":935,"image":{"@id":"https:\/\/exaequo-communication.fr\/index.php\/2024\/07\/08\/retour-norway-fjord-trail-2024\/#primaryimage"},"thumbnailUrl":"https:\/\/exaequo-communication.fr\/wp-content\/uploads\/2024\/07\/449924724_996915449067986_8264520056192276865_n.jpg","articleSection":["Actualit\u00e9s"],"inLanguage":"fr-FR"},{"@type":"WebPage","@id":"https:\/\/exaequo-communication.fr\/index.php\/2024\/07\/08\/retour-norway-fjord-trail-2024\/","url":"https:\/\/exaequo-communication.fr\/index.php\/2024\/07\/08\/retour-norway-fjord-trail-2024\/","name":"Retour sur la 5\u00e8me \u00e9dition du Norway Fjord Trail","isPartOf":{"@id":"https:\/\/exaequo-communication.fr\/#website"},"primaryImageOfPage":{"@id":"https:\/\/exaequo-communication.fr\/index.php\/2024\/07\/08\/retour-norway-fjord-trail-2024\/#primaryimage"},"image":{"@id":"https:\/\/exaequo-communication.fr\/index.php\/2024\/07\/08\/retour-norway-fjord-trail-2024\/#primaryimage"},"thumbnailUrl":"https:\/\/exaequo-communication.fr\/wp-content\/uploads\/2024\/07\/449924724_996915449067986_8264520056192276865_n.jpg","datePublished":"2024-07-08T12:39:52+00:00","author":{"@id":"https:\/\/exaequo-communication.fr\/#\/schema\/person\/c28633f3a7c202e5c427512376a2e7ca"},"description":"Du 29 juin au 5 juillet, 47 trailers ont pris la direction du grand nord avec Exaequo Voyages pour le Norway Fjord Trail.","breadcrumb":{"@id":"https:\/\/exaequo-communication.fr\/index.php\/2024\/07\/08\/retour-norway-fjord-trail-2024\/#breadcrumb"},"inLanguage":"fr-FR","potentialAction":[{"@type":"ReadAction","target":["https:\/\/exaequo-communication.fr\/index.php\/2024\/07\/08\/retour-norway-fjord-trail-2024\/"]}]},{"@type":"ImageObject","inLanguage":"fr-FR","@id":"https:\/\/exaequo-communication.fr\/index.php\/2024\/07\/08\/retour-norway-fjord-trail-2024\/#primaryimage","url":"https:\/\/exaequo-communication.fr\/wp-content\/uploads\/2024\/07\/449924724_996915449067986_8264520056192276865_n.jpg","contentUrl":"https:\/\/exaequo-communication.fr\/wp-content\/uploads\/2024\/07\/449924724_996915449067986_8264520056192276865_n.jpg","width":819,"height":1024,"caption":"Norway Fjord Trail 2024"},{"@type":"BreadcrumbList","@id":"https:\/\/exaequo-communication.fr\/index.php\/2024\/07\/08\/retour-norway-fjord-trail-2024\/#breadcrumb","itemListElement":[{"@type":"ListItem","position":1,"name":"Accueil","item":"https:\/\/exaequo-communication.fr\/"},{"@type":"ListItem","position":2,"name":"Retour sur la 5\u00e8me \u00e9dition du Norway Fjord Trail"}]},{"@type":"WebSite","@id":"https:\/\/exaequo-communication.fr\/#website","url":"https:\/\/exaequo-communication.fr\/","name":"Exaequo communication","description":"","potentialAction":[{"@type":"SearchAction","target":{"@type":"EntryPoint","urlTemplate":"https:\/\/exaequo-communication.fr\/?s={search_term_string}"},"query-input":{"@type":"PropertyValueSpecification","valueRequired":true,"valueName":"search_term_string"}}],"inLanguage":"fr-FR"},{"@type":"Person","@id":"https:\/\/exaequo-communication.fr\/#\/schema\/person\/c28633f3a7c202e5c427512376a2e7ca","name":"Noah","image":{"@type":"ImageObject","inLanguage":"fr-FR","@id":"https:\/\/exaequo-communication.fr\/#\/schema\/person\/image\/","url":"https:\/\/secure.gravatar.com\/avatar\/70d12748ddaeba8bad327e70a86dffe52c00c33c30dcf0e3cfee09d9e7293b61?s=96&d=mm&r=g","contentUrl":"https:\/\/secure.gravatar.com\/avatar\/70d12748ddaeba8bad327e70a86dffe52c00c33c30dcf0e3cfee09d9e7293b61?s=96&d=mm&r=g","caption":"Noah"},"url":"https:\/\/exaequo-communication.fr\/index.php\/author\/noah\/"}]}},"_links":{"self":[{"href":"https:\/\/exaequo-communication.fr\/index.php\/wp-json\/wp\/v2\/posts\/15188","targetHints":{"allow":["GET"]}}],"collection":[{"href":"https:\/\/exaequo-communication.fr\/index.php\/wp-json\/wp\/v2\/posts"}],"about":[{"href":"https:\/\/exaequo-communication.fr\/index.php\/wp-json\/wp\/v2\/types\/post"}],"author":[{"embeddable":true,"href":"https:\/\/exaequo-communication.fr\/index.php\/wp-json\/wp\/v2\/users\/22"}],"replies":[{"embeddable":true,"href":"https:\/\/exaequo-communication.fr\/index.php\/wp-json\/wp\/v2\/comments?post=15188"}],"version-history":[{"count":1,"href":"https:\/\/exaequo-communication.fr\/index.php\/wp-json\/wp\/v2\/posts\/15188\/revisions"}],"predecessor-version":[{"id":15199,"href":"https:\/\/exaequo-communication.fr\/index.php\/wp-json\/wp\/v2\/posts\/15188\/revisions\/15199"}],"wp:featuredmedia":[{"embeddable":true,"href":"https:\/\/exaequo-communication.fr\/index.php\/wp-json\/wp\/v2\/media\/15189"}],"wp:attachment":[{"href":"https:\/\/exaequo-communication.fr\/index.php\/wp-json\/wp\/v2\/media?parent=15188"}],"wp:term":[{"taxonomy":"category","embeddable":true,"href":"https:\/\/exaequo-communication.fr\/index.php\/wp-json\/wp\/v2\/categories?post=15188"},{"taxonomy":"post_tag","embeddable":true,"href":"https:\/\/exaequo-communication.fr\/index.php\/wp-json\/wp\/v2\/tags?post=15188"}],"curies":[{"name":"wp","href":"https:\/\/api.w.org\/{rel}","templated":true}]}}