{"id":15119,"date":"2024-04-18T11:55:12","date_gmt":"2024-04-18T09:55:12","guid":{"rendered":"https:\/\/exaequo-communication.fr\/?p=15119"},"modified":"2024-04-18T11:55:12","modified_gmt":"2024-04-18T09:55:12","slug":"exaequo-aux-manettes-des-victoires-du-sport-calvadosien","status":"publish","type":"post","link":"https:\/\/exaequo-communication.fr\/index.php\/2024\/04\/18\/exaequo-aux-manettes-des-victoires-du-sport-calvadosien\/","title":{"rendered":"Exaequo aux manettes des Victoires du Sport Calvadosien"},"content":{"rendered":"[vc_row type=\u00a0\u00bbin_container\u00a0\u00bb full_screen_row_position=\u00a0\u00bbmiddle\u00a0\u00bb column_margin=\u00a0\u00bbdefault\u00a0\u00bb column_direction=\u00a0\u00bbdefault\u00a0\u00bb column_direction_tablet=\u00a0\u00bbdefault\u00a0\u00bb column_direction_phone=\u00a0\u00bbdefault\u00a0\u00bb scene_position=\u00a0\u00bbcenter\u00a0\u00bb top_padding=\u00a0\u00bb10&Prime; text_color=\u00a0\u00bbdark\u00a0\u00bb text_align=\u00a0\u00bbleft\u00a0\u00bb row_border_radius=\u00a0\u00bbnone\u00a0\u00bb row_border_radius_applies=\u00a0\u00bbbg\u00a0\u00bb overlay_strength=\u00a0\u00bb0.3&Prime; gradient_direction=\u00a0\u00bbleft_to_right\u00a0\u00bb shape_divider_position=\u00a0\u00bbbottom\u00a0\u00bb bg_image_animation=\u00a0\u00bbnone\u00a0\u00bb shape_type=\u00a0\u00bb\u00a0\u00bb][vc_column column_padding=\u00a0\u00bbno-extra-padding\u00a0\u00bb column_padding_tablet=\u00a0\u00bbinherit\u00a0\u00bb column_padding_phone=\u00a0\u00bbinherit\u00a0\u00bb column_padding_position=\u00a0\u00bball\u00a0\u00bb background_color_opacity=\u00a0\u00bb1&Prime; background_hover_color_opacity=\u00a0\u00bb1&Prime; column_shadow=\u00a0\u00bbnone\u00a0\u00bb column_border_radius=\u00a0\u00bbnone\u00a0\u00bb column_link_target=\u00a0\u00bb_self\u00a0\u00bb gradient_direction=\u00a0\u00bbleft_to_right\u00a0\u00bb overlay_strength=\u00a0\u00bb0.3&Prime; width=\u00a0\u00bb1\/2&Prime; tablet_width_inherit=\u00a0\u00bbdefault\u00a0\u00bb tablet_text_alignment=\u00a0\u00bbdefault\u00a0\u00bb phone_text_alignment=\u00a0\u00bbdefault\u00a0\u00bb column_border_width=\u00a0\u00bbnone\u00a0\u00bb column_border_style=\u00a0\u00bbsolid\u00a0\u00bb bg_image_animation=\u00a0\u00bbnone\u00a0\u00bb][vc_gallery type=\u00a0\u00bbflexslider_style\u00a0\u00bb images=\u00a0\u00bb15120,15121,15122,15124,15125,15126,15127&Prime; onclick=\u00a0\u00bblink_no\u00a0\u00bb][\/vc_column][vc_column column_padding=\u00a0\u00bbno-extra-padding\u00a0\u00bb column_padding_tablet=\u00a0\u00bbinherit\u00a0\u00bb column_padding_phone=\u00a0\u00bbinherit\u00a0\u00bb column_padding_position=\u00a0\u00bball\u00a0\u00bb background_color_opacity=\u00a0\u00bb1&Prime; background_hover_color_opacity=\u00a0\u00bb1&Prime; column_shadow=\u00a0\u00bbnone\u00a0\u00bb column_border_radius=\u00a0\u00bbnone\u00a0\u00bb column_link_target=\u00a0\u00bb_self\u00a0\u00bb gradient_direction=\u00a0\u00bbleft_to_right\u00a0\u00bb overlay_strength=\u00a0\u00bb0.3&Prime; width=\u00a0\u00bb1\/2&Prime; tablet_width_inherit=\u00a0\u00bbdefault\u00a0\u00bb tablet_text_alignment=\u00a0\u00bbdefault\u00a0\u00bb phone_text_alignment=\u00a0\u00bbdefault\u00a0\u00bb column_border_width=\u00a0\u00bbnone\u00a0\u00bb column_border_style=\u00a0\u00bbsolid\u00a0\u00bb bg_image_animation=\u00a0\u00bbnone\u00a0\u00bb][split_line_heading animation_type=\u00a0\u00bbdefault\u00a0\u00bb]\n<h3>Exaequo aux manettes des Victoires du Sport Calvadosien<\/h3>\n<p>Il y a 2 semaines, l&rsquo;\u00e9quipe participait \u00e0 l&rsquo;organisation de cette belle soir\u00e9e mettant en valeur les sportifs du d\u00e9partement.[\/split_line_heading][\/vc_column][\/vc_row][vc_row type=\u00a0\u00bbin_container\u00a0\u00bb full_screen_row_position=\u00a0\u00bbmiddle\u00a0\u00bb column_margin=\u00a0\u00bbdefault\u00a0\u00bb column_direction=\u00a0\u00bbdefault\u00a0\u00bb column_direction_tablet=\u00a0\u00bbdefault\u00a0\u00bb column_direction_phone=\u00a0\u00bbdefault\u00a0\u00bb scene_position=\u00a0\u00bbcenter\u00a0\u00bb text_color=\u00a0\u00bbdark\u00a0\u00bb text_align=\u00a0\u00bbleft\u00a0\u00bb row_border_radius=\u00a0\u00bbnone\u00a0\u00bb row_border_radius_applies=\u00a0\u00bbbg\u00a0\u00bb overlay_strength=\u00a0\u00bb0.3&Prime; gradient_direction=\u00a0\u00bbleft_to_right\u00a0\u00bb shape_divider_position=\u00a0\u00bbbottom\u00a0\u00bb bg_image_animation=\u00a0\u00bbnone\u00a0\u00bb][vc_column column_padding=\u00a0\u00bbno-extra-padding\u00a0\u00bb column_padding_tablet=\u00a0\u00bbinherit\u00a0\u00bb column_padding_phone=\u00a0\u00bbinherit\u00a0\u00bb column_padding_position=\u00a0\u00bball\u00a0\u00bb background_color_opacity=\u00a0\u00bb1&Prime; background_hover_color_opacity=\u00a0\u00bb1&Prime; column_shadow=\u00a0\u00bbnone\u00a0\u00bb column_border_radius=\u00a0\u00bbnone\u00a0\u00bb column_link_target=\u00a0\u00bb_self\u00a0\u00bb gradient_direction=\u00a0\u00bbleft_to_right\u00a0\u00bb overlay_strength=\u00a0\u00bb0.3&Prime; width=\u00a0\u00bb1\/1&Prime; tablet_width_inherit=\u00a0\u00bbdefault\u00a0\u00bb tablet_text_alignment=\u00a0\u00bbdefault\u00a0\u00bb phone_text_alignment=\u00a0\u00bbdefault\u00a0\u00bb column_border_width=\u00a0\u00bbnone\u00a0\u00bb column_border_style=\u00a0\u00bbsolid\u00a0\u00bb bg_image_animation=\u00a0\u00bbnone\u00a0\u00bb][vc_column_text]Anciennement nomm\u00e9e Podium &amp; Troph\u00e9e, <a href=\"https:\/\/www.calvados.fr\/actu\/victoires-du-sport-calvadosien-votez-en-ligne-pour-le-sportif-et-l-equipe-de-l-annee\"><strong>Les Victoires du sport calvadosien<\/strong><\/a> est le nouvel \u00e9v\u00e9nement d\u00e9di\u00e9 \u00e0 l&rsquo;ensemble du mouvement sportif du Calvados organis\u00e9 par le <strong><a href=\"https:\/\/www.calvados.fr\/accueil.html\">D\u00e9partement<\/a><\/strong>.\u00a0En cette ann\u00e9e olympique, le D\u00e9partement a fait \u00e9voluer sa traditionnelle c\u00e9r\u00e9monie de remise des troph\u00e9es aux sportifs de l\u2019ann\u00e9e pour en faire une soir\u00e9e incontournable pour l\u2019ensemble du mouvement sportif du Calvados.<\/p>\n<p>Au-del\u00e0 du nom, le format de l&rsquo;\u00e9v\u00e9nement a, lui aussi \u00e9volu\u00e9 afin\u00a0de cr\u00e9er un \u00e9v\u00e9nement f\u00e9d\u00e9rateur pour les acteurs de la fili\u00e8re sportive et qui puisse \u00e9galement \u00eatre un lieu d\u2019\u00e9changes entre les partenaires qui l\u2019incarnent et la font vivre au quotidien.<\/p>\n<p>La c\u00e9r\u00e9monie a rassembl\u00e9 300 acteurs du mouvement sportifs du Calvados au sein du <a href=\"https:\/\/www.memorial-caen.fr\/\"><strong>M\u00e9morial de Caen<\/strong><\/a>.<br \/>\nConseils, r\u00e9gie technique, animation, Marie, Cl\u00e9ment et Vincent ont su r\u00e9pondre \u00e0 l&rsquo;enjeu de la soir\u00e9e aux c\u00f4t\u00e9s des \u00e9quipes de <a href=\"https:\/\/www.solutiontechniqueevenement.fr\/\"><strong>Solution Technique Evenement<\/strong><\/a>.<\/p>\n<p>Mention sp\u00e9ciale \u00e0 Flavie Renouard, soutenue par le <strong><a href=\"https:\/\/exaequo-communication.fr\/index.php\/coaching-sportif-2\/#:~:text=LE%20CLUB%20DU%20SPORT,sant%C3%A9%20et%20le%20bien%2D%C3%AAtre.\">Club du sport Exaequo<\/a><\/strong>, pour sa victoire dans la cat\u00e9gorie sportif de l&rsquo;ann\u00e9e.[\/vc_column_text][\/vc_column][\/vc_row][vc_row type=\u00a0\u00bbin_container\u00a0\u00bb full_screen_row_position=\u00a0\u00bbmiddle\u00a0\u00bb column_margin=\u00a0\u00bbdefault\u00a0\u00bb column_direction=\u00a0\u00bbdefault\u00a0\u00bb column_direction_tablet=\u00a0\u00bbdefault\u00a0\u00bb column_direction_phone=\u00a0\u00bbdefault\u00a0\u00bb scene_position=\u00a0\u00bbcenter\u00a0\u00bb text_color=\u00a0\u00bbdark\u00a0\u00bb text_align=\u00a0\u00bbleft\u00a0\u00bb row_border_radius=\u00a0\u00bbnone\u00a0\u00bb row_border_radius_applies=\u00a0\u00bbbg\u00a0\u00bb overlay_strength=\u00a0\u00bb0.3&Prime; gradient_direction=\u00a0\u00bbleft_to_right\u00a0\u00bb shape_divider_position=\u00a0\u00bbbottom\u00a0\u00bb bg_image_animation=\u00a0\u00bbnone\u00a0\u00bb][vc_column column_padding=\u00a0\u00bbno-extra-padding\u00a0\u00bb column_padding_tablet=\u00a0\u00bbinherit\u00a0\u00bb column_padding_phone=\u00a0\u00bbinherit\u00a0\u00bb column_padding_position=\u00a0\u00bball\u00a0\u00bb background_color_opacity=\u00a0\u00bb1&Prime; background_hover_color_opacity=\u00a0\u00bb1&Prime; column_shadow=\u00a0\u00bbnone\u00a0\u00bb column_border_radius=\u00a0\u00bbnone\u00a0\u00bb column_link_target=\u00a0\u00bb_self\u00a0\u00bb gradient_direction=\u00a0\u00bbleft_to_right\u00a0\u00bb overlay_strength=\u00a0\u00bb0.3&Prime; width=\u00a0\u00bb1\/1&Prime; tablet_width_inherit=\u00a0\u00bbdefault\u00a0\u00bb tablet_text_alignment=\u00a0\u00bbdefault\u00a0\u00bb phone_text_alignment=\u00a0\u00bbdefault\u00a0\u00bb column_border_width=\u00a0\u00bbnone\u00a0\u00bb column_border_style=\u00a0\u00bbsolid\u00a0\u00bb bg_image_animation=\u00a0\u00bbnone\u00a0\u00bb][vc_column_text]Cr\u00e9dit photos : <a href=\"https:\/\/www.photo911.fr\/\" target=\"_blank\" rel=\"noopener\"><strong>Photo 911<\/strong><\/a>[\/vc_column_text][\/vc_column][\/vc_row]\n","protected":false},"excerpt":{"rendered":"<p>Il y a 2 semaines, l&rsquo;\u00e9quipe participait \u00e0 l&rsquo;organisation de cette belle soir\u00e9e mettant en valeur les sportifs du d\u00e9partement.<\/p>\n","protected":false},"author":22,"featured_media":15120,"comment_status":"closed","ping_status":"closed","sticky":false,"template":"","format":"standard","meta":{"footnotes":""},"categories":[1,176],"tags":[],"class_list":{"0":"post-15119","1":"post","2":"type-post","3":"status-publish","4":"format-standard","5":"has-post-thumbnail","7":"category-actualites","8":"category-corporate"},"yoast_head":"<!-- This site is optimized with the Yoast SEO plugin v27.0 - https:\/\/yoast.com\/product\/yoast-seo-wordpress\/ -->\n<title>Exaequo aux manettes des Victoires du Sport Calvadosien<\/title>\n<meta name=\"description\" content=\"Il y a 2 semaines, l&#039;\u00e9quipe participait \u00e0 l&#039;organisation de cette belle soir\u00e9e mettant en valeur les sportifs du d\u00e9partement.\" \/>\n<meta name=\"robots\" content=\"index, follow, max-snippet:-1, max-image-preview:large, max-video-preview:-1\" \/>\n<link rel=\"canonical\" href=\"https:\/\/exaequo-communication.fr\/index.php\/2024\/04\/18\/exaequo-aux-manettes-des-victoires-du-sport-calvadosien\/\" \/>\n<meta property=\"og:locale\" content=\"fr_FR\" \/>\n<meta property=\"og:type\" content=\"article\" \/>\n<meta property=\"og:title\" content=\"Exaequo aux manettes des Victoires du Sport Calvadosien\" \/>\n<meta property=\"og:description\" content=\"Il y a 2 semaines, l&#039;\u00e9quipe participait \u00e0 l&#039;organisation de cette belle soir\u00e9e mettant en valeur les sportifs du d\u00e9partement.\" \/>\n<meta property=\"og:url\" content=\"https:\/\/exaequo-communication.fr\/index.php\/2024\/04\/18\/exaequo-aux-manettes-des-victoires-du-sport-calvadosien\/\" \/>\n<meta property=\"og:site_name\" content=\"Exaequo communication\" \/>\n<meta property=\"article:published_time\" content=\"2024-04-18T09:55:12+00:00\" \/>\n<meta property=\"og:image\" content=\"https:\/\/exaequo-communication.fr\/wp-content\/uploads\/2024\/04\/Victoires_sport_calvadosien-22-Mars-2024\u00a9photo911-4-scaled.jpg\" \/>\n\t<meta property=\"og:image:width\" content=\"1536\" \/>\n\t<meta property=\"og:image:height\" content=\"1024\" \/>\n\t<meta property=\"og:image:type\" content=\"image\/jpeg\" \/>\n<meta name=\"author\" content=\"Noah\" \/>\n<meta name=\"twitter:card\" content=\"summary_large_image\" \/>\n<meta name=\"twitter:title\" content=\"Soir\u00e9e Conf\u00e9rence avec Fabien Pelous pour le Club du Sport\" \/>\n<meta name=\"twitter:description\" content=\"Fabien Pelous \u00e9tait l&#039;invit\u00e9 d&#039;honneur de la Soir\u00e9e Conf\u00e9rence du Club du Sport qui a eu lieu le 30 mars \u00e0 la salle des f\u00eates de Mondeville.\" \/>\n<meta name=\"twitter:image\" content=\"https:\/\/exaequo-communication.fr\/wp-content\/uploads\/2023\/03\/2258-012\u00a9laurentbesnehard.com_.jpg\" \/>\n<meta name=\"twitter:label1\" content=\"\u00c9crit par\" \/>\n\t<meta name=\"twitter:data1\" content=\"Noah\" \/>\n\t<meta name=\"twitter:label2\" content=\"Dur\u00e9e de lecture estim\u00e9e\" \/>\n\t<meta name=\"twitter:data2\" content=\"4 minutes\" \/>\n<script type=\"application\/ld+json\" class=\"yoast-schema-graph\">{\"@context\":\"https:\/\/schema.org\",\"@graph\":[{\"@type\":\"Article\",\"@id\":\"https:\/\/exaequo-communication.fr\/index.php\/2024\/04\/18\/exaequo-aux-manettes-des-victoires-du-sport-calvadosien\/#article\",\"isPartOf\":{\"@id\":\"https:\/\/exaequo-communication.fr\/index.php\/2024\/04\/18\/exaequo-aux-manettes-des-victoires-du-sport-calvadosien\/\"},\"author\":{\"name\":\"Noah\",\"@id\":\"https:\/\/exaequo-communication.fr\/#\/schema\/person\/c28633f3a7c202e5c427512376a2e7ca\"},\"headline\":\"Exaequo aux manettes des Victoires du Sport Calvadosien\",\"datePublished\":\"2024-04-18T09:55:12+00:00\",\"mainEntityOfPage\":{\"@id\":\"https:\/\/exaequo-communication.fr\/index.php\/2024\/04\/18\/exaequo-aux-manettes-des-victoires-du-sport-calvadosien\/\"},\"wordCount\":727,\"image\":{\"@id\":\"https:\/\/exaequo-communication.fr\/index.php\/2024\/04\/18\/exaequo-aux-manettes-des-victoires-du-sport-calvadosien\/#primaryimage\"},\"thumbnailUrl\":\"https:\/\/exaequo-communication.fr\/wp-content\/uploads\/2024\/04\/Victoires_sport_calvadosien-22-Mars-2024\u00a9photo911-4-scaled.jpg\",\"articleSection\":[\"Actualit\u00e9s\",\"Corporate\"],\"inLanguage\":\"fr-FR\"},{\"@type\":\"WebPage\",\"@id\":\"https:\/\/exaequo-communication.fr\/index.php\/2024\/04\/18\/exaequo-aux-manettes-des-victoires-du-sport-calvadosien\/\",\"url\":\"https:\/\/exaequo-communication.fr\/index.php\/2024\/04\/18\/exaequo-aux-manettes-des-victoires-du-sport-calvadosien\/\",\"name\":\"Exaequo aux manettes des Victoires du Sport Calvadosien\",\"isPartOf\":{\"@id\":\"https:\/\/exaequo-communication.fr\/#website\"},\"primaryImageOfPage\":{\"@id\":\"https:\/\/exaequo-communication.fr\/index.php\/2024\/04\/18\/exaequo-aux-manettes-des-victoires-du-sport-calvadosien\/#primaryimage\"},\"image\":{\"@id\":\"https:\/\/exaequo-communication.fr\/index.php\/2024\/04\/18\/exaequo-aux-manettes-des-victoires-du-sport-calvadosien\/#primaryimage\"},\"thumbnailUrl\":\"https:\/\/exaequo-communication.fr\/wp-content\/uploads\/2024\/04\/Victoires_sport_calvadosien-22-Mars-2024\u00a9photo911-4-scaled.jpg\",\"datePublished\":\"2024-04-18T09:55:12+00:00\",\"author\":{\"@id\":\"https:\/\/exaequo-communication.fr\/#\/schema\/person\/c28633f3a7c202e5c427512376a2e7ca\"},\"description\":\"Il y a 2 semaines, l'\u00e9quipe participait \u00e0 l'organisation de cette belle soir\u00e9e mettant en valeur les sportifs du d\u00e9partement.\",\"breadcrumb\":{\"@id\":\"https:\/\/exaequo-communication.fr\/index.php\/2024\/04\/18\/exaequo-aux-manettes-des-victoires-du-sport-calvadosien\/#breadcrumb\"},\"inLanguage\":\"fr-FR\",\"potentialAction\":[{\"@type\":\"ReadAction\",\"target\":[\"https:\/\/exaequo-communication.fr\/index.php\/2024\/04\/18\/exaequo-aux-manettes-des-victoires-du-sport-calvadosien\/\"]}]},{\"@type\":\"ImageObject\",\"inLanguage\":\"fr-FR\",\"@id\":\"https:\/\/exaequo-communication.fr\/index.php\/2024\/04\/18\/exaequo-aux-manettes-des-victoires-du-sport-calvadosien\/#primaryimage\",\"url\":\"https:\/\/exaequo-communication.fr\/wp-content\/uploads\/2024\/04\/Victoires_sport_calvadosien-22-Mars-2024\u00a9photo911-4-scaled.jpg\",\"contentUrl\":\"https:\/\/exaequo-communication.fr\/wp-content\/uploads\/2024\/04\/Victoires_sport_calvadosien-22-Mars-2024\u00a9photo911-4-scaled.jpg\",\"width\":1536,\"height\":1024,\"caption\":\"Victoires sport calvadosien\"},{\"@type\":\"BreadcrumbList\",\"@id\":\"https:\/\/exaequo-communication.fr\/index.php\/2024\/04\/18\/exaequo-aux-manettes-des-victoires-du-sport-calvadosien\/#breadcrumb\",\"itemListElement\":[{\"@type\":\"ListItem\",\"position\":1,\"name\":\"Accueil\",\"item\":\"https:\/\/exaequo-communication.fr\/\"},{\"@type\":\"ListItem\",\"position\":2,\"name\":\"Exaequo aux manettes des Victoires du Sport Calvadosien\"}]},{\"@type\":\"WebSite\",\"@id\":\"https:\/\/exaequo-communication.fr\/#website\",\"url\":\"https:\/\/exaequo-communication.fr\/\",\"name\":\"Exaequo communication\",\"description\":\"\",\"potentialAction\":[{\"@type\":\"SearchAction\",\"target\":{\"@type\":\"EntryPoint\",\"urlTemplate\":\"https:\/\/exaequo-communication.fr\/?s={search_term_string}\"},\"query-input\":{\"@type\":\"PropertyValueSpecification\",\"valueRequired\":true,\"valueName\":\"search_term_string\"}}],\"inLanguage\":\"fr-FR\"},{\"@type\":\"Person\",\"@id\":\"https:\/\/exaequo-communication.fr\/#\/schema\/person\/c28633f3a7c202e5c427512376a2e7ca\",\"name\":\"Noah\",\"image\":{\"@type\":\"ImageObject\",\"inLanguage\":\"fr-FR\",\"@id\":\"https:\/\/exaequo-communication.fr\/#\/schema\/person\/image\/\",\"url\":\"https:\/\/secure.gravatar.com\/avatar\/70d12748ddaeba8bad327e70a86dffe52c00c33c30dcf0e3cfee09d9e7293b61?s=96&d=mm&r=g\",\"contentUrl\":\"https:\/\/secure.gravatar.com\/avatar\/70d12748ddaeba8bad327e70a86dffe52c00c33c30dcf0e3cfee09d9e7293b61?s=96&d=mm&r=g\",\"caption\":\"Noah\"},\"url\":\"https:\/\/exaequo-communication.fr\/index.php\/author\/noah\/\"}]}<\/script>\n<!-- \/ Yoast SEO plugin. -->","yoast_head_json":{"title":"Exaequo aux manettes des Victoires du Sport Calvadosien","description":"Il y a 2 semaines, l'\u00e9quipe participait \u00e0 l'organisation de cette belle soir\u00e9e mettant en valeur les sportifs du d\u00e9partement.","robots":{"index":"index","follow":"follow","max-snippet":"max-snippet:-1","max-image-preview":"max-image-preview:large","max-video-preview":"max-video-preview:-1"},"canonical":"https:\/\/exaequo-communication.fr\/index.php\/2024\/04\/18\/exaequo-aux-manettes-des-victoires-du-sport-calvadosien\/","og_locale":"fr_FR","og_type":"article","og_title":"Exaequo aux manettes des Victoires du Sport Calvadosien","og_description":"Il y a 2 semaines, l'\u00e9quipe participait \u00e0 l'organisation de cette belle soir\u00e9e mettant en valeur les sportifs du d\u00e9partement.","og_url":"https:\/\/exaequo-communication.fr\/index.php\/2024\/04\/18\/exaequo-aux-manettes-des-victoires-du-sport-calvadosien\/","og_site_name":"Exaequo communication","article_published_time":"2024-04-18T09:55:12+00:00","og_image":[{"width":1536,"height":1024,"url":"https:\/\/exaequo-communication.fr\/wp-content\/uploads\/2024\/04\/Victoires_sport_calvadosien-22-Mars-2024\u00a9photo911-4-scaled.jpg","type":"image\/jpeg"}],"author":"Noah","twitter_card":"summary_large_image","twitter_title":"Soir\u00e9e Conf\u00e9rence avec Fabien Pelous pour le Club du Sport","twitter_description":"Fabien Pelous \u00e9tait l'invit\u00e9 d'honneur de la Soir\u00e9e Conf\u00e9rence du Club du Sport qui a eu lieu le 30 mars \u00e0 la salle des f\u00eates de Mondeville.","twitter_image":"https:\/\/exaequo-communication.fr\/wp-content\/uploads\/2023\/03\/2258-012\u00a9laurentbesnehard.com_.jpg","twitter_misc":{"\u00c9crit par":"Noah","Dur\u00e9e de lecture estim\u00e9e":"4 minutes"},"schema":{"@context":"https:\/\/schema.org","@graph":[{"@type":"Article","@id":"https:\/\/exaequo-communication.fr\/index.php\/2024\/04\/18\/exaequo-aux-manettes-des-victoires-du-sport-calvadosien\/#article","isPartOf":{"@id":"https:\/\/exaequo-communication.fr\/index.php\/2024\/04\/18\/exaequo-aux-manettes-des-victoires-du-sport-calvadosien\/"},"author":{"name":"Noah","@id":"https:\/\/exaequo-communication.fr\/#\/schema\/person\/c28633f3a7c202e5c427512376a2e7ca"},"headline":"Exaequo aux manettes des Victoires du Sport Calvadosien","datePublished":"2024-04-18T09:55:12+00:00","mainEntityOfPage":{"@id":"https:\/\/exaequo-communication.fr\/index.php\/2024\/04\/18\/exaequo-aux-manettes-des-victoires-du-sport-calvadosien\/"},"wordCount":727,"image":{"@id":"https:\/\/exaequo-communication.fr\/index.php\/2024\/04\/18\/exaequo-aux-manettes-des-victoires-du-sport-calvadosien\/#primaryimage"},"thumbnailUrl":"https:\/\/exaequo-communication.fr\/wp-content\/uploads\/2024\/04\/Victoires_sport_calvadosien-22-Mars-2024\u00a9photo911-4-scaled.jpg","articleSection":["Actualit\u00e9s","Corporate"],"inLanguage":"fr-FR"},{"@type":"WebPage","@id":"https:\/\/exaequo-communication.fr\/index.php\/2024\/04\/18\/exaequo-aux-manettes-des-victoires-du-sport-calvadosien\/","url":"https:\/\/exaequo-communication.fr\/index.php\/2024\/04\/18\/exaequo-aux-manettes-des-victoires-du-sport-calvadosien\/","name":"Exaequo aux manettes des Victoires du Sport Calvadosien","isPartOf":{"@id":"https:\/\/exaequo-communication.fr\/#website"},"primaryImageOfPage":{"@id":"https:\/\/exaequo-communication.fr\/index.php\/2024\/04\/18\/exaequo-aux-manettes-des-victoires-du-sport-calvadosien\/#primaryimage"},"image":{"@id":"https:\/\/exaequo-communication.fr\/index.php\/2024\/04\/18\/exaequo-aux-manettes-des-victoires-du-sport-calvadosien\/#primaryimage"},"thumbnailUrl":"https:\/\/exaequo-communication.fr\/wp-content\/uploads\/2024\/04\/Victoires_sport_calvadosien-22-Mars-2024\u00a9photo911-4-scaled.jpg","datePublished":"2024-04-18T09:55:12+00:00","author":{"@id":"https:\/\/exaequo-communication.fr\/#\/schema\/person\/c28633f3a7c202e5c427512376a2e7ca"},"description":"Il y a 2 semaines, l'\u00e9quipe participait \u00e0 l'organisation de cette belle soir\u00e9e mettant en valeur les sportifs du d\u00e9partement.","breadcrumb":{"@id":"https:\/\/exaequo-communication.fr\/index.php\/2024\/04\/18\/exaequo-aux-manettes-des-victoires-du-sport-calvadosien\/#breadcrumb"},"inLanguage":"fr-FR","potentialAction":[{"@type":"ReadAction","target":["https:\/\/exaequo-communication.fr\/index.php\/2024\/04\/18\/exaequo-aux-manettes-des-victoires-du-sport-calvadosien\/"]}]},{"@type":"ImageObject","inLanguage":"fr-FR","@id":"https:\/\/exaequo-communication.fr\/index.php\/2024\/04\/18\/exaequo-aux-manettes-des-victoires-du-sport-calvadosien\/#primaryimage","url":"https:\/\/exaequo-communication.fr\/wp-content\/uploads\/2024\/04\/Victoires_sport_calvadosien-22-Mars-2024\u00a9photo911-4-scaled.jpg","contentUrl":"https:\/\/exaequo-communication.fr\/wp-content\/uploads\/2024\/04\/Victoires_sport_calvadosien-22-Mars-2024\u00a9photo911-4-scaled.jpg","width":1536,"height":1024,"caption":"Victoires sport calvadosien"},{"@type":"BreadcrumbList","@id":"https:\/\/exaequo-communication.fr\/index.php\/2024\/04\/18\/exaequo-aux-manettes-des-victoires-du-sport-calvadosien\/#breadcrumb","itemListElement":[{"@type":"ListItem","position":1,"name":"Accueil","item":"https:\/\/exaequo-communication.fr\/"},{"@type":"ListItem","position":2,"name":"Exaequo aux manettes des Victoires du Sport Calvadosien"}]},{"@type":"WebSite","@id":"https:\/\/exaequo-communication.fr\/#website","url":"https:\/\/exaequo-communication.fr\/","name":"Exaequo communication","description":"","potentialAction":[{"@type":"SearchAction","target":{"@type":"EntryPoint","urlTemplate":"https:\/\/exaequo-communication.fr\/?s={search_term_string}"},"query-input":{"@type":"PropertyValueSpecification","valueRequired":true,"valueName":"search_term_string"}}],"inLanguage":"fr-FR"},{"@type":"Person","@id":"https:\/\/exaequo-communication.fr\/#\/schema\/person\/c28633f3a7c202e5c427512376a2e7ca","name":"Noah","image":{"@type":"ImageObject","inLanguage":"fr-FR","@id":"https:\/\/exaequo-communication.fr\/#\/schema\/person\/image\/","url":"https:\/\/secure.gravatar.com\/avatar\/70d12748ddaeba8bad327e70a86dffe52c00c33c30dcf0e3cfee09d9e7293b61?s=96&d=mm&r=g","contentUrl":"https:\/\/secure.gravatar.com\/avatar\/70d12748ddaeba8bad327e70a86dffe52c00c33c30dcf0e3cfee09d9e7293b61?s=96&d=mm&r=g","caption":"Noah"},"url":"https:\/\/exaequo-communication.fr\/index.php\/author\/noah\/"}]}},"_links":{"self":[{"href":"https:\/\/exaequo-communication.fr\/index.php\/wp-json\/wp\/v2\/posts\/15119","targetHints":{"allow":["GET"]}}],"collection":[{"href":"https:\/\/exaequo-communication.fr\/index.php\/wp-json\/wp\/v2\/posts"}],"about":[{"href":"https:\/\/exaequo-communication.fr\/index.php\/wp-json\/wp\/v2\/types\/post"}],"author":[{"embeddable":true,"href":"https:\/\/exaequo-communication.fr\/index.php\/wp-json\/wp\/v2\/users\/22"}],"replies":[{"embeddable":true,"href":"https:\/\/exaequo-communication.fr\/index.php\/wp-json\/wp\/v2\/comments?post=15119"}],"version-history":[{"count":1,"href":"https:\/\/exaequo-communication.fr\/index.php\/wp-json\/wp\/v2\/posts\/15119\/revisions"}],"predecessor-version":[{"id":15128,"href":"https:\/\/exaequo-communication.fr\/index.php\/wp-json\/wp\/v2\/posts\/15119\/revisions\/15128"}],"wp:featuredmedia":[{"embeddable":true,"href":"https:\/\/exaequo-communication.fr\/index.php\/wp-json\/wp\/v2\/media\/15120"}],"wp:attachment":[{"href":"https:\/\/exaequo-communication.fr\/index.php\/wp-json\/wp\/v2\/media?parent=15119"}],"wp:term":[{"taxonomy":"category","embeddable":true,"href":"https:\/\/exaequo-communication.fr\/index.php\/wp-json\/wp\/v2\/categories?post=15119"},{"taxonomy":"post_tag","embeddable":true,"href":"https:\/\/exaequo-communication.fr\/index.php\/wp-json\/wp\/v2\/tags?post=15119"}],"curies":[{"name":"wp","href":"https:\/\/api.w.org\/{rel}","templated":true}]}}