{"id":15110,"date":"2024-04-26T10:21:46","date_gmt":"2024-04-26T08:21:46","guid":{"rendered":"https:\/\/exaequo-communication.fr\/?p=15110"},"modified":"2024-04-26T10:21:46","modified_gmt":"2024-04-26T08:21:46","slug":"retour-rockntrail-2024","status":"publish","type":"post","link":"https:\/\/exaequo-communication.fr\/index.php\/2024\/04\/26\/retour-rockntrail-2024\/","title":{"rendered":"Retour sur la 4\u00e8me \u00e9dition du Rock n&rsquo;Trail"},"content":{"rendered":"[vc_row type=\u00a0\u00bbin_container\u00a0\u00bb full_screen_row_position=\u00a0\u00bbmiddle\u00a0\u00bb column_margin=\u00a0\u00bbdefault\u00a0\u00bb column_direction=\u00a0\u00bbdefault\u00a0\u00bb column_direction_tablet=\u00a0\u00bbdefault\u00a0\u00bb column_direction_phone=\u00a0\u00bbdefault\u00a0\u00bb scene_position=\u00a0\u00bbcenter\u00a0\u00bb top_padding=\u00a0\u00bb10&Prime; text_color=\u00a0\u00bbdark\u00a0\u00bb text_align=\u00a0\u00bbleft\u00a0\u00bb row_border_radius=\u00a0\u00bbnone\u00a0\u00bb row_border_radius_applies=\u00a0\u00bbbg\u00a0\u00bb overlay_strength=\u00a0\u00bb0.3&Prime; gradient_direction=\u00a0\u00bbleft_to_right\u00a0\u00bb shape_divider_position=\u00a0\u00bbbottom\u00a0\u00bb bg_image_animation=\u00a0\u00bbnone\u00a0\u00bb shape_type=\u00a0\u00bb\u00a0\u00bb][vc_column column_padding=\u00a0\u00bbno-extra-padding\u00a0\u00bb column_padding_tablet=\u00a0\u00bbinherit\u00a0\u00bb column_padding_phone=\u00a0\u00bbinherit\u00a0\u00bb column_padding_position=\u00a0\u00bball\u00a0\u00bb background_color_opacity=\u00a0\u00bb1&Prime; background_hover_color_opacity=\u00a0\u00bb1&Prime; column_shadow=\u00a0\u00bbnone\u00a0\u00bb column_border_radius=\u00a0\u00bbnone\u00a0\u00bb column_link_target=\u00a0\u00bb_self\u00a0\u00bb gradient_direction=\u00a0\u00bbleft_to_right\u00a0\u00bb overlay_strength=\u00a0\u00bb0.3&Prime; width=\u00a0\u00bb1\/2&Prime; tablet_width_inherit=\u00a0\u00bbdefault\u00a0\u00bb tablet_text_alignment=\u00a0\u00bbdefault\u00a0\u00bb phone_text_alignment=\u00a0\u00bbdefault\u00a0\u00bb column_border_width=\u00a0\u00bbnone\u00a0\u00bb column_border_style=\u00a0\u00bbsolid\u00a0\u00bb bg_image_animation=\u00a0\u00bbnone\u00a0\u00bb][vc_gallery type=\u00a0\u00bbflexslider_style\u00a0\u00bb images=\u00a0\u00bb15134,15132,15133,15131,15130,15135,15136&Prime; onclick=\u00a0\u00bblink_no\u00a0\u00bb hover_anim=\u00a0\u00bbfade-out\u00a0\u00bb][\/vc_column][vc_column column_padding=\u00a0\u00bbno-extra-padding\u00a0\u00bb column_padding_tablet=\u00a0\u00bbinherit\u00a0\u00bb column_padding_phone=\u00a0\u00bbinherit\u00a0\u00bb column_padding_position=\u00a0\u00bball\u00a0\u00bb background_color_opacity=\u00a0\u00bb1&Prime; background_hover_color_opacity=\u00a0\u00bb1&Prime; column_shadow=\u00a0\u00bbnone\u00a0\u00bb column_border_radius=\u00a0\u00bbnone\u00a0\u00bb column_link_target=\u00a0\u00bb_self\u00a0\u00bb gradient_direction=\u00a0\u00bbleft_to_right\u00a0\u00bb overlay_strength=\u00a0\u00bb0.3&Prime; width=\u00a0\u00bb1\/2&Prime; tablet_width_inherit=\u00a0\u00bbdefault\u00a0\u00bb tablet_text_alignment=\u00a0\u00bbdefault\u00a0\u00bb phone_text_alignment=\u00a0\u00bbdefault\u00a0\u00bb column_border_width=\u00a0\u00bbnone\u00a0\u00bb column_border_style=\u00a0\u00bbsolid\u00a0\u00bb bg_image_animation=\u00a0\u00bbnone\u00a0\u00bb][split_line_heading animation_type=\u00a0\u00bbdefault\u00a0\u00bb]\n<h3 style=\"text-align: left;\">Rock n&rsquo;Trail, une 4\u00e8me \u00e9dition de folie !<\/h3>\n<p>Le week-end du 20 et 21 avril avait lieu la 4\u00e8me \u00e9dition du <strong><a href=\"https:\/\/rockntrail.fr\/\" target=\"_blank\" rel=\"noopener\">Rock n&rsquo;Trail<\/a>, un trail \u00e0 \u00e9limination de 24h <\/strong>dans la carri\u00e8re de Muneville-le-Bingard, dans la Manche.[\/split_line_heading][\/vc_column][\/vc_row][vc_row type=\u00a0\u00bbin_container\u00a0\u00bb full_screen_row_position=\u00a0\u00bbmiddle\u00a0\u00bb column_margin=\u00a0\u00bbdefault\u00a0\u00bb column_direction=\u00a0\u00bbdefault\u00a0\u00bb column_direction_tablet=\u00a0\u00bbdefault\u00a0\u00bb column_direction_phone=\u00a0\u00bbdefault\u00a0\u00bb scene_position=\u00a0\u00bbcenter\u00a0\u00bb text_color=\u00a0\u00bbdark\u00a0\u00bb text_align=\u00a0\u00bbleft\u00a0\u00bb row_border_radius=\u00a0\u00bbnone\u00a0\u00bb row_border_radius_applies=\u00a0\u00bbbg\u00a0\u00bb overlay_strength=\u00a0\u00bb0.3&Prime; gradient_direction=\u00a0\u00bbleft_to_right\u00a0\u00bb shape_divider_position=\u00a0\u00bbbottom\u00a0\u00bb bg_image_animation=\u00a0\u00bbnone\u00a0\u00bb][vc_column column_padding=\u00a0\u00bbno-extra-padding\u00a0\u00bb column_padding_tablet=\u00a0\u00bbinherit\u00a0\u00bb column_padding_phone=\u00a0\u00bbinherit\u00a0\u00bb column_padding_position=\u00a0\u00bball\u00a0\u00bb background_color_opacity=\u00a0\u00bb1&Prime; background_hover_color_opacity=\u00a0\u00bb1&Prime; column_shadow=\u00a0\u00bbnone\u00a0\u00bb column_border_radius=\u00a0\u00bbnone\u00a0\u00bb column_link_target=\u00a0\u00bb_self\u00a0\u00bb gradient_direction=\u00a0\u00bbleft_to_right\u00a0\u00bb overlay_strength=\u00a0\u00bb0.3&Prime; width=\u00a0\u00bb1\/1&Prime; tablet_width_inherit=\u00a0\u00bbdefault\u00a0\u00bb tablet_text_alignment=\u00a0\u00bbdefault\u00a0\u00bb phone_text_alignment=\u00a0\u00bbdefault\u00a0\u00bb column_border_width=\u00a0\u00bbnone\u00a0\u00bb column_border_style=\u00a0\u00bbsolid\u00a0\u00bb bg_image_animation=\u00a0\u00bbnone\u00a0\u00bb][vc_column_text]\n<h3>Une quatri\u00e8me \u00e9dition qui bat encore tous les records !<\/h3>\n<p>La nouvelle \u00e9dition du Rock n&rsquo;Trail a attir\u00e9 <strong>plus de 2 000 participants<\/strong>. Un rendez-vous pour les amateurs de trail avec <strong>un parcours situ\u00e9 dans un paysage unique et insolite : la carri\u00e8re<\/strong>. Un concept original avec ce trail \u00e0 \u00e9limination : <strong>terminer ses 7,6km avec 210m de D+ en moins d&rsquo;une heure pour continuer sinon c&rsquo;\u00e9tait l&rsquo;\u00e9limination assur\u00e9e<\/strong>.<\/p>\n<p>Le samedi matin avait lieu le 7km caritatif en soutien \u00e0 deux associations locales : <strong><a href=\"https:\/\/1pas2pas.blogspot.com\/\" target=\"_blank\" rel=\"noopener\">1 pas 2 pas pour Ana\u00efs<\/a><\/strong> et <a href=\"https:\/\/www.helloasso.com\/associations\/l-outil-en-main-du-pays-de-periers\" target=\"_blank\" rel=\"noopener\"><strong>L&rsquo;Outil en main du pays de P\u00e9riers<\/strong><\/a>. <strong>Ce sont pas moins de 645 personnes qui ont pris le d\u00e9part de cette course ou marche caritative<\/strong>.<\/p>\n<p>Cette ann\u00e9e, un nouveau format a fait son apparition, le <strong>20km chronom\u00e9tr\u00e9<\/strong>. Plus de 300 participants se sont align\u00e9s sur la ligne de d\u00e9part de ce 20km. Ils ont pu d\u00e9couvrir la carri\u00e8re et ses environs. Entre sol humide, tourbe et caillasse, ils avaient de quoi s&rsquo;amuser.<\/p>\n<h3>Un \u00e9v\u00e9nement unique<\/h3>\n<p><strong>Pour cette 4\u00e8me \u00e9dition, vous avez encore fait exploser les compteurs, plus de 1 000 traileurs,<\/strong> plus motiv\u00e9s que jamais, ont pris le d\u00e9part de ce 24h Chrono de folie. Lors du dernier tour, apr\u00e8s 24 heures de course, ils n&rsquo;\u00e9taient plus que<strong> 840\u00a0\u00e0 franchir la ligne<\/strong> d&rsquo;arriv\u00e9e &#8211; dont 6 en solo.\u00a0La bonne humeur et le soleil \u00e9taient au rendez-vous tout au long du week-end.<\/p>\n<p><strong>F\u00e9licitations<\/strong> \u00e0 Fran\u00e7ois Ollivier pour sa premi\u00e8re place en Solo. Il a rempli le contrat des 24 tours de carri\u00e8re et donc 24 heures de course avec un dernier tour en 37&rsquo;23. Il remporte un magnifique voyage organis\u00e9 par <strong><a href=\"https:\/\/exaequovoyages.com\/\" target=\"_blank\" rel=\"noopener\">Exaequo Voyages<\/a><\/strong><strong>.<\/strong> Bravo \u00e9galement \u00e0 nos 5 autres finalistes pour leur incroyable performance : Fr\u00e9d\u00e9ric Renard (vainqueur 2021), Patrice Casrouge, Mederic Gosselin, Gilles Meslin et Thomas Roussel.<\/p>\n<p>Un grand bravo \u00e0 nos 44 Duos finalistes qui sont venus \u00e0 bout de ces 24h Chrono. Le duo \u00ab\u00a0Pompier DOL\u00a0\u00bb a remport\u00e9 ce format avec un temps cumul\u00e9 sur les 2 derniers tours de 1h19&rsquo;02. Le 2e Duo est \u00ab\u00a0Court pas vite\u00a0\u00bb en 1h10&rsquo;50 et le 3e est \u00ab\u00a0Team du Coach\u00a0\u00bb avec un temps de 1h20&rsquo;45. Mention sp\u00e9ciale \u00e0 notre Duo f\u00e9minin \u00ab\u00a0Foul\u00e9e Fraiche\u00a0\u00bb pour leur performance.<\/p>\n<p><strong>F\u00e9licitations<\/strong> aussi \u00e0 nos finalistes en \u00e9quipe, aux \u00e9quipes \u00ab\u00a0Les Touristes\u00a0\u00bb, \u00ab\u00a0Team WTF 4F\u00a0\u00bb et \u00ab\u00a0CACT\u00a0\u00bb qui se hissent \u00e0 la premi\u00e8re place en \u00e9quipe de 4 masculine, f\u00e9minine et mixte. Un grand bravo aussi aux \u00e9quipes \u00ab\u00a0Raids Elec\u00a0\u00bb, \u00ab\u00a0Copines d&rsquo;Abord\u00a0\u00bb et \u00ab\u00a0Les Moledurs\u00a0\u00bb qui arrivent premi\u00e8re en \u00e9quipe de 6 masculine, f\u00e9minine et mixte<\/p>\n<p><strong>Un nouveau parcours appr\u00e9ci\u00e9 par les traileurs !<\/strong> L&rsquo;\u00e9quipe d&rsquo;organisation a mis tout en \u0153uvre pour que cette \u00e9dition soit unique comme chaque ann\u00e9e. Le parcours a \u00e9t\u00e9 trac\u00e9 m\u00e9ticuleusement avec encore plus de d\u00e9nivel\u00e9 positif. Ce nouveau trac\u00e9 a \u00e9t\u00e9 fortement appr\u00e9ci\u00e9 par les coureurs qui ont pu s&rsquo;exprimer pleinement.<\/p>\n<p><strong>Un village encore plus festif<\/strong>. Il \u00e9tait anim\u00e9 par les concerts de <strong>2DESIRE TRIBUTE U2<\/strong>, <strong>JUKEBOX HEROES<\/strong> et <strong>SCOOP<\/strong> qui ont mis le feu \u00e0 la carri\u00e8re ! Avant d&rsquo;entamer la nuit, deux feux d&rsquo;artifices ont \u00e9t\u00e9 tir\u00e9s au-dessus du village afin de f\u00eater ce magnifique \u00e9v\u00e8nement et lancer le 1er burning lap.<\/p>\n<p><strong>Encore de grandes nouveaut\u00e9s cette ann\u00e9e. <\/strong>Le karaok\u00e9 run et les pizzas de Johnny Farfalle qui furent 2 animations \u00e0 grands succ\u00e8s.<\/p>\n<p><strong>Cette 4\u00e8me \u00e9dition est \u00e0 nouveau une belle r\u00e9ussite.<\/strong> L&rsquo;\u00e9quipe d&rsquo;Exaequo est heureuse et fi\u00e8re de cet \u00e9v\u00e9nement qui a d\u00e9pass\u00e9 toutes ses esp\u00e9rances. On vous donne rendez-vous en 2025 pour une 5\u00e8me \u00e9dition encore plus exceptionnelle.<\/p>\n<p><strong>Un grand merci \u00e0 nos partenaires et b\u00e9n\u00e9voles qui ont fait de cet \u00e9v\u00e9nement une r\u00e9ussite.<\/strong><\/p>\n<p>Cr\u00e9dits photos : Jonathan Biche[\/vc_column_text][\/vc_column][\/vc_row][vc_row type=\u00a0\u00bbin_container\u00a0\u00bb full_screen_row_position=\u00a0\u00bbmiddle\u00a0\u00bb column_margin=\u00a0\u00bbdefault\u00a0\u00bb column_direction=\u00a0\u00bbdefault\u00a0\u00bb column_direction_tablet=\u00a0\u00bbdefault\u00a0\u00bb column_direction_phone=\u00a0\u00bbdefault\u00a0\u00bb scene_position=\u00a0\u00bbcenter\u00a0\u00bb text_color=\u00a0\u00bbdark\u00a0\u00bb text_align=\u00a0\u00bbleft\u00a0\u00bb row_border_radius=\u00a0\u00bbnone\u00a0\u00bb row_border_radius_applies=\u00a0\u00bbbg\u00a0\u00bb overlay_strength=\u00a0\u00bb0.3&Prime; gradient_direction=\u00a0\u00bbleft_to_right\u00a0\u00bb shape_divider_position=\u00a0\u00bbbottom\u00a0\u00bb bg_image_animation=\u00a0\u00bbnone\u00a0\u00bb][vc_column column_padding=\u00a0\u00bbno-extra-padding\u00a0\u00bb column_padding_tablet=\u00a0\u00bbinherit\u00a0\u00bb column_padding_phone=\u00a0\u00bbinherit\u00a0\u00bb column_padding_position=\u00a0\u00bball\u00a0\u00bb background_color_opacity=\u00a0\u00bb1&Prime; background_hover_color_opacity=\u00a0\u00bb1&Prime; column_shadow=\u00a0\u00bbnone\u00a0\u00bb column_border_radius=\u00a0\u00bbnone\u00a0\u00bb column_link_target=\u00a0\u00bb_self\u00a0\u00bb gradient_direction=\u00a0\u00bbleft_to_right\u00a0\u00bb overlay_strength=\u00a0\u00bb0.3&Prime; width=\u00a0\u00bb1\/1&Prime; tablet_width_inherit=\u00a0\u00bbdefault\u00a0\u00bb tablet_text_alignment=\u00a0\u00bbdefault\u00a0\u00bb phone_text_alignment=\u00a0\u00bbdefault\u00a0\u00bb column_border_width=\u00a0\u00bbnone\u00a0\u00bb column_border_style=\u00a0\u00bbsolid\u00a0\u00bb bg_image_animation=\u00a0\u00bbnone\u00a0\u00bb][vc_column_text]D\u00e9couvrez nos autres \u00e9v\u00e8nements outdoor en cliquant <a href=\"https:\/\/exaequo-communication.fr\/#sportevent\">ICI<\/a>.[\/vc_column_text][\/vc_column][\/vc_row]\n","protected":false},"excerpt":{"rendered":"<p>Plus de 2000 participants ont pris le d\u00e9part du Rock n&rsquo;Trail le weekend du 20 &amp; 21 avril 2024.<\/p>\n","protected":false},"author":22,"featured_media":15134,"comment_status":"closed","ping_status":"closed","sticky":false,"template":"","format":"standard","meta":{"footnotes":""},"categories":[1],"tags":[],"class_list":{"0":"post-15110","1":"post","2":"type-post","3":"status-publish","4":"format-standard","5":"has-post-thumbnail","7":"category-actualites"},"yoast_head":"<!-- This site is optimized with the Yoast SEO plugin v27.0 - https:\/\/yoast.com\/product\/yoast-seo-wordpress\/ -->\n<title>Retour sur la 4\u00e8me \u00e9dition du Rock n&#039;Trail<\/title>\n<meta name=\"description\" content=\"Plus de 2000 participants ont pris le d\u00e9part du Rock n&#039;Trail le weekend du 20 &amp; 21 avril 2024 dans la carri\u00e8re de Muneville-le-Bingard.\" \/>\n<meta name=\"robots\" content=\"index, follow, max-snippet:-1, max-image-preview:large, max-video-preview:-1\" \/>\n<link rel=\"canonical\" href=\"https:\/\/exaequo-communication.fr\/index.php\/2024\/04\/26\/retour-rockntrail-2024\/\" \/>\n<meta property=\"og:locale\" content=\"fr_FR\" \/>\n<meta property=\"og:type\" content=\"article\" \/>\n<meta property=\"og:title\" content=\"Retour en images sur la 4\u00e8me \u00e9dition du Rock n&#039;Trail\" \/>\n<meta property=\"og:description\" content=\"Plus de 2000 participants ont pris le d\u00e9part du Rock n&#039;Trail le weekend du 20 &amp; 21 avril 2024 dans la carri\u00e8re de Muneville-le-Bingard.\" \/>\n<meta property=\"og:url\" content=\"https:\/\/exaequo-communication.fr\/index.php\/2024\/04\/26\/retour-rockntrail-2024\/\" \/>\n<meta property=\"og:site_name\" content=\"Exaequo communication\" \/>\n<meta property=\"article:published_time\" content=\"2024-04-26T08:21:46+00:00\" \/>\n<meta property=\"og:image\" content=\"https:\/\/exaequo-communication.fr\/wp-content\/uploads\/2024\/04\/RockNTrail24-Jonathan-415-scaled.jpg\" \/>\n\t<meta property=\"og:image:width\" content=\"2560\" \/>\n\t<meta property=\"og:image:height\" content=\"1707\" \/>\n\t<meta property=\"og:image:type\" content=\"image\/jpeg\" \/>\n<meta name=\"author\" content=\"Noah\" \/>\n<meta name=\"twitter:card\" content=\"summary_large_image\" \/>\n<meta name=\"twitter:title\" content=\"Retour en images sur la 3\u00e8me \u00e9dition du Rock n&#039;Trail\" \/>\n<meta name=\"twitter:description\" content=\"Plus de 1500 participants ont pris le d\u00e9part du Rock n&#039;Trail le weekend du 29 &amp; 30 avril 2023 dans la carri\u00e8re de Muneville-le-Bingard.\" \/>\n<meta name=\"twitter:image\" content=\"https:\/\/exaequo-communication.fr\/wp-content\/uploads\/2023\/05\/RockNTrail23-\u00a9AlexisBerg-7305-scaled.jpg\" \/>\n<meta name=\"twitter:label1\" content=\"\u00c9crit par\" \/>\n\t<meta name=\"twitter:data1\" content=\"Noah\" \/>\n\t<meta name=\"twitter:label2\" content=\"Dur\u00e9e de lecture estim\u00e9e\" \/>\n\t<meta name=\"twitter:data2\" content=\"6 minutes\" \/>\n<script type=\"application\/ld+json\" class=\"yoast-schema-graph\">{\"@context\":\"https:\/\/schema.org\",\"@graph\":[{\"@type\":\"Article\",\"@id\":\"https:\/\/exaequo-communication.fr\/index.php\/2024\/04\/26\/retour-rockntrail-2024\/#article\",\"isPartOf\":{\"@id\":\"https:\/\/exaequo-communication.fr\/index.php\/2024\/04\/26\/retour-rockntrail-2024\/\"},\"author\":{\"name\":\"Noah\",\"@id\":\"https:\/\/exaequo-communication.fr\/#\/schema\/person\/c28633f3a7c202e5c427512376a2e7ca\"},\"headline\":\"Retour sur la 4\u00e8me \u00e9dition du Rock n&rsquo;Trail\",\"datePublished\":\"2024-04-26T08:21:46+00:00\",\"mainEntityOfPage\":{\"@id\":\"https:\/\/exaequo-communication.fr\/index.php\/2024\/04\/26\/retour-rockntrail-2024\/\"},\"wordCount\":1177,\"image\":{\"@id\":\"https:\/\/exaequo-communication.fr\/index.php\/2024\/04\/26\/retour-rockntrail-2024\/#primaryimage\"},\"thumbnailUrl\":\"https:\/\/exaequo-communication.fr\/wp-content\/uploads\/2024\/04\/RockNTrail24-Jonathan-415-scaled.jpg\",\"articleSection\":[\"Actualit\u00e9s\"],\"inLanguage\":\"fr-FR\"},{\"@type\":\"WebPage\",\"@id\":\"https:\/\/exaequo-communication.fr\/index.php\/2024\/04\/26\/retour-rockntrail-2024\/\",\"url\":\"https:\/\/exaequo-communication.fr\/index.php\/2024\/04\/26\/retour-rockntrail-2024\/\",\"name\":\"Retour sur la 4\u00e8me \u00e9dition du Rock n'Trail\",\"isPartOf\":{\"@id\":\"https:\/\/exaequo-communication.fr\/#website\"},\"primaryImageOfPage\":{\"@id\":\"https:\/\/exaequo-communication.fr\/index.php\/2024\/04\/26\/retour-rockntrail-2024\/#primaryimage\"},\"image\":{\"@id\":\"https:\/\/exaequo-communication.fr\/index.php\/2024\/04\/26\/retour-rockntrail-2024\/#primaryimage\"},\"thumbnailUrl\":\"https:\/\/exaequo-communication.fr\/wp-content\/uploads\/2024\/04\/RockNTrail24-Jonathan-415-scaled.jpg\",\"datePublished\":\"2024-04-26T08:21:46+00:00\",\"author\":{\"@id\":\"https:\/\/exaequo-communication.fr\/#\/schema\/person\/c28633f3a7c202e5c427512376a2e7ca\"},\"description\":\"Plus de 2000 participants ont pris le d\u00e9part du Rock n'Trail le weekend du 20 & 21 avril 2024 dans la carri\u00e8re de Muneville-le-Bingard.\",\"breadcrumb\":{\"@id\":\"https:\/\/exaequo-communication.fr\/index.php\/2024\/04\/26\/retour-rockntrail-2024\/#breadcrumb\"},\"inLanguage\":\"fr-FR\",\"potentialAction\":[{\"@type\":\"ReadAction\",\"target\":[\"https:\/\/exaequo-communication.fr\/index.php\/2024\/04\/26\/retour-rockntrail-2024\/\"]}]},{\"@type\":\"ImageObject\",\"inLanguage\":\"fr-FR\",\"@id\":\"https:\/\/exaequo-communication.fr\/index.php\/2024\/04\/26\/retour-rockntrail-2024\/#primaryimage\",\"url\":\"https:\/\/exaequo-communication.fr\/wp-content\/uploads\/2024\/04\/RockNTrail24-Jonathan-415-scaled.jpg\",\"contentUrl\":\"https:\/\/exaequo-communication.fr\/wp-content\/uploads\/2024\/04\/RockNTrail24-Jonathan-415-scaled.jpg\",\"width\":2560,\"height\":1707},{\"@type\":\"BreadcrumbList\",\"@id\":\"https:\/\/exaequo-communication.fr\/index.php\/2024\/04\/26\/retour-rockntrail-2024\/#breadcrumb\",\"itemListElement\":[{\"@type\":\"ListItem\",\"position\":1,\"name\":\"Accueil\",\"item\":\"https:\/\/exaequo-communication.fr\/\"},{\"@type\":\"ListItem\",\"position\":2,\"name\":\"Retour sur la 4\u00e8me \u00e9dition du Rock n&rsquo;Trail\"}]},{\"@type\":\"WebSite\",\"@id\":\"https:\/\/exaequo-communication.fr\/#website\",\"url\":\"https:\/\/exaequo-communication.fr\/\",\"name\":\"Exaequo communication\",\"description\":\"\",\"potentialAction\":[{\"@type\":\"SearchAction\",\"target\":{\"@type\":\"EntryPoint\",\"urlTemplate\":\"https:\/\/exaequo-communication.fr\/?s={search_term_string}\"},\"query-input\":{\"@type\":\"PropertyValueSpecification\",\"valueRequired\":true,\"valueName\":\"search_term_string\"}}],\"inLanguage\":\"fr-FR\"},{\"@type\":\"Person\",\"@id\":\"https:\/\/exaequo-communication.fr\/#\/schema\/person\/c28633f3a7c202e5c427512376a2e7ca\",\"name\":\"Noah\",\"image\":{\"@type\":\"ImageObject\",\"inLanguage\":\"fr-FR\",\"@id\":\"https:\/\/exaequo-communication.fr\/#\/schema\/person\/image\/\",\"url\":\"https:\/\/secure.gravatar.com\/avatar\/70d12748ddaeba8bad327e70a86dffe52c00c33c30dcf0e3cfee09d9e7293b61?s=96&d=mm&r=g\",\"contentUrl\":\"https:\/\/secure.gravatar.com\/avatar\/70d12748ddaeba8bad327e70a86dffe52c00c33c30dcf0e3cfee09d9e7293b61?s=96&d=mm&r=g\",\"caption\":\"Noah\"},\"url\":\"https:\/\/exaequo-communication.fr\/index.php\/author\/noah\/\"}]}<\/script>\n<!-- \/ Yoast SEO plugin. -->","yoast_head_json":{"title":"Retour sur la 4\u00e8me \u00e9dition du Rock n'Trail","description":"Plus de 2000 participants ont pris le d\u00e9part du Rock n'Trail le weekend du 20 & 21 avril 2024 dans la carri\u00e8re de Muneville-le-Bingard.","robots":{"index":"index","follow":"follow","max-snippet":"max-snippet:-1","max-image-preview":"max-image-preview:large","max-video-preview":"max-video-preview:-1"},"canonical":"https:\/\/exaequo-communication.fr\/index.php\/2024\/04\/26\/retour-rockntrail-2024\/","og_locale":"fr_FR","og_type":"article","og_title":"Retour en images sur la 4\u00e8me \u00e9dition du Rock n'Trail","og_description":"Plus de 2000 participants ont pris le d\u00e9part du Rock n'Trail le weekend du 20 & 21 avril 2024 dans la carri\u00e8re de Muneville-le-Bingard.","og_url":"https:\/\/exaequo-communication.fr\/index.php\/2024\/04\/26\/retour-rockntrail-2024\/","og_site_name":"Exaequo communication","article_published_time":"2024-04-26T08:21:46+00:00","og_image":[{"width":2560,"height":1707,"url":"https:\/\/exaequo-communication.fr\/wp-content\/uploads\/2024\/04\/RockNTrail24-Jonathan-415-scaled.jpg","type":"image\/jpeg"}],"author":"Noah","twitter_card":"summary_large_image","twitter_title":"Retour en images sur la 3\u00e8me \u00e9dition du Rock n'Trail","twitter_description":"Plus de 1500 participants ont pris le d\u00e9part du Rock n'Trail le weekend du 29 & 30 avril 2023 dans la carri\u00e8re de Muneville-le-Bingard.","twitter_image":"https:\/\/exaequo-communication.fr\/wp-content\/uploads\/2023\/05\/RockNTrail23-\u00a9AlexisBerg-7305-scaled.jpg","twitter_misc":{"\u00c9crit par":"Noah","Dur\u00e9e de lecture estim\u00e9e":"6 minutes"},"schema":{"@context":"https:\/\/schema.org","@graph":[{"@type":"Article","@id":"https:\/\/exaequo-communication.fr\/index.php\/2024\/04\/26\/retour-rockntrail-2024\/#article","isPartOf":{"@id":"https:\/\/exaequo-communication.fr\/index.php\/2024\/04\/26\/retour-rockntrail-2024\/"},"author":{"name":"Noah","@id":"https:\/\/exaequo-communication.fr\/#\/schema\/person\/c28633f3a7c202e5c427512376a2e7ca"},"headline":"Retour sur la 4\u00e8me \u00e9dition du Rock n&rsquo;Trail","datePublished":"2024-04-26T08:21:46+00:00","mainEntityOfPage":{"@id":"https:\/\/exaequo-communication.fr\/index.php\/2024\/04\/26\/retour-rockntrail-2024\/"},"wordCount":1177,"image":{"@id":"https:\/\/exaequo-communication.fr\/index.php\/2024\/04\/26\/retour-rockntrail-2024\/#primaryimage"},"thumbnailUrl":"https:\/\/exaequo-communication.fr\/wp-content\/uploads\/2024\/04\/RockNTrail24-Jonathan-415-scaled.jpg","articleSection":["Actualit\u00e9s"],"inLanguage":"fr-FR"},{"@type":"WebPage","@id":"https:\/\/exaequo-communication.fr\/index.php\/2024\/04\/26\/retour-rockntrail-2024\/","url":"https:\/\/exaequo-communication.fr\/index.php\/2024\/04\/26\/retour-rockntrail-2024\/","name":"Retour sur la 4\u00e8me \u00e9dition du Rock n'Trail","isPartOf":{"@id":"https:\/\/exaequo-communication.fr\/#website"},"primaryImageOfPage":{"@id":"https:\/\/exaequo-communication.fr\/index.php\/2024\/04\/26\/retour-rockntrail-2024\/#primaryimage"},"image":{"@id":"https:\/\/exaequo-communication.fr\/index.php\/2024\/04\/26\/retour-rockntrail-2024\/#primaryimage"},"thumbnailUrl":"https:\/\/exaequo-communication.fr\/wp-content\/uploads\/2024\/04\/RockNTrail24-Jonathan-415-scaled.jpg","datePublished":"2024-04-26T08:21:46+00:00","author":{"@id":"https:\/\/exaequo-communication.fr\/#\/schema\/person\/c28633f3a7c202e5c427512376a2e7ca"},"description":"Plus de 2000 participants ont pris le d\u00e9part du Rock n'Trail le weekend du 20 & 21 avril 2024 dans la carri\u00e8re de Muneville-le-Bingard.","breadcrumb":{"@id":"https:\/\/exaequo-communication.fr\/index.php\/2024\/04\/26\/retour-rockntrail-2024\/#breadcrumb"},"inLanguage":"fr-FR","potentialAction":[{"@type":"ReadAction","target":["https:\/\/exaequo-communication.fr\/index.php\/2024\/04\/26\/retour-rockntrail-2024\/"]}]},{"@type":"ImageObject","inLanguage":"fr-FR","@id":"https:\/\/exaequo-communication.fr\/index.php\/2024\/04\/26\/retour-rockntrail-2024\/#primaryimage","url":"https:\/\/exaequo-communication.fr\/wp-content\/uploads\/2024\/04\/RockNTrail24-Jonathan-415-scaled.jpg","contentUrl":"https:\/\/exaequo-communication.fr\/wp-content\/uploads\/2024\/04\/RockNTrail24-Jonathan-415-scaled.jpg","width":2560,"height":1707},{"@type":"BreadcrumbList","@id":"https:\/\/exaequo-communication.fr\/index.php\/2024\/04\/26\/retour-rockntrail-2024\/#breadcrumb","itemListElement":[{"@type":"ListItem","position":1,"name":"Accueil","item":"https:\/\/exaequo-communication.fr\/"},{"@type":"ListItem","position":2,"name":"Retour sur la 4\u00e8me \u00e9dition du Rock n&rsquo;Trail"}]},{"@type":"WebSite","@id":"https:\/\/exaequo-communication.fr\/#website","url":"https:\/\/exaequo-communication.fr\/","name":"Exaequo communication","description":"","potentialAction":[{"@type":"SearchAction","target":{"@type":"EntryPoint","urlTemplate":"https:\/\/exaequo-communication.fr\/?s={search_term_string}"},"query-input":{"@type":"PropertyValueSpecification","valueRequired":true,"valueName":"search_term_string"}}],"inLanguage":"fr-FR"},{"@type":"Person","@id":"https:\/\/exaequo-communication.fr\/#\/schema\/person\/c28633f3a7c202e5c427512376a2e7ca","name":"Noah","image":{"@type":"ImageObject","inLanguage":"fr-FR","@id":"https:\/\/exaequo-communication.fr\/#\/schema\/person\/image\/","url":"https:\/\/secure.gravatar.com\/avatar\/70d12748ddaeba8bad327e70a86dffe52c00c33c30dcf0e3cfee09d9e7293b61?s=96&d=mm&r=g","contentUrl":"https:\/\/secure.gravatar.com\/avatar\/70d12748ddaeba8bad327e70a86dffe52c00c33c30dcf0e3cfee09d9e7293b61?s=96&d=mm&r=g","caption":"Noah"},"url":"https:\/\/exaequo-communication.fr\/index.php\/author\/noah\/"}]}},"_links":{"self":[{"href":"https:\/\/exaequo-communication.fr\/index.php\/wp-json\/wp\/v2\/posts\/15110","targetHints":{"allow":["GET"]}}],"collection":[{"href":"https:\/\/exaequo-communication.fr\/index.php\/wp-json\/wp\/v2\/posts"}],"about":[{"href":"https:\/\/exaequo-communication.fr\/index.php\/wp-json\/wp\/v2\/types\/post"}],"author":[{"embeddable":true,"href":"https:\/\/exaequo-communication.fr\/index.php\/wp-json\/wp\/v2\/users\/22"}],"replies":[{"embeddable":true,"href":"https:\/\/exaequo-communication.fr\/index.php\/wp-json\/wp\/v2\/comments?post=15110"}],"version-history":[{"count":3,"href":"https:\/\/exaequo-communication.fr\/index.php\/wp-json\/wp\/v2\/posts\/15110\/revisions"}],"predecessor-version":[{"id":15137,"href":"https:\/\/exaequo-communication.fr\/index.php\/wp-json\/wp\/v2\/posts\/15110\/revisions\/15137"}],"wp:featuredmedia":[{"embeddable":true,"href":"https:\/\/exaequo-communication.fr\/index.php\/wp-json\/wp\/v2\/media\/15134"}],"wp:attachment":[{"href":"https:\/\/exaequo-communication.fr\/index.php\/wp-json\/wp\/v2\/media?parent=15110"}],"wp:term":[{"taxonomy":"category","embeddable":true,"href":"https:\/\/exaequo-communication.fr\/index.php\/wp-json\/wp\/v2\/categories?post=15110"},{"taxonomy":"post_tag","embeddable":true,"href":"https:\/\/exaequo-communication.fr\/index.php\/wp-json\/wp\/v2\/tags?post=15110"}],"curies":[{"name":"wp","href":"https:\/\/api.w.org\/{rel}","templated":true}]}}