{"id":15097,"date":"2024-04-16T14:09:55","date_gmt":"2024-04-16T12:09:55","guid":{"rendered":"https:\/\/exaequo-communication.fr\/?p=15097"},"modified":"2024-04-16T14:21:05","modified_gmt":"2024-04-16T12:21:05","slug":"jean-philppe-gatien-soiree-conference-club-du-sport","status":"publish","type":"post","link":"https:\/\/exaequo-communication.fr\/index.php\/2024\/04\/16\/jean-philppe-gatien-soiree-conference-club-du-sport\/","title":{"rendered":"Soir\u00e9e Conf\u00e9rence avec Jean-Philippe Gatien pour le Club du Sport"},"content":{"rendered":"[vc_row type=\u00a0\u00bbin_container\u00a0\u00bb full_screen_row_position=\u00a0\u00bbmiddle\u00a0\u00bb column_margin=\u00a0\u00bbdefault\u00a0\u00bb column_direction=\u00a0\u00bbdefault\u00a0\u00bb column_direction_tablet=\u00a0\u00bbdefault\u00a0\u00bb column_direction_phone=\u00a0\u00bbdefault\u00a0\u00bb scene_position=\u00a0\u00bbcenter\u00a0\u00bb top_padding=\u00a0\u00bb10&Prime; text_color=\u00a0\u00bbdark\u00a0\u00bb text_align=\u00a0\u00bbleft\u00a0\u00bb row_border_radius=\u00a0\u00bbnone\u00a0\u00bb row_border_radius_applies=\u00a0\u00bbbg\u00a0\u00bb overlay_strength=\u00a0\u00bb0.3&Prime; gradient_direction=\u00a0\u00bbleft_to_right\u00a0\u00bb shape_divider_position=\u00a0\u00bbbottom\u00a0\u00bb bg_image_animation=\u00a0\u00bbnone\u00a0\u00bb shape_type=\u00a0\u00bb\u00a0\u00bb][vc_column column_padding=\u00a0\u00bbno-extra-padding\u00a0\u00bb column_padding_tablet=\u00a0\u00bbinherit\u00a0\u00bb column_padding_phone=\u00a0\u00bbinherit\u00a0\u00bb column_padding_position=\u00a0\u00bball\u00a0\u00bb background_color_opacity=\u00a0\u00bb1&Prime; background_hover_color_opacity=\u00a0\u00bb1&Prime; column_shadow=\u00a0\u00bbnone\u00a0\u00bb column_border_radius=\u00a0\u00bbnone\u00a0\u00bb column_link_target=\u00a0\u00bb_self\u00a0\u00bb gradient_direction=\u00a0\u00bbleft_to_right\u00a0\u00bb overlay_strength=\u00a0\u00bb0.3&Prime; width=\u00a0\u00bb1\/2&Prime; tablet_width_inherit=\u00a0\u00bbdefault\u00a0\u00bb tablet_text_alignment=\u00a0\u00bbdefault\u00a0\u00bb phone_text_alignment=\u00a0\u00bbdefault\u00a0\u00bb column_border_width=\u00a0\u00bbnone\u00a0\u00bb column_border_style=\u00a0\u00bbsolid\u00a0\u00bb bg_image_animation=\u00a0\u00bbnone\u00a0\u00bb][vc_gallery type=\u00a0\u00bbflexslider_style\u00a0\u00bb images=\u00a0\u00bb15100,15101,15102,15103,15104,15105,15106,15107,15099&Prime; onclick=\u00a0\u00bblink_no\u00a0\u00bb][\/vc_column][vc_column column_padding=\u00a0\u00bbno-extra-padding\u00a0\u00bb column_padding_tablet=\u00a0\u00bbinherit\u00a0\u00bb column_padding_phone=\u00a0\u00bbinherit\u00a0\u00bb column_padding_position=\u00a0\u00bball\u00a0\u00bb background_color_opacity=\u00a0\u00bb1&Prime; background_hover_color_opacity=\u00a0\u00bb1&Prime; column_shadow=\u00a0\u00bbnone\u00a0\u00bb column_border_radius=\u00a0\u00bbnone\u00a0\u00bb column_link_target=\u00a0\u00bb_self\u00a0\u00bb gradient_direction=\u00a0\u00bbleft_to_right\u00a0\u00bb overlay_strength=\u00a0\u00bb0.3&Prime; width=\u00a0\u00bb1\/2&Prime; tablet_width_inherit=\u00a0\u00bbdefault\u00a0\u00bb tablet_text_alignment=\u00a0\u00bbdefault\u00a0\u00bb phone_text_alignment=\u00a0\u00bbdefault\u00a0\u00bb column_border_width=\u00a0\u00bbnone\u00a0\u00bb column_border_style=\u00a0\u00bbsolid\u00a0\u00bb bg_image_animation=\u00a0\u00bbnone\u00a0\u00bb][split_line_heading animation_type=\u00a0\u00bbdefault\u00a0\u00bb]\n<h3>Soir\u00e9e Conf\u00e9rence avec Jean-Philippe Gatien pour le Club du Sport<\/h3>\n<p>Hier soir avait lieu la soir\u00e9e du <a href=\"https:\/\/exaequo-communication.fr\/index.php\/coaching-sportif\/\" target=\"_blank\" rel=\"noopener\"><strong>Club du Sport<\/strong><\/a> en compagnie du pongiste <strong>double M\u00e9daill\u00e9 Olympique et Champion du Monde<\/strong>, Jean-Philippe Gatien. L&rsquo;ensemble des invit\u00e9s avait rendez-vous \u00e0 la salle des f\u00eates de Mondeville pour retracer son parcours, ses victoires, ses engagements et ses anecdotes.[\/split_line_heading][\/vc_column][\/vc_row][vc_row type=\u00a0\u00bbin_container\u00a0\u00bb full_screen_row_position=\u00a0\u00bbmiddle\u00a0\u00bb column_margin=\u00a0\u00bbdefault\u00a0\u00bb column_direction=\u00a0\u00bbdefault\u00a0\u00bb column_direction_tablet=\u00a0\u00bbdefault\u00a0\u00bb column_direction_phone=\u00a0\u00bbdefault\u00a0\u00bb scene_position=\u00a0\u00bbcenter\u00a0\u00bb text_color=\u00a0\u00bbdark\u00a0\u00bb text_align=\u00a0\u00bbleft\u00a0\u00bb row_border_radius=\u00a0\u00bbnone\u00a0\u00bb row_border_radius_applies=\u00a0\u00bbbg\u00a0\u00bb overlay_strength=\u00a0\u00bb0.3&Prime; gradient_direction=\u00a0\u00bbleft_to_right\u00a0\u00bb shape_divider_position=\u00a0\u00bbbottom\u00a0\u00bb bg_image_animation=\u00a0\u00bbnone\u00a0\u00bb][vc_column column_padding=\u00a0\u00bbno-extra-padding\u00a0\u00bb column_padding_tablet=\u00a0\u00bbinherit\u00a0\u00bb column_padding_phone=\u00a0\u00bbinherit\u00a0\u00bb column_padding_position=\u00a0\u00bball\u00a0\u00bb background_color_opacity=\u00a0\u00bb1&Prime; background_hover_color_opacity=\u00a0\u00bb1&Prime; column_shadow=\u00a0\u00bbnone\u00a0\u00bb column_border_radius=\u00a0\u00bbnone\u00a0\u00bb column_link_target=\u00a0\u00bb_self\u00a0\u00bb gradient_direction=\u00a0\u00bbleft_to_right\u00a0\u00bb overlay_strength=\u00a0\u00bb0.3&Prime; width=\u00a0\u00bb1\/1&Prime; tablet_width_inherit=\u00a0\u00bbdefault\u00a0\u00bb tablet_text_alignment=\u00a0\u00bbdefault\u00a0\u00bb phone_text_alignment=\u00a0\u00bbdefault\u00a0\u00bb column_border_width=\u00a0\u00bbnone\u00a0\u00bb column_border_style=\u00a0\u00bbsolid\u00a0\u00bb bg_image_animation=\u00a0\u00bbnone\u00a0\u00bb][vc_column_text]\u00c0 quelques mois des Jeux Olympiques, l\u2019invit\u00e9 de la traditionnelle soir\u00e9e conf\u00e9rence du <strong><a href=\"https:\/\/exaequo-communication.fr\/index.php\/club-du-sport\/\">Club du Sport<\/a><\/strong> \u00e9tait tout trouv\u00e9. Le Champion de cette soir\u00e9e \u00e9tait <strong>Jean Philippe Gatien<\/strong>, <strong>pongiste double M\u00e9daill\u00e9 Olympique et Champion du Monde<\/strong>. Il n&rsquo;aura pas laiss\u00e9 indiff\u00e9rent les 180 personnes pr\u00e9sentes pour l&rsquo;\u00e9v\u00e9nement.<\/p>\n<p>Le temps d&rsquo;une soir\u00e9e, il est revenu sur les temps forts de sa carri\u00e8re de <strong>pongiste<\/strong>. Et notamment sur sa <strong>double m\u00e9daille olympique<\/strong>. Mais aussi sur son<strong> titre de champion du Monde<\/strong> 1993 \u00e0 G\u00f6teborg. Le tout avant de parler de son engagement et de son ancien poste de <strong>Directeur Ex\u00e9cutif &#8211; Sport de Paris 2024<\/strong>.<\/p>\n<p>Ce f\u00fbt ensuite l\u2019occasion pour les membres du Club du Sport de participer au grand quiz de la soir\u00e9e. F\u00e9licitation \u00e0 Thierry Fouchard, Jacques-Andr\u00e9 Levesque et Rapha\u00ebl Courois qui sont chacun r\u00e9partis avec <strong>2 places pour l&rsquo;\u00e9preuve d&rsquo;athl\u00e9tisme des Jeux Olympiques<\/strong>.<\/p>\n<p><strong>Un \u00e9change tr\u00e8s enrichissant et motivant pour nos invit\u00e9s, avides d\u2019en savoir plus sur ce pongiste.<\/strong>\u00a0<strong>Encore une soir\u00e9e qui a permis d\u2019aller au\u00a0<\/strong><strong>c\u0153ur<\/strong><strong>\u00a0du sport, cette passion qui nous fait tous vibrer.<\/strong>[\/vc_column_text][\/vc_column][\/vc_row][vc_row type=\u00a0\u00bbin_container\u00a0\u00bb full_screen_row_position=\u00a0\u00bbmiddle\u00a0\u00bb column_margin=\u00a0\u00bbdefault\u00a0\u00bb column_direction=\u00a0\u00bbdefault\u00a0\u00bb column_direction_tablet=\u00a0\u00bbdefault\u00a0\u00bb column_direction_phone=\u00a0\u00bbdefault\u00a0\u00bb scene_position=\u00a0\u00bbcenter\u00a0\u00bb text_color=\u00a0\u00bbdark\u00a0\u00bb text_align=\u00a0\u00bbleft\u00a0\u00bb row_border_radius=\u00a0\u00bbnone\u00a0\u00bb row_border_radius_applies=\u00a0\u00bbbg\u00a0\u00bb overlay_strength=\u00a0\u00bb0.3&Prime; gradient_direction=\u00a0\u00bbleft_to_right\u00a0\u00bb shape_divider_position=\u00a0\u00bbbottom\u00a0\u00bb bg_image_animation=\u00a0\u00bbnone\u00a0\u00bb][vc_column column_padding=\u00a0\u00bbno-extra-padding\u00a0\u00bb column_padding_tablet=\u00a0\u00bbinherit\u00a0\u00bb column_padding_phone=\u00a0\u00bbinherit\u00a0\u00bb column_padding_position=\u00a0\u00bball\u00a0\u00bb background_color_opacity=\u00a0\u00bb1&Prime; background_hover_color_opacity=\u00a0\u00bb1&Prime; column_shadow=\u00a0\u00bbnone\u00a0\u00bb column_border_radius=\u00a0\u00bbnone\u00a0\u00bb column_link_target=\u00a0\u00bb_self\u00a0\u00bb gradient_direction=\u00a0\u00bbleft_to_right\u00a0\u00bb overlay_strength=\u00a0\u00bb0.3&Prime; width=\u00a0\u00bb1\/1&Prime; tablet_width_inherit=\u00a0\u00bbdefault\u00a0\u00bb tablet_text_alignment=\u00a0\u00bbdefault\u00a0\u00bb phone_text_alignment=\u00a0\u00bbdefault\u00a0\u00bb column_border_width=\u00a0\u00bbnone\u00a0\u00bb column_border_style=\u00a0\u00bbsolid\u00a0\u00bb bg_image_animation=\u00a0\u00bbnone\u00a0\u00bb][vc_column_text]Envie d&rsquo;en savoir plus sur le Club du Sport : <strong><a href=\"https:\/\/exaequo-communication.fr\/index.php\/coaching-sportif\/\" target=\"_blank\" rel=\"noopener\">cliquez-ici<\/a>.<\/strong><\/p>\n<p>Cr\u00e9dit photos : <a href=\"http:\/\/le7emestudio.fr\/\" target=\"_blank\" rel=\"noopener\"><strong>Le 7eme studio<\/strong><\/a>[\/vc_column_text][\/vc_column][\/vc_row]\n","protected":false},"excerpt":{"rendered":"<p>Jean-Philippe Gatien \u00e9tait l&rsquo;invit\u00e9 d&rsquo;honneur de la Soir\u00e9e Conf\u00e9rence du Club du Sport qui a eu lieu le 26 mars \u00e0 la salle des f\u00eates de Mondeville.<\/p>\n","protected":false},"author":22,"featured_media":15100,"comment_status":"closed","ping_status":"closed","sticky":false,"template":"","format":"standard","meta":{"footnotes":""},"categories":[1,176],"tags":[],"class_list":{"0":"post-15097","1":"post","2":"type-post","3":"status-publish","4":"format-standard","5":"has-post-thumbnail","7":"category-actualites","8":"category-corporate"},"yoast_head":"<!-- This site is optimized with the Yoast SEO plugin v27.0 - https:\/\/yoast.com\/product\/yoast-seo-wordpress\/ -->\n<title>Soir\u00e9e Conf\u00e9rence avec Jean-Philippe Gatien - Exaequo<\/title>\n<meta name=\"description\" content=\"Jean-Philippe Gatien \u00e9tait l&#039;invit\u00e9 d&#039;honneur de la Soir\u00e9e Conf\u00e9rence du Club du Sport qui a eu lieu le 26 mars.\" \/>\n<meta name=\"robots\" content=\"index, follow, max-snippet:-1, max-image-preview:large, max-video-preview:-1\" \/>\n<link rel=\"canonical\" href=\"https:\/\/exaequo-communication.fr\/index.php\/2024\/04\/16\/jean-philppe-gatien-soiree-conference-club-du-sport\/\" \/>\n<meta property=\"og:locale\" content=\"fr_FR\" \/>\n<meta property=\"og:type\" content=\"article\" \/>\n<meta property=\"og:title\" content=\"Soir\u00e9e Conf\u00e9rence avec Jean-Philippe Gatien - Exaequo\" \/>\n<meta property=\"og:description\" content=\"Jean-Philippe Gatien \u00e9tait l&#039;invit\u00e9 d&#039;honneur de la Soir\u00e9e Conf\u00e9rence du Club du Sport qui a eu lieu le 26 mars.\" \/>\n<meta property=\"og:url\" content=\"https:\/\/exaequo-communication.fr\/index.php\/2024\/04\/16\/jean-philppe-gatien-soiree-conference-club-du-sport\/\" \/>\n<meta property=\"og:site_name\" content=\"Exaequo communication\" \/>\n<meta property=\"article:published_time\" content=\"2024-04-16T12:09:55+00:00\" \/>\n<meta property=\"article:modified_time\" content=\"2024-04-16T12:21:05+00:00\" \/>\n<meta property=\"og:image\" content=\"https:\/\/exaequo-communication.fr\/wp-content\/uploads\/2024\/04\/240326-2212-Exaequo_SoireeClubDuSport-_A755609\u00a9le7emeStudio.fr_-scaled.jpg\" \/>\n\t<meta property=\"og:image:width\" content=\"1484\" \/>\n\t<meta property=\"og:image:height\" content=\"1024\" \/>\n\t<meta property=\"og:image:type\" content=\"image\/jpeg\" \/>\n<meta name=\"author\" content=\"Noah\" \/>\n<meta name=\"twitter:card\" content=\"summary_large_image\" \/>\n<meta name=\"twitter:title\" content=\"Soir\u00e9e Conf\u00e9rence avec Fabien Pelous pour le Club du Sport\" \/>\n<meta name=\"twitter:description\" content=\"Fabien Pelous \u00e9tait l&#039;invit\u00e9 d&#039;honneur de la Soir\u00e9e Conf\u00e9rence du Club du Sport qui a eu lieu le 30 mars \u00e0 la salle des f\u00eates de Mondeville.\" \/>\n<meta name=\"twitter:image\" content=\"https:\/\/exaequo-communication.fr\/wp-content\/uploads\/2023\/03\/2258-012\u00a9laurentbesnehard.com_.jpg\" \/>\n<meta name=\"twitter:label1\" content=\"\u00c9crit par\" \/>\n\t<meta name=\"twitter:data1\" content=\"Noah\" \/>\n\t<meta name=\"twitter:label2\" content=\"Dur\u00e9e de lecture estim\u00e9e\" \/>\n\t<meta name=\"twitter:data2\" content=\"3 minutes\" \/>\n<script type=\"application\/ld+json\" class=\"yoast-schema-graph\">{\"@context\":\"https:\/\/schema.org\",\"@graph\":[{\"@type\":\"Article\",\"@id\":\"https:\/\/exaequo-communication.fr\/index.php\/2024\/04\/16\/jean-philppe-gatien-soiree-conference-club-du-sport\/#article\",\"isPartOf\":{\"@id\":\"https:\/\/exaequo-communication.fr\/index.php\/2024\/04\/16\/jean-philppe-gatien-soiree-conference-club-du-sport\/\"},\"author\":{\"name\":\"Noah\",\"@id\":\"https:\/\/exaequo-communication.fr\/#\/schema\/person\/c28633f3a7c202e5c427512376a2e7ca\"},\"headline\":\"Soir\u00e9e Conf\u00e9rence avec Jean-Philippe Gatien pour le Club du Sport\",\"datePublished\":\"2024-04-16T12:09:55+00:00\",\"dateModified\":\"2024-04-16T12:21:05+00:00\",\"mainEntityOfPage\":{\"@id\":\"https:\/\/exaequo-communication.fr\/index.php\/2024\/04\/16\/jean-philppe-gatien-soiree-conference-club-du-sport\/\"},\"wordCount\":780,\"image\":{\"@id\":\"https:\/\/exaequo-communication.fr\/index.php\/2024\/04\/16\/jean-philppe-gatien-soiree-conference-club-du-sport\/#primaryimage\"},\"thumbnailUrl\":\"https:\/\/exaequo-communication.fr\/wp-content\/uploads\/2024\/04\/240326-2212-Exaequo_SoireeClubDuSport-_A755609\u00a9le7emeStudio.fr_-scaled.jpg\",\"articleSection\":[\"Actualit\u00e9s\",\"Corporate\"],\"inLanguage\":\"fr-FR\"},{\"@type\":\"WebPage\",\"@id\":\"https:\/\/exaequo-communication.fr\/index.php\/2024\/04\/16\/jean-philppe-gatien-soiree-conference-club-du-sport\/\",\"url\":\"https:\/\/exaequo-communication.fr\/index.php\/2024\/04\/16\/jean-philppe-gatien-soiree-conference-club-du-sport\/\",\"name\":\"Soir\u00e9e Conf\u00e9rence avec Jean-Philippe Gatien - Exaequo\",\"isPartOf\":{\"@id\":\"https:\/\/exaequo-communication.fr\/#website\"},\"primaryImageOfPage\":{\"@id\":\"https:\/\/exaequo-communication.fr\/index.php\/2024\/04\/16\/jean-philppe-gatien-soiree-conference-club-du-sport\/#primaryimage\"},\"image\":{\"@id\":\"https:\/\/exaequo-communication.fr\/index.php\/2024\/04\/16\/jean-philppe-gatien-soiree-conference-club-du-sport\/#primaryimage\"},\"thumbnailUrl\":\"https:\/\/exaequo-communication.fr\/wp-content\/uploads\/2024\/04\/240326-2212-Exaequo_SoireeClubDuSport-_A755609\u00a9le7emeStudio.fr_-scaled.jpg\",\"datePublished\":\"2024-04-16T12:09:55+00:00\",\"dateModified\":\"2024-04-16T12:21:05+00:00\",\"author\":{\"@id\":\"https:\/\/exaequo-communication.fr\/#\/schema\/person\/c28633f3a7c202e5c427512376a2e7ca\"},\"description\":\"Jean-Philippe Gatien \u00e9tait l'invit\u00e9 d'honneur de la Soir\u00e9e Conf\u00e9rence du Club du Sport qui a eu lieu le 26 mars.\",\"breadcrumb\":{\"@id\":\"https:\/\/exaequo-communication.fr\/index.php\/2024\/04\/16\/jean-philppe-gatien-soiree-conference-club-du-sport\/#breadcrumb\"},\"inLanguage\":\"fr-FR\",\"potentialAction\":[{\"@type\":\"ReadAction\",\"target\":[\"https:\/\/exaequo-communication.fr\/index.php\/2024\/04\/16\/jean-philppe-gatien-soiree-conference-club-du-sport\/\"]}]},{\"@type\":\"ImageObject\",\"inLanguage\":\"fr-FR\",\"@id\":\"https:\/\/exaequo-communication.fr\/index.php\/2024\/04\/16\/jean-philppe-gatien-soiree-conference-club-du-sport\/#primaryimage\",\"url\":\"https:\/\/exaequo-communication.fr\/wp-content\/uploads\/2024\/04\/240326-2212-Exaequo_SoireeClubDuSport-_A755609\u00a9le7emeStudio.fr_-scaled.jpg\",\"contentUrl\":\"https:\/\/exaequo-communication.fr\/wp-content\/uploads\/2024\/04\/240326-2212-Exaequo_SoireeClubDuSport-_A755609\u00a9le7emeStudio.fr_-scaled.jpg\",\"width\":1484,\"height\":1024,\"caption\":\"Soir\u00e9e conf\u00e9rence Jean-Philippe Gatien\"},{\"@type\":\"BreadcrumbList\",\"@id\":\"https:\/\/exaequo-communication.fr\/index.php\/2024\/04\/16\/jean-philppe-gatien-soiree-conference-club-du-sport\/#breadcrumb\",\"itemListElement\":[{\"@type\":\"ListItem\",\"position\":1,\"name\":\"Accueil\",\"item\":\"https:\/\/exaequo-communication.fr\/\"},{\"@type\":\"ListItem\",\"position\":2,\"name\":\"Soir\u00e9e Conf\u00e9rence avec Jean-Philippe Gatien pour le Club du Sport\"}]},{\"@type\":\"WebSite\",\"@id\":\"https:\/\/exaequo-communication.fr\/#website\",\"url\":\"https:\/\/exaequo-communication.fr\/\",\"name\":\"Exaequo communication\",\"description\":\"\",\"potentialAction\":[{\"@type\":\"SearchAction\",\"target\":{\"@type\":\"EntryPoint\",\"urlTemplate\":\"https:\/\/exaequo-communication.fr\/?s={search_term_string}\"},\"query-input\":{\"@type\":\"PropertyValueSpecification\",\"valueRequired\":true,\"valueName\":\"search_term_string\"}}],\"inLanguage\":\"fr-FR\"},{\"@type\":\"Person\",\"@id\":\"https:\/\/exaequo-communication.fr\/#\/schema\/person\/c28633f3a7c202e5c427512376a2e7ca\",\"name\":\"Noah\",\"image\":{\"@type\":\"ImageObject\",\"inLanguage\":\"fr-FR\",\"@id\":\"https:\/\/exaequo-communication.fr\/#\/schema\/person\/image\/\",\"url\":\"https:\/\/secure.gravatar.com\/avatar\/70d12748ddaeba8bad327e70a86dffe52c00c33c30dcf0e3cfee09d9e7293b61?s=96&d=mm&r=g\",\"contentUrl\":\"https:\/\/secure.gravatar.com\/avatar\/70d12748ddaeba8bad327e70a86dffe52c00c33c30dcf0e3cfee09d9e7293b61?s=96&d=mm&r=g\",\"caption\":\"Noah\"},\"url\":\"https:\/\/exaequo-communication.fr\/index.php\/author\/noah\/\"}]}<\/script>\n<!-- \/ Yoast SEO plugin. -->","yoast_head_json":{"title":"Soir\u00e9e Conf\u00e9rence avec Jean-Philippe Gatien - Exaequo","description":"Jean-Philippe Gatien \u00e9tait l'invit\u00e9 d'honneur de la Soir\u00e9e Conf\u00e9rence du Club du Sport qui a eu lieu le 26 mars.","robots":{"index":"index","follow":"follow","max-snippet":"max-snippet:-1","max-image-preview":"max-image-preview:large","max-video-preview":"max-video-preview:-1"},"canonical":"https:\/\/exaequo-communication.fr\/index.php\/2024\/04\/16\/jean-philppe-gatien-soiree-conference-club-du-sport\/","og_locale":"fr_FR","og_type":"article","og_title":"Soir\u00e9e Conf\u00e9rence avec Jean-Philippe Gatien - Exaequo","og_description":"Jean-Philippe Gatien \u00e9tait l'invit\u00e9 d'honneur de la Soir\u00e9e Conf\u00e9rence du Club du Sport qui a eu lieu le 26 mars.","og_url":"https:\/\/exaequo-communication.fr\/index.php\/2024\/04\/16\/jean-philppe-gatien-soiree-conference-club-du-sport\/","og_site_name":"Exaequo communication","article_published_time":"2024-04-16T12:09:55+00:00","article_modified_time":"2024-04-16T12:21:05+00:00","og_image":[{"width":1484,"height":1024,"url":"https:\/\/exaequo-communication.fr\/wp-content\/uploads\/2024\/04\/240326-2212-Exaequo_SoireeClubDuSport-_A755609\u00a9le7emeStudio.fr_-scaled.jpg","type":"image\/jpeg"}],"author":"Noah","twitter_card":"summary_large_image","twitter_title":"Soir\u00e9e Conf\u00e9rence avec Fabien Pelous pour le Club du Sport","twitter_description":"Fabien Pelous \u00e9tait l'invit\u00e9 d'honneur de la Soir\u00e9e Conf\u00e9rence du Club du Sport qui a eu lieu le 30 mars \u00e0 la salle des f\u00eates de Mondeville.","twitter_image":"https:\/\/exaequo-communication.fr\/wp-content\/uploads\/2023\/03\/2258-012\u00a9laurentbesnehard.com_.jpg","twitter_misc":{"\u00c9crit par":"Noah","Dur\u00e9e de lecture estim\u00e9e":"3 minutes"},"schema":{"@context":"https:\/\/schema.org","@graph":[{"@type":"Article","@id":"https:\/\/exaequo-communication.fr\/index.php\/2024\/04\/16\/jean-philppe-gatien-soiree-conference-club-du-sport\/#article","isPartOf":{"@id":"https:\/\/exaequo-communication.fr\/index.php\/2024\/04\/16\/jean-philppe-gatien-soiree-conference-club-du-sport\/"},"author":{"name":"Noah","@id":"https:\/\/exaequo-communication.fr\/#\/schema\/person\/c28633f3a7c202e5c427512376a2e7ca"},"headline":"Soir\u00e9e Conf\u00e9rence avec Jean-Philippe Gatien pour le Club du Sport","datePublished":"2024-04-16T12:09:55+00:00","dateModified":"2024-04-16T12:21:05+00:00","mainEntityOfPage":{"@id":"https:\/\/exaequo-communication.fr\/index.php\/2024\/04\/16\/jean-philppe-gatien-soiree-conference-club-du-sport\/"},"wordCount":780,"image":{"@id":"https:\/\/exaequo-communication.fr\/index.php\/2024\/04\/16\/jean-philppe-gatien-soiree-conference-club-du-sport\/#primaryimage"},"thumbnailUrl":"https:\/\/exaequo-communication.fr\/wp-content\/uploads\/2024\/04\/240326-2212-Exaequo_SoireeClubDuSport-_A755609\u00a9le7emeStudio.fr_-scaled.jpg","articleSection":["Actualit\u00e9s","Corporate"],"inLanguage":"fr-FR"},{"@type":"WebPage","@id":"https:\/\/exaequo-communication.fr\/index.php\/2024\/04\/16\/jean-philppe-gatien-soiree-conference-club-du-sport\/","url":"https:\/\/exaequo-communication.fr\/index.php\/2024\/04\/16\/jean-philppe-gatien-soiree-conference-club-du-sport\/","name":"Soir\u00e9e Conf\u00e9rence avec Jean-Philippe Gatien - Exaequo","isPartOf":{"@id":"https:\/\/exaequo-communication.fr\/#website"},"primaryImageOfPage":{"@id":"https:\/\/exaequo-communication.fr\/index.php\/2024\/04\/16\/jean-philppe-gatien-soiree-conference-club-du-sport\/#primaryimage"},"image":{"@id":"https:\/\/exaequo-communication.fr\/index.php\/2024\/04\/16\/jean-philppe-gatien-soiree-conference-club-du-sport\/#primaryimage"},"thumbnailUrl":"https:\/\/exaequo-communication.fr\/wp-content\/uploads\/2024\/04\/240326-2212-Exaequo_SoireeClubDuSport-_A755609\u00a9le7emeStudio.fr_-scaled.jpg","datePublished":"2024-04-16T12:09:55+00:00","dateModified":"2024-04-16T12:21:05+00:00","author":{"@id":"https:\/\/exaequo-communication.fr\/#\/schema\/person\/c28633f3a7c202e5c427512376a2e7ca"},"description":"Jean-Philippe Gatien \u00e9tait l'invit\u00e9 d'honneur de la Soir\u00e9e Conf\u00e9rence du Club du Sport qui a eu lieu le 26 mars.","breadcrumb":{"@id":"https:\/\/exaequo-communication.fr\/index.php\/2024\/04\/16\/jean-philppe-gatien-soiree-conference-club-du-sport\/#breadcrumb"},"inLanguage":"fr-FR","potentialAction":[{"@type":"ReadAction","target":["https:\/\/exaequo-communication.fr\/index.php\/2024\/04\/16\/jean-philppe-gatien-soiree-conference-club-du-sport\/"]}]},{"@type":"ImageObject","inLanguage":"fr-FR","@id":"https:\/\/exaequo-communication.fr\/index.php\/2024\/04\/16\/jean-philppe-gatien-soiree-conference-club-du-sport\/#primaryimage","url":"https:\/\/exaequo-communication.fr\/wp-content\/uploads\/2024\/04\/240326-2212-Exaequo_SoireeClubDuSport-_A755609\u00a9le7emeStudio.fr_-scaled.jpg","contentUrl":"https:\/\/exaequo-communication.fr\/wp-content\/uploads\/2024\/04\/240326-2212-Exaequo_SoireeClubDuSport-_A755609\u00a9le7emeStudio.fr_-scaled.jpg","width":1484,"height":1024,"caption":"Soir\u00e9e conf\u00e9rence Jean-Philippe Gatien"},{"@type":"BreadcrumbList","@id":"https:\/\/exaequo-communication.fr\/index.php\/2024\/04\/16\/jean-philppe-gatien-soiree-conference-club-du-sport\/#breadcrumb","itemListElement":[{"@type":"ListItem","position":1,"name":"Accueil","item":"https:\/\/exaequo-communication.fr\/"},{"@type":"ListItem","position":2,"name":"Soir\u00e9e Conf\u00e9rence avec Jean-Philippe Gatien pour le Club du Sport"}]},{"@type":"WebSite","@id":"https:\/\/exaequo-communication.fr\/#website","url":"https:\/\/exaequo-communication.fr\/","name":"Exaequo communication","description":"","potentialAction":[{"@type":"SearchAction","target":{"@type":"EntryPoint","urlTemplate":"https:\/\/exaequo-communication.fr\/?s={search_term_string}"},"query-input":{"@type":"PropertyValueSpecification","valueRequired":true,"valueName":"search_term_string"}}],"inLanguage":"fr-FR"},{"@type":"Person","@id":"https:\/\/exaequo-communication.fr\/#\/schema\/person\/c28633f3a7c202e5c427512376a2e7ca","name":"Noah","image":{"@type":"ImageObject","inLanguage":"fr-FR","@id":"https:\/\/exaequo-communication.fr\/#\/schema\/person\/image\/","url":"https:\/\/secure.gravatar.com\/avatar\/70d12748ddaeba8bad327e70a86dffe52c00c33c30dcf0e3cfee09d9e7293b61?s=96&d=mm&r=g","contentUrl":"https:\/\/secure.gravatar.com\/avatar\/70d12748ddaeba8bad327e70a86dffe52c00c33c30dcf0e3cfee09d9e7293b61?s=96&d=mm&r=g","caption":"Noah"},"url":"https:\/\/exaequo-communication.fr\/index.php\/author\/noah\/"}]}},"_links":{"self":[{"href":"https:\/\/exaequo-communication.fr\/index.php\/wp-json\/wp\/v2\/posts\/15097","targetHints":{"allow":["GET"]}}],"collection":[{"href":"https:\/\/exaequo-communication.fr\/index.php\/wp-json\/wp\/v2\/posts"}],"about":[{"href":"https:\/\/exaequo-communication.fr\/index.php\/wp-json\/wp\/v2\/types\/post"}],"author":[{"embeddable":true,"href":"https:\/\/exaequo-communication.fr\/index.php\/wp-json\/wp\/v2\/users\/22"}],"replies":[{"embeddable":true,"href":"https:\/\/exaequo-communication.fr\/index.php\/wp-json\/wp\/v2\/comments?post=15097"}],"version-history":[{"count":3,"href":"https:\/\/exaequo-communication.fr\/index.php\/wp-json\/wp\/v2\/posts\/15097\/revisions"}],"predecessor-version":[{"id":15109,"href":"https:\/\/exaequo-communication.fr\/index.php\/wp-json\/wp\/v2\/posts\/15097\/revisions\/15109"}],"wp:featuredmedia":[{"embeddable":true,"href":"https:\/\/exaequo-communication.fr\/index.php\/wp-json\/wp\/v2\/media\/15100"}],"wp:attachment":[{"href":"https:\/\/exaequo-communication.fr\/index.php\/wp-json\/wp\/v2\/media?parent=15097"}],"wp:term":[{"taxonomy":"category","embeddable":true,"href":"https:\/\/exaequo-communication.fr\/index.php\/wp-json\/wp\/v2\/categories?post=15097"},{"taxonomy":"post_tag","embeddable":true,"href":"https:\/\/exaequo-communication.fr\/index.php\/wp-json\/wp\/v2\/tags?post=15097"}],"curies":[{"name":"wp","href":"https:\/\/api.w.org\/{rel}","templated":true}]}}