{"id":14968,"date":"2024-01-24T12:03:48","date_gmt":"2024-01-24T11:03:48","guid":{"rendered":"https:\/\/exaequo-communication.fr\/?p=14968"},"modified":"2024-01-24T12:03:48","modified_gmt":"2024-01-24T11:03:48","slug":"rentree-club-du-sport-2024","status":"publish","type":"post","link":"https:\/\/exaequo-communication.fr\/index.php\/2024\/01\/24\/rentree-club-du-sport-2024\/","title":{"rendered":"Le Club du Sport a fait sa rentr\u00e9e"},"content":{"rendered":"[vc_row type=\u00a0\u00bbin_container\u00a0\u00bb full_screen_row_position=\u00a0\u00bbmiddle\u00a0\u00bb column_margin=\u00a0\u00bbdefault\u00a0\u00bb column_direction=\u00a0\u00bbdefault\u00a0\u00bb column_direction_tablet=\u00a0\u00bbdefault\u00a0\u00bb column_direction_phone=\u00a0\u00bbdefault\u00a0\u00bb scene_position=\u00a0\u00bbcenter\u00a0\u00bb top_padding=\u00a0\u00bb10&Prime; text_color=\u00a0\u00bbdark\u00a0\u00bb text_align=\u00a0\u00bbleft\u00a0\u00bb row_border_radius=\u00a0\u00bbnone\u00a0\u00bb row_border_radius_applies=\u00a0\u00bbbg\u00a0\u00bb overlay_strength=\u00a0\u00bb0.3&Prime; gradient_direction=\u00a0\u00bbleft_to_right\u00a0\u00bb shape_divider_position=\u00a0\u00bbbottom\u00a0\u00bb bg_image_animation=\u00a0\u00bbnone\u00a0\u00bb shape_type=\u00a0\u00bb\u00a0\u00bb][vc_column column_padding=\u00a0\u00bbno-extra-padding\u00a0\u00bb column_padding_tablet=\u00a0\u00bbinherit\u00a0\u00bb column_padding_phone=\u00a0\u00bbinherit\u00a0\u00bb column_padding_position=\u00a0\u00bball\u00a0\u00bb background_color_opacity=\u00a0\u00bb1&Prime; background_hover_color_opacity=\u00a0\u00bb1&Prime; column_shadow=\u00a0\u00bbnone\u00a0\u00bb column_border_radius=\u00a0\u00bbnone\u00a0\u00bb column_link_target=\u00a0\u00bb_self\u00a0\u00bb gradient_direction=\u00a0\u00bbleft_to_right\u00a0\u00bb overlay_strength=\u00a0\u00bb0.3&Prime; width=\u00a0\u00bb1\/2&Prime; tablet_width_inherit=\u00a0\u00bbdefault\u00a0\u00bb tablet_text_alignment=\u00a0\u00bbdefault\u00a0\u00bb phone_text_alignment=\u00a0\u00bbdefault\u00a0\u00bb column_border_width=\u00a0\u00bbnone\u00a0\u00bb column_border_style=\u00a0\u00bbsolid\u00a0\u00bb bg_image_animation=\u00a0\u00bbnone\u00a0\u00bb][vc_gallery type=\u00a0\u00bbflexslider_style\u00a0\u00bb images=\u00a0\u00bb14969,14970,14971,14972,14973,14974,14975&Prime; onclick=\u00a0\u00bblink_no\u00a0\u00bb][\/vc_column][vc_column column_padding=\u00a0\u00bbno-extra-padding\u00a0\u00bb column_padding_tablet=\u00a0\u00bbinherit\u00a0\u00bb column_padding_phone=\u00a0\u00bbinherit\u00a0\u00bb column_padding_position=\u00a0\u00bball\u00a0\u00bb background_color_opacity=\u00a0\u00bb1&Prime; background_hover_color_opacity=\u00a0\u00bb1&Prime; column_shadow=\u00a0\u00bbnone\u00a0\u00bb column_border_radius=\u00a0\u00bbnone\u00a0\u00bb column_link_target=\u00a0\u00bb_self\u00a0\u00bb gradient_direction=\u00a0\u00bbleft_to_right\u00a0\u00bb overlay_strength=\u00a0\u00bb0.3&Prime; width=\u00a0\u00bb1\/2&Prime; tablet_width_inherit=\u00a0\u00bbdefault\u00a0\u00bb tablet_text_alignment=\u00a0\u00bbdefault\u00a0\u00bb phone_text_alignment=\u00a0\u00bbdefault\u00a0\u00bb column_border_width=\u00a0\u00bbnone\u00a0\u00bb column_border_style=\u00a0\u00bbsolid\u00a0\u00bb bg_image_animation=\u00a0\u00bbnone\u00a0\u00bb][split_line_heading animation_type=\u00a0\u00bbdefault\u00a0\u00bb]\n<h3>Le Club du Sport a fait sa rentr\u00e9e au MoHo<\/h3>\n<p>Hier soir avait lieu la traditionnelle soir\u00e9e de rentr\u00e9e du <strong><a href=\"https:\/\/exaequo-communication.fr\/index.php\/coaching-sportif\/\" target=\"_blank\" rel=\"noopener\">Club du Sport Exaequo<\/a><\/strong>. Un rendez-vous au <strong><a href=\"https:\/\/www.moho.co\/fr\/\" target=\"_blank\" rel=\"noopener\">MoHo<\/a><\/strong>,\u00a0pour un moment de partage intersessions.[\/split_line_heading][\/vc_column][\/vc_row][vc_row type=\u00a0\u00bbin_container\u00a0\u00bb full_screen_row_position=\u00a0\u00bbmiddle\u00a0\u00bb column_margin=\u00a0\u00bbdefault\u00a0\u00bb column_direction=\u00a0\u00bbdefault\u00a0\u00bb column_direction_tablet=\u00a0\u00bbdefault\u00a0\u00bb column_direction_phone=\u00a0\u00bbdefault\u00a0\u00bb scene_position=\u00a0\u00bbcenter\u00a0\u00bb text_color=\u00a0\u00bbdark\u00a0\u00bb text_align=\u00a0\u00bbleft\u00a0\u00bb row_border_radius=\u00a0\u00bbnone\u00a0\u00bb row_border_radius_applies=\u00a0\u00bbbg\u00a0\u00bb overlay_strength=\u00a0\u00bb0.3&Prime; gradient_direction=\u00a0\u00bbleft_to_right\u00a0\u00bb shape_divider_position=\u00a0\u00bbbottom\u00a0\u00bb bg_image_animation=\u00a0\u00bbnone\u00a0\u00bb][vc_column column_padding=\u00a0\u00bbno-extra-padding\u00a0\u00bb column_padding_tablet=\u00a0\u00bbinherit\u00a0\u00bb column_padding_phone=\u00a0\u00bbinherit\u00a0\u00bb column_padding_position=\u00a0\u00bball\u00a0\u00bb background_color_opacity=\u00a0\u00bb1&Prime; background_hover_color_opacity=\u00a0\u00bb1&Prime; column_shadow=\u00a0\u00bbnone\u00a0\u00bb column_border_radius=\u00a0\u00bbnone\u00a0\u00bb column_link_target=\u00a0\u00bb_self\u00a0\u00bb gradient_direction=\u00a0\u00bbleft_to_right\u00a0\u00bb overlay_strength=\u00a0\u00bb0.3&Prime; width=\u00a0\u00bb1\/1&Prime; tablet_width_inherit=\u00a0\u00bbdefault\u00a0\u00bb tablet_text_alignment=\u00a0\u00bbdefault\u00a0\u00bb phone_text_alignment=\u00a0\u00bbdefault\u00a0\u00bb column_border_width=\u00a0\u00bbnone\u00a0\u00bb column_border_style=\u00a0\u00bbsolid\u00a0\u00bb bg_image_animation=\u00a0\u00bbnone\u00a0\u00bb][vc_column_text]L&rsquo;\u00e9quipe de <b><a href=\"https:\/\/www.moho.co\/fr\/\" target=\"_blank\" rel=\"noopener\">MoHo<\/a> <\/b>a accueilli 130 adh\u00e9rents du Club du Sport &#8211; Exaequo pour la traditionnelle soir\u00e9e de rentr\u00e9e du club avec la pr\u00e9sentation des moments forts du calendrier 2024.<\/p>\n<p>Au programme, une prise de parole de notre \u00e9quipe pour pr\u00e9senter l&rsquo;ann\u00e9e 2024 et les diff\u00e9rentes nouveaut\u00e9s. Chaque membre a pu d\u00e9couvrir la boutique du Club du Sport et tous les produits d\u00e9riv\u00e9s. Et bien s\u00fbr, chacun a re\u00e7u sa dotation ainsi qu&rsquo;un guide pr\u00e9sentant les plus de 200 membres du Club du Sport et l&rsquo;ensemble des dates cl\u00e9s de l&rsquo;ann\u00e9e.<\/p>\n<p>On en a profit\u00e9 pour rappeler le projet sportif de Flavie Renouard, athl\u00e8te qui participe aux<strong>\u00a0<a href=\"https:\/\/www.paris2024.org\/fr\/\" target=\"_blank\" rel=\"noopener\">Jeux Olympiques 2024<\/a><\/strong>. Mais aussi pour pr\u00e9senter aux membres le nom de quelques acteurs du monde du sport qu&rsquo;ils rencontreront cette ann\u00e9e.<\/p>\n<p><strong>Pour cl\u00f4turer la soir\u00e9e, les membres ont pu acc\u00e9der \u00e0 un buffet convivial au sein du MoHo.<\/strong><\/p>\n<p>Une soir\u00e9e sous le signe des retrouvailles avec l&rsquo;ensemble du Club du Sport et des pr\u00e9sentations des nouveaux membres. <strong>Un moment de partage et de convivialit\u00e9 qui ont permis de lancer l&rsquo;ann\u00e9e sportive de la meilleure des fa\u00e7ons.<\/strong> Le programme sportif commencera d&rsquo;ailleurs d\u00e8s dimanche 17 mars au Ch\u00e2teau Saint-Gilles, avec les <strong>Foul\u00e9es d&rsquo;Exaequo<\/strong>, une course de 6km ou 10km en Trail \u00e0 laquelle participeront les membres.[\/vc_column_text][\/vc_column][\/vc_row][vc_row type=\u00a0\u00bbin_container\u00a0\u00bb full_screen_row_position=\u00a0\u00bbmiddle\u00a0\u00bb column_margin=\u00a0\u00bbdefault\u00a0\u00bb column_direction=\u00a0\u00bbdefault\u00a0\u00bb column_direction_tablet=\u00a0\u00bbdefault\u00a0\u00bb column_direction_phone=\u00a0\u00bbdefault\u00a0\u00bb scene_position=\u00a0\u00bbcenter\u00a0\u00bb text_color=\u00a0\u00bbdark\u00a0\u00bb text_align=\u00a0\u00bbleft\u00a0\u00bb row_border_radius=\u00a0\u00bbnone\u00a0\u00bb row_border_radius_applies=\u00a0\u00bbbg\u00a0\u00bb overlay_strength=\u00a0\u00bb0.3&Prime; gradient_direction=\u00a0\u00bbleft_to_right\u00a0\u00bb shape_divider_position=\u00a0\u00bbbottom\u00a0\u00bb bg_image_animation=\u00a0\u00bbnone\u00a0\u00bb][vc_column column_padding=\u00a0\u00bbno-extra-padding\u00a0\u00bb column_padding_tablet=\u00a0\u00bbinherit\u00a0\u00bb column_padding_phone=\u00a0\u00bbinherit\u00a0\u00bb column_padding_position=\u00a0\u00bball\u00a0\u00bb background_color_opacity=\u00a0\u00bb1&Prime; background_hover_color_opacity=\u00a0\u00bb1&Prime; column_shadow=\u00a0\u00bbnone\u00a0\u00bb column_border_radius=\u00a0\u00bbnone\u00a0\u00bb column_link_target=\u00a0\u00bb_self\u00a0\u00bb gradient_direction=\u00a0\u00bbleft_to_right\u00a0\u00bb overlay_strength=\u00a0\u00bb0.3&Prime; width=\u00a0\u00bb1\/1&Prime; tablet_width_inherit=\u00a0\u00bbdefault\u00a0\u00bb tablet_text_alignment=\u00a0\u00bbdefault\u00a0\u00bb phone_text_alignment=\u00a0\u00bbdefault\u00a0\u00bb column_border_width=\u00a0\u00bbnone\u00a0\u00bb column_border_style=\u00a0\u00bbsolid\u00a0\u00bb bg_image_animation=\u00a0\u00bbnone\u00a0\u00bb][vc_column_text]Retrouvez les informations sur le MoHo :<strong> <a href=\"https:\/\/www.moho.co\/fr\/\" target=\"_blank\" rel=\"noopener noreferrer\">site officiel<\/a><\/strong><\/p>\n<p>Envie d&rsquo;en savoir plus sur le Club du Sport : <strong><a href=\"https:\/\/exaequo-communication.fr\/index.php\/club-du-sport\/\">cliquer-ici<\/a><\/strong>[\/vc_column_text][\/vc_column][\/vc_row]\n","protected":false},"excerpt":{"rendered":"<p>Hier soir avait lieu la traditionnelle soir\u00e9e de rentr\u00e9e du <strong><a href=\"https:\/\/exaequo-communication.fr\/index.php\/coaching-sportif\/\" target=\"_blank\" rel=\"noopener\">Club du Sport Exaequo<\/a><\/strong>.<\/p>\n","protected":false},"author":9,"featured_media":14969,"comment_status":"closed","ping_status":"closed","sticky":false,"template":"","format":"standard","meta":{"footnotes":""},"categories":[1,179],"tags":[],"class_list":{"0":"post-14968","1":"post","2":"type-post","3":"status-publish","4":"format-standard","5":"has-post-thumbnail","7":"category-actualites","8":"category-coaching"},"yoast_head":"<!-- This site is optimized with the Yoast SEO plugin v27.0 - https:\/\/yoast.com\/product\/yoast-seo-wordpress\/ -->\n<title>Le Club du Sport a fait sa rentr\u00e9e - Exaequo communication<\/title>\n<meta name=\"description\" content=\"Hier soir avait lieu la traditionnelle soir\u00e9e de rentr\u00e9e du Club du Sport Exaequo, un rendez-vous au MoHo.\" \/>\n<meta name=\"robots\" content=\"index, follow, max-snippet:-1, max-image-preview:large, max-video-preview:-1\" \/>\n<link rel=\"canonical\" href=\"https:\/\/exaequo-communication.fr\/index.php\/2024\/01\/24\/rentree-club-du-sport-2024\/\" \/>\n<meta property=\"og:locale\" content=\"fr_FR\" \/>\n<meta property=\"og:type\" content=\"article\" \/>\n<meta property=\"og:title\" content=\"Le Club du Sport a fait sa rentr\u00e9e\" \/>\n<meta property=\"og:description\" content=\"Hier soir avait lieu la traditionnelle soir\u00e9e de rentr\u00e9e du Club du Sport Exaequo.\" \/>\n<meta property=\"og:url\" content=\"https:\/\/exaequo-communication.fr\/index.php\/2024\/01\/24\/rentree-club-du-sport-2024\/\" \/>\n<meta property=\"og:site_name\" content=\"Exaequo communication\" \/>\n<meta property=\"article:published_time\" content=\"2024-01-24T11:03:48+00:00\" \/>\n<meta property=\"og:image\" content=\"https:\/\/exaequo-communication.fr\/wp-content\/uploads\/2024\/01\/IMG-20240124-WA0002.jpg\" \/>\n\t<meta property=\"og:image:width\" content=\"1600\" \/>\n\t<meta property=\"og:image:height\" content=\"900\" \/>\n\t<meta property=\"og:image:type\" content=\"image\/jpeg\" \/>\n<meta name=\"author\" content=\"Louise\" \/>\n<meta name=\"twitter:card\" content=\"summary_large_image\" \/>\n<meta name=\"twitter:title\" content=\"Le Club du Sport a fait sa rentr\u00e9e\" \/>\n<meta name=\"twitter:description\" content=\"Hier soir, avait lieu au sein de l&#039;Institution Saint-Joseph, la traditionnelle soir\u00e9e de la galette pour la rentr\u00e9e du Club du Sport Exaequo.\" \/>\n<meta name=\"twitter:image\" content=\"https:\/\/exaequo-communication.fr\/wp-content\/uploads\/2022\/03\/CDS-Rentree-2022-7-scaled.jpg\" \/>\n<meta name=\"twitter:label1\" content=\"\u00c9crit par\" \/>\n\t<meta name=\"twitter:data1\" content=\"Louise\" \/>\n\t<meta name=\"twitter:label2\" content=\"Dur\u00e9e de lecture estim\u00e9e\" \/>\n\t<meta name=\"twitter:data2\" content=\"4 minutes\" \/>\n<script type=\"application\/ld+json\" class=\"yoast-schema-graph\">{\"@context\":\"https:\/\/schema.org\",\"@graph\":[{\"@type\":\"Article\",\"@id\":\"https:\/\/exaequo-communication.fr\/index.php\/2024\/01\/24\/rentree-club-du-sport-2024\/#article\",\"isPartOf\":{\"@id\":\"https:\/\/exaequo-communication.fr\/index.php\/2024\/01\/24\/rentree-club-du-sport-2024\/\"},\"author\":{\"name\":\"Louise\",\"@id\":\"https:\/\/exaequo-communication.fr\/#\/schema\/person\/0ff3d297bda23ca1cd161c11c3217513\"},\"headline\":\"Le Club du Sport a fait sa rentr\u00e9e\",\"datePublished\":\"2024-01-24T11:03:48+00:00\",\"mainEntityOfPage\":{\"@id\":\"https:\/\/exaequo-communication.fr\/index.php\/2024\/01\/24\/rentree-club-du-sport-2024\/\"},\"wordCount\":796,\"image\":{\"@id\":\"https:\/\/exaequo-communication.fr\/index.php\/2024\/01\/24\/rentree-club-du-sport-2024\/#primaryimage\"},\"thumbnailUrl\":\"https:\/\/exaequo-communication.fr\/wp-content\/uploads\/2024\/01\/IMG-20240124-WA0002.jpg\",\"articleSection\":[\"Actualit\u00e9s\",\"Coaching\"],\"inLanguage\":\"fr-FR\"},{\"@type\":\"WebPage\",\"@id\":\"https:\/\/exaequo-communication.fr\/index.php\/2024\/01\/24\/rentree-club-du-sport-2024\/\",\"url\":\"https:\/\/exaequo-communication.fr\/index.php\/2024\/01\/24\/rentree-club-du-sport-2024\/\",\"name\":\"Le Club du Sport a fait sa rentr\u00e9e - Exaequo communication\",\"isPartOf\":{\"@id\":\"https:\/\/exaequo-communication.fr\/#website\"},\"primaryImageOfPage\":{\"@id\":\"https:\/\/exaequo-communication.fr\/index.php\/2024\/01\/24\/rentree-club-du-sport-2024\/#primaryimage\"},\"image\":{\"@id\":\"https:\/\/exaequo-communication.fr\/index.php\/2024\/01\/24\/rentree-club-du-sport-2024\/#primaryimage\"},\"thumbnailUrl\":\"https:\/\/exaequo-communication.fr\/wp-content\/uploads\/2024\/01\/IMG-20240124-WA0002.jpg\",\"datePublished\":\"2024-01-24T11:03:48+00:00\",\"author\":{\"@id\":\"https:\/\/exaequo-communication.fr\/#\/schema\/person\/0ff3d297bda23ca1cd161c11c3217513\"},\"description\":\"Hier soir avait lieu la traditionnelle soir\u00e9e de rentr\u00e9e du Club du Sport Exaequo, un rendez-vous au MoHo.\",\"breadcrumb\":{\"@id\":\"https:\/\/exaequo-communication.fr\/index.php\/2024\/01\/24\/rentree-club-du-sport-2024\/#breadcrumb\"},\"inLanguage\":\"fr-FR\",\"potentialAction\":[{\"@type\":\"ReadAction\",\"target\":[\"https:\/\/exaequo-communication.fr\/index.php\/2024\/01\/24\/rentree-club-du-sport-2024\/\"]}]},{\"@type\":\"ImageObject\",\"inLanguage\":\"fr-FR\",\"@id\":\"https:\/\/exaequo-communication.fr\/index.php\/2024\/01\/24\/rentree-club-du-sport-2024\/#primaryimage\",\"url\":\"https:\/\/exaequo-communication.fr\/wp-content\/uploads\/2024\/01\/IMG-20240124-WA0002.jpg\",\"contentUrl\":\"https:\/\/exaequo-communication.fr\/wp-content\/uploads\/2024\/01\/IMG-20240124-WA0002.jpg\",\"width\":1600,\"height\":900,\"caption\":\"Exaequo Communication rentr\u00e9e Club du Sport\"},{\"@type\":\"BreadcrumbList\",\"@id\":\"https:\/\/exaequo-communication.fr\/index.php\/2024\/01\/24\/rentree-club-du-sport-2024\/#breadcrumb\",\"itemListElement\":[{\"@type\":\"ListItem\",\"position\":1,\"name\":\"Accueil\",\"item\":\"https:\/\/exaequo-communication.fr\/\"},{\"@type\":\"ListItem\",\"position\":2,\"name\":\"Le Club du Sport a fait sa rentr\u00e9e\"}]},{\"@type\":\"WebSite\",\"@id\":\"https:\/\/exaequo-communication.fr\/#website\",\"url\":\"https:\/\/exaequo-communication.fr\/\",\"name\":\"Exaequo communication\",\"description\":\"\",\"potentialAction\":[{\"@type\":\"SearchAction\",\"target\":{\"@type\":\"EntryPoint\",\"urlTemplate\":\"https:\/\/exaequo-communication.fr\/?s={search_term_string}\"},\"query-input\":{\"@type\":\"PropertyValueSpecification\",\"valueRequired\":true,\"valueName\":\"search_term_string\"}}],\"inLanguage\":\"fr-FR\"},{\"@type\":\"Person\",\"@id\":\"https:\/\/exaequo-communication.fr\/#\/schema\/person\/0ff3d297bda23ca1cd161c11c3217513\",\"name\":\"Louise\",\"image\":{\"@type\":\"ImageObject\",\"inLanguage\":\"fr-FR\",\"@id\":\"https:\/\/exaequo-communication.fr\/#\/schema\/person\/image\/\",\"url\":\"https:\/\/secure.gravatar.com\/avatar\/c5e8367f32ffeff4cdf4e055d9e95263b7d031a01e929b3116e2b0d996065f4c?s=96&d=mm&r=g\",\"contentUrl\":\"https:\/\/secure.gravatar.com\/avatar\/c5e8367f32ffeff4cdf4e055d9e95263b7d031a01e929b3116e2b0d996065f4c?s=96&d=mm&r=g\",\"caption\":\"Louise\"},\"url\":\"https:\/\/exaequo-communication.fr\/index.php\/author\/louise\/\"}]}<\/script>\n<!-- \/ Yoast SEO plugin. -->","yoast_head_json":{"title":"Le Club du Sport a fait sa rentr\u00e9e - Exaequo communication","description":"Hier soir avait lieu la traditionnelle soir\u00e9e de rentr\u00e9e du Club du Sport Exaequo, un rendez-vous au MoHo.","robots":{"index":"index","follow":"follow","max-snippet":"max-snippet:-1","max-image-preview":"max-image-preview:large","max-video-preview":"max-video-preview:-1"},"canonical":"https:\/\/exaequo-communication.fr\/index.php\/2024\/01\/24\/rentree-club-du-sport-2024\/","og_locale":"fr_FR","og_type":"article","og_title":"Le Club du Sport a fait sa rentr\u00e9e","og_description":"Hier soir avait lieu la traditionnelle soir\u00e9e de rentr\u00e9e du Club du Sport Exaequo.","og_url":"https:\/\/exaequo-communication.fr\/index.php\/2024\/01\/24\/rentree-club-du-sport-2024\/","og_site_name":"Exaequo communication","article_published_time":"2024-01-24T11:03:48+00:00","og_image":[{"width":1600,"height":900,"url":"https:\/\/exaequo-communication.fr\/wp-content\/uploads\/2024\/01\/IMG-20240124-WA0002.jpg","type":"image\/jpeg"}],"author":"Louise","twitter_card":"summary_large_image","twitter_title":"Le Club du Sport a fait sa rentr\u00e9e","twitter_description":"Hier soir, avait lieu au sein de l'Institution Saint-Joseph, la traditionnelle soir\u00e9e de la galette pour la rentr\u00e9e du Club du Sport Exaequo.","twitter_image":"https:\/\/exaequo-communication.fr\/wp-content\/uploads\/2022\/03\/CDS-Rentree-2022-7-scaled.jpg","twitter_misc":{"\u00c9crit par":"Louise","Dur\u00e9e de lecture estim\u00e9e":"4 minutes"},"schema":{"@context":"https:\/\/schema.org","@graph":[{"@type":"Article","@id":"https:\/\/exaequo-communication.fr\/index.php\/2024\/01\/24\/rentree-club-du-sport-2024\/#article","isPartOf":{"@id":"https:\/\/exaequo-communication.fr\/index.php\/2024\/01\/24\/rentree-club-du-sport-2024\/"},"author":{"name":"Louise","@id":"https:\/\/exaequo-communication.fr\/#\/schema\/person\/0ff3d297bda23ca1cd161c11c3217513"},"headline":"Le Club du Sport a fait sa rentr\u00e9e","datePublished":"2024-01-24T11:03:48+00:00","mainEntityOfPage":{"@id":"https:\/\/exaequo-communication.fr\/index.php\/2024\/01\/24\/rentree-club-du-sport-2024\/"},"wordCount":796,"image":{"@id":"https:\/\/exaequo-communication.fr\/index.php\/2024\/01\/24\/rentree-club-du-sport-2024\/#primaryimage"},"thumbnailUrl":"https:\/\/exaequo-communication.fr\/wp-content\/uploads\/2024\/01\/IMG-20240124-WA0002.jpg","articleSection":["Actualit\u00e9s","Coaching"],"inLanguage":"fr-FR"},{"@type":"WebPage","@id":"https:\/\/exaequo-communication.fr\/index.php\/2024\/01\/24\/rentree-club-du-sport-2024\/","url":"https:\/\/exaequo-communication.fr\/index.php\/2024\/01\/24\/rentree-club-du-sport-2024\/","name":"Le Club du Sport a fait sa rentr\u00e9e - Exaequo communication","isPartOf":{"@id":"https:\/\/exaequo-communication.fr\/#website"},"primaryImageOfPage":{"@id":"https:\/\/exaequo-communication.fr\/index.php\/2024\/01\/24\/rentree-club-du-sport-2024\/#primaryimage"},"image":{"@id":"https:\/\/exaequo-communication.fr\/index.php\/2024\/01\/24\/rentree-club-du-sport-2024\/#primaryimage"},"thumbnailUrl":"https:\/\/exaequo-communication.fr\/wp-content\/uploads\/2024\/01\/IMG-20240124-WA0002.jpg","datePublished":"2024-01-24T11:03:48+00:00","author":{"@id":"https:\/\/exaequo-communication.fr\/#\/schema\/person\/0ff3d297bda23ca1cd161c11c3217513"},"description":"Hier soir avait lieu la traditionnelle soir\u00e9e de rentr\u00e9e du Club du Sport Exaequo, un rendez-vous au MoHo.","breadcrumb":{"@id":"https:\/\/exaequo-communication.fr\/index.php\/2024\/01\/24\/rentree-club-du-sport-2024\/#breadcrumb"},"inLanguage":"fr-FR","potentialAction":[{"@type":"ReadAction","target":["https:\/\/exaequo-communication.fr\/index.php\/2024\/01\/24\/rentree-club-du-sport-2024\/"]}]},{"@type":"ImageObject","inLanguage":"fr-FR","@id":"https:\/\/exaequo-communication.fr\/index.php\/2024\/01\/24\/rentree-club-du-sport-2024\/#primaryimage","url":"https:\/\/exaequo-communication.fr\/wp-content\/uploads\/2024\/01\/IMG-20240124-WA0002.jpg","contentUrl":"https:\/\/exaequo-communication.fr\/wp-content\/uploads\/2024\/01\/IMG-20240124-WA0002.jpg","width":1600,"height":900,"caption":"Exaequo Communication rentr\u00e9e Club du Sport"},{"@type":"BreadcrumbList","@id":"https:\/\/exaequo-communication.fr\/index.php\/2024\/01\/24\/rentree-club-du-sport-2024\/#breadcrumb","itemListElement":[{"@type":"ListItem","position":1,"name":"Accueil","item":"https:\/\/exaequo-communication.fr\/"},{"@type":"ListItem","position":2,"name":"Le Club du Sport a fait sa rentr\u00e9e"}]},{"@type":"WebSite","@id":"https:\/\/exaequo-communication.fr\/#website","url":"https:\/\/exaequo-communication.fr\/","name":"Exaequo communication","description":"","potentialAction":[{"@type":"SearchAction","target":{"@type":"EntryPoint","urlTemplate":"https:\/\/exaequo-communication.fr\/?s={search_term_string}"},"query-input":{"@type":"PropertyValueSpecification","valueRequired":true,"valueName":"search_term_string"}}],"inLanguage":"fr-FR"},{"@type":"Person","@id":"https:\/\/exaequo-communication.fr\/#\/schema\/person\/0ff3d297bda23ca1cd161c11c3217513","name":"Louise","image":{"@type":"ImageObject","inLanguage":"fr-FR","@id":"https:\/\/exaequo-communication.fr\/#\/schema\/person\/image\/","url":"https:\/\/secure.gravatar.com\/avatar\/c5e8367f32ffeff4cdf4e055d9e95263b7d031a01e929b3116e2b0d996065f4c?s=96&d=mm&r=g","contentUrl":"https:\/\/secure.gravatar.com\/avatar\/c5e8367f32ffeff4cdf4e055d9e95263b7d031a01e929b3116e2b0d996065f4c?s=96&d=mm&r=g","caption":"Louise"},"url":"https:\/\/exaequo-communication.fr\/index.php\/author\/louise\/"}]}},"_links":{"self":[{"href":"https:\/\/exaequo-communication.fr\/index.php\/wp-json\/wp\/v2\/posts\/14968","targetHints":{"allow":["GET"]}}],"collection":[{"href":"https:\/\/exaequo-communication.fr\/index.php\/wp-json\/wp\/v2\/posts"}],"about":[{"href":"https:\/\/exaequo-communication.fr\/index.php\/wp-json\/wp\/v2\/types\/post"}],"author":[{"embeddable":true,"href":"https:\/\/exaequo-communication.fr\/index.php\/wp-json\/wp\/v2\/users\/9"}],"replies":[{"embeddable":true,"href":"https:\/\/exaequo-communication.fr\/index.php\/wp-json\/wp\/v2\/comments?post=14968"}],"version-history":[{"count":1,"href":"https:\/\/exaequo-communication.fr\/index.php\/wp-json\/wp\/v2\/posts\/14968\/revisions"}],"predecessor-version":[{"id":14976,"href":"https:\/\/exaequo-communication.fr\/index.php\/wp-json\/wp\/v2\/posts\/14968\/revisions\/14976"}],"wp:featuredmedia":[{"embeddable":true,"href":"https:\/\/exaequo-communication.fr\/index.php\/wp-json\/wp\/v2\/media\/14969"}],"wp:attachment":[{"href":"https:\/\/exaequo-communication.fr\/index.php\/wp-json\/wp\/v2\/media?parent=14968"}],"wp:term":[{"taxonomy":"category","embeddable":true,"href":"https:\/\/exaequo-communication.fr\/index.php\/wp-json\/wp\/v2\/categories?post=14968"},{"taxonomy":"post_tag","embeddable":true,"href":"https:\/\/exaequo-communication.fr\/index.php\/wp-json\/wp\/v2\/tags?post=14968"}],"curies":[{"name":"wp","href":"https:\/\/api.w.org\/{rel}","templated":true}]}}