{"id":14707,"date":"2023-10-13T13:08:44","date_gmt":"2023-10-13T11:08:44","guid":{"rendered":"https:\/\/exaequo-communication.fr\/?p=14707"},"modified":"2023-10-13T13:27:18","modified_gmt":"2023-10-13T11:27:18","slug":"entreprise-enedis-fresque-creative","status":"publish","type":"post","link":"https:\/\/exaequo-communication.fr\/index.php\/2023\/10\/13\/entreprise-enedis-fresque-creative\/","title":{"rendered":"Enedis r\u00e9unit ses \u00e9quipes autour d&rsquo;une Fresque Cr\u00e9ative"},"content":{"rendered":"[vc_row type=\u00a0\u00bbin_container\u00a0\u00bb full_screen_row_position=\u00a0\u00bbmiddle\u00a0\u00bb column_margin=\u00a0\u00bbdefault\u00a0\u00bb column_direction=\u00a0\u00bbdefault\u00a0\u00bb column_direction_tablet=\u00a0\u00bbdefault\u00a0\u00bb column_direction_phone=\u00a0\u00bbdefault\u00a0\u00bb scene_position=\u00a0\u00bbcenter\u00a0\u00bb top_padding=\u00a0\u00bb10&Prime; text_color=\u00a0\u00bbdark\u00a0\u00bb text_align=\u00a0\u00bbleft\u00a0\u00bb row_border_radius=\u00a0\u00bbnone\u00a0\u00bb row_border_radius_applies=\u00a0\u00bbbg\u00a0\u00bb overlay_strength=\u00a0\u00bb0.3&Prime; gradient_direction=\u00a0\u00bbleft_to_right\u00a0\u00bb shape_divider_position=\u00a0\u00bbbottom\u00a0\u00bb bg_image_animation=\u00a0\u00bbnone\u00a0\u00bb shape_type=\u00a0\u00bb\u00a0\u00bb][vc_column column_padding=\u00a0\u00bbno-extra-padding\u00a0\u00bb column_padding_tablet=\u00a0\u00bbinherit\u00a0\u00bb column_padding_phone=\u00a0\u00bbinherit\u00a0\u00bb column_padding_position=\u00a0\u00bball\u00a0\u00bb background_color_opacity=\u00a0\u00bb1&Prime; background_hover_color_opacity=\u00a0\u00bb1&Prime; column_shadow=\u00a0\u00bbnone\u00a0\u00bb column_border_radius=\u00a0\u00bbnone\u00a0\u00bb column_link_target=\u00a0\u00bb_self\u00a0\u00bb gradient_direction=\u00a0\u00bbleft_to_right\u00a0\u00bb overlay_strength=\u00a0\u00bb0.3&Prime; width=\u00a0\u00bb1\/2&Prime; tablet_width_inherit=\u00a0\u00bbdefault\u00a0\u00bb tablet_text_alignment=\u00a0\u00bbdefault\u00a0\u00bb phone_text_alignment=\u00a0\u00bbdefault\u00a0\u00bb column_border_width=\u00a0\u00bbnone\u00a0\u00bb column_border_style=\u00a0\u00bbsolid\u00a0\u00bb bg_image_animation=\u00a0\u00bbnone\u00a0\u00bb][vc_gallery type=\u00a0\u00bbflexslider_style\u00a0\u00bb images=\u00a0\u00bb14709,14710,14713,14711,14708&Prime; onclick=\u00a0\u00bblink_no\u00a0\u00bb hover_anim=\u00a0\u00bbfade-out\u00a0\u00bb][\/vc_column][vc_column column_padding=\u00a0\u00bbno-extra-padding\u00a0\u00bb column_padding_tablet=\u00a0\u00bbinherit\u00a0\u00bb column_padding_phone=\u00a0\u00bbinherit\u00a0\u00bb column_padding_position=\u00a0\u00bball\u00a0\u00bb background_color_opacity=\u00a0\u00bb1&Prime; background_hover_color_opacity=\u00a0\u00bb1&Prime; column_shadow=\u00a0\u00bbnone\u00a0\u00bb column_border_radius=\u00a0\u00bbnone\u00a0\u00bb column_link_target=\u00a0\u00bb_self\u00a0\u00bb gradient_direction=\u00a0\u00bbleft_to_right\u00a0\u00bb overlay_strength=\u00a0\u00bb0.3&Prime; width=\u00a0\u00bb1\/2&Prime; tablet_width_inherit=\u00a0\u00bbdefault\u00a0\u00bb tablet_text_alignment=\u00a0\u00bbdefault\u00a0\u00bb phone_text_alignment=\u00a0\u00bbdefault\u00a0\u00bb column_border_width=\u00a0\u00bbnone\u00a0\u00bb column_border_style=\u00a0\u00bbsolid\u00a0\u00bb bg_image_animation=\u00a0\u00bbnone\u00a0\u00bb][split_line_heading animation_type=\u00a0\u00bbdefault\u00a0\u00bb]\n<h3>Retour sur l&rsquo;\u00e9v\u00e9nement Enedis<\/h3>\n<p>Le 29 septembre dernier a eu lieu l&rsquo;animation d&rsquo;une fresque cr\u00e9ative sur la th\u00e9matique des Jeux Olympiques \/ Paralympique pour l&rsquo;entreprise <strong><a href=\"https:\/\/www.enedis.fr\/\">Enedis<\/a><\/strong>. Les 150 participants avaient rendez-vous au MoHo afin de renforcer les liens de coh\u00e9sion entre les collaborateurs.[\/split_line_heading][\/vc_column][\/vc_row][vc_row type=\u00a0\u00bbin_container\u00a0\u00bb full_screen_row_position=\u00a0\u00bbmiddle\u00a0\u00bb column_margin=\u00a0\u00bbdefault\u00a0\u00bb column_direction=\u00a0\u00bbdefault\u00a0\u00bb column_direction_tablet=\u00a0\u00bbdefault\u00a0\u00bb column_direction_phone=\u00a0\u00bbdefault\u00a0\u00bb scene_position=\u00a0\u00bbcenter\u00a0\u00bb text_color=\u00a0\u00bbdark\u00a0\u00bb text_align=\u00a0\u00bbleft\u00a0\u00bb row_border_radius=\u00a0\u00bbnone\u00a0\u00bb row_border_radius_applies=\u00a0\u00bbbg\u00a0\u00bb overlay_strength=\u00a0\u00bb0.3&Prime; gradient_direction=\u00a0\u00bbleft_to_right\u00a0\u00bb shape_divider_position=\u00a0\u00bbbottom\u00a0\u00bb bg_image_animation=\u00a0\u00bbnone\u00a0\u00bb][vc_column column_padding=\u00a0\u00bbno-extra-padding\u00a0\u00bb column_padding_tablet=\u00a0\u00bbinherit\u00a0\u00bb column_padding_phone=\u00a0\u00bbinherit\u00a0\u00bb column_padding_position=\u00a0\u00bball\u00a0\u00bb background_color_opacity=\u00a0\u00bb1&Prime; background_hover_color_opacity=\u00a0\u00bb1&Prime; column_shadow=\u00a0\u00bbnone\u00a0\u00bb column_border_radius=\u00a0\u00bbnone\u00a0\u00bb column_link_target=\u00a0\u00bb_self\u00a0\u00bb gradient_direction=\u00a0\u00bbleft_to_right\u00a0\u00bb overlay_strength=\u00a0\u00bb0.3&Prime; width=\u00a0\u00bb1\/1&Prime; tablet_width_inherit=\u00a0\u00bbdefault\u00a0\u00bb tablet_text_alignment=\u00a0\u00bbdefault\u00a0\u00bb phone_text_alignment=\u00a0\u00bbdefault\u00a0\u00bb column_border_width=\u00a0\u00bbnone\u00a0\u00bb column_border_style=\u00a0\u00bbsolid\u00a0\u00bb bg_image_animation=\u00a0\u00bbnone\u00a0\u00bb][vc_column_text]L\u2019entreprise <a href=\"https:\/\/www.enedis.fr\/\"><strong>Enedis\u00a0<\/strong><\/a>a fait appel \u00e0 l\u2019\u00e9quipe <strong><a href=\"https:\/\/exaequo-communication.fr\" target=\"_blank\" rel=\"noopener\">Exaequo<\/a><\/strong>, afin de rassembler ses collaborateurs lors d&rsquo;une journ\u00e9e r\u00e9cr\u00e9ative. La Xteam a propos\u00e9 un \u00e9v\u00e9nement collectif et f\u00e9d\u00e9rateur avec comme animation, notre team-building <strong><a href=\"https:\/\/exaequo-communication.fr\/index.php\/portfolio\/fresque-creative\/\">Fresque Cr\u00e9ative<\/a><\/strong>. Un moment de coh\u00e9sion, le tout dans une ambiance festive.<\/p>\n<div class=\"col span_12 dark left\">\n<div class=\"vc_col-sm-12 wpb_column column_container vc_column_container col no-extra-padding instance-2\" data-t-w-inherits=\"default\" data-border-radius=\"none\" data-shadow=\"none\" data-border-animation=\"\" data-border-animation-delay=\"\" data-border-width=\"none\" data-border-style=\"solid\" data-border-color=\"\" data-bg-cover=\"\" data-padding-pos=\"all\" data-has-bg-color=\"false\" data-bg-color=\"\" data-bg-opacity=\"1\" data-hover-bg=\"\" data-hover-bg-opacity=\"1\" data-animation=\"\" data-delay=\"0\">\n<div class=\"vc_column-inner\">\n<div class=\"wpb_wrapper\">\n<div class=\"wpb_text_column wpb_content_element \">\n<div class=\"wpb_wrapper\">\n<h3>LE BRIEF :<\/h3>\n<ul>\n<li>Proposer un \u00e9v\u00e9nement f\u00e9d\u00e9rateur et d&rsquo;\u00e9change entre les participants.<\/li>\n<li>Organiser une animation conviviale par \u00e9quipe afin de renforcer la coh\u00e9sion entre les collaborateurs.<\/li>\n<\/ul>\n<h3>LA R\u00c9PONSE D\u2019EXAEQUO :<\/h3>\n<p>Tous les collaborateurs de l&rsquo;entreprise <b><a href=\"https:\/\/www.enedis.fr\/\">Enedis<\/a> <\/b>\u00e9taient convi\u00e9s au MoHo pour une animation qui a fait appel \u00e0 leur cr\u00e9ativit\u00e9. \u00c0 la suite d&rsquo;un d\u00e9jeuner, les collaborateurs ont particip\u00e9 \u00e0 la r\u00e9alisation d&rsquo;une fresque g\u00e9ante sous la forme d&rsquo;un puzzle. Pour r\u00e9cup\u00e9rer les pi\u00e8ces, les participants ont pu prendre part \u00e0 une chasse au tr\u00e9sor via des jeux types mots crois\u00e9s, mots brouill\u00e9s, grille de num\u00e9ro, etc. Petit bonus, un shoot sur panier de basket pour r\u00e9cup\u00e9rer un r\u00e9bus.<\/p>\n<h3>LE BILAN :<\/h3>\n<p><span class=\"s1\"><b>Des \u00e9quipes dynamiques et imaginatives ! <\/b>Un m\u00e9lange de cr\u00e9ativit\u00e9, de coh\u00e9sion et d&rsquo;\u00e9change, pour une demi-journ\u00e9e dans la bonne humeur. Chaque collaborateur a rapidement su trouver sa place dans l&rsquo;activit\u00e9 et ajouter sa patte aux fresques. Ils sont d&rsquo;ailleurs repartis avec un souvenir puisque leur cr\u00e9ation sera entrepos\u00e9e au sein de l&rsquo;entreprise <strong><a href=\"https:\/\/www.enedis.fr\/\">Enedis<\/a><\/strong>.<\/span><\/p>\n<p>&nbsp;<\/p>\n<\/div>\n<\/div>\n<\/div>\n<\/div>\n<\/div>\n<\/div>\n<p>D\u00e9couvrez en plus sur notre team-building <a href=\"https:\/\/exaequo-communication.fr\/index.php\/portfolio\/fresque-creative\/\"><strong>Fresque Cr\u00e9ative<\/strong><\/a><b>, <a href=\"https:\/\/exaequo-communication.fr\/index.php\/portfolio\/fresque-creative\/\" target=\"_blank\" rel=\"noopener\">cliquez ici<\/a><a href=\"https:\/\/exaequo-communication.fr\/index.php\/portfolio\/collective-games-teambuilding\/\" target=\"_blank\" rel=\"noopener\">.<\/a><\/b><\/p>\n<p>Pour en savoir plus sur l&rsquo;Entreprise Enedis, <strong><a href=\"https:\/\/www.enedis.fr\/\" target=\"_blank\" rel=\"noopener noreferrer\">cliquez ici<\/a><\/strong>.[\/vc_column_text][\/vc_column][\/vc_row]\n","protected":false},"excerpt":{"rendered":"<p>Vendredi 29 septembre, les collaborateurs de l&rsquo;entreprise Enedis se sont donn\u00e9s rendez-vous pour une demi-journ\u00e9e de coh\u00e9sion.<\/p>\n","protected":false},"author":22,"featured_media":14709,"comment_status":"closed","ping_status":"closed","sticky":false,"template":"","format":"standard","meta":{"footnotes":""},"categories":[1,178],"tags":[],"class_list":{"0":"post-14707","1":"post","2":"type-post","3":"status-publish","4":"format-standard","5":"has-post-thumbnail","7":"category-actualites","8":"category-team-building"},"yoast_head":"<!-- This site is optimized with the Yoast SEO plugin v27.0 - https:\/\/yoast.com\/product\/yoast-seo-wordpress\/ -->\n<title>Enedis r\u00e9unit ses \u00e9quipes autour d&#039;une fresque puzzle<\/title>\n<meta name=\"description\" content=\"Vendredi 29 septembre, les collaborateurs d&#039;Enedis avaient rendez-vous pour une demi-journ\u00e9e de coh\u00e9sion autour d&#039;une Fresque Cr\u00e9ative.\" \/>\n<meta name=\"robots\" content=\"index, follow, max-snippet:-1, max-image-preview:large, max-video-preview:-1\" \/>\n<link rel=\"canonical\" href=\"https:\/\/exaequo-communication.fr\/index.php\/2023\/10\/13\/entreprise-enedis-fresque-creative\/\" \/>\n<meta property=\"og:locale\" content=\"fr_FR\" \/>\n<meta property=\"og:type\" content=\"article\" \/>\n<meta property=\"og:title\" content=\"Enedis r\u00e9unit ses \u00e9quipes autour d&#039;une Fresque Cr\u00e9ative\" \/>\n<meta property=\"og:description\" content=\"Vendredi 29 septembre, les collaborateurs de l&#039;entreprise Enedis se sont donn\u00e9s rendez-vous pour une demi-journ\u00e9e de coh\u00e9sion.\" \/>\n<meta property=\"og:url\" content=\"https:\/\/exaequo-communication.fr\/index.php\/2023\/10\/13\/entreprise-enedis-fresque-creative\/\" \/>\n<meta property=\"og:site_name\" content=\"Exaequo communication\" \/>\n<meta property=\"article:published_time\" content=\"2023-10-13T11:08:44+00:00\" \/>\n<meta property=\"article:modified_time\" content=\"2023-10-13T11:27:18+00:00\" \/>\n<meta property=\"og:image\" content=\"https:\/\/exaequo-communication.fr\/wp-content\/uploads\/2023\/10\/2-1.jpeg\" \/>\n\t<meta property=\"og:image:width\" content=\"1365\" \/>\n\t<meta property=\"og:image:height\" content=\"1024\" \/>\n\t<meta property=\"og:image:type\" content=\"image\/jpeg\" \/>\n<meta name=\"author\" content=\"Noah\" \/>\n<meta name=\"twitter:card\" content=\"summary_large_image\" \/>\n<meta name=\"twitter:title\" content=\"Enedis r\u00e9unit ses \u00e9quipes autour d&#039;une Fresque Cr\u00e9ative\" \/>\n<meta name=\"twitter:description\" content=\"Vendredi 29 septembre, les collaborateurs de l&#039;entreprise Enedis se sont donn\u00e9s rendez-vous pour une demi-journ\u00e9e de coh\u00e9sion.\" \/>\n<meta name=\"twitter:image\" content=\"https:\/\/exaequo-communication.fr\/wp-content\/uploads\/2023\/10\/2-1.jpeg\" \/>\n<meta name=\"twitter:label1\" content=\"\u00c9crit par\" \/>\n\t<meta name=\"twitter:data1\" content=\"Noah\" \/>\n\t<meta name=\"twitter:label2\" content=\"Dur\u00e9e de lecture estim\u00e9e\" \/>\n\t<meta name=\"twitter:data2\" content=\"2 minutes\" \/>\n<script type=\"application\/ld+json\" class=\"yoast-schema-graph\">{\"@context\":\"https:\/\/schema.org\",\"@graph\":[{\"@type\":\"Article\",\"@id\":\"https:\/\/exaequo-communication.fr\/index.php\/2023\/10\/13\/entreprise-enedis-fresque-creative\/#article\",\"isPartOf\":{\"@id\":\"https:\/\/exaequo-communication.fr\/index.php\/2023\/10\/13\/entreprise-enedis-fresque-creative\/\"},\"author\":{\"name\":\"Noah\",\"@id\":\"https:\/\/exaequo-communication.fr\/#\/schema\/person\/c28633f3a7c202e5c427512376a2e7ca\"},\"headline\":\"Enedis r\u00e9unit ses \u00e9quipes autour d&rsquo;une Fresque Cr\u00e9ative\",\"datePublished\":\"2023-10-13T11:08:44+00:00\",\"dateModified\":\"2023-10-13T11:27:18+00:00\",\"mainEntityOfPage\":{\"@id\":\"https:\/\/exaequo-communication.fr\/index.php\/2023\/10\/13\/entreprise-enedis-fresque-creative\/\"},\"wordCount\":685,\"image\":{\"@id\":\"https:\/\/exaequo-communication.fr\/index.php\/2023\/10\/13\/entreprise-enedis-fresque-creative\/#primaryimage\"},\"thumbnailUrl\":\"https:\/\/exaequo-communication.fr\/wp-content\/uploads\/2023\/10\/2-1.jpeg\",\"articleSection\":[\"Actualit\u00e9s\",\"Team Building\"],\"inLanguage\":\"fr-FR\"},{\"@type\":\"WebPage\",\"@id\":\"https:\/\/exaequo-communication.fr\/index.php\/2023\/10\/13\/entreprise-enedis-fresque-creative\/\",\"url\":\"https:\/\/exaequo-communication.fr\/index.php\/2023\/10\/13\/entreprise-enedis-fresque-creative\/\",\"name\":\"Enedis r\u00e9unit ses \u00e9quipes autour d'une fresque puzzle\",\"isPartOf\":{\"@id\":\"https:\/\/exaequo-communication.fr\/#website\"},\"primaryImageOfPage\":{\"@id\":\"https:\/\/exaequo-communication.fr\/index.php\/2023\/10\/13\/entreprise-enedis-fresque-creative\/#primaryimage\"},\"image\":{\"@id\":\"https:\/\/exaequo-communication.fr\/index.php\/2023\/10\/13\/entreprise-enedis-fresque-creative\/#primaryimage\"},\"thumbnailUrl\":\"https:\/\/exaequo-communication.fr\/wp-content\/uploads\/2023\/10\/2-1.jpeg\",\"datePublished\":\"2023-10-13T11:08:44+00:00\",\"dateModified\":\"2023-10-13T11:27:18+00:00\",\"author\":{\"@id\":\"https:\/\/exaequo-communication.fr\/#\/schema\/person\/c28633f3a7c202e5c427512376a2e7ca\"},\"description\":\"Vendredi 29 septembre, les collaborateurs d'Enedis avaient rendez-vous pour une demi-journ\u00e9e de coh\u00e9sion autour d'une Fresque Cr\u00e9ative.\",\"breadcrumb\":{\"@id\":\"https:\/\/exaequo-communication.fr\/index.php\/2023\/10\/13\/entreprise-enedis-fresque-creative\/#breadcrumb\"},\"inLanguage\":\"fr-FR\",\"potentialAction\":[{\"@type\":\"ReadAction\",\"target\":[\"https:\/\/exaequo-communication.fr\/index.php\/2023\/10\/13\/entreprise-enedis-fresque-creative\/\"]}]},{\"@type\":\"ImageObject\",\"inLanguage\":\"fr-FR\",\"@id\":\"https:\/\/exaequo-communication.fr\/index.php\/2023\/10\/13\/entreprise-enedis-fresque-creative\/#primaryimage\",\"url\":\"https:\/\/exaequo-communication.fr\/wp-content\/uploads\/2023\/10\/2-1.jpeg\",\"contentUrl\":\"https:\/\/exaequo-communication.fr\/wp-content\/uploads\/2023\/10\/2-1.jpeg\",\"width\":1365,\"height\":1024,\"caption\":\"Enedis Fresque Puzzle\"},{\"@type\":\"BreadcrumbList\",\"@id\":\"https:\/\/exaequo-communication.fr\/index.php\/2023\/10\/13\/entreprise-enedis-fresque-creative\/#breadcrumb\",\"itemListElement\":[{\"@type\":\"ListItem\",\"position\":1,\"name\":\"Accueil\",\"item\":\"https:\/\/exaequo-communication.fr\/\"},{\"@type\":\"ListItem\",\"position\":2,\"name\":\"Enedis r\u00e9unit ses \u00e9quipes autour d&rsquo;une Fresque Cr\u00e9ative\"}]},{\"@type\":\"WebSite\",\"@id\":\"https:\/\/exaequo-communication.fr\/#website\",\"url\":\"https:\/\/exaequo-communication.fr\/\",\"name\":\"Exaequo communication\",\"description\":\"\",\"potentialAction\":[{\"@type\":\"SearchAction\",\"target\":{\"@type\":\"EntryPoint\",\"urlTemplate\":\"https:\/\/exaequo-communication.fr\/?s={search_term_string}\"},\"query-input\":{\"@type\":\"PropertyValueSpecification\",\"valueRequired\":true,\"valueName\":\"search_term_string\"}}],\"inLanguage\":\"fr-FR\"},{\"@type\":\"Person\",\"@id\":\"https:\/\/exaequo-communication.fr\/#\/schema\/person\/c28633f3a7c202e5c427512376a2e7ca\",\"name\":\"Noah\",\"image\":{\"@type\":\"ImageObject\",\"inLanguage\":\"fr-FR\",\"@id\":\"https:\/\/exaequo-communication.fr\/#\/schema\/person\/image\/\",\"url\":\"https:\/\/secure.gravatar.com\/avatar\/70d12748ddaeba8bad327e70a86dffe52c00c33c30dcf0e3cfee09d9e7293b61?s=96&d=mm&r=g\",\"contentUrl\":\"https:\/\/secure.gravatar.com\/avatar\/70d12748ddaeba8bad327e70a86dffe52c00c33c30dcf0e3cfee09d9e7293b61?s=96&d=mm&r=g\",\"caption\":\"Noah\"},\"url\":\"https:\/\/exaequo-communication.fr\/index.php\/author\/noah\/\"}]}<\/script>\n<!-- \/ Yoast SEO plugin. -->","yoast_head_json":{"title":"Enedis r\u00e9unit ses \u00e9quipes autour d'une fresque puzzle","description":"Vendredi 29 septembre, les collaborateurs d'Enedis avaient rendez-vous pour une demi-journ\u00e9e de coh\u00e9sion autour d'une Fresque Cr\u00e9ative.","robots":{"index":"index","follow":"follow","max-snippet":"max-snippet:-1","max-image-preview":"max-image-preview:large","max-video-preview":"max-video-preview:-1"},"canonical":"https:\/\/exaequo-communication.fr\/index.php\/2023\/10\/13\/entreprise-enedis-fresque-creative\/","og_locale":"fr_FR","og_type":"article","og_title":"Enedis r\u00e9unit ses \u00e9quipes autour d'une Fresque Cr\u00e9ative","og_description":"Vendredi 29 septembre, les collaborateurs de l'entreprise Enedis se sont donn\u00e9s rendez-vous pour une demi-journ\u00e9e de coh\u00e9sion.","og_url":"https:\/\/exaequo-communication.fr\/index.php\/2023\/10\/13\/entreprise-enedis-fresque-creative\/","og_site_name":"Exaequo communication","article_published_time":"2023-10-13T11:08:44+00:00","article_modified_time":"2023-10-13T11:27:18+00:00","og_image":[{"width":1365,"height":1024,"url":"https:\/\/exaequo-communication.fr\/wp-content\/uploads\/2023\/10\/2-1.jpeg","type":"image\/jpeg"}],"author":"Noah","twitter_card":"summary_large_image","twitter_title":"Enedis r\u00e9unit ses \u00e9quipes autour d'une Fresque Cr\u00e9ative","twitter_description":"Vendredi 29 septembre, les collaborateurs de l'entreprise Enedis se sont donn\u00e9s rendez-vous pour une demi-journ\u00e9e de coh\u00e9sion.","twitter_image":"https:\/\/exaequo-communication.fr\/wp-content\/uploads\/2023\/10\/2-1.jpeg","twitter_misc":{"\u00c9crit par":"Noah","Dur\u00e9e de lecture estim\u00e9e":"2 minutes"},"schema":{"@context":"https:\/\/schema.org","@graph":[{"@type":"Article","@id":"https:\/\/exaequo-communication.fr\/index.php\/2023\/10\/13\/entreprise-enedis-fresque-creative\/#article","isPartOf":{"@id":"https:\/\/exaequo-communication.fr\/index.php\/2023\/10\/13\/entreprise-enedis-fresque-creative\/"},"author":{"name":"Noah","@id":"https:\/\/exaequo-communication.fr\/#\/schema\/person\/c28633f3a7c202e5c427512376a2e7ca"},"headline":"Enedis r\u00e9unit ses \u00e9quipes autour d&rsquo;une Fresque Cr\u00e9ative","datePublished":"2023-10-13T11:08:44+00:00","dateModified":"2023-10-13T11:27:18+00:00","mainEntityOfPage":{"@id":"https:\/\/exaequo-communication.fr\/index.php\/2023\/10\/13\/entreprise-enedis-fresque-creative\/"},"wordCount":685,"image":{"@id":"https:\/\/exaequo-communication.fr\/index.php\/2023\/10\/13\/entreprise-enedis-fresque-creative\/#primaryimage"},"thumbnailUrl":"https:\/\/exaequo-communication.fr\/wp-content\/uploads\/2023\/10\/2-1.jpeg","articleSection":["Actualit\u00e9s","Team Building"],"inLanguage":"fr-FR"},{"@type":"WebPage","@id":"https:\/\/exaequo-communication.fr\/index.php\/2023\/10\/13\/entreprise-enedis-fresque-creative\/","url":"https:\/\/exaequo-communication.fr\/index.php\/2023\/10\/13\/entreprise-enedis-fresque-creative\/","name":"Enedis r\u00e9unit ses \u00e9quipes autour d'une fresque puzzle","isPartOf":{"@id":"https:\/\/exaequo-communication.fr\/#website"},"primaryImageOfPage":{"@id":"https:\/\/exaequo-communication.fr\/index.php\/2023\/10\/13\/entreprise-enedis-fresque-creative\/#primaryimage"},"image":{"@id":"https:\/\/exaequo-communication.fr\/index.php\/2023\/10\/13\/entreprise-enedis-fresque-creative\/#primaryimage"},"thumbnailUrl":"https:\/\/exaequo-communication.fr\/wp-content\/uploads\/2023\/10\/2-1.jpeg","datePublished":"2023-10-13T11:08:44+00:00","dateModified":"2023-10-13T11:27:18+00:00","author":{"@id":"https:\/\/exaequo-communication.fr\/#\/schema\/person\/c28633f3a7c202e5c427512376a2e7ca"},"description":"Vendredi 29 septembre, les collaborateurs d'Enedis avaient rendez-vous pour une demi-journ\u00e9e de coh\u00e9sion autour d'une Fresque Cr\u00e9ative.","breadcrumb":{"@id":"https:\/\/exaequo-communication.fr\/index.php\/2023\/10\/13\/entreprise-enedis-fresque-creative\/#breadcrumb"},"inLanguage":"fr-FR","potentialAction":[{"@type":"ReadAction","target":["https:\/\/exaequo-communication.fr\/index.php\/2023\/10\/13\/entreprise-enedis-fresque-creative\/"]}]},{"@type":"ImageObject","inLanguage":"fr-FR","@id":"https:\/\/exaequo-communication.fr\/index.php\/2023\/10\/13\/entreprise-enedis-fresque-creative\/#primaryimage","url":"https:\/\/exaequo-communication.fr\/wp-content\/uploads\/2023\/10\/2-1.jpeg","contentUrl":"https:\/\/exaequo-communication.fr\/wp-content\/uploads\/2023\/10\/2-1.jpeg","width":1365,"height":1024,"caption":"Enedis Fresque Puzzle"},{"@type":"BreadcrumbList","@id":"https:\/\/exaequo-communication.fr\/index.php\/2023\/10\/13\/entreprise-enedis-fresque-creative\/#breadcrumb","itemListElement":[{"@type":"ListItem","position":1,"name":"Accueil","item":"https:\/\/exaequo-communication.fr\/"},{"@type":"ListItem","position":2,"name":"Enedis r\u00e9unit ses \u00e9quipes autour d&rsquo;une Fresque Cr\u00e9ative"}]},{"@type":"WebSite","@id":"https:\/\/exaequo-communication.fr\/#website","url":"https:\/\/exaequo-communication.fr\/","name":"Exaequo communication","description":"","potentialAction":[{"@type":"SearchAction","target":{"@type":"EntryPoint","urlTemplate":"https:\/\/exaequo-communication.fr\/?s={search_term_string}"},"query-input":{"@type":"PropertyValueSpecification","valueRequired":true,"valueName":"search_term_string"}}],"inLanguage":"fr-FR"},{"@type":"Person","@id":"https:\/\/exaequo-communication.fr\/#\/schema\/person\/c28633f3a7c202e5c427512376a2e7ca","name":"Noah","image":{"@type":"ImageObject","inLanguage":"fr-FR","@id":"https:\/\/exaequo-communication.fr\/#\/schema\/person\/image\/","url":"https:\/\/secure.gravatar.com\/avatar\/70d12748ddaeba8bad327e70a86dffe52c00c33c30dcf0e3cfee09d9e7293b61?s=96&d=mm&r=g","contentUrl":"https:\/\/secure.gravatar.com\/avatar\/70d12748ddaeba8bad327e70a86dffe52c00c33c30dcf0e3cfee09d9e7293b61?s=96&d=mm&r=g","caption":"Noah"},"url":"https:\/\/exaequo-communication.fr\/index.php\/author\/noah\/"}]}},"_links":{"self":[{"href":"https:\/\/exaequo-communication.fr\/index.php\/wp-json\/wp\/v2\/posts\/14707","targetHints":{"allow":["GET"]}}],"collection":[{"href":"https:\/\/exaequo-communication.fr\/index.php\/wp-json\/wp\/v2\/posts"}],"about":[{"href":"https:\/\/exaequo-communication.fr\/index.php\/wp-json\/wp\/v2\/types\/post"}],"author":[{"embeddable":true,"href":"https:\/\/exaequo-communication.fr\/index.php\/wp-json\/wp\/v2\/users\/22"}],"replies":[{"embeddable":true,"href":"https:\/\/exaequo-communication.fr\/index.php\/wp-json\/wp\/v2\/comments?post=14707"}],"version-history":[{"count":9,"href":"https:\/\/exaequo-communication.fr\/index.php\/wp-json\/wp\/v2\/posts\/14707\/revisions"}],"predecessor-version":[{"id":14723,"href":"https:\/\/exaequo-communication.fr\/index.php\/wp-json\/wp\/v2\/posts\/14707\/revisions\/14723"}],"wp:featuredmedia":[{"embeddable":true,"href":"https:\/\/exaequo-communication.fr\/index.php\/wp-json\/wp\/v2\/media\/14709"}],"wp:attachment":[{"href":"https:\/\/exaequo-communication.fr\/index.php\/wp-json\/wp\/v2\/media?parent=14707"}],"wp:term":[{"taxonomy":"category","embeddable":true,"href":"https:\/\/exaequo-communication.fr\/index.php\/wp-json\/wp\/v2\/categories?post=14707"},{"taxonomy":"post_tag","embeddable":true,"href":"https:\/\/exaequo-communication.fr\/index.php\/wp-json\/wp\/v2\/tags?post=14707"}],"curies":[{"name":"wp","href":"https:\/\/api.w.org\/{rel}","templated":true}]}}