{"id":14441,"date":"2023-04-27T10:08:41","date_gmt":"2023-04-27T08:08:41","guid":{"rendered":"https:\/\/exaequo-communication.fr\/?p=14441"},"modified":"2023-04-27T10:13:13","modified_gmt":"2023-04-27T08:13:13","slug":"entreprise-celfy-fresque-creative","status":"publish","type":"post","link":"https:\/\/exaequo-communication.fr\/index.php\/2023\/04\/27\/entreprise-celfy-fresque-creative\/","title":{"rendered":"L&rsquo;Entreprise Celfy se r\u00e9unit autour d&rsquo;une Fresque Cr\u00e9ative"},"content":{"rendered":"[vc_row type=\u00a0\u00bbin_container\u00a0\u00bb full_screen_row_position=\u00a0\u00bbmiddle\u00a0\u00bb column_margin=\u00a0\u00bbdefault\u00a0\u00bb column_direction=\u00a0\u00bbdefault\u00a0\u00bb column_direction_tablet=\u00a0\u00bbdefault\u00a0\u00bb column_direction_phone=\u00a0\u00bbdefault\u00a0\u00bb scene_position=\u00a0\u00bbcenter\u00a0\u00bb top_padding=\u00a0\u00bb10&Prime; text_color=\u00a0\u00bbdark\u00a0\u00bb text_align=\u00a0\u00bbleft\u00a0\u00bb row_border_radius=\u00a0\u00bbnone\u00a0\u00bb row_border_radius_applies=\u00a0\u00bbbg\u00a0\u00bb overlay_strength=\u00a0\u00bb0.3&Prime; gradient_direction=\u00a0\u00bbleft_to_right\u00a0\u00bb shape_divider_position=\u00a0\u00bbbottom\u00a0\u00bb bg_image_animation=\u00a0\u00bbnone\u00a0\u00bb shape_type=\u00a0\u00bb\u00a0\u00bb][vc_column column_padding=\u00a0\u00bbno-extra-padding\u00a0\u00bb column_padding_tablet=\u00a0\u00bbinherit\u00a0\u00bb column_padding_phone=\u00a0\u00bbinherit\u00a0\u00bb column_padding_position=\u00a0\u00bball\u00a0\u00bb background_color_opacity=\u00a0\u00bb1&Prime; background_hover_color_opacity=\u00a0\u00bb1&Prime; column_shadow=\u00a0\u00bbnone\u00a0\u00bb column_border_radius=\u00a0\u00bbnone\u00a0\u00bb column_link_target=\u00a0\u00bb_self\u00a0\u00bb gradient_direction=\u00a0\u00bbleft_to_right\u00a0\u00bb overlay_strength=\u00a0\u00bb0.3&Prime; width=\u00a0\u00bb1\/2&Prime; tablet_width_inherit=\u00a0\u00bbdefault\u00a0\u00bb tablet_text_alignment=\u00a0\u00bbdefault\u00a0\u00bb phone_text_alignment=\u00a0\u00bbdefault\u00a0\u00bb column_border_width=\u00a0\u00bbnone\u00a0\u00bb column_border_style=\u00a0\u00bbsolid\u00a0\u00bb bg_image_animation=\u00a0\u00bbnone\u00a0\u00bb][vc_gallery type=\u00a0\u00bbflexslider_style\u00a0\u00bb images=\u00a0\u00bb14442,14444,14446,14447,14443&Prime; onclick=\u00a0\u00bblink_no\u00a0\u00bb hover_anim=\u00a0\u00bbfade-out\u00a0\u00bb][\/vc_column][vc_column column_padding=\u00a0\u00bbno-extra-padding\u00a0\u00bb column_padding_tablet=\u00a0\u00bbinherit\u00a0\u00bb column_padding_phone=\u00a0\u00bbinherit\u00a0\u00bb column_padding_position=\u00a0\u00bball\u00a0\u00bb background_color_opacity=\u00a0\u00bb1&Prime; background_hover_color_opacity=\u00a0\u00bb1&Prime; column_shadow=\u00a0\u00bbnone\u00a0\u00bb column_border_radius=\u00a0\u00bbnone\u00a0\u00bb column_link_target=\u00a0\u00bb_self\u00a0\u00bb gradient_direction=\u00a0\u00bbleft_to_right\u00a0\u00bb overlay_strength=\u00a0\u00bb0.3&Prime; width=\u00a0\u00bb1\/2&Prime; tablet_width_inherit=\u00a0\u00bbdefault\u00a0\u00bb tablet_text_alignment=\u00a0\u00bbdefault\u00a0\u00bb phone_text_alignment=\u00a0\u00bbdefault\u00a0\u00bb column_border_width=\u00a0\u00bbnone\u00a0\u00bb column_border_style=\u00a0\u00bbsolid\u00a0\u00bb bg_image_animation=\u00a0\u00bbnone\u00a0\u00bb][split_line_heading animation_type=\u00a0\u00bbdefault\u00a0\u00bb]\n<h3>Retour sur l&rsquo;\u00e9v\u00e8nement Celfy<\/h3>\n<p>Le jeudi 30 mars a eu lieu l&rsquo;animation d&rsquo;une fresque cr\u00e9ative pour l&rsquo;<strong><a href=\"https:\/\/celfy.fr\" target=\"_blank\" rel=\"noopener\">entreprise Celfy<\/a><\/strong> en pr\u00e9sence d&rsquo;un ancien capitaine du XV de France, Fabien Pelous. Les 210 participants avaient rendez-vous \u00e0 la halle B\u00e9r\u00e9govoy de Mondeville afin de renforcer les liens de coh\u00e9sion entre les collaborateurs.[\/split_line_heading][\/vc_column][vc_column column_padding=\u00a0\u00bbno-extra-padding\u00a0\u00bb column_padding_tablet=\u00a0\u00bbinherit\u00a0\u00bb column_padding_phone=\u00a0\u00bbinherit\u00a0\u00bb column_padding_position=\u00a0\u00bball\u00a0\u00bb background_color_opacity=\u00a0\u00bb1&Prime; background_hover_color_opacity=\u00a0\u00bb1&Prime; column_shadow=\u00a0\u00bbnone\u00a0\u00bb column_border_radius=\u00a0\u00bbnone\u00a0\u00bb column_link_target=\u00a0\u00bb_self\u00a0\u00bb gradient_direction=\u00a0\u00bbleft_to_right\u00a0\u00bb overlay_strength=\u00a0\u00bb0.3&Prime; width=\u00a0\u00bb1\/1&Prime; tablet_width_inherit=\u00a0\u00bbdefault\u00a0\u00bb tablet_text_alignment=\u00a0\u00bbdefault\u00a0\u00bb phone_text_alignment=\u00a0\u00bbdefault\u00a0\u00bb column_border_width=\u00a0\u00bbnone\u00a0\u00bb column_border_style=\u00a0\u00bbsolid\u00a0\u00bb bg_image_animation=\u00a0\u00bbnone\u00a0\u00bb][\/vc_column][\/vc_row][vc_row type=\u00a0\u00bbin_container\u00a0\u00bb full_screen_row_position=\u00a0\u00bbmiddle\u00a0\u00bb column_margin=\u00a0\u00bbdefault\u00a0\u00bb column_direction=\u00a0\u00bbdefault\u00a0\u00bb column_direction_tablet=\u00a0\u00bbdefault\u00a0\u00bb column_direction_phone=\u00a0\u00bbdefault\u00a0\u00bb scene_position=\u00a0\u00bbcenter\u00a0\u00bb text_color=\u00a0\u00bbdark\u00a0\u00bb text_align=\u00a0\u00bbleft\u00a0\u00bb row_border_radius=\u00a0\u00bbnone\u00a0\u00bb row_border_radius_applies=\u00a0\u00bbbg\u00a0\u00bb overlay_strength=\u00a0\u00bb0.3&Prime; gradient_direction=\u00a0\u00bbleft_to_right\u00a0\u00bb shape_divider_position=\u00a0\u00bbbottom\u00a0\u00bb bg_image_animation=\u00a0\u00bbnone\u00a0\u00bb][vc_column column_padding=\u00a0\u00bbno-extra-padding\u00a0\u00bb column_padding_tablet=\u00a0\u00bbinherit\u00a0\u00bb column_padding_phone=\u00a0\u00bbinherit\u00a0\u00bb column_padding_position=\u00a0\u00bball\u00a0\u00bb background_color_opacity=\u00a0\u00bb1&Prime; background_hover_color_opacity=\u00a0\u00bb1&Prime; column_shadow=\u00a0\u00bbnone\u00a0\u00bb column_border_radius=\u00a0\u00bbnone\u00a0\u00bb column_link_target=\u00a0\u00bb_self\u00a0\u00bb gradient_direction=\u00a0\u00bbleft_to_right\u00a0\u00bb overlay_strength=\u00a0\u00bb0.3&Prime; width=\u00a0\u00bb1\/1&Prime; tablet_width_inherit=\u00a0\u00bbdefault\u00a0\u00bb tablet_text_alignment=\u00a0\u00bbdefault\u00a0\u00bb phone_text_alignment=\u00a0\u00bbdefault\u00a0\u00bb column_border_width=\u00a0\u00bbnone\u00a0\u00bb column_border_style=\u00a0\u00bbsolid\u00a0\u00bb bg_image_animation=\u00a0\u00bbnone\u00a0\u00bb][vc_column_text]Afin de rassembler ses collaborateurs lors d&rsquo;une journ\u00e9e r\u00e9cr\u00e9ative, l\u2019entreprise <strong><a href=\"https:\/\/celfy.fr\" target=\"_blank\" rel=\"noopener\">Celfy<\/a><\/strong>\u00a0a fait appel \u00e0 l\u2019\u00e9quipe <strong><a href=\"https:\/\/exaequo-communication.fr\" target=\"_blank\" rel=\"noopener\">Exaequo<\/a><\/strong>. La Xteam a propos\u00e9 un \u00e9v\u00e9nement collectif et f\u00e9d\u00e9rateur avec comme animation, notre team-building <strong><a href=\"https:\/\/exaequo-communication.fr\/index.php\/portfolio\/fresque-creative\/\" target=\"_blank\" rel=\"noopener\">Fresque cr\u00e9ative<\/a><\/strong>. Un moment de coh\u00e9sion, le tout dans une ambiance festive.<\/p>\n<div class=\"col span_12 dark left\">\n<div class=\"vc_col-sm-12 wpb_column column_container vc_column_container col no-extra-padding instance-2\" data-t-w-inherits=\"default\" data-border-radius=\"none\" data-shadow=\"none\" data-border-animation=\"\" data-border-animation-delay=\"\" data-border-width=\"none\" data-border-style=\"solid\" data-border-color=\"\" data-bg-cover=\"\" data-padding-pos=\"all\" data-has-bg-color=\"false\" data-bg-color=\"\" data-bg-opacity=\"1\" data-hover-bg=\"\" data-hover-bg-opacity=\"1\" data-animation=\"\" data-delay=\"0\">\n<div class=\"vc_column-inner\">\n<div class=\"wpb_wrapper\">\n<div class=\"wpb_text_column wpb_content_element \">\n<div class=\"wpb_wrapper\">\n<h3>LE BRIEF :<\/h3>\n<ul>\n<li>Proposer un \u00e9v\u00e9nement f\u00e9d\u00e9rateur et d&rsquo;\u00e9change entre les participants.<\/li>\n<li>Organiser une animation conviviale par \u00e9quipe afin de renforcer la coh\u00e9sion entre les collaborateurs.<\/li>\n<\/ul>\n<h3>LA R\u00c9PONSE D\u2019EXAEQUO :<\/h3>\n<p>Tous les collaborateurs de l&rsquo;entreprise <strong><a href=\"https:\/\/celfy.fr\/\" target=\"_blank\" rel=\"noopener\">Celfy<\/a><\/strong> \u00e9taient convi\u00e9s \u00e0 Mondeville pour une animation qui a fait appel \u00e0 leur cr\u00e9ativit\u00e9.<\/p>\n<p>Apr\u00e8s avoir mang\u00e9 tous ensemble autour d&rsquo;un cocktail d\u00e9jeunatoire r\u00e9alis\u00e9 par <strong><a href=\"https:\/\/www.c-comme-traiteur.fr\/\" target=\"_blank\" rel=\"noopener\">C comme Traiteur<\/a><\/strong>, les collaborateurs ont lanc\u00e9 leur journ\u00e9e de coh\u00e9sion. L&rsquo;\u00e9quipe Exaequo a cr\u00e9\u00e9 une trame sur mesure pour cet \u00e9v\u00e9nement avec :<\/p>\n<ul>\n<li>Une animation : Cr\u00e9ation d&rsquo;une fresque pour 20 \u00e9quipes de 11 personnes. Un savant m\u00e9lange d&rsquo;escape game et de construction en \u00e9quipe. Le m\u00e9lange de ces puzzles a abouti \u00e0 3 grandes fresques retra\u00e7ant les 3 grands m\u00e9tiers de l&rsquo;entreprise.<\/li>\n<li>Ensuite vient le mot de la direction, retour sur l&rsquo;ann\u00e9e 2022 et projection 2023 avec les objectifs en chiffres et en valeur.<\/li>\n<li>La journ\u00e9e s&rsquo;est termin\u00e9e par une intervention de l&rsquo;ancien capitaine du XV de France, Fabien Pelous. Il a parl\u00e9 de sa carri\u00e8re et de l\u2019importance de l\u2019esprit d&rsquo;\u00e9quipe. Il a pu \u00e9voquer la relation entre sport et entreprise tout en r\u00e9pondant aux nombreuses questions des collaborateurs.<\/li>\n<\/ul>\n<h3>LE BILAN :<\/h3>\n<p><span class=\"s1\"><b>Des \u00e9quipes dynamiques et imaginatives ! <\/b>Un m\u00e9lange de cr\u00e9ativit\u00e9, de coh\u00e9sion et d&rsquo;\u00e9change, pour une demi-journ\u00e9e dans la bonne humeur. Chaque collaborateur a rapidement su trouver sa place dans l&rsquo;activit\u00e9 et ajouter sa patte aux fresques. Ils sont d&rsquo;ailleurs repartis avec un souvenir puisque leur cr\u00e9ation sera entrepos\u00e9e au sein de l&rsquo;entreprise <strong><a href=\"https:\/\/celfy.fr\" target=\"_blank\" rel=\"noopener\">Celfy<\/a><\/strong>.\u00a0<\/span><\/p>\n<p>&nbsp;<\/p>\n<\/div>\n<\/div>\n<\/div>\n<\/div>\n<\/div>\n<\/div>\n<p>D\u00e9couvrez en plus sur notre team-building <strong>Fresque Cr\u00e9ative<\/strong><b>, <a href=\"https:\/\/exaequo-communication.fr\/index.php\/portfolio\/fresque-creative\/\" target=\"_blank\" rel=\"noopener\">cliquez ici<\/a><a href=\"https:\/\/exaequo-communication.fr\/index.php\/portfolio\/collective-games-teambuilding\/\" target=\"_blank\" rel=\"noopener\">.<\/a><\/b><\/p>\n<p>Pour en savoir plus sur l&rsquo;Entreprise Celfy, <strong><a href=\"https:\/\/celfy.fr\" target=\"_blank\" rel=\"noopener noreferrer\">cliquez ici<\/a><\/strong>.[\/vc_column_text][\/vc_column][\/vc_row]\n","protected":false},"excerpt":{"rendered":"<p>Jeudi 30 mars, les collaborateurs de l&rsquo;<strong><a href=\"https:\/\/celfy.fr\">entreprise Celfy<\/a><\/strong>\u00a0se sont donn\u00e9s rendez-vous pour une demi journ\u00e9e de coh\u00e9sion.<\/p>\n","protected":false},"author":5,"featured_media":14446,"comment_status":"closed","ping_status":"closed","sticky":false,"template":"","format":"standard","meta":{"footnotes":""},"categories":[1,178],"tags":[],"class_list":{"0":"post-14441","1":"post","2":"type-post","3":"status-publish","4":"format-standard","5":"has-post-thumbnail","7":"category-actualites","8":"category-team-building"},"yoast_head":"<!-- This site is optimized with the Yoast SEO plugin v27.0 - https:\/\/yoast.com\/product\/yoast-seo-wordpress\/ -->\n<title>L&#039;Entreprise Celfy se r\u00e9unit autour d&#039;une Fresque Cr\u00e9ative<\/title>\n<meta name=\"description\" content=\"Jeudi 30 mars, les collaborateurs de l&#039;entreprise Celfy\u00a0avaient rendez-vous pour une demi-journ\u00e9e de coh\u00e9sion autour d&#039;une Fresque Cr\u00e9ative.\u00a0\" \/>\n<meta name=\"robots\" content=\"index, follow, max-snippet:-1, max-image-preview:large, max-video-preview:-1\" \/>\n<link rel=\"canonical\" href=\"https:\/\/exaequo-communication.fr\/index.php\/2023\/04\/27\/entreprise-celfy-fresque-creative\/\" \/>\n<meta property=\"og:locale\" content=\"fr_FR\" \/>\n<meta property=\"og:type\" content=\"article\" \/>\n<meta property=\"og:title\" content=\"L&#039;Entreprise Celfy se r\u00e9unit autour d&#039;une Fresque Cr\u00e9ative\" \/>\n<meta property=\"og:description\" content=\"Jeudi 30 mars, les collaborateurs de l&#039;entreprise Celfy\u00a0avaient rendez-vous pour une demi-journ\u00e9e de coh\u00e9sion autour d&#039;une Fresque Cr\u00e9ative.\u00a0\" \/>\n<meta property=\"og:url\" content=\"https:\/\/exaequo-communication.fr\/index.php\/2023\/04\/27\/entreprise-celfy-fresque-creative\/\" \/>\n<meta property=\"og:site_name\" content=\"Exaequo communication\" \/>\n<meta property=\"article:published_time\" content=\"2023-04-27T08:08:41+00:00\" \/>\n<meta property=\"article:modified_time\" content=\"2023-04-27T08:13:13+00:00\" \/>\n<meta property=\"og:image\" content=\"https:\/\/exaequo-communication.fr\/wp-content\/uploads\/2023\/04\/230330-sans-titre-A1L09536\u00a9le7emeStudio.fr_-scaled.jpg\" \/>\n\t<meta property=\"og:image:width\" content=\"1504\" \/>\n\t<meta property=\"og:image:height\" content=\"1024\" \/>\n\t<meta property=\"og:image:type\" content=\"image\/jpeg\" \/>\n<meta name=\"author\" content=\"Vincent\" \/>\n<meta name=\"twitter:card\" content=\"summary_large_image\" \/>\n<meta name=\"twitter:title\" content=\"L&#039;Entreprise Celfy se r\u00e9unit autour d&#039;une Fresque Cr\u00e9ative\" \/>\n<meta name=\"twitter:description\" content=\"Jeudi 30 mars, les collaborateurs de l&#039;entreprise Celfy\u00a0avaient rendez-vous pour une demi-journ\u00e9e de coh\u00e9sion autour d&#039;une Fresque Cr\u00e9ative.\u00a0\" \/>\n<meta name=\"twitter:image\" content=\"https:\/\/exaequo-communication.fr\/wp-content\/uploads\/2023\/04\/230330-sans-titre-A1L09536\u00a9le7emeStudio.fr_-scaled.jpg\" \/>\n<meta name=\"twitter:label1\" content=\"\u00c9crit par\" \/>\n\t<meta name=\"twitter:data1\" content=\"Vincent\" \/>\n\t<meta name=\"twitter:label2\" content=\"Dur\u00e9e de lecture estim\u00e9e\" \/>\n\t<meta name=\"twitter:data2\" content=\"3 minutes\" \/>\n<script type=\"application\/ld+json\" class=\"yoast-schema-graph\">{\"@context\":\"https:\/\/schema.org\",\"@graph\":[{\"@type\":\"Article\",\"@id\":\"https:\/\/exaequo-communication.fr\/index.php\/2023\/04\/27\/entreprise-celfy-fresque-creative\/#article\",\"isPartOf\":{\"@id\":\"https:\/\/exaequo-communication.fr\/index.php\/2023\/04\/27\/entreprise-celfy-fresque-creative\/\"},\"author\":{\"name\":\"Vincent\",\"@id\":\"https:\/\/exaequo-communication.fr\/#\/schema\/person\/a2b781d9861576b70e7ac586c8d0e7dd\"},\"headline\":\"L&rsquo;Entreprise Celfy se r\u00e9unit autour d&rsquo;une Fresque Cr\u00e9ative\",\"datePublished\":\"2023-04-27T08:08:41+00:00\",\"dateModified\":\"2023-04-27T08:13:13+00:00\",\"mainEntityOfPage\":{\"@id\":\"https:\/\/exaequo-communication.fr\/index.php\/2023\/04\/27\/entreprise-celfy-fresque-creative\/\"},\"wordCount\":853,\"image\":{\"@id\":\"https:\/\/exaequo-communication.fr\/index.php\/2023\/04\/27\/entreprise-celfy-fresque-creative\/#primaryimage\"},\"thumbnailUrl\":\"https:\/\/exaequo-communication.fr\/wp-content\/uploads\/2023\/04\/230330-sans-titre-A4L05742\u00a9le7emeStudio.fr_-scaled.jpg\",\"articleSection\":[\"Actualit\u00e9s\",\"Team Building\"],\"inLanguage\":\"fr-FR\"},{\"@type\":\"WebPage\",\"@id\":\"https:\/\/exaequo-communication.fr\/index.php\/2023\/04\/27\/entreprise-celfy-fresque-creative\/\",\"url\":\"https:\/\/exaequo-communication.fr\/index.php\/2023\/04\/27\/entreprise-celfy-fresque-creative\/\",\"name\":\"L'Entreprise Celfy se r\u00e9unit autour d'une Fresque Cr\u00e9ative\",\"isPartOf\":{\"@id\":\"https:\/\/exaequo-communication.fr\/#website\"},\"primaryImageOfPage\":{\"@id\":\"https:\/\/exaequo-communication.fr\/index.php\/2023\/04\/27\/entreprise-celfy-fresque-creative\/#primaryimage\"},\"image\":{\"@id\":\"https:\/\/exaequo-communication.fr\/index.php\/2023\/04\/27\/entreprise-celfy-fresque-creative\/#primaryimage\"},\"thumbnailUrl\":\"https:\/\/exaequo-communication.fr\/wp-content\/uploads\/2023\/04\/230330-sans-titre-A4L05742\u00a9le7emeStudio.fr_-scaled.jpg\",\"datePublished\":\"2023-04-27T08:08:41+00:00\",\"dateModified\":\"2023-04-27T08:13:13+00:00\",\"author\":{\"@id\":\"https:\/\/exaequo-communication.fr\/#\/schema\/person\/a2b781d9861576b70e7ac586c8d0e7dd\"},\"description\":\"Jeudi 30 mars, les collaborateurs de l'entreprise Celfy\u00a0avaient rendez-vous pour une demi-journ\u00e9e de coh\u00e9sion autour d'une Fresque Cr\u00e9ative.\u00a0\",\"breadcrumb\":{\"@id\":\"https:\/\/exaequo-communication.fr\/index.php\/2023\/04\/27\/entreprise-celfy-fresque-creative\/#breadcrumb\"},\"inLanguage\":\"fr-FR\",\"potentialAction\":[{\"@type\":\"ReadAction\",\"target\":[\"https:\/\/exaequo-communication.fr\/index.php\/2023\/04\/27\/entreprise-celfy-fresque-creative\/\"]}]},{\"@type\":\"ImageObject\",\"inLanguage\":\"fr-FR\",\"@id\":\"https:\/\/exaequo-communication.fr\/index.php\/2023\/04\/27\/entreprise-celfy-fresque-creative\/#primaryimage\",\"url\":\"https:\/\/exaequo-communication.fr\/wp-content\/uploads\/2023\/04\/230330-sans-titre-A4L05742\u00a9le7emeStudio.fr_-scaled.jpg\",\"contentUrl\":\"https:\/\/exaequo-communication.fr\/wp-content\/uploads\/2023\/04\/230330-sans-titre-A4L05742\u00a9le7emeStudio.fr_-scaled.jpg\",\"width\":1536,\"height\":1024,\"caption\":\"Celfy Fresque Cr\u00e9ative animation s\u00e9minaire team-building entreprise soci\u00e9t\u00e9 collaborateur Caen Normandie\"},{\"@type\":\"BreadcrumbList\",\"@id\":\"https:\/\/exaequo-communication.fr\/index.php\/2023\/04\/27\/entreprise-celfy-fresque-creative\/#breadcrumb\",\"itemListElement\":[{\"@type\":\"ListItem\",\"position\":1,\"name\":\"Accueil\",\"item\":\"https:\/\/exaequo-communication.fr\/\"},{\"@type\":\"ListItem\",\"position\":2,\"name\":\"L&rsquo;Entreprise Celfy se r\u00e9unit autour d&rsquo;une Fresque Cr\u00e9ative\"}]},{\"@type\":\"WebSite\",\"@id\":\"https:\/\/exaequo-communication.fr\/#website\",\"url\":\"https:\/\/exaequo-communication.fr\/\",\"name\":\"Exaequo communication\",\"description\":\"\",\"potentialAction\":[{\"@type\":\"SearchAction\",\"target\":{\"@type\":\"EntryPoint\",\"urlTemplate\":\"https:\/\/exaequo-communication.fr\/?s={search_term_string}\"},\"query-input\":{\"@type\":\"PropertyValueSpecification\",\"valueRequired\":true,\"valueName\":\"search_term_string\"}}],\"inLanguage\":\"fr-FR\"},{\"@type\":\"Person\",\"@id\":\"https:\/\/exaequo-communication.fr\/#\/schema\/person\/a2b781d9861576b70e7ac586c8d0e7dd\",\"name\":\"Vincent\",\"image\":{\"@type\":\"ImageObject\",\"inLanguage\":\"fr-FR\",\"@id\":\"https:\/\/exaequo-communication.fr\/#\/schema\/person\/image\/\",\"url\":\"https:\/\/secure.gravatar.com\/avatar\/c58976c01b1d93e7e64f76bceed0cda416b0c2ec1073b37c7406cd511cdf9281?s=96&d=mm&r=g\",\"contentUrl\":\"https:\/\/secure.gravatar.com\/avatar\/c58976c01b1d93e7e64f76bceed0cda416b0c2ec1073b37c7406cd511cdf9281?s=96&d=mm&r=g\",\"caption\":\"Vincent\"},\"url\":\"https:\/\/exaequo-communication.fr\/index.php\/author\/vincent\/\"}]}<\/script>\n<!-- \/ Yoast SEO plugin. -->","yoast_head_json":{"title":"L'Entreprise Celfy se r\u00e9unit autour d'une Fresque Cr\u00e9ative","description":"Jeudi 30 mars, les collaborateurs de l'entreprise Celfy\u00a0avaient rendez-vous pour une demi-journ\u00e9e de coh\u00e9sion autour d'une Fresque Cr\u00e9ative.\u00a0","robots":{"index":"index","follow":"follow","max-snippet":"max-snippet:-1","max-image-preview":"max-image-preview:large","max-video-preview":"max-video-preview:-1"},"canonical":"https:\/\/exaequo-communication.fr\/index.php\/2023\/04\/27\/entreprise-celfy-fresque-creative\/","og_locale":"fr_FR","og_type":"article","og_title":"L'Entreprise Celfy se r\u00e9unit autour d'une Fresque Cr\u00e9ative","og_description":"Jeudi 30 mars, les collaborateurs de l'entreprise Celfy\u00a0avaient rendez-vous pour une demi-journ\u00e9e de coh\u00e9sion autour d'une Fresque Cr\u00e9ative.\u00a0","og_url":"https:\/\/exaequo-communication.fr\/index.php\/2023\/04\/27\/entreprise-celfy-fresque-creative\/","og_site_name":"Exaequo communication","article_published_time":"2023-04-27T08:08:41+00:00","article_modified_time":"2023-04-27T08:13:13+00:00","og_image":[{"width":1504,"height":1024,"url":"https:\/\/exaequo-communication.fr\/wp-content\/uploads\/2023\/04\/230330-sans-titre-A1L09536\u00a9le7emeStudio.fr_-scaled.jpg","type":"image\/jpeg"}],"author":"Vincent","twitter_card":"summary_large_image","twitter_title":"L'Entreprise Celfy se r\u00e9unit autour d'une Fresque Cr\u00e9ative","twitter_description":"Jeudi 30 mars, les collaborateurs de l'entreprise Celfy\u00a0avaient rendez-vous pour une demi-journ\u00e9e de coh\u00e9sion autour d'une Fresque Cr\u00e9ative.\u00a0","twitter_image":"https:\/\/exaequo-communication.fr\/wp-content\/uploads\/2023\/04\/230330-sans-titre-A1L09536\u00a9le7emeStudio.fr_-scaled.jpg","twitter_misc":{"\u00c9crit par":"Vincent","Dur\u00e9e de lecture estim\u00e9e":"3 minutes"},"schema":{"@context":"https:\/\/schema.org","@graph":[{"@type":"Article","@id":"https:\/\/exaequo-communication.fr\/index.php\/2023\/04\/27\/entreprise-celfy-fresque-creative\/#article","isPartOf":{"@id":"https:\/\/exaequo-communication.fr\/index.php\/2023\/04\/27\/entreprise-celfy-fresque-creative\/"},"author":{"name":"Vincent","@id":"https:\/\/exaequo-communication.fr\/#\/schema\/person\/a2b781d9861576b70e7ac586c8d0e7dd"},"headline":"L&rsquo;Entreprise Celfy se r\u00e9unit autour d&rsquo;une Fresque Cr\u00e9ative","datePublished":"2023-04-27T08:08:41+00:00","dateModified":"2023-04-27T08:13:13+00:00","mainEntityOfPage":{"@id":"https:\/\/exaequo-communication.fr\/index.php\/2023\/04\/27\/entreprise-celfy-fresque-creative\/"},"wordCount":853,"image":{"@id":"https:\/\/exaequo-communication.fr\/index.php\/2023\/04\/27\/entreprise-celfy-fresque-creative\/#primaryimage"},"thumbnailUrl":"https:\/\/exaequo-communication.fr\/wp-content\/uploads\/2023\/04\/230330-sans-titre-A4L05742\u00a9le7emeStudio.fr_-scaled.jpg","articleSection":["Actualit\u00e9s","Team Building"],"inLanguage":"fr-FR"},{"@type":"WebPage","@id":"https:\/\/exaequo-communication.fr\/index.php\/2023\/04\/27\/entreprise-celfy-fresque-creative\/","url":"https:\/\/exaequo-communication.fr\/index.php\/2023\/04\/27\/entreprise-celfy-fresque-creative\/","name":"L'Entreprise Celfy se r\u00e9unit autour d'une Fresque Cr\u00e9ative","isPartOf":{"@id":"https:\/\/exaequo-communication.fr\/#website"},"primaryImageOfPage":{"@id":"https:\/\/exaequo-communication.fr\/index.php\/2023\/04\/27\/entreprise-celfy-fresque-creative\/#primaryimage"},"image":{"@id":"https:\/\/exaequo-communication.fr\/index.php\/2023\/04\/27\/entreprise-celfy-fresque-creative\/#primaryimage"},"thumbnailUrl":"https:\/\/exaequo-communication.fr\/wp-content\/uploads\/2023\/04\/230330-sans-titre-A4L05742\u00a9le7emeStudio.fr_-scaled.jpg","datePublished":"2023-04-27T08:08:41+00:00","dateModified":"2023-04-27T08:13:13+00:00","author":{"@id":"https:\/\/exaequo-communication.fr\/#\/schema\/person\/a2b781d9861576b70e7ac586c8d0e7dd"},"description":"Jeudi 30 mars, les collaborateurs de l'entreprise Celfy\u00a0avaient rendez-vous pour une demi-journ\u00e9e de coh\u00e9sion autour d'une Fresque Cr\u00e9ative.\u00a0","breadcrumb":{"@id":"https:\/\/exaequo-communication.fr\/index.php\/2023\/04\/27\/entreprise-celfy-fresque-creative\/#breadcrumb"},"inLanguage":"fr-FR","potentialAction":[{"@type":"ReadAction","target":["https:\/\/exaequo-communication.fr\/index.php\/2023\/04\/27\/entreprise-celfy-fresque-creative\/"]}]},{"@type":"ImageObject","inLanguage":"fr-FR","@id":"https:\/\/exaequo-communication.fr\/index.php\/2023\/04\/27\/entreprise-celfy-fresque-creative\/#primaryimage","url":"https:\/\/exaequo-communication.fr\/wp-content\/uploads\/2023\/04\/230330-sans-titre-A4L05742\u00a9le7emeStudio.fr_-scaled.jpg","contentUrl":"https:\/\/exaequo-communication.fr\/wp-content\/uploads\/2023\/04\/230330-sans-titre-A4L05742\u00a9le7emeStudio.fr_-scaled.jpg","width":1536,"height":1024,"caption":"Celfy Fresque Cr\u00e9ative animation s\u00e9minaire team-building entreprise soci\u00e9t\u00e9 collaborateur Caen Normandie"},{"@type":"BreadcrumbList","@id":"https:\/\/exaequo-communication.fr\/index.php\/2023\/04\/27\/entreprise-celfy-fresque-creative\/#breadcrumb","itemListElement":[{"@type":"ListItem","position":1,"name":"Accueil","item":"https:\/\/exaequo-communication.fr\/"},{"@type":"ListItem","position":2,"name":"L&rsquo;Entreprise Celfy se r\u00e9unit autour d&rsquo;une Fresque Cr\u00e9ative"}]},{"@type":"WebSite","@id":"https:\/\/exaequo-communication.fr\/#website","url":"https:\/\/exaequo-communication.fr\/","name":"Exaequo communication","description":"","potentialAction":[{"@type":"SearchAction","target":{"@type":"EntryPoint","urlTemplate":"https:\/\/exaequo-communication.fr\/?s={search_term_string}"},"query-input":{"@type":"PropertyValueSpecification","valueRequired":true,"valueName":"search_term_string"}}],"inLanguage":"fr-FR"},{"@type":"Person","@id":"https:\/\/exaequo-communication.fr\/#\/schema\/person\/a2b781d9861576b70e7ac586c8d0e7dd","name":"Vincent","image":{"@type":"ImageObject","inLanguage":"fr-FR","@id":"https:\/\/exaequo-communication.fr\/#\/schema\/person\/image\/","url":"https:\/\/secure.gravatar.com\/avatar\/c58976c01b1d93e7e64f76bceed0cda416b0c2ec1073b37c7406cd511cdf9281?s=96&d=mm&r=g","contentUrl":"https:\/\/secure.gravatar.com\/avatar\/c58976c01b1d93e7e64f76bceed0cda416b0c2ec1073b37c7406cd511cdf9281?s=96&d=mm&r=g","caption":"Vincent"},"url":"https:\/\/exaequo-communication.fr\/index.php\/author\/vincent\/"}]}},"_links":{"self":[{"href":"https:\/\/exaequo-communication.fr\/index.php\/wp-json\/wp\/v2\/posts\/14441","targetHints":{"allow":["GET"]}}],"collection":[{"href":"https:\/\/exaequo-communication.fr\/index.php\/wp-json\/wp\/v2\/posts"}],"about":[{"href":"https:\/\/exaequo-communication.fr\/index.php\/wp-json\/wp\/v2\/types\/post"}],"author":[{"embeddable":true,"href":"https:\/\/exaequo-communication.fr\/index.php\/wp-json\/wp\/v2\/users\/5"}],"replies":[{"embeddable":true,"href":"https:\/\/exaequo-communication.fr\/index.php\/wp-json\/wp\/v2\/comments?post=14441"}],"version-history":[{"count":8,"href":"https:\/\/exaequo-communication.fr\/index.php\/wp-json\/wp\/v2\/posts\/14441\/revisions"}],"predecessor-version":[{"id":14714,"href":"https:\/\/exaequo-communication.fr\/index.php\/wp-json\/wp\/v2\/posts\/14441\/revisions\/14714"}],"wp:featuredmedia":[{"embeddable":true,"href":"https:\/\/exaequo-communication.fr\/index.php\/wp-json\/wp\/v2\/media\/14446"}],"wp:attachment":[{"href":"https:\/\/exaequo-communication.fr\/index.php\/wp-json\/wp\/v2\/media?parent=14441"}],"wp:term":[{"taxonomy":"category","embeddable":true,"href":"https:\/\/exaequo-communication.fr\/index.php\/wp-json\/wp\/v2\/categories?post=14441"},{"taxonomy":"post_tag","embeddable":true,"href":"https:\/\/exaequo-communication.fr\/index.php\/wp-json\/wp\/v2\/tags?post=14441"}],"curies":[{"name":"wp","href":"https:\/\/api.w.org\/{rel}","templated":true}]}}