{"id":14235,"date":"2023-03-09T11:17:38","date_gmt":"2023-03-09T10:17:38","guid":{"rendered":"https:\/\/exaequo-communication.fr\/?p=14235"},"modified":"2023-03-13T09:35:08","modified_gmt":"2023-03-13T08:35:08","slug":"lhut-challenge-entreprises-collectivites-2023","status":"publish","type":"post","link":"https:\/\/exaequo-communication.fr\/index.php\/2023\/03\/09\/lhut-challenge-entreprises-collectivites-2023\/","title":{"rendered":"Lancement officiel des challenges entreprises et collectivit\u00e9s du Le Havre Urban Trail"},"content":{"rendered":"[vc_row type=\u00a0\u00bbin_container\u00a0\u00bb full_screen_row_position=\u00a0\u00bbmiddle\u00a0\u00bb column_margin=\u00a0\u00bbdefault\u00a0\u00bb column_direction=\u00a0\u00bbdefault\u00a0\u00bb column_direction_tablet=\u00a0\u00bbdefault\u00a0\u00bb column_direction_phone=\u00a0\u00bbdefault\u00a0\u00bb scene_position=\u00a0\u00bbcenter\u00a0\u00bb top_padding=\u00a0\u00bb10&Prime; text_color=\u00a0\u00bbdark\u00a0\u00bb text_align=\u00a0\u00bbleft\u00a0\u00bb row_border_radius=\u00a0\u00bbnone\u00a0\u00bb row_border_radius_applies=\u00a0\u00bbbg\u00a0\u00bb overlay_strength=\u00a0\u00bb0.3&Prime; gradient_direction=\u00a0\u00bbleft_to_right\u00a0\u00bb shape_divider_position=\u00a0\u00bbbottom\u00a0\u00bb bg_image_animation=\u00a0\u00bbnone\u00a0\u00bb shape_type=\u00a0\u00bb\u00a0\u00bb][vc_column column_padding=\u00a0\u00bbno-extra-padding\u00a0\u00bb column_padding_tablet=\u00a0\u00bbinherit\u00a0\u00bb column_padding_phone=\u00a0\u00bbinherit\u00a0\u00bb column_padding_position=\u00a0\u00bball\u00a0\u00bb background_color_opacity=\u00a0\u00bb1&Prime; background_hover_color_opacity=\u00a0\u00bb1&Prime; column_shadow=\u00a0\u00bbnone\u00a0\u00bb column_border_radius=\u00a0\u00bbnone\u00a0\u00bb column_link_target=\u00a0\u00bb_self\u00a0\u00bb gradient_direction=\u00a0\u00bbleft_to_right\u00a0\u00bb overlay_strength=\u00a0\u00bb0.3&Prime; width=\u00a0\u00bb1\/2&Prime; tablet_width_inherit=\u00a0\u00bbdefault\u00a0\u00bb tablet_text_alignment=\u00a0\u00bbdefault\u00a0\u00bb phone_text_alignment=\u00a0\u00bbdefault\u00a0\u00bb column_border_width=\u00a0\u00bbnone\u00a0\u00bb column_border_style=\u00a0\u00bbsolid\u00a0\u00bb bg_image_animation=\u00a0\u00bbnone\u00a0\u00bb][vc_gallery type=\u00a0\u00bbflexslider_style\u00a0\u00bb images=\u00a0\u00bb14252,14251,14250&Prime; onclick=\u00a0\u00bblink_no\u00a0\u00bb hover_anim=\u00a0\u00bbfade-out\u00a0\u00bb][\/vc_column][vc_column column_padding=\u00a0\u00bbno-extra-padding\u00a0\u00bb column_padding_tablet=\u00a0\u00bbinherit\u00a0\u00bb column_padding_phone=\u00a0\u00bbinherit\u00a0\u00bb column_padding_position=\u00a0\u00bball\u00a0\u00bb background_color_opacity=\u00a0\u00bb1&Prime; background_hover_color_opacity=\u00a0\u00bb1&Prime; column_shadow=\u00a0\u00bbnone\u00a0\u00bb column_border_radius=\u00a0\u00bbnone\u00a0\u00bb column_link_target=\u00a0\u00bb_self\u00a0\u00bb gradient_direction=\u00a0\u00bbleft_to_right\u00a0\u00bb overlay_strength=\u00a0\u00bb0.3&Prime; width=\u00a0\u00bb1\/2&Prime; tablet_width_inherit=\u00a0\u00bbdefault\u00a0\u00bb tablet_text_alignment=\u00a0\u00bbdefault\u00a0\u00bb phone_text_alignment=\u00a0\u00bbdefault\u00a0\u00bb column_border_width=\u00a0\u00bbnone\u00a0\u00bb column_border_style=\u00a0\u00bbsolid\u00a0\u00bb bg_image_animation=\u00a0\u00bbnone\u00a0\u00bb][split_line_heading animation_type=\u00a0\u00bbdefault\u00a0\u00bb]\n<h3 style=\"text-align: left;\">Le Havre Urban Trail, un d\u00e9fi id\u00e9al pour les entreprises et les collectivit\u00e9s<\/h3>\n<p>Jeudi 2 mars, <a href=\"https:\/\/www.siemens-energy.com\/global\/en.html\" target=\"_blank\" rel=\"noopener\"><strong>Siemens Energy<\/strong><\/a>, partenaire du <strong><a href=\"http:\/\/lhut.fr\/\" target=\"_blank\" rel=\"noopener\">Le Havre Urban Trail<\/a><\/strong>, accueillait dans ses locaux au Havre<strong> le lancement officiel des challenges entreprises et collectivit\u00e9s<\/strong>. Une occasion d&rsquo;\u00e9changer entre partenaires et de trouver le d\u00e9fi qui motivera \u00e0 coup s\u00fbr vos collaborateurs ![\/split_line_heading][\/vc_column][\/vc_row][vc_row type=\u00a0\u00bbin_container\u00a0\u00bb full_screen_row_position=\u00a0\u00bbmiddle\u00a0\u00bb column_margin=\u00a0\u00bbdefault\u00a0\u00bb column_direction=\u00a0\u00bbdefault\u00a0\u00bb column_direction_tablet=\u00a0\u00bbdefault\u00a0\u00bb column_direction_phone=\u00a0\u00bbdefault\u00a0\u00bb scene_position=\u00a0\u00bbcenter\u00a0\u00bb text_color=\u00a0\u00bbdark\u00a0\u00bb text_align=\u00a0\u00bbleft\u00a0\u00bb row_border_radius=\u00a0\u00bbnone\u00a0\u00bb row_border_radius_applies=\u00a0\u00bbbg\u00a0\u00bb overlay_strength=\u00a0\u00bb0.3&Prime; gradient_direction=\u00a0\u00bbleft_to_right\u00a0\u00bb shape_divider_position=\u00a0\u00bbbottom\u00a0\u00bb bg_image_animation=\u00a0\u00bbnone\u00a0\u00bb][vc_column column_padding=\u00a0\u00bbno-extra-padding\u00a0\u00bb column_padding_tablet=\u00a0\u00bbinherit\u00a0\u00bb column_padding_phone=\u00a0\u00bbinherit\u00a0\u00bb column_padding_position=\u00a0\u00bball\u00a0\u00bb background_color_opacity=\u00a0\u00bb1&Prime; background_hover_color_opacity=\u00a0\u00bb1&Prime; column_shadow=\u00a0\u00bbnone\u00a0\u00bb column_border_radius=\u00a0\u00bbnone\u00a0\u00bb column_link_target=\u00a0\u00bb_self\u00a0\u00bb gradient_direction=\u00a0\u00bbleft_to_right\u00a0\u00bb overlay_strength=\u00a0\u00bb0.3&Prime; width=\u00a0\u00bb1\/1&Prime; tablet_width_inherit=\u00a0\u00bbdefault\u00a0\u00bb tablet_text_alignment=\u00a0\u00bbdefault\u00a0\u00bb phone_text_alignment=\u00a0\u00bbdefault\u00a0\u00bb column_border_width=\u00a0\u00bbnone\u00a0\u00bb column_border_style=\u00a0\u00bbsolid\u00a0\u00bb bg_image_animation=\u00a0\u00bbnone\u00a0\u00bb][vc_column_text]\n<h3>Rendez-vous le dernier week-end de mai !<\/h3>\n<p>La 4\u00e8me \u00e9dition du <strong><a href=\"http:\/\/lhut.fr\/\" target=\"_blank\" rel=\"noopener\">Le Havre Urban Trail<\/a>, un trail urbain pour (re)d\u00e9couvrir la ville du Havre, en Normandie,<\/strong> organis\u00e9 en\u00a0collaboration avec le <a href=\"https:\/\/www.hactriathlon.com\/\" target=\"_blank\" rel=\"noopener\"><strong>HAC Triathlon<\/strong><\/a> aura lieu du 27 au 28 mai. <strong>Plus de 3000 participants <\/strong>sont attendus sur la ligne de d\u00e9part cette ann\u00e9e.<\/p>\n<p>Un rendez-vous \u00e0 ne pas manquer pour les amateurs de trail avec <strong>un parcours s&rsquo;appuyant sur un patrimoine exceptionnel dans une ville unique<\/strong>.<\/p>\n<p>Parmi les \u00e9preuves propos\u00e9es, les entreprises et collectivit\u00e9s pourront se confronter autour de<strong> 2 d\u00e9fis<\/strong> :<\/p>\n<ul>\n<li><strong>D\u00e9fi <a href=\"https:\/\/www.siemens-energy.com\/global\/en.html\" target=\"_blank\" rel=\"noopener\">Siemens Energy<\/a> (samedi)<\/strong> : R\u00e9unissez le maximum de coureurs sur le <a href=\"http:\/\/lhut.fr\/marche-course-7km\" target=\"_blank\" rel=\"noopener\"><strong>7km en forme<\/strong><\/a> &#8211; <strong><a href=\"https:\/\/www.proman-emploi.fr\/\" target=\"_blank\" rel=\"noopener\">Proman<\/a>, <\/strong>accessible en marchant et en courant, pour \u00eatre vainqueur du d\u00e9fi et vivre un moment f\u00e9d\u00e9rateur et convivial.<\/li>\n<li><strong>D\u00e9fi <a href=\"https:\/\/www.groupe-legendre.com\/\" target=\"_blank\" rel=\"noopener\">Legendre<\/a> (dimanche)<\/strong> : Rassemblez au moins un coureur sur chacune des courses (<strong><a href=\"https:\/\/lhut.fr\/trail-12km\" target=\"_blank\" rel=\"noopener\">Trail de 12km<\/a><\/strong>,\u00a0<a href=\"https:\/\/lhut.fr\/half-marathon\" target=\"_blank\" rel=\"noopener\"><strong>Half-Marathon<\/strong><\/a>\u00a0et\u00a0<a href=\"https:\/\/lhut.fr\/marathon\" target=\"_blank\" rel=\"noopener\"><strong>Marathon<\/strong><\/a>). L\u2019entreprise ou la collectivit\u00e9 qui affiche le meilleur temps cumul\u00e9 sur ces 3 distances, remporte le d\u00e9fi.<\/li>\n<\/ul>\n<h3>Une offre compl\u00e8te et sur-mesure<\/h3>\n<p>Mobiliser vos collaborateurs sur un \u00e9v\u00e8nement comme\u00a0<strong><a href=\"http:\/\/lhut.fr\/\" target=\"_blank\" rel=\"noopener\">Le Havre Urban Trail<\/a>\u00a0<\/strong>c&rsquo;est profiter d&rsquo;une offre adapt\u00e9e \u00e0 vos besoins et permettant :<\/p>\n<ul>\n<li><strong>G\u00e9rer vos inscriptions en direct<\/strong><\/li>\n<li><strong>Obtenir une facturation simplifi\u00e9e<\/strong><\/li>\n<li><strong>Avoir un interlocuteur d\u00e9di\u00e9 pour toutes questions<\/strong><\/li>\n<\/ul>\n<p>L\u2019occasion id\u00e9ale pour r\u00e9unir les collaborateurs de votre entreprise, les motiver, les r\u00e9compenser et les f\u00e9d\u00e9rer autour d\u2019un \u00e9v\u00e9nement unique. Une belle occasion de rassembler les participants autour des valeurs du sport et de prendre part \u00e0 <strong>un \u00e9v\u00e9nement sport sant\u00e9.<\/strong><\/p>\n<p>D\u00e9couvrez en plus sur notre challenge entreprises et collectivit\u00e9s en\u00a0<a href=\"https:\/\/lhut.fr\/challenge-entreprises-collectivites\" target=\"_blank\" rel=\"noopener\"><strong>cliquant-ici<\/strong>.<\/a><\/p>\n[\/vc_column_text][\/vc_column][\/vc_row]\n","protected":false},"excerpt":{"rendered":"<p>La pr\u00e9sentation des challenges entreprises et collectivit\u00e9s du Le Havre Urban Trail a eu lieu le jeudi 2 mars dans les locaux de Siemens Energy.<\/p>\n","protected":false},"author":5,"featured_media":14252,"comment_status":"closed","ping_status":"closed","sticky":false,"template":"","format":"standard","meta":{"footnotes":""},"categories":[1],"tags":[],"class_list":{"0":"post-14235","1":"post","2":"type-post","3":"status-publish","4":"format-standard","5":"has-post-thumbnail","7":"category-actualites"},"yoast_head":"<!-- This site is optimized with the Yoast SEO plugin v27.0 - https:\/\/yoast.com\/product\/yoast-seo-wordpress\/ -->\n<title>Lancement officiel des challenges entreprises et collectivit\u00e9s<\/title>\n<meta name=\"description\" content=\"Jeudi 2 mars avait lieu le lancement officiel des challenges entreprises et collectivit\u00e9s dans les locaux de Siemens Energy au Havre.\" \/>\n<meta name=\"robots\" content=\"index, follow, max-snippet:-1, max-image-preview:large, max-video-preview:-1\" \/>\n<link rel=\"canonical\" href=\"https:\/\/exaequo-communication.fr\/index.php\/2023\/03\/09\/lhut-challenge-entreprises-collectivites-2023\/\" \/>\n<meta property=\"og:locale\" content=\"fr_FR\" \/>\n<meta property=\"og:type\" content=\"article\" \/>\n<meta property=\"og:title\" content=\"Retour en images sur la 3\u00e8me \u00e9dition du Le Havre Urban Trail\" \/>\n<meta property=\"og:description\" content=\"Pr\u00e8s de 3000 participants ont pris le d\u00e9part du Le Havre Urban Trail le weekend du 21 et 22 mai 2022 \u00e0 la d\u00e9couverte de la ville havraise.\" \/>\n<meta property=\"og:url\" content=\"https:\/\/exaequo-communication.fr\/index.php\/2023\/03\/09\/lhut-challenge-entreprises-collectivites-2023\/\" \/>\n<meta property=\"og:site_name\" content=\"Exaequo communication\" \/>\n<meta property=\"article:published_time\" content=\"2023-03-09T10:17:38+00:00\" \/>\n<meta property=\"article:modified_time\" content=\"2023-03-13T08:35:08+00:00\" \/>\n<meta property=\"og:image\" content=\"https:\/\/exaequo-communication.fr\/wp-content\/uploads\/2022\/05\/32-scaled.jpg\" \/>\n\t<meta property=\"og:image:width\" content=\"1548\" \/>\n\t<meta property=\"og:image:height\" content=\"1024\" \/>\n\t<meta property=\"og:image:type\" content=\"image\/jpeg\" \/>\n<meta name=\"author\" content=\"Vincent\" \/>\n<meta name=\"twitter:card\" content=\"summary_large_image\" \/>\n<meta name=\"twitter:title\" content=\"Retour en images sur la 3\u00e8me \u00e9dition du Le Havre Urban Trail\" \/>\n<meta name=\"twitter:description\" content=\"Pr\u00e8s de 3000 participants ont pris le d\u00e9part du Le Havre Urban Trail le weekend du 21 et 22 mai 2022 \u00e0 la d\u00e9couverte de la ville havraise.\" \/>\n<meta name=\"twitter:image\" content=\"https:\/\/exaequo-communication.fr\/wp-content\/uploads\/2022\/04\/sans-titre-RocknTrail-47\u00a9laurentbesnehard.com_.jpg\" \/>\n<meta name=\"twitter:label1\" content=\"\u00c9crit par\" \/>\n\t<meta name=\"twitter:data1\" content=\"Vincent\" \/>\n\t<meta name=\"twitter:label2\" content=\"Dur\u00e9e de lecture estim\u00e9e\" \/>\n\t<meta name=\"twitter:data2\" content=\"3 minutes\" \/>\n<script type=\"application\/ld+json\" class=\"yoast-schema-graph\">{\"@context\":\"https:\/\/schema.org\",\"@graph\":[{\"@type\":\"Article\",\"@id\":\"https:\/\/exaequo-communication.fr\/index.php\/2023\/03\/09\/lhut-challenge-entreprises-collectivites-2023\/#article\",\"isPartOf\":{\"@id\":\"https:\/\/exaequo-communication.fr\/index.php\/2023\/03\/09\/lhut-challenge-entreprises-collectivites-2023\/\"},\"author\":{\"name\":\"Vincent\",\"@id\":\"https:\/\/exaequo-communication.fr\/#\/schema\/person\/a2b781d9861576b70e7ac586c8d0e7dd\"},\"headline\":\"Lancement officiel des challenges entreprises et collectivit\u00e9s du Le Havre Urban Trail\",\"datePublished\":\"2023-03-09T10:17:38+00:00\",\"dateModified\":\"2023-03-13T08:35:08+00:00\",\"mainEntityOfPage\":{\"@id\":\"https:\/\/exaequo-communication.fr\/index.php\/2023\/03\/09\/lhut-challenge-entreprises-collectivites-2023\/\"},\"wordCount\":709,\"image\":{\"@id\":\"https:\/\/exaequo-communication.fr\/index.php\/2023\/03\/09\/lhut-challenge-entreprises-collectivites-2023\/#primaryimage\"},\"thumbnailUrl\":\"https:\/\/exaequo-communication.fr\/wp-content\/uploads\/2023\/03\/WhatsApp-Image-2023-03-02-a-18.19.41-e1678352315201.jpg\",\"articleSection\":[\"Actualit\u00e9s\"],\"inLanguage\":\"fr-FR\"},{\"@type\":\"WebPage\",\"@id\":\"https:\/\/exaequo-communication.fr\/index.php\/2023\/03\/09\/lhut-challenge-entreprises-collectivites-2023\/\",\"url\":\"https:\/\/exaequo-communication.fr\/index.php\/2023\/03\/09\/lhut-challenge-entreprises-collectivites-2023\/\",\"name\":\"Lancement officiel des challenges entreprises et collectivit\u00e9s\",\"isPartOf\":{\"@id\":\"https:\/\/exaequo-communication.fr\/#website\"},\"primaryImageOfPage\":{\"@id\":\"https:\/\/exaequo-communication.fr\/index.php\/2023\/03\/09\/lhut-challenge-entreprises-collectivites-2023\/#primaryimage\"},\"image\":{\"@id\":\"https:\/\/exaequo-communication.fr\/index.php\/2023\/03\/09\/lhut-challenge-entreprises-collectivites-2023\/#primaryimage\"},\"thumbnailUrl\":\"https:\/\/exaequo-communication.fr\/wp-content\/uploads\/2023\/03\/WhatsApp-Image-2023-03-02-a-18.19.41-e1678352315201.jpg\",\"datePublished\":\"2023-03-09T10:17:38+00:00\",\"dateModified\":\"2023-03-13T08:35:08+00:00\",\"author\":{\"@id\":\"https:\/\/exaequo-communication.fr\/#\/schema\/person\/a2b781d9861576b70e7ac586c8d0e7dd\"},\"description\":\"Jeudi 2 mars avait lieu le lancement officiel des challenges entreprises et collectivit\u00e9s dans les locaux de Siemens Energy au Havre.\",\"breadcrumb\":{\"@id\":\"https:\/\/exaequo-communication.fr\/index.php\/2023\/03\/09\/lhut-challenge-entreprises-collectivites-2023\/#breadcrumb\"},\"inLanguage\":\"fr-FR\",\"potentialAction\":[{\"@type\":\"ReadAction\",\"target\":[\"https:\/\/exaequo-communication.fr\/index.php\/2023\/03\/09\/lhut-challenge-entreprises-collectivites-2023\/\"]}]},{\"@type\":\"ImageObject\",\"inLanguage\":\"fr-FR\",\"@id\":\"https:\/\/exaequo-communication.fr\/index.php\/2023\/03\/09\/lhut-challenge-entreprises-collectivites-2023\/#primaryimage\",\"url\":\"https:\/\/exaequo-communication.fr\/wp-content\/uploads\/2023\/03\/WhatsApp-Image-2023-03-02-a-18.19.41-e1678352315201.jpg\",\"contentUrl\":\"https:\/\/exaequo-communication.fr\/wp-content\/uploads\/2023\/03\/WhatsApp-Image-2023-03-02-a-18.19.41-e1678352315201.jpg\",\"width\":768,\"height\":604},{\"@type\":\"BreadcrumbList\",\"@id\":\"https:\/\/exaequo-communication.fr\/index.php\/2023\/03\/09\/lhut-challenge-entreprises-collectivites-2023\/#breadcrumb\",\"itemListElement\":[{\"@type\":\"ListItem\",\"position\":1,\"name\":\"Accueil\",\"item\":\"https:\/\/exaequo-communication.fr\/\"},{\"@type\":\"ListItem\",\"position\":2,\"name\":\"Lancement officiel des challenges entreprises et collectivit\u00e9s du Le Havre Urban Trail\"}]},{\"@type\":\"WebSite\",\"@id\":\"https:\/\/exaequo-communication.fr\/#website\",\"url\":\"https:\/\/exaequo-communication.fr\/\",\"name\":\"Exaequo communication\",\"description\":\"\",\"potentialAction\":[{\"@type\":\"SearchAction\",\"target\":{\"@type\":\"EntryPoint\",\"urlTemplate\":\"https:\/\/exaequo-communication.fr\/?s={search_term_string}\"},\"query-input\":{\"@type\":\"PropertyValueSpecification\",\"valueRequired\":true,\"valueName\":\"search_term_string\"}}],\"inLanguage\":\"fr-FR\"},{\"@type\":\"Person\",\"@id\":\"https:\/\/exaequo-communication.fr\/#\/schema\/person\/a2b781d9861576b70e7ac586c8d0e7dd\",\"name\":\"Vincent\",\"image\":{\"@type\":\"ImageObject\",\"inLanguage\":\"fr-FR\",\"@id\":\"https:\/\/exaequo-communication.fr\/#\/schema\/person\/image\/\",\"url\":\"https:\/\/secure.gravatar.com\/avatar\/c58976c01b1d93e7e64f76bceed0cda416b0c2ec1073b37c7406cd511cdf9281?s=96&d=mm&r=g\",\"contentUrl\":\"https:\/\/secure.gravatar.com\/avatar\/c58976c01b1d93e7e64f76bceed0cda416b0c2ec1073b37c7406cd511cdf9281?s=96&d=mm&r=g\",\"caption\":\"Vincent\"},\"url\":\"https:\/\/exaequo-communication.fr\/index.php\/author\/vincent\/\"}]}<\/script>\n<!-- \/ Yoast SEO plugin. -->","yoast_head_json":{"title":"Lancement officiel des challenges entreprises et collectivit\u00e9s","description":"Jeudi 2 mars avait lieu le lancement officiel des challenges entreprises et collectivit\u00e9s dans les locaux de Siemens Energy au Havre.","robots":{"index":"index","follow":"follow","max-snippet":"max-snippet:-1","max-image-preview":"max-image-preview:large","max-video-preview":"max-video-preview:-1"},"canonical":"https:\/\/exaequo-communication.fr\/index.php\/2023\/03\/09\/lhut-challenge-entreprises-collectivites-2023\/","og_locale":"fr_FR","og_type":"article","og_title":"Retour en images sur la 3\u00e8me \u00e9dition du Le Havre Urban Trail","og_description":"Pr\u00e8s de 3000 participants ont pris le d\u00e9part du Le Havre Urban Trail le weekend du 21 et 22 mai 2022 \u00e0 la d\u00e9couverte de la ville havraise.","og_url":"https:\/\/exaequo-communication.fr\/index.php\/2023\/03\/09\/lhut-challenge-entreprises-collectivites-2023\/","og_site_name":"Exaequo communication","article_published_time":"2023-03-09T10:17:38+00:00","article_modified_time":"2023-03-13T08:35:08+00:00","og_image":[{"width":1548,"height":1024,"url":"https:\/\/exaequo-communication.fr\/wp-content\/uploads\/2022\/05\/32-scaled.jpg","type":"image\/jpeg"}],"author":"Vincent","twitter_card":"summary_large_image","twitter_title":"Retour en images sur la 3\u00e8me \u00e9dition du Le Havre Urban Trail","twitter_description":"Pr\u00e8s de 3000 participants ont pris le d\u00e9part du Le Havre Urban Trail le weekend du 21 et 22 mai 2022 \u00e0 la d\u00e9couverte de la ville havraise.","twitter_image":"https:\/\/exaequo-communication.fr\/wp-content\/uploads\/2022\/04\/sans-titre-RocknTrail-47\u00a9laurentbesnehard.com_.jpg","twitter_misc":{"\u00c9crit par":"Vincent","Dur\u00e9e de lecture estim\u00e9e":"3 minutes"},"schema":{"@context":"https:\/\/schema.org","@graph":[{"@type":"Article","@id":"https:\/\/exaequo-communication.fr\/index.php\/2023\/03\/09\/lhut-challenge-entreprises-collectivites-2023\/#article","isPartOf":{"@id":"https:\/\/exaequo-communication.fr\/index.php\/2023\/03\/09\/lhut-challenge-entreprises-collectivites-2023\/"},"author":{"name":"Vincent","@id":"https:\/\/exaequo-communication.fr\/#\/schema\/person\/a2b781d9861576b70e7ac586c8d0e7dd"},"headline":"Lancement officiel des challenges entreprises et collectivit\u00e9s du Le Havre Urban Trail","datePublished":"2023-03-09T10:17:38+00:00","dateModified":"2023-03-13T08:35:08+00:00","mainEntityOfPage":{"@id":"https:\/\/exaequo-communication.fr\/index.php\/2023\/03\/09\/lhut-challenge-entreprises-collectivites-2023\/"},"wordCount":709,"image":{"@id":"https:\/\/exaequo-communication.fr\/index.php\/2023\/03\/09\/lhut-challenge-entreprises-collectivites-2023\/#primaryimage"},"thumbnailUrl":"https:\/\/exaequo-communication.fr\/wp-content\/uploads\/2023\/03\/WhatsApp-Image-2023-03-02-a-18.19.41-e1678352315201.jpg","articleSection":["Actualit\u00e9s"],"inLanguage":"fr-FR"},{"@type":"WebPage","@id":"https:\/\/exaequo-communication.fr\/index.php\/2023\/03\/09\/lhut-challenge-entreprises-collectivites-2023\/","url":"https:\/\/exaequo-communication.fr\/index.php\/2023\/03\/09\/lhut-challenge-entreprises-collectivites-2023\/","name":"Lancement officiel des challenges entreprises et collectivit\u00e9s","isPartOf":{"@id":"https:\/\/exaequo-communication.fr\/#website"},"primaryImageOfPage":{"@id":"https:\/\/exaequo-communication.fr\/index.php\/2023\/03\/09\/lhut-challenge-entreprises-collectivites-2023\/#primaryimage"},"image":{"@id":"https:\/\/exaequo-communication.fr\/index.php\/2023\/03\/09\/lhut-challenge-entreprises-collectivites-2023\/#primaryimage"},"thumbnailUrl":"https:\/\/exaequo-communication.fr\/wp-content\/uploads\/2023\/03\/WhatsApp-Image-2023-03-02-a-18.19.41-e1678352315201.jpg","datePublished":"2023-03-09T10:17:38+00:00","dateModified":"2023-03-13T08:35:08+00:00","author":{"@id":"https:\/\/exaequo-communication.fr\/#\/schema\/person\/a2b781d9861576b70e7ac586c8d0e7dd"},"description":"Jeudi 2 mars avait lieu le lancement officiel des challenges entreprises et collectivit\u00e9s dans les locaux de Siemens Energy au Havre.","breadcrumb":{"@id":"https:\/\/exaequo-communication.fr\/index.php\/2023\/03\/09\/lhut-challenge-entreprises-collectivites-2023\/#breadcrumb"},"inLanguage":"fr-FR","potentialAction":[{"@type":"ReadAction","target":["https:\/\/exaequo-communication.fr\/index.php\/2023\/03\/09\/lhut-challenge-entreprises-collectivites-2023\/"]}]},{"@type":"ImageObject","inLanguage":"fr-FR","@id":"https:\/\/exaequo-communication.fr\/index.php\/2023\/03\/09\/lhut-challenge-entreprises-collectivites-2023\/#primaryimage","url":"https:\/\/exaequo-communication.fr\/wp-content\/uploads\/2023\/03\/WhatsApp-Image-2023-03-02-a-18.19.41-e1678352315201.jpg","contentUrl":"https:\/\/exaequo-communication.fr\/wp-content\/uploads\/2023\/03\/WhatsApp-Image-2023-03-02-a-18.19.41-e1678352315201.jpg","width":768,"height":604},{"@type":"BreadcrumbList","@id":"https:\/\/exaequo-communication.fr\/index.php\/2023\/03\/09\/lhut-challenge-entreprises-collectivites-2023\/#breadcrumb","itemListElement":[{"@type":"ListItem","position":1,"name":"Accueil","item":"https:\/\/exaequo-communication.fr\/"},{"@type":"ListItem","position":2,"name":"Lancement officiel des challenges entreprises et collectivit\u00e9s du Le Havre Urban Trail"}]},{"@type":"WebSite","@id":"https:\/\/exaequo-communication.fr\/#website","url":"https:\/\/exaequo-communication.fr\/","name":"Exaequo communication","description":"","potentialAction":[{"@type":"SearchAction","target":{"@type":"EntryPoint","urlTemplate":"https:\/\/exaequo-communication.fr\/?s={search_term_string}"},"query-input":{"@type":"PropertyValueSpecification","valueRequired":true,"valueName":"search_term_string"}}],"inLanguage":"fr-FR"},{"@type":"Person","@id":"https:\/\/exaequo-communication.fr\/#\/schema\/person\/a2b781d9861576b70e7ac586c8d0e7dd","name":"Vincent","image":{"@type":"ImageObject","inLanguage":"fr-FR","@id":"https:\/\/exaequo-communication.fr\/#\/schema\/person\/image\/","url":"https:\/\/secure.gravatar.com\/avatar\/c58976c01b1d93e7e64f76bceed0cda416b0c2ec1073b37c7406cd511cdf9281?s=96&d=mm&r=g","contentUrl":"https:\/\/secure.gravatar.com\/avatar\/c58976c01b1d93e7e64f76bceed0cda416b0c2ec1073b37c7406cd511cdf9281?s=96&d=mm&r=g","caption":"Vincent"},"url":"https:\/\/exaequo-communication.fr\/index.php\/author\/vincent\/"}]}},"_links":{"self":[{"href":"https:\/\/exaequo-communication.fr\/index.php\/wp-json\/wp\/v2\/posts\/14235","targetHints":{"allow":["GET"]}}],"collection":[{"href":"https:\/\/exaequo-communication.fr\/index.php\/wp-json\/wp\/v2\/posts"}],"about":[{"href":"https:\/\/exaequo-communication.fr\/index.php\/wp-json\/wp\/v2\/types\/post"}],"author":[{"embeddable":true,"href":"https:\/\/exaequo-communication.fr\/index.php\/wp-json\/wp\/v2\/users\/5"}],"replies":[{"embeddable":true,"href":"https:\/\/exaequo-communication.fr\/index.php\/wp-json\/wp\/v2\/comments?post=14235"}],"version-history":[{"count":7,"href":"https:\/\/exaequo-communication.fr\/index.php\/wp-json\/wp\/v2\/posts\/14235\/revisions"}],"predecessor-version":[{"id":14256,"href":"https:\/\/exaequo-communication.fr\/index.php\/wp-json\/wp\/v2\/posts\/14235\/revisions\/14256"}],"wp:featuredmedia":[{"embeddable":true,"href":"https:\/\/exaequo-communication.fr\/index.php\/wp-json\/wp\/v2\/media\/14252"}],"wp:attachment":[{"href":"https:\/\/exaequo-communication.fr\/index.php\/wp-json\/wp\/v2\/media?parent=14235"}],"wp:term":[{"taxonomy":"category","embeddable":true,"href":"https:\/\/exaequo-communication.fr\/index.php\/wp-json\/wp\/v2\/categories?post=14235"},{"taxonomy":"post_tag","embeddable":true,"href":"https:\/\/exaequo-communication.fr\/index.php\/wp-json\/wp\/v2\/tags?post=14235"}],"curies":[{"name":"wp","href":"https:\/\/api.w.org\/{rel}","templated":true}]}}