{"id":14230,"date":"2023-03-07T11:48:37","date_gmt":"2023-03-07T10:48:37","guid":{"rendered":"https:\/\/exaequo-communication.fr\/?p=14230"},"modified":"2023-03-07T11:48:37","modified_gmt":"2023-03-07T10:48:37","slug":"atelier-regional-decathlon","status":"publish","type":"post","link":"https:\/\/exaequo-communication.fr\/index.php\/2023\/03\/07\/atelier-regional-decathlon\/","title":{"rendered":"L&rsquo;Atelier R\u00e9gional Decathlon se r\u00e9unit autour d&rsquo;un Collective Games"},"content":{"rendered":"[vc_row type=\u00a0\u00bbin_container\u00a0\u00bb full_screen_row_position=\u00a0\u00bbmiddle\u00a0\u00bb column_margin=\u00a0\u00bbdefault\u00a0\u00bb column_direction=\u00a0\u00bbdefault\u00a0\u00bb column_direction_tablet=\u00a0\u00bbdefault\u00a0\u00bb column_direction_phone=\u00a0\u00bbdefault\u00a0\u00bb scene_position=\u00a0\u00bbcenter\u00a0\u00bb top_padding=\u00a0\u00bb10&Prime; text_color=\u00a0\u00bbdark\u00a0\u00bb text_align=\u00a0\u00bbleft\u00a0\u00bb row_border_radius=\u00a0\u00bbnone\u00a0\u00bb row_border_radius_applies=\u00a0\u00bbbg\u00a0\u00bb overlay_strength=\u00a0\u00bb0.3&Prime; gradient_direction=\u00a0\u00bbleft_to_right\u00a0\u00bb shape_divider_position=\u00a0\u00bbbottom\u00a0\u00bb bg_image_animation=\u00a0\u00bbnone\u00a0\u00bb shape_type=\u00a0\u00bb\u00a0\u00bb][vc_column column_padding=\u00a0\u00bbno-extra-padding\u00a0\u00bb column_padding_tablet=\u00a0\u00bbinherit\u00a0\u00bb column_padding_phone=\u00a0\u00bbinherit\u00a0\u00bb column_padding_position=\u00a0\u00bball\u00a0\u00bb background_color_opacity=\u00a0\u00bb1&Prime; background_hover_color_opacity=\u00a0\u00bb1&Prime; column_shadow=\u00a0\u00bbnone\u00a0\u00bb column_border_radius=\u00a0\u00bbnone\u00a0\u00bb column_link_target=\u00a0\u00bb_self\u00a0\u00bb gradient_direction=\u00a0\u00bbleft_to_right\u00a0\u00bb overlay_strength=\u00a0\u00bb0.3&Prime; width=\u00a0\u00bb1\/2&Prime; tablet_width_inherit=\u00a0\u00bbdefault\u00a0\u00bb tablet_text_alignment=\u00a0\u00bbdefault\u00a0\u00bb phone_text_alignment=\u00a0\u00bbdefault\u00a0\u00bb column_border_width=\u00a0\u00bbnone\u00a0\u00bb column_border_style=\u00a0\u00bbsolid\u00a0\u00bb bg_image_animation=\u00a0\u00bbnone\u00a0\u00bb][vc_gallery type=\u00a0\u00bbflexslider_style\u00a0\u00bb images=\u00a0\u00bb14243,14241,14240,14242,14244,14239&Prime; onclick=\u00a0\u00bblink_no\u00a0\u00bb hover_anim=\u00a0\u00bbfade-out\u00a0\u00bb][\/vc_column][vc_column column_padding=\u00a0\u00bbno-extra-padding\u00a0\u00bb column_padding_tablet=\u00a0\u00bbinherit\u00a0\u00bb column_padding_phone=\u00a0\u00bbinherit\u00a0\u00bb column_padding_position=\u00a0\u00bball\u00a0\u00bb background_color_opacity=\u00a0\u00bb1&Prime; background_hover_color_opacity=\u00a0\u00bb1&Prime; column_shadow=\u00a0\u00bbnone\u00a0\u00bb column_border_radius=\u00a0\u00bbnone\u00a0\u00bb column_link_target=\u00a0\u00bb_self\u00a0\u00bb gradient_direction=\u00a0\u00bbleft_to_right\u00a0\u00bb overlay_strength=\u00a0\u00bb0.3&Prime; width=\u00a0\u00bb1\/2&Prime; tablet_width_inherit=\u00a0\u00bbdefault\u00a0\u00bb tablet_text_alignment=\u00a0\u00bbdefault\u00a0\u00bb phone_text_alignment=\u00a0\u00bbdefault\u00a0\u00bb column_border_width=\u00a0\u00bbnone\u00a0\u00bb column_border_style=\u00a0\u00bbsolid\u00a0\u00bb bg_image_animation=\u00a0\u00bbnone\u00a0\u00bb][split_line_heading animation_type=\u00a0\u00bbdefault\u00a0\u00bb]\n<h3>COLLECTIVE GAMES POUR L&rsquo;ATELIER R\u00c9GIONAL DECATHLON<\/h3>\n<p>Ce sont 16 collaborateurs de l&rsquo;<strong><a href=\"https:\/\/atelier-regional-caen.decathlon.com\/\" target=\"_blank\" rel=\"noopener\">Atelier R\u00e9gional Decathlon de Caen<\/a> <\/strong>qui se sont r\u00e9unis samedi 4 mars \u00e0 la salle de gymnastique de Mondeville. Au programme un team-building dans une ambiance conviviale : le <strong><a href=\"https:\/\/exaequo-communication.fr\/index.php\/portfolio\/collective-games-teambuilding\/\" target=\"_blank\" rel=\"noopener\">Collective Games<\/a><\/strong>.[\/split_line_heading][\/vc_column][vc_column column_padding=\u00a0\u00bbno-extra-padding\u00a0\u00bb column_padding_tablet=\u00a0\u00bbinherit\u00a0\u00bb column_padding_phone=\u00a0\u00bbinherit\u00a0\u00bb column_padding_position=\u00a0\u00bball\u00a0\u00bb background_color_opacity=\u00a0\u00bb1&Prime; background_hover_color_opacity=\u00a0\u00bb1&Prime; column_shadow=\u00a0\u00bbnone\u00a0\u00bb column_border_radius=\u00a0\u00bbnone\u00a0\u00bb column_link_target=\u00a0\u00bb_self\u00a0\u00bb gradient_direction=\u00a0\u00bbleft_to_right\u00a0\u00bb overlay_strength=\u00a0\u00bb0.3&Prime; width=\u00a0\u00bb1\/1&Prime; tablet_width_inherit=\u00a0\u00bbdefault\u00a0\u00bb tablet_text_alignment=\u00a0\u00bbdefault\u00a0\u00bb phone_text_alignment=\u00a0\u00bbdefault\u00a0\u00bb column_border_width=\u00a0\u00bbnone\u00a0\u00bb column_border_style=\u00a0\u00bbsolid\u00a0\u00bb bg_image_animation=\u00a0\u00bbnone\u00a0\u00bb][\/vc_column][\/vc_row][vc_row type=\u00a0\u00bbin_container\u00a0\u00bb full_screen_row_position=\u00a0\u00bbmiddle\u00a0\u00bb column_margin=\u00a0\u00bbdefault\u00a0\u00bb column_direction=\u00a0\u00bbdefault\u00a0\u00bb column_direction_tablet=\u00a0\u00bbdefault\u00a0\u00bb column_direction_phone=\u00a0\u00bbdefault\u00a0\u00bb scene_position=\u00a0\u00bbcenter\u00a0\u00bb text_color=\u00a0\u00bbdark\u00a0\u00bb text_align=\u00a0\u00bbleft\u00a0\u00bb row_border_radius=\u00a0\u00bbnone\u00a0\u00bb row_border_radius_applies=\u00a0\u00bbbg\u00a0\u00bb overlay_strength=\u00a0\u00bb0.3&Prime; gradient_direction=\u00a0\u00bbleft_to_right\u00a0\u00bb shape_divider_position=\u00a0\u00bbbottom\u00a0\u00bb bg_image_animation=\u00a0\u00bbnone\u00a0\u00bb][vc_column column_padding=\u00a0\u00bbno-extra-padding\u00a0\u00bb column_padding_tablet=\u00a0\u00bbinherit\u00a0\u00bb column_padding_phone=\u00a0\u00bbinherit\u00a0\u00bb column_padding_position=\u00a0\u00bball\u00a0\u00bb background_color_opacity=\u00a0\u00bb1&Prime; background_hover_color_opacity=\u00a0\u00bb1&Prime; column_shadow=\u00a0\u00bbnone\u00a0\u00bb column_border_radius=\u00a0\u00bbnone\u00a0\u00bb column_link_target=\u00a0\u00bb_self\u00a0\u00bb gradient_direction=\u00a0\u00bbleft_to_right\u00a0\u00bb overlay_strength=\u00a0\u00bb0.3&Prime; width=\u00a0\u00bb1\/1&Prime; tablet_width_inherit=\u00a0\u00bbdefault\u00a0\u00bb tablet_text_alignment=\u00a0\u00bbdefault\u00a0\u00bb phone_text_alignment=\u00a0\u00bbdefault\u00a0\u00bb column_border_width=\u00a0\u00bbnone\u00a0\u00bb column_border_style=\u00a0\u00bbsolid\u00a0\u00bb bg_image_animation=\u00a0\u00bbnone\u00a0\u00bb][vc_column_text]Afin de rassembler ses collaborateurs lors d&rsquo;une journ\u00e9e r\u00e9cr\u00e9ative, l\u2019<strong><a href=\"https:\/\/atelier-regional-caen.decathlon.com\/\" target=\"_blank\" rel=\"noopener\">Atelier R\u00e9gional Decathlon de Caen<\/a><\/strong> a fait appel \u00e0 l\u2019\u00e9quipe Exaequo. La Xteam a propos\u00e9 un \u00e9v\u00e9nement incentive et f\u00e9d\u00e9rateur avec comme animation, notre team-building <strong><a href=\"https:\/\/exaequo-communication.fr\/index.php\/portfolio\/collective-games-teambuilding\/\" target=\"_blank\" rel=\"noopener\">Collective Games<\/a><\/strong>. Un moment divertissant qui a permis de renforcer la coh\u00e9sion entre les membres de l&rsquo;<strong><a href=\"https:\/\/atelier-regional-caen.decathlon.com\/\" target=\"_blank\" rel=\"noopener\">Atelier R\u00e9gional Decathlon de Caen.<\/a><\/strong><\/p>\n<div class=\"col span_12 dark left\">\n<div class=\"vc_col-sm-12 wpb_column column_container vc_column_container col no-extra-padding instance-2\" data-t-w-inherits=\"default\" data-border-radius=\"none\" data-shadow=\"none\" data-border-animation=\"\" data-border-animation-delay=\"\" data-border-width=\"none\" data-border-style=\"solid\" data-border-color=\"\" data-bg-cover=\"\" data-padding-pos=\"all\" data-has-bg-color=\"false\" data-bg-color=\"\" data-bg-opacity=\"1\" data-hover-bg=\"\" data-hover-bg-opacity=\"1\" data-animation=\"\" data-delay=\"0\">\n<div class=\"vc_column-inner\">\n<div class=\"wpb_wrapper\">\n<div class=\"wpb_text_column wpb_content_element \">\n<div class=\"wpb_wrapper\">\n<h3>LE BRIEF :<\/h3>\n<ul>\n<li>Proposer un \u00e9v\u00e9nement f\u00e9d\u00e9rateur et ludique.<\/li>\n<li>Trouver un lieu simple d&rsquo;acc\u00e8s et proche de Mondeville.<\/li>\n<li>Organiser une animation conviviale par \u00e9quipe afin de renforcer la coh\u00e9sion entre les collaborateurs.<\/li>\n<\/ul>\n<h3>LA R\u00c9PONSE D\u2019EXAEQUO :<\/h3>\n<p>Tous les collaborateurs convi\u00e9s avaient rendez-vous \u00e0 la salle de gymnastique de Mondeville.<\/p>\n<p>En fin de journ\u00e9e, suite \u00e0 un repas partag\u00e9, les membres de l&rsquo;<strong><a href=\"https:\/\/atelier-regional-caen.decathlon.com\/\" target=\"_blank\" rel=\"noopener\">Atelier R\u00e9gional Decathlon de Caen<\/a><\/strong> ont \u00e9t\u00e9 r\u00e9partis en 4 \u00e9quipes de 4 afin de s&rsquo;affronter sur la th\u00e9matique des jeux. Ils ont alors pu d\u00e9couvrir 5 activit\u00e9s ludiques, fun et d\u00e9cal\u00e9es :<\/p>\n<ul>\n<li>Le beer pong g\u00e9ant (sans bi\u00e8re \u00e9videmment).<\/li>\n<li>La fl\u00e9chette chanceuse, \u00e9clater le plus de ballons de la couleur de son \u00e9quipe uniquement.<\/li>\n<li>Le puissance IV basket.<\/li>\n<li>Le Crazy Hockey.<\/li>\n<li>Un grand relais final mettant \u00e0 l&rsquo;\u00e9preuve leur \u00e9quilibre, leur pr\u00e9cision mais surtout leur rapidit\u00e9.<\/li>\n<\/ul>\n<h3>LE BILAN :<\/h3>\n<p><span class=\"s1\"><b>Un groupe dynamique et dr\u00f4le, heureux de se retrouver autour d&rsquo;un \u00e9v\u00e9nement rythm\u00e9 par les fous-rires et la convivialit\u00e9 ! <\/b>Un m\u00e9lange de strat\u00e9gie, de pr\u00e9cision et de coordination, les participants ont su relever les d\u00e9fis propos\u00e9s lors de ce team-building et ont su profiter de cette journ\u00e9e de coh\u00e9sion, <\/span>dans la convivialit\u00e9 et la bonne humeur. Une belle r\u00e9compense attendait d&rsquo;ailleurs l&rsquo;\u00e9quipe gagnante, de quoi pour cl\u00f4turer cette journ\u00e9e en beaut\u00e9 !<\/p>\n<p>&nbsp;<\/p>\n<\/div>\n<\/div>\n<\/div>\n<\/div>\n<\/div>\n<\/div>\n<p>D\u00e9couvrez en plus sur notre team-building <strong>Collective Games<\/strong><b>, <a href=\"https:\/\/exaequo-communication.fr\/index.php\/portfolio\/collective-games-teambuilding\/\" target=\"_blank\" rel=\"noopener\">cliquez ici.<\/a><\/b><\/p>\n<p>Pour en savoir plus sur l&rsquo;Atelier R\u00e9gional Decathlon, <strong><a href=\"https:\/\/atelier-regional-caen.decathlon.com\/\" target=\"_blank\" rel=\"noopener noreferrer\">cliquez ici<\/a><\/strong>.[\/vc_column_text][\/vc_column][\/vc_row]\n","protected":false},"excerpt":{"rendered":"<p>Samedi 4 mars, les collaborateurs de l&rsquo;<strong><a href=\"https:\/\/atelier-regional-caen.decathlon.com\/\" target=\"_blank\" rel=\"noopener\">Atelier R\u00e9gional Decathlon de Caen<\/a><\/strong> se sont donn\u00e9s rendez-vous pour une journ\u00e9e r\u00e9cr\u00e9ative.<\/p>\n","protected":false},"author":5,"featured_media":14243,"comment_status":"closed","ping_status":"closed","sticky":false,"template":"","format":"standard","meta":{"footnotes":""},"categories":[1,178],"tags":[],"class_list":{"0":"post-14230","1":"post","2":"type-post","3":"status-publish","4":"format-standard","5":"has-post-thumbnail","7":"category-actualites","8":"category-team-building"},"yoast_head":"<!-- This site is optimized with the Yoast SEO plugin v27.0 - https:\/\/yoast.com\/product\/yoast-seo-wordpress\/ -->\n<title>L&#039;Atelier R\u00e9gional Decathlon se r\u00e9unit autour d&#039;un Collective Games - Exaequo communication<\/title>\n<meta name=\"description\" content=\"Samedi 4 mars, les collaborateurs de l&#039;Atelier R\u00e9gional Decathlon de Caen se sont donn\u00e9s rendez-vous pour une journ\u00e9e r\u00e9cr\u00e9ative.\" \/>\n<meta name=\"robots\" content=\"index, follow, max-snippet:-1, max-image-preview:large, max-video-preview:-1\" \/>\n<link rel=\"canonical\" href=\"https:\/\/exaequo-communication.fr\/index.php\/2023\/03\/07\/atelier-regional-decathlon\/\" \/>\n<meta property=\"og:locale\" content=\"fr_FR\" \/>\n<meta property=\"og:type\" content=\"article\" \/>\n<meta property=\"og:title\" content=\"Journ\u00e9es coh\u00e9sion pour Vinci Facilities\" \/>\n<meta property=\"og:description\" content=\"Du 22 au 24 juin derniers, les \u00e9quipes de l&#039;entreprise Vinci Facilities se sont donn\u00e9es rendez-vous \u00e0 Cabourg. Au programme : r\u00e9unions de travail, soir\u00e9e privatis\u00e9e et team-building : le Collective Games.\" \/>\n<meta property=\"og:url\" content=\"https:\/\/exaequo-communication.fr\/index.php\/2023\/03\/07\/atelier-regional-decathlon\/\" \/>\n<meta property=\"og:site_name\" content=\"Exaequo communication\" \/>\n<meta property=\"article:published_time\" content=\"2023-03-07T10:48:37+00:00\" \/>\n<meta property=\"og:image\" content=\"https:\/\/exaequo-communication.fr\/wp-content\/uploads\/2022\/07\/EX-CollectiveGames-VinciFacilities-2-1024x764.png\" \/>\n\t<meta property=\"og:image:width\" content=\"1024\" \/>\n\t<meta property=\"og:image:height\" content=\"764\" \/>\n\t<meta property=\"og:image:type\" content=\"image\/png\" \/>\n<meta name=\"author\" content=\"Vincent\" \/>\n<meta name=\"twitter:card\" content=\"summary_large_image\" \/>\n<meta name=\"twitter:title\" content=\"Journ\u00e9es coh\u00e9sion pour Vinci Facilities\" \/>\n<meta name=\"twitter:description\" content=\"Du 22 au 24 juin derniers, les \u00e9quipes de l&#039;entreprise Vinci Facilities se sont donn\u00e9es rendez-vous \u00e0 Cabourg. Au programme : r\u00e9unions de travail, soir\u00e9e privatis\u00e9e et team-building : le Collective Games.\" \/>\n<meta name=\"twitter:image\" content=\"https:\/\/exaequo-communication.fr\/wp-content\/uploads\/2022\/07\/EX-CollectiveGames-VinciFacilities-2.png\" \/>\n<meta name=\"twitter:label1\" content=\"\u00c9crit par\" \/>\n\t<meta name=\"twitter:data1\" content=\"Vincent\" \/>\n\t<meta name=\"twitter:label2\" content=\"Dur\u00e9e de lecture estim\u00e9e\" \/>\n\t<meta name=\"twitter:data2\" content=\"3 minutes\" \/>\n<script type=\"application\/ld+json\" class=\"yoast-schema-graph\">{\"@context\":\"https:\/\/schema.org\",\"@graph\":[{\"@type\":\"Article\",\"@id\":\"https:\/\/exaequo-communication.fr\/index.php\/2023\/03\/07\/atelier-regional-decathlon\/#article\",\"isPartOf\":{\"@id\":\"https:\/\/exaequo-communication.fr\/index.php\/2023\/03\/07\/atelier-regional-decathlon\/\"},\"author\":{\"name\":\"Vincent\",\"@id\":\"https:\/\/exaequo-communication.fr\/#\/schema\/person\/a2b781d9861576b70e7ac586c8d0e7dd\"},\"headline\":\"L&rsquo;Atelier R\u00e9gional Decathlon se r\u00e9unit autour d&rsquo;un Collective Games\",\"datePublished\":\"2023-03-07T10:48:37+00:00\",\"mainEntityOfPage\":{\"@id\":\"https:\/\/exaequo-communication.fr\/index.php\/2023\/03\/07\/atelier-regional-decathlon\/\"},\"wordCount\":813,\"image\":{\"@id\":\"https:\/\/exaequo-communication.fr\/index.php\/2023\/03\/07\/atelier-regional-decathlon\/#primaryimage\"},\"thumbnailUrl\":\"https:\/\/exaequo-communication.fr\/wp-content\/uploads\/2023\/03\/20230304_165413-scaled.jpg\",\"articleSection\":[\"Actualit\u00e9s\",\"Team Building\"],\"inLanguage\":\"fr-FR\"},{\"@type\":\"WebPage\",\"@id\":\"https:\/\/exaequo-communication.fr\/index.php\/2023\/03\/07\/atelier-regional-decathlon\/\",\"url\":\"https:\/\/exaequo-communication.fr\/index.php\/2023\/03\/07\/atelier-regional-decathlon\/\",\"name\":\"L'Atelier R\u00e9gional Decathlon se r\u00e9unit autour d'un Collective Games - Exaequo communication\",\"isPartOf\":{\"@id\":\"https:\/\/exaequo-communication.fr\/#website\"},\"primaryImageOfPage\":{\"@id\":\"https:\/\/exaequo-communication.fr\/index.php\/2023\/03\/07\/atelier-regional-decathlon\/#primaryimage\"},\"image\":{\"@id\":\"https:\/\/exaequo-communication.fr\/index.php\/2023\/03\/07\/atelier-regional-decathlon\/#primaryimage\"},\"thumbnailUrl\":\"https:\/\/exaequo-communication.fr\/wp-content\/uploads\/2023\/03\/20230304_165413-scaled.jpg\",\"datePublished\":\"2023-03-07T10:48:37+00:00\",\"author\":{\"@id\":\"https:\/\/exaequo-communication.fr\/#\/schema\/person\/a2b781d9861576b70e7ac586c8d0e7dd\"},\"description\":\"Samedi 4 mars, les collaborateurs de l'Atelier R\u00e9gional Decathlon de Caen se sont donn\u00e9s rendez-vous pour une journ\u00e9e r\u00e9cr\u00e9ative.\",\"breadcrumb\":{\"@id\":\"https:\/\/exaequo-communication.fr\/index.php\/2023\/03\/07\/atelier-regional-decathlon\/#breadcrumb\"},\"inLanguage\":\"fr-FR\",\"potentialAction\":[{\"@type\":\"ReadAction\",\"target\":[\"https:\/\/exaequo-communication.fr\/index.php\/2023\/03\/07\/atelier-regional-decathlon\/\"]}]},{\"@type\":\"ImageObject\",\"inLanguage\":\"fr-FR\",\"@id\":\"https:\/\/exaequo-communication.fr\/index.php\/2023\/03\/07\/atelier-regional-decathlon\/#primaryimage\",\"url\":\"https:\/\/exaequo-communication.fr\/wp-content\/uploads\/2023\/03\/20230304_165413-scaled.jpg\",\"contentUrl\":\"https:\/\/exaequo-communication.fr\/wp-content\/uploads\/2023\/03\/20230304_165413-scaled.jpg\",\"width\":1700,\"height\":786},{\"@type\":\"BreadcrumbList\",\"@id\":\"https:\/\/exaequo-communication.fr\/index.php\/2023\/03\/07\/atelier-regional-decathlon\/#breadcrumb\",\"itemListElement\":[{\"@type\":\"ListItem\",\"position\":1,\"name\":\"Accueil\",\"item\":\"https:\/\/exaequo-communication.fr\/\"},{\"@type\":\"ListItem\",\"position\":2,\"name\":\"L&rsquo;Atelier R\u00e9gional Decathlon se r\u00e9unit autour d&rsquo;un Collective Games\"}]},{\"@type\":\"WebSite\",\"@id\":\"https:\/\/exaequo-communication.fr\/#website\",\"url\":\"https:\/\/exaequo-communication.fr\/\",\"name\":\"Exaequo communication\",\"description\":\"\",\"potentialAction\":[{\"@type\":\"SearchAction\",\"target\":{\"@type\":\"EntryPoint\",\"urlTemplate\":\"https:\/\/exaequo-communication.fr\/?s={search_term_string}\"},\"query-input\":{\"@type\":\"PropertyValueSpecification\",\"valueRequired\":true,\"valueName\":\"search_term_string\"}}],\"inLanguage\":\"fr-FR\"},{\"@type\":\"Person\",\"@id\":\"https:\/\/exaequo-communication.fr\/#\/schema\/person\/a2b781d9861576b70e7ac586c8d0e7dd\",\"name\":\"Vincent\",\"image\":{\"@type\":\"ImageObject\",\"inLanguage\":\"fr-FR\",\"@id\":\"https:\/\/exaequo-communication.fr\/#\/schema\/person\/image\/\",\"url\":\"https:\/\/secure.gravatar.com\/avatar\/c58976c01b1d93e7e64f76bceed0cda416b0c2ec1073b37c7406cd511cdf9281?s=96&d=mm&r=g\",\"contentUrl\":\"https:\/\/secure.gravatar.com\/avatar\/c58976c01b1d93e7e64f76bceed0cda416b0c2ec1073b37c7406cd511cdf9281?s=96&d=mm&r=g\",\"caption\":\"Vincent\"},\"url\":\"https:\/\/exaequo-communication.fr\/index.php\/author\/vincent\/\"}]}<\/script>\n<!-- \/ Yoast SEO plugin. -->","yoast_head_json":{"title":"L'Atelier R\u00e9gional Decathlon se r\u00e9unit autour d'un Collective Games - Exaequo communication","description":"Samedi 4 mars, les collaborateurs de l'Atelier R\u00e9gional Decathlon de Caen se sont donn\u00e9s rendez-vous pour une journ\u00e9e r\u00e9cr\u00e9ative.","robots":{"index":"index","follow":"follow","max-snippet":"max-snippet:-1","max-image-preview":"max-image-preview:large","max-video-preview":"max-video-preview:-1"},"canonical":"https:\/\/exaequo-communication.fr\/index.php\/2023\/03\/07\/atelier-regional-decathlon\/","og_locale":"fr_FR","og_type":"article","og_title":"Journ\u00e9es coh\u00e9sion pour Vinci Facilities","og_description":"Du 22 au 24 juin derniers, les \u00e9quipes de l'entreprise Vinci Facilities se sont donn\u00e9es rendez-vous \u00e0 Cabourg. Au programme : r\u00e9unions de travail, soir\u00e9e privatis\u00e9e et team-building : le Collective Games.","og_url":"https:\/\/exaequo-communication.fr\/index.php\/2023\/03\/07\/atelier-regional-decathlon\/","og_site_name":"Exaequo communication","article_published_time":"2023-03-07T10:48:37+00:00","og_image":[{"width":1024,"height":764,"url":"https:\/\/exaequo-communication.fr\/wp-content\/uploads\/2022\/07\/EX-CollectiveGames-VinciFacilities-2-1024x764.png","type":"image\/png"}],"author":"Vincent","twitter_card":"summary_large_image","twitter_title":"Journ\u00e9es coh\u00e9sion pour Vinci Facilities","twitter_description":"Du 22 au 24 juin derniers, les \u00e9quipes de l'entreprise Vinci Facilities se sont donn\u00e9es rendez-vous \u00e0 Cabourg. Au programme : r\u00e9unions de travail, soir\u00e9e privatis\u00e9e et team-building : le Collective Games.","twitter_image":"https:\/\/exaequo-communication.fr\/wp-content\/uploads\/2022\/07\/EX-CollectiveGames-VinciFacilities-2.png","twitter_misc":{"\u00c9crit par":"Vincent","Dur\u00e9e de lecture estim\u00e9e":"3 minutes"},"schema":{"@context":"https:\/\/schema.org","@graph":[{"@type":"Article","@id":"https:\/\/exaequo-communication.fr\/index.php\/2023\/03\/07\/atelier-regional-decathlon\/#article","isPartOf":{"@id":"https:\/\/exaequo-communication.fr\/index.php\/2023\/03\/07\/atelier-regional-decathlon\/"},"author":{"name":"Vincent","@id":"https:\/\/exaequo-communication.fr\/#\/schema\/person\/a2b781d9861576b70e7ac586c8d0e7dd"},"headline":"L&rsquo;Atelier R\u00e9gional Decathlon se r\u00e9unit autour d&rsquo;un Collective Games","datePublished":"2023-03-07T10:48:37+00:00","mainEntityOfPage":{"@id":"https:\/\/exaequo-communication.fr\/index.php\/2023\/03\/07\/atelier-regional-decathlon\/"},"wordCount":813,"image":{"@id":"https:\/\/exaequo-communication.fr\/index.php\/2023\/03\/07\/atelier-regional-decathlon\/#primaryimage"},"thumbnailUrl":"https:\/\/exaequo-communication.fr\/wp-content\/uploads\/2023\/03\/20230304_165413-scaled.jpg","articleSection":["Actualit\u00e9s","Team Building"],"inLanguage":"fr-FR"},{"@type":"WebPage","@id":"https:\/\/exaequo-communication.fr\/index.php\/2023\/03\/07\/atelier-regional-decathlon\/","url":"https:\/\/exaequo-communication.fr\/index.php\/2023\/03\/07\/atelier-regional-decathlon\/","name":"L'Atelier R\u00e9gional Decathlon se r\u00e9unit autour d'un Collective Games - Exaequo communication","isPartOf":{"@id":"https:\/\/exaequo-communication.fr\/#website"},"primaryImageOfPage":{"@id":"https:\/\/exaequo-communication.fr\/index.php\/2023\/03\/07\/atelier-regional-decathlon\/#primaryimage"},"image":{"@id":"https:\/\/exaequo-communication.fr\/index.php\/2023\/03\/07\/atelier-regional-decathlon\/#primaryimage"},"thumbnailUrl":"https:\/\/exaequo-communication.fr\/wp-content\/uploads\/2023\/03\/20230304_165413-scaled.jpg","datePublished":"2023-03-07T10:48:37+00:00","author":{"@id":"https:\/\/exaequo-communication.fr\/#\/schema\/person\/a2b781d9861576b70e7ac586c8d0e7dd"},"description":"Samedi 4 mars, les collaborateurs de l'Atelier R\u00e9gional Decathlon de Caen se sont donn\u00e9s rendez-vous pour une journ\u00e9e r\u00e9cr\u00e9ative.","breadcrumb":{"@id":"https:\/\/exaequo-communication.fr\/index.php\/2023\/03\/07\/atelier-regional-decathlon\/#breadcrumb"},"inLanguage":"fr-FR","potentialAction":[{"@type":"ReadAction","target":["https:\/\/exaequo-communication.fr\/index.php\/2023\/03\/07\/atelier-regional-decathlon\/"]}]},{"@type":"ImageObject","inLanguage":"fr-FR","@id":"https:\/\/exaequo-communication.fr\/index.php\/2023\/03\/07\/atelier-regional-decathlon\/#primaryimage","url":"https:\/\/exaequo-communication.fr\/wp-content\/uploads\/2023\/03\/20230304_165413-scaled.jpg","contentUrl":"https:\/\/exaequo-communication.fr\/wp-content\/uploads\/2023\/03\/20230304_165413-scaled.jpg","width":1700,"height":786},{"@type":"BreadcrumbList","@id":"https:\/\/exaequo-communication.fr\/index.php\/2023\/03\/07\/atelier-regional-decathlon\/#breadcrumb","itemListElement":[{"@type":"ListItem","position":1,"name":"Accueil","item":"https:\/\/exaequo-communication.fr\/"},{"@type":"ListItem","position":2,"name":"L&rsquo;Atelier R\u00e9gional Decathlon se r\u00e9unit autour d&rsquo;un Collective Games"}]},{"@type":"WebSite","@id":"https:\/\/exaequo-communication.fr\/#website","url":"https:\/\/exaequo-communication.fr\/","name":"Exaequo communication","description":"","potentialAction":[{"@type":"SearchAction","target":{"@type":"EntryPoint","urlTemplate":"https:\/\/exaequo-communication.fr\/?s={search_term_string}"},"query-input":{"@type":"PropertyValueSpecification","valueRequired":true,"valueName":"search_term_string"}}],"inLanguage":"fr-FR"},{"@type":"Person","@id":"https:\/\/exaequo-communication.fr\/#\/schema\/person\/a2b781d9861576b70e7ac586c8d0e7dd","name":"Vincent","image":{"@type":"ImageObject","inLanguage":"fr-FR","@id":"https:\/\/exaequo-communication.fr\/#\/schema\/person\/image\/","url":"https:\/\/secure.gravatar.com\/avatar\/c58976c01b1d93e7e64f76bceed0cda416b0c2ec1073b37c7406cd511cdf9281?s=96&d=mm&r=g","contentUrl":"https:\/\/secure.gravatar.com\/avatar\/c58976c01b1d93e7e64f76bceed0cda416b0c2ec1073b37c7406cd511cdf9281?s=96&d=mm&r=g","caption":"Vincent"},"url":"https:\/\/exaequo-communication.fr\/index.php\/author\/vincent\/"}]}},"_links":{"self":[{"href":"https:\/\/exaequo-communication.fr\/index.php\/wp-json\/wp\/v2\/posts\/14230","targetHints":{"allow":["GET"]}}],"collection":[{"href":"https:\/\/exaequo-communication.fr\/index.php\/wp-json\/wp\/v2\/posts"}],"about":[{"href":"https:\/\/exaequo-communication.fr\/index.php\/wp-json\/wp\/v2\/types\/post"}],"author":[{"embeddable":true,"href":"https:\/\/exaequo-communication.fr\/index.php\/wp-json\/wp\/v2\/users\/5"}],"replies":[{"embeddable":true,"href":"https:\/\/exaequo-communication.fr\/index.php\/wp-json\/wp\/v2\/comments?post=14230"}],"version-history":[{"count":4,"href":"https:\/\/exaequo-communication.fr\/index.php\/wp-json\/wp\/v2\/posts\/14230\/revisions"}],"predecessor-version":[{"id":14246,"href":"https:\/\/exaequo-communication.fr\/index.php\/wp-json\/wp\/v2\/posts\/14230\/revisions\/14246"}],"wp:featuredmedia":[{"embeddable":true,"href":"https:\/\/exaequo-communication.fr\/index.php\/wp-json\/wp\/v2\/media\/14243"}],"wp:attachment":[{"href":"https:\/\/exaequo-communication.fr\/index.php\/wp-json\/wp\/v2\/media?parent=14230"}],"wp:term":[{"taxonomy":"category","embeddable":true,"href":"https:\/\/exaequo-communication.fr\/index.php\/wp-json\/wp\/v2\/categories?post=14230"},{"taxonomy":"post_tag","embeddable":true,"href":"https:\/\/exaequo-communication.fr\/index.php\/wp-json\/wp\/v2\/tags?post=14230"}],"curies":[{"name":"wp","href":"https:\/\/api.w.org\/{rel}","templated":true}]}}