{"id":13958,"date":"2022-11-24T11:31:07","date_gmt":"2022-11-24T10:31:07","guid":{"rendered":"https:\/\/exaequo-communication.fr\/?p=13958"},"modified":"2022-11-24T11:31:07","modified_gmt":"2022-11-24T10:31:07","slug":"75-ans-larcher","status":"publish","type":"post","link":"https:\/\/exaequo-communication.fr\/index.php\/2022\/11\/24\/75-ans-larcher\/","title":{"rendered":"Retour sur les 75 ans de Larcher"},"content":{"rendered":"[vc_row type=\u00a0\u00bbin_container\u00a0\u00bb full_screen_row_position=\u00a0\u00bbmiddle\u00a0\u00bb column_margin=\u00a0\u00bbdefault\u00a0\u00bb column_direction=\u00a0\u00bbdefault\u00a0\u00bb column_direction_tablet=\u00a0\u00bbdefault\u00a0\u00bb column_direction_phone=\u00a0\u00bbdefault\u00a0\u00bb scene_position=\u00a0\u00bbcenter\u00a0\u00bb top_padding=\u00a0\u00bb10&Prime; text_color=\u00a0\u00bbdark\u00a0\u00bb text_align=\u00a0\u00bbleft\u00a0\u00bb row_border_radius=\u00a0\u00bbnone\u00a0\u00bb row_border_radius_applies=\u00a0\u00bbbg\u00a0\u00bb overlay_strength=\u00a0\u00bb0.3&Prime; gradient_direction=\u00a0\u00bbleft_to_right\u00a0\u00bb shape_divider_position=\u00a0\u00bbbottom\u00a0\u00bb bg_image_animation=\u00a0\u00bbnone\u00a0\u00bb shape_type=\u00a0\u00bb\u00a0\u00bb][vc_column column_padding=\u00a0\u00bbno-extra-padding\u00a0\u00bb column_padding_tablet=\u00a0\u00bbinherit\u00a0\u00bb column_padding_phone=\u00a0\u00bbinherit\u00a0\u00bb column_padding_position=\u00a0\u00bball\u00a0\u00bb background_color_opacity=\u00a0\u00bb1&Prime; background_hover_color_opacity=\u00a0\u00bb1&Prime; column_shadow=\u00a0\u00bbnone\u00a0\u00bb column_border_radius=\u00a0\u00bbnone\u00a0\u00bb column_link_target=\u00a0\u00bb_self\u00a0\u00bb gradient_direction=\u00a0\u00bbleft_to_right\u00a0\u00bb overlay_strength=\u00a0\u00bb0.3&Prime; width=\u00a0\u00bb1\/2&Prime; tablet_width_inherit=\u00a0\u00bbdefault\u00a0\u00bb tablet_text_alignment=\u00a0\u00bbdefault\u00a0\u00bb phone_text_alignment=\u00a0\u00bbdefault\u00a0\u00bb column_border_width=\u00a0\u00bbnone\u00a0\u00bb column_border_style=\u00a0\u00bbsolid\u00a0\u00bb bg_image_animation=\u00a0\u00bbnone\u00a0\u00bb][vc_gallery type=\u00a0\u00bbflexslider_style\u00a0\u00bb images=\u00a0\u00bb13962,13960,13966,13961,13967,13963,13964,13965,13968,13959&Prime; onclick=\u00a0\u00bblink_no\u00a0\u00bb hover_anim=\u00a0\u00bbfade-out\u00a0\u00bb][\/vc_column][vc_column column_padding=\u00a0\u00bbno-extra-padding\u00a0\u00bb column_padding_tablet=\u00a0\u00bbinherit\u00a0\u00bb column_padding_phone=\u00a0\u00bbinherit\u00a0\u00bb column_padding_position=\u00a0\u00bball\u00a0\u00bb background_color_opacity=\u00a0\u00bb1&Prime; background_hover_color_opacity=\u00a0\u00bb1&Prime; column_shadow=\u00a0\u00bbnone\u00a0\u00bb column_border_radius=\u00a0\u00bbnone\u00a0\u00bb column_link_target=\u00a0\u00bb_self\u00a0\u00bb gradient_direction=\u00a0\u00bbleft_to_right\u00a0\u00bb overlay_strength=\u00a0\u00bb0.3&Prime; width=\u00a0\u00bb1\/2&Prime; tablet_width_inherit=\u00a0\u00bbdefault\u00a0\u00bb tablet_text_alignment=\u00a0\u00bbdefault\u00a0\u00bb phone_text_alignment=\u00a0\u00bbdefault\u00a0\u00bb column_border_width=\u00a0\u00bbnone\u00a0\u00bb column_border_style=\u00a0\u00bbsolid\u00a0\u00bb bg_image_animation=\u00a0\u00bbnone\u00a0\u00bb][split_line_heading animation_type=\u00a0\u00bbdefault\u00a0\u00bb]\n<h3>Une soir\u00e9e d&rsquo;animations pour f\u00eater les 75 ans de Larcher<\/h3>\n<p>Le temps d&rsquo;une soir\u00e9e, les \u00e9quipes de <strong><a href=\"https:\/\/www.larcher.fr\/\" target=\"_blank\" rel=\"noopener\">Larcher<\/a> <\/strong>ont pu r\u00e9unir leurs collaborateurs, partenaires et clients pour f\u00eater leur 75\u00e8me anniversaire. Au programme de la fin de la journ\u00e9e, interventions, animations <strong><a href=\"https:\/\/exaequo-communication.fr\/index.php\/portfolio\/fresque-creative\/\" target=\"_blank\" rel=\"noopener\">Fresque Cr\u00e9ative<\/a><\/strong>, magie ou encore musicales et cocktail dinatoire.[\/split_line_heading][\/vc_column][\/vc_row][vc_row type=\u00a0\u00bbin_container\u00a0\u00bb full_screen_row_position=\u00a0\u00bbmiddle\u00a0\u00bb column_margin=\u00a0\u00bbdefault\u00a0\u00bb column_direction=\u00a0\u00bbdefault\u00a0\u00bb column_direction_tablet=\u00a0\u00bbdefault\u00a0\u00bb column_direction_phone=\u00a0\u00bbdefault\u00a0\u00bb scene_position=\u00a0\u00bbcenter\u00a0\u00bb text_color=\u00a0\u00bbdark\u00a0\u00bb text_align=\u00a0\u00bbleft\u00a0\u00bb row_border_radius=\u00a0\u00bbnone\u00a0\u00bb row_border_radius_applies=\u00a0\u00bbbg\u00a0\u00bb overlay_strength=\u00a0\u00bb0.3&Prime; gradient_direction=\u00a0\u00bbleft_to_right\u00a0\u00bb shape_divider_position=\u00a0\u00bbbottom\u00a0\u00bb bg_image_animation=\u00a0\u00bbnone\u00a0\u00bb][vc_column column_padding=\u00a0\u00bbno-extra-padding\u00a0\u00bb column_padding_tablet=\u00a0\u00bbinherit\u00a0\u00bb column_padding_phone=\u00a0\u00bbinherit\u00a0\u00bb column_padding_position=\u00a0\u00bball\u00a0\u00bb background_color_opacity=\u00a0\u00bb1&Prime; background_hover_color_opacity=\u00a0\u00bb1&Prime; column_shadow=\u00a0\u00bbnone\u00a0\u00bb column_border_radius=\u00a0\u00bbnone\u00a0\u00bb column_link_target=\u00a0\u00bb_self\u00a0\u00bb gradient_direction=\u00a0\u00bbleft_to_right\u00a0\u00bb overlay_strength=\u00a0\u00bb0.3&Prime; width=\u00a0\u00bb1\/1&Prime; tablet_width_inherit=\u00a0\u00bbdefault\u00a0\u00bb tablet_text_alignment=\u00a0\u00bbdefault\u00a0\u00bb phone_text_alignment=\u00a0\u00bbdefault\u00a0\u00bb column_border_width=\u00a0\u00bbnone\u00a0\u00bb column_border_style=\u00a0\u00bbsolid\u00a0\u00bb bg_image_animation=\u00a0\u00bbnone\u00a0\u00bb][vc_column_text]Afin de proposer une animation festive et ludique \u00e0 ses collaborateurs, l&rsquo;entreprise <strong><a href=\"https:\/\/www.larcher.fr\/\" target=\"_blank\" rel=\"noopener\">Larcher<\/a><\/strong> a fait appel \u00e0 l&rsquo;\u00e9quipe Exaequo pour c\u00e9l\u00e9brer ses 75 ans d&rsquo;existence. <strong>Au programme : une activit\u00e9 Fresque Cr\u00e9ative et une soir\u00e9e anim\u00e9e.<\/strong><\/p>\n<h3>LE BRIEF :<\/h3>\n<div class=\"col span_12 dark left\">\n<div class=\"vc_col-sm-12 wpb_column column_container vc_column_container col no-extra-padding instance-2\" data-t-w-inherits=\"default\" data-border-radius=\"none\" data-shadow=\"none\" data-border-animation=\"\" data-border-animation-delay=\"\" data-border-width=\"none\" data-border-style=\"solid\" data-border-color=\"\" data-bg-cover=\"\" data-padding-pos=\"all\" data-has-bg-color=\"false\" data-bg-color=\"\" data-bg-opacity=\"1\" data-hover-bg=\"\" data-hover-bg-opacity=\"1\" data-animation=\"\" data-delay=\"0\">\n<div class=\"vc_column-inner\">\n<div class=\"wpb_wrapper\">\n<div class=\"wpb_text_column wpb_content_element \">\n<div class=\"wpb_wrapper\">\n<ul>\n<li>C\u00e9l\u00e9brer l&rsquo;anniversaire de l&rsquo;entreprise et mobiliser autour de ses valeurs et des enjeux de demain.<\/li>\n<li>Pr\u00e9senter la nouvelle gouvernance et organisation de l&rsquo;entreprise.<\/li>\n<li>Concevoir une soir\u00e9e m\u00e9morable permettant de c\u00e9l\u00e9brer les 75 ans de l&rsquo;entreprise.<\/li>\n<\/ul>\n<h3>LA R\u00c9PONSE D\u2019EXAEQUO :<\/h3>\n<p>Une soir\u00e9e en 3 temps qui s&rsquo;est d\u00e9roul\u00e9e au <strong><a href=\"https:\/\/www.moho.co\/fr\/\" target=\"_blank\" rel=\"noopener\">MoHo<\/a><\/strong>. Apr\u00e8s un accueil dans la salle de conf\u00e9rence pour une communication privil\u00e9gi\u00e9e aupr\u00e8s des collaborateurs de l&rsquo;entreprise, ils ont pu assister \u00e0 un court briefing sur l&rsquo;animation \u00e0 venir.<\/p>\n<p>Les participants ont ensuite rejoint le terrain multisports pour participer \u00e0 une animation <strong><a href=\"https:\/\/exaequo-communication.fr\/index.php\/portfolio\/fresque-creative\/\" target=\"_blank\" rel=\"noopener\">Fresque Cr\u00e9ative<\/a><\/strong> <strong>afin de se rencontrer et d&rsquo;\u00e9changer<\/strong>. Cette activit\u00e9 ludique consistait \u00e0<strong> construire une fresque sous la forme d&rsquo;un puzzle g\u00e9ant<\/strong>. Apr\u00e8s avoir retrouv\u00e9 leur \u00e9quipe en r\u00e9solvant une \u00e9nigme, les salari\u00e9s devaient compl\u00e9ter deux jeux de r\u00e9flexion en lien avec l\u2019entreprise afin de trouver un code de cadenas. Ce code leur permettait d\u2019ouvrir un coffre dans lequel ils retrouvaient les pi\u00e8ces du puzzle manquantes de leur table. L\u2019objectif final de l\u2019animation \u00e9tait de regrouper les puzzles des diff\u00e9rentes \u00e9quipes afin de reconstituer la fresque finale.<\/p>\n<p>Suite \u00e0 cette activit\u00e9, les salari\u00e9s ont retrouv\u00e9 les autres invit\u00e9s dans l&rsquo;espace de conf\u00e9rence afin d&rsquo;assister \u00e0 une prise de parole.<\/p>\n<p>Afin de cl\u00f4turer cette soir\u00e9e d&rsquo;anniversaire comme il se doit, <strong>tous les invit\u00e9s se sont retrouv\u00e9s dans l&rsquo;atrium du MoHo pour un cocktail dinatoire<\/strong>. Au programme de cette soir\u00e9e, des animations en \u00ab\u00a0close-up\u00a0\u00bb, proche des invit\u00e9s. La magie, la photographie et la musique se sont donc invit\u00e9es \u00e0 ce cocktail pour animer la fin de soir\u00e9e puisqu&rsquo;un magicien mentaliste, un groupe de musique acoustique et une borne photo \u00e9taient pr\u00e9sents.<\/p>\n<h3>LE BILAN :<\/h3>\n<p><strong>Un m\u00e9lange de rencontres, de souvenirs et de partage<\/strong> qui ont r\u00e9ellement permis aux participants de se r\u00e9unir autour d&rsquo;une soir\u00e9e tous ensemble pour f\u00eater au mieux les 75 ans d&rsquo;existence de leur entreprise.<\/p>\n<p>&nbsp;<\/p>\n<\/div>\n<\/div>\n<\/div>\n<\/div>\n<\/div>\n<\/div>\n<p>Int\u00e9ress\u00e9 par ces animations ? N&rsquo;h\u00e9sitez pas \u00e0 nous contacter en <strong><a href=\"https:\/\/exaequo-communication.fr\/index.php\/contact\/\" target=\"_blank\" rel=\"noopener\">cliquant ici<\/a><\/strong>.<\/p>\n<p>Pour en savoir plus sur Larcher, <strong><a href=\"https:\/\/www.larcher.fr\/\" target=\"_blank\" rel=\"noopener noreferrer\">cliquez ici<\/a><\/strong>.[\/vc_column_text][\/vc_column][\/vc_row]\n","protected":false},"excerpt":{"rendered":"<p>Le temps d&rsquo;une soir\u00e9e, les \u00e9quipes de <strong><a href=\"https:\/\/www.larcher.fr\/\" target=\"_blank\" rel=\"noopener\">Larcher<\/a> <\/strong>ont pu r\u00e9unir leurs collaborateurs pour f\u00eater leur 75\u00e8me anniversaire.<\/p>\n","protected":false},"author":9,"featured_media":13960,"comment_status":"closed","ping_status":"closed","sticky":false,"template":"","format":"standard","meta":{"footnotes":""},"categories":[1,176,178],"tags":[],"class_list":{"0":"post-13958","1":"post","2":"type-post","3":"status-publish","4":"format-standard","5":"has-post-thumbnail","7":"category-actualites","8":"category-corporate","9":"category-team-building"},"yoast_head":"<!-- This site is optimized with the Yoast SEO plugin v27.0 - https:\/\/yoast.com\/product\/yoast-seo-wordpress\/ -->\n<title>Retour sur les 75 ans de Larcher - Exaequo Communication<\/title>\n<meta name=\"description\" content=\"Le temps d&#039;une soir\u00e9e, les \u00e9quipes de Larcher ont pu r\u00e9unir leurs collaborateurs pour f\u00eater leur 75\u00e8me anniversaire.\" \/>\n<meta name=\"robots\" content=\"index, follow, max-snippet:-1, max-image-preview:large, max-video-preview:-1\" \/>\n<link rel=\"canonical\" href=\"https:\/\/exaequo-communication.fr\/index.php\/2022\/11\/24\/75-ans-larcher\/\" \/>\n<meta property=\"og:locale\" content=\"fr_FR\" \/>\n<meta property=\"og:type\" content=\"article\" \/>\n<meta property=\"og:title\" content=\"Retour sur les 75 ans de Larcher\" \/>\n<meta property=\"og:description\" content=\"Le temps d&#039;une soir\u00e9e, les \u00e9quipes de Larcher ont pu r\u00e9unir leurs collaborateurs pour f\u00eater leur 75\u00e8me anniversaire.\" \/>\n<meta property=\"og:url\" content=\"https:\/\/exaequo-communication.fr\/index.php\/2022\/11\/24\/75-ans-larcher\/\" \/>\n<meta property=\"og:site_name\" content=\"Exaequo communication\" \/>\n<meta property=\"article:published_time\" content=\"2022-11-24T10:31:07+00:00\" \/>\n<meta property=\"og:image\" content=\"https:\/\/exaequo-communication.fr\/wp-content\/uploads\/2022\/11\/IMG-20221123-WA0007.jpg\" \/>\n\t<meta property=\"og:image:width\" content=\"1365\" \/>\n\t<meta property=\"og:image:height\" content=\"1024\" \/>\n\t<meta property=\"og:image:type\" content=\"image\/jpeg\" \/>\n<meta name=\"author\" content=\"Louise\" \/>\n<meta name=\"twitter:card\" content=\"summary_large_image\" \/>\n<meta name=\"twitter:title\" content=\"Retour sur les 75 ans de Larcher\" \/>\n<meta name=\"twitter:description\" content=\"Le temps d&#039;une soir\u00e9e, les \u00e9quipes de Larcher ont pu r\u00e9unir leurs collaborateurs pour f\u00eater leur 75\u00e8me anniversaire.\" \/>\n<meta name=\"twitter:image\" content=\"https:\/\/exaequo-communication.fr\/wp-content\/uploads\/2022\/11\/IMG-20221123-WA0007.jpg\" \/>\n<meta name=\"twitter:label1\" content=\"\u00c9crit par\" \/>\n\t<meta name=\"twitter:data1\" content=\"Louise\" \/>\n\t<meta name=\"twitter:label2\" content=\"Dur\u00e9e de lecture estim\u00e9e\" \/>\n\t<meta name=\"twitter:data2\" content=\"3 minutes\" \/>\n<script type=\"application\/ld+json\" class=\"yoast-schema-graph\">{\"@context\":\"https:\/\/schema.org\",\"@graph\":[{\"@type\":\"Article\",\"@id\":\"https:\/\/exaequo-communication.fr\/index.php\/2022\/11\/24\/75-ans-larcher\/#article\",\"isPartOf\":{\"@id\":\"https:\/\/exaequo-communication.fr\/index.php\/2022\/11\/24\/75-ans-larcher\/\"},\"author\":{\"name\":\"Louise\",\"@id\":\"https:\/\/exaequo-communication.fr\/#\/schema\/person\/0ff3d297bda23ca1cd161c11c3217513\"},\"headline\":\"Retour sur les 75 ans de Larcher\",\"datePublished\":\"2022-11-24T10:31:07+00:00\",\"mainEntityOfPage\":{\"@id\":\"https:\/\/exaequo-communication.fr\/index.php\/2022\/11\/24\/75-ans-larcher\/\"},\"wordCount\":843,\"image\":{\"@id\":\"https:\/\/exaequo-communication.fr\/index.php\/2022\/11\/24\/75-ans-larcher\/#primaryimage\"},\"thumbnailUrl\":\"https:\/\/exaequo-communication.fr\/wp-content\/uploads\/2022\/11\/IMG-20221123-WA0014.jpg\",\"articleSection\":[\"Actualit\u00e9s\",\"Corporate\",\"Team Building\"],\"inLanguage\":\"fr-FR\"},{\"@type\":\"WebPage\",\"@id\":\"https:\/\/exaequo-communication.fr\/index.php\/2022\/11\/24\/75-ans-larcher\/\",\"url\":\"https:\/\/exaequo-communication.fr\/index.php\/2022\/11\/24\/75-ans-larcher\/\",\"name\":\"Retour sur les 75 ans de Larcher - Exaequo Communication\",\"isPartOf\":{\"@id\":\"https:\/\/exaequo-communication.fr\/#website\"},\"primaryImageOfPage\":{\"@id\":\"https:\/\/exaequo-communication.fr\/index.php\/2022\/11\/24\/75-ans-larcher\/#primaryimage\"},\"image\":{\"@id\":\"https:\/\/exaequo-communication.fr\/index.php\/2022\/11\/24\/75-ans-larcher\/#primaryimage\"},\"thumbnailUrl\":\"https:\/\/exaequo-communication.fr\/wp-content\/uploads\/2022\/11\/IMG-20221123-WA0014.jpg\",\"datePublished\":\"2022-11-24T10:31:07+00:00\",\"author\":{\"@id\":\"https:\/\/exaequo-communication.fr\/#\/schema\/person\/0ff3d297bda23ca1cd161c11c3217513\"},\"description\":\"Le temps d'une soir\u00e9e, les \u00e9quipes de Larcher ont pu r\u00e9unir leurs collaborateurs pour f\u00eater leur 75\u00e8me anniversaire.\",\"breadcrumb\":{\"@id\":\"https:\/\/exaequo-communication.fr\/index.php\/2022\/11\/24\/75-ans-larcher\/#breadcrumb\"},\"inLanguage\":\"fr-FR\",\"potentialAction\":[{\"@type\":\"ReadAction\",\"target\":[\"https:\/\/exaequo-communication.fr\/index.php\/2022\/11\/24\/75-ans-larcher\/\"]}]},{\"@type\":\"ImageObject\",\"inLanguage\":\"fr-FR\",\"@id\":\"https:\/\/exaequo-communication.fr\/index.php\/2022\/11\/24\/75-ans-larcher\/#primaryimage\",\"url\":\"https:\/\/exaequo-communication.fr\/wp-content\/uploads\/2022\/11\/IMG-20221123-WA0014.jpg\",\"contentUrl\":\"https:\/\/exaequo-communication.fr\/wp-content\/uploads\/2022\/11\/IMG-20221123-WA0014.jpg\",\"width\":1024,\"height\":768,\"caption\":\"Larcher 75 ans anniversaire \u00e9v\u00e9nement entreprise soci\u00e9t\u00e9 Exaequo soir\u00e9e\"},{\"@type\":\"BreadcrumbList\",\"@id\":\"https:\/\/exaequo-communication.fr\/index.php\/2022\/11\/24\/75-ans-larcher\/#breadcrumb\",\"itemListElement\":[{\"@type\":\"ListItem\",\"position\":1,\"name\":\"Accueil\",\"item\":\"https:\/\/exaequo-communication.fr\/\"},{\"@type\":\"ListItem\",\"position\":2,\"name\":\"Retour sur les 75 ans de Larcher\"}]},{\"@type\":\"WebSite\",\"@id\":\"https:\/\/exaequo-communication.fr\/#website\",\"url\":\"https:\/\/exaequo-communication.fr\/\",\"name\":\"Exaequo communication\",\"description\":\"\",\"potentialAction\":[{\"@type\":\"SearchAction\",\"target\":{\"@type\":\"EntryPoint\",\"urlTemplate\":\"https:\/\/exaequo-communication.fr\/?s={search_term_string}\"},\"query-input\":{\"@type\":\"PropertyValueSpecification\",\"valueRequired\":true,\"valueName\":\"search_term_string\"}}],\"inLanguage\":\"fr-FR\"},{\"@type\":\"Person\",\"@id\":\"https:\/\/exaequo-communication.fr\/#\/schema\/person\/0ff3d297bda23ca1cd161c11c3217513\",\"name\":\"Louise\",\"image\":{\"@type\":\"ImageObject\",\"inLanguage\":\"fr-FR\",\"@id\":\"https:\/\/exaequo-communication.fr\/#\/schema\/person\/image\/\",\"url\":\"https:\/\/secure.gravatar.com\/avatar\/c5e8367f32ffeff4cdf4e055d9e95263b7d031a01e929b3116e2b0d996065f4c?s=96&d=mm&r=g\",\"contentUrl\":\"https:\/\/secure.gravatar.com\/avatar\/c5e8367f32ffeff4cdf4e055d9e95263b7d031a01e929b3116e2b0d996065f4c?s=96&d=mm&r=g\",\"caption\":\"Louise\"},\"url\":\"https:\/\/exaequo-communication.fr\/index.php\/author\/louise\/\"}]}<\/script>\n<!-- \/ Yoast SEO plugin. -->","yoast_head_json":{"title":"Retour sur les 75 ans de Larcher - Exaequo Communication","description":"Le temps d'une soir\u00e9e, les \u00e9quipes de Larcher ont pu r\u00e9unir leurs collaborateurs pour f\u00eater leur 75\u00e8me anniversaire.","robots":{"index":"index","follow":"follow","max-snippet":"max-snippet:-1","max-image-preview":"max-image-preview:large","max-video-preview":"max-video-preview:-1"},"canonical":"https:\/\/exaequo-communication.fr\/index.php\/2022\/11\/24\/75-ans-larcher\/","og_locale":"fr_FR","og_type":"article","og_title":"Retour sur les 75 ans de Larcher","og_description":"Le temps d'une soir\u00e9e, les \u00e9quipes de Larcher ont pu r\u00e9unir leurs collaborateurs pour f\u00eater leur 75\u00e8me anniversaire.","og_url":"https:\/\/exaequo-communication.fr\/index.php\/2022\/11\/24\/75-ans-larcher\/","og_site_name":"Exaequo communication","article_published_time":"2022-11-24T10:31:07+00:00","og_image":[{"width":1365,"height":1024,"url":"https:\/\/exaequo-communication.fr\/wp-content\/uploads\/2022\/11\/IMG-20221123-WA0007.jpg","type":"image\/jpeg"}],"author":"Louise","twitter_card":"summary_large_image","twitter_title":"Retour sur les 75 ans de Larcher","twitter_description":"Le temps d'une soir\u00e9e, les \u00e9quipes de Larcher ont pu r\u00e9unir leurs collaborateurs pour f\u00eater leur 75\u00e8me anniversaire.","twitter_image":"https:\/\/exaequo-communication.fr\/wp-content\/uploads\/2022\/11\/IMG-20221123-WA0007.jpg","twitter_misc":{"\u00c9crit par":"Louise","Dur\u00e9e de lecture estim\u00e9e":"3 minutes"},"schema":{"@context":"https:\/\/schema.org","@graph":[{"@type":"Article","@id":"https:\/\/exaequo-communication.fr\/index.php\/2022\/11\/24\/75-ans-larcher\/#article","isPartOf":{"@id":"https:\/\/exaequo-communication.fr\/index.php\/2022\/11\/24\/75-ans-larcher\/"},"author":{"name":"Louise","@id":"https:\/\/exaequo-communication.fr\/#\/schema\/person\/0ff3d297bda23ca1cd161c11c3217513"},"headline":"Retour sur les 75 ans de Larcher","datePublished":"2022-11-24T10:31:07+00:00","mainEntityOfPage":{"@id":"https:\/\/exaequo-communication.fr\/index.php\/2022\/11\/24\/75-ans-larcher\/"},"wordCount":843,"image":{"@id":"https:\/\/exaequo-communication.fr\/index.php\/2022\/11\/24\/75-ans-larcher\/#primaryimage"},"thumbnailUrl":"https:\/\/exaequo-communication.fr\/wp-content\/uploads\/2022\/11\/IMG-20221123-WA0014.jpg","articleSection":["Actualit\u00e9s","Corporate","Team Building"],"inLanguage":"fr-FR"},{"@type":"WebPage","@id":"https:\/\/exaequo-communication.fr\/index.php\/2022\/11\/24\/75-ans-larcher\/","url":"https:\/\/exaequo-communication.fr\/index.php\/2022\/11\/24\/75-ans-larcher\/","name":"Retour sur les 75 ans de Larcher - Exaequo Communication","isPartOf":{"@id":"https:\/\/exaequo-communication.fr\/#website"},"primaryImageOfPage":{"@id":"https:\/\/exaequo-communication.fr\/index.php\/2022\/11\/24\/75-ans-larcher\/#primaryimage"},"image":{"@id":"https:\/\/exaequo-communication.fr\/index.php\/2022\/11\/24\/75-ans-larcher\/#primaryimage"},"thumbnailUrl":"https:\/\/exaequo-communication.fr\/wp-content\/uploads\/2022\/11\/IMG-20221123-WA0014.jpg","datePublished":"2022-11-24T10:31:07+00:00","author":{"@id":"https:\/\/exaequo-communication.fr\/#\/schema\/person\/0ff3d297bda23ca1cd161c11c3217513"},"description":"Le temps d'une soir\u00e9e, les \u00e9quipes de Larcher ont pu r\u00e9unir leurs collaborateurs pour f\u00eater leur 75\u00e8me anniversaire.","breadcrumb":{"@id":"https:\/\/exaequo-communication.fr\/index.php\/2022\/11\/24\/75-ans-larcher\/#breadcrumb"},"inLanguage":"fr-FR","potentialAction":[{"@type":"ReadAction","target":["https:\/\/exaequo-communication.fr\/index.php\/2022\/11\/24\/75-ans-larcher\/"]}]},{"@type":"ImageObject","inLanguage":"fr-FR","@id":"https:\/\/exaequo-communication.fr\/index.php\/2022\/11\/24\/75-ans-larcher\/#primaryimage","url":"https:\/\/exaequo-communication.fr\/wp-content\/uploads\/2022\/11\/IMG-20221123-WA0014.jpg","contentUrl":"https:\/\/exaequo-communication.fr\/wp-content\/uploads\/2022\/11\/IMG-20221123-WA0014.jpg","width":1024,"height":768,"caption":"Larcher 75 ans anniversaire \u00e9v\u00e9nement entreprise soci\u00e9t\u00e9 Exaequo soir\u00e9e"},{"@type":"BreadcrumbList","@id":"https:\/\/exaequo-communication.fr\/index.php\/2022\/11\/24\/75-ans-larcher\/#breadcrumb","itemListElement":[{"@type":"ListItem","position":1,"name":"Accueil","item":"https:\/\/exaequo-communication.fr\/"},{"@type":"ListItem","position":2,"name":"Retour sur les 75 ans de Larcher"}]},{"@type":"WebSite","@id":"https:\/\/exaequo-communication.fr\/#website","url":"https:\/\/exaequo-communication.fr\/","name":"Exaequo communication","description":"","potentialAction":[{"@type":"SearchAction","target":{"@type":"EntryPoint","urlTemplate":"https:\/\/exaequo-communication.fr\/?s={search_term_string}"},"query-input":{"@type":"PropertyValueSpecification","valueRequired":true,"valueName":"search_term_string"}}],"inLanguage":"fr-FR"},{"@type":"Person","@id":"https:\/\/exaequo-communication.fr\/#\/schema\/person\/0ff3d297bda23ca1cd161c11c3217513","name":"Louise","image":{"@type":"ImageObject","inLanguage":"fr-FR","@id":"https:\/\/exaequo-communication.fr\/#\/schema\/person\/image\/","url":"https:\/\/secure.gravatar.com\/avatar\/c5e8367f32ffeff4cdf4e055d9e95263b7d031a01e929b3116e2b0d996065f4c?s=96&d=mm&r=g","contentUrl":"https:\/\/secure.gravatar.com\/avatar\/c5e8367f32ffeff4cdf4e055d9e95263b7d031a01e929b3116e2b0d996065f4c?s=96&d=mm&r=g","caption":"Louise"},"url":"https:\/\/exaequo-communication.fr\/index.php\/author\/louise\/"}]}},"_links":{"self":[{"href":"https:\/\/exaequo-communication.fr\/index.php\/wp-json\/wp\/v2\/posts\/13958","targetHints":{"allow":["GET"]}}],"collection":[{"href":"https:\/\/exaequo-communication.fr\/index.php\/wp-json\/wp\/v2\/posts"}],"about":[{"href":"https:\/\/exaequo-communication.fr\/index.php\/wp-json\/wp\/v2\/types\/post"}],"author":[{"embeddable":true,"href":"https:\/\/exaequo-communication.fr\/index.php\/wp-json\/wp\/v2\/users\/9"}],"replies":[{"embeddable":true,"href":"https:\/\/exaequo-communication.fr\/index.php\/wp-json\/wp\/v2\/comments?post=13958"}],"version-history":[{"count":0,"href":"https:\/\/exaequo-communication.fr\/index.php\/wp-json\/wp\/v2\/posts\/13958\/revisions"}],"wp:featuredmedia":[{"embeddable":true,"href":"https:\/\/exaequo-communication.fr\/index.php\/wp-json\/wp\/v2\/media\/13960"}],"wp:attachment":[{"href":"https:\/\/exaequo-communication.fr\/index.php\/wp-json\/wp\/v2\/media?parent=13958"}],"wp:term":[{"taxonomy":"category","embeddable":true,"href":"https:\/\/exaequo-communication.fr\/index.php\/wp-json\/wp\/v2\/categories?post=13958"},{"taxonomy":"post_tag","embeddable":true,"href":"https:\/\/exaequo-communication.fr\/index.php\/wp-json\/wp\/v2\/tags?post=13958"}],"curies":[{"name":"wp","href":"https:\/\/api.w.org\/{rel}","templated":true}]}}