{"id":13943,"date":"2022-11-17T10:03:02","date_gmt":"2022-11-17T09:03:02","guid":{"rendered":"https:\/\/exaequo-communication.fr\/?p=13943"},"modified":"2022-11-17T10:59:34","modified_gmt":"2022-11-17T09:59:34","slug":"le-havre-express-normandie-amenagement","status":"publish","type":"post","link":"https:\/\/exaequo-communication.fr\/index.php\/2022\/11\/17\/le-havre-express-normandie-amenagement\/","title":{"rendered":"Le Havre Express pour Normandie Am\u00e9nagement"},"content":{"rendered":"[vc_row type=\u00a0\u00bbin_container\u00a0\u00bb full_screen_row_position=\u00a0\u00bbmiddle\u00a0\u00bb column_margin=\u00a0\u00bbdefault\u00a0\u00bb column_direction=\u00a0\u00bbdefault\u00a0\u00bb column_direction_tablet=\u00a0\u00bbdefault\u00a0\u00bb column_direction_phone=\u00a0\u00bbdefault\u00a0\u00bb scene_position=\u00a0\u00bbcenter\u00a0\u00bb top_padding=\u00a0\u00bb10&Prime; text_color=\u00a0\u00bbdark\u00a0\u00bb text_align=\u00a0\u00bbleft\u00a0\u00bb row_border_radius=\u00a0\u00bbnone\u00a0\u00bb row_border_radius_applies=\u00a0\u00bbbg\u00a0\u00bb overlay_strength=\u00a0\u00bb0.3&Prime; gradient_direction=\u00a0\u00bbleft_to_right\u00a0\u00bb shape_divider_position=\u00a0\u00bbbottom\u00a0\u00bb bg_image_animation=\u00a0\u00bbnone\u00a0\u00bb shape_type=\u00a0\u00bb\u00a0\u00bb][vc_column column_padding=\u00a0\u00bbno-extra-padding\u00a0\u00bb column_padding_tablet=\u00a0\u00bbinherit\u00a0\u00bb column_padding_phone=\u00a0\u00bbinherit\u00a0\u00bb column_padding_position=\u00a0\u00bball\u00a0\u00bb background_color_opacity=\u00a0\u00bb1&Prime; background_hover_color_opacity=\u00a0\u00bb1&Prime; column_shadow=\u00a0\u00bbnone\u00a0\u00bb column_border_radius=\u00a0\u00bbnone\u00a0\u00bb column_link_target=\u00a0\u00bb_self\u00a0\u00bb gradient_direction=\u00a0\u00bbleft_to_right\u00a0\u00bb overlay_strength=\u00a0\u00bb0.3&Prime; width=\u00a0\u00bb1\/2&Prime; tablet_width_inherit=\u00a0\u00bbdefault\u00a0\u00bb tablet_text_alignment=\u00a0\u00bbdefault\u00a0\u00bb phone_text_alignment=\u00a0\u00bbdefault\u00a0\u00bb column_border_width=\u00a0\u00bbnone\u00a0\u00bb column_border_style=\u00a0\u00bbsolid\u00a0\u00bb bg_image_animation=\u00a0\u00bbnone\u00a0\u00bb][vc_gallery type=\u00a0\u00bbflexslider_style\u00a0\u00bb images=\u00a0\u00bb13951,13946,13950,13947,13952,13953,13948,13949&Prime; onclick=\u00a0\u00bblink_no\u00a0\u00bb hover_anim=\u00a0\u00bbfade-out\u00a0\u00bb][\/vc_column][vc_column column_padding=\u00a0\u00bbno-extra-padding\u00a0\u00bb column_padding_tablet=\u00a0\u00bbinherit\u00a0\u00bb column_padding_phone=\u00a0\u00bbinherit\u00a0\u00bb column_padding_position=\u00a0\u00bball\u00a0\u00bb background_color_opacity=\u00a0\u00bb1&Prime; background_hover_color_opacity=\u00a0\u00bb1&Prime; column_shadow=\u00a0\u00bbnone\u00a0\u00bb column_border_radius=\u00a0\u00bbnone\u00a0\u00bb column_link_target=\u00a0\u00bb_self\u00a0\u00bb gradient_direction=\u00a0\u00bbleft_to_right\u00a0\u00bb overlay_strength=\u00a0\u00bb0.3&Prime; width=\u00a0\u00bb1\/2&Prime; tablet_width_inherit=\u00a0\u00bbdefault\u00a0\u00bb tablet_text_alignment=\u00a0\u00bbdefault\u00a0\u00bb phone_text_alignment=\u00a0\u00bbdefault\u00a0\u00bb column_border_width=\u00a0\u00bbnone\u00a0\u00bb column_border_style=\u00a0\u00bbsolid\u00a0\u00bb bg_image_animation=\u00a0\u00bbnone\u00a0\u00bb][split_line_heading animation_type=\u00a0\u00bbdefault\u00a0\u00bb]\n<h3>Le Havre Express pour Normandie Am\u00e9nagement<\/h3>\n<p>Jeudi dernier, 45 collaborateurs de la soci\u00e9t\u00e9 <strong><a href=\"https:\/\/www.normandie-amenagement.com\/\" target=\"_blank\" rel=\"noopener\">Normandie Am\u00e9nagement<\/a><\/strong> avaient rendez-vous dans la <strong><a href=\"https:\/\/www.lehavre.fr\/\" target=\"_blank\" rel=\"noopener\">ville du Havre<\/a><\/strong> pour participer \u00e0 une journ\u00e9e ludique.[\/split_line_heading][\/vc_column][\/vc_row][vc_row type=\u00a0\u00bbin_container\u00a0\u00bb full_screen_row_position=\u00a0\u00bbmiddle\u00a0\u00bb column_margin=\u00a0\u00bbdefault\u00a0\u00bb column_direction=\u00a0\u00bbdefault\u00a0\u00bb column_direction_tablet=\u00a0\u00bbdefault\u00a0\u00bb column_direction_phone=\u00a0\u00bbdefault\u00a0\u00bb scene_position=\u00a0\u00bbcenter\u00a0\u00bb text_color=\u00a0\u00bbdark\u00a0\u00bb text_align=\u00a0\u00bbleft\u00a0\u00bb row_border_radius=\u00a0\u00bbnone\u00a0\u00bb row_border_radius_applies=\u00a0\u00bbbg\u00a0\u00bb overlay_strength=\u00a0\u00bb0.3&Prime; gradient_direction=\u00a0\u00bbleft_to_right\u00a0\u00bb shape_divider_position=\u00a0\u00bbbottom\u00a0\u00bb bg_image_animation=\u00a0\u00bbnone\u00a0\u00bb][vc_column column_padding=\u00a0\u00bbno-extra-padding\u00a0\u00bb column_padding_tablet=\u00a0\u00bbinherit\u00a0\u00bb column_padding_phone=\u00a0\u00bbinherit\u00a0\u00bb column_padding_position=\u00a0\u00bball\u00a0\u00bb background_color_opacity=\u00a0\u00bb1&Prime; background_hover_color_opacity=\u00a0\u00bb1&Prime; column_shadow=\u00a0\u00bbnone\u00a0\u00bb column_border_radius=\u00a0\u00bbnone\u00a0\u00bb column_link_target=\u00a0\u00bb_self\u00a0\u00bb gradient_direction=\u00a0\u00bbleft_to_right\u00a0\u00bb overlay_strength=\u00a0\u00bb0.3&Prime; width=\u00a0\u00bb1\/1&Prime; tablet_width_inherit=\u00a0\u00bbdefault\u00a0\u00bb tablet_text_alignment=\u00a0\u00bbdefault\u00a0\u00bb phone_text_alignment=\u00a0\u00bbdefault\u00a0\u00bb column_border_width=\u00a0\u00bbnone\u00a0\u00bb column_border_style=\u00a0\u00bbsolid\u00a0\u00bb bg_image_animation=\u00a0\u00bbnone\u00a0\u00bb][vc_column_text]Afin de r\u00e9unir ses collaborateurs, l&rsquo;entreprise <strong><a href=\"https:\/\/www.normandie-amenagement.com\/\" target=\"_blank\" rel=\"noopener\">Normandie Am\u00e9nagement<\/a><\/strong><strong>\u00a0<\/strong>a fait appel \u00e0 l\u2019\u00e9quipe Exaequo pour organiser un team-building sur mesure. C&rsquo;est ainsi que 45 collaborateurs ont pu prendre la direction du Havre pour participer au \u00ab\u00a0Le Havre Express\u00a0\u00bb.<\/p>\n<div class=\"col span_12 dark left\">\n<div class=\"vc_col-sm-12 wpb_column column_container vc_column_container col no-extra-padding instance-2\" data-t-w-inherits=\"default\" data-border-radius=\"none\" data-shadow=\"none\" data-border-animation=\"\" data-border-animation-delay=\"\" data-border-width=\"none\" data-border-style=\"solid\" data-border-color=\"\" data-bg-cover=\"\" data-padding-pos=\"all\" data-has-bg-color=\"false\" data-bg-color=\"\" data-bg-opacity=\"1\" data-hover-bg=\"\" data-hover-bg-opacity=\"1\" data-animation=\"\" data-delay=\"0\">\n<div class=\"vc_column-inner\">\n<div class=\"wpb_wrapper\">\n<div class=\"wpb_text_column wpb_content_element \">\n<div class=\"wpb_wrapper\">\n<h3>LE BRIEF :<\/h3>\n<ul>\n<li>Proposer une journ\u00e9e ludique sur Le Havre.<\/li>\n<li>Organiser des activit\u00e9s pour favoriser l\u2019\u00e9change.<\/li>\n<li>Permettre aux participants de d\u00e9couvrir la ville et ses particularit\u00e9s.<\/li>\n<\/ul>\n<h3>LA R\u00c9PONSE D\u2019EXAEQUO :<\/h3>\n<p>R\u00e9partis en \u00e9quipes, les collaborateurs se sont affront\u00e9s dans une course \u00e0 travers la <a href=\"https:\/\/www.lehavre.fr\/\" target=\"_blank\" rel=\"noopener\"><strong>ville du Havre<\/strong><\/a>, riche en histoire, culture et architecture.<\/p>\n<p>Apr\u00e8s un briefing g\u00e9n\u00e9ral et un jeu de lancement, les \u00e9quipes sont parties pour une chasse au tr\u00e9sor dans les rues de la ville. Guid\u00e9s par un roadbook personnalis\u00e9, les participants ont pu se diriger vers diff\u00e9rents points o\u00f9 se trouvaient des d\u00e9fis de r\u00e9flexion, de m\u00e9moire ou d&rsquo;observation. De quoi d\u00e9couvrir l&rsquo;histoire et le patrimoine du Havre de la meilleure des mani\u00e8res.<\/p>\n<p>L&rsquo;ensemble des collaborateurs se sont ensuite retrouv\u00e9s au restaurant <strong><a href=\"https:\/\/normandieresto.com\/restaurant\/restaurant-le-diapason-le-havre\/\" target=\"_blank\" rel=\"noopener\">Le Diapason<\/a><\/strong> pour partager un repas. Puis, ils ont pu profiter d&rsquo;une conf\u00e9rence donn\u00e9e par Thierry Lochard, urbaniste r\u00e9f\u00e9rent des mobilit\u00e9s et projets urbains \u00e0 <strong><a href=\"https:\/\/www.aurh.fr\/\" target=\"_blank\" rel=\"noopener\">AURH<\/a><\/strong>. L&rsquo;occasion d&rsquo;en apprendre davantage sur cette ville normande et son \u00e9volution \u00e0 travers le temps.<\/p>\n<p>Enfin, la journ\u00e9e s&rsquo;est termin\u00e9e par un pot au <strong><a href=\"https:\/\/www.hiltonhotels.com\/fr_FR\/france\/hilton-garden-inn-le-havre-centre\/\" target=\"_blank\" rel=\"noopener\">Hilton Garden Inn<\/a><\/strong> puis par une visite d&rsquo;un lieu embl\u00e9matique de la ville, le port du Havre et ses porte-conteneurs. Cette visite s&rsquo;est d\u00e9roul\u00e9e \u00e0 bord d&rsquo;un bateau en compagnie d&rsquo;un guide professionnel, le tout au couch\u00e9 du soleil. Un belle mani\u00e8re de cl\u00f4turer cette journ\u00e9e.<\/p>\n<h3>LE BILAN :<\/h3>\n<p>Une belle journ\u00e9e qui a permis aux \u00e9quipes de se rencontrer et de partager des moments ludiques et anim\u00e9s. Mais aussi d&rsquo;en savoir plus sur cette grande ville de Normandie et son histoire.<\/p>\n<p>&nbsp;<\/p>\n<\/div>\n<\/div>\n<\/div>\n<\/div>\n<\/div>\n<\/div>\n<p>D\u00e9couvrez en plus sur nos team-building<b>, <a href=\"https:\/\/exaequo-communication.fr\/index.php\/teambuilding-portfolio\/\" target=\"_blank\" rel=\"noopener\">cliquez ici.<\/a><\/b><\/p>\n<p>Pour en savoir plus sur la soci\u00e9t\u00e9 Normandie Am\u00e9nagement, <strong><a href=\"https:\/\/www.normandie-amenagement.com\/\" target=\"_blank\" rel=\"noopener noreferrer\">cliquez ici<\/a><\/strong>.[\/vc_column_text][\/vc_column][\/vc_row]\n","protected":false},"excerpt":{"rendered":"<p>Jeudi dernier, 45 collaborateurs de la soci\u00e9t\u00e9 <strong><a href=\"https:\/\/www.normandie-amenagement.com\/\" target=\"_blank\" rel=\"noopener\">Normandie Am\u00e9nagement<\/a><\/strong> avaient rendez-vous dans la <strong><a href=\"https:\/\/www.lehavre.fr\/\" target=\"_blank\" rel=\"noopener\">ville du Havre<\/a><\/strong> pour participer \u00e0 une journ\u00e9e ludique.<\/p>\n","protected":false},"author":9,"featured_media":13951,"comment_status":"closed","ping_status":"closed","sticky":false,"template":"","format":"standard","meta":{"footnotes":""},"categories":[1,178],"tags":[],"class_list":{"0":"post-13943","1":"post","2":"type-post","3":"status-publish","4":"format-standard","5":"has-post-thumbnail","7":"category-actualites","8":"category-team-building"},"yoast_head":"<!-- This site is optimized with the Yoast SEO plugin v27.0 - https:\/\/yoast.com\/product\/yoast-seo-wordpress\/ -->\n<title>Le Havre Express pour Normandie Am\u00e9nagement<\/title>\n<meta name=\"description\" content=\"Jeudi dernier, 45 collaborateurs de la soci\u00e9t\u00e9 Normandie Am\u00e9nagement avaient rendez-vous au Havre pour participer \u00e0 une journ\u00e9e ludique.\" \/>\n<meta name=\"robots\" content=\"index, follow, max-snippet:-1, max-image-preview:large, max-video-preview:-1\" \/>\n<link rel=\"canonical\" href=\"https:\/\/exaequo-communication.fr\/index.php\/2022\/11\/17\/le-havre-express-normandie-amenagement\/\" \/>\n<meta property=\"og:locale\" content=\"fr_FR\" \/>\n<meta property=\"og:type\" content=\"article\" \/>\n<meta property=\"og:title\" content=\"Le Havre Express pour Normandie Am\u00e9nagement\" \/>\n<meta property=\"og:description\" content=\"Jeudi dernier, 45 collaborateurs de la soci\u00e9t\u00e9 Normandie Am\u00e9nagement avaient rendez-vous au Havre pour participer \u00e0 une journ\u00e9e ludique.\" \/>\n<meta property=\"og:url\" content=\"https:\/\/exaequo-communication.fr\/index.php\/2022\/11\/17\/le-havre-express-normandie-amenagement\/\" \/>\n<meta property=\"og:site_name\" content=\"Exaequo communication\" \/>\n<meta property=\"article:published_time\" content=\"2022-11-17T09:03:02+00:00\" \/>\n<meta property=\"article:modified_time\" content=\"2022-11-17T09:59:34+00:00\" \/>\n<meta property=\"og:image\" content=\"https:\/\/exaequo-communication.fr\/wp-content\/uploads\/2022\/11\/EX-Normandie-Amenagement-Team-building-6.jpg\" \/>\n\t<meta property=\"og:image:width\" content=\"1365\" \/>\n\t<meta property=\"og:image:height\" content=\"1024\" \/>\n\t<meta property=\"og:image:type\" content=\"image\/jpeg\" \/>\n<meta name=\"author\" content=\"Louise\" \/>\n<meta name=\"twitter:card\" content=\"summary_large_image\" \/>\n<meta name=\"twitter:title\" content=\"Le Havre Express pour Normandie Am\u00e9nagement\" \/>\n<meta name=\"twitter:description\" content=\"Jeudi dernier, 45 collaborateurs de la soci\u00e9t\u00e9 Normandie Am\u00e9nagement avaient rendez-vous au Havre pour participer \u00e0 une journ\u00e9e ludique.\" \/>\n<meta name=\"twitter:image\" content=\"https:\/\/exaequo-communication.fr\/wp-content\/uploads\/2022\/11\/EX-Normandie-Amenagement-Team-building-6.jpg\" \/>\n<meta name=\"twitter:label1\" content=\"\u00c9crit par\" \/>\n\t<meta name=\"twitter:data1\" content=\"Louise\" \/>\n\t<meta name=\"twitter:label2\" content=\"Dur\u00e9e de lecture estim\u00e9e\" \/>\n\t<meta name=\"twitter:data2\" content=\"3 minutes\" \/>\n<script type=\"application\/ld+json\" class=\"yoast-schema-graph\">{\"@context\":\"https:\/\/schema.org\",\"@graph\":[{\"@type\":\"Article\",\"@id\":\"https:\/\/exaequo-communication.fr\/index.php\/2022\/11\/17\/le-havre-express-normandie-amenagement\/#article\",\"isPartOf\":{\"@id\":\"https:\/\/exaequo-communication.fr\/index.php\/2022\/11\/17\/le-havre-express-normandie-amenagement\/\"},\"author\":{\"name\":\"Louise\",\"@id\":\"https:\/\/exaequo-communication.fr\/#\/schema\/person\/0ff3d297bda23ca1cd161c11c3217513\"},\"headline\":\"Le Havre Express pour Normandie Am\u00e9nagement\",\"datePublished\":\"2022-11-17T09:03:02+00:00\",\"dateModified\":\"2022-11-17T09:59:34+00:00\",\"mainEntityOfPage\":{\"@id\":\"https:\/\/exaequo-communication.fr\/index.php\/2022\/11\/17\/le-havre-express-normandie-amenagement\/\"},\"wordCount\":755,\"image\":{\"@id\":\"https:\/\/exaequo-communication.fr\/index.php\/2022\/11\/17\/le-havre-express-normandie-amenagement\/#primaryimage\"},\"thumbnailUrl\":\"https:\/\/exaequo-communication.fr\/wp-content\/uploads\/2022\/11\/EX-Normandie-Amenagement-Team-building-6.jpg\",\"articleSection\":[\"Actualit\u00e9s\",\"Team Building\"],\"inLanguage\":\"fr-FR\"},{\"@type\":\"WebPage\",\"@id\":\"https:\/\/exaequo-communication.fr\/index.php\/2022\/11\/17\/le-havre-express-normandie-amenagement\/\",\"url\":\"https:\/\/exaequo-communication.fr\/index.php\/2022\/11\/17\/le-havre-express-normandie-amenagement\/\",\"name\":\"Le Havre Express pour Normandie Am\u00e9nagement\",\"isPartOf\":{\"@id\":\"https:\/\/exaequo-communication.fr\/#website\"},\"primaryImageOfPage\":{\"@id\":\"https:\/\/exaequo-communication.fr\/index.php\/2022\/11\/17\/le-havre-express-normandie-amenagement\/#primaryimage\"},\"image\":{\"@id\":\"https:\/\/exaequo-communication.fr\/index.php\/2022\/11\/17\/le-havre-express-normandie-amenagement\/#primaryimage\"},\"thumbnailUrl\":\"https:\/\/exaequo-communication.fr\/wp-content\/uploads\/2022\/11\/EX-Normandie-Amenagement-Team-building-6.jpg\",\"datePublished\":\"2022-11-17T09:03:02+00:00\",\"dateModified\":\"2022-11-17T09:59:34+00:00\",\"author\":{\"@id\":\"https:\/\/exaequo-communication.fr\/#\/schema\/person\/0ff3d297bda23ca1cd161c11c3217513\"},\"description\":\"Jeudi dernier, 45 collaborateurs de la soci\u00e9t\u00e9 Normandie Am\u00e9nagement avaient rendez-vous au Havre pour participer \u00e0 une journ\u00e9e ludique.\",\"breadcrumb\":{\"@id\":\"https:\/\/exaequo-communication.fr\/index.php\/2022\/11\/17\/le-havre-express-normandie-amenagement\/#breadcrumb\"},\"inLanguage\":\"fr-FR\",\"potentialAction\":[{\"@type\":\"ReadAction\",\"target\":[\"https:\/\/exaequo-communication.fr\/index.php\/2022\/11\/17\/le-havre-express-normandie-amenagement\/\"]}]},{\"@type\":\"ImageObject\",\"inLanguage\":\"fr-FR\",\"@id\":\"https:\/\/exaequo-communication.fr\/index.php\/2022\/11\/17\/le-havre-express-normandie-amenagement\/#primaryimage\",\"url\":\"https:\/\/exaequo-communication.fr\/wp-content\/uploads\/2022\/11\/EX-Normandie-Amenagement-Team-building-6.jpg\",\"contentUrl\":\"https:\/\/exaequo-communication.fr\/wp-content\/uploads\/2022\/11\/EX-Normandie-Amenagement-Team-building-6.jpg\",\"width\":1365,\"height\":1024,\"caption\":\"Exaequo team-building Normandie Am\u00e9nagement entreprise soci\u00e9t\u00e9 \u00e9v\u00e9nement Caen Le Havre incentive animation \u00e9quipe collaborateurs\"},{\"@type\":\"BreadcrumbList\",\"@id\":\"https:\/\/exaequo-communication.fr\/index.php\/2022\/11\/17\/le-havre-express-normandie-amenagement\/#breadcrumb\",\"itemListElement\":[{\"@type\":\"ListItem\",\"position\":1,\"name\":\"Accueil\",\"item\":\"https:\/\/exaequo-communication.fr\/\"},{\"@type\":\"ListItem\",\"position\":2,\"name\":\"Le Havre Express pour Normandie Am\u00e9nagement\"}]},{\"@type\":\"WebSite\",\"@id\":\"https:\/\/exaequo-communication.fr\/#website\",\"url\":\"https:\/\/exaequo-communication.fr\/\",\"name\":\"Exaequo communication\",\"description\":\"\",\"potentialAction\":[{\"@type\":\"SearchAction\",\"target\":{\"@type\":\"EntryPoint\",\"urlTemplate\":\"https:\/\/exaequo-communication.fr\/?s={search_term_string}\"},\"query-input\":{\"@type\":\"PropertyValueSpecification\",\"valueRequired\":true,\"valueName\":\"search_term_string\"}}],\"inLanguage\":\"fr-FR\"},{\"@type\":\"Person\",\"@id\":\"https:\/\/exaequo-communication.fr\/#\/schema\/person\/0ff3d297bda23ca1cd161c11c3217513\",\"name\":\"Louise\",\"image\":{\"@type\":\"ImageObject\",\"inLanguage\":\"fr-FR\",\"@id\":\"https:\/\/exaequo-communication.fr\/#\/schema\/person\/image\/\",\"url\":\"https:\/\/secure.gravatar.com\/avatar\/c5e8367f32ffeff4cdf4e055d9e95263b7d031a01e929b3116e2b0d996065f4c?s=96&d=mm&r=g\",\"contentUrl\":\"https:\/\/secure.gravatar.com\/avatar\/c5e8367f32ffeff4cdf4e055d9e95263b7d031a01e929b3116e2b0d996065f4c?s=96&d=mm&r=g\",\"caption\":\"Louise\"},\"url\":\"https:\/\/exaequo-communication.fr\/index.php\/author\/louise\/\"}]}<\/script>\n<!-- \/ Yoast SEO plugin. -->","yoast_head_json":{"title":"Le Havre Express pour Normandie Am\u00e9nagement","description":"Jeudi dernier, 45 collaborateurs de la soci\u00e9t\u00e9 Normandie Am\u00e9nagement avaient rendez-vous au Havre pour participer \u00e0 une journ\u00e9e ludique.","robots":{"index":"index","follow":"follow","max-snippet":"max-snippet:-1","max-image-preview":"max-image-preview:large","max-video-preview":"max-video-preview:-1"},"canonical":"https:\/\/exaequo-communication.fr\/index.php\/2022\/11\/17\/le-havre-express-normandie-amenagement\/","og_locale":"fr_FR","og_type":"article","og_title":"Le Havre Express pour Normandie Am\u00e9nagement","og_description":"Jeudi dernier, 45 collaborateurs de la soci\u00e9t\u00e9 Normandie Am\u00e9nagement avaient rendez-vous au Havre pour participer \u00e0 une journ\u00e9e ludique.","og_url":"https:\/\/exaequo-communication.fr\/index.php\/2022\/11\/17\/le-havre-express-normandie-amenagement\/","og_site_name":"Exaequo communication","article_published_time":"2022-11-17T09:03:02+00:00","article_modified_time":"2022-11-17T09:59:34+00:00","og_image":[{"width":1365,"height":1024,"url":"https:\/\/exaequo-communication.fr\/wp-content\/uploads\/2022\/11\/EX-Normandie-Amenagement-Team-building-6.jpg","type":"image\/jpeg"}],"author":"Louise","twitter_card":"summary_large_image","twitter_title":"Le Havre Express pour Normandie Am\u00e9nagement","twitter_description":"Jeudi dernier, 45 collaborateurs de la soci\u00e9t\u00e9 Normandie Am\u00e9nagement avaient rendez-vous au Havre pour participer \u00e0 une journ\u00e9e ludique.","twitter_image":"https:\/\/exaequo-communication.fr\/wp-content\/uploads\/2022\/11\/EX-Normandie-Amenagement-Team-building-6.jpg","twitter_misc":{"\u00c9crit par":"Louise","Dur\u00e9e de lecture estim\u00e9e":"3 minutes"},"schema":{"@context":"https:\/\/schema.org","@graph":[{"@type":"Article","@id":"https:\/\/exaequo-communication.fr\/index.php\/2022\/11\/17\/le-havre-express-normandie-amenagement\/#article","isPartOf":{"@id":"https:\/\/exaequo-communication.fr\/index.php\/2022\/11\/17\/le-havre-express-normandie-amenagement\/"},"author":{"name":"Louise","@id":"https:\/\/exaequo-communication.fr\/#\/schema\/person\/0ff3d297bda23ca1cd161c11c3217513"},"headline":"Le Havre Express pour Normandie Am\u00e9nagement","datePublished":"2022-11-17T09:03:02+00:00","dateModified":"2022-11-17T09:59:34+00:00","mainEntityOfPage":{"@id":"https:\/\/exaequo-communication.fr\/index.php\/2022\/11\/17\/le-havre-express-normandie-amenagement\/"},"wordCount":755,"image":{"@id":"https:\/\/exaequo-communication.fr\/index.php\/2022\/11\/17\/le-havre-express-normandie-amenagement\/#primaryimage"},"thumbnailUrl":"https:\/\/exaequo-communication.fr\/wp-content\/uploads\/2022\/11\/EX-Normandie-Amenagement-Team-building-6.jpg","articleSection":["Actualit\u00e9s","Team Building"],"inLanguage":"fr-FR"},{"@type":"WebPage","@id":"https:\/\/exaequo-communication.fr\/index.php\/2022\/11\/17\/le-havre-express-normandie-amenagement\/","url":"https:\/\/exaequo-communication.fr\/index.php\/2022\/11\/17\/le-havre-express-normandie-amenagement\/","name":"Le Havre Express pour Normandie Am\u00e9nagement","isPartOf":{"@id":"https:\/\/exaequo-communication.fr\/#website"},"primaryImageOfPage":{"@id":"https:\/\/exaequo-communication.fr\/index.php\/2022\/11\/17\/le-havre-express-normandie-amenagement\/#primaryimage"},"image":{"@id":"https:\/\/exaequo-communication.fr\/index.php\/2022\/11\/17\/le-havre-express-normandie-amenagement\/#primaryimage"},"thumbnailUrl":"https:\/\/exaequo-communication.fr\/wp-content\/uploads\/2022\/11\/EX-Normandie-Amenagement-Team-building-6.jpg","datePublished":"2022-11-17T09:03:02+00:00","dateModified":"2022-11-17T09:59:34+00:00","author":{"@id":"https:\/\/exaequo-communication.fr\/#\/schema\/person\/0ff3d297bda23ca1cd161c11c3217513"},"description":"Jeudi dernier, 45 collaborateurs de la soci\u00e9t\u00e9 Normandie Am\u00e9nagement avaient rendez-vous au Havre pour participer \u00e0 une journ\u00e9e ludique.","breadcrumb":{"@id":"https:\/\/exaequo-communication.fr\/index.php\/2022\/11\/17\/le-havre-express-normandie-amenagement\/#breadcrumb"},"inLanguage":"fr-FR","potentialAction":[{"@type":"ReadAction","target":["https:\/\/exaequo-communication.fr\/index.php\/2022\/11\/17\/le-havre-express-normandie-amenagement\/"]}]},{"@type":"ImageObject","inLanguage":"fr-FR","@id":"https:\/\/exaequo-communication.fr\/index.php\/2022\/11\/17\/le-havre-express-normandie-amenagement\/#primaryimage","url":"https:\/\/exaequo-communication.fr\/wp-content\/uploads\/2022\/11\/EX-Normandie-Amenagement-Team-building-6.jpg","contentUrl":"https:\/\/exaequo-communication.fr\/wp-content\/uploads\/2022\/11\/EX-Normandie-Amenagement-Team-building-6.jpg","width":1365,"height":1024,"caption":"Exaequo team-building Normandie Am\u00e9nagement entreprise soci\u00e9t\u00e9 \u00e9v\u00e9nement Caen Le Havre incentive animation \u00e9quipe collaborateurs"},{"@type":"BreadcrumbList","@id":"https:\/\/exaequo-communication.fr\/index.php\/2022\/11\/17\/le-havre-express-normandie-amenagement\/#breadcrumb","itemListElement":[{"@type":"ListItem","position":1,"name":"Accueil","item":"https:\/\/exaequo-communication.fr\/"},{"@type":"ListItem","position":2,"name":"Le Havre Express pour Normandie Am\u00e9nagement"}]},{"@type":"WebSite","@id":"https:\/\/exaequo-communication.fr\/#website","url":"https:\/\/exaequo-communication.fr\/","name":"Exaequo communication","description":"","potentialAction":[{"@type":"SearchAction","target":{"@type":"EntryPoint","urlTemplate":"https:\/\/exaequo-communication.fr\/?s={search_term_string}"},"query-input":{"@type":"PropertyValueSpecification","valueRequired":true,"valueName":"search_term_string"}}],"inLanguage":"fr-FR"},{"@type":"Person","@id":"https:\/\/exaequo-communication.fr\/#\/schema\/person\/0ff3d297bda23ca1cd161c11c3217513","name":"Louise","image":{"@type":"ImageObject","inLanguage":"fr-FR","@id":"https:\/\/exaequo-communication.fr\/#\/schema\/person\/image\/","url":"https:\/\/secure.gravatar.com\/avatar\/c5e8367f32ffeff4cdf4e055d9e95263b7d031a01e929b3116e2b0d996065f4c?s=96&d=mm&r=g","contentUrl":"https:\/\/secure.gravatar.com\/avatar\/c5e8367f32ffeff4cdf4e055d9e95263b7d031a01e929b3116e2b0d996065f4c?s=96&d=mm&r=g","caption":"Louise"},"url":"https:\/\/exaequo-communication.fr\/index.php\/author\/louise\/"}]}},"_links":{"self":[{"href":"https:\/\/exaequo-communication.fr\/index.php\/wp-json\/wp\/v2\/posts\/13943","targetHints":{"allow":["GET"]}}],"collection":[{"href":"https:\/\/exaequo-communication.fr\/index.php\/wp-json\/wp\/v2\/posts"}],"about":[{"href":"https:\/\/exaequo-communication.fr\/index.php\/wp-json\/wp\/v2\/types\/post"}],"author":[{"embeddable":true,"href":"https:\/\/exaequo-communication.fr\/index.php\/wp-json\/wp\/v2\/users\/9"}],"replies":[{"embeddable":true,"href":"https:\/\/exaequo-communication.fr\/index.php\/wp-json\/wp\/v2\/comments?post=13943"}],"version-history":[{"count":0,"href":"https:\/\/exaequo-communication.fr\/index.php\/wp-json\/wp\/v2\/posts\/13943\/revisions"}],"wp:featuredmedia":[{"embeddable":true,"href":"https:\/\/exaequo-communication.fr\/index.php\/wp-json\/wp\/v2\/media\/13951"}],"wp:attachment":[{"href":"https:\/\/exaequo-communication.fr\/index.php\/wp-json\/wp\/v2\/media?parent=13943"}],"wp:term":[{"taxonomy":"category","embeddable":true,"href":"https:\/\/exaequo-communication.fr\/index.php\/wp-json\/wp\/v2\/categories?post=13943"},{"taxonomy":"post_tag","embeddable":true,"href":"https:\/\/exaequo-communication.fr\/index.php\/wp-json\/wp\/v2\/tags?post=13943"}],"curies":[{"name":"wp","href":"https:\/\/api.w.org\/{rel}","templated":true}]}}