{"id":13879,"date":"2022-09-26T17:00:46","date_gmt":"2022-09-26T15:00:46","guid":{"rendered":"https:\/\/exaequo-communication.fr\/?p=13879"},"modified":"2022-09-26T17:55:34","modified_gmt":"2022-09-26T15:55:34","slug":"3eme-edition-raid-legallais","status":"publish","type":"post","link":"https:\/\/exaequo-communication.fr\/index.php\/2022\/09\/26\/3eme-edition-raid-legallais\/","title":{"rendered":"3\u00e8me \u00e9dition du Raid Legallais"},"content":{"rendered":"[vc_row type=\u00a0\u00bbin_container\u00a0\u00bb full_screen_row_position=\u00a0\u00bbmiddle\u00a0\u00bb column_margin=\u00a0\u00bbdefault\u00a0\u00bb column_direction=\u00a0\u00bbdefault\u00a0\u00bb column_direction_tablet=\u00a0\u00bbdefault\u00a0\u00bb column_direction_phone=\u00a0\u00bbdefault\u00a0\u00bb scene_position=\u00a0\u00bbcenter\u00a0\u00bb top_padding=\u00a0\u00bb10&Prime; text_color=\u00a0\u00bbdark\u00a0\u00bb text_align=\u00a0\u00bbleft\u00a0\u00bb row_border_radius=\u00a0\u00bbnone\u00a0\u00bb row_border_radius_applies=\u00a0\u00bbbg\u00a0\u00bb overlay_strength=\u00a0\u00bb0.3&Prime; gradient_direction=\u00a0\u00bbleft_to_right\u00a0\u00bb shape_divider_position=\u00a0\u00bbbottom\u00a0\u00bb bg_image_animation=\u00a0\u00bbnone\u00a0\u00bb shape_type=\u00a0\u00bb\u00a0\u00bb][vc_column column_padding=\u00a0\u00bbno-extra-padding\u00a0\u00bb column_padding_tablet=\u00a0\u00bbinherit\u00a0\u00bb column_padding_phone=\u00a0\u00bbinherit\u00a0\u00bb column_padding_position=\u00a0\u00bball\u00a0\u00bb background_color_opacity=\u00a0\u00bb1&Prime; background_hover_color_opacity=\u00a0\u00bb1&Prime; column_shadow=\u00a0\u00bbnone\u00a0\u00bb column_border_radius=\u00a0\u00bbnone\u00a0\u00bb column_link_target=\u00a0\u00bb_self\u00a0\u00bb gradient_direction=\u00a0\u00bbleft_to_right\u00a0\u00bb overlay_strength=\u00a0\u00bb0.3&Prime; width=\u00a0\u00bb1\/2&Prime; tablet_width_inherit=\u00a0\u00bbdefault\u00a0\u00bb tablet_text_alignment=\u00a0\u00bbdefault\u00a0\u00bb phone_text_alignment=\u00a0\u00bbdefault\u00a0\u00bb column_border_width=\u00a0\u00bbnone\u00a0\u00bb column_border_style=\u00a0\u00bbsolid\u00a0\u00bb bg_image_animation=\u00a0\u00bbnone\u00a0\u00bb][vc_gallery type=\u00a0\u00bbflexslider_style\u00a0\u00bb images=\u00a0\u00bb13880,13906,13881,13883,13904,13885,13886,13905,13888,13889,13890,13891,13892,13893,13894,13895,13896,13897&Prime; onclick=\u00a0\u00bblink_no\u00a0\u00bb hover_anim=\u00a0\u00bbfade-out\u00a0\u00bb][\/vc_column][vc_column column_padding=\u00a0\u00bbno-extra-padding\u00a0\u00bb column_padding_tablet=\u00a0\u00bbinherit\u00a0\u00bb column_padding_phone=\u00a0\u00bbinherit\u00a0\u00bb column_padding_position=\u00a0\u00bball\u00a0\u00bb background_color_opacity=\u00a0\u00bb1&Prime; background_hover_color_opacity=\u00a0\u00bb1&Prime; column_shadow=\u00a0\u00bbnone\u00a0\u00bb column_border_radius=\u00a0\u00bbnone\u00a0\u00bb column_link_target=\u00a0\u00bb_self\u00a0\u00bb gradient_direction=\u00a0\u00bbleft_to_right\u00a0\u00bb overlay_strength=\u00a0\u00bb0.3&Prime; width=\u00a0\u00bb1\/2&Prime; tablet_width_inherit=\u00a0\u00bbdefault\u00a0\u00bb tablet_text_alignment=\u00a0\u00bbdefault\u00a0\u00bb phone_text_alignment=\u00a0\u00bbdefault\u00a0\u00bb column_border_width=\u00a0\u00bbnone\u00a0\u00bb column_border_style=\u00a0\u00bbsolid\u00a0\u00bb bg_image_animation=\u00a0\u00bbnone\u00a0\u00bb][split_line_heading animation_type=\u00a0\u00bbdefault\u00a0\u00bb]\n<h3>3\u00e8me \u00e9dition du Raid Legallais avec un Urban Raid<\/h3>\n<p>Apr\u00e8s le Raid #1 en 2017 en Suisse Normande, puis le Raid #2 en 2019 sur les Terres du D\u00e9barquement en Normandie, place \u00e0 un Urban Raid \u00e0 Caen pour l&rsquo;entreprise <strong><a href=\"https:\/\/www.legallais.com\/\" target=\"_blank\" rel=\"noopener\">Legallais<\/a><\/strong>.[\/split_line_heading][\/vc_column][\/vc_row][vc_row type=\u00a0\u00bbin_container\u00a0\u00bb full_screen_row_position=\u00a0\u00bbmiddle\u00a0\u00bb column_margin=\u00a0\u00bbdefault\u00a0\u00bb column_direction=\u00a0\u00bbdefault\u00a0\u00bb column_direction_tablet=\u00a0\u00bbdefault\u00a0\u00bb column_direction_phone=\u00a0\u00bbdefault\u00a0\u00bb scene_position=\u00a0\u00bbcenter\u00a0\u00bb text_color=\u00a0\u00bbdark\u00a0\u00bb text_align=\u00a0\u00bbleft\u00a0\u00bb row_border_radius=\u00a0\u00bbnone\u00a0\u00bb row_border_radius_applies=\u00a0\u00bbbg\u00a0\u00bb overlay_strength=\u00a0\u00bb0.3&Prime; gradient_direction=\u00a0\u00bbleft_to_right\u00a0\u00bb shape_divider_position=\u00a0\u00bbbottom\u00a0\u00bb bg_image_animation=\u00a0\u00bbnone\u00a0\u00bb][vc_column column_padding=\u00a0\u00bbno-extra-padding\u00a0\u00bb column_padding_tablet=\u00a0\u00bbinherit\u00a0\u00bb column_padding_phone=\u00a0\u00bbinherit\u00a0\u00bb column_padding_position=\u00a0\u00bball\u00a0\u00bb background_color_opacity=\u00a0\u00bb1&Prime; background_hover_color_opacity=\u00a0\u00bb1&Prime; column_shadow=\u00a0\u00bbnone\u00a0\u00bb column_border_radius=\u00a0\u00bbnone\u00a0\u00bb column_link_target=\u00a0\u00bb_self\u00a0\u00bb gradient_direction=\u00a0\u00bbleft_to_right\u00a0\u00bb overlay_strength=\u00a0\u00bb0.3&Prime; width=\u00a0\u00bb1\/1&Prime; tablet_width_inherit=\u00a0\u00bbdefault\u00a0\u00bb tablet_text_alignment=\u00a0\u00bbdefault\u00a0\u00bb phone_text_alignment=\u00a0\u00bbdefault\u00a0\u00bb column_border_width=\u00a0\u00bbnone\u00a0\u00bb column_border_style=\u00a0\u00bbsolid\u00a0\u00bb bg_image_animation=\u00a0\u00bbnone\u00a0\u00bb][vc_column_text]Afin de r\u00e9unir ses entreprises fournisseurs ainsi que ses collaborateurs, l&rsquo;entreprise <strong><a href=\"https:\/\/www.legallais.com\/\" target=\"_blank\" rel=\"noopener\">Legallais<\/a>\u00a0<\/strong>a fait appel \u00e0 l\u2019\u00e9quipe Exaequo pour organiser son Raid #3. La Xteam leur a propos\u00e9 deux v\u00e9ritables journ\u00e9es incentive et team-building. Jeudi 22 et vendredi 23 septembre 2022, <strong>25 entreprises fournisseurs de Legallais, soit 80 personnes, ont pu rejoindre 40 salari\u00e9s de la soci\u00e9t\u00e9 pour cet \u00e9v\u00e9nement.<\/strong><\/p>\n<div class=\"col span_12 dark left\">\n<div class=\"vc_col-sm-12 wpb_column column_container vc_column_container col no-extra-padding instance-2\" data-t-w-inherits=\"default\" data-border-radius=\"none\" data-shadow=\"none\" data-border-animation=\"\" data-border-animation-delay=\"\" data-border-width=\"none\" data-border-style=\"solid\" data-border-color=\"\" data-bg-cover=\"\" data-padding-pos=\"all\" data-has-bg-color=\"false\" data-bg-color=\"\" data-bg-opacity=\"1\" data-hover-bg=\"\" data-hover-bg-opacity=\"1\" data-animation=\"\" data-delay=\"0\">\n<div class=\"vc_column-inner\">\n<div class=\"wpb_wrapper\">\n<div class=\"wpb_text_column wpb_content_element \">\n<div class=\"wpb_wrapper\">\n<h3>LE BRIEF :<\/h3>\n<ul>\n<li>Proposer un v\u00e9ritable \u00e9v\u00e9nement pour le <strong>Raid #3<\/strong>.<\/li>\n<li>Organiser des activit\u00e9s pour favoriser l\u2019\u00e9change \u00e9paul\u00e9es par les \u00e9quipes Legallais.<\/li>\n<\/ul>\n<h3>LA R\u00c9PONSE D\u2019EXAEQUO :<\/h3>\n<p>Les entreprises ont \u00e9t\u00e9 accueillies \u00e0 Saint-Andr\u00e9-sur-Orne chez Legallais, lieu dans lequel on a pu proc\u00e9der au tirage au sort. Ils ont pu assister au briefing ainsi qu&rsquo;au lancement du Raid en haut du D\u00f4me.<\/p>\n<p>Ensuite, la <strong>course d\u2019orientation<\/strong> a d\u00e9but\u00e9 dans Caen en passant dans de nombreux lieux comme l\u2019Abbatiale Saint-Etienne, la Glaci\u00e8re, le cimeti\u00e8re des Quatre nations ou encore le Jardin des Plantes. Lors de leur passage au MoHo, les participants ont pu affronter les joueurs du <strong><a href=\"https:\/\/caenbc.com\/\" target=\"_blank\" rel=\"noopener\">CBC<\/a><\/strong>, Bryson POPE et Joel AWICH, sur des shoots.<\/p>\n<p>Puis, les collaborateurs ont pu assister \u00e0 <strong>une soir\u00e9e au Ch\u00e2teau de Caen avec un cocktail dinatoire, un retour historique sur la Ville et un spectacle<\/strong>.<\/p>\n<p>Une 2\u00e8me partie du Raid le lendemain avec <strong>un biathlon et un escape game<\/strong> au <strong><a href=\"https:\/\/www.le-wip.com\/\" target=\"_blank\" rel=\"noopener\">WIP<\/a><\/strong>. La remise des r\u00e9compenses a eu lieu au <strong><a href=\"https:\/\/www.moho.co\/fr\/moho-hq\/\" target=\"_blank\" rel=\"noopener\">MoHo<\/a><\/strong> avant de <strong>visiter en avant-premi\u00e8re le nouvel entrep\u00f4t logistique de Legallais<\/strong>.<\/p>\n<h3>LE BILAN :<\/h3>\n<p>Ce team-building s&rsquo;est cl\u00f4tur\u00e9 sur la victoire de la soci\u00e9t\u00e9 Tubesca-Comabi devant Geberit et Normbau. Deux belles journ\u00e9es qui ont permis aux \u00e9quipes de se rencontrer et de partager des moments ludiques et anim\u00e9s.<\/p>\n<p>Merci \u00e0 la <a href=\"https:\/\/caen.fr\/\" target=\"_blank\" rel=\"noopener\"><strong>Ville de Caen<\/strong><\/a> de nous avoir ouvert les portes de certains lieux embl\u00e9matiques. Merci \u00e9galement aux joueurs du CBC qui sont venus affronter les participants au <strong><a href=\"https:\/\/www.moho.co\/fr\/moho-hq\/\" target=\"_blank\" rel=\"noopener\">MoHo<\/a><\/strong> lors de la course d&rsquo;orientation.<\/p>\n<p>&nbsp;<\/p>\n<\/div>\n<\/div>\n<\/div>\n<\/div>\n<\/div>\n<\/div>\n<p>D\u00e9couvrez en plus sur nos team-building<b>, <a href=\"https:\/\/exaequo-communication.fr\/index.php\/teambuilding-portfolio\/\" target=\"_blank\" rel=\"noopener\">cliquez ici.<\/a><\/b><\/p>\n<p>Pour en savoir plus sur la soci\u00e9t\u00e9 Legallais, <strong><a href=\"https:\/\/www.legallais.com\/\" target=\"_blank\" rel=\"noopener noreferrer\">cliquez ici<\/a><\/strong>.[\/vc_column_text][\/vc_column][\/vc_row]\n","protected":false},"excerpt":{"rendered":"<p>Apr\u00e8s le Raid #1 en 2017 en Suisse Normande, puis le Raid #2 en 2019 sur les Terres du D\u00e9barquement, place \u00e0 un Urban Raid \u00e0 Caen pour l&rsquo;entreprise <strong><a href=\"https:\/\/www.legallais.com\/\" target=\"_blank\" rel=\"noopener\">Legallais<\/a><\/strong>.<\/p>\n","protected":false},"author":9,"featured_media":13880,"comment_status":"closed","ping_status":"closed","sticky":false,"template":"","format":"standard","meta":{"footnotes":""},"categories":[1,178],"tags":[],"class_list":{"0":"post-13879","1":"post","2":"type-post","3":"status-publish","4":"format-standard","5":"has-post-thumbnail","7":"category-actualites","8":"category-team-building"},"yoast_head":"<!-- This site is optimized with the Yoast SEO plugin v27.0 - https:\/\/yoast.com\/product\/yoast-seo-wordpress\/ -->\n<title>3\u00e8me \u00e9dition du Raid Legallais avec un Urban Raid<\/title>\n<meta name=\"description\" content=\"Apr\u00e8s le Raid #1 en 2017 en Suisse Normande, puis le Raid #2 sur les Terres du D\u00e9barquement, place \u00e0 un Urban Raid \u00e0 Caen pour Legallais.\" \/>\n<meta name=\"robots\" content=\"index, follow, max-snippet:-1, max-image-preview:large, max-video-preview:-1\" \/>\n<link rel=\"canonical\" href=\"https:\/\/exaequo-communication.fr\/index.php\/2022\/09\/26\/3eme-edition-raid-legallais\/\" \/>\n<meta property=\"og:locale\" content=\"fr_FR\" \/>\n<meta property=\"og:type\" content=\"article\" \/>\n<meta property=\"og:title\" content=\"3\u00e8me \u00e9dition du Raid Legallais avec un Urban Raid\" \/>\n<meta property=\"og:description\" content=\"Apr\u00e8s le Raid #1 en 2017 en Suisse Normande, puis le Raid #2 sur les Terres du D\u00e9barquement, place \u00e0 un Urban Raid \u00e0 Caen pour Legallais.\" \/>\n<meta property=\"og:url\" content=\"https:\/\/exaequo-communication.fr\/index.php\/2022\/09\/26\/3eme-edition-raid-legallais\/\" \/>\n<meta property=\"og:site_name\" content=\"Exaequo communication\" \/>\n<meta property=\"article:published_time\" content=\"2022-09-26T15:00:46+00:00\" \/>\n<meta property=\"article:modified_time\" content=\"2022-09-26T15:55:34+00:00\" \/>\n<meta property=\"og:image\" content=\"https:\/\/exaequo-communication.fr\/wp-content\/uploads\/2022\/09\/0821-244\u00a9laurentbesnehard.com_.jpg\" \/>\n\t<meta property=\"og:image:width\" content=\"1536\" \/>\n\t<meta property=\"og:image:height\" content=\"1024\" \/>\n\t<meta property=\"og:image:type\" content=\"image\/jpeg\" \/>\n<meta name=\"author\" content=\"Louise\" \/>\n<meta name=\"twitter:card\" content=\"summary_large_image\" \/>\n<meta name=\"twitter:title\" content=\"3\u00e8me \u00e9dition du Raid Legallais avec un Urban Raid\" \/>\n<meta name=\"twitter:description\" content=\"Apr\u00e8s le Raid #1 en 2017 en Suisse Normande, puis le Raid #2 sur les Terres du D\u00e9barquement, place \u00e0 un Urban Raid \u00e0 Caen pour Legallais.\" \/>\n<meta name=\"twitter:image\" content=\"https:\/\/exaequo-communication.fr\/wp-content\/uploads\/2022\/09\/0821-244\u00a9laurentbesnehard.com_.jpg\" \/>\n<meta name=\"twitter:label1\" content=\"\u00c9crit par\" \/>\n\t<meta name=\"twitter:data1\" content=\"Louise\" \/>\n\t<meta name=\"twitter:label2\" content=\"Dur\u00e9e de lecture estim\u00e9e\" \/>\n\t<meta name=\"twitter:data2\" content=\"3 minutes\" \/>\n<script type=\"application\/ld+json\" class=\"yoast-schema-graph\">{\"@context\":\"https:\/\/schema.org\",\"@graph\":[{\"@type\":\"Article\",\"@id\":\"https:\/\/exaequo-communication.fr\/index.php\/2022\/09\/26\/3eme-edition-raid-legallais\/#article\",\"isPartOf\":{\"@id\":\"https:\/\/exaequo-communication.fr\/index.php\/2022\/09\/26\/3eme-edition-raid-legallais\/\"},\"author\":{\"name\":\"Louise\",\"@id\":\"https:\/\/exaequo-communication.fr\/#\/schema\/person\/0ff3d297bda23ca1cd161c11c3217513\"},\"headline\":\"3\u00e8me \u00e9dition du Raid Legallais\",\"datePublished\":\"2022-09-26T15:00:46+00:00\",\"dateModified\":\"2022-09-26T15:55:34+00:00\",\"mainEntityOfPage\":{\"@id\":\"https:\/\/exaequo-communication.fr\/index.php\/2022\/09\/26\/3eme-edition-raid-legallais\/\"},\"wordCount\":749,\"image\":{\"@id\":\"https:\/\/exaequo-communication.fr\/index.php\/2022\/09\/26\/3eme-edition-raid-legallais\/#primaryimage\"},\"thumbnailUrl\":\"https:\/\/exaequo-communication.fr\/wp-content\/uploads\/2022\/09\/0821-244\u00a9laurentbesnehard.com_.jpg\",\"articleSection\":[\"Actualit\u00e9s\",\"Team Building\"],\"inLanguage\":\"fr-FR\"},{\"@type\":\"WebPage\",\"@id\":\"https:\/\/exaequo-communication.fr\/index.php\/2022\/09\/26\/3eme-edition-raid-legallais\/\",\"url\":\"https:\/\/exaequo-communication.fr\/index.php\/2022\/09\/26\/3eme-edition-raid-legallais\/\",\"name\":\"3\u00e8me \u00e9dition du Raid Legallais avec un Urban Raid\",\"isPartOf\":{\"@id\":\"https:\/\/exaequo-communication.fr\/#website\"},\"primaryImageOfPage\":{\"@id\":\"https:\/\/exaequo-communication.fr\/index.php\/2022\/09\/26\/3eme-edition-raid-legallais\/#primaryimage\"},\"image\":{\"@id\":\"https:\/\/exaequo-communication.fr\/index.php\/2022\/09\/26\/3eme-edition-raid-legallais\/#primaryimage\"},\"thumbnailUrl\":\"https:\/\/exaequo-communication.fr\/wp-content\/uploads\/2022\/09\/0821-244\u00a9laurentbesnehard.com_.jpg\",\"datePublished\":\"2022-09-26T15:00:46+00:00\",\"dateModified\":\"2022-09-26T15:55:34+00:00\",\"author\":{\"@id\":\"https:\/\/exaequo-communication.fr\/#\/schema\/person\/0ff3d297bda23ca1cd161c11c3217513\"},\"description\":\"Apr\u00e8s le Raid #1 en 2017 en Suisse Normande, puis le Raid #2 sur les Terres du D\u00e9barquement, place \u00e0 un Urban Raid \u00e0 Caen pour Legallais.\",\"breadcrumb\":{\"@id\":\"https:\/\/exaequo-communication.fr\/index.php\/2022\/09\/26\/3eme-edition-raid-legallais\/#breadcrumb\"},\"inLanguage\":\"fr-FR\",\"potentialAction\":[{\"@type\":\"ReadAction\",\"target\":[\"https:\/\/exaequo-communication.fr\/index.php\/2022\/09\/26\/3eme-edition-raid-legallais\/\"]}]},{\"@type\":\"ImageObject\",\"inLanguage\":\"fr-FR\",\"@id\":\"https:\/\/exaequo-communication.fr\/index.php\/2022\/09\/26\/3eme-edition-raid-legallais\/#primaryimage\",\"url\":\"https:\/\/exaequo-communication.fr\/wp-content\/uploads\/2022\/09\/0821-244\u00a9laurentbesnehard.com_.jpg\",\"contentUrl\":\"https:\/\/exaequo-communication.fr\/wp-content\/uploads\/2022\/09\/0821-244\u00a9laurentbesnehard.com_.jpg\",\"width\":1536,\"height\":1024,\"caption\":\"Raid Legallais 3\u00e8me \u00e9dition urban raid urbain sport coh\u00e9sion d'\u00e9quipe entreprise\"},{\"@type\":\"BreadcrumbList\",\"@id\":\"https:\/\/exaequo-communication.fr\/index.php\/2022\/09\/26\/3eme-edition-raid-legallais\/#breadcrumb\",\"itemListElement\":[{\"@type\":\"ListItem\",\"position\":1,\"name\":\"Accueil\",\"item\":\"https:\/\/exaequo-communication.fr\/\"},{\"@type\":\"ListItem\",\"position\":2,\"name\":\"3\u00e8me \u00e9dition du Raid Legallais\"}]},{\"@type\":\"WebSite\",\"@id\":\"https:\/\/exaequo-communication.fr\/#website\",\"url\":\"https:\/\/exaequo-communication.fr\/\",\"name\":\"Exaequo communication\",\"description\":\"\",\"potentialAction\":[{\"@type\":\"SearchAction\",\"target\":{\"@type\":\"EntryPoint\",\"urlTemplate\":\"https:\/\/exaequo-communication.fr\/?s={search_term_string}\"},\"query-input\":{\"@type\":\"PropertyValueSpecification\",\"valueRequired\":true,\"valueName\":\"search_term_string\"}}],\"inLanguage\":\"fr-FR\"},{\"@type\":\"Person\",\"@id\":\"https:\/\/exaequo-communication.fr\/#\/schema\/person\/0ff3d297bda23ca1cd161c11c3217513\",\"name\":\"Louise\",\"image\":{\"@type\":\"ImageObject\",\"inLanguage\":\"fr-FR\",\"@id\":\"https:\/\/exaequo-communication.fr\/#\/schema\/person\/image\/\",\"url\":\"https:\/\/secure.gravatar.com\/avatar\/c5e8367f32ffeff4cdf4e055d9e95263b7d031a01e929b3116e2b0d996065f4c?s=96&d=mm&r=g\",\"contentUrl\":\"https:\/\/secure.gravatar.com\/avatar\/c5e8367f32ffeff4cdf4e055d9e95263b7d031a01e929b3116e2b0d996065f4c?s=96&d=mm&r=g\",\"caption\":\"Louise\"},\"url\":\"https:\/\/exaequo-communication.fr\/index.php\/author\/louise\/\"}]}<\/script>\n<!-- \/ Yoast SEO plugin. -->","yoast_head_json":{"title":"3\u00e8me \u00e9dition du Raid Legallais avec un Urban Raid","description":"Apr\u00e8s le Raid #1 en 2017 en Suisse Normande, puis le Raid #2 sur les Terres du D\u00e9barquement, place \u00e0 un Urban Raid \u00e0 Caen pour Legallais.","robots":{"index":"index","follow":"follow","max-snippet":"max-snippet:-1","max-image-preview":"max-image-preview:large","max-video-preview":"max-video-preview:-1"},"canonical":"https:\/\/exaequo-communication.fr\/index.php\/2022\/09\/26\/3eme-edition-raid-legallais\/","og_locale":"fr_FR","og_type":"article","og_title":"3\u00e8me \u00e9dition du Raid Legallais avec un Urban Raid","og_description":"Apr\u00e8s le Raid #1 en 2017 en Suisse Normande, puis le Raid #2 sur les Terres du D\u00e9barquement, place \u00e0 un Urban Raid \u00e0 Caen pour Legallais.","og_url":"https:\/\/exaequo-communication.fr\/index.php\/2022\/09\/26\/3eme-edition-raid-legallais\/","og_site_name":"Exaequo communication","article_published_time":"2022-09-26T15:00:46+00:00","article_modified_time":"2022-09-26T15:55:34+00:00","og_image":[{"width":1536,"height":1024,"url":"https:\/\/exaequo-communication.fr\/wp-content\/uploads\/2022\/09\/0821-244\u00a9laurentbesnehard.com_.jpg","type":"image\/jpeg"}],"author":"Louise","twitter_card":"summary_large_image","twitter_title":"3\u00e8me \u00e9dition du Raid Legallais avec un Urban Raid","twitter_description":"Apr\u00e8s le Raid #1 en 2017 en Suisse Normande, puis le Raid #2 sur les Terres du D\u00e9barquement, place \u00e0 un Urban Raid \u00e0 Caen pour Legallais.","twitter_image":"https:\/\/exaequo-communication.fr\/wp-content\/uploads\/2022\/09\/0821-244\u00a9laurentbesnehard.com_.jpg","twitter_misc":{"\u00c9crit par":"Louise","Dur\u00e9e de lecture estim\u00e9e":"3 minutes"},"schema":{"@context":"https:\/\/schema.org","@graph":[{"@type":"Article","@id":"https:\/\/exaequo-communication.fr\/index.php\/2022\/09\/26\/3eme-edition-raid-legallais\/#article","isPartOf":{"@id":"https:\/\/exaequo-communication.fr\/index.php\/2022\/09\/26\/3eme-edition-raid-legallais\/"},"author":{"name":"Louise","@id":"https:\/\/exaequo-communication.fr\/#\/schema\/person\/0ff3d297bda23ca1cd161c11c3217513"},"headline":"3\u00e8me \u00e9dition du Raid Legallais","datePublished":"2022-09-26T15:00:46+00:00","dateModified":"2022-09-26T15:55:34+00:00","mainEntityOfPage":{"@id":"https:\/\/exaequo-communication.fr\/index.php\/2022\/09\/26\/3eme-edition-raid-legallais\/"},"wordCount":749,"image":{"@id":"https:\/\/exaequo-communication.fr\/index.php\/2022\/09\/26\/3eme-edition-raid-legallais\/#primaryimage"},"thumbnailUrl":"https:\/\/exaequo-communication.fr\/wp-content\/uploads\/2022\/09\/0821-244\u00a9laurentbesnehard.com_.jpg","articleSection":["Actualit\u00e9s","Team Building"],"inLanguage":"fr-FR"},{"@type":"WebPage","@id":"https:\/\/exaequo-communication.fr\/index.php\/2022\/09\/26\/3eme-edition-raid-legallais\/","url":"https:\/\/exaequo-communication.fr\/index.php\/2022\/09\/26\/3eme-edition-raid-legallais\/","name":"3\u00e8me \u00e9dition du Raid Legallais avec un Urban Raid","isPartOf":{"@id":"https:\/\/exaequo-communication.fr\/#website"},"primaryImageOfPage":{"@id":"https:\/\/exaequo-communication.fr\/index.php\/2022\/09\/26\/3eme-edition-raid-legallais\/#primaryimage"},"image":{"@id":"https:\/\/exaequo-communication.fr\/index.php\/2022\/09\/26\/3eme-edition-raid-legallais\/#primaryimage"},"thumbnailUrl":"https:\/\/exaequo-communication.fr\/wp-content\/uploads\/2022\/09\/0821-244\u00a9laurentbesnehard.com_.jpg","datePublished":"2022-09-26T15:00:46+00:00","dateModified":"2022-09-26T15:55:34+00:00","author":{"@id":"https:\/\/exaequo-communication.fr\/#\/schema\/person\/0ff3d297bda23ca1cd161c11c3217513"},"description":"Apr\u00e8s le Raid #1 en 2017 en Suisse Normande, puis le Raid #2 sur les Terres du D\u00e9barquement, place \u00e0 un Urban Raid \u00e0 Caen pour Legallais.","breadcrumb":{"@id":"https:\/\/exaequo-communication.fr\/index.php\/2022\/09\/26\/3eme-edition-raid-legallais\/#breadcrumb"},"inLanguage":"fr-FR","potentialAction":[{"@type":"ReadAction","target":["https:\/\/exaequo-communication.fr\/index.php\/2022\/09\/26\/3eme-edition-raid-legallais\/"]}]},{"@type":"ImageObject","inLanguage":"fr-FR","@id":"https:\/\/exaequo-communication.fr\/index.php\/2022\/09\/26\/3eme-edition-raid-legallais\/#primaryimage","url":"https:\/\/exaequo-communication.fr\/wp-content\/uploads\/2022\/09\/0821-244\u00a9laurentbesnehard.com_.jpg","contentUrl":"https:\/\/exaequo-communication.fr\/wp-content\/uploads\/2022\/09\/0821-244\u00a9laurentbesnehard.com_.jpg","width":1536,"height":1024,"caption":"Raid Legallais 3\u00e8me \u00e9dition urban raid urbain sport coh\u00e9sion d'\u00e9quipe entreprise"},{"@type":"BreadcrumbList","@id":"https:\/\/exaequo-communication.fr\/index.php\/2022\/09\/26\/3eme-edition-raid-legallais\/#breadcrumb","itemListElement":[{"@type":"ListItem","position":1,"name":"Accueil","item":"https:\/\/exaequo-communication.fr\/"},{"@type":"ListItem","position":2,"name":"3\u00e8me \u00e9dition du Raid Legallais"}]},{"@type":"WebSite","@id":"https:\/\/exaequo-communication.fr\/#website","url":"https:\/\/exaequo-communication.fr\/","name":"Exaequo communication","description":"","potentialAction":[{"@type":"SearchAction","target":{"@type":"EntryPoint","urlTemplate":"https:\/\/exaequo-communication.fr\/?s={search_term_string}"},"query-input":{"@type":"PropertyValueSpecification","valueRequired":true,"valueName":"search_term_string"}}],"inLanguage":"fr-FR"},{"@type":"Person","@id":"https:\/\/exaequo-communication.fr\/#\/schema\/person\/0ff3d297bda23ca1cd161c11c3217513","name":"Louise","image":{"@type":"ImageObject","inLanguage":"fr-FR","@id":"https:\/\/exaequo-communication.fr\/#\/schema\/person\/image\/","url":"https:\/\/secure.gravatar.com\/avatar\/c5e8367f32ffeff4cdf4e055d9e95263b7d031a01e929b3116e2b0d996065f4c?s=96&d=mm&r=g","contentUrl":"https:\/\/secure.gravatar.com\/avatar\/c5e8367f32ffeff4cdf4e055d9e95263b7d031a01e929b3116e2b0d996065f4c?s=96&d=mm&r=g","caption":"Louise"},"url":"https:\/\/exaequo-communication.fr\/index.php\/author\/louise\/"}]}},"_links":{"self":[{"href":"https:\/\/exaequo-communication.fr\/index.php\/wp-json\/wp\/v2\/posts\/13879","targetHints":{"allow":["GET"]}}],"collection":[{"href":"https:\/\/exaequo-communication.fr\/index.php\/wp-json\/wp\/v2\/posts"}],"about":[{"href":"https:\/\/exaequo-communication.fr\/index.php\/wp-json\/wp\/v2\/types\/post"}],"author":[{"embeddable":true,"href":"https:\/\/exaequo-communication.fr\/index.php\/wp-json\/wp\/v2\/users\/9"}],"replies":[{"embeddable":true,"href":"https:\/\/exaequo-communication.fr\/index.php\/wp-json\/wp\/v2\/comments?post=13879"}],"version-history":[{"count":0,"href":"https:\/\/exaequo-communication.fr\/index.php\/wp-json\/wp\/v2\/posts\/13879\/revisions"}],"wp:featuredmedia":[{"embeddable":true,"href":"https:\/\/exaequo-communication.fr\/index.php\/wp-json\/wp\/v2\/media\/13880"}],"wp:attachment":[{"href":"https:\/\/exaequo-communication.fr\/index.php\/wp-json\/wp\/v2\/media?parent=13879"}],"wp:term":[{"taxonomy":"category","embeddable":true,"href":"https:\/\/exaequo-communication.fr\/index.php\/wp-json\/wp\/v2\/categories?post=13879"},{"taxonomy":"post_tag","embeddable":true,"href":"https:\/\/exaequo-communication.fr\/index.php\/wp-json\/wp\/v2\/tags?post=13879"}],"curies":[{"name":"wp","href":"https:\/\/api.w.org\/{rel}","templated":true}]}}