{"id":13712,"date":"2022-07-01T11:24:18","date_gmt":"2022-07-01T09:24:18","guid":{"rendered":"https:\/\/exaequo-communication.fr\/?p=13712"},"modified":"2022-07-01T11:24:18","modified_gmt":"2022-07-01T09:24:18","slug":"cds-visite-gtec","status":"publish","type":"post","link":"https:\/\/exaequo-communication.fr\/index.php\/2022\/07\/01\/cds-visite-gtec\/","title":{"rendered":"Le Club du Sport a rendu visite \u00e0 GTEC Construction"},"content":{"rendered":"[vc_row type=\u00a0\u00bbin_container\u00a0\u00bb full_screen_row_position=\u00a0\u00bbmiddle\u00a0\u00bb column_margin=\u00a0\u00bbdefault\u00a0\u00bb column_direction=\u00a0\u00bbdefault\u00a0\u00bb column_direction_tablet=\u00a0\u00bbdefault\u00a0\u00bb column_direction_phone=\u00a0\u00bbdefault\u00a0\u00bb scene_position=\u00a0\u00bbcenter\u00a0\u00bb top_padding=\u00a0\u00bb10&Prime; text_color=\u00a0\u00bbdark\u00a0\u00bb text_align=\u00a0\u00bbleft\u00a0\u00bb row_border_radius=\u00a0\u00bbnone\u00a0\u00bb row_border_radius_applies=\u00a0\u00bbbg\u00a0\u00bb overlay_strength=\u00a0\u00bb0.3&Prime; gradient_direction=\u00a0\u00bbleft_to_right\u00a0\u00bb shape_divider_position=\u00a0\u00bbbottom\u00a0\u00bb bg_image_animation=\u00a0\u00bbnone\u00a0\u00bb shape_type=\u00a0\u00bb\u00a0\u00bb][vc_column column_padding=\u00a0\u00bbno-extra-padding\u00a0\u00bb column_padding_tablet=\u00a0\u00bbinherit\u00a0\u00bb column_padding_phone=\u00a0\u00bbinherit\u00a0\u00bb column_padding_position=\u00a0\u00bball\u00a0\u00bb background_color_opacity=\u00a0\u00bb1&Prime; background_hover_color_opacity=\u00a0\u00bb1&Prime; column_shadow=\u00a0\u00bbnone\u00a0\u00bb column_border_radius=\u00a0\u00bbnone\u00a0\u00bb column_link_target=\u00a0\u00bb_self\u00a0\u00bb gradient_direction=\u00a0\u00bbleft_to_right\u00a0\u00bb overlay_strength=\u00a0\u00bb0.3&Prime; width=\u00a0\u00bb1\/2&Prime; tablet_width_inherit=\u00a0\u00bbdefault\u00a0\u00bb tablet_text_alignment=\u00a0\u00bbdefault\u00a0\u00bb phone_text_alignment=\u00a0\u00bbdefault\u00a0\u00bb column_border_width=\u00a0\u00bbnone\u00a0\u00bb column_border_style=\u00a0\u00bbsolid\u00a0\u00bb bg_image_animation=\u00a0\u00bbnone\u00a0\u00bb][vc_gallery type=\u00a0\u00bbflexslider_style\u00a0\u00bb images=\u00a0\u00bb13713,13714,13716,13717,13718,13719,13720,13721,13722,13723,13724,13725&Prime; onclick=\u00a0\u00bblink_no\u00a0\u00bb][\/vc_column][vc_column column_padding=\u00a0\u00bbno-extra-padding\u00a0\u00bb column_padding_tablet=\u00a0\u00bbinherit\u00a0\u00bb column_padding_phone=\u00a0\u00bbinherit\u00a0\u00bb column_padding_position=\u00a0\u00bball\u00a0\u00bb background_color_opacity=\u00a0\u00bb1&Prime; background_hover_color_opacity=\u00a0\u00bb1&Prime; column_shadow=\u00a0\u00bbnone\u00a0\u00bb column_border_radius=\u00a0\u00bbnone\u00a0\u00bb column_link_target=\u00a0\u00bb_self\u00a0\u00bb gradient_direction=\u00a0\u00bbleft_to_right\u00a0\u00bb overlay_strength=\u00a0\u00bb0.3&Prime; width=\u00a0\u00bb1\/2&Prime; tablet_width_inherit=\u00a0\u00bbdefault\u00a0\u00bb tablet_text_alignment=\u00a0\u00bbdefault\u00a0\u00bb phone_text_alignment=\u00a0\u00bbdefault\u00a0\u00bb column_border_width=\u00a0\u00bbnone\u00a0\u00bb column_border_style=\u00a0\u00bbsolid\u00a0\u00bb bg_image_animation=\u00a0\u00bbnone\u00a0\u00bb][split_line_heading animation_type=\u00a0\u00bbdefault\u00a0\u00bb]\n<h3>Le Club du Sport a rendu visite \u00e0 l&rsquo;entreprise GTEC Construction<\/h3>\n<p>Le <strong><a href=\"https:\/\/exaequo-communication.fr\/index.php\/coaching-sportif\/\" target=\"_blank\" rel=\"noopener\">Club du Sport Exaequo<\/a>\u00a0<\/strong>a \u00e9t\u00e9 accueilli jeudi 30 juin par C\u00e9dric Morel et S\u00e9bastien, de la session du mardi \u00e0 Caen, au sein de leur entreprise, <strong><a href=\"https:\/\/www.gtec-construction.com\/\" target=\"_blank\" rel=\"noopener\">GTEC Construction<\/a><\/strong>.[\/split_line_heading][\/vc_column][\/vc_row][vc_row type=\u00a0\u00bbin_container\u00a0\u00bb full_screen_row_position=\u00a0\u00bbmiddle\u00a0\u00bb column_margin=\u00a0\u00bbdefault\u00a0\u00bb column_direction=\u00a0\u00bbdefault\u00a0\u00bb column_direction_tablet=\u00a0\u00bbdefault\u00a0\u00bb column_direction_phone=\u00a0\u00bbdefault\u00a0\u00bb scene_position=\u00a0\u00bbcenter\u00a0\u00bb text_color=\u00a0\u00bbdark\u00a0\u00bb text_align=\u00a0\u00bbleft\u00a0\u00bb row_border_radius=\u00a0\u00bbnone\u00a0\u00bb row_border_radius_applies=\u00a0\u00bbbg\u00a0\u00bb overlay_strength=\u00a0\u00bb0.3&Prime; gradient_direction=\u00a0\u00bbleft_to_right\u00a0\u00bb shape_divider_position=\u00a0\u00bbbottom\u00a0\u00bb bg_image_animation=\u00a0\u00bbnone\u00a0\u00bb][vc_column column_padding=\u00a0\u00bbno-extra-padding\u00a0\u00bb column_padding_tablet=\u00a0\u00bbinherit\u00a0\u00bb column_padding_phone=\u00a0\u00bbinherit\u00a0\u00bb column_padding_position=\u00a0\u00bball\u00a0\u00bb background_color_opacity=\u00a0\u00bb1&Prime; background_hover_color_opacity=\u00a0\u00bb1&Prime; column_shadow=\u00a0\u00bbnone\u00a0\u00bb column_border_radius=\u00a0\u00bbnone\u00a0\u00bb column_link_target=\u00a0\u00bb_self\u00a0\u00bb gradient_direction=\u00a0\u00bbleft_to_right\u00a0\u00bb overlay_strength=\u00a0\u00bb0.3&Prime; width=\u00a0\u00bb1\/1&Prime; tablet_width_inherit=\u00a0\u00bbdefault\u00a0\u00bb tablet_text_alignment=\u00a0\u00bbdefault\u00a0\u00bb phone_text_alignment=\u00a0\u00bbdefault\u00a0\u00bb column_border_width=\u00a0\u00bbnone\u00a0\u00bb column_border_style=\u00a0\u00bbsolid\u00a0\u00bb bg_image_animation=\u00a0\u00bbnone\u00a0\u00bb][vc_column_text]Ce jeudi 30 juin, C\u00e9dric et S\u00e9bastien accueillaient les sessions du Mardi et du Jeudi pour une visite de GTEC, entreprise situ\u00e9e \u00e0 POTIGNY.<\/p>\n<p>Cr\u00e9\u00e9e depuis 2018, son activit\u00e9 est tr\u00e8s diversifi\u00e9e\u00a0:<\/p>\n<p><strong>R\u00e9alisation, maintenance d&rsquo;installations \u00e9lectriques en courants forts et faibles, installations de g\u00e9nie thermique, climatique et \u00e9nerg\u00e9tique. Conception et r\u00e9alisation de projets tous corps d&rsquo;\u00e9tat dans le secteur du b\u00e2timent. Formation et conseil.<\/strong><\/p>\n<p>Lors de leur pr\u00e9sentation, les dirigeants ont bien insist\u00e9 sur l\u2019objectif de conserver un esprit familial aupr\u00e8s de leur 40 salari\u00e9s, et de ce fait, stabiliser leur activit\u00e9 afin de conserver une proximit\u00e9 et un bon suivi aupr\u00e8s de leur client reste une priorit\u00e9 de leur strat\u00e9gie.<\/p>\n<p>Cette visite s\u2019est termin\u00e9e autour d\u2019un buffet\u00a0.<\/p>\n<p><strong>Merci pour ce beau moment de partage.<\/strong>[\/vc_column_text][\/vc_column][\/vc_row]\n","protected":false},"excerpt":{"rendered":"<p>Le <strong><a href=\"https:\/\/exaequo-communication.fr\/index.php\/coaching-sportif\/\" target=\"_blank\" rel=\"noopener\">Club du Sport Exaequo<\/a>\u00a0<\/strong>a \u00e9t\u00e9 accueilli par C\u00e9dric Morel et S\u00e9bastien, de la session du mardi \u00e0 Caen, au sein de leur entreprise, <strong><a href=\"https:\/\/www.gtec-construction.com\/\" target=\"_blank\" rel=\"noopener\">GTEC Construction<\/a><\/strong>.<\/p>\n","protected":false},"author":9,"featured_media":13719,"comment_status":"closed","ping_status":"closed","sticky":false,"template":"","format":"standard","meta":{"footnotes":""},"categories":[1,179],"tags":[],"class_list":{"0":"post-13712","1":"post","2":"type-post","3":"status-publish","4":"format-standard","5":"has-post-thumbnail","7":"category-actualites","8":"category-coaching"},"yoast_head":"<!-- This site is optimized with the Yoast SEO plugin v27.0 - https:\/\/yoast.com\/product\/yoast-seo-wordpress\/ -->\n<title>Le Club du Sport a rendu visite \u00e0 GTEC Construction<\/title>\n<meta name=\"description\" content=\"Le Club du Sport Exaequo\u00a0a \u00e9t\u00e9 accueilli par C\u00e9dric Morel et S\u00e9bastien, au sein de leur entreprise, GTEC Construction.\" \/>\n<meta name=\"robots\" content=\"index, follow, max-snippet:-1, max-image-preview:large, max-video-preview:-1\" \/>\n<link rel=\"canonical\" href=\"https:\/\/exaequo-communication.fr\/index.php\/2022\/07\/01\/cds-visite-gtec\/\" \/>\n<meta property=\"og:locale\" content=\"fr_FR\" \/>\n<meta property=\"og:type\" content=\"article\" \/>\n<meta property=\"og:title\" content=\"Le Club du Sport a rendu visite \u00e0 GTEC Construction\" \/>\n<meta property=\"og:description\" content=\"Le Club du Sport Exaequo\u00a0a \u00e9t\u00e9 accueilli par C\u00e9dric Morel et S\u00e9bastien, au sein de leur entreprise, GTEC Construction.\" \/>\n<meta property=\"og:url\" content=\"https:\/\/exaequo-communication.fr\/index.php\/2022\/07\/01\/cds-visite-gtec\/\" \/>\n<meta property=\"og:site_name\" content=\"Exaequo communication\" \/>\n<meta property=\"article:published_time\" content=\"2022-07-01T09:24:18+00:00\" \/>\n<meta property=\"og:image\" content=\"https:\/\/exaequo-communication.fr\/wp-content\/uploads\/2022\/07\/WhatsApp-Image-2022-07-01-at-10.48.08.jpeg\" \/>\n\t<meta property=\"og:image:width\" content=\"1599\" \/>\n\t<meta property=\"og:image:height\" content=\"899\" \/>\n\t<meta property=\"og:image:type\" content=\"image\/jpeg\" \/>\n<meta name=\"author\" content=\"Louise\" \/>\n<meta name=\"twitter:card\" content=\"summary_large_image\" \/>\n<meta name=\"twitter:title\" content=\"Le Club du Sport a rendu visite \u00e0 GTEC Construction\" \/>\n<meta name=\"twitter:description\" content=\"Le Club du Sport Exaequo\u00a0a \u00e9t\u00e9 accueilli par C\u00e9dric Morel et S\u00e9bastien, au sein de leur entreprise, GTEC Construction.\" \/>\n<meta name=\"twitter:image\" content=\"https:\/\/exaequo-communication.fr\/wp-content\/uploads\/2022\/07\/WhatsApp-Image-2022-07-01-at-10.48.08.jpeg\" \/>\n<meta name=\"twitter:label1\" content=\"\u00c9crit par\" \/>\n\t<meta name=\"twitter:data1\" content=\"Louise\" \/>\n\t<meta name=\"twitter:label2\" content=\"Dur\u00e9e de lecture estim\u00e9e\" \/>\n\t<meta name=\"twitter:data2\" content=\"2 minutes\" \/>\n<script type=\"application\/ld+json\" class=\"yoast-schema-graph\">{\"@context\":\"https:\/\/schema.org\",\"@graph\":[{\"@type\":\"Article\",\"@id\":\"https:\/\/exaequo-communication.fr\/index.php\/2022\/07\/01\/cds-visite-gtec\/#article\",\"isPartOf\":{\"@id\":\"https:\/\/exaequo-communication.fr\/index.php\/2022\/07\/01\/cds-visite-gtec\/\"},\"author\":{\"name\":\"Louise\",\"@id\":\"https:\/\/exaequo-communication.fr\/#\/schema\/person\/0ff3d297bda23ca1cd161c11c3217513\"},\"headline\":\"Le Club du Sport a rendu visite \u00e0 GTEC Construction\",\"datePublished\":\"2022-07-01T09:24:18+00:00\",\"mainEntityOfPage\":{\"@id\":\"https:\/\/exaequo-communication.fr\/index.php\/2022\/07\/01\/cds-visite-gtec\/\"},\"wordCount\":546,\"image\":{\"@id\":\"https:\/\/exaequo-communication.fr\/index.php\/2022\/07\/01\/cds-visite-gtec\/#primaryimage\"},\"thumbnailUrl\":\"https:\/\/exaequo-communication.fr\/wp-content\/uploads\/2022\/07\/WhatsApp-Image-2022-07-01-at-10.48.08.jpeg\",\"articleSection\":[\"Actualit\u00e9s\",\"Coaching\"],\"inLanguage\":\"fr-FR\"},{\"@type\":\"WebPage\",\"@id\":\"https:\/\/exaequo-communication.fr\/index.php\/2022\/07\/01\/cds-visite-gtec\/\",\"url\":\"https:\/\/exaequo-communication.fr\/index.php\/2022\/07\/01\/cds-visite-gtec\/\",\"name\":\"Le Club du Sport a rendu visite \u00e0 GTEC Construction\",\"isPartOf\":{\"@id\":\"https:\/\/exaequo-communication.fr\/#website\"},\"primaryImageOfPage\":{\"@id\":\"https:\/\/exaequo-communication.fr\/index.php\/2022\/07\/01\/cds-visite-gtec\/#primaryimage\"},\"image\":{\"@id\":\"https:\/\/exaequo-communication.fr\/index.php\/2022\/07\/01\/cds-visite-gtec\/#primaryimage\"},\"thumbnailUrl\":\"https:\/\/exaequo-communication.fr\/wp-content\/uploads\/2022\/07\/WhatsApp-Image-2022-07-01-at-10.48.08.jpeg\",\"datePublished\":\"2022-07-01T09:24:18+00:00\",\"author\":{\"@id\":\"https:\/\/exaequo-communication.fr\/#\/schema\/person\/0ff3d297bda23ca1cd161c11c3217513\"},\"description\":\"Le Club du Sport Exaequo\u00a0a \u00e9t\u00e9 accueilli par C\u00e9dric Morel et S\u00e9bastien, au sein de leur entreprise, GTEC Construction.\",\"breadcrumb\":{\"@id\":\"https:\/\/exaequo-communication.fr\/index.php\/2022\/07\/01\/cds-visite-gtec\/#breadcrumb\"},\"inLanguage\":\"fr-FR\",\"potentialAction\":[{\"@type\":\"ReadAction\",\"target\":[\"https:\/\/exaequo-communication.fr\/index.php\/2022\/07\/01\/cds-visite-gtec\/\"]}]},{\"@type\":\"ImageObject\",\"inLanguage\":\"fr-FR\",\"@id\":\"https:\/\/exaequo-communication.fr\/index.php\/2022\/07\/01\/cds-visite-gtec\/#primaryimage\",\"url\":\"https:\/\/exaequo-communication.fr\/wp-content\/uploads\/2022\/07\/WhatsApp-Image-2022-07-01-at-10.48.08.jpeg\",\"contentUrl\":\"https:\/\/exaequo-communication.fr\/wp-content\/uploads\/2022\/07\/WhatsApp-Image-2022-07-01-at-10.48.08.jpeg\",\"width\":1599,\"height\":899,\"caption\":\"Visite entreprise Club du Sport Exaequo GTEC Construction\"},{\"@type\":\"BreadcrumbList\",\"@id\":\"https:\/\/exaequo-communication.fr\/index.php\/2022\/07\/01\/cds-visite-gtec\/#breadcrumb\",\"itemListElement\":[{\"@type\":\"ListItem\",\"position\":1,\"name\":\"Accueil\",\"item\":\"https:\/\/exaequo-communication.fr\/\"},{\"@type\":\"ListItem\",\"position\":2,\"name\":\"Le Club du Sport a rendu visite \u00e0 GTEC Construction\"}]},{\"@type\":\"WebSite\",\"@id\":\"https:\/\/exaequo-communication.fr\/#website\",\"url\":\"https:\/\/exaequo-communication.fr\/\",\"name\":\"Exaequo communication\",\"description\":\"\",\"potentialAction\":[{\"@type\":\"SearchAction\",\"target\":{\"@type\":\"EntryPoint\",\"urlTemplate\":\"https:\/\/exaequo-communication.fr\/?s={search_term_string}\"},\"query-input\":{\"@type\":\"PropertyValueSpecification\",\"valueRequired\":true,\"valueName\":\"search_term_string\"}}],\"inLanguage\":\"fr-FR\"},{\"@type\":\"Person\",\"@id\":\"https:\/\/exaequo-communication.fr\/#\/schema\/person\/0ff3d297bda23ca1cd161c11c3217513\",\"name\":\"Louise\",\"image\":{\"@type\":\"ImageObject\",\"inLanguage\":\"fr-FR\",\"@id\":\"https:\/\/exaequo-communication.fr\/#\/schema\/person\/image\/\",\"url\":\"https:\/\/secure.gravatar.com\/avatar\/c5e8367f32ffeff4cdf4e055d9e95263b7d031a01e929b3116e2b0d996065f4c?s=96&d=mm&r=g\",\"contentUrl\":\"https:\/\/secure.gravatar.com\/avatar\/c5e8367f32ffeff4cdf4e055d9e95263b7d031a01e929b3116e2b0d996065f4c?s=96&d=mm&r=g\",\"caption\":\"Louise\"},\"url\":\"https:\/\/exaequo-communication.fr\/index.php\/author\/louise\/\"}]}<\/script>\n<!-- \/ Yoast SEO plugin. -->","yoast_head_json":{"title":"Le Club du Sport a rendu visite \u00e0 GTEC Construction","description":"Le Club du Sport Exaequo\u00a0a \u00e9t\u00e9 accueilli par C\u00e9dric Morel et S\u00e9bastien, au sein de leur entreprise, GTEC Construction.","robots":{"index":"index","follow":"follow","max-snippet":"max-snippet:-1","max-image-preview":"max-image-preview:large","max-video-preview":"max-video-preview:-1"},"canonical":"https:\/\/exaequo-communication.fr\/index.php\/2022\/07\/01\/cds-visite-gtec\/","og_locale":"fr_FR","og_type":"article","og_title":"Le Club du Sport a rendu visite \u00e0 GTEC Construction","og_description":"Le Club du Sport Exaequo\u00a0a \u00e9t\u00e9 accueilli par C\u00e9dric Morel et S\u00e9bastien, au sein de leur entreprise, GTEC Construction.","og_url":"https:\/\/exaequo-communication.fr\/index.php\/2022\/07\/01\/cds-visite-gtec\/","og_site_name":"Exaequo communication","article_published_time":"2022-07-01T09:24:18+00:00","og_image":[{"width":1599,"height":899,"url":"https:\/\/exaequo-communication.fr\/wp-content\/uploads\/2022\/07\/WhatsApp-Image-2022-07-01-at-10.48.08.jpeg","type":"image\/jpeg"}],"author":"Louise","twitter_card":"summary_large_image","twitter_title":"Le Club du Sport a rendu visite \u00e0 GTEC Construction","twitter_description":"Le Club du Sport Exaequo\u00a0a \u00e9t\u00e9 accueilli par C\u00e9dric Morel et S\u00e9bastien, au sein de leur entreprise, GTEC Construction.","twitter_image":"https:\/\/exaequo-communication.fr\/wp-content\/uploads\/2022\/07\/WhatsApp-Image-2022-07-01-at-10.48.08.jpeg","twitter_misc":{"\u00c9crit par":"Louise","Dur\u00e9e de lecture estim\u00e9e":"2 minutes"},"schema":{"@context":"https:\/\/schema.org","@graph":[{"@type":"Article","@id":"https:\/\/exaequo-communication.fr\/index.php\/2022\/07\/01\/cds-visite-gtec\/#article","isPartOf":{"@id":"https:\/\/exaequo-communication.fr\/index.php\/2022\/07\/01\/cds-visite-gtec\/"},"author":{"name":"Louise","@id":"https:\/\/exaequo-communication.fr\/#\/schema\/person\/0ff3d297bda23ca1cd161c11c3217513"},"headline":"Le Club du Sport a rendu visite \u00e0 GTEC Construction","datePublished":"2022-07-01T09:24:18+00:00","mainEntityOfPage":{"@id":"https:\/\/exaequo-communication.fr\/index.php\/2022\/07\/01\/cds-visite-gtec\/"},"wordCount":546,"image":{"@id":"https:\/\/exaequo-communication.fr\/index.php\/2022\/07\/01\/cds-visite-gtec\/#primaryimage"},"thumbnailUrl":"https:\/\/exaequo-communication.fr\/wp-content\/uploads\/2022\/07\/WhatsApp-Image-2022-07-01-at-10.48.08.jpeg","articleSection":["Actualit\u00e9s","Coaching"],"inLanguage":"fr-FR"},{"@type":"WebPage","@id":"https:\/\/exaequo-communication.fr\/index.php\/2022\/07\/01\/cds-visite-gtec\/","url":"https:\/\/exaequo-communication.fr\/index.php\/2022\/07\/01\/cds-visite-gtec\/","name":"Le Club du Sport a rendu visite \u00e0 GTEC Construction","isPartOf":{"@id":"https:\/\/exaequo-communication.fr\/#website"},"primaryImageOfPage":{"@id":"https:\/\/exaequo-communication.fr\/index.php\/2022\/07\/01\/cds-visite-gtec\/#primaryimage"},"image":{"@id":"https:\/\/exaequo-communication.fr\/index.php\/2022\/07\/01\/cds-visite-gtec\/#primaryimage"},"thumbnailUrl":"https:\/\/exaequo-communication.fr\/wp-content\/uploads\/2022\/07\/WhatsApp-Image-2022-07-01-at-10.48.08.jpeg","datePublished":"2022-07-01T09:24:18+00:00","author":{"@id":"https:\/\/exaequo-communication.fr\/#\/schema\/person\/0ff3d297bda23ca1cd161c11c3217513"},"description":"Le Club du Sport Exaequo\u00a0a \u00e9t\u00e9 accueilli par C\u00e9dric Morel et S\u00e9bastien, au sein de leur entreprise, GTEC Construction.","breadcrumb":{"@id":"https:\/\/exaequo-communication.fr\/index.php\/2022\/07\/01\/cds-visite-gtec\/#breadcrumb"},"inLanguage":"fr-FR","potentialAction":[{"@type":"ReadAction","target":["https:\/\/exaequo-communication.fr\/index.php\/2022\/07\/01\/cds-visite-gtec\/"]}]},{"@type":"ImageObject","inLanguage":"fr-FR","@id":"https:\/\/exaequo-communication.fr\/index.php\/2022\/07\/01\/cds-visite-gtec\/#primaryimage","url":"https:\/\/exaequo-communication.fr\/wp-content\/uploads\/2022\/07\/WhatsApp-Image-2022-07-01-at-10.48.08.jpeg","contentUrl":"https:\/\/exaequo-communication.fr\/wp-content\/uploads\/2022\/07\/WhatsApp-Image-2022-07-01-at-10.48.08.jpeg","width":1599,"height":899,"caption":"Visite entreprise Club du Sport Exaequo GTEC Construction"},{"@type":"BreadcrumbList","@id":"https:\/\/exaequo-communication.fr\/index.php\/2022\/07\/01\/cds-visite-gtec\/#breadcrumb","itemListElement":[{"@type":"ListItem","position":1,"name":"Accueil","item":"https:\/\/exaequo-communication.fr\/"},{"@type":"ListItem","position":2,"name":"Le Club du Sport a rendu visite \u00e0 GTEC Construction"}]},{"@type":"WebSite","@id":"https:\/\/exaequo-communication.fr\/#website","url":"https:\/\/exaequo-communication.fr\/","name":"Exaequo communication","description":"","potentialAction":[{"@type":"SearchAction","target":{"@type":"EntryPoint","urlTemplate":"https:\/\/exaequo-communication.fr\/?s={search_term_string}"},"query-input":{"@type":"PropertyValueSpecification","valueRequired":true,"valueName":"search_term_string"}}],"inLanguage":"fr-FR"},{"@type":"Person","@id":"https:\/\/exaequo-communication.fr\/#\/schema\/person\/0ff3d297bda23ca1cd161c11c3217513","name":"Louise","image":{"@type":"ImageObject","inLanguage":"fr-FR","@id":"https:\/\/exaequo-communication.fr\/#\/schema\/person\/image\/","url":"https:\/\/secure.gravatar.com\/avatar\/c5e8367f32ffeff4cdf4e055d9e95263b7d031a01e929b3116e2b0d996065f4c?s=96&d=mm&r=g","contentUrl":"https:\/\/secure.gravatar.com\/avatar\/c5e8367f32ffeff4cdf4e055d9e95263b7d031a01e929b3116e2b0d996065f4c?s=96&d=mm&r=g","caption":"Louise"},"url":"https:\/\/exaequo-communication.fr\/index.php\/author\/louise\/"}]}},"_links":{"self":[{"href":"https:\/\/exaequo-communication.fr\/index.php\/wp-json\/wp\/v2\/posts\/13712","targetHints":{"allow":["GET"]}}],"collection":[{"href":"https:\/\/exaequo-communication.fr\/index.php\/wp-json\/wp\/v2\/posts"}],"about":[{"href":"https:\/\/exaequo-communication.fr\/index.php\/wp-json\/wp\/v2\/types\/post"}],"author":[{"embeddable":true,"href":"https:\/\/exaequo-communication.fr\/index.php\/wp-json\/wp\/v2\/users\/9"}],"replies":[{"embeddable":true,"href":"https:\/\/exaequo-communication.fr\/index.php\/wp-json\/wp\/v2\/comments?post=13712"}],"version-history":[{"count":1,"href":"https:\/\/exaequo-communication.fr\/index.php\/wp-json\/wp\/v2\/posts\/13712\/revisions"}],"predecessor-version":[{"id":14562,"href":"https:\/\/exaequo-communication.fr\/index.php\/wp-json\/wp\/v2\/posts\/13712\/revisions\/14562"}],"wp:featuredmedia":[{"embeddable":true,"href":"https:\/\/exaequo-communication.fr\/index.php\/wp-json\/wp\/v2\/media\/13719"}],"wp:attachment":[{"href":"https:\/\/exaequo-communication.fr\/index.php\/wp-json\/wp\/v2\/media?parent=13712"}],"wp:term":[{"taxonomy":"category","embeddable":true,"href":"https:\/\/exaequo-communication.fr\/index.php\/wp-json\/wp\/v2\/categories?post=13712"},{"taxonomy":"post_tag","embeddable":true,"href":"https:\/\/exaequo-communication.fr\/index.php\/wp-json\/wp\/v2\/tags?post=13712"}],"curies":[{"name":"wp","href":"https:\/\/api.w.org\/{rel}","templated":true}]}}