{"id":13641,"date":"2022-05-23T10:38:50","date_gmt":"2022-05-23T08:38:50","guid":{"rendered":"https:\/\/exaequo-communication.fr\/?p=13641"},"modified":"2022-05-23T16:08:47","modified_gmt":"2022-05-23T14:08:47","slug":"70-ans-cmeg","status":"publish","type":"post","link":"https:\/\/exaequo-communication.fr\/index.php\/2022\/05\/23\/70-ans-cmeg\/","title":{"rendered":"Retour sur les 70 ans de CMEG"},"content":{"rendered":"[vc_row type=\u00a0\u00bbin_container\u00a0\u00bb full_screen_row_position=\u00a0\u00bbmiddle\u00a0\u00bb column_margin=\u00a0\u00bbdefault\u00a0\u00bb column_direction=\u00a0\u00bbdefault\u00a0\u00bb column_direction_tablet=\u00a0\u00bbdefault\u00a0\u00bb column_direction_phone=\u00a0\u00bbdefault\u00a0\u00bb scene_position=\u00a0\u00bbcenter\u00a0\u00bb top_padding=\u00a0\u00bb10&Prime; text_color=\u00a0\u00bbdark\u00a0\u00bb text_align=\u00a0\u00bbleft\u00a0\u00bb row_border_radius=\u00a0\u00bbnone\u00a0\u00bb row_border_radius_applies=\u00a0\u00bbbg\u00a0\u00bb overlay_strength=\u00a0\u00bb0.3&Prime; gradient_direction=\u00a0\u00bbleft_to_right\u00a0\u00bb shape_divider_position=\u00a0\u00bbbottom\u00a0\u00bb bg_image_animation=\u00a0\u00bbnone\u00a0\u00bb shape_type=\u00a0\u00bb\u00a0\u00bb][vc_column column_padding=\u00a0\u00bbno-extra-padding\u00a0\u00bb column_padding_tablet=\u00a0\u00bbinherit\u00a0\u00bb column_padding_phone=\u00a0\u00bbinherit\u00a0\u00bb column_padding_position=\u00a0\u00bball\u00a0\u00bb background_color_opacity=\u00a0\u00bb1&Prime; background_hover_color_opacity=\u00a0\u00bb1&Prime; column_shadow=\u00a0\u00bbnone\u00a0\u00bb column_border_radius=\u00a0\u00bbnone\u00a0\u00bb column_link_target=\u00a0\u00bb_self\u00a0\u00bb gradient_direction=\u00a0\u00bbleft_to_right\u00a0\u00bb overlay_strength=\u00a0\u00bb0.3&Prime; width=\u00a0\u00bb1\/2&Prime; tablet_width_inherit=\u00a0\u00bbdefault\u00a0\u00bb tablet_text_alignment=\u00a0\u00bbdefault\u00a0\u00bb phone_text_alignment=\u00a0\u00bbdefault\u00a0\u00bb column_border_width=\u00a0\u00bbnone\u00a0\u00bb column_border_style=\u00a0\u00bbsolid\u00a0\u00bb bg_image_animation=\u00a0\u00bbnone\u00a0\u00bb][vc_gallery type=\u00a0\u00bbflexslider_style\u00a0\u00bb images=\u00a0\u00bb13650,13651,13652,13653,13654,13655,13656,13657,13658,13659,13660,13661&Prime; onclick=\u00a0\u00bblink_no\u00a0\u00bb hover_anim=\u00a0\u00bbfade-out\u00a0\u00bb][\/vc_column][vc_column column_padding=\u00a0\u00bbno-extra-padding\u00a0\u00bb column_padding_tablet=\u00a0\u00bbinherit\u00a0\u00bb column_padding_phone=\u00a0\u00bbinherit\u00a0\u00bb column_padding_position=\u00a0\u00bball\u00a0\u00bb background_color_opacity=\u00a0\u00bb1&Prime; background_hover_color_opacity=\u00a0\u00bb1&Prime; column_shadow=\u00a0\u00bbnone\u00a0\u00bb column_border_radius=\u00a0\u00bbnone\u00a0\u00bb column_link_target=\u00a0\u00bb_self\u00a0\u00bb gradient_direction=\u00a0\u00bbleft_to_right\u00a0\u00bb overlay_strength=\u00a0\u00bb0.3&Prime; width=\u00a0\u00bb1\/2&Prime; tablet_width_inherit=\u00a0\u00bbdefault\u00a0\u00bb tablet_text_alignment=\u00a0\u00bbdefault\u00a0\u00bb phone_text_alignment=\u00a0\u00bbdefault\u00a0\u00bb column_border_width=\u00a0\u00bbnone\u00a0\u00bb column_border_style=\u00a0\u00bbsolid\u00a0\u00bb bg_image_animation=\u00a0\u00bbnone\u00a0\u00bb][split_line_heading animation_type=\u00a0\u00bbdefault\u00a0\u00bb]\n<h3>Une journ\u00e9e d&rsquo;animations pour f\u00eater les 70 ans de CMEG<\/h3>\n<p>Le temps d&rsquo;une journ\u00e9e, les \u00e9quipes de <strong><a href=\"http:\/\/www.cmeg.fr\/accueil.html\" target=\"_blank\" rel=\"noopener\">CMEG<\/a><\/strong> ont pu r\u00e9unir leurs collaborateurs pour f\u00eater leur 70\u00e8me anniversaire. Au programme de la matin\u00e9e, un d\u00e9fi cycliste pour une centaine de kilom\u00e8tres au d\u00e9part du si\u00e8ge \u00e0 Caen pour rejoindre Le Havre.<\/p>\n<p>Puis, l&rsquo;apr\u00e8s-midi, ils ont rejoint le centre-ville du Havre pour participer \u00e0 un jeu de piste dans toute la ville \u00e0 la d\u00e9couverte des monuments historiques et des chantiers embl\u00e9matiques de l&rsquo;entreprise.<\/p>\n<p>Pour cl\u00f4turer ces presque 24h d&rsquo;animations, les collaborateurs avaient rendez-vous pour une soir\u00e9e retra\u00e7ant l&rsquo;histoire de CMEG.[\/split_line_heading][\/vc_column][\/vc_row][vc_row type=\u00a0\u00bbin_container\u00a0\u00bb full_screen_row_position=\u00a0\u00bbmiddle\u00a0\u00bb column_margin=\u00a0\u00bbdefault\u00a0\u00bb column_direction=\u00a0\u00bbdefault\u00a0\u00bb column_direction_tablet=\u00a0\u00bbdefault\u00a0\u00bb column_direction_phone=\u00a0\u00bbdefault\u00a0\u00bb scene_position=\u00a0\u00bbcenter\u00a0\u00bb text_color=\u00a0\u00bbdark\u00a0\u00bb text_align=\u00a0\u00bbleft\u00a0\u00bb row_border_radius=\u00a0\u00bbnone\u00a0\u00bb row_border_radius_applies=\u00a0\u00bbbg\u00a0\u00bb overlay_strength=\u00a0\u00bb0.3&Prime; gradient_direction=\u00a0\u00bbleft_to_right\u00a0\u00bb shape_divider_position=\u00a0\u00bbbottom\u00a0\u00bb bg_image_animation=\u00a0\u00bbnone\u00a0\u00bb][vc_column column_padding=\u00a0\u00bbno-extra-padding\u00a0\u00bb column_padding_tablet=\u00a0\u00bbinherit\u00a0\u00bb column_padding_phone=\u00a0\u00bbinherit\u00a0\u00bb column_padding_position=\u00a0\u00bball\u00a0\u00bb background_color_opacity=\u00a0\u00bb1&Prime; background_hover_color_opacity=\u00a0\u00bb1&Prime; column_shadow=\u00a0\u00bbnone\u00a0\u00bb column_border_radius=\u00a0\u00bbnone\u00a0\u00bb column_link_target=\u00a0\u00bb_self\u00a0\u00bb gradient_direction=\u00a0\u00bbleft_to_right\u00a0\u00bb overlay_strength=\u00a0\u00bb0.3&Prime; width=\u00a0\u00bb1\/1&Prime; tablet_width_inherit=\u00a0\u00bbdefault\u00a0\u00bb tablet_text_alignment=\u00a0\u00bbdefault\u00a0\u00bb phone_text_alignment=\u00a0\u00bbdefault\u00a0\u00bb column_border_width=\u00a0\u00bbnone\u00a0\u00bb column_border_style=\u00a0\u00bbsolid\u00a0\u00bb bg_image_animation=\u00a0\u00bbnone\u00a0\u00bb][vc_column_text]Afin de proposer une animation festive et ludique \u00e0 ses collaborateurs, l&rsquo;entreprise <strong><a href=\"http:\/\/www.cmeg.fr\/accueil.html\" target=\"_blank\" rel=\"noopener\">CMEG<\/a><\/strong> a fait appel \u00e0 l&rsquo;\u00e9quipe Exaequo pour c\u00e9l\u00e9brer ses 70 ans d&rsquo;existence. <strong>Au programme : un d\u00e9fi v\u00e9lo, un jeu de piste et une soir\u00e9e anim\u00e9e.<\/strong><\/p>\n<h3>LE BRIEF :<\/h3>\n<div class=\"col span_12 dark left\">\n<div class=\"vc_col-sm-12 wpb_column column_container vc_column_container col no-extra-padding instance-2\" data-t-w-inherits=\"default\" data-border-radius=\"none\" data-shadow=\"none\" data-border-animation=\"\" data-border-animation-delay=\"\" data-border-width=\"none\" data-border-style=\"solid\" data-border-color=\"\" data-bg-cover=\"\" data-padding-pos=\"all\" data-has-bg-color=\"false\" data-bg-color=\"\" data-bg-opacity=\"1\" data-hover-bg=\"\" data-hover-bg-opacity=\"1\" data-animation=\"\" data-delay=\"0\">\n<div class=\"vc_column-inner\">\n<div class=\"wpb_wrapper\">\n<div class=\"wpb_text_column wpb_content_element \">\n<div class=\"wpb_wrapper\">\n<ul>\n<li>Proposer deux activit\u00e9s pour faire d\u00e9couvrir Le Havre.<\/li>\n<li>Organiser un challenge par \u00e9quipe pour permettre aux collaborateurs de se r\u00e9unir autour d&rsquo;un objectif commun.<\/li>\n<li>Concevoir une soir\u00e9e m\u00e9morable permettant de c\u00e9l\u00e9brer les 70 ans de l&rsquo;entreprise.<\/li>\n<\/ul>\n<h3>LA R\u00c9PONSE D\u2019EXAEQUO :<\/h3>\n<p>Une journ\u00e9e en 3 temps organis\u00e9e entre Caen et Le Havre. Tout d&rsquo;abord, les participants avaient rendez-vous pour <strong>un d\u00e9fi v\u00e9lo de 100km<\/strong> au d\u00e9part de Caen et avec comme destination Le Havre. Un bon moyen de symboliser l&rsquo;ancrage territorial de la SCOP sur l&rsquo;ensemble de la Normandie.<\/p>\n<p>Suivi par une <strong>d\u00e9couverte de la ville du Havre \u00e0 travers un jeu de piste<\/strong>. Les collaborateurs ont pu arpenter les rues de la ville tout en d\u00e9couvrant les monuments historiques et les r\u00e9alisations architecturales de CMEG. Ils ont aussi pu prendre le bateau pour en apprendre davantage sur l&rsquo;histoire du Port.<\/p>\n<p>Afin de cl\u00f4turer cette journ\u00e9e d&rsquo;anniversaire comme il se doit, <strong>tous les invit\u00e9s se sont retrouv\u00e9s dans une belle salle du Havre pour une soir\u00e9e anim\u00e9e<\/strong>. Au programme de cette soir\u00e9e, une r\u00e9trospective de l&rsquo;histoire de l&rsquo;entreprise CMEG et une pr\u00e9sentation de son avenir.<\/p>\n<h3>LE BILAN :<\/h3>\n<p><strong>Un m\u00e9lange de d\u00e9couvertes, de souvenirs et de partage<\/strong> qui ont r\u00e9ellement permis aux participants de se r\u00e9unir autour d&rsquo;une journ\u00e9e tous ensemble pour f\u00eater au mieux les 70 ans d&rsquo;existence de leur entreprise.<\/p>\n<p>Tous les participants ont pu repartir avec une m\u00e9daille symbolisant les 70 ans de la soci\u00e9t\u00e9 CMEG et la journ\u00e9e m\u00e9morable qu&rsquo;ils venaient de passer.<\/p>\n<\/div>\n<\/div>\n<\/div>\n<\/div>\n<\/div>\n<\/div>\n<p>Int\u00e9ress\u00e9 par ces animations ? N&rsquo;h\u00e9sitez pas \u00e0 nous contacter en <strong><a href=\"https:\/\/exaequo-communication.fr\/index.php\/contact\/\" target=\"_blank\" rel=\"noopener\">cliquant ici<\/a><\/strong>.<\/p>\n<p>Pour en savoir plus sur CMEG, <strong><a href=\"http:\/\/www.cmeg.fr\/accueil.html\" target=\"_blank\" rel=\"noopener noreferrer\">cliquez ici<\/a><\/strong>.[\/vc_column_text][\/vc_column][\/vc_row]\n","protected":false},"excerpt":{"rendered":"<p>Le temps d&rsquo;une journ\u00e9e, les \u00e9quipes de <strong><a href=\"http:\/\/www.cmeg.fr\/accueil.html\" target=\"_blank\" rel=\"noopener\">CMEG<\/a><\/strong> ont pu r\u00e9unir leurs collaborateurs pour f\u00eater leur 70\u00e8me anniversaire.<\/p>\n","protected":false},"author":9,"featured_media":13659,"comment_status":"closed","ping_status":"closed","sticky":false,"template":"","format":"standard","meta":{"footnotes":""},"categories":[1,176,178],"tags":[],"class_list":{"0":"post-13641","1":"post","2":"type-post","3":"status-publish","4":"format-standard","5":"has-post-thumbnail","7":"category-actualites","8":"category-corporate","9":"category-team-building"},"yoast_head":"<!-- This site is optimized with the Yoast SEO plugin v27.0 - https:\/\/yoast.com\/product\/yoast-seo-wordpress\/ -->\n<title>Retour sur les 70 ans de CMEG - Exaequo Communication<\/title>\n<meta name=\"description\" content=\"Le temps d&#039;une journ\u00e9e, les \u00e9quipes de CMEG ont pu r\u00e9unir leurs collaborateurs pour f\u00eater leur 70\u00e8me anniversaire.\" \/>\n<meta name=\"robots\" content=\"index, follow, max-snippet:-1, max-image-preview:large, max-video-preview:-1\" \/>\n<link rel=\"canonical\" href=\"https:\/\/exaequo-communication.fr\/index.php\/2022\/05\/23\/70-ans-cmeg\/\" \/>\n<meta property=\"og:locale\" content=\"fr_FR\" \/>\n<meta property=\"og:type\" content=\"article\" \/>\n<meta property=\"og:title\" content=\"Retour sur les 70 ans de CMEG\" \/>\n<meta property=\"og:description\" content=\"Le temps d&#039;une journ\u00e9e, les \u00e9quipes de CMEG ont pu r\u00e9unir leurs collaborateurs pour f\u00eater leur 70\u00e8me anniversaire.\" \/>\n<meta property=\"og:url\" content=\"https:\/\/exaequo-communication.fr\/index.php\/2022\/05\/23\/70-ans-cmeg\/\" \/>\n<meta property=\"og:site_name\" content=\"Exaequo communication\" \/>\n<meta property=\"article:published_time\" content=\"2022-05-23T08:38:50+00:00\" \/>\n<meta property=\"article:modified_time\" content=\"2022-05-23T14:08:47+00:00\" \/>\n<meta property=\"og:image\" content=\"https:\/\/exaequo-communication.fr\/wp-content\/uploads\/2022\/05\/CMEG-70-ans-139\u00a9laurentbesnehard.com_.jpg\" \/>\n\t<meta property=\"og:image:width\" content=\"1634\" \/>\n\t<meta property=\"og:image:height\" content=\"1024\" \/>\n\t<meta property=\"og:image:type\" content=\"image\/jpeg\" \/>\n<meta name=\"author\" content=\"Louise\" \/>\n<meta name=\"twitter:card\" content=\"summary_large_image\" \/>\n<meta name=\"twitter:title\" content=\"Retour sur les 70 ans de CMEG\" \/>\n<meta name=\"twitter:description\" content=\"Le temps d&#039;une journ\u00e9e, les \u00e9quipes de CMEG ont pu r\u00e9unir leurs collaborateurs pour f\u00eater leur 70\u00e8me anniversaire.\" \/>\n<meta name=\"twitter:image\" content=\"https:\/\/exaequo-communication.fr\/wp-content\/uploads\/2022\/05\/CMEG-70-ans-139\u00a9laurentbesnehard.com_.jpg\" \/>\n<meta name=\"twitter:label1\" content=\"\u00c9crit par\" \/>\n\t<meta name=\"twitter:data1\" content=\"Louise\" \/>\n\t<meta name=\"twitter:label2\" content=\"Dur\u00e9e de lecture estim\u00e9e\" \/>\n\t<meta name=\"twitter:data2\" content=\"3 minutes\" \/>\n<script type=\"application\/ld+json\" class=\"yoast-schema-graph\">{\"@context\":\"https:\/\/schema.org\",\"@graph\":[{\"@type\":\"Article\",\"@id\":\"https:\/\/exaequo-communication.fr\/index.php\/2022\/05\/23\/70-ans-cmeg\/#article\",\"isPartOf\":{\"@id\":\"https:\/\/exaequo-communication.fr\/index.php\/2022\/05\/23\/70-ans-cmeg\/\"},\"author\":{\"name\":\"Louise\",\"@id\":\"https:\/\/exaequo-communication.fr\/#\/schema\/person\/0ff3d297bda23ca1cd161c11c3217513\"},\"headline\":\"Retour sur les 70 ans de CMEG\",\"datePublished\":\"2022-05-23T08:38:50+00:00\",\"dateModified\":\"2022-05-23T14:08:47+00:00\",\"mainEntityOfPage\":{\"@id\":\"https:\/\/exaequo-communication.fr\/index.php\/2022\/05\/23\/70-ans-cmeg\/\"},\"wordCount\":835,\"image\":{\"@id\":\"https:\/\/exaequo-communication.fr\/index.php\/2022\/05\/23\/70-ans-cmeg\/#primaryimage\"},\"thumbnailUrl\":\"https:\/\/exaequo-communication.fr\/wp-content\/uploads\/2022\/05\/CMEG-70-ans-139\u00a9laurentbesnehard.com_.jpg\",\"articleSection\":[\"Actualit\u00e9s\",\"Corporate\",\"Team Building\"],\"inLanguage\":\"fr-FR\"},{\"@type\":\"WebPage\",\"@id\":\"https:\/\/exaequo-communication.fr\/index.php\/2022\/05\/23\/70-ans-cmeg\/\",\"url\":\"https:\/\/exaequo-communication.fr\/index.php\/2022\/05\/23\/70-ans-cmeg\/\",\"name\":\"Retour sur les 70 ans de CMEG - Exaequo Communication\",\"isPartOf\":{\"@id\":\"https:\/\/exaequo-communication.fr\/#website\"},\"primaryImageOfPage\":{\"@id\":\"https:\/\/exaequo-communication.fr\/index.php\/2022\/05\/23\/70-ans-cmeg\/#primaryimage\"},\"image\":{\"@id\":\"https:\/\/exaequo-communication.fr\/index.php\/2022\/05\/23\/70-ans-cmeg\/#primaryimage\"},\"thumbnailUrl\":\"https:\/\/exaequo-communication.fr\/wp-content\/uploads\/2022\/05\/CMEG-70-ans-139\u00a9laurentbesnehard.com_.jpg\",\"datePublished\":\"2022-05-23T08:38:50+00:00\",\"dateModified\":\"2022-05-23T14:08:47+00:00\",\"author\":{\"@id\":\"https:\/\/exaequo-communication.fr\/#\/schema\/person\/0ff3d297bda23ca1cd161c11c3217513\"},\"description\":\"Le temps d'une journ\u00e9e, les \u00e9quipes de CMEG ont pu r\u00e9unir leurs collaborateurs pour f\u00eater leur 70\u00e8me anniversaire.\",\"breadcrumb\":{\"@id\":\"https:\/\/exaequo-communication.fr\/index.php\/2022\/05\/23\/70-ans-cmeg\/#breadcrumb\"},\"inLanguage\":\"fr-FR\",\"potentialAction\":[{\"@type\":\"ReadAction\",\"target\":[\"https:\/\/exaequo-communication.fr\/index.php\/2022\/05\/23\/70-ans-cmeg\/\"]}]},{\"@type\":\"ImageObject\",\"inLanguage\":\"fr-FR\",\"@id\":\"https:\/\/exaequo-communication.fr\/index.php\/2022\/05\/23\/70-ans-cmeg\/#primaryimage\",\"url\":\"https:\/\/exaequo-communication.fr\/wp-content\/uploads\/2022\/05\/CMEG-70-ans-139\u00a9laurentbesnehard.com_.jpg\",\"contentUrl\":\"https:\/\/exaequo-communication.fr\/wp-content\/uploads\/2022\/05\/CMEG-70-ans-139\u00a9laurentbesnehard.com_.jpg\",\"width\":1634,\"height\":1024,\"caption\":\"Soir\u00e9e anniversaire CMEG collaborateurs chef d'entreprise exaequo CMEG\"},{\"@type\":\"BreadcrumbList\",\"@id\":\"https:\/\/exaequo-communication.fr\/index.php\/2022\/05\/23\/70-ans-cmeg\/#breadcrumb\",\"itemListElement\":[{\"@type\":\"ListItem\",\"position\":1,\"name\":\"Accueil\",\"item\":\"https:\/\/exaequo-communication.fr\/\"},{\"@type\":\"ListItem\",\"position\":2,\"name\":\"Retour sur les 70 ans de CMEG\"}]},{\"@type\":\"WebSite\",\"@id\":\"https:\/\/exaequo-communication.fr\/#website\",\"url\":\"https:\/\/exaequo-communication.fr\/\",\"name\":\"Exaequo communication\",\"description\":\"\",\"potentialAction\":[{\"@type\":\"SearchAction\",\"target\":{\"@type\":\"EntryPoint\",\"urlTemplate\":\"https:\/\/exaequo-communication.fr\/?s={search_term_string}\"},\"query-input\":{\"@type\":\"PropertyValueSpecification\",\"valueRequired\":true,\"valueName\":\"search_term_string\"}}],\"inLanguage\":\"fr-FR\"},{\"@type\":\"Person\",\"@id\":\"https:\/\/exaequo-communication.fr\/#\/schema\/person\/0ff3d297bda23ca1cd161c11c3217513\",\"name\":\"Louise\",\"image\":{\"@type\":\"ImageObject\",\"inLanguage\":\"fr-FR\",\"@id\":\"https:\/\/exaequo-communication.fr\/#\/schema\/person\/image\/\",\"url\":\"https:\/\/secure.gravatar.com\/avatar\/c5e8367f32ffeff4cdf4e055d9e95263b7d031a01e929b3116e2b0d996065f4c?s=96&d=mm&r=g\",\"contentUrl\":\"https:\/\/secure.gravatar.com\/avatar\/c5e8367f32ffeff4cdf4e055d9e95263b7d031a01e929b3116e2b0d996065f4c?s=96&d=mm&r=g\",\"caption\":\"Louise\"},\"url\":\"https:\/\/exaequo-communication.fr\/index.php\/author\/louise\/\"}]}<\/script>\n<!-- \/ Yoast SEO plugin. -->","yoast_head_json":{"title":"Retour sur les 70 ans de CMEG - Exaequo Communication","description":"Le temps d'une journ\u00e9e, les \u00e9quipes de CMEG ont pu r\u00e9unir leurs collaborateurs pour f\u00eater leur 70\u00e8me anniversaire.","robots":{"index":"index","follow":"follow","max-snippet":"max-snippet:-1","max-image-preview":"max-image-preview:large","max-video-preview":"max-video-preview:-1"},"canonical":"https:\/\/exaequo-communication.fr\/index.php\/2022\/05\/23\/70-ans-cmeg\/","og_locale":"fr_FR","og_type":"article","og_title":"Retour sur les 70 ans de CMEG","og_description":"Le temps d'une journ\u00e9e, les \u00e9quipes de CMEG ont pu r\u00e9unir leurs collaborateurs pour f\u00eater leur 70\u00e8me anniversaire.","og_url":"https:\/\/exaequo-communication.fr\/index.php\/2022\/05\/23\/70-ans-cmeg\/","og_site_name":"Exaequo communication","article_published_time":"2022-05-23T08:38:50+00:00","article_modified_time":"2022-05-23T14:08:47+00:00","og_image":[{"width":1634,"height":1024,"url":"https:\/\/exaequo-communication.fr\/wp-content\/uploads\/2022\/05\/CMEG-70-ans-139\u00a9laurentbesnehard.com_.jpg","type":"image\/jpeg"}],"author":"Louise","twitter_card":"summary_large_image","twitter_title":"Retour sur les 70 ans de CMEG","twitter_description":"Le temps d'une journ\u00e9e, les \u00e9quipes de CMEG ont pu r\u00e9unir leurs collaborateurs pour f\u00eater leur 70\u00e8me anniversaire.","twitter_image":"https:\/\/exaequo-communication.fr\/wp-content\/uploads\/2022\/05\/CMEG-70-ans-139\u00a9laurentbesnehard.com_.jpg","twitter_misc":{"\u00c9crit par":"Louise","Dur\u00e9e de lecture estim\u00e9e":"3 minutes"},"schema":{"@context":"https:\/\/schema.org","@graph":[{"@type":"Article","@id":"https:\/\/exaequo-communication.fr\/index.php\/2022\/05\/23\/70-ans-cmeg\/#article","isPartOf":{"@id":"https:\/\/exaequo-communication.fr\/index.php\/2022\/05\/23\/70-ans-cmeg\/"},"author":{"name":"Louise","@id":"https:\/\/exaequo-communication.fr\/#\/schema\/person\/0ff3d297bda23ca1cd161c11c3217513"},"headline":"Retour sur les 70 ans de CMEG","datePublished":"2022-05-23T08:38:50+00:00","dateModified":"2022-05-23T14:08:47+00:00","mainEntityOfPage":{"@id":"https:\/\/exaequo-communication.fr\/index.php\/2022\/05\/23\/70-ans-cmeg\/"},"wordCount":835,"image":{"@id":"https:\/\/exaequo-communication.fr\/index.php\/2022\/05\/23\/70-ans-cmeg\/#primaryimage"},"thumbnailUrl":"https:\/\/exaequo-communication.fr\/wp-content\/uploads\/2022\/05\/CMEG-70-ans-139\u00a9laurentbesnehard.com_.jpg","articleSection":["Actualit\u00e9s","Corporate","Team Building"],"inLanguage":"fr-FR"},{"@type":"WebPage","@id":"https:\/\/exaequo-communication.fr\/index.php\/2022\/05\/23\/70-ans-cmeg\/","url":"https:\/\/exaequo-communication.fr\/index.php\/2022\/05\/23\/70-ans-cmeg\/","name":"Retour sur les 70 ans de CMEG - Exaequo Communication","isPartOf":{"@id":"https:\/\/exaequo-communication.fr\/#website"},"primaryImageOfPage":{"@id":"https:\/\/exaequo-communication.fr\/index.php\/2022\/05\/23\/70-ans-cmeg\/#primaryimage"},"image":{"@id":"https:\/\/exaequo-communication.fr\/index.php\/2022\/05\/23\/70-ans-cmeg\/#primaryimage"},"thumbnailUrl":"https:\/\/exaequo-communication.fr\/wp-content\/uploads\/2022\/05\/CMEG-70-ans-139\u00a9laurentbesnehard.com_.jpg","datePublished":"2022-05-23T08:38:50+00:00","dateModified":"2022-05-23T14:08:47+00:00","author":{"@id":"https:\/\/exaequo-communication.fr\/#\/schema\/person\/0ff3d297bda23ca1cd161c11c3217513"},"description":"Le temps d'une journ\u00e9e, les \u00e9quipes de CMEG ont pu r\u00e9unir leurs collaborateurs pour f\u00eater leur 70\u00e8me anniversaire.","breadcrumb":{"@id":"https:\/\/exaequo-communication.fr\/index.php\/2022\/05\/23\/70-ans-cmeg\/#breadcrumb"},"inLanguage":"fr-FR","potentialAction":[{"@type":"ReadAction","target":["https:\/\/exaequo-communication.fr\/index.php\/2022\/05\/23\/70-ans-cmeg\/"]}]},{"@type":"ImageObject","inLanguage":"fr-FR","@id":"https:\/\/exaequo-communication.fr\/index.php\/2022\/05\/23\/70-ans-cmeg\/#primaryimage","url":"https:\/\/exaequo-communication.fr\/wp-content\/uploads\/2022\/05\/CMEG-70-ans-139\u00a9laurentbesnehard.com_.jpg","contentUrl":"https:\/\/exaequo-communication.fr\/wp-content\/uploads\/2022\/05\/CMEG-70-ans-139\u00a9laurentbesnehard.com_.jpg","width":1634,"height":1024,"caption":"Soir\u00e9e anniversaire CMEG collaborateurs chef d'entreprise exaequo CMEG"},{"@type":"BreadcrumbList","@id":"https:\/\/exaequo-communication.fr\/index.php\/2022\/05\/23\/70-ans-cmeg\/#breadcrumb","itemListElement":[{"@type":"ListItem","position":1,"name":"Accueil","item":"https:\/\/exaequo-communication.fr\/"},{"@type":"ListItem","position":2,"name":"Retour sur les 70 ans de CMEG"}]},{"@type":"WebSite","@id":"https:\/\/exaequo-communication.fr\/#website","url":"https:\/\/exaequo-communication.fr\/","name":"Exaequo communication","description":"","potentialAction":[{"@type":"SearchAction","target":{"@type":"EntryPoint","urlTemplate":"https:\/\/exaequo-communication.fr\/?s={search_term_string}"},"query-input":{"@type":"PropertyValueSpecification","valueRequired":true,"valueName":"search_term_string"}}],"inLanguage":"fr-FR"},{"@type":"Person","@id":"https:\/\/exaequo-communication.fr\/#\/schema\/person\/0ff3d297bda23ca1cd161c11c3217513","name":"Louise","image":{"@type":"ImageObject","inLanguage":"fr-FR","@id":"https:\/\/exaequo-communication.fr\/#\/schema\/person\/image\/","url":"https:\/\/secure.gravatar.com\/avatar\/c5e8367f32ffeff4cdf4e055d9e95263b7d031a01e929b3116e2b0d996065f4c?s=96&d=mm&r=g","contentUrl":"https:\/\/secure.gravatar.com\/avatar\/c5e8367f32ffeff4cdf4e055d9e95263b7d031a01e929b3116e2b0d996065f4c?s=96&d=mm&r=g","caption":"Louise"},"url":"https:\/\/exaequo-communication.fr\/index.php\/author\/louise\/"}]}},"_links":{"self":[{"href":"https:\/\/exaequo-communication.fr\/index.php\/wp-json\/wp\/v2\/posts\/13641","targetHints":{"allow":["GET"]}}],"collection":[{"href":"https:\/\/exaequo-communication.fr\/index.php\/wp-json\/wp\/v2\/posts"}],"about":[{"href":"https:\/\/exaequo-communication.fr\/index.php\/wp-json\/wp\/v2\/types\/post"}],"author":[{"embeddable":true,"href":"https:\/\/exaequo-communication.fr\/index.php\/wp-json\/wp\/v2\/users\/9"}],"replies":[{"embeddable":true,"href":"https:\/\/exaequo-communication.fr\/index.php\/wp-json\/wp\/v2\/comments?post=13641"}],"version-history":[{"count":0,"href":"https:\/\/exaequo-communication.fr\/index.php\/wp-json\/wp\/v2\/posts\/13641\/revisions"}],"wp:featuredmedia":[{"embeddable":true,"href":"https:\/\/exaequo-communication.fr\/index.php\/wp-json\/wp\/v2\/media\/13659"}],"wp:attachment":[{"href":"https:\/\/exaequo-communication.fr\/index.php\/wp-json\/wp\/v2\/media?parent=13641"}],"wp:term":[{"taxonomy":"category","embeddable":true,"href":"https:\/\/exaequo-communication.fr\/index.php\/wp-json\/wp\/v2\/categories?post=13641"},{"taxonomy":"post_tag","embeddable":true,"href":"https:\/\/exaequo-communication.fr\/index.php\/wp-json\/wp\/v2\/tags?post=13641"}],"curies":[{"name":"wp","href":"https:\/\/api.w.org\/{rel}","templated":true}]}}