{"id":13527,"date":"2022-03-29T12:45:27","date_gmt":"2022-03-29T10:45:27","guid":{"rendered":"https:\/\/exaequo-communication.fr\/?p=13527"},"modified":"2022-03-29T14:17:33","modified_gmt":"2022-03-29T12:17:33","slug":"week-end-sportif-club-du-sport","status":"publish","type":"post","link":"https:\/\/exaequo-communication.fr\/index.php\/2022\/03\/29\/week-end-sportif-club-du-sport\/","title":{"rendered":"Un week-end sportif pour le Club du Sport"},"content":{"rendered":"[vc_row type=\u00a0\u00bbin_container\u00a0\u00bb full_screen_row_position=\u00a0\u00bbmiddle\u00a0\u00bb column_margin=\u00a0\u00bbdefault\u00a0\u00bb column_direction=\u00a0\u00bbdefault\u00a0\u00bb column_direction_tablet=\u00a0\u00bbdefault\u00a0\u00bb column_direction_phone=\u00a0\u00bbdefault\u00a0\u00bb scene_position=\u00a0\u00bbcenter\u00a0\u00bb top_padding=\u00a0\u00bb10&Prime; text_color=\u00a0\u00bbdark\u00a0\u00bb text_align=\u00a0\u00bbleft\u00a0\u00bb row_border_radius=\u00a0\u00bbnone\u00a0\u00bb row_border_radius_applies=\u00a0\u00bbbg\u00a0\u00bb overlay_strength=\u00a0\u00bb0.3&Prime; gradient_direction=\u00a0\u00bbleft_to_right\u00a0\u00bb shape_divider_position=\u00a0\u00bbbottom\u00a0\u00bb bg_image_animation=\u00a0\u00bbnone\u00a0\u00bb shape_type=\u00a0\u00bb\u00a0\u00bb][vc_column column_padding=\u00a0\u00bbno-extra-padding\u00a0\u00bb column_padding_tablet=\u00a0\u00bbinherit\u00a0\u00bb column_padding_phone=\u00a0\u00bbinherit\u00a0\u00bb column_padding_position=\u00a0\u00bball\u00a0\u00bb background_color_opacity=\u00a0\u00bb1&Prime; background_hover_color_opacity=\u00a0\u00bb1&Prime; column_shadow=\u00a0\u00bbnone\u00a0\u00bb column_border_radius=\u00a0\u00bbnone\u00a0\u00bb column_link_target=\u00a0\u00bb_self\u00a0\u00bb gradient_direction=\u00a0\u00bbleft_to_right\u00a0\u00bb overlay_strength=\u00a0\u00bb0.3&Prime; width=\u00a0\u00bb1\/2&Prime; tablet_width_inherit=\u00a0\u00bbdefault\u00a0\u00bb tablet_text_alignment=\u00a0\u00bbdefault\u00a0\u00bb phone_text_alignment=\u00a0\u00bbdefault\u00a0\u00bb column_border_width=\u00a0\u00bbnone\u00a0\u00bb column_border_style=\u00a0\u00bbsolid\u00a0\u00bb bg_image_animation=\u00a0\u00bbnone\u00a0\u00bb][vc_gallery type=\u00a0\u00bbflexslider_style\u00a0\u00bb images=\u00a0\u00bb13529,13530,13531,13532,13533,13534,13535,13536,13538&Prime; onclick=\u00a0\u00bblink_no\u00a0\u00bb hover_anim=\u00a0\u00bbfade-out\u00a0\u00bb][\/vc_column][vc_column column_padding=\u00a0\u00bbno-extra-padding\u00a0\u00bb column_padding_tablet=\u00a0\u00bbinherit\u00a0\u00bb column_padding_phone=\u00a0\u00bbinherit\u00a0\u00bb column_padding_position=\u00a0\u00bball\u00a0\u00bb background_color_opacity=\u00a0\u00bb1&Prime; background_hover_color_opacity=\u00a0\u00bb1&Prime; column_shadow=\u00a0\u00bbnone\u00a0\u00bb column_border_radius=\u00a0\u00bbnone\u00a0\u00bb column_link_target=\u00a0\u00bb_self\u00a0\u00bb gradient_direction=\u00a0\u00bbleft_to_right\u00a0\u00bb overlay_strength=\u00a0\u00bb0.3&Prime; width=\u00a0\u00bb1\/2&Prime; tablet_width_inherit=\u00a0\u00bbdefault\u00a0\u00bb tablet_text_alignment=\u00a0\u00bbdefault\u00a0\u00bb phone_text_alignment=\u00a0\u00bbdefault\u00a0\u00bb column_border_width=\u00a0\u00bbnone\u00a0\u00bb column_border_style=\u00a0\u00bbsolid\u00a0\u00bb bg_image_animation=\u00a0\u00bbnone\u00a0\u00bb][split_line_heading animation_type=\u00a0\u00bbdefault\u00a0\u00bb]\n<h3>Un week-end sportif pour le Club du Sport<\/h3>\n<p>Dimanche dernier, l&rsquo;\u00e9quipe d&rsquo;Exaequo a propos\u00e9 aux membres du Club du Sport un week-end sportif. <strong>Au programme : les <a href=\"https:\/\/les-foulees-de-bayeux.com\/\" target=\"_blank\" rel=\"noopener\">Foul\u00e9es de Bayeux<\/a> et <a href=\"https:\/\/www.alencon-medavy.fr\/\" target=\"_blank\" rel=\"noopener\">Alen\u00e7on-M\u00e9davy<\/a><\/strong>.[\/split_line_heading][\/vc_column][\/vc_row][vc_row type=\u00a0\u00bbin_container\u00a0\u00bb full_screen_row_position=\u00a0\u00bbmiddle\u00a0\u00bb column_margin=\u00a0\u00bbdefault\u00a0\u00bb column_direction=\u00a0\u00bbdefault\u00a0\u00bb column_direction_tablet=\u00a0\u00bbdefault\u00a0\u00bb column_direction_phone=\u00a0\u00bbdefault\u00a0\u00bb scene_position=\u00a0\u00bbcenter\u00a0\u00bb text_color=\u00a0\u00bbdark\u00a0\u00bb text_align=\u00a0\u00bbleft\u00a0\u00bb row_border_radius=\u00a0\u00bbnone\u00a0\u00bb row_border_radius_applies=\u00a0\u00bbbg\u00a0\u00bb overlay_strength=\u00a0\u00bb0.3&Prime; gradient_direction=\u00a0\u00bbleft_to_right\u00a0\u00bb shape_divider_position=\u00a0\u00bbbottom\u00a0\u00bb bg_image_animation=\u00a0\u00bbnone\u00a0\u00bb][vc_column column_padding=\u00a0\u00bbno-extra-padding\u00a0\u00bb column_padding_tablet=\u00a0\u00bbinherit\u00a0\u00bb column_padding_phone=\u00a0\u00bbinherit\u00a0\u00bb column_padding_position=\u00a0\u00bball\u00a0\u00bb background_color_opacity=\u00a0\u00bb1&Prime; background_hover_color_opacity=\u00a0\u00bb1&Prime; column_shadow=\u00a0\u00bbnone\u00a0\u00bb column_border_radius=\u00a0\u00bbnone\u00a0\u00bb column_link_target=\u00a0\u00bb_self\u00a0\u00bb gradient_direction=\u00a0\u00bbleft_to_right\u00a0\u00bb overlay_strength=\u00a0\u00bb0.3&Prime; width=\u00a0\u00bb1\/1&Prime; tablet_width_inherit=\u00a0\u00bbdefault\u00a0\u00bb tablet_text_alignment=\u00a0\u00bbdefault\u00a0\u00bb phone_text_alignment=\u00a0\u00bbdefault\u00a0\u00bb column_border_width=\u00a0\u00bbnone\u00a0\u00bb column_border_style=\u00a0\u00bbsolid\u00a0\u00bb bg_image_animation=\u00a0\u00bbnone\u00a0\u00bb][vc_column_text]Dimanche 27 mars dernier, les membres du <strong><a href=\"https:\/\/exaequo-communication.fr\/index.php\/club-du-sport\/\" target=\"_blank\" rel=\"noopener\">Club du Sport<\/a><\/strong> ont \u00e0 nouveau pu profiter d&rsquo;un moment sportif. La Xteam leur a propos\u00e9 deux rendez-vous running, <strong>un 10km ou un semi-marathon aux Foul\u00e9es de Bayeux <\/strong>ou <strong>15,8km \u00e0 parcourir \u00e0 Alen\u00e7on M\u00e9davy<\/strong>.<\/p>\n<p>Ce sont pas moins d&rsquo;une <strong>quinzaine de membres par course<\/strong> qui se sont align\u00e9s sur la ligne de d\u00e9part accompagn\u00e9s par K\u00e9vin, notre coach r\u00e9f\u00e9rent et Martial, notre coach et directeur d&rsquo;agence.<\/p>\n<p>Les deux \u00e9quipes ont pu profiter d&rsquo;un temps id\u00e9al pour courir avec un beau soleil qui les a accompagn\u00e9 tout au long de leurs courses.<\/p>\n<p>C\u00f4t\u00e9 performance, \u00e0 not\u00e9 les performances de Mathieu Lequesne qui cl\u00f4ture son 10km en <strong>42&rsquo;21<\/strong>, Guillaume Coire qui termine son semi marathon avec un temps de <strong>1h27&rsquo;36\u00a0<\/strong>et Emeric Leboucher qui arrive sur la finish line de son 15,8km apr\u00e8s <strong>1h10&rsquo;43<\/strong> d&rsquo;effort.<\/p>\n<p>Bravo \u00e0 eux et \u00e0 tous les participants pour ces belles performances sportives !<\/p>\n<p><strong>Direction maintenant le <a href=\"https:\/\/www.marathondelaliberte.fr\/\" target=\"_blank\" rel=\"noopener\">Marathon de la Libert\u00e9<\/a>, le 5 juin, prochain rendez-vous sportif pour nos membres du Club du Sport.<\/strong><\/p>\n<p>Pendant ce temps, 8 membres de la Xteam ont pris le d\u00e9part du <a href=\"https:\/\/www.rennesurbantrail.bzh\/\" target=\"_blank\" rel=\"noopener\"><strong>Rennes Urban Trail<\/strong><\/a> qui avait lieu dimanche. Ils ont test\u00e9 toutes les \u00e9preuves, du 7km au 24km en passant par le 14km. De quoi profiter d&rsquo;un moment sportif tous ensemble sous un beau soleil breton.[\/vc_column_text][\/vc_column][\/vc_row]\n","protected":false},"excerpt":{"rendered":"<p>Dimanche dernier, la Xteam a propos\u00e9 aux membres du Club du Sport un week-end sportif. <strong>Au programme : les <a href=\"https:\/\/les-foulees-de-bayeux.com\/\" target=\"_blank\" rel=\"noopener\">Foul\u00e9es de Bayeux<\/a> et <a href=\"https:\/\/www.alencon-medavy.fr\/\" target=\"_blank\" rel=\"noopener\">Alen\u00e7on-M\u00e9davy<\/a><\/strong>.<\/p>\n","protected":false},"author":9,"featured_media":13529,"comment_status":"closed","ping_status":"closed","sticky":false,"template":"","format":"standard","meta":{"footnotes":""},"categories":[1,179],"tags":[],"class_list":{"0":"post-13527","1":"post","2":"type-post","3":"status-publish","4":"format-standard","5":"has-post-thumbnail","7":"category-actualites","8":"category-coaching"},"yoast_head":"<!-- This site is optimized with the Yoast SEO plugin v27.0 - https:\/\/yoast.com\/product\/yoast-seo-wordpress\/ -->\n<title>Un week-end sportif pour le Club du Sport - Exaequo communication<\/title>\n<meta name=\"description\" content=\"Dimanche dernier, la Xteam a propos\u00e9 aux membres du Club du Sport un week-end sportif. Au programme : Foul\u00e9es de Bayeux et Alen\u00e7on-M\u00e9davy.\" \/>\n<meta name=\"robots\" content=\"index, follow, max-snippet:-1, max-image-preview:large, max-video-preview:-1\" \/>\n<link rel=\"canonical\" href=\"https:\/\/exaequo-communication.fr\/index.php\/2022\/03\/29\/week-end-sportif-club-du-sport\/\" \/>\n<meta property=\"og:locale\" content=\"fr_FR\" \/>\n<meta property=\"og:type\" content=\"article\" \/>\n<meta property=\"og:title\" content=\"Un week-end sportif pour le Club du Sport\" \/>\n<meta property=\"og:description\" content=\"Dimanche dernier, la Xteam a propos\u00e9 aux membres du Club du Sport un week-end sportif. Au programme : Foul\u00e9es de Bayeux et Alen\u00e7on-M\u00e9davy.\" \/>\n<meta property=\"og:url\" content=\"https:\/\/exaequo-communication.fr\/index.php\/2022\/03\/29\/week-end-sportif-club-du-sport\/\" \/>\n<meta property=\"og:site_name\" content=\"Exaequo communication\" \/>\n<meta property=\"article:published_time\" content=\"2022-03-29T10:45:27+00:00\" \/>\n<meta property=\"article:modified_time\" content=\"2022-03-29T12:17:33+00:00\" \/>\n<meta property=\"og:image\" content=\"https:\/\/exaequo-communication.fr\/wp-content\/uploads\/2022\/03\/EX-Foulees-Bayeux.jpg\" \/>\n\t<meta property=\"og:image:width\" content=\"1351\" \/>\n\t<meta property=\"og:image:height\" content=\"901\" \/>\n\t<meta property=\"og:image:type\" content=\"image\/jpeg\" \/>\n<meta name=\"author\" content=\"Louise\" \/>\n<meta name=\"twitter:card\" content=\"summary_large_image\" \/>\n<meta name=\"twitter:title\" content=\"Un week-end sportif pour le Club du Sport\" \/>\n<meta name=\"twitter:description\" content=\"Dimanche dernier, la Xteam a propos\u00e9 aux membres du Club du Sport un week-end sportif. Au programme : Foul\u00e9es de Bayeux et Alen\u00e7on-M\u00e9davy.\" \/>\n<meta name=\"twitter:image\" content=\"https:\/\/exaequo-communication.fr\/wp-content\/uploads\/2022\/03\/EX-Foulees-Bayeux.jpg\" \/>\n<meta name=\"twitter:label1\" content=\"\u00c9crit par\" \/>\n\t<meta name=\"twitter:data1\" content=\"Louise\" \/>\n\t<meta name=\"twitter:label2\" content=\"Dur\u00e9e de lecture estim\u00e9e\" \/>\n\t<meta name=\"twitter:data2\" content=\"2 minutes\" \/>\n<script type=\"application\/ld+json\" class=\"yoast-schema-graph\">{\"@context\":\"https:\/\/schema.org\",\"@graph\":[{\"@type\":\"Article\",\"@id\":\"https:\/\/exaequo-communication.fr\/index.php\/2022\/03\/29\/week-end-sportif-club-du-sport\/#article\",\"isPartOf\":{\"@id\":\"https:\/\/exaequo-communication.fr\/index.php\/2022\/03\/29\/week-end-sportif-club-du-sport\/\"},\"author\":{\"name\":\"Louise\",\"@id\":\"https:\/\/exaequo-communication.fr\/#\/schema\/person\/0ff3d297bda23ca1cd161c11c3217513\"},\"headline\":\"Un week-end sportif pour le Club du Sport\",\"datePublished\":\"2022-03-29T10:45:27+00:00\",\"dateModified\":\"2022-03-29T12:17:33+00:00\",\"mainEntityOfPage\":{\"@id\":\"https:\/\/exaequo-communication.fr\/index.php\/2022\/03\/29\/week-end-sportif-club-du-sport\/\"},\"wordCount\":632,\"image\":{\"@id\":\"https:\/\/exaequo-communication.fr\/index.php\/2022\/03\/29\/week-end-sportif-club-du-sport\/#primaryimage\"},\"thumbnailUrl\":\"https:\/\/exaequo-communication.fr\/wp-content\/uploads\/2022\/03\/EX-Foulees-Bayeux.jpg\",\"articleSection\":[\"Actualit\u00e9s\",\"Coaching\"],\"inLanguage\":\"fr-FR\"},{\"@type\":\"WebPage\",\"@id\":\"https:\/\/exaequo-communication.fr\/index.php\/2022\/03\/29\/week-end-sportif-club-du-sport\/\",\"url\":\"https:\/\/exaequo-communication.fr\/index.php\/2022\/03\/29\/week-end-sportif-club-du-sport\/\",\"name\":\"Un week-end sportif pour le Club du Sport - Exaequo communication\",\"isPartOf\":{\"@id\":\"https:\/\/exaequo-communication.fr\/#website\"},\"primaryImageOfPage\":{\"@id\":\"https:\/\/exaequo-communication.fr\/index.php\/2022\/03\/29\/week-end-sportif-club-du-sport\/#primaryimage\"},\"image\":{\"@id\":\"https:\/\/exaequo-communication.fr\/index.php\/2022\/03\/29\/week-end-sportif-club-du-sport\/#primaryimage\"},\"thumbnailUrl\":\"https:\/\/exaequo-communication.fr\/wp-content\/uploads\/2022\/03\/EX-Foulees-Bayeux.jpg\",\"datePublished\":\"2022-03-29T10:45:27+00:00\",\"dateModified\":\"2022-03-29T12:17:33+00:00\",\"author\":{\"@id\":\"https:\/\/exaequo-communication.fr\/#\/schema\/person\/0ff3d297bda23ca1cd161c11c3217513\"},\"description\":\"Dimanche dernier, la Xteam a propos\u00e9 aux membres du Club du Sport un week-end sportif. Au programme : Foul\u00e9es de Bayeux et Alen\u00e7on-M\u00e9davy.\",\"breadcrumb\":{\"@id\":\"https:\/\/exaequo-communication.fr\/index.php\/2022\/03\/29\/week-end-sportif-club-du-sport\/#breadcrumb\"},\"inLanguage\":\"fr-FR\",\"potentialAction\":[{\"@type\":\"ReadAction\",\"target\":[\"https:\/\/exaequo-communication.fr\/index.php\/2022\/03\/29\/week-end-sportif-club-du-sport\/\"]}]},{\"@type\":\"ImageObject\",\"inLanguage\":\"fr-FR\",\"@id\":\"https:\/\/exaequo-communication.fr\/index.php\/2022\/03\/29\/week-end-sportif-club-du-sport\/#primaryimage\",\"url\":\"https:\/\/exaequo-communication.fr\/wp-content\/uploads\/2022\/03\/EX-Foulees-Bayeux.jpg\",\"contentUrl\":\"https:\/\/exaequo-communication.fr\/wp-content\/uploads\/2022\/03\/EX-Foulees-Bayeux.jpg\",\"width\":1351,\"height\":901,\"caption\":\"Club du sport week-end sportif Foul\u00e9es de Bayeux Exaequo run running course \u00e0 pied 10km\"},{\"@type\":\"BreadcrumbList\",\"@id\":\"https:\/\/exaequo-communication.fr\/index.php\/2022\/03\/29\/week-end-sportif-club-du-sport\/#breadcrumb\",\"itemListElement\":[{\"@type\":\"ListItem\",\"position\":1,\"name\":\"Accueil\",\"item\":\"https:\/\/exaequo-communication.fr\/\"},{\"@type\":\"ListItem\",\"position\":2,\"name\":\"Un week-end sportif pour le Club du Sport\"}]},{\"@type\":\"WebSite\",\"@id\":\"https:\/\/exaequo-communication.fr\/#website\",\"url\":\"https:\/\/exaequo-communication.fr\/\",\"name\":\"Exaequo communication\",\"description\":\"\",\"potentialAction\":[{\"@type\":\"SearchAction\",\"target\":{\"@type\":\"EntryPoint\",\"urlTemplate\":\"https:\/\/exaequo-communication.fr\/?s={search_term_string}\"},\"query-input\":{\"@type\":\"PropertyValueSpecification\",\"valueRequired\":true,\"valueName\":\"search_term_string\"}}],\"inLanguage\":\"fr-FR\"},{\"@type\":\"Person\",\"@id\":\"https:\/\/exaequo-communication.fr\/#\/schema\/person\/0ff3d297bda23ca1cd161c11c3217513\",\"name\":\"Louise\",\"image\":{\"@type\":\"ImageObject\",\"inLanguage\":\"fr-FR\",\"@id\":\"https:\/\/exaequo-communication.fr\/#\/schema\/person\/image\/\",\"url\":\"https:\/\/secure.gravatar.com\/avatar\/c5e8367f32ffeff4cdf4e055d9e95263b7d031a01e929b3116e2b0d996065f4c?s=96&d=mm&r=g\",\"contentUrl\":\"https:\/\/secure.gravatar.com\/avatar\/c5e8367f32ffeff4cdf4e055d9e95263b7d031a01e929b3116e2b0d996065f4c?s=96&d=mm&r=g\",\"caption\":\"Louise\"},\"url\":\"https:\/\/exaequo-communication.fr\/index.php\/author\/louise\/\"}]}<\/script>\n<!-- \/ Yoast SEO plugin. -->","yoast_head_json":{"title":"Un week-end sportif pour le Club du Sport - Exaequo communication","description":"Dimanche dernier, la Xteam a propos\u00e9 aux membres du Club du Sport un week-end sportif. Au programme : Foul\u00e9es de Bayeux et Alen\u00e7on-M\u00e9davy.","robots":{"index":"index","follow":"follow","max-snippet":"max-snippet:-1","max-image-preview":"max-image-preview:large","max-video-preview":"max-video-preview:-1"},"canonical":"https:\/\/exaequo-communication.fr\/index.php\/2022\/03\/29\/week-end-sportif-club-du-sport\/","og_locale":"fr_FR","og_type":"article","og_title":"Un week-end sportif pour le Club du Sport","og_description":"Dimanche dernier, la Xteam a propos\u00e9 aux membres du Club du Sport un week-end sportif. Au programme : Foul\u00e9es de Bayeux et Alen\u00e7on-M\u00e9davy.","og_url":"https:\/\/exaequo-communication.fr\/index.php\/2022\/03\/29\/week-end-sportif-club-du-sport\/","og_site_name":"Exaequo communication","article_published_time":"2022-03-29T10:45:27+00:00","article_modified_time":"2022-03-29T12:17:33+00:00","og_image":[{"width":1351,"height":901,"url":"https:\/\/exaequo-communication.fr\/wp-content\/uploads\/2022\/03\/EX-Foulees-Bayeux.jpg","type":"image\/jpeg"}],"author":"Louise","twitter_card":"summary_large_image","twitter_title":"Un week-end sportif pour le Club du Sport","twitter_description":"Dimanche dernier, la Xteam a propos\u00e9 aux membres du Club du Sport un week-end sportif. Au programme : Foul\u00e9es de Bayeux et Alen\u00e7on-M\u00e9davy.","twitter_image":"https:\/\/exaequo-communication.fr\/wp-content\/uploads\/2022\/03\/EX-Foulees-Bayeux.jpg","twitter_misc":{"\u00c9crit par":"Louise","Dur\u00e9e de lecture estim\u00e9e":"2 minutes"},"schema":{"@context":"https:\/\/schema.org","@graph":[{"@type":"Article","@id":"https:\/\/exaequo-communication.fr\/index.php\/2022\/03\/29\/week-end-sportif-club-du-sport\/#article","isPartOf":{"@id":"https:\/\/exaequo-communication.fr\/index.php\/2022\/03\/29\/week-end-sportif-club-du-sport\/"},"author":{"name":"Louise","@id":"https:\/\/exaequo-communication.fr\/#\/schema\/person\/0ff3d297bda23ca1cd161c11c3217513"},"headline":"Un week-end sportif pour le Club du Sport","datePublished":"2022-03-29T10:45:27+00:00","dateModified":"2022-03-29T12:17:33+00:00","mainEntityOfPage":{"@id":"https:\/\/exaequo-communication.fr\/index.php\/2022\/03\/29\/week-end-sportif-club-du-sport\/"},"wordCount":632,"image":{"@id":"https:\/\/exaequo-communication.fr\/index.php\/2022\/03\/29\/week-end-sportif-club-du-sport\/#primaryimage"},"thumbnailUrl":"https:\/\/exaequo-communication.fr\/wp-content\/uploads\/2022\/03\/EX-Foulees-Bayeux.jpg","articleSection":["Actualit\u00e9s","Coaching"],"inLanguage":"fr-FR"},{"@type":"WebPage","@id":"https:\/\/exaequo-communication.fr\/index.php\/2022\/03\/29\/week-end-sportif-club-du-sport\/","url":"https:\/\/exaequo-communication.fr\/index.php\/2022\/03\/29\/week-end-sportif-club-du-sport\/","name":"Un week-end sportif pour le Club du Sport - Exaequo communication","isPartOf":{"@id":"https:\/\/exaequo-communication.fr\/#website"},"primaryImageOfPage":{"@id":"https:\/\/exaequo-communication.fr\/index.php\/2022\/03\/29\/week-end-sportif-club-du-sport\/#primaryimage"},"image":{"@id":"https:\/\/exaequo-communication.fr\/index.php\/2022\/03\/29\/week-end-sportif-club-du-sport\/#primaryimage"},"thumbnailUrl":"https:\/\/exaequo-communication.fr\/wp-content\/uploads\/2022\/03\/EX-Foulees-Bayeux.jpg","datePublished":"2022-03-29T10:45:27+00:00","dateModified":"2022-03-29T12:17:33+00:00","author":{"@id":"https:\/\/exaequo-communication.fr\/#\/schema\/person\/0ff3d297bda23ca1cd161c11c3217513"},"description":"Dimanche dernier, la Xteam a propos\u00e9 aux membres du Club du Sport un week-end sportif. Au programme : Foul\u00e9es de Bayeux et Alen\u00e7on-M\u00e9davy.","breadcrumb":{"@id":"https:\/\/exaequo-communication.fr\/index.php\/2022\/03\/29\/week-end-sportif-club-du-sport\/#breadcrumb"},"inLanguage":"fr-FR","potentialAction":[{"@type":"ReadAction","target":["https:\/\/exaequo-communication.fr\/index.php\/2022\/03\/29\/week-end-sportif-club-du-sport\/"]}]},{"@type":"ImageObject","inLanguage":"fr-FR","@id":"https:\/\/exaequo-communication.fr\/index.php\/2022\/03\/29\/week-end-sportif-club-du-sport\/#primaryimage","url":"https:\/\/exaequo-communication.fr\/wp-content\/uploads\/2022\/03\/EX-Foulees-Bayeux.jpg","contentUrl":"https:\/\/exaequo-communication.fr\/wp-content\/uploads\/2022\/03\/EX-Foulees-Bayeux.jpg","width":1351,"height":901,"caption":"Club du sport week-end sportif Foul\u00e9es de Bayeux Exaequo run running course \u00e0 pied 10km"},{"@type":"BreadcrumbList","@id":"https:\/\/exaequo-communication.fr\/index.php\/2022\/03\/29\/week-end-sportif-club-du-sport\/#breadcrumb","itemListElement":[{"@type":"ListItem","position":1,"name":"Accueil","item":"https:\/\/exaequo-communication.fr\/"},{"@type":"ListItem","position":2,"name":"Un week-end sportif pour le Club du Sport"}]},{"@type":"WebSite","@id":"https:\/\/exaequo-communication.fr\/#website","url":"https:\/\/exaequo-communication.fr\/","name":"Exaequo communication","description":"","potentialAction":[{"@type":"SearchAction","target":{"@type":"EntryPoint","urlTemplate":"https:\/\/exaequo-communication.fr\/?s={search_term_string}"},"query-input":{"@type":"PropertyValueSpecification","valueRequired":true,"valueName":"search_term_string"}}],"inLanguage":"fr-FR"},{"@type":"Person","@id":"https:\/\/exaequo-communication.fr\/#\/schema\/person\/0ff3d297bda23ca1cd161c11c3217513","name":"Louise","image":{"@type":"ImageObject","inLanguage":"fr-FR","@id":"https:\/\/exaequo-communication.fr\/#\/schema\/person\/image\/","url":"https:\/\/secure.gravatar.com\/avatar\/c5e8367f32ffeff4cdf4e055d9e95263b7d031a01e929b3116e2b0d996065f4c?s=96&d=mm&r=g","contentUrl":"https:\/\/secure.gravatar.com\/avatar\/c5e8367f32ffeff4cdf4e055d9e95263b7d031a01e929b3116e2b0d996065f4c?s=96&d=mm&r=g","caption":"Louise"},"url":"https:\/\/exaequo-communication.fr\/index.php\/author\/louise\/"}]}},"_links":{"self":[{"href":"https:\/\/exaequo-communication.fr\/index.php\/wp-json\/wp\/v2\/posts\/13527","targetHints":{"allow":["GET"]}}],"collection":[{"href":"https:\/\/exaequo-communication.fr\/index.php\/wp-json\/wp\/v2\/posts"}],"about":[{"href":"https:\/\/exaequo-communication.fr\/index.php\/wp-json\/wp\/v2\/types\/post"}],"author":[{"embeddable":true,"href":"https:\/\/exaequo-communication.fr\/index.php\/wp-json\/wp\/v2\/users\/9"}],"replies":[{"embeddable":true,"href":"https:\/\/exaequo-communication.fr\/index.php\/wp-json\/wp\/v2\/comments?post=13527"}],"version-history":[{"count":0,"href":"https:\/\/exaequo-communication.fr\/index.php\/wp-json\/wp\/v2\/posts\/13527\/revisions"}],"wp:featuredmedia":[{"embeddable":true,"href":"https:\/\/exaequo-communication.fr\/index.php\/wp-json\/wp\/v2\/media\/13529"}],"wp:attachment":[{"href":"https:\/\/exaequo-communication.fr\/index.php\/wp-json\/wp\/v2\/media?parent=13527"}],"wp:term":[{"taxonomy":"category","embeddable":true,"href":"https:\/\/exaequo-communication.fr\/index.php\/wp-json\/wp\/v2\/categories?post=13527"},{"taxonomy":"post_tag","embeddable":true,"href":"https:\/\/exaequo-communication.fr\/index.php\/wp-json\/wp\/v2\/tags?post=13527"}],"curies":[{"name":"wp","href":"https:\/\/api.w.org\/{rel}","templated":true}]}}