{"id":13454,"date":"2022-03-11T10:42:41","date_gmt":"2022-03-11T09:42:41","guid":{"rendered":"https:\/\/exaequo-communication.fr\/?p=13454"},"modified":"2022-03-11T10:42:41","modified_gmt":"2022-03-11T09:42:41","slug":"rentree-club-du-sport-2022","status":"publish","type":"post","link":"https:\/\/exaequo-communication.fr\/index.php\/2022\/03\/11\/rentree-club-du-sport-2022\/","title":{"rendered":"Le Club du Sport a fait sa rentr\u00e9e"},"content":{"rendered":"[vc_row type=\u00a0\u00bbin_container\u00a0\u00bb full_screen_row_position=\u00a0\u00bbmiddle\u00a0\u00bb column_margin=\u00a0\u00bbdefault\u00a0\u00bb column_direction=\u00a0\u00bbdefault\u00a0\u00bb column_direction_tablet=\u00a0\u00bbdefault\u00a0\u00bb column_direction_phone=\u00a0\u00bbdefault\u00a0\u00bb scene_position=\u00a0\u00bbcenter\u00a0\u00bb top_padding=\u00a0\u00bb10&Prime; text_color=\u00a0\u00bbdark\u00a0\u00bb text_align=\u00a0\u00bbleft\u00a0\u00bb row_border_radius=\u00a0\u00bbnone\u00a0\u00bb row_border_radius_applies=\u00a0\u00bbbg\u00a0\u00bb overlay_strength=\u00a0\u00bb0.3&Prime; gradient_direction=\u00a0\u00bbleft_to_right\u00a0\u00bb shape_divider_position=\u00a0\u00bbbottom\u00a0\u00bb bg_image_animation=\u00a0\u00bbnone\u00a0\u00bb shape_type=\u00a0\u00bb\u00a0\u00bb][vc_column column_padding=\u00a0\u00bbno-extra-padding\u00a0\u00bb column_padding_tablet=\u00a0\u00bbinherit\u00a0\u00bb column_padding_phone=\u00a0\u00bbinherit\u00a0\u00bb column_padding_position=\u00a0\u00bball\u00a0\u00bb background_color_opacity=\u00a0\u00bb1&Prime; background_hover_color_opacity=\u00a0\u00bb1&Prime; column_shadow=\u00a0\u00bbnone\u00a0\u00bb column_border_radius=\u00a0\u00bbnone\u00a0\u00bb column_link_target=\u00a0\u00bb_self\u00a0\u00bb gradient_direction=\u00a0\u00bbleft_to_right\u00a0\u00bb overlay_strength=\u00a0\u00bb0.3&Prime; width=\u00a0\u00bb1\/2&Prime; tablet_width_inherit=\u00a0\u00bbdefault\u00a0\u00bb tablet_text_alignment=\u00a0\u00bbdefault\u00a0\u00bb phone_text_alignment=\u00a0\u00bbdefault\u00a0\u00bb column_border_width=\u00a0\u00bbnone\u00a0\u00bb column_border_style=\u00a0\u00bbsolid\u00a0\u00bb bg_image_animation=\u00a0\u00bbnone\u00a0\u00bb][vc_gallery type=\u00a0\u00bbflexslider_style\u00a0\u00bb images=\u00a0\u00bb13483,13484,13485,13486,13487&Prime; onclick=\u00a0\u00bblink_no\u00a0\u00bb][\/vc_column][vc_column column_padding=\u00a0\u00bbno-extra-padding\u00a0\u00bb column_padding_tablet=\u00a0\u00bbinherit\u00a0\u00bb column_padding_phone=\u00a0\u00bbinherit\u00a0\u00bb column_padding_position=\u00a0\u00bball\u00a0\u00bb background_color_opacity=\u00a0\u00bb1&Prime; background_hover_color_opacity=\u00a0\u00bb1&Prime; column_shadow=\u00a0\u00bbnone\u00a0\u00bb column_border_radius=\u00a0\u00bbnone\u00a0\u00bb column_link_target=\u00a0\u00bb_self\u00a0\u00bb gradient_direction=\u00a0\u00bbleft_to_right\u00a0\u00bb overlay_strength=\u00a0\u00bb0.3&Prime; width=\u00a0\u00bb1\/2&Prime; tablet_width_inherit=\u00a0\u00bbdefault\u00a0\u00bb tablet_text_alignment=\u00a0\u00bbdefault\u00a0\u00bb phone_text_alignment=\u00a0\u00bbdefault\u00a0\u00bb column_border_width=\u00a0\u00bbnone\u00a0\u00bb column_border_style=\u00a0\u00bbsolid\u00a0\u00bb bg_image_animation=\u00a0\u00bbnone\u00a0\u00bb][split_line_heading animation_type=\u00a0\u00bbdefault\u00a0\u00bb]\n<h3>Le Club du Sport a fait sa rentr\u00e9e \u00e0 l&rsquo;Avant-Garde Caennaise<\/h3>\n<p>Hier soir avait lieu la traditionnelle soir\u00e9e de rentr\u00e9e du <strong><a href=\"https:\/\/exaequo-communication.fr\/index.php\/coaching-sportif\/\" target=\"_blank\" rel=\"noopener\">Club du Sport Exaequo<\/a><\/strong>. Un rendez-vous \u00e0 <a href=\"http:\/\/www.agcaen.com\/\" target=\"_blank\" rel=\"noopener\"><strong>l&rsquo;Avant-Garde Caennaise<\/strong><\/a>, le club omnisport le plus important de l&rsquo;agglom\u00e9ration caennaise, pour un moment de partage intersessions.[\/split_line_heading][\/vc_column][\/vc_row][vc_row type=\u00a0\u00bbin_container\u00a0\u00bb full_screen_row_position=\u00a0\u00bbmiddle\u00a0\u00bb column_margin=\u00a0\u00bbdefault\u00a0\u00bb column_direction=\u00a0\u00bbdefault\u00a0\u00bb column_direction_tablet=\u00a0\u00bbdefault\u00a0\u00bb column_direction_phone=\u00a0\u00bbdefault\u00a0\u00bb scene_position=\u00a0\u00bbcenter\u00a0\u00bb text_color=\u00a0\u00bbdark\u00a0\u00bb text_align=\u00a0\u00bbleft\u00a0\u00bb row_border_radius=\u00a0\u00bbnone\u00a0\u00bb row_border_radius_applies=\u00a0\u00bbbg\u00a0\u00bb overlay_strength=\u00a0\u00bb0.3&Prime; gradient_direction=\u00a0\u00bbleft_to_right\u00a0\u00bb shape_divider_position=\u00a0\u00bbbottom\u00a0\u00bb bg_image_animation=\u00a0\u00bbnone\u00a0\u00bb][vc_column column_padding=\u00a0\u00bbno-extra-padding\u00a0\u00bb column_padding_tablet=\u00a0\u00bbinherit\u00a0\u00bb column_padding_phone=\u00a0\u00bbinherit\u00a0\u00bb column_padding_position=\u00a0\u00bball\u00a0\u00bb background_color_opacity=\u00a0\u00bb1&Prime; background_hover_color_opacity=\u00a0\u00bb1&Prime; column_shadow=\u00a0\u00bbnone\u00a0\u00bb column_border_radius=\u00a0\u00bbnone\u00a0\u00bb column_link_target=\u00a0\u00bb_self\u00a0\u00bb gradient_direction=\u00a0\u00bbleft_to_right\u00a0\u00bb overlay_strength=\u00a0\u00bb0.3&Prime; width=\u00a0\u00bb1\/1&Prime; tablet_width_inherit=\u00a0\u00bbdefault\u00a0\u00bb tablet_text_alignment=\u00a0\u00bbdefault\u00a0\u00bb phone_text_alignment=\u00a0\u00bbdefault\u00a0\u00bb column_border_width=\u00a0\u00bbnone\u00a0\u00bb column_border_style=\u00a0\u00bbsolid\u00a0\u00bb bg_image_animation=\u00a0\u00bbnone\u00a0\u00bb][vc_column_text]L&rsquo;\u00e9quipe de l&rsquo;<a href=\"http:\/\/www.agcaen.com\/\" target=\"_blank\" rel=\"noopener\"><strong>Avant-Garde Caennaise<\/strong><\/a> a accueilli 125 adh\u00e9rents du Club du Sport &#8211; Exaequo pour la traditionnelle soir\u00e9e de rentr\u00e9e du club avec la pr\u00e9sentation des moments forts du calendrier 2022.<\/p>\n<p>Au programme, une visite de l&rsquo;Avant-Garde Caennaise r\u00e9alis\u00e9e par les dirigeants du club, avec pr\u00e9sentation de la structure et du staff (direction, coachs, joueurs, disciplines sportives,&#8230;) mais aussi des \u00e9volutions des projets et des objectifs pour les saisons \u00e0 venir.<\/p>\n<p>Ils ont \u00e9galement pu recevoir leur dotation ainsi qu&rsquo;un guide pr\u00e9sentant les 202 membres du Club du Sport et l&rsquo;ensemble des dates cl\u00e9s de l&rsquo;ann\u00e9e.<\/p>\n<p>On en a profit\u00e9 pour pr\u00e9senter le projet sportif de Flavie Renouard, athl\u00e8te qui vise les<strong> <a href=\"https:\/\/www.paris2024.org\/fr\/\" target=\"_blank\" rel=\"noopener\">Jeux Olympiques 2024<\/a><\/strong>.<\/p>\n<p><strong>Pour cl\u00f4turer la soir\u00e9e, les membres ont pu acc\u00e9der \u00e0 un buffet convivial propos\u00e9 par <a href=\"https:\/\/www.grandsire.com\/\" target=\"_blank\" rel=\"noopener\">Grandsire Traiteur<\/a> accompagn\u00e9 de vins s\u00e9lectionn\u00e9s par <a href=\"https:\/\/www.libergevins.com\/\" target=\"_blank\" rel=\"noopener\">Liberge Vins<\/a>.<\/strong><\/p>\n<p>Une soir\u00e9e sous le signe des retrouvailles avec l&rsquo;ensemble du Club du Sport et des pr\u00e9sentations des nouveaux membres. <strong>Un moment de partage et de convivialit\u00e9 qui ont permis de lancer l&rsquo;ann\u00e9e sportive de la meilleure des fa\u00e7ons.<\/strong> Le programme sportif commencera d&rsquo;ailleurs d\u00e8s dimanche 13 mars, avec les <strong>Foul\u00e9es d&rsquo;Exaequo<\/strong>, une course de 10km \u00e0 laquelle participeront les membres.[\/vc_column_text][\/vc_column][\/vc_row][vc_row type=\u00a0\u00bbin_container\u00a0\u00bb full_screen_row_position=\u00a0\u00bbmiddle\u00a0\u00bb column_margin=\u00a0\u00bbdefault\u00a0\u00bb column_direction=\u00a0\u00bbdefault\u00a0\u00bb column_direction_tablet=\u00a0\u00bbdefault\u00a0\u00bb column_direction_phone=\u00a0\u00bbdefault\u00a0\u00bb scene_position=\u00a0\u00bbcenter\u00a0\u00bb text_color=\u00a0\u00bbdark\u00a0\u00bb text_align=\u00a0\u00bbleft\u00a0\u00bb row_border_radius=\u00a0\u00bbnone\u00a0\u00bb row_border_radius_applies=\u00a0\u00bbbg\u00a0\u00bb overlay_strength=\u00a0\u00bb0.3&Prime; gradient_direction=\u00a0\u00bbleft_to_right\u00a0\u00bb shape_divider_position=\u00a0\u00bbbottom\u00a0\u00bb bg_image_animation=\u00a0\u00bbnone\u00a0\u00bb][vc_column column_padding=\u00a0\u00bbno-extra-padding\u00a0\u00bb column_padding_tablet=\u00a0\u00bbinherit\u00a0\u00bb column_padding_phone=\u00a0\u00bbinherit\u00a0\u00bb column_padding_position=\u00a0\u00bball\u00a0\u00bb background_color_opacity=\u00a0\u00bb1&Prime; background_hover_color_opacity=\u00a0\u00bb1&Prime; column_shadow=\u00a0\u00bbnone\u00a0\u00bb column_border_radius=\u00a0\u00bbnone\u00a0\u00bb column_link_target=\u00a0\u00bb_self\u00a0\u00bb gradient_direction=\u00a0\u00bbleft_to_right\u00a0\u00bb overlay_strength=\u00a0\u00bb0.3&Prime; width=\u00a0\u00bb1\/1&Prime; tablet_width_inherit=\u00a0\u00bbdefault\u00a0\u00bb tablet_text_alignment=\u00a0\u00bbdefault\u00a0\u00bb phone_text_alignment=\u00a0\u00bbdefault\u00a0\u00bb column_border_width=\u00a0\u00bbnone\u00a0\u00bb column_border_style=\u00a0\u00bbsolid\u00a0\u00bb bg_image_animation=\u00a0\u00bbnone\u00a0\u00bb][vc_column_text]Retrouvez les informations sur l&rsquo;Avant-Garde Caennaise :<strong> <a href=\"http:\/\/www.agcaen.com\/\" target=\"_blank\" rel=\"noopener noreferrer\">site officiel<\/a><\/strong><\/p>\n<p>Envie d&rsquo;en savoir plus sur le Club du Sport : <strong><a href=\"https:\/\/exaequo-communication.fr\/index.php\/club-du-sport\/\">cliquer-ici<\/a><\/strong>[\/vc_column_text][\/vc_column][\/vc_row]\n","protected":false},"excerpt":{"rendered":"<p>Rendez-vous \u00e0 l&rsquo;Avant-Garde Caennaise pour la traditionnelle soir\u00e9e de rentr\u00e9e du <strong><a href=\"https:\/\/exaequo-communication.fr\/index.php\/coaching-sportif\/\" target=\"_blank\" rel=\"noopener\">Club du Sport Exaequo<\/a><\/strong>.<\/p>\n","protected":false},"author":9,"featured_media":13484,"comment_status":"closed","ping_status":"closed","sticky":false,"template":"","format":"standard","meta":{"footnotes":""},"categories":[1,179],"tags":[],"class_list":{"0":"post-13454","1":"post","2":"type-post","3":"status-publish","4":"format-standard","5":"has-post-thumbnail","7":"category-actualites","8":"category-coaching"},"yoast_head":"<!-- This site is optimized with the Yoast SEO plugin v27.0 - https:\/\/yoast.com\/product\/yoast-seo-wordpress\/ -->\n<title>Le Club du Sport a fait sa rentr\u00e9e - Exaequo communication<\/title>\n<meta name=\"description\" content=\"Hier soir, avait lieu au sein de l&#039;USO Mondeville, la traditionnelle soir\u00e9e de la galette des rois pour la rentr\u00e9e du Club du Sport Exaequo.\" \/>\n<meta name=\"robots\" content=\"index, follow, max-snippet:-1, max-image-preview:large, max-video-preview:-1\" \/>\n<link rel=\"canonical\" href=\"https:\/\/exaequo-communication.fr\/index.php\/2022\/03\/11\/rentree-club-du-sport-2022\/\" \/>\n<meta property=\"og:locale\" content=\"fr_FR\" \/>\n<meta property=\"og:type\" content=\"article\" \/>\n<meta property=\"og:title\" content=\"Le Club du Sport a fait sa rentr\u00e9e\" \/>\n<meta property=\"og:description\" content=\"Rendez-vous \u00e0 l&#039;Avant-Garde Caennaise pour la traditionnelle soir\u00e9e de rentr\u00e9e du Club du Sport Exaequo.\" \/>\n<meta property=\"og:url\" content=\"https:\/\/exaequo-communication.fr\/index.php\/2022\/03\/11\/rentree-club-du-sport-2022\/\" \/>\n<meta property=\"og:site_name\" content=\"Exaequo communication\" \/>\n<meta property=\"article:published_time\" content=\"2022-03-11T09:42:41+00:00\" \/>\n<meta property=\"og:image\" content=\"https:\/\/exaequo-communication.fr\/wp-content\/uploads\/2022\/03\/CDS-Rentree-2022-7-scaled.jpg\" \/>\n\t<meta property=\"og:image:width\" content=\"1700\" \/>\n\t<meta property=\"og:image:height\" content=\"850\" \/>\n\t<meta property=\"og:image:type\" content=\"image\/jpeg\" \/>\n<meta name=\"author\" content=\"Louise\" \/>\n<meta name=\"twitter:card\" content=\"summary_large_image\" \/>\n<meta name=\"twitter:title\" content=\"Le Club du Sport a fait sa rentr\u00e9e\" \/>\n<meta name=\"twitter:description\" content=\"Rendez-vous \u00e0 l&#039;Avant-Garde Caennaise pour la traditionnelle soir\u00e9e de rentr\u00e9e du Club du Sport Exaequo.\" \/>\n<meta name=\"twitter:image\" content=\"https:\/\/exaequo-communication.fr\/wp-content\/uploads\/2022\/03\/CDS-Rentree-2022-7-scaled.jpg\" \/>\n<meta name=\"twitter:label1\" content=\"\u00c9crit par\" \/>\n\t<meta name=\"twitter:data1\" content=\"Louise\" \/>\n\t<meta name=\"twitter:label2\" content=\"Dur\u00e9e de lecture estim\u00e9e\" \/>\n\t<meta name=\"twitter:data2\" content=\"2 minutes\" \/>\n<script type=\"application\/ld+json\" class=\"yoast-schema-graph\">{\"@context\":\"https:\/\/schema.org\",\"@graph\":[{\"@type\":\"Article\",\"@id\":\"https:\/\/exaequo-communication.fr\/index.php\/2022\/03\/11\/rentree-club-du-sport-2022\/#article\",\"isPartOf\":{\"@id\":\"https:\/\/exaequo-communication.fr\/index.php\/2022\/03\/11\/rentree-club-du-sport-2022\/\"},\"author\":{\"name\":\"Louise\",\"@id\":\"https:\/\/exaequo-communication.fr\/#\/schema\/person\/0ff3d297bda23ca1cd161c11c3217513\"},\"headline\":\"Le Club du Sport a fait sa rentr\u00e9e\",\"datePublished\":\"2022-03-11T09:42:41+00:00\",\"mainEntityOfPage\":{\"@id\":\"https:\/\/exaequo-communication.fr\/index.php\/2022\/03\/11\/rentree-club-du-sport-2022\/\"},\"wordCount\":790,\"image\":{\"@id\":\"https:\/\/exaequo-communication.fr\/index.php\/2022\/03\/11\/rentree-club-du-sport-2022\/#primaryimage\"},\"thumbnailUrl\":\"https:\/\/exaequo-communication.fr\/wp-content\/uploads\/2022\/03\/CDS-Rentree-2022-7-scaled.jpg\",\"articleSection\":[\"Actualit\u00e9s\",\"Coaching\"],\"inLanguage\":\"fr-FR\"},{\"@type\":\"WebPage\",\"@id\":\"https:\/\/exaequo-communication.fr\/index.php\/2022\/03\/11\/rentree-club-du-sport-2022\/\",\"url\":\"https:\/\/exaequo-communication.fr\/index.php\/2022\/03\/11\/rentree-club-du-sport-2022\/\",\"name\":\"Le Club du Sport a fait sa rentr\u00e9e - Exaequo communication\",\"isPartOf\":{\"@id\":\"https:\/\/exaequo-communication.fr\/#website\"},\"primaryImageOfPage\":{\"@id\":\"https:\/\/exaequo-communication.fr\/index.php\/2022\/03\/11\/rentree-club-du-sport-2022\/#primaryimage\"},\"image\":{\"@id\":\"https:\/\/exaequo-communication.fr\/index.php\/2022\/03\/11\/rentree-club-du-sport-2022\/#primaryimage\"},\"thumbnailUrl\":\"https:\/\/exaequo-communication.fr\/wp-content\/uploads\/2022\/03\/CDS-Rentree-2022-7-scaled.jpg\",\"datePublished\":\"2022-03-11T09:42:41+00:00\",\"author\":{\"@id\":\"https:\/\/exaequo-communication.fr\/#\/schema\/person\/0ff3d297bda23ca1cd161c11c3217513\"},\"description\":\"Hier soir, avait lieu au sein de l'USO Mondeville, la traditionnelle soir\u00e9e de la galette des rois pour la rentr\u00e9e du Club du Sport Exaequo.\",\"breadcrumb\":{\"@id\":\"https:\/\/exaequo-communication.fr\/index.php\/2022\/03\/11\/rentree-club-du-sport-2022\/#breadcrumb\"},\"inLanguage\":\"fr-FR\",\"potentialAction\":[{\"@type\":\"ReadAction\",\"target\":[\"https:\/\/exaequo-communication.fr\/index.php\/2022\/03\/11\/rentree-club-du-sport-2022\/\"]}]},{\"@type\":\"ImageObject\",\"inLanguage\":\"fr-FR\",\"@id\":\"https:\/\/exaequo-communication.fr\/index.php\/2022\/03\/11\/rentree-club-du-sport-2022\/#primaryimage\",\"url\":\"https:\/\/exaequo-communication.fr\/wp-content\/uploads\/2022\/03\/CDS-Rentree-2022-7-scaled.jpg\",\"contentUrl\":\"https:\/\/exaequo-communication.fr\/wp-content\/uploads\/2022\/03\/CDS-Rentree-2022-7-scaled.jpg\",\"width\":1700,\"height\":850,\"caption\":\"Rentr\u00e9e du Club du Sport 2022 coaching entreprise coach sportif sant\u00e9\"},{\"@type\":\"BreadcrumbList\",\"@id\":\"https:\/\/exaequo-communication.fr\/index.php\/2022\/03\/11\/rentree-club-du-sport-2022\/#breadcrumb\",\"itemListElement\":[{\"@type\":\"ListItem\",\"position\":1,\"name\":\"Accueil\",\"item\":\"https:\/\/exaequo-communication.fr\/\"},{\"@type\":\"ListItem\",\"position\":2,\"name\":\"Le Club du Sport a fait sa rentr\u00e9e\"}]},{\"@type\":\"WebSite\",\"@id\":\"https:\/\/exaequo-communication.fr\/#website\",\"url\":\"https:\/\/exaequo-communication.fr\/\",\"name\":\"Exaequo communication\",\"description\":\"\",\"potentialAction\":[{\"@type\":\"SearchAction\",\"target\":{\"@type\":\"EntryPoint\",\"urlTemplate\":\"https:\/\/exaequo-communication.fr\/?s={search_term_string}\"},\"query-input\":{\"@type\":\"PropertyValueSpecification\",\"valueRequired\":true,\"valueName\":\"search_term_string\"}}],\"inLanguage\":\"fr-FR\"},{\"@type\":\"Person\",\"@id\":\"https:\/\/exaequo-communication.fr\/#\/schema\/person\/0ff3d297bda23ca1cd161c11c3217513\",\"name\":\"Louise\",\"image\":{\"@type\":\"ImageObject\",\"inLanguage\":\"fr-FR\",\"@id\":\"https:\/\/exaequo-communication.fr\/#\/schema\/person\/image\/\",\"url\":\"https:\/\/secure.gravatar.com\/avatar\/c5e8367f32ffeff4cdf4e055d9e95263b7d031a01e929b3116e2b0d996065f4c?s=96&d=mm&r=g\",\"contentUrl\":\"https:\/\/secure.gravatar.com\/avatar\/c5e8367f32ffeff4cdf4e055d9e95263b7d031a01e929b3116e2b0d996065f4c?s=96&d=mm&r=g\",\"caption\":\"Louise\"},\"url\":\"https:\/\/exaequo-communication.fr\/index.php\/author\/louise\/\"}]}<\/script>\n<!-- \/ Yoast SEO plugin. -->","yoast_head_json":{"title":"Le Club du Sport a fait sa rentr\u00e9e - Exaequo communication","description":"Hier soir, avait lieu au sein de l'USO Mondeville, la traditionnelle soir\u00e9e de la galette des rois pour la rentr\u00e9e du Club du Sport Exaequo.","robots":{"index":"index","follow":"follow","max-snippet":"max-snippet:-1","max-image-preview":"max-image-preview:large","max-video-preview":"max-video-preview:-1"},"canonical":"https:\/\/exaequo-communication.fr\/index.php\/2022\/03\/11\/rentree-club-du-sport-2022\/","og_locale":"fr_FR","og_type":"article","og_title":"Le Club du Sport a fait sa rentr\u00e9e","og_description":"Rendez-vous \u00e0 l'Avant-Garde Caennaise pour la traditionnelle soir\u00e9e de rentr\u00e9e du Club du Sport Exaequo.","og_url":"https:\/\/exaequo-communication.fr\/index.php\/2022\/03\/11\/rentree-club-du-sport-2022\/","og_site_name":"Exaequo communication","article_published_time":"2022-03-11T09:42:41+00:00","og_image":[{"width":1700,"height":850,"url":"https:\/\/exaequo-communication.fr\/wp-content\/uploads\/2022\/03\/CDS-Rentree-2022-7-scaled.jpg","type":"image\/jpeg"}],"author":"Louise","twitter_card":"summary_large_image","twitter_title":"Le Club du Sport a fait sa rentr\u00e9e","twitter_description":"Rendez-vous \u00e0 l'Avant-Garde Caennaise pour la traditionnelle soir\u00e9e de rentr\u00e9e du Club du Sport Exaequo.","twitter_image":"https:\/\/exaequo-communication.fr\/wp-content\/uploads\/2022\/03\/CDS-Rentree-2022-7-scaled.jpg","twitter_misc":{"\u00c9crit par":"Louise","Dur\u00e9e de lecture estim\u00e9e":"2 minutes"},"schema":{"@context":"https:\/\/schema.org","@graph":[{"@type":"Article","@id":"https:\/\/exaequo-communication.fr\/index.php\/2022\/03\/11\/rentree-club-du-sport-2022\/#article","isPartOf":{"@id":"https:\/\/exaequo-communication.fr\/index.php\/2022\/03\/11\/rentree-club-du-sport-2022\/"},"author":{"name":"Louise","@id":"https:\/\/exaequo-communication.fr\/#\/schema\/person\/0ff3d297bda23ca1cd161c11c3217513"},"headline":"Le Club du Sport a fait sa rentr\u00e9e","datePublished":"2022-03-11T09:42:41+00:00","mainEntityOfPage":{"@id":"https:\/\/exaequo-communication.fr\/index.php\/2022\/03\/11\/rentree-club-du-sport-2022\/"},"wordCount":790,"image":{"@id":"https:\/\/exaequo-communication.fr\/index.php\/2022\/03\/11\/rentree-club-du-sport-2022\/#primaryimage"},"thumbnailUrl":"https:\/\/exaequo-communication.fr\/wp-content\/uploads\/2022\/03\/CDS-Rentree-2022-7-scaled.jpg","articleSection":["Actualit\u00e9s","Coaching"],"inLanguage":"fr-FR"},{"@type":"WebPage","@id":"https:\/\/exaequo-communication.fr\/index.php\/2022\/03\/11\/rentree-club-du-sport-2022\/","url":"https:\/\/exaequo-communication.fr\/index.php\/2022\/03\/11\/rentree-club-du-sport-2022\/","name":"Le Club du Sport a fait sa rentr\u00e9e - Exaequo communication","isPartOf":{"@id":"https:\/\/exaequo-communication.fr\/#website"},"primaryImageOfPage":{"@id":"https:\/\/exaequo-communication.fr\/index.php\/2022\/03\/11\/rentree-club-du-sport-2022\/#primaryimage"},"image":{"@id":"https:\/\/exaequo-communication.fr\/index.php\/2022\/03\/11\/rentree-club-du-sport-2022\/#primaryimage"},"thumbnailUrl":"https:\/\/exaequo-communication.fr\/wp-content\/uploads\/2022\/03\/CDS-Rentree-2022-7-scaled.jpg","datePublished":"2022-03-11T09:42:41+00:00","author":{"@id":"https:\/\/exaequo-communication.fr\/#\/schema\/person\/0ff3d297bda23ca1cd161c11c3217513"},"description":"Hier soir, avait lieu au sein de l'USO Mondeville, la traditionnelle soir\u00e9e de la galette des rois pour la rentr\u00e9e du Club du Sport Exaequo.","breadcrumb":{"@id":"https:\/\/exaequo-communication.fr\/index.php\/2022\/03\/11\/rentree-club-du-sport-2022\/#breadcrumb"},"inLanguage":"fr-FR","potentialAction":[{"@type":"ReadAction","target":["https:\/\/exaequo-communication.fr\/index.php\/2022\/03\/11\/rentree-club-du-sport-2022\/"]}]},{"@type":"ImageObject","inLanguage":"fr-FR","@id":"https:\/\/exaequo-communication.fr\/index.php\/2022\/03\/11\/rentree-club-du-sport-2022\/#primaryimage","url":"https:\/\/exaequo-communication.fr\/wp-content\/uploads\/2022\/03\/CDS-Rentree-2022-7-scaled.jpg","contentUrl":"https:\/\/exaequo-communication.fr\/wp-content\/uploads\/2022\/03\/CDS-Rentree-2022-7-scaled.jpg","width":1700,"height":850,"caption":"Rentr\u00e9e du Club du Sport 2022 coaching entreprise coach sportif sant\u00e9"},{"@type":"BreadcrumbList","@id":"https:\/\/exaequo-communication.fr\/index.php\/2022\/03\/11\/rentree-club-du-sport-2022\/#breadcrumb","itemListElement":[{"@type":"ListItem","position":1,"name":"Accueil","item":"https:\/\/exaequo-communication.fr\/"},{"@type":"ListItem","position":2,"name":"Le Club du Sport a fait sa rentr\u00e9e"}]},{"@type":"WebSite","@id":"https:\/\/exaequo-communication.fr\/#website","url":"https:\/\/exaequo-communication.fr\/","name":"Exaequo communication","description":"","potentialAction":[{"@type":"SearchAction","target":{"@type":"EntryPoint","urlTemplate":"https:\/\/exaequo-communication.fr\/?s={search_term_string}"},"query-input":{"@type":"PropertyValueSpecification","valueRequired":true,"valueName":"search_term_string"}}],"inLanguage":"fr-FR"},{"@type":"Person","@id":"https:\/\/exaequo-communication.fr\/#\/schema\/person\/0ff3d297bda23ca1cd161c11c3217513","name":"Louise","image":{"@type":"ImageObject","inLanguage":"fr-FR","@id":"https:\/\/exaequo-communication.fr\/#\/schema\/person\/image\/","url":"https:\/\/secure.gravatar.com\/avatar\/c5e8367f32ffeff4cdf4e055d9e95263b7d031a01e929b3116e2b0d996065f4c?s=96&d=mm&r=g","contentUrl":"https:\/\/secure.gravatar.com\/avatar\/c5e8367f32ffeff4cdf4e055d9e95263b7d031a01e929b3116e2b0d996065f4c?s=96&d=mm&r=g","caption":"Louise"},"url":"https:\/\/exaequo-communication.fr\/index.php\/author\/louise\/"}]}},"_links":{"self":[{"href":"https:\/\/exaequo-communication.fr\/index.php\/wp-json\/wp\/v2\/posts\/13454","targetHints":{"allow":["GET"]}}],"collection":[{"href":"https:\/\/exaequo-communication.fr\/index.php\/wp-json\/wp\/v2\/posts"}],"about":[{"href":"https:\/\/exaequo-communication.fr\/index.php\/wp-json\/wp\/v2\/types\/post"}],"author":[{"embeddable":true,"href":"https:\/\/exaequo-communication.fr\/index.php\/wp-json\/wp\/v2\/users\/9"}],"replies":[{"embeddable":true,"href":"https:\/\/exaequo-communication.fr\/index.php\/wp-json\/wp\/v2\/comments?post=13454"}],"version-history":[{"count":0,"href":"https:\/\/exaequo-communication.fr\/index.php\/wp-json\/wp\/v2\/posts\/13454\/revisions"}],"wp:featuredmedia":[{"embeddable":true,"href":"https:\/\/exaequo-communication.fr\/index.php\/wp-json\/wp\/v2\/media\/13484"}],"wp:attachment":[{"href":"https:\/\/exaequo-communication.fr\/index.php\/wp-json\/wp\/v2\/media?parent=13454"}],"wp:term":[{"taxonomy":"category","embeddable":true,"href":"https:\/\/exaequo-communication.fr\/index.php\/wp-json\/wp\/v2\/categories?post=13454"},{"taxonomy":"post_tag","embeddable":true,"href":"https:\/\/exaequo-communication.fr\/index.php\/wp-json\/wp\/v2\/tags?post=13454"}],"curies":[{"name":"wp","href":"https:\/\/api.w.org\/{rel}","templated":true}]}}