{"id":13363,"date":"2022-01-21T11:08:23","date_gmt":"2022-01-21T10:08:23","guid":{"rendered":"https:\/\/exaequo-communication.fr\/?p=13363"},"modified":"2022-01-21T11:15:05","modified_gmt":"2022-01-21T10:15:05","slug":"burger-challenge-live-legallais","status":"publish","type":"post","link":"https:\/\/exaequo-communication.fr\/index.php\/2022\/01\/21\/burger-challenge-live-legallais\/","title":{"rendered":"Retour du Burger Challenge en live avec Legallais"},"content":{"rendered":"[vc_row type=\u00a0\u00bbin_container\u00a0\u00bb full_screen_row_position=\u00a0\u00bbmiddle\u00a0\u00bb column_margin=\u00a0\u00bbdefault\u00a0\u00bb column_direction=\u00a0\u00bbdefault\u00a0\u00bb column_direction_tablet=\u00a0\u00bbdefault\u00a0\u00bb column_direction_phone=\u00a0\u00bbdefault\u00a0\u00bb scene_position=\u00a0\u00bbcenter\u00a0\u00bb top_padding=\u00a0\u00bb10&Prime; text_color=\u00a0\u00bbdark\u00a0\u00bb text_align=\u00a0\u00bbleft\u00a0\u00bb row_border_radius=\u00a0\u00bbnone\u00a0\u00bb row_border_radius_applies=\u00a0\u00bbbg\u00a0\u00bb overlay_strength=\u00a0\u00bb0.3&Prime; gradient_direction=\u00a0\u00bbleft_to_right\u00a0\u00bb shape_divider_position=\u00a0\u00bbbottom\u00a0\u00bb bg_image_animation=\u00a0\u00bbnone\u00a0\u00bb shape_type=\u00a0\u00bb\u00a0\u00bb][vc_column column_padding=\u00a0\u00bbno-extra-padding\u00a0\u00bb column_padding_tablet=\u00a0\u00bbinherit\u00a0\u00bb column_padding_phone=\u00a0\u00bbinherit\u00a0\u00bb column_padding_position=\u00a0\u00bball\u00a0\u00bb background_color_opacity=\u00a0\u00bb1&Prime; background_hover_color_opacity=\u00a0\u00bb1&Prime; column_shadow=\u00a0\u00bbnone\u00a0\u00bb column_border_radius=\u00a0\u00bbnone\u00a0\u00bb column_link_target=\u00a0\u00bb_self\u00a0\u00bb gradient_direction=\u00a0\u00bbleft_to_right\u00a0\u00bb overlay_strength=\u00a0\u00bb0.3&Prime; width=\u00a0\u00bb1\/2&Prime; tablet_width_inherit=\u00a0\u00bbdefault\u00a0\u00bb tablet_text_alignment=\u00a0\u00bbdefault\u00a0\u00bb phone_text_alignment=\u00a0\u00bbdefault\u00a0\u00bb column_border_width=\u00a0\u00bbnone\u00a0\u00bb column_border_style=\u00a0\u00bbsolid\u00a0\u00bb bg_image_animation=\u00a0\u00bbnone\u00a0\u00bb][vc_gallery type=\u00a0\u00bbflexslider_style\u00a0\u00bb images=\u00a0\u00bb13384,13385,13386,13389,13390&Prime; onclick=\u00a0\u00bblink_no\u00a0\u00bb hover_anim=\u00a0\u00bbfade-out\u00a0\u00bb][\/vc_column][vc_column column_padding=\u00a0\u00bbno-extra-padding\u00a0\u00bb column_padding_tablet=\u00a0\u00bbinherit\u00a0\u00bb column_padding_phone=\u00a0\u00bbinherit\u00a0\u00bb column_padding_position=\u00a0\u00bball\u00a0\u00bb background_color_opacity=\u00a0\u00bb1&Prime; background_hover_color_opacity=\u00a0\u00bb1&Prime; column_shadow=\u00a0\u00bbnone\u00a0\u00bb column_border_radius=\u00a0\u00bbnone\u00a0\u00bb column_link_target=\u00a0\u00bb_self\u00a0\u00bb gradient_direction=\u00a0\u00bbleft_to_right\u00a0\u00bb overlay_strength=\u00a0\u00bb0.3&Prime; width=\u00a0\u00bb1\/2&Prime; tablet_width_inherit=\u00a0\u00bbdefault\u00a0\u00bb tablet_text_alignment=\u00a0\u00bbdefault\u00a0\u00bb phone_text_alignment=\u00a0\u00bbdefault\u00a0\u00bb column_border_width=\u00a0\u00bbnone\u00a0\u00bb column_border_style=\u00a0\u00bbsolid\u00a0\u00bb bg_image_animation=\u00a0\u00bbnone\u00a0\u00bb][split_line_heading animation_type=\u00a0\u00bbdefault\u00a0\u00bb]\n<h3>Retour d&rsquo;Alain Chabouille et son Burger Challenge en live avec Legallais<\/h3>\n<p>Sur le temps d&rsquo;une matin\u00e9e, 142 collaborateurs de la soci\u00e9t\u00e9 <a href=\"https:\/\/www.legallais.com\/\" target=\"_blank\" rel=\"noopener\"><strong>Legallais<\/strong><\/a> ont retrouv\u00e9 Alain Chabouille sur son c\u00e9l\u00e8bre plateau de l&rsquo;\u00e9mission Burger Challenge. Ils ont pu participer \u00e0 un quiz retransmis en direct, comme une v\u00e9ritable \u00e9mission TV.[\/split_line_heading][\/vc_column][\/vc_row][vc_row type=\u00a0\u00bbin_container\u00a0\u00bb full_screen_row_position=\u00a0\u00bbmiddle\u00a0\u00bb column_margin=\u00a0\u00bbdefault\u00a0\u00bb column_direction=\u00a0\u00bbdefault\u00a0\u00bb column_direction_tablet=\u00a0\u00bbdefault\u00a0\u00bb column_direction_phone=\u00a0\u00bbdefault\u00a0\u00bb scene_position=\u00a0\u00bbcenter\u00a0\u00bb text_color=\u00a0\u00bbdark\u00a0\u00bb text_align=\u00a0\u00bbleft\u00a0\u00bb row_border_radius=\u00a0\u00bbnone\u00a0\u00bb row_border_radius_applies=\u00a0\u00bbbg\u00a0\u00bb overlay_strength=\u00a0\u00bb0.3&Prime; gradient_direction=\u00a0\u00bbleft_to_right\u00a0\u00bb shape_divider_position=\u00a0\u00bbbottom\u00a0\u00bb bg_image_animation=\u00a0\u00bbnone\u00a0\u00bb][vc_column column_padding=\u00a0\u00bbno-extra-padding\u00a0\u00bb column_padding_tablet=\u00a0\u00bbinherit\u00a0\u00bb column_padding_phone=\u00a0\u00bbinherit\u00a0\u00bb column_padding_position=\u00a0\u00bball\u00a0\u00bb background_color_opacity=\u00a0\u00bb1&Prime; background_hover_color_opacity=\u00a0\u00bb1&Prime; column_shadow=\u00a0\u00bbnone\u00a0\u00bb column_border_radius=\u00a0\u00bbnone\u00a0\u00bb column_link_target=\u00a0\u00bb_self\u00a0\u00bb gradient_direction=\u00a0\u00bbleft_to_right\u00a0\u00bb overlay_strength=\u00a0\u00bb0.3&Prime; width=\u00a0\u00bb1\/1&Prime; tablet_width_inherit=\u00a0\u00bbdefault\u00a0\u00bb tablet_text_alignment=\u00a0\u00bbdefault\u00a0\u00bb phone_text_alignment=\u00a0\u00bbdefault\u00a0\u00bb column_border_width=\u00a0\u00bbnone\u00a0\u00bb column_border_style=\u00a0\u00bbsolid\u00a0\u00bb bg_image_animation=\u00a0\u00bbnone\u00a0\u00bb][vc_column_text]Afin de proposer une animation ludique \u00e0 leurs managers, l\u2019entreprise <a href=\"https:\/\/www.legallais.com\/\" target=\"_blank\" rel=\"noopener\"><strong>Legallais<\/strong><\/a> a fait appel \u00e0 l\u2019\u00e9quipe Exaequo pour organiser un <a href=\"https:\/\/exaequo-communication.fr\/index.php\/portfolio\/burger-challenge\/\" target=\"_blank\" rel=\"noopener\"><strong>Burger Challenge<\/strong><\/a> en distanciel. Un team-building sur-mesure et d\u00e9cal\u00e9 qui a permis d\u2019interroger les collaborateurs sur le bilan de leur ann\u00e9e 2021 avec quelques questions sur leur culture g\u00e9n\u00e9rale. Tout cela avec une proximit\u00e9 digitale gr\u00e2ce \u00e0 une visio anim\u00e9e.<\/p>\n<h3>LE BRIEF :<\/h3>\n<div class=\"col span_12 dark left\">\n<div class=\"vc_col-sm-12 wpb_column column_container vc_column_container col no-extra-padding instance-2\" data-t-w-inherits=\"default\" data-border-radius=\"none\" data-shadow=\"none\" data-border-animation=\"\" data-border-animation-delay=\"\" data-border-width=\"none\" data-border-style=\"solid\" data-border-color=\"\" data-bg-cover=\"\" data-padding-pos=\"all\" data-has-bg-color=\"false\" data-bg-color=\"\" data-bg-opacity=\"1\" data-hover-bg=\"\" data-hover-bg-opacity=\"1\" data-animation=\"\" data-delay=\"0\">\n<div class=\"vc_column-inner\">\n<div class=\"wpb_wrapper\">\n<div class=\"wpb_text_column wpb_content_element \">\n<div class=\"wpb_wrapper\">\n<ul>\n<li>Proposer une activit\u00e9 innovante permettant de faire le bilan de l&rsquo;ann\u00e9e 2021 de Legallais.<\/li>\n<li>Organiser un challenge par \u00e9quipe pour permettre aux collaborateurs de se r\u00e9unir.<\/li>\n<li>Mettre en place une animation ludique permettant un moment de coh\u00e9sion \u00e0 distance.<\/li>\n<\/ul>\n<h3>LA R\u00c9PONSE D\u2019EXAEQUO :<\/h3>\n<p>Une animation inspir\u00e9e de l&rsquo;\u00e9mission Burger Quiz que nous avons revisit\u00e9e sp\u00e9cialement pour l&rsquo;occasion, en alliant<strong> le digital et l&rsquo;\u00e9change<\/strong>. Visionnant directement l&rsquo;\u00e9mission depuis leurs ordinateurs, les managers et cadres de Legallais ont pu participer \u00e0 un challenge par \u00e9quipe. Celui-ci \u00e9tait compos\u00e9 de questions diverses et vari\u00e9es alliant la culture g\u00e9n\u00e9rale et le retour sur l&rsquo;ann\u00e9e 2021 de l&rsquo;entreprise.<\/p>\n<p>Au programme de l&rsquo;animation, quatre manches revisit\u00e9es : nuggets, sel\/poivre, menus et l&rsquo;addition avec des moyens d&rsquo;interaction vari\u00e9s comme des vrai\/faux, des QCM, des questions rapidit\u00e9 au buzzer ou encore blind test musical. Chaque participant utilisait son smartphone sur lequel une application ou une page web leur permettaient de r\u00e9pondre en direct.<\/p>\n<p>Une animation rendue possible en distanciel gr\u00e2ce \u00e0 l&rsquo;aide technique et au studio professionnel d&rsquo;<a href=\"https:\/\/imageinfrance.com\/\" target=\"_blank\" rel=\"noopener\"><strong>Image in France<\/strong><\/a>.<\/p>\n<p>L&rsquo;\u00e9quipe Exaequo <strong>s&rsquo;engage fortement pour organiser des animations team-building dans le respect strict des protocoles sanitaires et des gestes barri\u00e8res<\/strong>. En lien avec le client, nous avons su adapter notre animation pour la proposer enti\u00e8rement en distanciel tout en respectant les mesures sanitaires pour l&rsquo;\u00e9quipe pr\u00e9sente sur place \u2013\u00a0<strong><a href=\"https:\/\/exaequo-communication.fr\/index.php\/2021\/02\/16\/charte-covid-friendly\">en savoir plus sur notre engagement Covid Friendly<\/a>.<\/strong><\/p>\n<h3>LE BILAN :<\/h3>\n<p><strong>Un m\u00e9lange de rires, de r\u00e9flexion et de r\u00e9activit\u00e9<\/strong> qui ont, m\u00eame \u00e0 travers les \u00e9crans, r\u00e9ellement permis aux collaborateurs de se retrouver autour d&rsquo;une comp\u00e9tition d\u00e9cal\u00e9e et fun. Toujours agr\u00e9ment\u00e9 de notre d\u00e9corum et animateur de ce team-building afin de plonger les \u00e9quipes dans une v\u00e9ritable \u00e9mission.<\/p>\n<p>Une fois l&rsquo;\u00e9tape de l&rsquo;addition termin\u00e9e, l&rsquo;\u00e9quipe Mayo a pu remporter le Burger Challenge Legallais.<\/p>\n<p>&nbsp;<\/p>\n<\/div>\n<\/div>\n<\/div>\n<\/div>\n<\/div>\n<\/div>\n<p>Int\u00e9ress\u00e9 par cette animation, d\u00e9couvrez notre fiche produit : <strong><a href=\"https:\/\/exaequo-communication.fr\/wp-content\/uploads\/2021\/02\/fiche_produits_burger_quiz.pdf\" target=\"_blank\" rel=\"noopener\">cliquez ici<\/a><\/strong>.<\/p>\n<div class=\"row\">\n<div class=\"post-area col span_12 col_last\">\n<article id=\"post-13185\" class=\"post-13185 post type-post status-publish format-standard has-post-thumbnail category-actualites category-team-building\">\n<div class=\"inner-wrap\">\n<div class=\"post-content\" data-hide-featured-media=\"1\">\n<div class=\"content-inner\">\n<div id=\"fws_61e821d774af7\" class=\"wpb_row vc_row-fluid vc_row standard_section \" data-column-margin=\"default\" data-midnight=\"dark\">\n<div class=\"row_col_wrap_12 col span_12 dark left\">\n<div class=\"vc_col-sm-12 wpb_column column_container vc_column_container col no-extra-padding inherit_tablet inherit_phone instance-2\" data-t-w-inherits=\"default\" data-bg-cover=\"\" data-padding-pos=\"all\" data-has-bg-color=\"false\" data-bg-color=\"\" data-bg-opacity=\"1\" data-hover-bg=\"\" data-hover-bg-opacity=\"1\" data-animation=\"\" data-delay=\"0\">\n<div class=\"vc_column-inner\">\n<div class=\"wpb_wrapper\">\n<div class=\"wpb_text_column wpb_content_element \">\n<div class=\"wpb_wrapper\">\n<p>Pour en savoir plus sur Legallais,\u00a0<strong><a href=\"https:\/\/legallais.com\/\" target=\"_blank\" rel=\"noopener noreferrer\">cliquez ici<\/a><\/strong>.<\/p>\n<\/div>\n<\/div>\n<\/div>\n<\/div>\n<\/div>\n<\/div>\n<\/div>\n<\/div>\n<\/div>\n<\/div>\n<\/article>\n<\/div>\n<\/div>\n[\/vc_column_text][\/vc_column][\/vc_row]\n","protected":false},"excerpt":{"rendered":"<p>Sur le temps d&rsquo;une matin\u00e9e, les collaborateurs de la soci\u00e9t\u00e9\u00a0<a href=\"https:\/\/www.legallais.com\/\" target=\"_blank\" rel=\"noopener\"><strong>Legallais<\/strong><\/a> ont retrouv\u00e9 Alain Chabouille sur son c\u00e9l\u00e8bre plateau de l&rsquo;\u00e9mission Burger Challenge.<\/p>\n","protected":false},"author":9,"featured_media":13384,"comment_status":"closed","ping_status":"closed","sticky":false,"template":"","format":"standard","meta":{"footnotes":""},"categories":[1,178],"tags":[],"class_list":{"0":"post-13363","1":"post","2":"type-post","3":"status-publish","4":"format-standard","5":"has-post-thumbnail","7":"category-actualites","8":"category-team-building"},"yoast_head":"<!-- This site is optimized with the Yoast SEO plugin v27.0 - https:\/\/yoast.com\/product\/yoast-seo-wordpress\/ -->\n<title>Retour du Burger Challenge en live avec Legallais - Exaequo<\/title>\n<meta name=\"description\" content=\"Les collaborateurs de la soci\u00e9t\u00e9\u00a0Legallais ont rejoint Alain Chabouille sur son c\u00e9l\u00e8bre plateau de l&#039;\u00e9mission Burger Challenge.\" \/>\n<meta name=\"robots\" content=\"index, follow, max-snippet:-1, max-image-preview:large, max-video-preview:-1\" \/>\n<link rel=\"canonical\" href=\"https:\/\/exaequo-communication.fr\/index.php\/2022\/01\/21\/burger-challenge-live-legallais\/\" \/>\n<meta property=\"og:locale\" content=\"fr_FR\" \/>\n<meta property=\"og:type\" content=\"article\" \/>\n<meta property=\"og:title\" content=\"Retour du Burger Challenge en live avec Legallais\" \/>\n<meta property=\"og:description\" content=\"Les collaborateurs de la soci\u00e9t\u00e9\u00a0Legallais ont retrouv\u00e9 Alain Chabouille sur son c\u00e9l\u00e8bre plateau de l&#039;\u00e9mission Burger Challenge.\" \/>\n<meta property=\"og:url\" content=\"https:\/\/exaequo-communication.fr\/index.php\/2022\/01\/21\/burger-challenge-live-legallais\/\" \/>\n<meta property=\"og:site_name\" content=\"Exaequo communication\" \/>\n<meta property=\"article:published_time\" content=\"2022-01-21T10:08:23+00:00\" \/>\n<meta property=\"article:modified_time\" content=\"2022-01-21T10:15:05+00:00\" \/>\n<meta property=\"og:image\" content=\"https:\/\/exaequo-communication.fr\/wp-content\/uploads\/2022\/01\/BurgerChallenge-Legallais-2022-2.png\" \/>\n\t<meta property=\"og:image:width\" content=\"2048\" \/>\n\t<meta property=\"og:image:height\" content=\"1536\" \/>\n\t<meta property=\"og:image:type\" content=\"image\/png\" \/>\n<meta name=\"author\" content=\"Louise\" \/>\n<meta name=\"twitter:card\" content=\"summary_large_image\" \/>\n<meta name=\"twitter:title\" content=\"Retour du Burger Challenge en live avec Legallais\" \/>\n<meta name=\"twitter:description\" content=\"Les collaborateurs de la soci\u00e9t\u00e9\u00a0Legallais ont retrouv\u00e9 Alain Chabouille sur son c\u00e9l\u00e8bre plateau de l&#039;\u00e9mission Burger Challenge.\" \/>\n<meta name=\"twitter:image\" content=\"https:\/\/exaequo-communication.fr\/wp-content\/uploads\/2022\/01\/BurgerChallenge-Legallais-2022-2.png\" \/>\n<meta name=\"twitter:label1\" content=\"\u00c9crit par\" \/>\n\t<meta name=\"twitter:data1\" content=\"Louise\" \/>\n\t<meta name=\"twitter:label2\" content=\"Dur\u00e9e de lecture estim\u00e9e\" \/>\n\t<meta name=\"twitter:data2\" content=\"3 minutes\" \/>\n<script type=\"application\/ld+json\" class=\"yoast-schema-graph\">{\"@context\":\"https:\/\/schema.org\",\"@graph\":[{\"@type\":\"Article\",\"@id\":\"https:\/\/exaequo-communication.fr\/index.php\/2022\/01\/21\/burger-challenge-live-legallais\/#article\",\"isPartOf\":{\"@id\":\"https:\/\/exaequo-communication.fr\/index.php\/2022\/01\/21\/burger-challenge-live-legallais\/\"},\"author\":{\"name\":\"Louise\",\"@id\":\"https:\/\/exaequo-communication.fr\/#\/schema\/person\/0ff3d297bda23ca1cd161c11c3217513\"},\"headline\":\"Retour du Burger Challenge en live avec Legallais\",\"datePublished\":\"2022-01-21T10:08:23+00:00\",\"dateModified\":\"2022-01-21T10:15:05+00:00\",\"mainEntityOfPage\":{\"@id\":\"https:\/\/exaequo-communication.fr\/index.php\/2022\/01\/21\/burger-challenge-live-legallais\/\"},\"wordCount\":844,\"image\":{\"@id\":\"https:\/\/exaequo-communication.fr\/index.php\/2022\/01\/21\/burger-challenge-live-legallais\/#primaryimage\"},\"thumbnailUrl\":\"https:\/\/exaequo-communication.fr\/wp-content\/uploads\/2022\/01\/BurgerChallenge-Legallais-2022-1.png\",\"articleSection\":[\"Actualit\u00e9s\",\"Team Building\"],\"inLanguage\":\"fr-FR\"},{\"@type\":\"WebPage\",\"@id\":\"https:\/\/exaequo-communication.fr\/index.php\/2022\/01\/21\/burger-challenge-live-legallais\/\",\"url\":\"https:\/\/exaequo-communication.fr\/index.php\/2022\/01\/21\/burger-challenge-live-legallais\/\",\"name\":\"Retour du Burger Challenge en live avec Legallais - Exaequo\",\"isPartOf\":{\"@id\":\"https:\/\/exaequo-communication.fr\/#website\"},\"primaryImageOfPage\":{\"@id\":\"https:\/\/exaequo-communication.fr\/index.php\/2022\/01\/21\/burger-challenge-live-legallais\/#primaryimage\"},\"image\":{\"@id\":\"https:\/\/exaequo-communication.fr\/index.php\/2022\/01\/21\/burger-challenge-live-legallais\/#primaryimage\"},\"thumbnailUrl\":\"https:\/\/exaequo-communication.fr\/wp-content\/uploads\/2022\/01\/BurgerChallenge-Legallais-2022-1.png\",\"datePublished\":\"2022-01-21T10:08:23+00:00\",\"dateModified\":\"2022-01-21T10:15:05+00:00\",\"author\":{\"@id\":\"https:\/\/exaequo-communication.fr\/#\/schema\/person\/0ff3d297bda23ca1cd161c11c3217513\"},\"description\":\"Les collaborateurs de la soci\u00e9t\u00e9\u00a0Legallais ont rejoint Alain Chabouille sur son c\u00e9l\u00e8bre plateau de l'\u00e9mission Burger Challenge.\",\"breadcrumb\":{\"@id\":\"https:\/\/exaequo-communication.fr\/index.php\/2022\/01\/21\/burger-challenge-live-legallais\/#breadcrumb\"},\"inLanguage\":\"fr-FR\",\"potentialAction\":[{\"@type\":\"ReadAction\",\"target\":[\"https:\/\/exaequo-communication.fr\/index.php\/2022\/01\/21\/burger-challenge-live-legallais\/\"]}]},{\"@type\":\"ImageObject\",\"inLanguage\":\"fr-FR\",\"@id\":\"https:\/\/exaequo-communication.fr\/index.php\/2022\/01\/21\/burger-challenge-live-legallais\/#primaryimage\",\"url\":\"https:\/\/exaequo-communication.fr\/wp-content\/uploads\/2022\/01\/BurgerChallenge-Legallais-2022-1.png\",\"contentUrl\":\"https:\/\/exaequo-communication.fr\/wp-content\/uploads\/2022\/01\/BurgerChallenge-Legallais-2022-1.png\",\"width\":2048,\"height\":1536,\"caption\":\"Burger Challenge Legallais team-building animation bilan 2021 image in france\"},{\"@type\":\"BreadcrumbList\",\"@id\":\"https:\/\/exaequo-communication.fr\/index.php\/2022\/01\/21\/burger-challenge-live-legallais\/#breadcrumb\",\"itemListElement\":[{\"@type\":\"ListItem\",\"position\":1,\"name\":\"Accueil\",\"item\":\"https:\/\/exaequo-communication.fr\/\"},{\"@type\":\"ListItem\",\"position\":2,\"name\":\"Retour du Burger Challenge en live avec Legallais\"}]},{\"@type\":\"WebSite\",\"@id\":\"https:\/\/exaequo-communication.fr\/#website\",\"url\":\"https:\/\/exaequo-communication.fr\/\",\"name\":\"Exaequo communication\",\"description\":\"\",\"potentialAction\":[{\"@type\":\"SearchAction\",\"target\":{\"@type\":\"EntryPoint\",\"urlTemplate\":\"https:\/\/exaequo-communication.fr\/?s={search_term_string}\"},\"query-input\":{\"@type\":\"PropertyValueSpecification\",\"valueRequired\":true,\"valueName\":\"search_term_string\"}}],\"inLanguage\":\"fr-FR\"},{\"@type\":\"Person\",\"@id\":\"https:\/\/exaequo-communication.fr\/#\/schema\/person\/0ff3d297bda23ca1cd161c11c3217513\",\"name\":\"Louise\",\"image\":{\"@type\":\"ImageObject\",\"inLanguage\":\"fr-FR\",\"@id\":\"https:\/\/exaequo-communication.fr\/#\/schema\/person\/image\/\",\"url\":\"https:\/\/secure.gravatar.com\/avatar\/c5e8367f32ffeff4cdf4e055d9e95263b7d031a01e929b3116e2b0d996065f4c?s=96&d=mm&r=g\",\"contentUrl\":\"https:\/\/secure.gravatar.com\/avatar\/c5e8367f32ffeff4cdf4e055d9e95263b7d031a01e929b3116e2b0d996065f4c?s=96&d=mm&r=g\",\"caption\":\"Louise\"},\"url\":\"https:\/\/exaequo-communication.fr\/index.php\/author\/louise\/\"}]}<\/script>\n<!-- \/ Yoast SEO plugin. -->","yoast_head_json":{"title":"Retour du Burger Challenge en live avec Legallais - Exaequo","description":"Les collaborateurs de la soci\u00e9t\u00e9\u00a0Legallais ont rejoint Alain Chabouille sur son c\u00e9l\u00e8bre plateau de l'\u00e9mission Burger Challenge.","robots":{"index":"index","follow":"follow","max-snippet":"max-snippet:-1","max-image-preview":"max-image-preview:large","max-video-preview":"max-video-preview:-1"},"canonical":"https:\/\/exaequo-communication.fr\/index.php\/2022\/01\/21\/burger-challenge-live-legallais\/","og_locale":"fr_FR","og_type":"article","og_title":"Retour du Burger Challenge en live avec Legallais","og_description":"Les collaborateurs de la soci\u00e9t\u00e9\u00a0Legallais ont retrouv\u00e9 Alain Chabouille sur son c\u00e9l\u00e8bre plateau de l'\u00e9mission Burger Challenge.","og_url":"https:\/\/exaequo-communication.fr\/index.php\/2022\/01\/21\/burger-challenge-live-legallais\/","og_site_name":"Exaequo communication","article_published_time":"2022-01-21T10:08:23+00:00","article_modified_time":"2022-01-21T10:15:05+00:00","og_image":[{"width":2048,"height":1536,"url":"https:\/\/exaequo-communication.fr\/wp-content\/uploads\/2022\/01\/BurgerChallenge-Legallais-2022-2.png","type":"image\/png"}],"author":"Louise","twitter_card":"summary_large_image","twitter_title":"Retour du Burger Challenge en live avec Legallais","twitter_description":"Les collaborateurs de la soci\u00e9t\u00e9\u00a0Legallais ont retrouv\u00e9 Alain Chabouille sur son c\u00e9l\u00e8bre plateau de l'\u00e9mission Burger Challenge.","twitter_image":"https:\/\/exaequo-communication.fr\/wp-content\/uploads\/2022\/01\/BurgerChallenge-Legallais-2022-2.png","twitter_misc":{"\u00c9crit par":"Louise","Dur\u00e9e de lecture estim\u00e9e":"3 minutes"},"schema":{"@context":"https:\/\/schema.org","@graph":[{"@type":"Article","@id":"https:\/\/exaequo-communication.fr\/index.php\/2022\/01\/21\/burger-challenge-live-legallais\/#article","isPartOf":{"@id":"https:\/\/exaequo-communication.fr\/index.php\/2022\/01\/21\/burger-challenge-live-legallais\/"},"author":{"name":"Louise","@id":"https:\/\/exaequo-communication.fr\/#\/schema\/person\/0ff3d297bda23ca1cd161c11c3217513"},"headline":"Retour du Burger Challenge en live avec Legallais","datePublished":"2022-01-21T10:08:23+00:00","dateModified":"2022-01-21T10:15:05+00:00","mainEntityOfPage":{"@id":"https:\/\/exaequo-communication.fr\/index.php\/2022\/01\/21\/burger-challenge-live-legallais\/"},"wordCount":844,"image":{"@id":"https:\/\/exaequo-communication.fr\/index.php\/2022\/01\/21\/burger-challenge-live-legallais\/#primaryimage"},"thumbnailUrl":"https:\/\/exaequo-communication.fr\/wp-content\/uploads\/2022\/01\/BurgerChallenge-Legallais-2022-1.png","articleSection":["Actualit\u00e9s","Team Building"],"inLanguage":"fr-FR"},{"@type":"WebPage","@id":"https:\/\/exaequo-communication.fr\/index.php\/2022\/01\/21\/burger-challenge-live-legallais\/","url":"https:\/\/exaequo-communication.fr\/index.php\/2022\/01\/21\/burger-challenge-live-legallais\/","name":"Retour du Burger Challenge en live avec Legallais - Exaequo","isPartOf":{"@id":"https:\/\/exaequo-communication.fr\/#website"},"primaryImageOfPage":{"@id":"https:\/\/exaequo-communication.fr\/index.php\/2022\/01\/21\/burger-challenge-live-legallais\/#primaryimage"},"image":{"@id":"https:\/\/exaequo-communication.fr\/index.php\/2022\/01\/21\/burger-challenge-live-legallais\/#primaryimage"},"thumbnailUrl":"https:\/\/exaequo-communication.fr\/wp-content\/uploads\/2022\/01\/BurgerChallenge-Legallais-2022-1.png","datePublished":"2022-01-21T10:08:23+00:00","dateModified":"2022-01-21T10:15:05+00:00","author":{"@id":"https:\/\/exaequo-communication.fr\/#\/schema\/person\/0ff3d297bda23ca1cd161c11c3217513"},"description":"Les collaborateurs de la soci\u00e9t\u00e9\u00a0Legallais ont rejoint Alain Chabouille sur son c\u00e9l\u00e8bre plateau de l'\u00e9mission Burger Challenge.","breadcrumb":{"@id":"https:\/\/exaequo-communication.fr\/index.php\/2022\/01\/21\/burger-challenge-live-legallais\/#breadcrumb"},"inLanguage":"fr-FR","potentialAction":[{"@type":"ReadAction","target":["https:\/\/exaequo-communication.fr\/index.php\/2022\/01\/21\/burger-challenge-live-legallais\/"]}]},{"@type":"ImageObject","inLanguage":"fr-FR","@id":"https:\/\/exaequo-communication.fr\/index.php\/2022\/01\/21\/burger-challenge-live-legallais\/#primaryimage","url":"https:\/\/exaequo-communication.fr\/wp-content\/uploads\/2022\/01\/BurgerChallenge-Legallais-2022-1.png","contentUrl":"https:\/\/exaequo-communication.fr\/wp-content\/uploads\/2022\/01\/BurgerChallenge-Legallais-2022-1.png","width":2048,"height":1536,"caption":"Burger Challenge Legallais team-building animation bilan 2021 image in france"},{"@type":"BreadcrumbList","@id":"https:\/\/exaequo-communication.fr\/index.php\/2022\/01\/21\/burger-challenge-live-legallais\/#breadcrumb","itemListElement":[{"@type":"ListItem","position":1,"name":"Accueil","item":"https:\/\/exaequo-communication.fr\/"},{"@type":"ListItem","position":2,"name":"Retour du Burger Challenge en live avec Legallais"}]},{"@type":"WebSite","@id":"https:\/\/exaequo-communication.fr\/#website","url":"https:\/\/exaequo-communication.fr\/","name":"Exaequo communication","description":"","potentialAction":[{"@type":"SearchAction","target":{"@type":"EntryPoint","urlTemplate":"https:\/\/exaequo-communication.fr\/?s={search_term_string}"},"query-input":{"@type":"PropertyValueSpecification","valueRequired":true,"valueName":"search_term_string"}}],"inLanguage":"fr-FR"},{"@type":"Person","@id":"https:\/\/exaequo-communication.fr\/#\/schema\/person\/0ff3d297bda23ca1cd161c11c3217513","name":"Louise","image":{"@type":"ImageObject","inLanguage":"fr-FR","@id":"https:\/\/exaequo-communication.fr\/#\/schema\/person\/image\/","url":"https:\/\/secure.gravatar.com\/avatar\/c5e8367f32ffeff4cdf4e055d9e95263b7d031a01e929b3116e2b0d996065f4c?s=96&d=mm&r=g","contentUrl":"https:\/\/secure.gravatar.com\/avatar\/c5e8367f32ffeff4cdf4e055d9e95263b7d031a01e929b3116e2b0d996065f4c?s=96&d=mm&r=g","caption":"Louise"},"url":"https:\/\/exaequo-communication.fr\/index.php\/author\/louise\/"}]}},"_links":{"self":[{"href":"https:\/\/exaequo-communication.fr\/index.php\/wp-json\/wp\/v2\/posts\/13363","targetHints":{"allow":["GET"]}}],"collection":[{"href":"https:\/\/exaequo-communication.fr\/index.php\/wp-json\/wp\/v2\/posts"}],"about":[{"href":"https:\/\/exaequo-communication.fr\/index.php\/wp-json\/wp\/v2\/types\/post"}],"author":[{"embeddable":true,"href":"https:\/\/exaequo-communication.fr\/index.php\/wp-json\/wp\/v2\/users\/9"}],"replies":[{"embeddable":true,"href":"https:\/\/exaequo-communication.fr\/index.php\/wp-json\/wp\/v2\/comments?post=13363"}],"version-history":[{"count":0,"href":"https:\/\/exaequo-communication.fr\/index.php\/wp-json\/wp\/v2\/posts\/13363\/revisions"}],"wp:featuredmedia":[{"embeddable":true,"href":"https:\/\/exaequo-communication.fr\/index.php\/wp-json\/wp\/v2\/media\/13384"}],"wp:attachment":[{"href":"https:\/\/exaequo-communication.fr\/index.php\/wp-json\/wp\/v2\/media?parent=13363"}],"wp:term":[{"taxonomy":"category","embeddable":true,"href":"https:\/\/exaequo-communication.fr\/index.php\/wp-json\/wp\/v2\/categories?post=13363"},{"taxonomy":"post_tag","embeddable":true,"href":"https:\/\/exaequo-communication.fr\/index.php\/wp-json\/wp\/v2\/tags?post=13363"}],"curies":[{"name":"wp","href":"https:\/\/api.w.org\/{rel}","templated":true}]}}