{"id":13329,"date":"2021-12-10T13:58:21","date_gmt":"2021-12-10T12:58:21","guid":{"rendered":"https:\/\/exaequo-communication.fr\/?p=13329"},"modified":"2021-12-10T13:59:24","modified_gmt":"2021-12-10T12:59:24","slug":"soiree-des-trophees-2021","status":"publish","type":"post","link":"https:\/\/exaequo-communication.fr\/index.php\/2021\/12\/10\/soiree-des-trophees-2021\/","title":{"rendered":"Soir\u00e9es des Troph\u00e9es du Club du Sport 2021"},"content":{"rendered":"[vc_row type=\u00a0\u00bbin_container\u00a0\u00bb full_screen_row_position=\u00a0\u00bbmiddle\u00a0\u00bb column_margin=\u00a0\u00bbdefault\u00a0\u00bb column_direction=\u00a0\u00bbdefault\u00a0\u00bb column_direction_tablet=\u00a0\u00bbdefault\u00a0\u00bb column_direction_phone=\u00a0\u00bbdefault\u00a0\u00bb scene_position=\u00a0\u00bbcenter\u00a0\u00bb top_padding=\u00a0\u00bb10&Prime; text_color=\u00a0\u00bbdark\u00a0\u00bb text_align=\u00a0\u00bbleft\u00a0\u00bb row_border_radius=\u00a0\u00bbnone\u00a0\u00bb row_border_radius_applies=\u00a0\u00bbbg\u00a0\u00bb overlay_strength=\u00a0\u00bb0.3&Prime; gradient_direction=\u00a0\u00bbleft_to_right\u00a0\u00bb shape_divider_position=\u00a0\u00bbbottom\u00a0\u00bb bg_image_animation=\u00a0\u00bbnone\u00a0\u00bb shape_type=\u00a0\u00bb\u00a0\u00bb][vc_column column_padding=\u00a0\u00bbno-extra-padding\u00a0\u00bb column_padding_tablet=\u00a0\u00bbinherit\u00a0\u00bb column_padding_phone=\u00a0\u00bbinherit\u00a0\u00bb column_padding_position=\u00a0\u00bball\u00a0\u00bb background_color_opacity=\u00a0\u00bb1&Prime; background_hover_color_opacity=\u00a0\u00bb1&Prime; column_shadow=\u00a0\u00bbnone\u00a0\u00bb column_border_radius=\u00a0\u00bbnone\u00a0\u00bb column_link_target=\u00a0\u00bb_self\u00a0\u00bb gradient_direction=\u00a0\u00bbleft_to_right\u00a0\u00bb overlay_strength=\u00a0\u00bb0.3&Prime; width=\u00a0\u00bb1\/2&Prime; tablet_width_inherit=\u00a0\u00bbdefault\u00a0\u00bb tablet_text_alignment=\u00a0\u00bbdefault\u00a0\u00bb phone_text_alignment=\u00a0\u00bbdefault\u00a0\u00bb column_border_width=\u00a0\u00bbnone\u00a0\u00bb column_border_style=\u00a0\u00bbsolid\u00a0\u00bb bg_image_animation=\u00a0\u00bbnone\u00a0\u00bb][vc_gallery type=\u00a0\u00bbflexslider_style\u00a0\u00bb images=\u00a0\u00bb13330,13331,13332,13333,13334,13335,13336,13337&Prime; onclick=\u00a0\u00bblink_no\u00a0\u00bb hover_anim=\u00a0\u00bbfade-out\u00a0\u00bb][\/vc_column][vc_column column_padding=\u00a0\u00bbno-extra-padding\u00a0\u00bb column_padding_tablet=\u00a0\u00bbinherit\u00a0\u00bb column_padding_phone=\u00a0\u00bbinherit\u00a0\u00bb column_padding_position=\u00a0\u00bball\u00a0\u00bb background_color_opacity=\u00a0\u00bb1&Prime; background_hover_color_opacity=\u00a0\u00bb1&Prime; column_shadow=\u00a0\u00bbnone\u00a0\u00bb column_border_radius=\u00a0\u00bbnone\u00a0\u00bb column_link_target=\u00a0\u00bb_self\u00a0\u00bb gradient_direction=\u00a0\u00bbleft_to_right\u00a0\u00bb overlay_strength=\u00a0\u00bb0.3&Prime; width=\u00a0\u00bb1\/2&Prime; tablet_width_inherit=\u00a0\u00bbdefault\u00a0\u00bb tablet_text_alignment=\u00a0\u00bbdefault\u00a0\u00bb phone_text_alignment=\u00a0\u00bbdefault\u00a0\u00bb column_border_width=\u00a0\u00bbnone\u00a0\u00bb column_border_style=\u00a0\u00bbsolid\u00a0\u00bb bg_image_animation=\u00a0\u00bbnone\u00a0\u00bb][split_line_heading animation_type=\u00a0\u00bbdefault\u00a0\u00bb]\n<h3>Soir\u00e9e des Troph\u00e9es du Club du Sport 2021<\/h3>\n<p>Soir\u00e9es traditionnelles de fin d&rsquo;ann\u00e9e pour le Club du Sport Exaequo avec les r\u00e9compenses de l&rsquo;ann\u00e9e.[\/split_line_heading][\/vc_column][\/vc_row][vc_row type=\u00a0\u00bbin_container\u00a0\u00bb full_screen_row_position=\u00a0\u00bbmiddle\u00a0\u00bb column_margin=\u00a0\u00bbdefault\u00a0\u00bb column_direction=\u00a0\u00bbdefault\u00a0\u00bb column_direction_tablet=\u00a0\u00bbdefault\u00a0\u00bb column_direction_phone=\u00a0\u00bbdefault\u00a0\u00bb scene_position=\u00a0\u00bbcenter\u00a0\u00bb text_color=\u00a0\u00bbdark\u00a0\u00bb text_align=\u00a0\u00bbleft\u00a0\u00bb row_border_radius=\u00a0\u00bbnone\u00a0\u00bb row_border_radius_applies=\u00a0\u00bbbg\u00a0\u00bb overlay_strength=\u00a0\u00bb0.3&Prime; gradient_direction=\u00a0\u00bbleft_to_right\u00a0\u00bb shape_divider_position=\u00a0\u00bbbottom\u00a0\u00bb bg_image_animation=\u00a0\u00bbnone\u00a0\u00bb][vc_column column_padding=\u00a0\u00bbno-extra-padding\u00a0\u00bb column_padding_tablet=\u00a0\u00bbinherit\u00a0\u00bb column_padding_phone=\u00a0\u00bbinherit\u00a0\u00bb column_padding_position=\u00a0\u00bball\u00a0\u00bb background_color_opacity=\u00a0\u00bb1&Prime; background_hover_color_opacity=\u00a0\u00bb1&Prime; column_shadow=\u00a0\u00bbnone\u00a0\u00bb column_border_radius=\u00a0\u00bbnone\u00a0\u00bb column_link_target=\u00a0\u00bb_self\u00a0\u00bb gradient_direction=\u00a0\u00bbleft_to_right\u00a0\u00bb overlay_strength=\u00a0\u00bb0.3&Prime; width=\u00a0\u00bb1\/1&Prime; tablet_width_inherit=\u00a0\u00bbdefault\u00a0\u00bb tablet_text_alignment=\u00a0\u00bbdefault\u00a0\u00bb phone_text_alignment=\u00a0\u00bbdefault\u00a0\u00bb column_border_width=\u00a0\u00bbnone\u00a0\u00bb column_border_style=\u00a0\u00bbsolid\u00a0\u00bb bg_image_animation=\u00a0\u00bbnone\u00a0\u00bb][vc_column_text]<strong>L&rsquo;ann\u00e9e 2021 touche \u00e0 sa fin et la p\u00e9riode des r\u00e9compenses d\u00e9bute.<\/strong>\u00a0<strong>Pour le Club du Sport Exaequo, c&rsquo;est la traditionnelle soir\u00e9e des troph\u00e9es qui cl\u00f4ture l&rsquo;ann\u00e9e. Pour rappel le club est un r\u00e9seau de pr\u00e8s de 150 entreprises et rassemble pas loin de 180 d\u00e9cideurs et d\u00e9cideuses de TPE &amp; PME du Calvados, en 4 sessions distinctes en 2021.<\/strong><\/p>\n<p>Ces 4 soir\u00e9es sont l&rsquo;occasion pour les membres de pouvoir partager, d\u00e9compresser et discuter autour d&rsquo;un repas gastronomique et d&rsquo;un bon vin. Le d\u00e9but de soir\u00e9e a permis de revenir sur les moments forts de cette ann\u00e9e 2021 avec au-del\u00e0 des s\u00e9ances sportives, les courses, marathons de Valence, les 94 participants aux Foul\u00e9es de la Mue et le premier semi-marathon des Foul\u00e9es d&rsquo;Exaequo. Nous sommes revenus \u00e9galement sur les visites en entreprises qui ont eu lieu tout au long de l&rsquo;ann\u00e9e.<\/p>\n<h3>Place \u00e0 la c\u00e9r\u00e9monie des r\u00e9compenses<\/h3>\n<p>Puis, la traditionnelle c\u00e9r\u00e9monie de r\u00e9compense a d\u00e9but\u00e9 avec les diff\u00e9rents prix qui r\u00e9compensaient les membres. Un moment de d\u00e9tente, d&rsquo;humour et de l\u00e9g\u00e8ret\u00e9 o\u00f9 la symbolique de la comp\u00e9tition passe toujours au second plan.<\/p>\n<ul>\n<li><strong>Implication : <\/strong>Emeric Leboucher pour la session de Vire, Magali Patorni pour la session du mardi,\u00a0 David Barbet pour la session du jeudi et Christophe Tison pour la session du vendredi.<\/li>\n<li><strong>Collectif : <\/strong>Anthony Lecordier pour la session de Vire, St\u00e9phanie Levesque pour la session du mardi, Marc Rollet pour la session du jeudi et Bruno Gautier pour la session du vendredi.<\/li>\n<li><strong>Progression :<\/strong> Thierry Danjou pour la session de Vire, Anne-Julie Delobel pour la session du mardi, Antoine Patorni pour le jeudi et Delphine Houchard pour la session du vendredi.<\/li>\n<li><strong>Performance : <\/strong>C\u00e9dric Jeannot pour la session de Vire, Anne-Christine Lecheminant pour la session du mardi, Mathias Sanfaute pour le jeudi et Fran\u00e7ois Ollivier pour la session du vendredi.<\/li>\n<li><strong>Convivialit\u00e9 : <\/strong>S\u00e9bastien Halimi pour la session de Vire, Thierry Desceliers pour la session du mardi, Fabrice Renaud pour le jeudi et Estelle Collin pour la session du vendredi.<\/li>\n<li><strong>Pers\u00e9v\u00e9rance :<\/strong>Herv\u00e9 Castellier pour la session de Vire, C\u00e9dric Morel pour la session du mardi, Emmanuel Blestel pour le jeudi et Alexandre Matyja pour la session du vendredi.<\/li>\n<\/ul>\n<p><strong>Et c&rsquo;est Thierry Danjou (session de Vire), Anne-Christine Lecheminant (session du mardi), Dany Blot (session du jeudi) et Fran\u00e7ois Ollivier (session du vendredi) qui remportent le titre de champion des champions de l&rsquo;ann\u00e9e 2021 ! Une r\u00e9compense bien m\u00e9rit\u00e9e pour ces quatre sportifs dont l&rsquo;implication et l&rsquo;ouverture d&rsquo;esprit ont \u00e9t\u00e9 r\u00e9compens\u00e9es.<\/strong><\/p>\n<p>Merci \u00e0 Christian Majorel (<strong><a href=\"https:\/\/www.cafemancel.com\/fr\/\" target=\"_blank\" rel=\"noopener noreferrer\">Le Mancel Restaurant<\/a><\/strong>), Julien Gu\u00e9rard (<a href=\"https:\/\/www.restaurant-pommeraie-vire.com\/\" target=\"_blank\" rel=\"noopener noreferrer\"><strong>Manoir de la Pommeraie<\/strong><\/a>) et Guillaume Vauvrecy (<strong><a href=\"http:\/\/www.ferme-de-billy.com\/\" target=\"_blank\" rel=\"noopener noreferrer\">Ferme de Billy<\/a><\/strong>) ainsi qu&rsquo;\u00e0 Alexandre Matyja (<strong><a href=\"http:\/\/www.liondor-bayeux.fr\/fr\/\" target=\"_blank\" rel=\"noopener noreferrer\">Lion d&rsquo;Or<\/a><\/strong>) pour l&rsquo;accueil de ces 4 soir\u00e9es.<\/p>\n<p>Pour en savoir plus sur <a href=\"https:\/\/exaequo-communication.fr\/index.php\/club-du-sport\/\" target=\"_blank\" rel=\"noopener noreferrer\"><strong>le Club du Sport<\/strong><\/a>.[\/vc_column_text][\/vc_column][\/vc_row][vc_row type=\u00a0\u00bbin_container\u00a0\u00bb full_screen_row_position=\u00a0\u00bbmiddle\u00a0\u00bb column_margin=\u00a0\u00bbdefault\u00a0\u00bb column_direction=\u00a0\u00bbdefault\u00a0\u00bb column_direction_tablet=\u00a0\u00bbdefault\u00a0\u00bb column_direction_phone=\u00a0\u00bbdefault\u00a0\u00bb scene_position=\u00a0\u00bbcenter\u00a0\u00bb text_color=\u00a0\u00bbdark\u00a0\u00bb text_align=\u00a0\u00bbleft\u00a0\u00bb row_border_radius=\u00a0\u00bbnone\u00a0\u00bb row_border_radius_applies=\u00a0\u00bbbg\u00a0\u00bb overlay_strength=\u00a0\u00bb0.3&Prime; gradient_direction=\u00a0\u00bbleft_to_right\u00a0\u00bb shape_divider_position=\u00a0\u00bbbottom\u00a0\u00bb bg_image_animation=\u00a0\u00bbnone\u00a0\u00bb][vc_column column_padding=\u00a0\u00bbno-extra-padding\u00a0\u00bb column_padding_tablet=\u00a0\u00bbinherit\u00a0\u00bb column_padding_phone=\u00a0\u00bbinherit\u00a0\u00bb column_padding_position=\u00a0\u00bball\u00a0\u00bb background_color_opacity=\u00a0\u00bb1&Prime; background_hover_color_opacity=\u00a0\u00bb1&Prime; column_shadow=\u00a0\u00bbnone\u00a0\u00bb column_border_radius=\u00a0\u00bbnone\u00a0\u00bb column_link_target=\u00a0\u00bb_self\u00a0\u00bb gradient_direction=\u00a0\u00bbleft_to_right\u00a0\u00bb overlay_strength=\u00a0\u00bb0.3&Prime; width=\u00a0\u00bb1\/1&Prime; tablet_width_inherit=\u00a0\u00bbdefault\u00a0\u00bb tablet_text_alignment=\u00a0\u00bbdefault\u00a0\u00bb phone_text_alignment=\u00a0\u00bbdefault\u00a0\u00bb column_border_width=\u00a0\u00bbnone\u00a0\u00bb column_border_style=\u00a0\u00bbsolid\u00a0\u00bb bg_image_animation=\u00a0\u00bbnone\u00a0\u00bb][vc_column_text]<strong>D\u00e9couvrez les soir\u00e9es des troph\u00e9es en images gr\u00e2ce aux photos de <a href=\"http:\/\/www.lb-photographie.com\/?fbclid=IwAR2k7R6uFaHzPuiWaDqntlebClvGQ2z1GQrc2wAKGgfhyATXKLwT79E7aJo\" target=\"_blank\" rel=\"noopener\">LaurentB<\/a> :<\/strong><\/p>\n<ul>\n<li><a href=\"https:\/\/photos.app.goo.gl\/d5kfbNxjXTaKWWSb9\" target=\"_blank\" rel=\"noopener\">Soir\u00e9e du 29 novembre &#8211; Vire<\/a><\/li>\n<li><a href=\"https:\/\/photos.app.goo.gl\/Hvfu5XUYSnRWE7LR6\" target=\"_blank\" rel=\"noopener\">Soir\u00e9e du 7 d\u00e9cembre &#8211; Caen 1<\/a><\/li>\n<li><a href=\"https:\/\/photos.app.goo.gl\/XnvuSPgdtyUUguBT8\" target=\"_blank\" rel=\"noopener\">Soir\u00e9e du 8 d\u00e9cembre &#8211; Bayeux<\/a><\/li>\n<li><a href=\"https:\/\/photos.app.goo.gl\/aBRoht8y8bSWrHZb9\" target=\"_blank\" rel=\"noopener\">Soir\u00e9e du 9 d\u00e9cembre &#8211; Caen 2<\/a><\/li>\n<\/ul>\n[\/vc_column_text][\/vc_column][\/vc_row]\n","protected":false},"excerpt":{"rendered":"<p>C&rsquo;est la traditionnelle soir\u00e9e des troph\u00e9es qui cl\u00f4ture l&rsquo;ann\u00e9e avec le rassemblement de 180 d\u00e9cideurs et d\u00e9cideuses du Calvados.<\/p>\n","protected":false},"author":9,"featured_media":13332,"comment_status":"closed","ping_status":"closed","sticky":false,"template":"","format":"standard","meta":{"footnotes":""},"categories":[1,179,176],"tags":[],"class_list":{"0":"post-13329","1":"post","2":"type-post","3":"status-publish","4":"format-standard","5":"has-post-thumbnail","7":"category-actualites","8":"category-coaching","9":"category-corporate"},"yoast_head":"<!-- This site is optimized with the Yoast SEO plugin v27.0 - https:\/\/yoast.com\/product\/yoast-seo-wordpress\/ -->\n<title>Soir\u00e9es des Troph\u00e9es du Club du Sport 2021 - Exaequo communication<\/title>\n<meta name=\"description\" content=\"C&#039;est la traditionnelle soir\u00e9e des troph\u00e9es du Club de Sport Exaequo qui cl\u00f4ture l&#039;ann\u00e9e de ce r\u00e9seau calvadosien sport et business.\" \/>\n<meta name=\"robots\" content=\"index, follow, max-snippet:-1, max-image-preview:large, max-video-preview:-1\" \/>\n<link rel=\"canonical\" href=\"https:\/\/exaequo-communication.fr\/index.php\/2021\/12\/10\/soiree-des-trophees-2021\/\" \/>\n<meta property=\"og:locale\" content=\"fr_FR\" \/>\n<meta property=\"og:type\" content=\"article\" \/>\n<meta property=\"og:title\" content=\"Soir\u00e9e des Troph\u00e9es du Club du Sport 2021\" \/>\n<meta property=\"og:description\" content=\"C&#039;est la traditionnelle soir\u00e9e des troph\u00e9es du Club de Sport Exaequo qui cl\u00f4ture l&#039;ann\u00e9e de ce r\u00e9seau sport et business d&#039;entreprises du Calvados\" \/>\n<meta property=\"og:url\" content=\"https:\/\/exaequo-communication.fr\/index.php\/2021\/12\/10\/soiree-des-trophees-2021\/\" \/>\n<meta property=\"og:site_name\" content=\"Exaequo communication\" \/>\n<meta property=\"article:published_time\" content=\"2021-12-10T12:58:21+00:00\" \/>\n<meta property=\"article:modified_time\" content=\"2021-12-10T12:59:24+00:00\" \/>\n<meta property=\"og:image\" content=\"https:\/\/exaequo-communication.fr\/wp-content\/uploads\/2021\/12\/211207_Soiree\u00a9laurentbesnehard.com-39.jpg\" \/>\n\t<meta property=\"og:image:width\" content=\"1585\" \/>\n\t<meta property=\"og:image:height\" content=\"1024\" \/>\n\t<meta property=\"og:image:type\" content=\"image\/jpeg\" \/>\n<meta name=\"author\" content=\"Louise\" \/>\n<meta name=\"twitter:card\" content=\"summary_large_image\" \/>\n<meta name=\"twitter:label1\" content=\"\u00c9crit par\" \/>\n\t<meta name=\"twitter:data1\" content=\"Louise\" \/>\n\t<meta name=\"twitter:label2\" content=\"Dur\u00e9e de lecture estim\u00e9e\" \/>\n\t<meta name=\"twitter:data2\" content=\"3 minutes\" \/>\n<script type=\"application\/ld+json\" class=\"yoast-schema-graph\">{\"@context\":\"https:\/\/schema.org\",\"@graph\":[{\"@type\":\"Article\",\"@id\":\"https:\/\/exaequo-communication.fr\/index.php\/2021\/12\/10\/soiree-des-trophees-2021\/#article\",\"isPartOf\":{\"@id\":\"https:\/\/exaequo-communication.fr\/index.php\/2021\/12\/10\/soiree-des-trophees-2021\/\"},\"author\":{\"name\":\"Louise\",\"@id\":\"https:\/\/exaequo-communication.fr\/#\/schema\/person\/0ff3d297bda23ca1cd161c11c3217513\"},\"headline\":\"Soir\u00e9es des Troph\u00e9es du Club du Sport 2021\",\"datePublished\":\"2021-12-10T12:58:21+00:00\",\"dateModified\":\"2021-12-10T12:59:24+00:00\",\"mainEntityOfPage\":{\"@id\":\"https:\/\/exaequo-communication.fr\/index.php\/2021\/12\/10\/soiree-des-trophees-2021\/\"},\"wordCount\":1070,\"image\":{\"@id\":\"https:\/\/exaequo-communication.fr\/index.php\/2021\/12\/10\/soiree-des-trophees-2021\/#primaryimage\"},\"thumbnailUrl\":\"https:\/\/exaequo-communication.fr\/wp-content\/uploads\/2021\/12\/211207_Soiree\u00a9laurentbesnehard.com-39.jpg\",\"articleSection\":[\"Actualit\u00e9s\",\"Coaching\",\"Corporate\"],\"inLanguage\":\"fr-FR\"},{\"@type\":\"WebPage\",\"@id\":\"https:\/\/exaequo-communication.fr\/index.php\/2021\/12\/10\/soiree-des-trophees-2021\/\",\"url\":\"https:\/\/exaequo-communication.fr\/index.php\/2021\/12\/10\/soiree-des-trophees-2021\/\",\"name\":\"Soir\u00e9es des Troph\u00e9es du Club du Sport 2021 - Exaequo communication\",\"isPartOf\":{\"@id\":\"https:\/\/exaequo-communication.fr\/#website\"},\"primaryImageOfPage\":{\"@id\":\"https:\/\/exaequo-communication.fr\/index.php\/2021\/12\/10\/soiree-des-trophees-2021\/#primaryimage\"},\"image\":{\"@id\":\"https:\/\/exaequo-communication.fr\/index.php\/2021\/12\/10\/soiree-des-trophees-2021\/#primaryimage\"},\"thumbnailUrl\":\"https:\/\/exaequo-communication.fr\/wp-content\/uploads\/2021\/12\/211207_Soiree\u00a9laurentbesnehard.com-39.jpg\",\"datePublished\":\"2021-12-10T12:58:21+00:00\",\"dateModified\":\"2021-12-10T12:59:24+00:00\",\"author\":{\"@id\":\"https:\/\/exaequo-communication.fr\/#\/schema\/person\/0ff3d297bda23ca1cd161c11c3217513\"},\"description\":\"C'est la traditionnelle soir\u00e9e des troph\u00e9es du Club de Sport Exaequo qui cl\u00f4ture l'ann\u00e9e de ce r\u00e9seau calvadosien sport et business.\",\"breadcrumb\":{\"@id\":\"https:\/\/exaequo-communication.fr\/index.php\/2021\/12\/10\/soiree-des-trophees-2021\/#breadcrumb\"},\"inLanguage\":\"fr-FR\",\"potentialAction\":[{\"@type\":\"ReadAction\",\"target\":[\"https:\/\/exaequo-communication.fr\/index.php\/2021\/12\/10\/soiree-des-trophees-2021\/\"]}]},{\"@type\":\"ImageObject\",\"inLanguage\":\"fr-FR\",\"@id\":\"https:\/\/exaequo-communication.fr\/index.php\/2021\/12\/10\/soiree-des-trophees-2021\/#primaryimage\",\"url\":\"https:\/\/exaequo-communication.fr\/wp-content\/uploads\/2021\/12\/211207_Soiree\u00a9laurentbesnehard.com-39.jpg\",\"contentUrl\":\"https:\/\/exaequo-communication.fr\/wp-content\/uploads\/2021\/12\/211207_Soiree\u00a9laurentbesnehard.com-39.jpg\",\"width\":1585,\"height\":1024,\"caption\":\"Soir\u00e9e des troph\u00e9es Club du Sport \u00e9v\u00e9nement entreprise calvados\"},{\"@type\":\"BreadcrumbList\",\"@id\":\"https:\/\/exaequo-communication.fr\/index.php\/2021\/12\/10\/soiree-des-trophees-2021\/#breadcrumb\",\"itemListElement\":[{\"@type\":\"ListItem\",\"position\":1,\"name\":\"Accueil\",\"item\":\"https:\/\/exaequo-communication.fr\/\"},{\"@type\":\"ListItem\",\"position\":2,\"name\":\"Soir\u00e9es des Troph\u00e9es du Club du Sport 2021\"}]},{\"@type\":\"WebSite\",\"@id\":\"https:\/\/exaequo-communication.fr\/#website\",\"url\":\"https:\/\/exaequo-communication.fr\/\",\"name\":\"Exaequo communication\",\"description\":\"\",\"potentialAction\":[{\"@type\":\"SearchAction\",\"target\":{\"@type\":\"EntryPoint\",\"urlTemplate\":\"https:\/\/exaequo-communication.fr\/?s={search_term_string}\"},\"query-input\":{\"@type\":\"PropertyValueSpecification\",\"valueRequired\":true,\"valueName\":\"search_term_string\"}}],\"inLanguage\":\"fr-FR\"},{\"@type\":\"Person\",\"@id\":\"https:\/\/exaequo-communication.fr\/#\/schema\/person\/0ff3d297bda23ca1cd161c11c3217513\",\"name\":\"Louise\",\"image\":{\"@type\":\"ImageObject\",\"inLanguage\":\"fr-FR\",\"@id\":\"https:\/\/exaequo-communication.fr\/#\/schema\/person\/image\/\",\"url\":\"https:\/\/secure.gravatar.com\/avatar\/c5e8367f32ffeff4cdf4e055d9e95263b7d031a01e929b3116e2b0d996065f4c?s=96&d=mm&r=g\",\"contentUrl\":\"https:\/\/secure.gravatar.com\/avatar\/c5e8367f32ffeff4cdf4e055d9e95263b7d031a01e929b3116e2b0d996065f4c?s=96&d=mm&r=g\",\"caption\":\"Louise\"},\"url\":\"https:\/\/exaequo-communication.fr\/index.php\/author\/louise\/\"}]}<\/script>\n<!-- \/ Yoast SEO plugin. -->","yoast_head_json":{"title":"Soir\u00e9es des Troph\u00e9es du Club du Sport 2021 - Exaequo communication","description":"C'est la traditionnelle soir\u00e9e des troph\u00e9es du Club de Sport Exaequo qui cl\u00f4ture l'ann\u00e9e de ce r\u00e9seau calvadosien sport et business.","robots":{"index":"index","follow":"follow","max-snippet":"max-snippet:-1","max-image-preview":"max-image-preview:large","max-video-preview":"max-video-preview:-1"},"canonical":"https:\/\/exaequo-communication.fr\/index.php\/2021\/12\/10\/soiree-des-trophees-2021\/","og_locale":"fr_FR","og_type":"article","og_title":"Soir\u00e9e des Troph\u00e9es du Club du Sport 2021","og_description":"C'est la traditionnelle soir\u00e9e des troph\u00e9es du Club de Sport Exaequo qui cl\u00f4ture l'ann\u00e9e de ce r\u00e9seau sport et business d'entreprises du Calvados","og_url":"https:\/\/exaequo-communication.fr\/index.php\/2021\/12\/10\/soiree-des-trophees-2021\/","og_site_name":"Exaequo communication","article_published_time":"2021-12-10T12:58:21+00:00","article_modified_time":"2021-12-10T12:59:24+00:00","og_image":[{"width":1585,"height":1024,"url":"https:\/\/exaequo-communication.fr\/wp-content\/uploads\/2021\/12\/211207_Soiree\u00a9laurentbesnehard.com-39.jpg","type":"image\/jpeg"}],"author":"Louise","twitter_card":"summary_large_image","twitter_misc":{"\u00c9crit par":"Louise","Dur\u00e9e de lecture estim\u00e9e":"3 minutes"},"schema":{"@context":"https:\/\/schema.org","@graph":[{"@type":"Article","@id":"https:\/\/exaequo-communication.fr\/index.php\/2021\/12\/10\/soiree-des-trophees-2021\/#article","isPartOf":{"@id":"https:\/\/exaequo-communication.fr\/index.php\/2021\/12\/10\/soiree-des-trophees-2021\/"},"author":{"name":"Louise","@id":"https:\/\/exaequo-communication.fr\/#\/schema\/person\/0ff3d297bda23ca1cd161c11c3217513"},"headline":"Soir\u00e9es des Troph\u00e9es du Club du Sport 2021","datePublished":"2021-12-10T12:58:21+00:00","dateModified":"2021-12-10T12:59:24+00:00","mainEntityOfPage":{"@id":"https:\/\/exaequo-communication.fr\/index.php\/2021\/12\/10\/soiree-des-trophees-2021\/"},"wordCount":1070,"image":{"@id":"https:\/\/exaequo-communication.fr\/index.php\/2021\/12\/10\/soiree-des-trophees-2021\/#primaryimage"},"thumbnailUrl":"https:\/\/exaequo-communication.fr\/wp-content\/uploads\/2021\/12\/211207_Soiree\u00a9laurentbesnehard.com-39.jpg","articleSection":["Actualit\u00e9s","Coaching","Corporate"],"inLanguage":"fr-FR"},{"@type":"WebPage","@id":"https:\/\/exaequo-communication.fr\/index.php\/2021\/12\/10\/soiree-des-trophees-2021\/","url":"https:\/\/exaequo-communication.fr\/index.php\/2021\/12\/10\/soiree-des-trophees-2021\/","name":"Soir\u00e9es des Troph\u00e9es du Club du Sport 2021 - Exaequo communication","isPartOf":{"@id":"https:\/\/exaequo-communication.fr\/#website"},"primaryImageOfPage":{"@id":"https:\/\/exaequo-communication.fr\/index.php\/2021\/12\/10\/soiree-des-trophees-2021\/#primaryimage"},"image":{"@id":"https:\/\/exaequo-communication.fr\/index.php\/2021\/12\/10\/soiree-des-trophees-2021\/#primaryimage"},"thumbnailUrl":"https:\/\/exaequo-communication.fr\/wp-content\/uploads\/2021\/12\/211207_Soiree\u00a9laurentbesnehard.com-39.jpg","datePublished":"2021-12-10T12:58:21+00:00","dateModified":"2021-12-10T12:59:24+00:00","author":{"@id":"https:\/\/exaequo-communication.fr\/#\/schema\/person\/0ff3d297bda23ca1cd161c11c3217513"},"description":"C'est la traditionnelle soir\u00e9e des troph\u00e9es du Club de Sport Exaequo qui cl\u00f4ture l'ann\u00e9e de ce r\u00e9seau calvadosien sport et business.","breadcrumb":{"@id":"https:\/\/exaequo-communication.fr\/index.php\/2021\/12\/10\/soiree-des-trophees-2021\/#breadcrumb"},"inLanguage":"fr-FR","potentialAction":[{"@type":"ReadAction","target":["https:\/\/exaequo-communication.fr\/index.php\/2021\/12\/10\/soiree-des-trophees-2021\/"]}]},{"@type":"ImageObject","inLanguage":"fr-FR","@id":"https:\/\/exaequo-communication.fr\/index.php\/2021\/12\/10\/soiree-des-trophees-2021\/#primaryimage","url":"https:\/\/exaequo-communication.fr\/wp-content\/uploads\/2021\/12\/211207_Soiree\u00a9laurentbesnehard.com-39.jpg","contentUrl":"https:\/\/exaequo-communication.fr\/wp-content\/uploads\/2021\/12\/211207_Soiree\u00a9laurentbesnehard.com-39.jpg","width":1585,"height":1024,"caption":"Soir\u00e9e des troph\u00e9es Club du Sport \u00e9v\u00e9nement entreprise calvados"},{"@type":"BreadcrumbList","@id":"https:\/\/exaequo-communication.fr\/index.php\/2021\/12\/10\/soiree-des-trophees-2021\/#breadcrumb","itemListElement":[{"@type":"ListItem","position":1,"name":"Accueil","item":"https:\/\/exaequo-communication.fr\/"},{"@type":"ListItem","position":2,"name":"Soir\u00e9es des Troph\u00e9es du Club du Sport 2021"}]},{"@type":"WebSite","@id":"https:\/\/exaequo-communication.fr\/#website","url":"https:\/\/exaequo-communication.fr\/","name":"Exaequo communication","description":"","potentialAction":[{"@type":"SearchAction","target":{"@type":"EntryPoint","urlTemplate":"https:\/\/exaequo-communication.fr\/?s={search_term_string}"},"query-input":{"@type":"PropertyValueSpecification","valueRequired":true,"valueName":"search_term_string"}}],"inLanguage":"fr-FR"},{"@type":"Person","@id":"https:\/\/exaequo-communication.fr\/#\/schema\/person\/0ff3d297bda23ca1cd161c11c3217513","name":"Louise","image":{"@type":"ImageObject","inLanguage":"fr-FR","@id":"https:\/\/exaequo-communication.fr\/#\/schema\/person\/image\/","url":"https:\/\/secure.gravatar.com\/avatar\/c5e8367f32ffeff4cdf4e055d9e95263b7d031a01e929b3116e2b0d996065f4c?s=96&d=mm&r=g","contentUrl":"https:\/\/secure.gravatar.com\/avatar\/c5e8367f32ffeff4cdf4e055d9e95263b7d031a01e929b3116e2b0d996065f4c?s=96&d=mm&r=g","caption":"Louise"},"url":"https:\/\/exaequo-communication.fr\/index.php\/author\/louise\/"}]}},"_links":{"self":[{"href":"https:\/\/exaequo-communication.fr\/index.php\/wp-json\/wp\/v2\/posts\/13329","targetHints":{"allow":["GET"]}}],"collection":[{"href":"https:\/\/exaequo-communication.fr\/index.php\/wp-json\/wp\/v2\/posts"}],"about":[{"href":"https:\/\/exaequo-communication.fr\/index.php\/wp-json\/wp\/v2\/types\/post"}],"author":[{"embeddable":true,"href":"https:\/\/exaequo-communication.fr\/index.php\/wp-json\/wp\/v2\/users\/9"}],"replies":[{"embeddable":true,"href":"https:\/\/exaequo-communication.fr\/index.php\/wp-json\/wp\/v2\/comments?post=13329"}],"version-history":[{"count":0,"href":"https:\/\/exaequo-communication.fr\/index.php\/wp-json\/wp\/v2\/posts\/13329\/revisions"}],"wp:featuredmedia":[{"embeddable":true,"href":"https:\/\/exaequo-communication.fr\/index.php\/wp-json\/wp\/v2\/media\/13332"}],"wp:attachment":[{"href":"https:\/\/exaequo-communication.fr\/index.php\/wp-json\/wp\/v2\/media?parent=13329"}],"wp:term":[{"taxonomy":"category","embeddable":true,"href":"https:\/\/exaequo-communication.fr\/index.php\/wp-json\/wp\/v2\/categories?post=13329"},{"taxonomy":"post_tag","embeddable":true,"href":"https:\/\/exaequo-communication.fr\/index.php\/wp-json\/wp\/v2\/tags?post=13329"}],"curies":[{"name":"wp","href":"https:\/\/api.w.org\/{rel}","templated":true}]}}