{"id":13283,"date":"2021-11-16T09:30:58","date_gmt":"2021-11-16T08:30:58","guid":{"rendered":"https:\/\/exaequo-communication.fr\/?p=13283"},"modified":"2021-11-16T09:16:06","modified_gmt":"2021-11-16T08:16:06","slug":"recrutement-cdi-exaequo-commuunication","status":"publish","type":"post","link":"https:\/\/exaequo-communication.fr\/index.php\/2021\/11\/16\/recrutement-cdi-exaequo-commuunication\/","title":{"rendered":"On recherche notre charg\u00e9.e de communication"},"content":{"rendered":"[vc_row type=\u00a0\u00bbin_container\u00a0\u00bb full_screen_row_position=\u00a0\u00bbmiddle\u00a0\u00bb column_margin=\u00a0\u00bbdefault\u00a0\u00bb column_direction=\u00a0\u00bbdefault\u00a0\u00bb column_direction_tablet=\u00a0\u00bbdefault\u00a0\u00bb column_direction_phone=\u00a0\u00bbdefault\u00a0\u00bb scene_position=\u00a0\u00bbcenter\u00a0\u00bb top_padding=\u00a0\u00bb10&Prime; text_color=\u00a0\u00bbdark\u00a0\u00bb text_align=\u00a0\u00bbleft\u00a0\u00bb row_border_radius=\u00a0\u00bbnone\u00a0\u00bb row_border_radius_applies=\u00a0\u00bbbg\u00a0\u00bb overlay_strength=\u00a0\u00bb0.3&Prime; gradient_direction=\u00a0\u00bbleft_to_right\u00a0\u00bb shape_divider_position=\u00a0\u00bbbottom\u00a0\u00bb bg_image_animation=\u00a0\u00bbnone\u00a0\u00bb shape_type=\u00a0\u00bb\u00a0\u00bb][vc_column column_padding=\u00a0\u00bbno-extra-padding\u00a0\u00bb column_padding_tablet=\u00a0\u00bbinherit\u00a0\u00bb column_padding_phone=\u00a0\u00bbinherit\u00a0\u00bb column_padding_position=\u00a0\u00bball\u00a0\u00bb background_color_opacity=\u00a0\u00bb1&Prime; background_hover_color_opacity=\u00a0\u00bb1&Prime; column_shadow=\u00a0\u00bbnone\u00a0\u00bb column_border_radius=\u00a0\u00bbnone\u00a0\u00bb column_link_target=\u00a0\u00bb_self\u00a0\u00bb gradient_direction=\u00a0\u00bbleft_to_right\u00a0\u00bb overlay_strength=\u00a0\u00bb0.3&Prime; width=\u00a0\u00bb1\/2&Prime; tablet_width_inherit=\u00a0\u00bbdefault\u00a0\u00bb tablet_text_alignment=\u00a0\u00bbdefault\u00a0\u00bb phone_text_alignment=\u00a0\u00bbdefault\u00a0\u00bb column_border_width=\u00a0\u00bbnone\u00a0\u00bb column_border_style=\u00a0\u00bbsolid\u00a0\u00bb bg_image_animation=\u00a0\u00bbnone\u00a0\u00bb][image_with_animation image_url=\u00a0\u00bb13286&Prime; animation=\u00a0\u00bbFade In\u00a0\u00bb hover_animation=\u00a0\u00bbnone\u00a0\u00bb alignment=\u00a0\u00bb\u00a0\u00bb border_radius=\u00a0\u00bbnone\u00a0\u00bb box_shadow=\u00a0\u00bbnone\u00a0\u00bb image_loading=\u00a0\u00bbdefault\u00a0\u00bb max_width=\u00a0\u00bb100%\u00a0\u00bb max_width_mobile=\u00a0\u00bbdefault\u00a0\u00bb][\/vc_column][vc_column column_padding=\u00a0\u00bbno-extra-padding\u00a0\u00bb column_padding_tablet=\u00a0\u00bbinherit\u00a0\u00bb column_padding_phone=\u00a0\u00bbinherit\u00a0\u00bb column_padding_position=\u00a0\u00bball\u00a0\u00bb background_color_opacity=\u00a0\u00bb1&Prime; background_hover_color_opacity=\u00a0\u00bb1&Prime; column_shadow=\u00a0\u00bbnone\u00a0\u00bb column_border_radius=\u00a0\u00bbnone\u00a0\u00bb column_link_target=\u00a0\u00bb_self\u00a0\u00bb gradient_direction=\u00a0\u00bbleft_to_right\u00a0\u00bb overlay_strength=\u00a0\u00bb0.3&Prime; width=\u00a0\u00bb1\/2&Prime; tablet_width_inherit=\u00a0\u00bbdefault\u00a0\u00bb tablet_text_alignment=\u00a0\u00bbdefault\u00a0\u00bb phone_text_alignment=\u00a0\u00bbdefault\u00a0\u00bb column_border_width=\u00a0\u00bbnone\u00a0\u00bb column_border_style=\u00a0\u00bbsolid\u00a0\u00bb bg_image_animation=\u00a0\u00bbnone\u00a0\u00bb][split_line_heading animation_type=\u00a0\u00bbdefault\u00a0\u00bb]\n<h3>Rejoins l&rsquo;\u00e9quipe !<\/h3>\n<p>Envie de vivre une exp\u00e9rience professionnelle et humaine enrichissante. Participe \u00e0 l&rsquo;aventure Exaequo, on recherche notre charg\u00e9.e de communication.[\/split_line_heading][\/vc_column][\/vc_row][vc_row type=\u00a0\u00bbin_container\u00a0\u00bb full_screen_row_position=\u00a0\u00bbmiddle\u00a0\u00bb column_margin=\u00a0\u00bbdefault\u00a0\u00bb column_direction=\u00a0\u00bbdefault\u00a0\u00bb column_direction_tablet=\u00a0\u00bbdefault\u00a0\u00bb column_direction_phone=\u00a0\u00bbdefault\u00a0\u00bb scene_position=\u00a0\u00bbcenter\u00a0\u00bb text_color=\u00a0\u00bbdark\u00a0\u00bb text_align=\u00a0\u00bbleft\u00a0\u00bb row_border_radius=\u00a0\u00bbnone\u00a0\u00bb row_border_radius_applies=\u00a0\u00bbbg\u00a0\u00bb overlay_strength=\u00a0\u00bb0.3&Prime; gradient_direction=\u00a0\u00bbleft_to_right\u00a0\u00bb shape_divider_position=\u00a0\u00bbbottom\u00a0\u00bb bg_image_animation=\u00a0\u00bbnone\u00a0\u00bb][vc_column column_padding=\u00a0\u00bbno-extra-padding\u00a0\u00bb column_padding_tablet=\u00a0\u00bbinherit\u00a0\u00bb column_padding_phone=\u00a0\u00bbinherit\u00a0\u00bb column_padding_position=\u00a0\u00bball\u00a0\u00bb background_color_opacity=\u00a0\u00bb1&Prime; background_hover_color_opacity=\u00a0\u00bb1&Prime; column_shadow=\u00a0\u00bbnone\u00a0\u00bb column_border_radius=\u00a0\u00bbnone\u00a0\u00bb column_link_target=\u00a0\u00bb_self\u00a0\u00bb gradient_direction=\u00a0\u00bbleft_to_right\u00a0\u00bb overlay_strength=\u00a0\u00bb0.3&Prime; width=\u00a0\u00bb1\/1&Prime; tablet_width_inherit=\u00a0\u00bbdefault\u00a0\u00bb tablet_text_alignment=\u00a0\u00bbdefault\u00a0\u00bb phone_text_alignment=\u00a0\u00bbdefault\u00a0\u00bb column_border_width=\u00a0\u00bbnone\u00a0\u00bb column_border_style=\u00a0\u00bbsolid\u00a0\u00bb bg_image_animation=\u00a0\u00bbnone\u00a0\u00bb][vc_column_text]\n<h3>QUI SOMMES-NOUS\u00a0 ?<\/h3>\n<p>Exaequo est une agence \u00e9v\u00e9nementielle et sport bas\u00e9e \u00e0 Caen depuis 2007. Nos activit\u00e9s s\u2019articulent autour de quatre axes :<\/p>\n<ul>\n<li>Production d\u2019\u00e9v\u00e9nements sport et loisirs \u00ab grand public \u00bb<\/li>\n<li>Production de trails \u00e0 l\u2019\u00e9tranger : <a href=\"https:\/\/exaequovoyages.com\/cabo-verde-ribeira-trail\/\" target=\"_blank\" rel=\"noopener\">Cap Vert<\/a>, <a href=\"https:\/\/exaequovoyages.com\/kimbia-kenya\/\" target=\"_blank\" rel=\"noopener\">Kenya<\/a>, <a href=\"https:\/\/exaequovoyages.com\/scottish-highlands-trail-2\/\" target=\"_blank\" rel=\"noopener\">\u00c9cosse<\/a> et <a href=\"https:\/\/exaequovoyages.com\/norway-fjord-trail-2021\/\" target=\"_blank\" rel=\"noopener\">Norv\u00e8ge.<\/a><\/li>\n<li>Ev\u00e9nements entreprise : <a href=\"https:\/\/exaequo-communication.fr\/index.php\/teambuilding-portfolio\/\" target=\"_blank\" rel=\"noopener\">team building<\/a>, incentive, tourisme d\u2019affaires, <a href=\"https:\/\/exaequo-communication.fr\/index.php\/2021\/01\/05\/norlandas-cup-2021\/\" target=\"_blank\" rel=\"noopener\">Norlandas&rsquo;Cup<\/a> et\u00a0<a href=\"https:\/\/exaequo-communication.fr\/index.php\/2021\/05\/18\/rosalie-trophy-2eme-edition-2021\/\" target=\"_blank\" rel=\"noopener\">Rosalie Trophy<\/a>.<\/li>\n<li>Coaching sport sant\u00e9 en entreprise.<\/li>\n<\/ul>\n<p>Au-del\u00e0 des participants \u00e0 nos \u00e9v\u00e9nements \u00ab grand public \u00bb, nos clients sont \u00e0 la fois des entreprises, des collectivit\u00e9s et des organisateurs du sport ayant besoin de communiquer ou tout simplement de d\u00e9velopper leur projet par le sport et\/ou l\u2019\u00e9v\u00e9nementiel.<\/p>\n<h3>QUEL EST LE POSTE\u00a0 ?<\/h3>\n<p>Sous la supervision du responsable de p\u00f4le, vous int\u00e9grez le p\u00f4le Communication, Marketing et Commercial. Vous aurez la <strong>responsabilit\u00e9 de la communication de nos \u00e9v\u00e9nements \u00ab Grand Public \u00bb de la d\u00e9finition des strat\u00e9gies de communication \u00e0 la mise en place op\u00e9rationnelle<\/strong>.<\/p>\n<p>Les \u00e9v\u00e9nements couverts par le poste :<br \/>\n\u2022 <a href=\"https:\/\/triathlondeauville.com\/\" target=\"_blank\" rel=\"noopener\">Triathlon International de Deauville<\/a>&#8211; Coca-Cola<br \/>\n\u2022 <a href=\"https:\/\/triathlondinard.com\/\" target=\"_blank\" rel=\"noopener\">Triathlon Swimrun Dinard C\u00f4te d&rsquo;Emeraude<\/a> &#8211; <a href=\"https:\/\/www.lepape.com\/\" target=\"_blank\" rel=\"noopener\">Lepape<\/a><br \/>\n\u2022 <a href=\"http:\/\/caencabouge.fr\" target=\"_blank\" rel=\"noopener\">Caen \u00e7a Bouge<\/a><br \/>\n\u2022 <a href=\"https:\/\/rockntrail.fr\/\">Rock n&rsquo;Trail<\/a><br \/>\n\u2022 <a href=\"http:\/\/lhut.fr\/\" target=\"_blank\" rel=\"noopener\">Le Havre Urban Trail<\/a><\/p>\n<p>Au moins 3 nouveaux \u00e9v\u00e9nements grand public, dans le triathlon et le cyclisme notamment, devraient \u00eatre organis\u00e9s par l\u2019agence dans les 3 \u00e0 5 prochaines ann\u00e9es.<\/p>\n<h3>VOS MISSIONS<\/h3>\n<p>\u2022 Prise en charge et pilotage de la communication de nos \u00e9v\u00e9nements \u00ab grand public \u00bb<br \/>\n\u2022 Elaboration et planification des actions de communications (digital et print)<br \/>\n\u2022 Production des supports de communication (print, signal\u00e9tique et digital)<br \/>\n\u2022 Animation de nos communaut\u00e9s sur les r\u00e9seaux sociaux<br \/>\n\u2022 Coordination des diff\u00e9rents prestataires communication<\/p>\n<p>Dans vos missions, vous \u00eates pilot\u00e9 par le responsable de p\u00f4le et \u00e9paul\u00e9 par une assistante de communication.<\/p>\n<h3>PROFIL RECHERCH\u00c9<\/h3>\n<p><strong>Premi\u00e8re exp\u00e9rience indispensable de 2 \u00e0 5 ans<\/strong> environ dans une agence de communication ou au sein du service communication d\u2019une entreprise, d\u2019un organisateur d\u2019\u00e9v\u00e9nement, d\u2019un club sportif professionnel, d\u2019une f\u00e9d\u00e9ration sportive ou d\u2019une association sportive. Vous avez une sensibilit\u00e9 accrue pour les r\u00e9seaux sociaux et \u00eates \u00e0 la recherche d\u2019une collaboration durable.<\/p>\n<p><strong>Comp\u00e9tences et qualit\u00e9s recherch\u00e9es :<\/strong><br \/>\n\u2022 Esprit cr\u00e9atif, curieux<br \/>\n\u2022 Dynamique, polyvalent et flexible<br \/>\n\u2022 Autonome, organis\u00e9 et rigoureux<br \/>\n\u2022 Savoir g\u00e9rer les priorit\u00e9s<br \/>\n\u2022 Capacit\u00e9 \u00e0 travailler en \u00e9quipe<br \/>\n\u2022 Qualit\u00e9 r\u00e9dactionnelle, grammaire, orthographe<br \/>\n\u2022 Exercer une pratique sportive r\u00e9guli\u00e8re serait un plus<br \/>\n\u2022 Maitrise de la suite Adobe<br \/>\n\u2022 Anglais bon niveau<br \/>\n\u2022 Permis B<\/p>\n<h3>CONDITIONS<\/h3>\n<p>\u2022 CDI bas\u00e9 \u00e0 Verson (14)<br \/>\n\u2022 D\u00e9but du contrat : imm\u00e9diatement<br \/>\n\u2022 Travail du lundi au vendredi + les week-ends des \u00e9v\u00e9nements<br \/>\n\u2022 R\u00e9mun\u00e9ration selon profil et exp\u00e9rience<\/p>\n<p>Pour t\u00e9l\u00e9charger la fiche de poste au format PDF : <strong><a href=\"https:\/\/exaequo-communication.fr\/wp-content\/uploads\/2021\/11\/EX-FicheDePoste-Communication.pdf\" target=\"_blank\" rel=\"noopener\">cliquez-ici<\/a><\/strong><\/p>\n<p>Contact : Vincent Eudier \/\/ <strong><a href=\"mailto:veudier@exaequo-communication.fr\">veudier@exaequo-communication.fr<\/a><\/strong> \/\/ 06 82 79 08 20.<\/p>\n<p>\u00c0 tr\u00e8s vite !<\/p>\n[\/vc_column_text][\/vc_column][\/vc_row]\n","protected":false},"excerpt":{"rendered":"<p>Envie de vivre une exp\u00e9rience professionnelle et humaine enrichissante. Participe \u00e0 l\u2019aventure Exaequo !<\/p>\n","protected":false},"author":9,"featured_media":13286,"comment_status":"closed","ping_status":"closed","sticky":false,"template":"","format":"standard","meta":{"footnotes":""},"categories":[1],"tags":[],"class_list":{"0":"post-13283","1":"post","2":"type-post","3":"status-publish","4":"format-standard","5":"has-post-thumbnail","7":"category-actualites"},"yoast_head":"<!-- This site is optimized with the Yoast SEO plugin v27.0 - https:\/\/yoast.com\/product\/yoast-seo-wordpress\/ -->\n<title>On recherche notre charg\u00e9.e de communication - Exaequo communication<\/title>\n<meta name=\"description\" content=\"La Xteam est \u00e0 la recherche de son charg\u00e9.e de communication. Si tu es int\u00e9ress\u00e9 n&#039;h\u00e9sites pas \u00e0 postuler et rejoins l&#039;aventure Exaequo !\" \/>\n<meta name=\"robots\" content=\"index, follow, max-snippet:-1, max-image-preview:large, max-video-preview:-1\" \/>\n<link rel=\"canonical\" href=\"https:\/\/exaequo-communication.fr\/index.php\/2021\/11\/16\/recrutement-cdi-exaequo-commuunication\/\" \/>\n<meta property=\"og:locale\" content=\"fr_FR\" \/>\n<meta property=\"og:type\" content=\"article\" \/>\n<meta property=\"og:title\" content=\"Exaequo recrute deux nouveaux talents\" \/>\n<meta property=\"og:description\" content=\"La Xteam est \u00e0 la recherche de son charg\u00e9.e de communication. Si tu es int\u00e9ress\u00e9 n&#039;h\u00e9sites pas \u00e0 postuler et rejoins l&#039;aventure Exaequo !\" \/>\n<meta property=\"og:url\" content=\"https:\/\/exaequo-communication.fr\/index.php\/2021\/11\/16\/recrutement-cdi-exaequo-commuunication\/\" \/>\n<meta property=\"og:site_name\" content=\"Exaequo communication\" \/>\n<meta property=\"article:published_time\" content=\"2021-11-16T08:30:58+00:00\" \/>\n<meta property=\"og:image\" content=\"https:\/\/exaequo-communication.fr\/wp-content\/uploads\/2021\/11\/EX-Recrutement-Charge-de-Communication.jpg\" \/>\n\t<meta property=\"og:image:width\" content=\"1078\" \/>\n\t<meta property=\"og:image:height\" content=\"668\" \/>\n\t<meta property=\"og:image:type\" content=\"image\/jpeg\" \/>\n<meta name=\"author\" content=\"Louise\" \/>\n<meta name=\"twitter:card\" content=\"summary_large_image\" \/>\n<meta name=\"twitter:label1\" content=\"\u00c9crit par\" \/>\n\t<meta name=\"twitter:data1\" content=\"Louise\" \/>\n\t<meta name=\"twitter:label2\" content=\"Dur\u00e9e de lecture estim\u00e9e\" \/>\n\t<meta name=\"twitter:data2\" content=\"2 minutes\" \/>\n<script type=\"application\/ld+json\" class=\"yoast-schema-graph\">{\"@context\":\"https:\/\/schema.org\",\"@graph\":[{\"@type\":\"Article\",\"@id\":\"https:\/\/exaequo-communication.fr\/index.php\/2021\/11\/16\/recrutement-cdi-exaequo-commuunication\/#article\",\"isPartOf\":{\"@id\":\"https:\/\/exaequo-communication.fr\/index.php\/2021\/11\/16\/recrutement-cdi-exaequo-commuunication\/\"},\"author\":{\"name\":\"Louise\",\"@id\":\"https:\/\/exaequo-communication.fr\/#\/schema\/person\/0ff3d297bda23ca1cd161c11c3217513\"},\"headline\":\"On recherche notre charg\u00e9.e de communication\",\"datePublished\":\"2021-11-16T08:30:58+00:00\",\"mainEntityOfPage\":{\"@id\":\"https:\/\/exaequo-communication.fr\/index.php\/2021\/11\/16\/recrutement-cdi-exaequo-commuunication\/\"},\"wordCount\":853,\"image\":{\"@id\":\"https:\/\/exaequo-communication.fr\/index.php\/2021\/11\/16\/recrutement-cdi-exaequo-commuunication\/#primaryimage\"},\"thumbnailUrl\":\"https:\/\/exaequo-communication.fr\/wp-content\/uploads\/2021\/11\/EX-Recrutement-Charge-de-Communication.jpg\",\"articleSection\":[\"Actualit\u00e9s\"],\"inLanguage\":\"fr-FR\"},{\"@type\":\"WebPage\",\"@id\":\"https:\/\/exaequo-communication.fr\/index.php\/2021\/11\/16\/recrutement-cdi-exaequo-commuunication\/\",\"url\":\"https:\/\/exaequo-communication.fr\/index.php\/2021\/11\/16\/recrutement-cdi-exaequo-commuunication\/\",\"name\":\"On recherche notre charg\u00e9.e de communication - Exaequo communication\",\"isPartOf\":{\"@id\":\"https:\/\/exaequo-communication.fr\/#website\"},\"primaryImageOfPage\":{\"@id\":\"https:\/\/exaequo-communication.fr\/index.php\/2021\/11\/16\/recrutement-cdi-exaequo-commuunication\/#primaryimage\"},\"image\":{\"@id\":\"https:\/\/exaequo-communication.fr\/index.php\/2021\/11\/16\/recrutement-cdi-exaequo-commuunication\/#primaryimage\"},\"thumbnailUrl\":\"https:\/\/exaequo-communication.fr\/wp-content\/uploads\/2021\/11\/EX-Recrutement-Charge-de-Communication.jpg\",\"datePublished\":\"2021-11-16T08:30:58+00:00\",\"author\":{\"@id\":\"https:\/\/exaequo-communication.fr\/#\/schema\/person\/0ff3d297bda23ca1cd161c11c3217513\"},\"description\":\"La Xteam est \u00e0 la recherche de son charg\u00e9.e de communication. Si tu es int\u00e9ress\u00e9 n'h\u00e9sites pas \u00e0 postuler et rejoins l'aventure Exaequo !\",\"breadcrumb\":{\"@id\":\"https:\/\/exaequo-communication.fr\/index.php\/2021\/11\/16\/recrutement-cdi-exaequo-commuunication\/#breadcrumb\"},\"inLanguage\":\"fr-FR\",\"potentialAction\":[{\"@type\":\"ReadAction\",\"target\":[\"https:\/\/exaequo-communication.fr\/index.php\/2021\/11\/16\/recrutement-cdi-exaequo-commuunication\/\"]}]},{\"@type\":\"ImageObject\",\"inLanguage\":\"fr-FR\",\"@id\":\"https:\/\/exaequo-communication.fr\/index.php\/2021\/11\/16\/recrutement-cdi-exaequo-commuunication\/#primaryimage\",\"url\":\"https:\/\/exaequo-communication.fr\/wp-content\/uploads\/2021\/11\/EX-Recrutement-Charge-de-Communication.jpg\",\"contentUrl\":\"https:\/\/exaequo-communication.fr\/wp-content\/uploads\/2021\/11\/EX-Recrutement-Charge-de-Communication.jpg\",\"width\":1078,\"height\":668,\"caption\":\"Exaequo recrute charg\u00e9 de communication recrutement CDI emploi\"},{\"@type\":\"BreadcrumbList\",\"@id\":\"https:\/\/exaequo-communication.fr\/index.php\/2021\/11\/16\/recrutement-cdi-exaequo-commuunication\/#breadcrumb\",\"itemListElement\":[{\"@type\":\"ListItem\",\"position\":1,\"name\":\"Accueil\",\"item\":\"https:\/\/exaequo-communication.fr\/\"},{\"@type\":\"ListItem\",\"position\":2,\"name\":\"On recherche notre charg\u00e9.e de communication\"}]},{\"@type\":\"WebSite\",\"@id\":\"https:\/\/exaequo-communication.fr\/#website\",\"url\":\"https:\/\/exaequo-communication.fr\/\",\"name\":\"Exaequo communication\",\"description\":\"\",\"potentialAction\":[{\"@type\":\"SearchAction\",\"target\":{\"@type\":\"EntryPoint\",\"urlTemplate\":\"https:\/\/exaequo-communication.fr\/?s={search_term_string}\"},\"query-input\":{\"@type\":\"PropertyValueSpecification\",\"valueRequired\":true,\"valueName\":\"search_term_string\"}}],\"inLanguage\":\"fr-FR\"},{\"@type\":\"Person\",\"@id\":\"https:\/\/exaequo-communication.fr\/#\/schema\/person\/0ff3d297bda23ca1cd161c11c3217513\",\"name\":\"Louise\",\"image\":{\"@type\":\"ImageObject\",\"inLanguage\":\"fr-FR\",\"@id\":\"https:\/\/exaequo-communication.fr\/#\/schema\/person\/image\/\",\"url\":\"https:\/\/secure.gravatar.com\/avatar\/c5e8367f32ffeff4cdf4e055d9e95263b7d031a01e929b3116e2b0d996065f4c?s=96&d=mm&r=g\",\"contentUrl\":\"https:\/\/secure.gravatar.com\/avatar\/c5e8367f32ffeff4cdf4e055d9e95263b7d031a01e929b3116e2b0d996065f4c?s=96&d=mm&r=g\",\"caption\":\"Louise\"},\"url\":\"https:\/\/exaequo-communication.fr\/index.php\/author\/louise\/\"}]}<\/script>\n<!-- \/ Yoast SEO plugin. -->","yoast_head_json":{"title":"On recherche notre charg\u00e9.e de communication - Exaequo communication","description":"La Xteam est \u00e0 la recherche de son charg\u00e9.e de communication. Si tu es int\u00e9ress\u00e9 n'h\u00e9sites pas \u00e0 postuler et rejoins l'aventure Exaequo !","robots":{"index":"index","follow":"follow","max-snippet":"max-snippet:-1","max-image-preview":"max-image-preview:large","max-video-preview":"max-video-preview:-1"},"canonical":"https:\/\/exaequo-communication.fr\/index.php\/2021\/11\/16\/recrutement-cdi-exaequo-commuunication\/","og_locale":"fr_FR","og_type":"article","og_title":"Exaequo recrute deux nouveaux talents","og_description":"La Xteam est \u00e0 la recherche de son charg\u00e9.e de communication. Si tu es int\u00e9ress\u00e9 n'h\u00e9sites pas \u00e0 postuler et rejoins l'aventure Exaequo !","og_url":"https:\/\/exaequo-communication.fr\/index.php\/2021\/11\/16\/recrutement-cdi-exaequo-commuunication\/","og_site_name":"Exaequo communication","article_published_time":"2021-11-16T08:30:58+00:00","og_image":[{"width":1078,"height":668,"url":"https:\/\/exaequo-communication.fr\/wp-content\/uploads\/2021\/11\/EX-Recrutement-Charge-de-Communication.jpg","type":"image\/jpeg"}],"author":"Louise","twitter_card":"summary_large_image","twitter_misc":{"\u00c9crit par":"Louise","Dur\u00e9e de lecture estim\u00e9e":"2 minutes"},"schema":{"@context":"https:\/\/schema.org","@graph":[{"@type":"Article","@id":"https:\/\/exaequo-communication.fr\/index.php\/2021\/11\/16\/recrutement-cdi-exaequo-commuunication\/#article","isPartOf":{"@id":"https:\/\/exaequo-communication.fr\/index.php\/2021\/11\/16\/recrutement-cdi-exaequo-commuunication\/"},"author":{"name":"Louise","@id":"https:\/\/exaequo-communication.fr\/#\/schema\/person\/0ff3d297bda23ca1cd161c11c3217513"},"headline":"On recherche notre charg\u00e9.e de communication","datePublished":"2021-11-16T08:30:58+00:00","mainEntityOfPage":{"@id":"https:\/\/exaequo-communication.fr\/index.php\/2021\/11\/16\/recrutement-cdi-exaequo-commuunication\/"},"wordCount":853,"image":{"@id":"https:\/\/exaequo-communication.fr\/index.php\/2021\/11\/16\/recrutement-cdi-exaequo-commuunication\/#primaryimage"},"thumbnailUrl":"https:\/\/exaequo-communication.fr\/wp-content\/uploads\/2021\/11\/EX-Recrutement-Charge-de-Communication.jpg","articleSection":["Actualit\u00e9s"],"inLanguage":"fr-FR"},{"@type":"WebPage","@id":"https:\/\/exaequo-communication.fr\/index.php\/2021\/11\/16\/recrutement-cdi-exaequo-commuunication\/","url":"https:\/\/exaequo-communication.fr\/index.php\/2021\/11\/16\/recrutement-cdi-exaequo-commuunication\/","name":"On recherche notre charg\u00e9.e de communication - Exaequo communication","isPartOf":{"@id":"https:\/\/exaequo-communication.fr\/#website"},"primaryImageOfPage":{"@id":"https:\/\/exaequo-communication.fr\/index.php\/2021\/11\/16\/recrutement-cdi-exaequo-commuunication\/#primaryimage"},"image":{"@id":"https:\/\/exaequo-communication.fr\/index.php\/2021\/11\/16\/recrutement-cdi-exaequo-commuunication\/#primaryimage"},"thumbnailUrl":"https:\/\/exaequo-communication.fr\/wp-content\/uploads\/2021\/11\/EX-Recrutement-Charge-de-Communication.jpg","datePublished":"2021-11-16T08:30:58+00:00","author":{"@id":"https:\/\/exaequo-communication.fr\/#\/schema\/person\/0ff3d297bda23ca1cd161c11c3217513"},"description":"La Xteam est \u00e0 la recherche de son charg\u00e9.e de communication. Si tu es int\u00e9ress\u00e9 n'h\u00e9sites pas \u00e0 postuler et rejoins l'aventure Exaequo !","breadcrumb":{"@id":"https:\/\/exaequo-communication.fr\/index.php\/2021\/11\/16\/recrutement-cdi-exaequo-commuunication\/#breadcrumb"},"inLanguage":"fr-FR","potentialAction":[{"@type":"ReadAction","target":["https:\/\/exaequo-communication.fr\/index.php\/2021\/11\/16\/recrutement-cdi-exaequo-commuunication\/"]}]},{"@type":"ImageObject","inLanguage":"fr-FR","@id":"https:\/\/exaequo-communication.fr\/index.php\/2021\/11\/16\/recrutement-cdi-exaequo-commuunication\/#primaryimage","url":"https:\/\/exaequo-communication.fr\/wp-content\/uploads\/2021\/11\/EX-Recrutement-Charge-de-Communication.jpg","contentUrl":"https:\/\/exaequo-communication.fr\/wp-content\/uploads\/2021\/11\/EX-Recrutement-Charge-de-Communication.jpg","width":1078,"height":668,"caption":"Exaequo recrute charg\u00e9 de communication recrutement CDI emploi"},{"@type":"BreadcrumbList","@id":"https:\/\/exaequo-communication.fr\/index.php\/2021\/11\/16\/recrutement-cdi-exaequo-commuunication\/#breadcrumb","itemListElement":[{"@type":"ListItem","position":1,"name":"Accueil","item":"https:\/\/exaequo-communication.fr\/"},{"@type":"ListItem","position":2,"name":"On recherche notre charg\u00e9.e de communication"}]},{"@type":"WebSite","@id":"https:\/\/exaequo-communication.fr\/#website","url":"https:\/\/exaequo-communication.fr\/","name":"Exaequo communication","description":"","potentialAction":[{"@type":"SearchAction","target":{"@type":"EntryPoint","urlTemplate":"https:\/\/exaequo-communication.fr\/?s={search_term_string}"},"query-input":{"@type":"PropertyValueSpecification","valueRequired":true,"valueName":"search_term_string"}}],"inLanguage":"fr-FR"},{"@type":"Person","@id":"https:\/\/exaequo-communication.fr\/#\/schema\/person\/0ff3d297bda23ca1cd161c11c3217513","name":"Louise","image":{"@type":"ImageObject","inLanguage":"fr-FR","@id":"https:\/\/exaequo-communication.fr\/#\/schema\/person\/image\/","url":"https:\/\/secure.gravatar.com\/avatar\/c5e8367f32ffeff4cdf4e055d9e95263b7d031a01e929b3116e2b0d996065f4c?s=96&d=mm&r=g","contentUrl":"https:\/\/secure.gravatar.com\/avatar\/c5e8367f32ffeff4cdf4e055d9e95263b7d031a01e929b3116e2b0d996065f4c?s=96&d=mm&r=g","caption":"Louise"},"url":"https:\/\/exaequo-communication.fr\/index.php\/author\/louise\/"}]}},"_links":{"self":[{"href":"https:\/\/exaequo-communication.fr\/index.php\/wp-json\/wp\/v2\/posts\/13283","targetHints":{"allow":["GET"]}}],"collection":[{"href":"https:\/\/exaequo-communication.fr\/index.php\/wp-json\/wp\/v2\/posts"}],"about":[{"href":"https:\/\/exaequo-communication.fr\/index.php\/wp-json\/wp\/v2\/types\/post"}],"author":[{"embeddable":true,"href":"https:\/\/exaequo-communication.fr\/index.php\/wp-json\/wp\/v2\/users\/9"}],"replies":[{"embeddable":true,"href":"https:\/\/exaequo-communication.fr\/index.php\/wp-json\/wp\/v2\/comments?post=13283"}],"version-history":[{"count":0,"href":"https:\/\/exaequo-communication.fr\/index.php\/wp-json\/wp\/v2\/posts\/13283\/revisions"}],"wp:featuredmedia":[{"embeddable":true,"href":"https:\/\/exaequo-communication.fr\/index.php\/wp-json\/wp\/v2\/media\/13286"}],"wp:attachment":[{"href":"https:\/\/exaequo-communication.fr\/index.php\/wp-json\/wp\/v2\/media?parent=13283"}],"wp:term":[{"taxonomy":"category","embeddable":true,"href":"https:\/\/exaequo-communication.fr\/index.php\/wp-json\/wp\/v2\/categories?post=13283"},{"taxonomy":"post_tag","embeddable":true,"href":"https:\/\/exaequo-communication.fr\/index.php\/wp-json\/wp\/v2\/tags?post=13283"}],"curies":[{"name":"wp","href":"https:\/\/api.w.org\/{rel}","templated":true}]}}