{"id":13243,"date":"2021-11-08T11:51:58","date_gmt":"2021-11-08T10:51:58","guid":{"rendered":"https:\/\/exaequo-communication.fr\/?p=13243"},"modified":"2021-11-15T10:11:33","modified_gmt":"2021-11-15T09:11:33","slug":"richard-dacoury-soiree-club-du-sport","status":"publish","type":"post","link":"https:\/\/exaequo-communication.fr\/index.php\/2021\/11\/08\/richard-dacoury-soiree-club-du-sport\/","title":{"rendered":"Soir\u00e9e du Club du Sport avec Richard Dacoury"},"content":{"rendered":"[vc_row type=\u00a0\u00bbin_container\u00a0\u00bb full_screen_row_position=\u00a0\u00bbmiddle\u00a0\u00bb column_margin=\u00a0\u00bbdefault\u00a0\u00bb column_direction=\u00a0\u00bbdefault\u00a0\u00bb column_direction_tablet=\u00a0\u00bbdefault\u00a0\u00bb column_direction_phone=\u00a0\u00bbdefault\u00a0\u00bb scene_position=\u00a0\u00bbcenter\u00a0\u00bb top_padding=\u00a0\u00bb10&Prime; text_color=\u00a0\u00bbdark\u00a0\u00bb text_align=\u00a0\u00bbleft\u00a0\u00bb row_border_radius=\u00a0\u00bbnone\u00a0\u00bb row_border_radius_applies=\u00a0\u00bbbg\u00a0\u00bb overlay_strength=\u00a0\u00bb0.3&Prime; gradient_direction=\u00a0\u00bbleft_to_right\u00a0\u00bb shape_divider_position=\u00a0\u00bbbottom\u00a0\u00bb bg_image_animation=\u00a0\u00bbnone\u00a0\u00bb shape_type=\u00a0\u00bb\u00a0\u00bb][vc_column column_padding=\u00a0\u00bbno-extra-padding\u00a0\u00bb column_padding_tablet=\u00a0\u00bbinherit\u00a0\u00bb column_padding_phone=\u00a0\u00bbinherit\u00a0\u00bb column_padding_position=\u00a0\u00bball\u00a0\u00bb background_color_opacity=\u00a0\u00bb1&Prime; background_hover_color_opacity=\u00a0\u00bb1&Prime; column_shadow=\u00a0\u00bbnone\u00a0\u00bb column_border_radius=\u00a0\u00bbnone\u00a0\u00bb column_link_target=\u00a0\u00bb_self\u00a0\u00bb gradient_direction=\u00a0\u00bbleft_to_right\u00a0\u00bb overlay_strength=\u00a0\u00bb0.3&Prime; width=\u00a0\u00bb1\/2&Prime; tablet_width_inherit=\u00a0\u00bbdefault\u00a0\u00bb tablet_text_alignment=\u00a0\u00bbdefault\u00a0\u00bb phone_text_alignment=\u00a0\u00bbdefault\u00a0\u00bb column_border_width=\u00a0\u00bbnone\u00a0\u00bb column_border_style=\u00a0\u00bbsolid\u00a0\u00bb bg_image_animation=\u00a0\u00bbnone\u00a0\u00bb][vc_gallery type=\u00a0\u00bbflexslider_style\u00a0\u00bb images=\u00a0\u00bb13262,13263,13264,13265,13266,13267&Prime; onclick=\u00a0\u00bblink_no\u00a0\u00bb][\/vc_column][vc_column column_padding=\u00a0\u00bbno-extra-padding\u00a0\u00bb column_padding_tablet=\u00a0\u00bbinherit\u00a0\u00bb column_padding_phone=\u00a0\u00bbinherit\u00a0\u00bb column_padding_position=\u00a0\u00bball\u00a0\u00bb background_color_opacity=\u00a0\u00bb1&Prime; background_hover_color_opacity=\u00a0\u00bb1&Prime; column_shadow=\u00a0\u00bbnone\u00a0\u00bb column_border_radius=\u00a0\u00bbnone\u00a0\u00bb column_link_target=\u00a0\u00bb_self\u00a0\u00bb gradient_direction=\u00a0\u00bbleft_to_right\u00a0\u00bb overlay_strength=\u00a0\u00bb0.3&Prime; width=\u00a0\u00bb1\/2&Prime; tablet_width_inherit=\u00a0\u00bbdefault\u00a0\u00bb tablet_text_alignment=\u00a0\u00bbdefault\u00a0\u00bb phone_text_alignment=\u00a0\u00bbdefault\u00a0\u00bb column_border_width=\u00a0\u00bbnone\u00a0\u00bb column_border_style=\u00a0\u00bbsolid\u00a0\u00bb bg_image_animation=\u00a0\u00bbnone\u00a0\u00bb][split_line_heading animation_type=\u00a0\u00bbdefault\u00a0\u00bb]\n<h3>Soir\u00e9e du Club du Sport avec Richard Dacoury<\/h3>\n<p>Hier soir avait lieu la soir\u00e9e du Club du Sport en compagnie du mythique num\u00e9ro 7 du CSP Limoges, Richard Dacoury. L&rsquo;ensemble des invit\u00e9s avait rendez-vous \u00e0 la salle des f\u00eates de Mondeville.[\/split_line_heading][\/vc_column][\/vc_row][vc_row type=\u00a0\u00bbin_container\u00a0\u00bb full_screen_row_position=\u00a0\u00bbmiddle\u00a0\u00bb column_margin=\u00a0\u00bbdefault\u00a0\u00bb column_direction=\u00a0\u00bbdefault\u00a0\u00bb column_direction_tablet=\u00a0\u00bbdefault\u00a0\u00bb column_direction_phone=\u00a0\u00bbdefault\u00a0\u00bb scene_position=\u00a0\u00bbcenter\u00a0\u00bb text_color=\u00a0\u00bbdark\u00a0\u00bb text_align=\u00a0\u00bbleft\u00a0\u00bb row_border_radius=\u00a0\u00bbnone\u00a0\u00bb row_border_radius_applies=\u00a0\u00bbbg\u00a0\u00bb overlay_strength=\u00a0\u00bb0.3&Prime; gradient_direction=\u00a0\u00bbleft_to_right\u00a0\u00bb shape_divider_position=\u00a0\u00bbbottom\u00a0\u00bb bg_image_animation=\u00a0\u00bbnone\u00a0\u00bb][vc_column column_padding=\u00a0\u00bbno-extra-padding\u00a0\u00bb column_padding_tablet=\u00a0\u00bbinherit\u00a0\u00bb column_padding_phone=\u00a0\u00bbinherit\u00a0\u00bb column_padding_position=\u00a0\u00bball\u00a0\u00bb background_color_opacity=\u00a0\u00bb1&Prime; background_hover_color_opacity=\u00a0\u00bb1&Prime; column_shadow=\u00a0\u00bbnone\u00a0\u00bb column_border_radius=\u00a0\u00bbnone\u00a0\u00bb column_link_target=\u00a0\u00bb_self\u00a0\u00bb gradient_direction=\u00a0\u00bbleft_to_right\u00a0\u00bb overlay_strength=\u00a0\u00bb0.3&Prime; width=\u00a0\u00bb1\/1&Prime; tablet_width_inherit=\u00a0\u00bbdefault\u00a0\u00bb tablet_text_alignment=\u00a0\u00bbdefault\u00a0\u00bb phone_text_alignment=\u00a0\u00bbdefault\u00a0\u00bb column_border_width=\u00a0\u00bbnone\u00a0\u00bb column_border_style=\u00a0\u00bbsolid\u00a0\u00bb bg_image_animation=\u00a0\u00bbnone\u00a0\u00bb][vc_column_text]\n<div>\n<p>La traditionnelle soir\u00e9e du Club du Sport aura encore \u00e9tonn\u00e9 gr\u00e2ce \u00e0 un Richard Dacoury, fid\u00e8le \u00e0 sa r\u00e9putation. L\u2019ancien champion du basketball fran\u00e7ais n\u2019aura pas laiss\u00e9 indiff\u00e9rent les 225 personnes pr\u00e9sentes pour l&rsquo;\u00e9v\u00e9nement. Le temps d\u2019une soir\u00e9e, il est revenu sur sa carri\u00e8re de 20 ans au plus haut niveau et notamment ce premier titre pour le sport collectif fran\u00e7ais, en coupe d&rsquo;Europe avec son club de coeur Limoges.<\/p>\n<p>Apr\u00e8s avoir pr\u00e9sent\u00e9 notre invit\u00e9 d\u2019honneur, nous sommes revenus sur sa carri\u00e8re sportive ainsi que sur son activit\u00e9 actuelle de consultant en communication corporate chez <strong><a href=\"https:\/\/www.coca-cola-france.fr\/\" target=\"_blank\" rel=\"noopener\">Coca-Cola France<\/a><\/strong>. Un \u00e9change tr\u00e8s enrichissant et motivant pour nos invit\u00e9s, avides d&rsquo;en savoir plus sur le parcours de ce champion.<\/p>\n<p>Par la suite, le public a particip\u00e9 \u00e0 un quizz avec des questions pos\u00e9es par des invit\u00e9s de marques comme Boris Diaw. Les deux vainqueurs de ce jeu ont pu remporter un maillot du club de leur choix : <a href=\"https:\/\/www.limogescsp.com\/accueil.html\" target=\"_blank\" rel=\"noopener\"><strong>CSP Limoges<\/strong><\/a>, <a href=\"https:\/\/www.usom-basket.fr\/\" target=\"_blank\" rel=\"noopener\"><strong>USO Mondeville<\/strong><\/a> ou <strong><a href=\"https:\/\/www.caenbasketcalvados.fr\/\" target=\"_blank\" rel=\"noopener\">Caen Basket Calvados<\/a><\/strong>. Puis, le troisi\u00e8me maillot a \u00e9t\u00e9 mis en jeu lors d&rsquo;un tirage au sort parmi l&rsquo;ensemble des invit\u00e9s. De quoi conserver un souvenir de cette superbe soir\u00e9e.<\/p>\n<\/div>\n<p><span style=\"color: #000000; font-family: georgia, palatino, serif;\"><strong>Encore une soir\u00e9e qui a permis d&rsquo;aller au <\/strong><strong>c\u0153ur<\/strong><strong>\u00a0du sport, cette passion qui nous fait vibrer.<\/strong><\/span><\/p>\n<p>Revivez la soir\u00e9e <a href=\"https:\/\/photos.app.goo.gl\/F7Zf8ukpAVNQwMiKA\" target=\"_blank\" rel=\"noopener\">en images<\/a>.[\/vc_column_text][\/vc_column][\/vc_row][vc_row type=\u00a0\u00bbin_container\u00a0\u00bb full_screen_row_position=\u00a0\u00bbmiddle\u00a0\u00bb column_margin=\u00a0\u00bbdefault\u00a0\u00bb column_direction=\u00a0\u00bbdefault\u00a0\u00bb column_direction_tablet=\u00a0\u00bbdefault\u00a0\u00bb column_direction_phone=\u00a0\u00bbdefault\u00a0\u00bb scene_position=\u00a0\u00bbcenter\u00a0\u00bb text_color=\u00a0\u00bbdark\u00a0\u00bb text_align=\u00a0\u00bbleft\u00a0\u00bb row_border_radius=\u00a0\u00bbnone\u00a0\u00bb row_border_radius_applies=\u00a0\u00bbbg\u00a0\u00bb overlay_strength=\u00a0\u00bb0.3&Prime; gradient_direction=\u00a0\u00bbleft_to_right\u00a0\u00bb shape_divider_position=\u00a0\u00bbbottom\u00a0\u00bb bg_image_animation=\u00a0\u00bbnone\u00a0\u00bb][vc_column column_padding=\u00a0\u00bbno-extra-padding\u00a0\u00bb column_padding_tablet=\u00a0\u00bbinherit\u00a0\u00bb column_padding_phone=\u00a0\u00bbinherit\u00a0\u00bb column_padding_position=\u00a0\u00bball\u00a0\u00bb background_color_opacity=\u00a0\u00bb1&Prime; background_hover_color_opacity=\u00a0\u00bb1&Prime; column_shadow=\u00a0\u00bbnone\u00a0\u00bb column_border_radius=\u00a0\u00bbnone\u00a0\u00bb column_link_target=\u00a0\u00bb_self\u00a0\u00bb gradient_direction=\u00a0\u00bbleft_to_right\u00a0\u00bb overlay_strength=\u00a0\u00bb0.3&Prime; width=\u00a0\u00bb1\/1&Prime; tablet_width_inherit=\u00a0\u00bbdefault\u00a0\u00bb tablet_text_alignment=\u00a0\u00bbdefault\u00a0\u00bb phone_text_alignment=\u00a0\u00bbdefault\u00a0\u00bb column_border_width=\u00a0\u00bbnone\u00a0\u00bb column_border_style=\u00a0\u00bbsolid\u00a0\u00bb bg_image_animation=\u00a0\u00bbnone\u00a0\u00bb][vc_column_text]Envie d&rsquo;en savoir plus sur le Club du Sport :<a href=\"https:\/\/exaequo-communication.fr\/index.php\/coaching-sportif\/\" target=\"_blank\" rel=\"noopener\"> cliquez-ici<\/a>.[\/vc_column_text][\/vc_column][\/vc_row]\n","protected":false},"excerpt":{"rendered":"<p>Richard Dacoury \u00e9tait l&rsquo;invit\u00e9 d&rsquo;honneur de la Soir\u00e9e du Club du Sport Exaequo qui a eu lieu le 4 novembre \u00e0 la salle des f\u00eates de Mondeville.<\/p>\n","protected":false},"author":9,"featured_media":13262,"comment_status":"closed","ping_status":"closed","sticky":false,"template":"","format":"standard","meta":{"footnotes":""},"categories":[1,176],"tags":[],"class_list":{"0":"post-13243","1":"post","2":"type-post","3":"status-publish","4":"format-standard","5":"has-post-thumbnail","7":"category-actualites","8":"category-corporate"},"yoast_head":"<!-- This site is optimized with the Yoast SEO plugin v27.0 - https:\/\/yoast.com\/product\/yoast-seo-wordpress\/ -->\n<title>Soir\u00e9e du Club du Sport avec Richard Dacoury - Exaequo communication<\/title>\n<meta name=\"description\" content=\"Richard Dacoury \u00e9tait l&#039;invit\u00e9 d&#039;honneur de la Soir\u00e9e du Club du Sport Exaequo qui a eu lieu le 4 novembre \u00e0 la salle des f\u00eates de Mondeville.\" \/>\n<meta name=\"robots\" content=\"index, follow, max-snippet:-1, max-image-preview:large, max-video-preview:-1\" \/>\n<link rel=\"canonical\" href=\"https:\/\/exaequo-communication.fr\/index.php\/2021\/11\/08\/richard-dacoury-soiree-club-du-sport\/\" \/>\n<meta property=\"og:locale\" content=\"fr_FR\" \/>\n<meta property=\"og:type\" content=\"article\" \/>\n<meta property=\"og:title\" content=\"Soir\u00e9e du Club du Sport avec Richard Dacoury\" \/>\n<meta property=\"og:description\" content=\"Richard Dacoury \u00e9tait l&#039;invit\u00e9 d&#039;honneur de la Soir\u00e9e du Club du Sport Exaequo qui a eu lieu le 4 novembre \u00e0 la salle des f\u00eates de Mondeville.\" \/>\n<meta property=\"og:url\" content=\"https:\/\/exaequo-communication.fr\/index.php\/2021\/11\/08\/richard-dacoury-soiree-club-du-sport\/\" \/>\n<meta property=\"og:site_name\" content=\"Exaequo communication\" \/>\n<meta property=\"article:published_time\" content=\"2021-11-08T10:51:58+00:00\" \/>\n<meta property=\"article:modified_time\" content=\"2021-11-15T09:11:33+00:00\" \/>\n<meta property=\"og:image\" content=\"https:\/\/exaequo-communication.fr\/wp-content\/uploads\/2021\/11\/DSC05066-1024x683.png\" \/>\n\t<meta property=\"og:image:width\" content=\"1024\" \/>\n\t<meta property=\"og:image:height\" content=\"683\" \/>\n\t<meta property=\"og:image:type\" content=\"image\/png\" \/>\n<meta name=\"author\" content=\"Louise\" \/>\n<meta name=\"twitter:card\" content=\"summary_large_image\" \/>\n<meta name=\"twitter:title\" content=\"Soir\u00e9e du Club du Sport avec Richard Dacoury\" \/>\n<meta name=\"twitter:description\" content=\"Richard Dacoury \u00e9tait l&#039;invit\u00e9 d&#039;honneur de la Soir\u00e9e du Club du Sport Exaequo qui a eu lieu le 4 novembre \u00e0 la salle des f\u00eates de Mondeville.\" \/>\n<meta name=\"twitter:label1\" content=\"\u00c9crit par\" \/>\n\t<meta name=\"twitter:data1\" content=\"Louise\" \/>\n\t<meta name=\"twitter:label2\" content=\"Dur\u00e9e de lecture estim\u00e9e\" \/>\n\t<meta name=\"twitter:data2\" content=\"2 minutes\" \/>\n<script type=\"application\/ld+json\" class=\"yoast-schema-graph\">{\"@context\":\"https:\/\/schema.org\",\"@graph\":[{\"@type\":\"Article\",\"@id\":\"https:\/\/exaequo-communication.fr\/index.php\/2021\/11\/08\/richard-dacoury-soiree-club-du-sport\/#article\",\"isPartOf\":{\"@id\":\"https:\/\/exaequo-communication.fr\/index.php\/2021\/11\/08\/richard-dacoury-soiree-club-du-sport\/\"},\"author\":{\"name\":\"Louise\",\"@id\":\"https:\/\/exaequo-communication.fr\/#\/schema\/person\/0ff3d297bda23ca1cd161c11c3217513\"},\"headline\":\"Soir\u00e9e du Club du Sport avec Richard Dacoury\",\"datePublished\":\"2021-11-08T10:51:58+00:00\",\"dateModified\":\"2021-11-15T09:11:33+00:00\",\"mainEntityOfPage\":{\"@id\":\"https:\/\/exaequo-communication.fr\/index.php\/2021\/11\/08\/richard-dacoury-soiree-club-du-sport\/\"},\"wordCount\":792,\"image\":{\"@id\":\"https:\/\/exaequo-communication.fr\/index.php\/2021\/11\/08\/richard-dacoury-soiree-club-du-sport\/#primaryimage\"},\"thumbnailUrl\":\"https:\/\/exaequo-communication.fr\/wp-content\/uploads\/2021\/11\/DSC05066.png\",\"articleSection\":[\"Actualit\u00e9s\",\"Corporate\"],\"inLanguage\":\"fr-FR\"},{\"@type\":\"WebPage\",\"@id\":\"https:\/\/exaequo-communication.fr\/index.php\/2021\/11\/08\/richard-dacoury-soiree-club-du-sport\/\",\"url\":\"https:\/\/exaequo-communication.fr\/index.php\/2021\/11\/08\/richard-dacoury-soiree-club-du-sport\/\",\"name\":\"Soir\u00e9e du Club du Sport avec Richard Dacoury - Exaequo communication\",\"isPartOf\":{\"@id\":\"https:\/\/exaequo-communication.fr\/#website\"},\"primaryImageOfPage\":{\"@id\":\"https:\/\/exaequo-communication.fr\/index.php\/2021\/11\/08\/richard-dacoury-soiree-club-du-sport\/#primaryimage\"},\"image\":{\"@id\":\"https:\/\/exaequo-communication.fr\/index.php\/2021\/11\/08\/richard-dacoury-soiree-club-du-sport\/#primaryimage\"},\"thumbnailUrl\":\"https:\/\/exaequo-communication.fr\/wp-content\/uploads\/2021\/11\/DSC05066.png\",\"datePublished\":\"2021-11-08T10:51:58+00:00\",\"dateModified\":\"2021-11-15T09:11:33+00:00\",\"author\":{\"@id\":\"https:\/\/exaequo-communication.fr\/#\/schema\/person\/0ff3d297bda23ca1cd161c11c3217513\"},\"description\":\"Richard Dacoury \u00e9tait l'invit\u00e9 d'honneur de la Soir\u00e9e du Club du Sport Exaequo qui a eu lieu le 4 novembre \u00e0 la salle des f\u00eates de Mondeville.\",\"breadcrumb\":{\"@id\":\"https:\/\/exaequo-communication.fr\/index.php\/2021\/11\/08\/richard-dacoury-soiree-club-du-sport\/#breadcrumb\"},\"inLanguage\":\"fr-FR\",\"potentialAction\":[{\"@type\":\"ReadAction\",\"target\":[\"https:\/\/exaequo-communication.fr\/index.php\/2021\/11\/08\/richard-dacoury-soiree-club-du-sport\/\"]}]},{\"@type\":\"ImageObject\",\"inLanguage\":\"fr-FR\",\"@id\":\"https:\/\/exaequo-communication.fr\/index.php\/2021\/11\/08\/richard-dacoury-soiree-club-du-sport\/#primaryimage\",\"url\":\"https:\/\/exaequo-communication.fr\/wp-content\/uploads\/2021\/11\/DSC05066.png\",\"contentUrl\":\"https:\/\/exaequo-communication.fr\/wp-content\/uploads\/2021\/11\/DSC05066.png\",\"width\":1500,\"height\":1000,\"caption\":\"soir\u00e9e dacoury \u00e9changes\"},{\"@type\":\"BreadcrumbList\",\"@id\":\"https:\/\/exaequo-communication.fr\/index.php\/2021\/11\/08\/richard-dacoury-soiree-club-du-sport\/#breadcrumb\",\"itemListElement\":[{\"@type\":\"ListItem\",\"position\":1,\"name\":\"Accueil\",\"item\":\"https:\/\/exaequo-communication.fr\/\"},{\"@type\":\"ListItem\",\"position\":2,\"name\":\"Soir\u00e9e du Club du Sport avec Richard Dacoury\"}]},{\"@type\":\"WebSite\",\"@id\":\"https:\/\/exaequo-communication.fr\/#website\",\"url\":\"https:\/\/exaequo-communication.fr\/\",\"name\":\"Exaequo communication\",\"description\":\"\",\"potentialAction\":[{\"@type\":\"SearchAction\",\"target\":{\"@type\":\"EntryPoint\",\"urlTemplate\":\"https:\/\/exaequo-communication.fr\/?s={search_term_string}\"},\"query-input\":{\"@type\":\"PropertyValueSpecification\",\"valueRequired\":true,\"valueName\":\"search_term_string\"}}],\"inLanguage\":\"fr-FR\"},{\"@type\":\"Person\",\"@id\":\"https:\/\/exaequo-communication.fr\/#\/schema\/person\/0ff3d297bda23ca1cd161c11c3217513\",\"name\":\"Louise\",\"image\":{\"@type\":\"ImageObject\",\"inLanguage\":\"fr-FR\",\"@id\":\"https:\/\/exaequo-communication.fr\/#\/schema\/person\/image\/\",\"url\":\"https:\/\/secure.gravatar.com\/avatar\/c5e8367f32ffeff4cdf4e055d9e95263b7d031a01e929b3116e2b0d996065f4c?s=96&d=mm&r=g\",\"contentUrl\":\"https:\/\/secure.gravatar.com\/avatar\/c5e8367f32ffeff4cdf4e055d9e95263b7d031a01e929b3116e2b0d996065f4c?s=96&d=mm&r=g\",\"caption\":\"Louise\"},\"url\":\"https:\/\/exaequo-communication.fr\/index.php\/author\/louise\/\"}]}<\/script>\n<!-- \/ Yoast SEO plugin. -->","yoast_head_json":{"title":"Soir\u00e9e du Club du Sport avec Richard Dacoury - Exaequo communication","description":"Richard Dacoury \u00e9tait l'invit\u00e9 d'honneur de la Soir\u00e9e du Club du Sport Exaequo qui a eu lieu le 4 novembre \u00e0 la salle des f\u00eates de Mondeville.","robots":{"index":"index","follow":"follow","max-snippet":"max-snippet:-1","max-image-preview":"max-image-preview:large","max-video-preview":"max-video-preview:-1"},"canonical":"https:\/\/exaequo-communication.fr\/index.php\/2021\/11\/08\/richard-dacoury-soiree-club-du-sport\/","og_locale":"fr_FR","og_type":"article","og_title":"Soir\u00e9e du Club du Sport avec Richard Dacoury","og_description":"Richard Dacoury \u00e9tait l'invit\u00e9 d'honneur de la Soir\u00e9e du Club du Sport Exaequo qui a eu lieu le 4 novembre \u00e0 la salle des f\u00eates de Mondeville.","og_url":"https:\/\/exaequo-communication.fr\/index.php\/2021\/11\/08\/richard-dacoury-soiree-club-du-sport\/","og_site_name":"Exaequo communication","article_published_time":"2021-11-08T10:51:58+00:00","article_modified_time":"2021-11-15T09:11:33+00:00","og_image":[{"width":1024,"height":683,"url":"https:\/\/exaequo-communication.fr\/wp-content\/uploads\/2021\/11\/DSC05066-1024x683.png","type":"image\/png"}],"author":"Louise","twitter_card":"summary_large_image","twitter_title":"Soir\u00e9e du Club du Sport avec Richard Dacoury","twitter_description":"Richard Dacoury \u00e9tait l'invit\u00e9 d'honneur de la Soir\u00e9e du Club du Sport Exaequo qui a eu lieu le 4 novembre \u00e0 la salle des f\u00eates de Mondeville.","twitter_misc":{"\u00c9crit par":"Louise","Dur\u00e9e de lecture estim\u00e9e":"2 minutes"},"schema":{"@context":"https:\/\/schema.org","@graph":[{"@type":"Article","@id":"https:\/\/exaequo-communication.fr\/index.php\/2021\/11\/08\/richard-dacoury-soiree-club-du-sport\/#article","isPartOf":{"@id":"https:\/\/exaequo-communication.fr\/index.php\/2021\/11\/08\/richard-dacoury-soiree-club-du-sport\/"},"author":{"name":"Louise","@id":"https:\/\/exaequo-communication.fr\/#\/schema\/person\/0ff3d297bda23ca1cd161c11c3217513"},"headline":"Soir\u00e9e du Club du Sport avec Richard Dacoury","datePublished":"2021-11-08T10:51:58+00:00","dateModified":"2021-11-15T09:11:33+00:00","mainEntityOfPage":{"@id":"https:\/\/exaequo-communication.fr\/index.php\/2021\/11\/08\/richard-dacoury-soiree-club-du-sport\/"},"wordCount":792,"image":{"@id":"https:\/\/exaequo-communication.fr\/index.php\/2021\/11\/08\/richard-dacoury-soiree-club-du-sport\/#primaryimage"},"thumbnailUrl":"https:\/\/exaequo-communication.fr\/wp-content\/uploads\/2021\/11\/DSC05066.png","articleSection":["Actualit\u00e9s","Corporate"],"inLanguage":"fr-FR"},{"@type":"WebPage","@id":"https:\/\/exaequo-communication.fr\/index.php\/2021\/11\/08\/richard-dacoury-soiree-club-du-sport\/","url":"https:\/\/exaequo-communication.fr\/index.php\/2021\/11\/08\/richard-dacoury-soiree-club-du-sport\/","name":"Soir\u00e9e du Club du Sport avec Richard Dacoury - Exaequo communication","isPartOf":{"@id":"https:\/\/exaequo-communication.fr\/#website"},"primaryImageOfPage":{"@id":"https:\/\/exaequo-communication.fr\/index.php\/2021\/11\/08\/richard-dacoury-soiree-club-du-sport\/#primaryimage"},"image":{"@id":"https:\/\/exaequo-communication.fr\/index.php\/2021\/11\/08\/richard-dacoury-soiree-club-du-sport\/#primaryimage"},"thumbnailUrl":"https:\/\/exaequo-communication.fr\/wp-content\/uploads\/2021\/11\/DSC05066.png","datePublished":"2021-11-08T10:51:58+00:00","dateModified":"2021-11-15T09:11:33+00:00","author":{"@id":"https:\/\/exaequo-communication.fr\/#\/schema\/person\/0ff3d297bda23ca1cd161c11c3217513"},"description":"Richard Dacoury \u00e9tait l'invit\u00e9 d'honneur de la Soir\u00e9e du Club du Sport Exaequo qui a eu lieu le 4 novembre \u00e0 la salle des f\u00eates de Mondeville.","breadcrumb":{"@id":"https:\/\/exaequo-communication.fr\/index.php\/2021\/11\/08\/richard-dacoury-soiree-club-du-sport\/#breadcrumb"},"inLanguage":"fr-FR","potentialAction":[{"@type":"ReadAction","target":["https:\/\/exaequo-communication.fr\/index.php\/2021\/11\/08\/richard-dacoury-soiree-club-du-sport\/"]}]},{"@type":"ImageObject","inLanguage":"fr-FR","@id":"https:\/\/exaequo-communication.fr\/index.php\/2021\/11\/08\/richard-dacoury-soiree-club-du-sport\/#primaryimage","url":"https:\/\/exaequo-communication.fr\/wp-content\/uploads\/2021\/11\/DSC05066.png","contentUrl":"https:\/\/exaequo-communication.fr\/wp-content\/uploads\/2021\/11\/DSC05066.png","width":1500,"height":1000,"caption":"soir\u00e9e dacoury \u00e9changes"},{"@type":"BreadcrumbList","@id":"https:\/\/exaequo-communication.fr\/index.php\/2021\/11\/08\/richard-dacoury-soiree-club-du-sport\/#breadcrumb","itemListElement":[{"@type":"ListItem","position":1,"name":"Accueil","item":"https:\/\/exaequo-communication.fr\/"},{"@type":"ListItem","position":2,"name":"Soir\u00e9e du Club du Sport avec Richard Dacoury"}]},{"@type":"WebSite","@id":"https:\/\/exaequo-communication.fr\/#website","url":"https:\/\/exaequo-communication.fr\/","name":"Exaequo communication","description":"","potentialAction":[{"@type":"SearchAction","target":{"@type":"EntryPoint","urlTemplate":"https:\/\/exaequo-communication.fr\/?s={search_term_string}"},"query-input":{"@type":"PropertyValueSpecification","valueRequired":true,"valueName":"search_term_string"}}],"inLanguage":"fr-FR"},{"@type":"Person","@id":"https:\/\/exaequo-communication.fr\/#\/schema\/person\/0ff3d297bda23ca1cd161c11c3217513","name":"Louise","image":{"@type":"ImageObject","inLanguage":"fr-FR","@id":"https:\/\/exaequo-communication.fr\/#\/schema\/person\/image\/","url":"https:\/\/secure.gravatar.com\/avatar\/c5e8367f32ffeff4cdf4e055d9e95263b7d031a01e929b3116e2b0d996065f4c?s=96&d=mm&r=g","contentUrl":"https:\/\/secure.gravatar.com\/avatar\/c5e8367f32ffeff4cdf4e055d9e95263b7d031a01e929b3116e2b0d996065f4c?s=96&d=mm&r=g","caption":"Louise"},"url":"https:\/\/exaequo-communication.fr\/index.php\/author\/louise\/"}]}},"_links":{"self":[{"href":"https:\/\/exaequo-communication.fr\/index.php\/wp-json\/wp\/v2\/posts\/13243","targetHints":{"allow":["GET"]}}],"collection":[{"href":"https:\/\/exaequo-communication.fr\/index.php\/wp-json\/wp\/v2\/posts"}],"about":[{"href":"https:\/\/exaequo-communication.fr\/index.php\/wp-json\/wp\/v2\/types\/post"}],"author":[{"embeddable":true,"href":"https:\/\/exaequo-communication.fr\/index.php\/wp-json\/wp\/v2\/users\/9"}],"replies":[{"embeddable":true,"href":"https:\/\/exaequo-communication.fr\/index.php\/wp-json\/wp\/v2\/comments?post=13243"}],"version-history":[{"count":0,"href":"https:\/\/exaequo-communication.fr\/index.php\/wp-json\/wp\/v2\/posts\/13243\/revisions"}],"wp:featuredmedia":[{"embeddable":true,"href":"https:\/\/exaequo-communication.fr\/index.php\/wp-json\/wp\/v2\/media\/13262"}],"wp:attachment":[{"href":"https:\/\/exaequo-communication.fr\/index.php\/wp-json\/wp\/v2\/media?parent=13243"}],"wp:term":[{"taxonomy":"category","embeddable":true,"href":"https:\/\/exaequo-communication.fr\/index.php\/wp-json\/wp\/v2\/categories?post=13243"},{"taxonomy":"post_tag","embeddable":true,"href":"https:\/\/exaequo-communication.fr\/index.php\/wp-json\/wp\/v2\/tags?post=13243"}],"curies":[{"name":"wp","href":"https:\/\/api.w.org\/{rel}","templated":true}]}}