{"id":13115,"date":"2021-09-06T17:30:58","date_gmt":"2021-09-06T15:30:58","guid":{"rendered":"https:\/\/exaequo-communication.fr\/?p=13115"},"modified":"2021-09-22T17:29:43","modified_gmt":"2021-09-22T15:29:43","slug":"rockntrail-2021","status":"publish","type":"post","link":"https:\/\/exaequo-communication.fr\/index.php\/2021\/09\/06\/rockntrail-2021\/","title":{"rendered":"Retour en images sur le Rock n&rsquo;Trail"},"content":{"rendered":"[vc_row type=\u00a0\u00bbin_container\u00a0\u00bb full_screen_row_position=\u00a0\u00bbmiddle\u00a0\u00bb column_margin=\u00a0\u00bbdefault\u00a0\u00bb column_direction=\u00a0\u00bbdefault\u00a0\u00bb column_direction_tablet=\u00a0\u00bbdefault\u00a0\u00bb column_direction_phone=\u00a0\u00bbdefault\u00a0\u00bb scene_position=\u00a0\u00bbcenter\u00a0\u00bb top_padding=\u00a0\u00bb10&Prime; text_color=\u00a0\u00bbdark\u00a0\u00bb text_align=\u00a0\u00bbleft\u00a0\u00bb row_border_radius=\u00a0\u00bbnone\u00a0\u00bb row_border_radius_applies=\u00a0\u00bbbg\u00a0\u00bb overlay_strength=\u00a0\u00bb0.3&Prime; gradient_direction=\u00a0\u00bbleft_to_right\u00a0\u00bb shape_divider_position=\u00a0\u00bbbottom\u00a0\u00bb bg_image_animation=\u00a0\u00bbnone\u00a0\u00bb shape_type=\u00a0\u00bb\u00a0\u00bb][vc_column column_padding=\u00a0\u00bbno-extra-padding\u00a0\u00bb column_padding_tablet=\u00a0\u00bbinherit\u00a0\u00bb column_padding_phone=\u00a0\u00bbinherit\u00a0\u00bb column_padding_position=\u00a0\u00bball\u00a0\u00bb background_color_opacity=\u00a0\u00bb1&Prime; background_hover_color_opacity=\u00a0\u00bb1&Prime; column_shadow=\u00a0\u00bbnone\u00a0\u00bb column_border_radius=\u00a0\u00bbnone\u00a0\u00bb column_link_target=\u00a0\u00bb_self\u00a0\u00bb gradient_direction=\u00a0\u00bbleft_to_right\u00a0\u00bb overlay_strength=\u00a0\u00bb0.3&Prime; width=\u00a0\u00bb1\/2&Prime; tablet_width_inherit=\u00a0\u00bbdefault\u00a0\u00bb tablet_text_alignment=\u00a0\u00bbdefault\u00a0\u00bb phone_text_alignment=\u00a0\u00bbdefault\u00a0\u00bb column_border_width=\u00a0\u00bbnone\u00a0\u00bb column_border_style=\u00a0\u00bbsolid\u00a0\u00bb bg_image_animation=\u00a0\u00bbnone\u00a0\u00bb][vc_gallery type=\u00a0\u00bbflexslider_style\u00a0\u00bb images=\u00a0\u00bb13116,13118,13123,13126,13119,13120,13122,13117,13127,13125,13121,13124&Prime; onclick=\u00a0\u00bblink_no\u00a0\u00bb hover_anim=\u00a0\u00bbfade-out\u00a0\u00bb][\/vc_column][vc_column column_padding=\u00a0\u00bbno-extra-padding\u00a0\u00bb column_padding_tablet=\u00a0\u00bbinherit\u00a0\u00bb column_padding_phone=\u00a0\u00bbinherit\u00a0\u00bb column_padding_position=\u00a0\u00bball\u00a0\u00bb background_color_opacity=\u00a0\u00bb1&Prime; background_hover_color_opacity=\u00a0\u00bb1&Prime; column_shadow=\u00a0\u00bbnone\u00a0\u00bb column_border_radius=\u00a0\u00bbnone\u00a0\u00bb column_link_target=\u00a0\u00bb_self\u00a0\u00bb gradient_direction=\u00a0\u00bbleft_to_right\u00a0\u00bb overlay_strength=\u00a0\u00bb0.3&Prime; width=\u00a0\u00bb1\/2&Prime; tablet_width_inherit=\u00a0\u00bbdefault\u00a0\u00bb tablet_text_alignment=\u00a0\u00bbdefault\u00a0\u00bb phone_text_alignment=\u00a0\u00bbdefault\u00a0\u00bb column_border_width=\u00a0\u00bbnone\u00a0\u00bb column_border_style=\u00a0\u00bbsolid\u00a0\u00bb bg_image_animation=\u00a0\u00bbnone\u00a0\u00bb][split_line_heading animation_type=\u00a0\u00bbdefault\u00a0\u00bb]\n<h3 style=\"text-align: left;\">Rock n&rsquo;Trail, une 1\u00e8re \u00e9dition sous le soleil normand !<\/h3>\n<p>Le week-end du 4 et 5 septembre dernier avait lieu la 1\u00e8re \u00e9dition du nouvel \u00e9v\u00e9nement Exaequo : le <strong><a href=\"https:\/\/rockntrail.fr\/\" target=\"_blank\" rel=\"noopener\">Rock n&rsquo;Trail<\/a><\/strong>[\/split_line_heading][\/vc_column][\/vc_row][vc_row type=\u00a0\u00bbin_container\u00a0\u00bb full_screen_row_position=\u00a0\u00bbmiddle\u00a0\u00bb column_margin=\u00a0\u00bbdefault\u00a0\u00bb column_direction=\u00a0\u00bbdefault\u00a0\u00bb column_direction_tablet=\u00a0\u00bbdefault\u00a0\u00bb column_direction_phone=\u00a0\u00bbdefault\u00a0\u00bb scene_position=\u00a0\u00bbcenter\u00a0\u00bb text_color=\u00a0\u00bbdark\u00a0\u00bb text_align=\u00a0\u00bbleft\u00a0\u00bb row_border_radius=\u00a0\u00bbnone\u00a0\u00bb row_border_radius_applies=\u00a0\u00bbbg\u00a0\u00bb overlay_strength=\u00a0\u00bb0.3&Prime; gradient_direction=\u00a0\u00bbleft_to_right\u00a0\u00bb shape_divider_position=\u00a0\u00bbbottom\u00a0\u00bb bg_image_animation=\u00a0\u00bbnone\u00a0\u00bb][vc_column column_padding=\u00a0\u00bbno-extra-padding\u00a0\u00bb column_padding_tablet=\u00a0\u00bbinherit\u00a0\u00bb column_padding_phone=\u00a0\u00bbinherit\u00a0\u00bb column_padding_position=\u00a0\u00bball\u00a0\u00bb background_color_opacity=\u00a0\u00bb1&Prime; background_hover_color_opacity=\u00a0\u00bb1&Prime; column_shadow=\u00a0\u00bbnone\u00a0\u00bb column_border_radius=\u00a0\u00bbnone\u00a0\u00bb column_link_target=\u00a0\u00bb_self\u00a0\u00bb gradient_direction=\u00a0\u00bbleft_to_right\u00a0\u00bb overlay_strength=\u00a0\u00bb0.3&Prime; width=\u00a0\u00bb1\/1&Prime; tablet_width_inherit=\u00a0\u00bbdefault\u00a0\u00bb tablet_text_alignment=\u00a0\u00bbdefault\u00a0\u00bb phone_text_alignment=\u00a0\u00bbdefault\u00a0\u00bb column_border_width=\u00a0\u00bbnone\u00a0\u00bb column_border_style=\u00a0\u00bbsolid\u00a0\u00bb bg_image_animation=\u00a0\u00bbnone\u00a0\u00bb][vc_column_text]\n<h3>Une premi\u00e8re r\u00e9ussie !<\/h3>\n<p>Le Rock n&rsquo;Trail qui s&rsquo;est d\u00e9roul\u00e9 dans la carri\u00e8re de Muneville-le-Bingard dans la Manche a attir\u00e9 <strong>plus de 500 participants<\/strong>. Un nouveau rendez-vous pour les amateurs de trail avec <strong>un parcours situ\u00e9 dans un paysage unique et insolite : la carri\u00e8re<\/strong>. Un concept original avec ce trail \u00e0 \u00e9limination : <strong>terminer ses 7,4km en moins d&rsquo;une heure pour continuer sinon c&rsquo;\u00e9tait l&rsquo;\u00e9limination assur\u00e9e<\/strong>.<\/p>\n<p>Le samedi matin avait lieu le 7km caritatif en soutien \u00e0 deux associations locales : <strong><a href=\"https:\/\/1pas2pas.blogspot.com\/\" target=\"_blank\" rel=\"noopener\">1 pas 2 pas pour Ana\u00efs<\/a><\/strong> et <a href=\"https:\/\/www.helloasso.com\/associations\/l-outil-en-main-du-pays-de-periers\" target=\"_blank\" rel=\"noopener\"><strong>L&rsquo;Outil en main du pays de P\u00e9riers<\/strong><\/a>. <strong>Ce sont pas moins de 210 personnes qui ont pris le d\u00e9part de cette course ou marche caritative<\/strong>.<\/p>\n<h3>Un \u00e9v\u00e9nement unique<\/h3>\n<p><strong>Pour cette 1\u00e8re \u00e9dition, 293 trailers,<\/strong> plus motiv\u00e9s que jamais, ont pris le d\u00e9part de ce 24h Chrono de folie. Lors du dernier tour, apr\u00e8s 24 heures de course, ils n&rsquo;\u00e9taient plus que <strong>191 \u00e0 franchir la ligne d&rsquo;arriv\u00e9e.<\/strong>\u00a0La bonne humeur et le soleil \u00e9taient au rendez-vous tout au long du week-end<strong>.\u00a0<\/strong><\/p>\n<p>F\u00e9licitations \u00e0 Fr\u00e9d\u00e9ric Renard pour sa premi\u00e8re place en Solo pour ses 15 tours de carri\u00e8re et donc ses 15 heures de course. Il remporte un magnifique voyage organis\u00e9 par <strong><a href=\"https:\/\/exaequovoyages.com\/\" target=\"_blank\" rel=\"noopener\">Exaequo Voyages<\/a><\/strong>.<\/p>\n<p>Un grand bravo \u00e0 nos 3 duo finalistes qui sont venus \u00e0 bout de ces 24h Chrono : Fran\u00e7ois Ollivier et Thomas Tran\u00e7on pour leur 1\u00e8re place, Bertrand Ollivier et Matthieu Debris pour leur 2nde place et Thomas Tardif et Quentin Wu. Mention sp\u00e9ciale \u00e0 notre seule duo f\u00e9minin qui a boucl\u00e9 ses 24 tours avec malheureusement un peu de temps d\u00e9pass\u00e9 : M\u00e9lodie Leboeuf et Adeline Noel.<\/p>\n<p>F\u00e9licitations \u00e9galement \u00e0 nos finalistes en \u00e9quipe, la team \u00ab\u00a0Desmonts\u00a0\u00bb qui se hisse \u00e0 la premi\u00e8re place en \u00e9quipe de 4 et la team \u00ab\u00a0Coliservice\u00a0\u00bb qui arrive premi\u00e8re en \u00e9quipe de 6.<\/p>\n<p><strong>Cette premi\u00e8re \u00e9dition est une belle r\u00e9ussite.<\/strong> L&rsquo;\u00e9quipe d&rsquo;Exaequo est heureuse et fi\u00e8re de cette premi\u00e8re de l&rsquo;\u00e9v\u00e9nement. L&rsquo;organisation donne rendez-vous aux athl\u00e8tes au mois d&rsquo;avril 2022 pour une 2\u00e8me \u00e9dition encore plus exceptionnelle.<\/p>\n<p><strong>Un grand merci \u00e0 nos partenaires et b\u00e9n\u00e9voles qui ont fait de cet \u00e9v\u00e9nement une r\u00e9ussite.<\/strong><\/p>\n<p>Cr\u00e9dits photos : Laurent B.[\/vc_column_text][\/vc_column][\/vc_row][vc_row type=\u00a0\u00bbin_container\u00a0\u00bb full_screen_row_position=\u00a0\u00bbmiddle\u00a0\u00bb column_margin=\u00a0\u00bbdefault\u00a0\u00bb column_direction=\u00a0\u00bbdefault\u00a0\u00bb column_direction_tablet=\u00a0\u00bbdefault\u00a0\u00bb column_direction_phone=\u00a0\u00bbdefault\u00a0\u00bb scene_position=\u00a0\u00bbcenter\u00a0\u00bb text_color=\u00a0\u00bbdark\u00a0\u00bb text_align=\u00a0\u00bbleft\u00a0\u00bb row_border_radius=\u00a0\u00bbnone\u00a0\u00bb row_border_radius_applies=\u00a0\u00bbbg\u00a0\u00bb overlay_strength=\u00a0\u00bb0.3&Prime; gradient_direction=\u00a0\u00bbleft_to_right\u00a0\u00bb shape_divider_position=\u00a0\u00bbbottom\u00a0\u00bb bg_image_animation=\u00a0\u00bbnone\u00a0\u00bb][vc_column column_padding=\u00a0\u00bbno-extra-padding\u00a0\u00bb column_padding_tablet=\u00a0\u00bbinherit\u00a0\u00bb column_padding_phone=\u00a0\u00bbinherit\u00a0\u00bb column_padding_position=\u00a0\u00bball\u00a0\u00bb background_color_opacity=\u00a0\u00bb1&Prime; background_hover_color_opacity=\u00a0\u00bb1&Prime; column_shadow=\u00a0\u00bbnone\u00a0\u00bb column_border_radius=\u00a0\u00bbnone\u00a0\u00bb column_link_target=\u00a0\u00bb_self\u00a0\u00bb gradient_direction=\u00a0\u00bbleft_to_right\u00a0\u00bb overlay_strength=\u00a0\u00bb0.3&Prime; width=\u00a0\u00bb1\/1&Prime; tablet_width_inherit=\u00a0\u00bbdefault\u00a0\u00bb tablet_text_alignment=\u00a0\u00bbdefault\u00a0\u00bb phone_text_alignment=\u00a0\u00bbdefault\u00a0\u00bb column_border_width=\u00a0\u00bbnone\u00a0\u00bb column_border_style=\u00a0\u00bbsolid\u00a0\u00bb bg_image_animation=\u00a0\u00bbnone\u00a0\u00bb][split_line_heading animation_type=\u00a0\u00bbdefault\u00a0\u00bb]\n<h3 style=\"text-align: left;\">Revoir en images la 1\u00e8re \u00e9dition du Rock n&rsquo;Trail !<\/h3>\n[\/split_line_heading][\/vc_column][\/vc_row][vc_row type=\u00a0\u00bbin_container\u00a0\u00bb full_screen_row_position=\u00a0\u00bbmiddle\u00a0\u00bb column_margin=\u00a0\u00bbdefault\u00a0\u00bb column_direction=\u00a0\u00bbdefault\u00a0\u00bb column_direction_tablet=\u00a0\u00bbdefault\u00a0\u00bb column_direction_phone=\u00a0\u00bbdefault\u00a0\u00bb scene_position=\u00a0\u00bbcenter\u00a0\u00bb text_color=\u00a0\u00bbdark\u00a0\u00bb text_align=\u00a0\u00bbleft\u00a0\u00bb row_border_radius=\u00a0\u00bbnone\u00a0\u00bb row_border_radius_applies=\u00a0\u00bbbg\u00a0\u00bb overlay_strength=\u00a0\u00bb0.3&Prime; gradient_direction=\u00a0\u00bbleft_to_right\u00a0\u00bb shape_divider_position=\u00a0\u00bbbottom\u00a0\u00bb bg_image_animation=\u00a0\u00bbnone\u00a0\u00bb][vc_column column_padding=\u00a0\u00bbno-extra-padding\u00a0\u00bb column_padding_tablet=\u00a0\u00bbinherit\u00a0\u00bb column_padding_phone=\u00a0\u00bbinherit\u00a0\u00bb column_padding_position=\u00a0\u00bball\u00a0\u00bb background_color_opacity=\u00a0\u00bb1&Prime; background_hover_color_opacity=\u00a0\u00bb1&Prime; column_shadow=\u00a0\u00bbnone\u00a0\u00bb column_border_radius=\u00a0\u00bbnone\u00a0\u00bb column_link_target=\u00a0\u00bb_self\u00a0\u00bb gradient_direction=\u00a0\u00bbleft_to_right\u00a0\u00bb overlay_strength=\u00a0\u00bb0.3&Prime; width=\u00a0\u00bb1\/1&Prime; tablet_width_inherit=\u00a0\u00bbdefault\u00a0\u00bb tablet_text_alignment=\u00a0\u00bbdefault\u00a0\u00bb phone_text_alignment=\u00a0\u00bbdefault\u00a0\u00bb column_border_width=\u00a0\u00bbnone\u00a0\u00bb column_border_style=\u00a0\u00bbsolid\u00a0\u00bb bg_image_animation=\u00a0\u00bbnone\u00a0\u00bb][nectar_video_lightbox link_style=\u00a0\u00bbplay_button_2&Prime; nectar_play_button_color=\u00a0\u00bbDefault-Accent-Color\u00a0\u00bb image_url=\u00a0\u00bb13120&Prime; hover_effect=\u00a0\u00bbdefaut\u00a0\u00bb box_shadow=\u00a0\u00bbnone\u00a0\u00bb border_radius=\u00a0\u00bbnone\u00a0\u00bb play_button_size=\u00a0\u00bbdefault\u00a0\u00bb video_url=\u00a0\u00bbhttps:\/\/youtu.be\/dkQfBsadRio\u00a0\u00bb][vc_column_text]Production de l&rsquo;aftermovie et des images : <a href=\"http:\/\/www.lb-photographie.com\/?fbclid=IwAR0oxX3meKwVk4vNTzqRG0AJEbl1dJLQcMoUq7lpFCvXndTPrAHybEpIovI\" target=\"_blank\" rel=\"noopener\">Laurent B<\/a>[\/vc_column_text][\/vc_column][\/vc_row]\n","protected":false},"excerpt":{"rendered":"<p>Plus de 500 participants ont pris le d\u00e9part du Rock n&rsquo;Trail le weekend du 4 et 5 septembre 2021.<\/p>\n","protected":false},"author":9,"featured_media":13119,"comment_status":"closed","ping_status":"closed","sticky":false,"template":"","format":"standard","meta":{"footnotes":""},"categories":[1],"tags":[],"class_list":{"0":"post-13115","1":"post","2":"type-post","3":"status-publish","4":"format-standard","5":"has-post-thumbnail","7":"category-actualites"},"yoast_head":"<!-- This site is optimized with the Yoast SEO plugin v27.0 - https:\/\/yoast.com\/product\/yoast-seo-wordpress\/ -->\n<title>Retour en images sur la 1\u00e8re \u00e9dition du Rock n&#039;Trail<\/title>\n<meta name=\"description\" content=\"Plus de 500 participants ont pris le d\u00e9part du Rock n&#039;Trail dans la carri\u00e8re de Muneville-le-Bingard le weekend du 4 et 5 septembre 2021.\" \/>\n<meta name=\"robots\" content=\"index, follow, max-snippet:-1, max-image-preview:large, max-video-preview:-1\" \/>\n<link rel=\"canonical\" href=\"https:\/\/exaequo-communication.fr\/index.php\/2021\/09\/06\/rockntrail-2021\/\" \/>\n<meta property=\"og:locale\" content=\"fr_FR\" \/>\n<meta property=\"og:type\" content=\"article\" \/>\n<meta property=\"og:title\" content=\"Retour en images sur la 1\u00e8re \u00e9dition du Rock n&#039;Trail\" \/>\n<meta property=\"og:description\" content=\"Plus de 500 participants ont pris le d\u00e9part du Rock n&#039;Trail dans la carri\u00e8re de Muneville-le-Bingard le weekend du 4 et 5 septembre 2021.\" \/>\n<meta property=\"og:url\" content=\"https:\/\/exaequo-communication.fr\/index.php\/2021\/09\/06\/rockntrail-2021\/\" \/>\n<meta property=\"og:site_name\" content=\"Exaequo communication\" \/>\n<meta property=\"article:published_time\" content=\"2021-09-06T15:30:58+00:00\" \/>\n<meta property=\"article:modified_time\" content=\"2021-09-22T15:29:43+00:00\" \/>\n<meta property=\"og:image\" content=\"https:\/\/exaequo-communication.fr\/wp-content\/uploads\/2021\/09\/DSC1386-2500.jpg\" \/>\n\t<meta property=\"og:image:width\" content=\"900\" \/>\n\t<meta property=\"og:image:height\" content=\"562\" \/>\n\t<meta property=\"og:image:type\" content=\"image\/jpeg\" \/>\n<meta name=\"author\" content=\"Louise\" \/>\n<meta name=\"twitter:card\" content=\"summary_large_image\" \/>\n<meta name=\"twitter:title\" content=\"Retour en images sur la 1\u00e8re \u00e9dition du Rock n&#039;Trail\" \/>\n<meta name=\"twitter:description\" content=\"Plus de 500 participants ont pris le d\u00e9part du Rock n&#039;Trail dans la carri\u00e8re de Muneville-le-Bingard le weekend du 4 et 5 septembre 2021.\" \/>\n<meta name=\"twitter:image\" content=\"https:\/\/exaequo-communication.fr\/wp-content\/uploads\/2021\/09\/DSC1386-2500.jpg\" \/>\n<meta name=\"twitter:label1\" content=\"\u00c9crit par\" \/>\n\t<meta name=\"twitter:data1\" content=\"Louise\" \/>\n\t<meta name=\"twitter:label2\" content=\"Dur\u00e9e de lecture estim\u00e9e\" \/>\n\t<meta name=\"twitter:data2\" content=\"3 minutes\" \/>\n<script type=\"application\/ld+json\" class=\"yoast-schema-graph\">{\"@context\":\"https:\/\/schema.org\",\"@graph\":[{\"@type\":\"Article\",\"@id\":\"https:\/\/exaequo-communication.fr\/index.php\/2021\/09\/06\/rockntrail-2021\/#article\",\"isPartOf\":{\"@id\":\"https:\/\/exaequo-communication.fr\/index.php\/2021\/09\/06\/rockntrail-2021\/\"},\"author\":{\"name\":\"Louise\",\"@id\":\"https:\/\/exaequo-communication.fr\/#\/schema\/person\/0ff3d297bda23ca1cd161c11c3217513\"},\"headline\":\"Retour en images sur le Rock n&rsquo;Trail\",\"datePublished\":\"2021-09-06T15:30:58+00:00\",\"dateModified\":\"2021-09-22T15:29:43+00:00\",\"mainEntityOfPage\":{\"@id\":\"https:\/\/exaequo-communication.fr\/index.php\/2021\/09\/06\/rockntrail-2021\/\"},\"wordCount\":1095,\"image\":{\"@id\":\"https:\/\/exaequo-communication.fr\/index.php\/2021\/09\/06\/rockntrail-2021\/#primaryimage\"},\"thumbnailUrl\":\"https:\/\/exaequo-communication.fr\/wp-content\/uploads\/2021\/09\/DSC1296-2500.jpg\",\"articleSection\":[\"Actualit\u00e9s\"],\"inLanguage\":\"fr-FR\"},{\"@type\":\"WebPage\",\"@id\":\"https:\/\/exaequo-communication.fr\/index.php\/2021\/09\/06\/rockntrail-2021\/\",\"url\":\"https:\/\/exaequo-communication.fr\/index.php\/2021\/09\/06\/rockntrail-2021\/\",\"name\":\"Retour en images sur la 1\u00e8re \u00e9dition du Rock n'Trail\",\"isPartOf\":{\"@id\":\"https:\/\/exaequo-communication.fr\/#website\"},\"primaryImageOfPage\":{\"@id\":\"https:\/\/exaequo-communication.fr\/index.php\/2021\/09\/06\/rockntrail-2021\/#primaryimage\"},\"image\":{\"@id\":\"https:\/\/exaequo-communication.fr\/index.php\/2021\/09\/06\/rockntrail-2021\/#primaryimage\"},\"thumbnailUrl\":\"https:\/\/exaequo-communication.fr\/wp-content\/uploads\/2021\/09\/DSC1296-2500.jpg\",\"datePublished\":\"2021-09-06T15:30:58+00:00\",\"dateModified\":\"2021-09-22T15:29:43+00:00\",\"author\":{\"@id\":\"https:\/\/exaequo-communication.fr\/#\/schema\/person\/0ff3d297bda23ca1cd161c11c3217513\"},\"description\":\"Plus de 500 participants ont pris le d\u00e9part du Rock n'Trail dans la carri\u00e8re de Muneville-le-Bingard le weekend du 4 et 5 septembre 2021.\",\"breadcrumb\":{\"@id\":\"https:\/\/exaequo-communication.fr\/index.php\/2021\/09\/06\/rockntrail-2021\/#breadcrumb\"},\"inLanguage\":\"fr-FR\",\"potentialAction\":[{\"@type\":\"ReadAction\",\"target\":[\"https:\/\/exaequo-communication.fr\/index.php\/2021\/09\/06\/rockntrail-2021\/\"]}]},{\"@type\":\"ImageObject\",\"inLanguage\":\"fr-FR\",\"@id\":\"https:\/\/exaequo-communication.fr\/index.php\/2021\/09\/06\/rockntrail-2021\/#primaryimage\",\"url\":\"https:\/\/exaequo-communication.fr\/wp-content\/uploads\/2021\/09\/DSC1296-2500.jpg\",\"contentUrl\":\"https:\/\/exaequo-communication.fr\/wp-content\/uploads\/2021\/09\/DSC1296-2500.jpg\",\"width\":900,\"height\":555,\"caption\":\"Rock n trail carri\u00e8re\"},{\"@type\":\"BreadcrumbList\",\"@id\":\"https:\/\/exaequo-communication.fr\/index.php\/2021\/09\/06\/rockntrail-2021\/#breadcrumb\",\"itemListElement\":[{\"@type\":\"ListItem\",\"position\":1,\"name\":\"Accueil\",\"item\":\"https:\/\/exaequo-communication.fr\/\"},{\"@type\":\"ListItem\",\"position\":2,\"name\":\"Retour en images sur le Rock n&rsquo;Trail\"}]},{\"@type\":\"WebSite\",\"@id\":\"https:\/\/exaequo-communication.fr\/#website\",\"url\":\"https:\/\/exaequo-communication.fr\/\",\"name\":\"Exaequo communication\",\"description\":\"\",\"potentialAction\":[{\"@type\":\"SearchAction\",\"target\":{\"@type\":\"EntryPoint\",\"urlTemplate\":\"https:\/\/exaequo-communication.fr\/?s={search_term_string}\"},\"query-input\":{\"@type\":\"PropertyValueSpecification\",\"valueRequired\":true,\"valueName\":\"search_term_string\"}}],\"inLanguage\":\"fr-FR\"},{\"@type\":\"Person\",\"@id\":\"https:\/\/exaequo-communication.fr\/#\/schema\/person\/0ff3d297bda23ca1cd161c11c3217513\",\"name\":\"Louise\",\"image\":{\"@type\":\"ImageObject\",\"inLanguage\":\"fr-FR\",\"@id\":\"https:\/\/exaequo-communication.fr\/#\/schema\/person\/image\/\",\"url\":\"https:\/\/secure.gravatar.com\/avatar\/c5e8367f32ffeff4cdf4e055d9e95263b7d031a01e929b3116e2b0d996065f4c?s=96&d=mm&r=g\",\"contentUrl\":\"https:\/\/secure.gravatar.com\/avatar\/c5e8367f32ffeff4cdf4e055d9e95263b7d031a01e929b3116e2b0d996065f4c?s=96&d=mm&r=g\",\"caption\":\"Louise\"},\"url\":\"https:\/\/exaequo-communication.fr\/index.php\/author\/louise\/\"}]}<\/script>\n<!-- \/ Yoast SEO plugin. -->","yoast_head_json":{"title":"Retour en images sur la 1\u00e8re \u00e9dition du Rock n'Trail","description":"Plus de 500 participants ont pris le d\u00e9part du Rock n'Trail dans la carri\u00e8re de Muneville-le-Bingard le weekend du 4 et 5 septembre 2021.","robots":{"index":"index","follow":"follow","max-snippet":"max-snippet:-1","max-image-preview":"max-image-preview:large","max-video-preview":"max-video-preview:-1"},"canonical":"https:\/\/exaequo-communication.fr\/index.php\/2021\/09\/06\/rockntrail-2021\/","og_locale":"fr_FR","og_type":"article","og_title":"Retour en images sur la 1\u00e8re \u00e9dition du Rock n'Trail","og_description":"Plus de 500 participants ont pris le d\u00e9part du Rock n'Trail dans la carri\u00e8re de Muneville-le-Bingard le weekend du 4 et 5 septembre 2021.","og_url":"https:\/\/exaequo-communication.fr\/index.php\/2021\/09\/06\/rockntrail-2021\/","og_site_name":"Exaequo communication","article_published_time":"2021-09-06T15:30:58+00:00","article_modified_time":"2021-09-22T15:29:43+00:00","og_image":[{"width":900,"height":562,"url":"https:\/\/exaequo-communication.fr\/wp-content\/uploads\/2021\/09\/DSC1386-2500.jpg","type":"image\/jpeg"}],"author":"Louise","twitter_card":"summary_large_image","twitter_title":"Retour en images sur la 1\u00e8re \u00e9dition du Rock n'Trail","twitter_description":"Plus de 500 participants ont pris le d\u00e9part du Rock n'Trail dans la carri\u00e8re de Muneville-le-Bingard le weekend du 4 et 5 septembre 2021.","twitter_image":"https:\/\/exaequo-communication.fr\/wp-content\/uploads\/2021\/09\/DSC1386-2500.jpg","twitter_misc":{"\u00c9crit par":"Louise","Dur\u00e9e de lecture estim\u00e9e":"3 minutes"},"schema":{"@context":"https:\/\/schema.org","@graph":[{"@type":"Article","@id":"https:\/\/exaequo-communication.fr\/index.php\/2021\/09\/06\/rockntrail-2021\/#article","isPartOf":{"@id":"https:\/\/exaequo-communication.fr\/index.php\/2021\/09\/06\/rockntrail-2021\/"},"author":{"name":"Louise","@id":"https:\/\/exaequo-communication.fr\/#\/schema\/person\/0ff3d297bda23ca1cd161c11c3217513"},"headline":"Retour en images sur le Rock n&rsquo;Trail","datePublished":"2021-09-06T15:30:58+00:00","dateModified":"2021-09-22T15:29:43+00:00","mainEntityOfPage":{"@id":"https:\/\/exaequo-communication.fr\/index.php\/2021\/09\/06\/rockntrail-2021\/"},"wordCount":1095,"image":{"@id":"https:\/\/exaequo-communication.fr\/index.php\/2021\/09\/06\/rockntrail-2021\/#primaryimage"},"thumbnailUrl":"https:\/\/exaequo-communication.fr\/wp-content\/uploads\/2021\/09\/DSC1296-2500.jpg","articleSection":["Actualit\u00e9s"],"inLanguage":"fr-FR"},{"@type":"WebPage","@id":"https:\/\/exaequo-communication.fr\/index.php\/2021\/09\/06\/rockntrail-2021\/","url":"https:\/\/exaequo-communication.fr\/index.php\/2021\/09\/06\/rockntrail-2021\/","name":"Retour en images sur la 1\u00e8re \u00e9dition du Rock n'Trail","isPartOf":{"@id":"https:\/\/exaequo-communication.fr\/#website"},"primaryImageOfPage":{"@id":"https:\/\/exaequo-communication.fr\/index.php\/2021\/09\/06\/rockntrail-2021\/#primaryimage"},"image":{"@id":"https:\/\/exaequo-communication.fr\/index.php\/2021\/09\/06\/rockntrail-2021\/#primaryimage"},"thumbnailUrl":"https:\/\/exaequo-communication.fr\/wp-content\/uploads\/2021\/09\/DSC1296-2500.jpg","datePublished":"2021-09-06T15:30:58+00:00","dateModified":"2021-09-22T15:29:43+00:00","author":{"@id":"https:\/\/exaequo-communication.fr\/#\/schema\/person\/0ff3d297bda23ca1cd161c11c3217513"},"description":"Plus de 500 participants ont pris le d\u00e9part du Rock n'Trail dans la carri\u00e8re de Muneville-le-Bingard le weekend du 4 et 5 septembre 2021.","breadcrumb":{"@id":"https:\/\/exaequo-communication.fr\/index.php\/2021\/09\/06\/rockntrail-2021\/#breadcrumb"},"inLanguage":"fr-FR","potentialAction":[{"@type":"ReadAction","target":["https:\/\/exaequo-communication.fr\/index.php\/2021\/09\/06\/rockntrail-2021\/"]}]},{"@type":"ImageObject","inLanguage":"fr-FR","@id":"https:\/\/exaequo-communication.fr\/index.php\/2021\/09\/06\/rockntrail-2021\/#primaryimage","url":"https:\/\/exaequo-communication.fr\/wp-content\/uploads\/2021\/09\/DSC1296-2500.jpg","contentUrl":"https:\/\/exaequo-communication.fr\/wp-content\/uploads\/2021\/09\/DSC1296-2500.jpg","width":900,"height":555,"caption":"Rock n trail carri\u00e8re"},{"@type":"BreadcrumbList","@id":"https:\/\/exaequo-communication.fr\/index.php\/2021\/09\/06\/rockntrail-2021\/#breadcrumb","itemListElement":[{"@type":"ListItem","position":1,"name":"Accueil","item":"https:\/\/exaequo-communication.fr\/"},{"@type":"ListItem","position":2,"name":"Retour en images sur le Rock n&rsquo;Trail"}]},{"@type":"WebSite","@id":"https:\/\/exaequo-communication.fr\/#website","url":"https:\/\/exaequo-communication.fr\/","name":"Exaequo communication","description":"","potentialAction":[{"@type":"SearchAction","target":{"@type":"EntryPoint","urlTemplate":"https:\/\/exaequo-communication.fr\/?s={search_term_string}"},"query-input":{"@type":"PropertyValueSpecification","valueRequired":true,"valueName":"search_term_string"}}],"inLanguage":"fr-FR"},{"@type":"Person","@id":"https:\/\/exaequo-communication.fr\/#\/schema\/person\/0ff3d297bda23ca1cd161c11c3217513","name":"Louise","image":{"@type":"ImageObject","inLanguage":"fr-FR","@id":"https:\/\/exaequo-communication.fr\/#\/schema\/person\/image\/","url":"https:\/\/secure.gravatar.com\/avatar\/c5e8367f32ffeff4cdf4e055d9e95263b7d031a01e929b3116e2b0d996065f4c?s=96&d=mm&r=g","contentUrl":"https:\/\/secure.gravatar.com\/avatar\/c5e8367f32ffeff4cdf4e055d9e95263b7d031a01e929b3116e2b0d996065f4c?s=96&d=mm&r=g","caption":"Louise"},"url":"https:\/\/exaequo-communication.fr\/index.php\/author\/louise\/"}]}},"_links":{"self":[{"href":"https:\/\/exaequo-communication.fr\/index.php\/wp-json\/wp\/v2\/posts\/13115","targetHints":{"allow":["GET"]}}],"collection":[{"href":"https:\/\/exaequo-communication.fr\/index.php\/wp-json\/wp\/v2\/posts"}],"about":[{"href":"https:\/\/exaequo-communication.fr\/index.php\/wp-json\/wp\/v2\/types\/post"}],"author":[{"embeddable":true,"href":"https:\/\/exaequo-communication.fr\/index.php\/wp-json\/wp\/v2\/users\/9"}],"replies":[{"embeddable":true,"href":"https:\/\/exaequo-communication.fr\/index.php\/wp-json\/wp\/v2\/comments?post=13115"}],"version-history":[{"count":0,"href":"https:\/\/exaequo-communication.fr\/index.php\/wp-json\/wp\/v2\/posts\/13115\/revisions"}],"wp:featuredmedia":[{"embeddable":true,"href":"https:\/\/exaequo-communication.fr\/index.php\/wp-json\/wp\/v2\/media\/13119"}],"wp:attachment":[{"href":"https:\/\/exaequo-communication.fr\/index.php\/wp-json\/wp\/v2\/media?parent=13115"}],"wp:term":[{"taxonomy":"category","embeddable":true,"href":"https:\/\/exaequo-communication.fr\/index.php\/wp-json\/wp\/v2\/categories?post=13115"},{"taxonomy":"post_tag","embeddable":true,"href":"https:\/\/exaequo-communication.fr\/index.php\/wp-json\/wp\/v2\/tags?post=13115"}],"curies":[{"name":"wp","href":"https:\/\/api.w.org\/{rel}","templated":true}]}}