{"id":13039,"date":"2021-07-07T09:47:30","date_gmt":"2021-07-07T07:47:30","guid":{"rendered":"https:\/\/exaequo-communication.fr\/?p=13039"},"modified":"2021-07-07T10:01:09","modified_gmt":"2021-07-07T08:01:09","slug":"parenthese-agents-calvados","status":"publish","type":"post","link":"https:\/\/exaequo-communication.fr\/index.php\/2021\/07\/07\/parenthese-agents-calvados\/","title":{"rendered":"Retour vers l&rsquo;Antique avec le D\u00e9partement Calvados"},"content":{"rendered":"[vc_row type=\u00a0\u00bbin_container\u00a0\u00bb full_screen_row_position=\u00a0\u00bbmiddle\u00a0\u00bb column_margin=\u00a0\u00bbdefault\u00a0\u00bb column_direction=\u00a0\u00bbdefault\u00a0\u00bb column_direction_tablet=\u00a0\u00bbdefault\u00a0\u00bb column_direction_phone=\u00a0\u00bbdefault\u00a0\u00bb scene_position=\u00a0\u00bbcenter\u00a0\u00bb top_padding=\u00a0\u00bb10&Prime; text_color=\u00a0\u00bbdark\u00a0\u00bb text_align=\u00a0\u00bbleft\u00a0\u00bb row_border_radius=\u00a0\u00bbnone\u00a0\u00bb row_border_radius_applies=\u00a0\u00bbbg\u00a0\u00bb overlay_strength=\u00a0\u00bb0.3&Prime; gradient_direction=\u00a0\u00bbleft_to_right\u00a0\u00bb shape_divider_position=\u00a0\u00bbbottom\u00a0\u00bb bg_image_animation=\u00a0\u00bbnone\u00a0\u00bb shape_type=\u00a0\u00bb\u00a0\u00bb][vc_column column_padding=\u00a0\u00bbno-extra-padding\u00a0\u00bb column_padding_tablet=\u00a0\u00bbinherit\u00a0\u00bb column_padding_phone=\u00a0\u00bbinherit\u00a0\u00bb column_padding_position=\u00a0\u00bball\u00a0\u00bb background_color_opacity=\u00a0\u00bb1&Prime; background_hover_color_opacity=\u00a0\u00bb1&Prime; column_shadow=\u00a0\u00bbnone\u00a0\u00bb column_border_radius=\u00a0\u00bbnone\u00a0\u00bb column_link_target=\u00a0\u00bb_self\u00a0\u00bb gradient_direction=\u00a0\u00bbleft_to_right\u00a0\u00bb overlay_strength=\u00a0\u00bb0.3&Prime; width=\u00a0\u00bb1\/2&Prime; tablet_width_inherit=\u00a0\u00bbdefault\u00a0\u00bb tablet_text_alignment=\u00a0\u00bbdefault\u00a0\u00bb phone_text_alignment=\u00a0\u00bbdefault\u00a0\u00bb column_border_width=\u00a0\u00bbnone\u00a0\u00bb column_border_style=\u00a0\u00bbsolid\u00a0\u00bb bg_image_animation=\u00a0\u00bbnone\u00a0\u00bb][vc_gallery type=\u00a0\u00bbflexslider_style\u00a0\u00bb images=\u00a0\u00bb13041,13044,13042,13043,13040&Prime; onclick=\u00a0\u00bblink_no\u00a0\u00bb hover_anim=\u00a0\u00bbfade-out\u00a0\u00bb][\/vc_column][vc_column column_padding=\u00a0\u00bbno-extra-padding\u00a0\u00bb column_padding_tablet=\u00a0\u00bbinherit\u00a0\u00bb column_padding_phone=\u00a0\u00bbinherit\u00a0\u00bb column_padding_position=\u00a0\u00bball\u00a0\u00bb background_color_opacity=\u00a0\u00bb1&Prime; background_hover_color_opacity=\u00a0\u00bb1&Prime; column_shadow=\u00a0\u00bbnone\u00a0\u00bb column_border_radius=\u00a0\u00bbnone\u00a0\u00bb column_link_target=\u00a0\u00bb_self\u00a0\u00bb gradient_direction=\u00a0\u00bbleft_to_right\u00a0\u00bb overlay_strength=\u00a0\u00bb0.3&Prime; width=\u00a0\u00bb1\/2&Prime; tablet_width_inherit=\u00a0\u00bbdefault\u00a0\u00bb tablet_text_alignment=\u00a0\u00bbdefault\u00a0\u00bb phone_text_alignment=\u00a0\u00bbdefault\u00a0\u00bb column_border_width=\u00a0\u00bbnone\u00a0\u00bb column_border_style=\u00a0\u00bbsolid\u00a0\u00bb bg_image_animation=\u00a0\u00bbnone\u00a0\u00bb][split_line_heading animation_type=\u00a0\u00bbdefault\u00a0\u00bb]\n<h3>Un retour vers l&rsquo;Antique pour les agents du D\u00e9partement du Calvados<\/h3>\n<p>Samedi 3 juillet, l&rsquo;\u00e9quipe d&rsquo;Exaequo \u00e9tait missionn\u00e9e par le <strong><a href=\"https:\/\/www.calvados.fr\/accueil.html\/\" target=\"_blank\" rel=\"noopener\">D\u00e9partement du Calvados<\/a><\/strong> pour une nouvelle \u00e9dition de la Parenth\u00e8se des Agents.[\/split_line_heading][\/vc_column][\/vc_row][vc_row type=\u00a0\u00bbin_container\u00a0\u00bb full_screen_row_position=\u00a0\u00bbmiddle\u00a0\u00bb column_margin=\u00a0\u00bbdefault\u00a0\u00bb column_direction=\u00a0\u00bbdefault\u00a0\u00bb column_direction_tablet=\u00a0\u00bbdefault\u00a0\u00bb column_direction_phone=\u00a0\u00bbdefault\u00a0\u00bb scene_position=\u00a0\u00bbcenter\u00a0\u00bb text_color=\u00a0\u00bbdark\u00a0\u00bb text_align=\u00a0\u00bbleft\u00a0\u00bb row_border_radius=\u00a0\u00bbnone\u00a0\u00bb row_border_radius_applies=\u00a0\u00bbbg\u00a0\u00bb overlay_strength=\u00a0\u00bb0.3&Prime; gradient_direction=\u00a0\u00bbleft_to_right\u00a0\u00bb shape_divider_position=\u00a0\u00bbbottom\u00a0\u00bb bg_image_animation=\u00a0\u00bbnone\u00a0\u00bb][vc_column column_padding=\u00a0\u00bbno-extra-padding\u00a0\u00bb column_padding_tablet=\u00a0\u00bbinherit\u00a0\u00bb column_padding_phone=\u00a0\u00bbinherit\u00a0\u00bb column_padding_position=\u00a0\u00bball\u00a0\u00bb background_color_opacity=\u00a0\u00bb1&Prime; background_hover_color_opacity=\u00a0\u00bb1&Prime; column_shadow=\u00a0\u00bbnone\u00a0\u00bb column_border_radius=\u00a0\u00bbnone\u00a0\u00bb column_link_target=\u00a0\u00bb_self\u00a0\u00bb gradient_direction=\u00a0\u00bbleft_to_right\u00a0\u00bb overlay_strength=\u00a0\u00bb0.3&Prime; width=\u00a0\u00bb1\/1&Prime; tablet_width_inherit=\u00a0\u00bbdefault\u00a0\u00bb tablet_text_alignment=\u00a0\u00bbdefault\u00a0\u00bb phone_text_alignment=\u00a0\u00bbdefault\u00a0\u00bb column_border_width=\u00a0\u00bbnone\u00a0\u00bb column_border_style=\u00a0\u00bbsolid\u00a0\u00bb bg_image_animation=\u00a0\u00bbnone\u00a0\u00bb][vc_column_text]Cette ann\u00e9e encore, Exaequo \u00e9tait en charge de l&rsquo;organisation de la journ\u00e9e Team-Building annuelle des agents du D\u00e9partement du Calvados.<\/p>\n<h3>LE BRIEF :<\/h3>\n<div class=\"col span_12 dark left\">\n<div class=\"vc_col-sm-12 wpb_column column_container vc_column_container col no-extra-padding instance-2\" data-t-w-inherits=\"default\" data-border-radius=\"none\" data-shadow=\"none\" data-border-animation=\"\" data-border-animation-delay=\"\" data-border-width=\"none\" data-border-style=\"solid\" data-border-color=\"\" data-bg-cover=\"\" data-padding-pos=\"all\" data-has-bg-color=\"false\" data-bg-color=\"\" data-bg-opacity=\"1\" data-hover-bg=\"\" data-hover-bg-opacity=\"1\" data-animation=\"\" data-delay=\"0\">\n<div class=\"vc_column-inner\">\n<div class=\"wpb_wrapper\">\n<div class=\"wpb_text_column wpb_content_element \">\n<div class=\"wpb_wrapper\">\n<ul>\n<li>Proposer une animation ludique et accessible \u00e0 tous avec des activit\u00e9s innovantes.<\/li>\n<li>Organiser des challenges par \u00e9quipe permettant aux agents d&rsquo;\u00e9changer.<\/li>\n<li>Th\u00e9matiser l&rsquo;animation pour avoir un fil conducteur.<\/li>\n<\/ul>\n<h3>LA R\u00c9PONSE D\u2019EXAEQUO :<\/h3>\n<p>Suite \u00e0 la r\u00e9ussite des \u00e9ditions pr\u00e9c\u00e9dentes, nous avons souhait\u00e9 garder le m\u00eame format que les \u00e9ditions pr\u00e9c\u00e9dentes avec des animations en \u00e9quipe et des d\u00e9guisements respectant une th\u00e9matique pr\u00e9cise. Cette ann\u00e9e, le th\u00e8me \u00e9tait \u00ab\u00a0Retour vers l&rsquo;Antique\u00a0\u00bb, un th\u00e8me cher au D\u00e9partement du Calvados avec notamment le mus\u00e9e de Vieux-La-Romaine. Une th\u00e9matique inspirante permettant de proposer des animations innovantes et ludiques.<\/p>\n<p>C&rsquo;est donc au Ch\u00e2teau de B\u00e9nouville que les agents ont pu d\u00e9couvrir les 4 ateliers qui les attendaient avant la grande finale. Un <strong>m\u00e9lange de patience, de pr\u00e9cision et de rapidit\u00e9<\/strong> \u00e9tait au rendez-vous pour d\u00e9fier les escapes game, la recomposition de c\u00e9ramique ou encore la construction de son char.<\/p>\n<p>Epreuve finale de la matin\u00e9e, <strong>les agents ont pu s&rsquo;affronter sur une course en relais \u00e0 bord de leurs chars, construits plus t\u00f4t.<\/strong> Ils ont alors pu tester la solidit\u00e9 et la fiabilit\u00e9 de leurs cr\u00e9ations lors d&rsquo;une \u00e9preuve sous le signe du rire et de la strat\u00e9gie.<\/p>\n<p>L&rsquo;\u00e9quipe Exaequo <strong>s&rsquo;engage fortement pour organiser des animations team-building dans le respect strict des protocoles sanitaires et des gestes barri\u00e8res<\/strong>. En lien avec le client, nous avons su adapter notre animation pour la proposer dans le respect des mesures sanitaires : distanciation sociale, mise en place de gel hydroalcooliques, port du masque sur les activit\u00e9s.<\/p>\n<h3>LE BILAN :<\/h3>\n<p>Plus de 120 agents \u00e9taient pr\u00e9sents et r\u00e9partis en 19 \u00e9quipes diff\u00e9rentes tout au long de la matin\u00e9e. <strong>Un moment qui a r\u00e9ellement permis aux agents de se retrouver autour d&rsquo;une animation mettant \u00e0 l&rsquo;honneur les comp\u00e9tences des services de la culture.<\/strong><\/p>\n<\/div>\n<\/div>\n<\/div>\n<\/div>\n<\/div>\n<\/div>\n<p>Pour en savoir plus sur le D\u00e9partement du Calvados, <strong><a href=\"https:\/\/www.calvados.fr\/accueil.html\/\" target=\"_blank\" rel=\"noopener noreferrer\">cliquez ici<\/a><\/strong>.<\/p>\n<p>Pour d\u00e9couvrir nos team buildings : <strong><a href=\"https:\/\/exaequo-communication.fr\/index.php\/teambuilding-portfolio\/\" target=\"_blank\" rel=\"noopener\">cliquez ici<\/a><\/strong>.[\/vc_column_text][\/vc_column][\/vc_row]\n","protected":false},"excerpt":{"rendered":"<p>L&rsquo;\u00e9quipe Exaequo \u00e9tait missionn\u00e9e par le D\u00e9partement du Calvados pour la nouvelle \u00e9dition de la \u00ab\u00a0Parenth\u00e8se des Agents\u00a0\u00bb.<\/p>\n","protected":false},"author":9,"featured_media":13042,"comment_status":"closed","ping_status":"closed","sticky":false,"template":"","format":"standard","meta":{"footnotes":""},"categories":[1,178],"tags":[],"class_list":{"0":"post-13039","1":"post","2":"type-post","3":"status-publish","4":"format-standard","5":"has-post-thumbnail","7":"category-actualites","8":"category-team-building"},"yoast_head":"<!-- This site is optimized with the Yoast SEO plugin v27.0 - https:\/\/yoast.com\/product\/yoast-seo-wordpress\/ -->\n<title>Retour vers l&#039;Antique avec les agents du D\u00e9partement Calvados - Exaequo<\/title>\n<meta name=\"description\" content=\"L&#039;\u00e9quipe Exaequo \u00e9tait missionn\u00e9e par le D\u00e9partement du Calvados pour l&#039;organisation de la nouvelle \u00e9dition de la &quot;Parenth\u00e8se des Agents&quot;.\" \/>\n<meta name=\"robots\" content=\"index, follow, max-snippet:-1, max-image-preview:large, max-video-preview:-1\" \/>\n<link rel=\"canonical\" href=\"https:\/\/exaequo-communication.fr\/index.php\/2021\/07\/07\/parenthese-agents-calvados\/\" \/>\n<meta property=\"og:locale\" content=\"fr_FR\" \/>\n<meta property=\"og:type\" content=\"article\" \/>\n<meta property=\"og:title\" content=\"Retour vers l&#039;Antique pour le D\u00e9partement Calvados\" \/>\n<meta property=\"og:description\" content=\"L&#039;\u00e9quipe Exaequo \u00e9tait missionn\u00e9e par le D\u00e9partement du Calvados pour la nouvelle \u00e9dition de la &quot;Parenth\u00e8se des Agents&quot;.\" \/>\n<meta property=\"og:url\" content=\"https:\/\/exaequo-communication.fr\/index.php\/2021\/07\/07\/parenthese-agents-calvados\/\" \/>\n<meta property=\"og:site_name\" content=\"Exaequo communication\" \/>\n<meta property=\"article:published_time\" content=\"2021-07-07T07:47:30+00:00\" \/>\n<meta property=\"article:modified_time\" content=\"2021-07-07T08:01:09+00:00\" \/>\n<meta property=\"og:image\" content=\"https:\/\/exaequo-communication.fr\/wp-content\/uploads\/2021\/07\/CD14-Parenthese-des-Agents-2021-course-relai-char.jpg\" \/>\n\t<meta property=\"og:image:width\" content=\"1280\" \/>\n\t<meta property=\"og:image:height\" content=\"853\" \/>\n\t<meta property=\"og:image:type\" content=\"image\/jpeg\" \/>\n<meta name=\"author\" content=\"Louise\" \/>\n<meta name=\"twitter:card\" content=\"summary_large_image\" \/>\n<meta name=\"twitter:title\" content=\"Retour vers l&#039;Antique pour le D\u00e9partement Calvados\" \/>\n<meta name=\"twitter:description\" content=\"L&#039;\u00e9quipe Exaequo \u00e9tait missionn\u00e9e par le D\u00e9partement du Calvados pour la nouvelle \u00e9dition de la &quot;Parenth\u00e8se des Agents&quot;.\" \/>\n<meta name=\"twitter:image\" content=\"https:\/\/exaequo-communication.fr\/wp-content\/uploads\/2021\/07\/CD14-Parenthese-des-Agents-2021-course-relai-char.jpg\" \/>\n<meta name=\"twitter:label1\" content=\"\u00c9crit par\" \/>\n\t<meta name=\"twitter:data1\" content=\"Louise\" \/>\n\t<meta name=\"twitter:label2\" content=\"Dur\u00e9e de lecture estim\u00e9e\" \/>\n\t<meta name=\"twitter:data2\" content=\"2 minutes\" \/>\n<script type=\"application\/ld+json\" class=\"yoast-schema-graph\">{\"@context\":\"https:\/\/schema.org\",\"@graph\":[{\"@type\":\"Article\",\"@id\":\"https:\/\/exaequo-communication.fr\/index.php\/2021\/07\/07\/parenthese-agents-calvados\/#article\",\"isPartOf\":{\"@id\":\"https:\/\/exaequo-communication.fr\/index.php\/2021\/07\/07\/parenthese-agents-calvados\/\"},\"author\":{\"name\":\"Louise\",\"@id\":\"https:\/\/exaequo-communication.fr\/#\/schema\/person\/0ff3d297bda23ca1cd161c11c3217513\"},\"headline\":\"Retour vers l&rsquo;Antique avec le D\u00e9partement Calvados\",\"datePublished\":\"2021-07-07T07:47:30+00:00\",\"dateModified\":\"2021-07-07T08:01:09+00:00\",\"mainEntityOfPage\":{\"@id\":\"https:\/\/exaequo-communication.fr\/index.php\/2021\/07\/07\/parenthese-agents-calvados\/\"},\"wordCount\":779,\"image\":{\"@id\":\"https:\/\/exaequo-communication.fr\/index.php\/2021\/07\/07\/parenthese-agents-calvados\/#primaryimage\"},\"thumbnailUrl\":\"https:\/\/exaequo-communication.fr\/wp-content\/uploads\/2021\/07\/CD14-Parenthese-des-Agents-2021-histoire.jpg\",\"articleSection\":[\"Actualit\u00e9s\",\"Team Building\"],\"inLanguage\":\"fr-FR\"},{\"@type\":\"WebPage\",\"@id\":\"https:\/\/exaequo-communication.fr\/index.php\/2021\/07\/07\/parenthese-agents-calvados\/\",\"url\":\"https:\/\/exaequo-communication.fr\/index.php\/2021\/07\/07\/parenthese-agents-calvados\/\",\"name\":\"Retour vers l'Antique avec les agents du D\u00e9partement Calvados - Exaequo\",\"isPartOf\":{\"@id\":\"https:\/\/exaequo-communication.fr\/#website\"},\"primaryImageOfPage\":{\"@id\":\"https:\/\/exaequo-communication.fr\/index.php\/2021\/07\/07\/parenthese-agents-calvados\/#primaryimage\"},\"image\":{\"@id\":\"https:\/\/exaequo-communication.fr\/index.php\/2021\/07\/07\/parenthese-agents-calvados\/#primaryimage\"},\"thumbnailUrl\":\"https:\/\/exaequo-communication.fr\/wp-content\/uploads\/2021\/07\/CD14-Parenthese-des-Agents-2021-histoire.jpg\",\"datePublished\":\"2021-07-07T07:47:30+00:00\",\"dateModified\":\"2021-07-07T08:01:09+00:00\",\"author\":{\"@id\":\"https:\/\/exaequo-communication.fr\/#\/schema\/person\/0ff3d297bda23ca1cd161c11c3217513\"},\"description\":\"L'\u00e9quipe Exaequo \u00e9tait missionn\u00e9e par le D\u00e9partement du Calvados pour l'organisation de la nouvelle \u00e9dition de la \\\"Parenth\u00e8se des Agents\\\".\",\"breadcrumb\":{\"@id\":\"https:\/\/exaequo-communication.fr\/index.php\/2021\/07\/07\/parenthese-agents-calvados\/#breadcrumb\"},\"inLanguage\":\"fr-FR\",\"potentialAction\":[{\"@type\":\"ReadAction\",\"target\":[\"https:\/\/exaequo-communication.fr\/index.php\/2021\/07\/07\/parenthese-agents-calvados\/\"]}]},{\"@type\":\"ImageObject\",\"inLanguage\":\"fr-FR\",\"@id\":\"https:\/\/exaequo-communication.fr\/index.php\/2021\/07\/07\/parenthese-agents-calvados\/#primaryimage\",\"url\":\"https:\/\/exaequo-communication.fr\/wp-content\/uploads\/2021\/07\/CD14-Parenthese-des-Agents-2021-histoire.jpg\",\"contentUrl\":\"https:\/\/exaequo-communication.fr\/wp-content\/uploads\/2021\/07\/CD14-Parenthese-des-Agents-2021-histoire.jpg\",\"width\":1280,\"height\":853,\"caption\":\"Parenth\u00e8se 2021 D\u00e9partement du Calvados histoire incentive\"},{\"@type\":\"BreadcrumbList\",\"@id\":\"https:\/\/exaequo-communication.fr\/index.php\/2021\/07\/07\/parenthese-agents-calvados\/#breadcrumb\",\"itemListElement\":[{\"@type\":\"ListItem\",\"position\":1,\"name\":\"Accueil\",\"item\":\"https:\/\/exaequo-communication.fr\/\"},{\"@type\":\"ListItem\",\"position\":2,\"name\":\"Retour vers l&rsquo;Antique avec le D\u00e9partement Calvados\"}]},{\"@type\":\"WebSite\",\"@id\":\"https:\/\/exaequo-communication.fr\/#website\",\"url\":\"https:\/\/exaequo-communication.fr\/\",\"name\":\"Exaequo communication\",\"description\":\"\",\"potentialAction\":[{\"@type\":\"SearchAction\",\"target\":{\"@type\":\"EntryPoint\",\"urlTemplate\":\"https:\/\/exaequo-communication.fr\/?s={search_term_string}\"},\"query-input\":{\"@type\":\"PropertyValueSpecification\",\"valueRequired\":true,\"valueName\":\"search_term_string\"}}],\"inLanguage\":\"fr-FR\"},{\"@type\":\"Person\",\"@id\":\"https:\/\/exaequo-communication.fr\/#\/schema\/person\/0ff3d297bda23ca1cd161c11c3217513\",\"name\":\"Louise\",\"image\":{\"@type\":\"ImageObject\",\"inLanguage\":\"fr-FR\",\"@id\":\"https:\/\/exaequo-communication.fr\/#\/schema\/person\/image\/\",\"url\":\"https:\/\/secure.gravatar.com\/avatar\/c5e8367f32ffeff4cdf4e055d9e95263b7d031a01e929b3116e2b0d996065f4c?s=96&d=mm&r=g\",\"contentUrl\":\"https:\/\/secure.gravatar.com\/avatar\/c5e8367f32ffeff4cdf4e055d9e95263b7d031a01e929b3116e2b0d996065f4c?s=96&d=mm&r=g\",\"caption\":\"Louise\"},\"url\":\"https:\/\/exaequo-communication.fr\/index.php\/author\/louise\/\"}]}<\/script>\n<!-- \/ Yoast SEO plugin. -->","yoast_head_json":{"title":"Retour vers l'Antique avec les agents du D\u00e9partement Calvados - Exaequo","description":"L'\u00e9quipe Exaequo \u00e9tait missionn\u00e9e par le D\u00e9partement du Calvados pour l'organisation de la nouvelle \u00e9dition de la \"Parenth\u00e8se des Agents\".","robots":{"index":"index","follow":"follow","max-snippet":"max-snippet:-1","max-image-preview":"max-image-preview:large","max-video-preview":"max-video-preview:-1"},"canonical":"https:\/\/exaequo-communication.fr\/index.php\/2021\/07\/07\/parenthese-agents-calvados\/","og_locale":"fr_FR","og_type":"article","og_title":"Retour vers l'Antique pour le D\u00e9partement Calvados","og_description":"L'\u00e9quipe Exaequo \u00e9tait missionn\u00e9e par le D\u00e9partement du Calvados pour la nouvelle \u00e9dition de la \"Parenth\u00e8se des Agents\".","og_url":"https:\/\/exaequo-communication.fr\/index.php\/2021\/07\/07\/parenthese-agents-calvados\/","og_site_name":"Exaequo communication","article_published_time":"2021-07-07T07:47:30+00:00","article_modified_time":"2021-07-07T08:01:09+00:00","og_image":[{"width":1280,"height":853,"url":"https:\/\/exaequo-communication.fr\/wp-content\/uploads\/2021\/07\/CD14-Parenthese-des-Agents-2021-course-relai-char.jpg","type":"image\/jpeg"}],"author":"Louise","twitter_card":"summary_large_image","twitter_title":"Retour vers l'Antique pour le D\u00e9partement Calvados","twitter_description":"L'\u00e9quipe Exaequo \u00e9tait missionn\u00e9e par le D\u00e9partement du Calvados pour la nouvelle \u00e9dition de la \"Parenth\u00e8se des Agents\".","twitter_image":"https:\/\/exaequo-communication.fr\/wp-content\/uploads\/2021\/07\/CD14-Parenthese-des-Agents-2021-course-relai-char.jpg","twitter_misc":{"\u00c9crit par":"Louise","Dur\u00e9e de lecture estim\u00e9e":"2 minutes"},"schema":{"@context":"https:\/\/schema.org","@graph":[{"@type":"Article","@id":"https:\/\/exaequo-communication.fr\/index.php\/2021\/07\/07\/parenthese-agents-calvados\/#article","isPartOf":{"@id":"https:\/\/exaequo-communication.fr\/index.php\/2021\/07\/07\/parenthese-agents-calvados\/"},"author":{"name":"Louise","@id":"https:\/\/exaequo-communication.fr\/#\/schema\/person\/0ff3d297bda23ca1cd161c11c3217513"},"headline":"Retour vers l&rsquo;Antique avec le D\u00e9partement Calvados","datePublished":"2021-07-07T07:47:30+00:00","dateModified":"2021-07-07T08:01:09+00:00","mainEntityOfPage":{"@id":"https:\/\/exaequo-communication.fr\/index.php\/2021\/07\/07\/parenthese-agents-calvados\/"},"wordCount":779,"image":{"@id":"https:\/\/exaequo-communication.fr\/index.php\/2021\/07\/07\/parenthese-agents-calvados\/#primaryimage"},"thumbnailUrl":"https:\/\/exaequo-communication.fr\/wp-content\/uploads\/2021\/07\/CD14-Parenthese-des-Agents-2021-histoire.jpg","articleSection":["Actualit\u00e9s","Team Building"],"inLanguage":"fr-FR"},{"@type":"WebPage","@id":"https:\/\/exaequo-communication.fr\/index.php\/2021\/07\/07\/parenthese-agents-calvados\/","url":"https:\/\/exaequo-communication.fr\/index.php\/2021\/07\/07\/parenthese-agents-calvados\/","name":"Retour vers l'Antique avec les agents du D\u00e9partement Calvados - Exaequo","isPartOf":{"@id":"https:\/\/exaequo-communication.fr\/#website"},"primaryImageOfPage":{"@id":"https:\/\/exaequo-communication.fr\/index.php\/2021\/07\/07\/parenthese-agents-calvados\/#primaryimage"},"image":{"@id":"https:\/\/exaequo-communication.fr\/index.php\/2021\/07\/07\/parenthese-agents-calvados\/#primaryimage"},"thumbnailUrl":"https:\/\/exaequo-communication.fr\/wp-content\/uploads\/2021\/07\/CD14-Parenthese-des-Agents-2021-histoire.jpg","datePublished":"2021-07-07T07:47:30+00:00","dateModified":"2021-07-07T08:01:09+00:00","author":{"@id":"https:\/\/exaequo-communication.fr\/#\/schema\/person\/0ff3d297bda23ca1cd161c11c3217513"},"description":"L'\u00e9quipe Exaequo \u00e9tait missionn\u00e9e par le D\u00e9partement du Calvados pour l'organisation de la nouvelle \u00e9dition de la \"Parenth\u00e8se des Agents\".","breadcrumb":{"@id":"https:\/\/exaequo-communication.fr\/index.php\/2021\/07\/07\/parenthese-agents-calvados\/#breadcrumb"},"inLanguage":"fr-FR","potentialAction":[{"@type":"ReadAction","target":["https:\/\/exaequo-communication.fr\/index.php\/2021\/07\/07\/parenthese-agents-calvados\/"]}]},{"@type":"ImageObject","inLanguage":"fr-FR","@id":"https:\/\/exaequo-communication.fr\/index.php\/2021\/07\/07\/parenthese-agents-calvados\/#primaryimage","url":"https:\/\/exaequo-communication.fr\/wp-content\/uploads\/2021\/07\/CD14-Parenthese-des-Agents-2021-histoire.jpg","contentUrl":"https:\/\/exaequo-communication.fr\/wp-content\/uploads\/2021\/07\/CD14-Parenthese-des-Agents-2021-histoire.jpg","width":1280,"height":853,"caption":"Parenth\u00e8se 2021 D\u00e9partement du Calvados histoire incentive"},{"@type":"BreadcrumbList","@id":"https:\/\/exaequo-communication.fr\/index.php\/2021\/07\/07\/parenthese-agents-calvados\/#breadcrumb","itemListElement":[{"@type":"ListItem","position":1,"name":"Accueil","item":"https:\/\/exaequo-communication.fr\/"},{"@type":"ListItem","position":2,"name":"Retour vers l&rsquo;Antique avec le D\u00e9partement Calvados"}]},{"@type":"WebSite","@id":"https:\/\/exaequo-communication.fr\/#website","url":"https:\/\/exaequo-communication.fr\/","name":"Exaequo communication","description":"","potentialAction":[{"@type":"SearchAction","target":{"@type":"EntryPoint","urlTemplate":"https:\/\/exaequo-communication.fr\/?s={search_term_string}"},"query-input":{"@type":"PropertyValueSpecification","valueRequired":true,"valueName":"search_term_string"}}],"inLanguage":"fr-FR"},{"@type":"Person","@id":"https:\/\/exaequo-communication.fr\/#\/schema\/person\/0ff3d297bda23ca1cd161c11c3217513","name":"Louise","image":{"@type":"ImageObject","inLanguage":"fr-FR","@id":"https:\/\/exaequo-communication.fr\/#\/schema\/person\/image\/","url":"https:\/\/secure.gravatar.com\/avatar\/c5e8367f32ffeff4cdf4e055d9e95263b7d031a01e929b3116e2b0d996065f4c?s=96&d=mm&r=g","contentUrl":"https:\/\/secure.gravatar.com\/avatar\/c5e8367f32ffeff4cdf4e055d9e95263b7d031a01e929b3116e2b0d996065f4c?s=96&d=mm&r=g","caption":"Louise"},"url":"https:\/\/exaequo-communication.fr\/index.php\/author\/louise\/"}]}},"_links":{"self":[{"href":"https:\/\/exaequo-communication.fr\/index.php\/wp-json\/wp\/v2\/posts\/13039","targetHints":{"allow":["GET"]}}],"collection":[{"href":"https:\/\/exaequo-communication.fr\/index.php\/wp-json\/wp\/v2\/posts"}],"about":[{"href":"https:\/\/exaequo-communication.fr\/index.php\/wp-json\/wp\/v2\/types\/post"}],"author":[{"embeddable":true,"href":"https:\/\/exaequo-communication.fr\/index.php\/wp-json\/wp\/v2\/users\/9"}],"replies":[{"embeddable":true,"href":"https:\/\/exaequo-communication.fr\/index.php\/wp-json\/wp\/v2\/comments?post=13039"}],"version-history":[{"count":0,"href":"https:\/\/exaequo-communication.fr\/index.php\/wp-json\/wp\/v2\/posts\/13039\/revisions"}],"wp:featuredmedia":[{"embeddable":true,"href":"https:\/\/exaequo-communication.fr\/index.php\/wp-json\/wp\/v2\/media\/13042"}],"wp:attachment":[{"href":"https:\/\/exaequo-communication.fr\/index.php\/wp-json\/wp\/v2\/media?parent=13039"}],"wp:term":[{"taxonomy":"category","embeddable":true,"href":"https:\/\/exaequo-communication.fr\/index.php\/wp-json\/wp\/v2\/categories?post=13039"},{"taxonomy":"post_tag","embeddable":true,"href":"https:\/\/exaequo-communication.fr\/index.php\/wp-json\/wp\/v2\/tags?post=13039"}],"curies":[{"name":"wp","href":"https:\/\/api.w.org\/{rel}","templated":true}]}}