{"id":12729,"date":"2021-03-16T11:35:52","date_gmt":"2021-03-16T10:35:52","guid":{"rendered":"https:\/\/exaequo-communication.fr\/?p=12729"},"modified":"2021-10-29T14:00:54","modified_gmt":"2021-10-29T12:00:54","slug":"equipe-louis","status":"publish","type":"post","link":"https:\/\/exaequo-communication.fr\/index.php\/2021\/03\/16\/equipe-louis\/","title":{"rendered":"Louis, le ma\u00eetre des parcours !"},"content":{"rendered":"[vc_row type=\u00a0\u00bbin_container\u00a0\u00bb full_screen_row_position=\u00a0\u00bbmiddle\u00a0\u00bb column_margin=\u00a0\u00bbdefault\u00a0\u00bb column_direction=\u00a0\u00bbdefault\u00a0\u00bb column_direction_tablet=\u00a0\u00bbdefault\u00a0\u00bb column_direction_phone=\u00a0\u00bbdefault\u00a0\u00bb scene_position=\u00a0\u00bbcenter\u00a0\u00bb top_padding=\u00a0\u00bb10&Prime; text_color=\u00a0\u00bbdark\u00a0\u00bb text_align=\u00a0\u00bbleft\u00a0\u00bb row_border_radius=\u00a0\u00bbnone\u00a0\u00bb row_border_radius_applies=\u00a0\u00bbbg\u00a0\u00bb overlay_strength=\u00a0\u00bb0.3&Prime; gradient_direction=\u00a0\u00bbleft_to_right\u00a0\u00bb shape_divider_position=\u00a0\u00bbbottom\u00a0\u00bb bg_image_animation=\u00a0\u00bbnone\u00a0\u00bb shape_type=\u00a0\u00bb\u00a0\u00bb][vc_column column_padding=\u00a0\u00bbno-extra-padding\u00a0\u00bb column_padding_tablet=\u00a0\u00bbinherit\u00a0\u00bb column_padding_phone=\u00a0\u00bbinherit\u00a0\u00bb column_padding_position=\u00a0\u00bball\u00a0\u00bb background_color_opacity=\u00a0\u00bb1&Prime; background_hover_color_opacity=\u00a0\u00bb1&Prime; column_shadow=\u00a0\u00bbnone\u00a0\u00bb column_border_radius=\u00a0\u00bbnone\u00a0\u00bb column_link_target=\u00a0\u00bb_self\u00a0\u00bb gradient_direction=\u00a0\u00bbleft_to_right\u00a0\u00bb overlay_strength=\u00a0\u00bb0.3&Prime; width=\u00a0\u00bb1\/2&Prime; tablet_width_inherit=\u00a0\u00bbdefault\u00a0\u00bb tablet_text_alignment=\u00a0\u00bbdefault\u00a0\u00bb phone_text_alignment=\u00a0\u00bbdefault\u00a0\u00bb column_border_width=\u00a0\u00bbnone\u00a0\u00bb column_border_style=\u00a0\u00bbsolid\u00a0\u00bb bg_image_animation=\u00a0\u00bbnone\u00a0\u00bb][image_with_animation image_url=\u00a0\u00bb12732&Prime; animation=\u00a0\u00bbFade In\u00a0\u00bb hover_animation=\u00a0\u00bbnone\u00a0\u00bb alignment=\u00a0\u00bb\u00a0\u00bb border_radius=\u00a0\u00bbnone\u00a0\u00bb box_shadow=\u00a0\u00bbnone\u00a0\u00bb image_loading=\u00a0\u00bbdefault\u00a0\u00bb max_width=\u00a0\u00bb100%\u00a0\u00bb max_width_mobile=\u00a0\u00bbdefault\u00a0\u00bb][\/vc_column][vc_column column_padding=\u00a0\u00bbno-extra-padding\u00a0\u00bb column_padding_tablet=\u00a0\u00bbinherit\u00a0\u00bb column_padding_phone=\u00a0\u00bbinherit\u00a0\u00bb column_padding_position=\u00a0\u00bball\u00a0\u00bb background_color_opacity=\u00a0\u00bb1&Prime; background_hover_color_opacity=\u00a0\u00bb1&Prime; column_shadow=\u00a0\u00bbnone\u00a0\u00bb column_border_radius=\u00a0\u00bbnone\u00a0\u00bb column_link_target=\u00a0\u00bb_self\u00a0\u00bb gradient_direction=\u00a0\u00bbleft_to_right\u00a0\u00bb overlay_strength=\u00a0\u00bb0.3&Prime; width=\u00a0\u00bb1\/2&Prime; tablet_width_inherit=\u00a0\u00bbdefault\u00a0\u00bb tablet_text_alignment=\u00a0\u00bbdefault\u00a0\u00bb phone_text_alignment=\u00a0\u00bbdefault\u00a0\u00bb column_border_width=\u00a0\u00bbnone\u00a0\u00bb column_border_style=\u00a0\u00bbsolid\u00a0\u00bb bg_image_animation=\u00a0\u00bbnone\u00a0\u00bb][split_line_heading animation_type=\u00a0\u00bbdefault\u00a0\u00bb]\n<h3>Louis, le ma\u00eetre des parcours !<\/h3>\n<p>Ayant fait ses preuves lors de son stage au sein de l\u2019agence il y a quelques ann\u00e9es, Louis a rejoint l\u2019\u00e9quipe d\u2019Exaequo depuis quelques semaines maintenant. Son exp\u00e9rience en tant que sportif apporte un v\u00e9ritable atout \u00e0 l&rsquo;agence dans la conception des parcours de nos \u00e9v\u00e9nements.[\/split_line_heading][\/vc_column][\/vc_row][vc_row type=\u00a0\u00bbin_container\u00a0\u00bb full_screen_row_position=\u00a0\u00bbmiddle\u00a0\u00bb column_margin=\u00a0\u00bbdefault\u00a0\u00bb column_direction=\u00a0\u00bbdefault\u00a0\u00bb column_direction_tablet=\u00a0\u00bbdefault\u00a0\u00bb column_direction_phone=\u00a0\u00bbdefault\u00a0\u00bb scene_position=\u00a0\u00bbcenter\u00a0\u00bb text_color=\u00a0\u00bbdark\u00a0\u00bb text_align=\u00a0\u00bbleft\u00a0\u00bb row_border_radius=\u00a0\u00bbnone\u00a0\u00bb row_border_radius_applies=\u00a0\u00bbbg\u00a0\u00bb overlay_strength=\u00a0\u00bb0.3&Prime; gradient_direction=\u00a0\u00bbleft_to_right\u00a0\u00bb shape_divider_position=\u00a0\u00bbbottom\u00a0\u00bb bg_image_animation=\u00a0\u00bbnone\u00a0\u00bb][vc_column column_padding=\u00a0\u00bbno-extra-padding\u00a0\u00bb column_padding_tablet=\u00a0\u00bbinherit\u00a0\u00bb column_padding_phone=\u00a0\u00bbinherit\u00a0\u00bb column_padding_position=\u00a0\u00bball\u00a0\u00bb background_color_opacity=\u00a0\u00bb1&Prime; background_hover_color_opacity=\u00a0\u00bb1&Prime; column_shadow=\u00a0\u00bbnone\u00a0\u00bb column_border_radius=\u00a0\u00bbnone\u00a0\u00bb column_link_target=\u00a0\u00bb_self\u00a0\u00bb gradient_direction=\u00a0\u00bbleft_to_right\u00a0\u00bb overlay_strength=\u00a0\u00bb0.3&Prime; width=\u00a0\u00bb1\/1&Prime; tablet_width_inherit=\u00a0\u00bbdefault\u00a0\u00bb tablet_text_alignment=\u00a0\u00bbdefault\u00a0\u00bb phone_text_alignment=\u00a0\u00bbdefault\u00a0\u00bb column_border_width=\u00a0\u00bbnone\u00a0\u00bb column_border_style=\u00a0\u00bbsolid\u00a0\u00bb bg_image_animation=\u00a0\u00bbnone\u00a0\u00bb][vc_column_text]\n<h3><span style=\"font-size: 14pt;\">La Xteam se renforce par l&rsquo;arriv\u00e9e de Louis<\/span><\/h3>\n<p>Nouvelle ann\u00e9e, nouvelle t\u00eate, nous renfor\u00e7ons l\u2019\u00e9quipe avec Louis qui occupe le poste de directeur sportif de nos \u00e9v\u00e9nements depuis le d\u00e9but de l&rsquo;ann\u00e9e. Il s\u2019occupe entre autres d&rsquo;\u00e9tudier et de pr\u00e9parer de magnifiques parcours lors du Triathlon International de Deauville.<\/p>\n<p>Pour que vous puissiez en apprendre un peu plus sur Louis, nous lui avons pos\u00e9 quelques questions.<\/p>\n<h3><span style=\"font-size: 14pt;\">En quelques mots, parles-nous de toi ?<\/span><\/h3>\n<p>Hola les sportaddictes,<\/p>\n<p>Je fais vite : j\u2019ai 27 ans, natif de la r\u00e9gion caennaise et amoureux de sport depuis toujours. Apr\u00e8s avoir particip\u00e9 durant des ann\u00e9es \u00e0 des \u00e9v\u00e9nements en tant que sportif de haut-niveau, notamment en cano\u00eb-kayak slalom, j\u2019ai eu \u00e0 c\u0153ur de passer de l\u2019autre c\u00f4t\u00e9 et d\u2019organiser des \u00e9v\u00e9nements pour promouvoir le sport aupr\u00e8s de tous et satisfaire des milliers de sportifs.<\/p>\n<p>Pour faire moins solennel, je suis \u00ab poivre et sel \u00bb, j\u2019ai pris go\u00fbt au voyage \u00e0 l\u2019autre bout du monde, j\u2019\u00e9coute tout style de musique et il m\u2019arrive de danser, surtout quand on me met un petit rock en soir\u00e9e\u2026<\/p>\n<p>Allez, au plaisir de nous croiser.<\/p>\n<h3><span style=\"font-size: 14pt;\">Quel est \u2026<\/span><\/h3>\n<p><b>\u2026<\/b><strong>\u00a0ton indispensable au travail ? <\/strong>Toujours me lever du bon pied et suivre mon leitmotiv au quotidien\u00a0: TEAM SPIRIT, KEEP SMILING AND NEVER GIVE UP\u00a0!<\/p>\n<p><strong>&#8230; l\u2019\u00e9v\u00e9nement sportif auquel tu aimerais participer ? <\/strong>J\u2019ai toujours r\u00eav\u00e9 de participer un jour au Jeux Olympiques mais je crois que ce temps est r\u00e9volu\u2026 Et pour le coup, j\u2019ai h\u00e2te que les JO 2024 pointent le bout de leur nez pour vivre un tel \u00e9v\u00e9nement plan\u00e9taire dans notre pays. Pour rester objectif, je r\u00eave de bient\u00f4t prendre le d\u00e9part d\u2019un marathon : un effort iconique pour tout sportif.<\/p>\n<p><strong>&#8230; ta partie pr\u00e9f\u00e9r\u00e9e dans un \u00e9v\u00e9nement ?\u00a0<\/strong>Quand le travail r\u00e9alis\u00e9 depuis des mois se retranscrit \u00e0 travers des milliers de sourires (m\u00eame masqu\u00e9s).<\/p>\n<p><strong>&#8230; ton sport favori ?\u00a0<\/strong>Le curling ! Et oui j\u2019ai eu la chance de m&rsquo;y essayer pendant mon voyage en Nouvelle-Z\u00e9lande, et contrairement \u00e0 ce que l\u2019on pense, c\u2019est physique et extr\u00eamement captivant\u2026 s\u00e9rieux ? [rires]. Mais en r\u00e9alit\u00e9, je suis team WATER SPORT : une rivi\u00e8re, une belle vague, \u00ab des rouleaux \u00bb, un cano\u00eb, une pagaie\u2026 et je suis combl\u00e9.<\/p>\n<p><strong>&#8230; ton film number one ?\u00a0<\/strong>Difficile de classer tellement il y a de genres diff\u00e9rents\u2026 du coup je vous en donne trois : Gladiator, Interstellar et Forrest Gump (et oui, toujours garder une attache avec le sport\u2026)<\/p>\n<p><strong>&#8230; ta r\u00e9f\u00e9rence en sport ?\u00a0<\/strong>Mes deux r\u00e9f\u00e9rences sont incontestablement mes pyr\u00e9n\u00e9ens pr\u00e9f\u00e9r\u00e9s : Tony Estanguet et Martin Fourcade. Tous deux ont d\u00e9montr\u00e9s un talent sportif hors pair lors des plus grands rendez-vous et dans des disciplines \u00ab peu \u00bb connues du grand public. Ce sont des l\u00e9gendes qui ont marqu\u00e9 le sport fran\u00e7ais tout en gardant une grande humilit\u00e9 et un d\u00e9sir de f\u00e9d\u00e9rer et de transmettre leurs valeurs.<\/p>\n<p><strong>&#8230; la s\u00e9rie honteuse que tu adores ?\u00a0<\/strong>Honteuse\u2026 je ne sais pas, mais Peaky Blinders plut\u00f4t fan du style (mais sans clopes (rires))<\/p>\n<p><strong>&#8230; le plat que tu mangerais tout le temps ?\u00a0<\/strong>Magret de canard ros\u00e9 (cuisson importante), sauce au poivre, accompagn\u00e9 de pommes de terre rissol\u00e9es et p\u00eaches chaudes \u2026 C\u2019est un d\u00e9lice.<\/p>\n<p><strong>&#8230; ton prochain objectif sportif ?\u00a0<\/strong>Passer sous la barre des 40 minutes au 10 km.<\/p>\n<p><strong>&#8230; ton moment pr\u00e9f\u00e9r\u00e9 de la journ\u00e9e ?\u00a0<\/strong>Le petit \u00ab lunch run \u00bb entre coll\u00e8gues.<\/p>\n<p><strong>Merci Louis et bonne route pour la suite.<\/strong><\/p>\n<p>&nbsp;<\/p>\n<p>Pour en savoir plus sur la team Exaequo : <strong><a href=\"https:\/\/exaequo-communication.fr\/index.php\/agence\/\" target=\"_blank\" rel=\"noopener noreferrer\">cliquez-ici.<\/a><\/strong><\/p>\n<p>Pour en savoir plus sur notre activit\u00e9 : <strong><a href=\"https:\/\/exaequo-communication.fr\" target=\"_blank\" rel=\"noopener noreferrer\">cliquez-ici.<\/a><\/strong>[\/vc_column_text][\/vc_column][\/vc_row]\n","protected":false},"excerpt":{"rendered":"<p>La Xteam se renforce avec l&rsquo;arriv\u00e9e de Louis en janvier dernier qui occupe le poste de Directeur Sportif !<\/p>\n","protected":false},"author":9,"featured_media":12732,"comment_status":"closed","ping_status":"closed","sticky":false,"template":"","format":"standard","meta":{"footnotes":""},"categories":[1],"tags":[],"class_list":{"0":"post-12729","1":"post","2":"type-post","3":"status-publish","4":"format-standard","5":"has-post-thumbnail","7":"category-actualites"},"yoast_head":"<!-- This site is optimized with the Yoast SEO plugin v27.0 - https:\/\/yoast.com\/product\/yoast-seo-wordpress\/ -->\n<title>Louis, le ma\u00eetre des parcours ! - Exaequo Communication<\/title>\n<meta name=\"description\" content=\"La Xteam se renforce avec l&#039;arriv\u00e9e de Louis en janvier dernier qui occupe le poste de Directeur Sportif !\" \/>\n<meta name=\"robots\" content=\"index, follow, max-snippet:-1, max-image-preview:large, max-video-preview:-1\" \/>\n<link rel=\"canonical\" href=\"https:\/\/exaequo-communication.fr\/index.php\/2021\/03\/16\/equipe-louis\/\" \/>\n<meta property=\"og:locale\" content=\"fr_FR\" \/>\n<meta property=\"og:type\" content=\"article\" \/>\n<meta property=\"og:title\" content=\"Louis, le ma\u00eetre des parcours !\" \/>\n<meta property=\"og:description\" content=\"La Xteam se renforce avec l&#039;arriv\u00e9e de Louis en janvier dernier qui occupe le poste de Directeur Sportif !\" \/>\n<meta property=\"og:url\" content=\"https:\/\/exaequo-communication.fr\/index.php\/2021\/03\/16\/equipe-louis\/\" \/>\n<meta property=\"og:site_name\" content=\"Exaequo communication\" \/>\n<meta property=\"article:published_time\" content=\"2021-03-16T10:35:52+00:00\" \/>\n<meta property=\"article:modified_time\" content=\"2021-10-29T12:00:54+00:00\" \/>\n<meta property=\"og:image\" content=\"https:\/\/exaequo-communication.fr\/wp-content\/uploads\/2021\/03\/Louis-Tri.jpg.png\" \/>\n\t<meta property=\"og:image:width\" content=\"766\" \/>\n\t<meta property=\"og:image:height\" content=\"566\" \/>\n\t<meta property=\"og:image:type\" content=\"image\/png\" \/>\n<meta name=\"author\" content=\"Louise\" \/>\n<meta name=\"twitter:card\" content=\"summary_large_image\" \/>\n<meta name=\"twitter:title\" content=\"Louis, le ma\u00eetre des parcours !\" \/>\n<meta name=\"twitter:description\" content=\"La Xteam se renforce avec l&#039;arriv\u00e9e de Louis en janvier dernier qui occupe le poste de Directeur Sportif !\" \/>\n<meta name=\"twitter:image\" content=\"https:\/\/exaequo-communication.fr\/wp-content\/uploads\/2021\/03\/Louis-Tri.jpg.png\" \/>\n<meta name=\"twitter:label1\" content=\"\u00c9crit par\" \/>\n\t<meta name=\"twitter:data1\" content=\"Louise\" \/>\n\t<meta name=\"twitter:label2\" content=\"Dur\u00e9e de lecture estim\u00e9e\" \/>\n\t<meta name=\"twitter:data2\" content=\"4 minutes\" \/>\n<script type=\"application\/ld+json\" class=\"yoast-schema-graph\">{\"@context\":\"https:\/\/schema.org\",\"@graph\":[{\"@type\":\"Article\",\"@id\":\"https:\/\/exaequo-communication.fr\/index.php\/2021\/03\/16\/equipe-louis\/#article\",\"isPartOf\":{\"@id\":\"https:\/\/exaequo-communication.fr\/index.php\/2021\/03\/16\/equipe-louis\/\"},\"author\":{\"name\":\"Louise\",\"@id\":\"https:\/\/exaequo-communication.fr\/#\/schema\/person\/0ff3d297bda23ca1cd161c11c3217513\"},\"headline\":\"Louis, le ma\u00eetre des parcours !\",\"datePublished\":\"2021-03-16T10:35:52+00:00\",\"dateModified\":\"2021-10-29T12:00:54+00:00\",\"mainEntityOfPage\":{\"@id\":\"https:\/\/exaequo-communication.fr\/index.php\/2021\/03\/16\/equipe-louis\/\"},\"wordCount\":1073,\"image\":{\"@id\":\"https:\/\/exaequo-communication.fr\/index.php\/2021\/03\/16\/equipe-louis\/#primaryimage\"},\"thumbnailUrl\":\"https:\/\/exaequo-communication.fr\/wp-content\/uploads\/2021\/03\/Louis-Tri.jpg.png\",\"articleSection\":[\"Actualit\u00e9s\"],\"inLanguage\":\"fr-FR\"},{\"@type\":\"WebPage\",\"@id\":\"https:\/\/exaequo-communication.fr\/index.php\/2021\/03\/16\/equipe-louis\/\",\"url\":\"https:\/\/exaequo-communication.fr\/index.php\/2021\/03\/16\/equipe-louis\/\",\"name\":\"Louis, le ma\u00eetre des parcours ! - Exaequo Communication\",\"isPartOf\":{\"@id\":\"https:\/\/exaequo-communication.fr\/#website\"},\"primaryImageOfPage\":{\"@id\":\"https:\/\/exaequo-communication.fr\/index.php\/2021\/03\/16\/equipe-louis\/#primaryimage\"},\"image\":{\"@id\":\"https:\/\/exaequo-communication.fr\/index.php\/2021\/03\/16\/equipe-louis\/#primaryimage\"},\"thumbnailUrl\":\"https:\/\/exaequo-communication.fr\/wp-content\/uploads\/2021\/03\/Louis-Tri.jpg.png\",\"datePublished\":\"2021-03-16T10:35:52+00:00\",\"dateModified\":\"2021-10-29T12:00:54+00:00\",\"author\":{\"@id\":\"https:\/\/exaequo-communication.fr\/#\/schema\/person\/0ff3d297bda23ca1cd161c11c3217513\"},\"description\":\"La Xteam se renforce avec l'arriv\u00e9e de Louis en janvier dernier qui occupe le poste de Directeur Sportif !\",\"breadcrumb\":{\"@id\":\"https:\/\/exaequo-communication.fr\/index.php\/2021\/03\/16\/equipe-louis\/#breadcrumb\"},\"inLanguage\":\"fr-FR\",\"potentialAction\":[{\"@type\":\"ReadAction\",\"target\":[\"https:\/\/exaequo-communication.fr\/index.php\/2021\/03\/16\/equipe-louis\/\"]}]},{\"@type\":\"ImageObject\",\"inLanguage\":\"fr-FR\",\"@id\":\"https:\/\/exaequo-communication.fr\/index.php\/2021\/03\/16\/equipe-louis\/#primaryimage\",\"url\":\"https:\/\/exaequo-communication.fr\/wp-content\/uploads\/2021\/03\/Louis-Tri.jpg.png\",\"contentUrl\":\"https:\/\/exaequo-communication.fr\/wp-content\/uploads\/2021\/03\/Louis-Tri.jpg.png\",\"width\":766,\"height\":566,\"caption\":\"Louis Exaequo\"},{\"@type\":\"BreadcrumbList\",\"@id\":\"https:\/\/exaequo-communication.fr\/index.php\/2021\/03\/16\/equipe-louis\/#breadcrumb\",\"itemListElement\":[{\"@type\":\"ListItem\",\"position\":1,\"name\":\"Accueil\",\"item\":\"https:\/\/exaequo-communication.fr\/\"},{\"@type\":\"ListItem\",\"position\":2,\"name\":\"Louis, le ma\u00eetre des parcours !\"}]},{\"@type\":\"WebSite\",\"@id\":\"https:\/\/exaequo-communication.fr\/#website\",\"url\":\"https:\/\/exaequo-communication.fr\/\",\"name\":\"Exaequo communication\",\"description\":\"\",\"potentialAction\":[{\"@type\":\"SearchAction\",\"target\":{\"@type\":\"EntryPoint\",\"urlTemplate\":\"https:\/\/exaequo-communication.fr\/?s={search_term_string}\"},\"query-input\":{\"@type\":\"PropertyValueSpecification\",\"valueRequired\":true,\"valueName\":\"search_term_string\"}}],\"inLanguage\":\"fr-FR\"},{\"@type\":\"Person\",\"@id\":\"https:\/\/exaequo-communication.fr\/#\/schema\/person\/0ff3d297bda23ca1cd161c11c3217513\",\"name\":\"Louise\",\"image\":{\"@type\":\"ImageObject\",\"inLanguage\":\"fr-FR\",\"@id\":\"https:\/\/exaequo-communication.fr\/#\/schema\/person\/image\/\",\"url\":\"https:\/\/secure.gravatar.com\/avatar\/c5e8367f32ffeff4cdf4e055d9e95263b7d031a01e929b3116e2b0d996065f4c?s=96&d=mm&r=g\",\"contentUrl\":\"https:\/\/secure.gravatar.com\/avatar\/c5e8367f32ffeff4cdf4e055d9e95263b7d031a01e929b3116e2b0d996065f4c?s=96&d=mm&r=g\",\"caption\":\"Louise\"},\"url\":\"https:\/\/exaequo-communication.fr\/index.php\/author\/louise\/\"}]}<\/script>\n<!-- \/ Yoast SEO plugin. -->","yoast_head_json":{"title":"Louis, le ma\u00eetre des parcours ! - Exaequo Communication","description":"La Xteam se renforce avec l'arriv\u00e9e de Louis en janvier dernier qui occupe le poste de Directeur Sportif !","robots":{"index":"index","follow":"follow","max-snippet":"max-snippet:-1","max-image-preview":"max-image-preview:large","max-video-preview":"max-video-preview:-1"},"canonical":"https:\/\/exaequo-communication.fr\/index.php\/2021\/03\/16\/equipe-louis\/","og_locale":"fr_FR","og_type":"article","og_title":"Louis, le ma\u00eetre des parcours !","og_description":"La Xteam se renforce avec l'arriv\u00e9e de Louis en janvier dernier qui occupe le poste de Directeur Sportif !","og_url":"https:\/\/exaequo-communication.fr\/index.php\/2021\/03\/16\/equipe-louis\/","og_site_name":"Exaequo communication","article_published_time":"2021-03-16T10:35:52+00:00","article_modified_time":"2021-10-29T12:00:54+00:00","og_image":[{"width":766,"height":566,"url":"https:\/\/exaequo-communication.fr\/wp-content\/uploads\/2021\/03\/Louis-Tri.jpg.png","type":"image\/png"}],"author":"Louise","twitter_card":"summary_large_image","twitter_title":"Louis, le ma\u00eetre des parcours !","twitter_description":"La Xteam se renforce avec l'arriv\u00e9e de Louis en janvier dernier qui occupe le poste de Directeur Sportif !","twitter_image":"https:\/\/exaequo-communication.fr\/wp-content\/uploads\/2021\/03\/Louis-Tri.jpg.png","twitter_misc":{"\u00c9crit par":"Louise","Dur\u00e9e de lecture estim\u00e9e":"4 minutes"},"schema":{"@context":"https:\/\/schema.org","@graph":[{"@type":"Article","@id":"https:\/\/exaequo-communication.fr\/index.php\/2021\/03\/16\/equipe-louis\/#article","isPartOf":{"@id":"https:\/\/exaequo-communication.fr\/index.php\/2021\/03\/16\/equipe-louis\/"},"author":{"name":"Louise","@id":"https:\/\/exaequo-communication.fr\/#\/schema\/person\/0ff3d297bda23ca1cd161c11c3217513"},"headline":"Louis, le ma\u00eetre des parcours !","datePublished":"2021-03-16T10:35:52+00:00","dateModified":"2021-10-29T12:00:54+00:00","mainEntityOfPage":{"@id":"https:\/\/exaequo-communication.fr\/index.php\/2021\/03\/16\/equipe-louis\/"},"wordCount":1073,"image":{"@id":"https:\/\/exaequo-communication.fr\/index.php\/2021\/03\/16\/equipe-louis\/#primaryimage"},"thumbnailUrl":"https:\/\/exaequo-communication.fr\/wp-content\/uploads\/2021\/03\/Louis-Tri.jpg.png","articleSection":["Actualit\u00e9s"],"inLanguage":"fr-FR"},{"@type":"WebPage","@id":"https:\/\/exaequo-communication.fr\/index.php\/2021\/03\/16\/equipe-louis\/","url":"https:\/\/exaequo-communication.fr\/index.php\/2021\/03\/16\/equipe-louis\/","name":"Louis, le ma\u00eetre des parcours ! - Exaequo Communication","isPartOf":{"@id":"https:\/\/exaequo-communication.fr\/#website"},"primaryImageOfPage":{"@id":"https:\/\/exaequo-communication.fr\/index.php\/2021\/03\/16\/equipe-louis\/#primaryimage"},"image":{"@id":"https:\/\/exaequo-communication.fr\/index.php\/2021\/03\/16\/equipe-louis\/#primaryimage"},"thumbnailUrl":"https:\/\/exaequo-communication.fr\/wp-content\/uploads\/2021\/03\/Louis-Tri.jpg.png","datePublished":"2021-03-16T10:35:52+00:00","dateModified":"2021-10-29T12:00:54+00:00","author":{"@id":"https:\/\/exaequo-communication.fr\/#\/schema\/person\/0ff3d297bda23ca1cd161c11c3217513"},"description":"La Xteam se renforce avec l'arriv\u00e9e de Louis en janvier dernier qui occupe le poste de Directeur Sportif !","breadcrumb":{"@id":"https:\/\/exaequo-communication.fr\/index.php\/2021\/03\/16\/equipe-louis\/#breadcrumb"},"inLanguage":"fr-FR","potentialAction":[{"@type":"ReadAction","target":["https:\/\/exaequo-communication.fr\/index.php\/2021\/03\/16\/equipe-louis\/"]}]},{"@type":"ImageObject","inLanguage":"fr-FR","@id":"https:\/\/exaequo-communication.fr\/index.php\/2021\/03\/16\/equipe-louis\/#primaryimage","url":"https:\/\/exaequo-communication.fr\/wp-content\/uploads\/2021\/03\/Louis-Tri.jpg.png","contentUrl":"https:\/\/exaequo-communication.fr\/wp-content\/uploads\/2021\/03\/Louis-Tri.jpg.png","width":766,"height":566,"caption":"Louis Exaequo"},{"@type":"BreadcrumbList","@id":"https:\/\/exaequo-communication.fr\/index.php\/2021\/03\/16\/equipe-louis\/#breadcrumb","itemListElement":[{"@type":"ListItem","position":1,"name":"Accueil","item":"https:\/\/exaequo-communication.fr\/"},{"@type":"ListItem","position":2,"name":"Louis, le ma\u00eetre des parcours !"}]},{"@type":"WebSite","@id":"https:\/\/exaequo-communication.fr\/#website","url":"https:\/\/exaequo-communication.fr\/","name":"Exaequo communication","description":"","potentialAction":[{"@type":"SearchAction","target":{"@type":"EntryPoint","urlTemplate":"https:\/\/exaequo-communication.fr\/?s={search_term_string}"},"query-input":{"@type":"PropertyValueSpecification","valueRequired":true,"valueName":"search_term_string"}}],"inLanguage":"fr-FR"},{"@type":"Person","@id":"https:\/\/exaequo-communication.fr\/#\/schema\/person\/0ff3d297bda23ca1cd161c11c3217513","name":"Louise","image":{"@type":"ImageObject","inLanguage":"fr-FR","@id":"https:\/\/exaequo-communication.fr\/#\/schema\/person\/image\/","url":"https:\/\/secure.gravatar.com\/avatar\/c5e8367f32ffeff4cdf4e055d9e95263b7d031a01e929b3116e2b0d996065f4c?s=96&d=mm&r=g","contentUrl":"https:\/\/secure.gravatar.com\/avatar\/c5e8367f32ffeff4cdf4e055d9e95263b7d031a01e929b3116e2b0d996065f4c?s=96&d=mm&r=g","caption":"Louise"},"url":"https:\/\/exaequo-communication.fr\/index.php\/author\/louise\/"}]}},"_links":{"self":[{"href":"https:\/\/exaequo-communication.fr\/index.php\/wp-json\/wp\/v2\/posts\/12729","targetHints":{"allow":["GET"]}}],"collection":[{"href":"https:\/\/exaequo-communication.fr\/index.php\/wp-json\/wp\/v2\/posts"}],"about":[{"href":"https:\/\/exaequo-communication.fr\/index.php\/wp-json\/wp\/v2\/types\/post"}],"author":[{"embeddable":true,"href":"https:\/\/exaequo-communication.fr\/index.php\/wp-json\/wp\/v2\/users\/9"}],"replies":[{"embeddable":true,"href":"https:\/\/exaequo-communication.fr\/index.php\/wp-json\/wp\/v2\/comments?post=12729"}],"version-history":[{"count":0,"href":"https:\/\/exaequo-communication.fr\/index.php\/wp-json\/wp\/v2\/posts\/12729\/revisions"}],"wp:featuredmedia":[{"embeddable":true,"href":"https:\/\/exaequo-communication.fr\/index.php\/wp-json\/wp\/v2\/media\/12732"}],"wp:attachment":[{"href":"https:\/\/exaequo-communication.fr\/index.php\/wp-json\/wp\/v2\/media?parent=12729"}],"wp:term":[{"taxonomy":"category","embeddable":true,"href":"https:\/\/exaequo-communication.fr\/index.php\/wp-json\/wp\/v2\/categories?post=12729"},{"taxonomy":"post_tag","embeddable":true,"href":"https:\/\/exaequo-communication.fr\/index.php\/wp-json\/wp\/v2\/tags?post=12729"}],"curies":[{"name":"wp","href":"https:\/\/api.w.org\/{rel}","templated":true}]}}