{"id":12668,"date":"2021-03-03T10:34:18","date_gmt":"2021-03-03T09:34:18","guid":{"rendered":"https:\/\/exaequo-communication.fr\/?p=12668"},"modified":"2021-03-04T09:34:52","modified_gmt":"2021-03-04T08:34:52","slug":"lancement-rock-n-trail","status":"publish","type":"post","link":"https:\/\/exaequo-communication.fr\/index.php\/2021\/03\/03\/lancement-rock-n-trail\/","title":{"rendered":"Lancement Rock n&rsquo;Trail"},"content":{"rendered":"[vc_row type=\u00a0\u00bbin_container\u00a0\u00bb full_screen_row_position=\u00a0\u00bbmiddle\u00a0\u00bb column_margin=\u00a0\u00bbdefault\u00a0\u00bb column_direction=\u00a0\u00bbdefault\u00a0\u00bb column_direction_tablet=\u00a0\u00bbdefault\u00a0\u00bb column_direction_phone=\u00a0\u00bbdefault\u00a0\u00bb scene_position=\u00a0\u00bbcenter\u00a0\u00bb top_padding=\u00a0\u00bb10&Prime; text_color=\u00a0\u00bbdark\u00a0\u00bb text_align=\u00a0\u00bbleft\u00a0\u00bb row_border_radius=\u00a0\u00bbnone\u00a0\u00bb row_border_radius_applies=\u00a0\u00bbbg\u00a0\u00bb overlay_strength=\u00a0\u00bb0.3&Prime; gradient_direction=\u00a0\u00bbleft_to_right\u00a0\u00bb shape_divider_position=\u00a0\u00bbbottom\u00a0\u00bb bg_image_animation=\u00a0\u00bbnone\u00a0\u00bb shape_type=\u00a0\u00bb\u00a0\u00bb][vc_column column_padding=\u00a0\u00bbno-extra-padding\u00a0\u00bb column_padding_tablet=\u00a0\u00bbinherit\u00a0\u00bb column_padding_phone=\u00a0\u00bbinherit\u00a0\u00bb column_padding_position=\u00a0\u00bball\u00a0\u00bb background_color_opacity=\u00a0\u00bb1&Prime; background_hover_color_opacity=\u00a0\u00bb1&Prime; column_shadow=\u00a0\u00bbnone\u00a0\u00bb column_border_radius=\u00a0\u00bbnone\u00a0\u00bb column_link_target=\u00a0\u00bb_self\u00a0\u00bb gradient_direction=\u00a0\u00bbleft_to_right\u00a0\u00bb overlay_strength=\u00a0\u00bb0.3&Prime; width=\u00a0\u00bb1\/2&Prime; tablet_width_inherit=\u00a0\u00bbdefault\u00a0\u00bb tablet_text_alignment=\u00a0\u00bbdefault\u00a0\u00bb phone_text_alignment=\u00a0\u00bbdefault\u00a0\u00bb column_border_width=\u00a0\u00bbnone\u00a0\u00bb column_border_style=\u00a0\u00bbsolid\u00a0\u00bb bg_image_animation=\u00a0\u00bbnone\u00a0\u00bb][vc_gallery type=\u00a0\u00bbflexslider_style\u00a0\u00bb images=\u00a0\u00bb12677,12676,12675,12674,12673,12672,12671&Prime; onclick=\u00a0\u00bblink_no\u00a0\u00bb hover_anim=\u00a0\u00bbfade-out\u00a0\u00bb][\/vc_column][vc_column column_padding=\u00a0\u00bbno-extra-padding\u00a0\u00bb column_padding_tablet=\u00a0\u00bbinherit\u00a0\u00bb column_padding_phone=\u00a0\u00bbinherit\u00a0\u00bb column_padding_position=\u00a0\u00bball\u00a0\u00bb background_color_opacity=\u00a0\u00bb1&Prime; background_hover_color_opacity=\u00a0\u00bb1&Prime; column_shadow=\u00a0\u00bbnone\u00a0\u00bb column_border_radius=\u00a0\u00bbnone\u00a0\u00bb column_link_target=\u00a0\u00bb_self\u00a0\u00bb gradient_direction=\u00a0\u00bbleft_to_right\u00a0\u00bb overlay_strength=\u00a0\u00bb0.3&Prime; width=\u00a0\u00bb1\/2&Prime; tablet_width_inherit=\u00a0\u00bbdefault\u00a0\u00bb tablet_text_alignment=\u00a0\u00bbdefault\u00a0\u00bb phone_text_alignment=\u00a0\u00bbdefault\u00a0\u00bb column_border_width=\u00a0\u00bbnone\u00a0\u00bb column_border_style=\u00a0\u00bbsolid\u00a0\u00bb bg_image_animation=\u00a0\u00bbnone\u00a0\u00bb][split_line_heading animation_type=\u00a0\u00bbdefault\u00a0\u00bb]\n<h3>Lancement du Rock n&rsquo;Trail<\/h3>\n<p>Nouveaut\u00e9 2021 pour l&rsquo;\u00e9quipe Exaequo avec cet \u00e9v\u00e9nement orignal tant par son concept que par le lieu. Un mix de trail, de musique durant tout un week-end dans une carri\u00e8re.<\/p>\n<p>Lancement des inscriptions d\u00e8s aujourd&rsquo;hui sur : <a href=\"https:\/\/rockntrail.fr\/\" target=\"_blank\" rel=\"noopener\">rockntrail.fr<\/a>[\/split_line_heading][\/vc_column][\/vc_row][vc_row type=\u00a0\u00bbin_container\u00a0\u00bb full_screen_row_position=\u00a0\u00bbmiddle\u00a0\u00bb column_margin=\u00a0\u00bbdefault\u00a0\u00bb column_direction=\u00a0\u00bbdefault\u00a0\u00bb column_direction_tablet=\u00a0\u00bbdefault\u00a0\u00bb column_direction_phone=\u00a0\u00bbdefault\u00a0\u00bb scene_position=\u00a0\u00bbcenter\u00a0\u00bb text_color=\u00a0\u00bbdark\u00a0\u00bb text_align=\u00a0\u00bbleft\u00a0\u00bb row_border_radius=\u00a0\u00bbnone\u00a0\u00bb row_border_radius_applies=\u00a0\u00bbbg\u00a0\u00bb overlay_strength=\u00a0\u00bb0.3&Prime; gradient_direction=\u00a0\u00bbleft_to_right\u00a0\u00bb shape_divider_position=\u00a0\u00bbbottom\u00a0\u00bb bg_image_animation=\u00a0\u00bbnone\u00a0\u00bb][vc_column column_padding=\u00a0\u00bbno-extra-padding\u00a0\u00bb column_padding_tablet=\u00a0\u00bbinherit\u00a0\u00bb column_padding_phone=\u00a0\u00bbinherit\u00a0\u00bb column_padding_position=\u00a0\u00bball\u00a0\u00bb background_color_opacity=\u00a0\u00bb1&Prime; background_hover_color_opacity=\u00a0\u00bb1&Prime; column_shadow=\u00a0\u00bbnone\u00a0\u00bb column_border_radius=\u00a0\u00bbnone\u00a0\u00bb column_link_target=\u00a0\u00bb_self\u00a0\u00bb gradient_direction=\u00a0\u00bbleft_to_right\u00a0\u00bb overlay_strength=\u00a0\u00bb0.3&Prime; width=\u00a0\u00bb1\/1&Prime; tablet_width_inherit=\u00a0\u00bbdefault\u00a0\u00bb tablet_text_alignment=\u00a0\u00bbdefault\u00a0\u00bb phone_text_alignment=\u00a0\u00bbdefault\u00a0\u00bb column_border_width=\u00a0\u00bbnone\u00a0\u00bb column_border_style=\u00a0\u00bbsolid\u00a0\u00bb bg_image_animation=\u00a0\u00bbnone\u00a0\u00bb][vc_column_text]\n<h3><strong>Une aventure humaine<\/strong><\/h3>\n<p>Le Rock n&rsquo;trail est n\u00e9 d&rsquo;une rencontre entre diff\u00e9rents coureurs du <a href=\"https:\/\/exaequo-communication.fr\/index.php\/club-du-sport\/\" target=\"_blank\" rel=\"noopener\">Club du Sport Exaequo<\/a>. Une id\u00e9e folle a germ\u00e9 dans nos t\u00eates, cr\u00e9er un \u00e9v\u00e9nement dans une carri\u00e8re. Et pourquoi pas un trail de 24 heures ?<\/p>\n<h3><strong>Un d\u00e9fi sportif<\/strong><\/h3>\n<p>Inspir\u00e9e de la Big Dog\u2019s Backyard Ultra aux USA qui est \u00e0 l\u2019origine de ce concept, nous proposons un trail \u00e0 \u00e9limination.<br \/>\nLes participants courent sur une boucle de 7km et 180 de d\u00e9nivel\u00e9 positif. Un d\u00e9part toutes les heures, le temps maximum autoris\u00e9 pour une boucle est de 60 minutes, tout coureur franchissant la ligne d\u2019arriv\u00e9e apr\u00e8s 60 minutes est \u00e9limin\u00e9. Si vous la terminez avant, vous pouvez vous reposer en attendant le d\u00e9part de la prochaine boucle donc une heure plus tard que la pr\u00e9c\u00e9dente. Si vous terminez la 1\u00e8re boucle en 45 minutes, vous avez 15 minutes avant le prochain d\u00e9part.<\/p>\n<p>Le temps limite de la comp\u00e9tition est de 24h soit 24 boucles pour un total de 170km. Seront d\u00e9clar\u00e9s vainqueurs, celui et celle qui franchiront le premier et la premi\u00e8re la ligne d\u2019arriv\u00e9e de la derni\u00e8re boucle qu\u2019il ou qu\u2019elle aura couru en moins d\u2019une heure.<\/p>\n<p>Au programme, 4 cat\u00e9gories pour participer :<\/p>\n<ul>\n<li>Solo<\/li>\n<li>Duo<\/li>\n<li>\u00c9quipe de 4<\/li>\n<li>\u00c9quipe de 6<\/li>\n<\/ul>\n<h3><strong>Un projet caritatif et durable<\/strong><\/h3>\n<p>On s\u2019engage pour faire un \u00e9v\u00e9nement local et durable, on va faire le maximum pour limiter les d\u00e9chets et notre impact.<\/p>\n<ul>\n<li>Dotation Participant : un cadeau de bienvenue local (Bi\u00e8re, Cidre, Jus de pomme), photo de chaque coureur, un ticket repas<\/li>\n<li>Ravitaillement course \u2013 eau du robinet ou en jerricane, Eco cup pour chaque participant et plateau en bambou<\/li>\n<li>Commercial : \u00e9viter d\u2019imprimer nos dossiers de pr\u00e9sentation- Communication : limiter nos impressions, ne faire que des affiches et pousser la communication digitale<\/li>\n<li>Signal\u00e9tique : r\u00e9fl\u00e9chir sur des signal\u00e9tiques durables et des circuits de recyclage.<\/li>\n<li>Staff : dotation durable avec des textiles coton bio.<\/li>\n<\/ul>\n<p>Une \u00e9preuve de 7km est aussi organis\u00e9e au profit de deux associations locales :<\/p>\n<ul>\n<li><a href=\"https:\/\/www.facebook.com\/1pas2pas\/\" target=\"_blank\" rel=\"noopener\">1 pas, deux pas pour Ana\u00efs<\/a><\/li>\n<li>La croix Rouge<\/li>\n<\/ul>\n[\/vc_column_text][\/vc_column][\/vc_row][vc_row type=\u00a0\u00bbin_container\u00a0\u00bb full_screen_row_position=\u00a0\u00bbmiddle\u00a0\u00bb column_margin=\u00a0\u00bbdefault\u00a0\u00bb column_direction=\u00a0\u00bbdefault\u00a0\u00bb column_direction_tablet=\u00a0\u00bbdefault\u00a0\u00bb column_direction_phone=\u00a0\u00bbdefault\u00a0\u00bb scene_position=\u00a0\u00bbcenter\u00a0\u00bb text_color=\u00a0\u00bbdark\u00a0\u00bb text_align=\u00a0\u00bbleft\u00a0\u00bb row_border_radius=\u00a0\u00bbnone\u00a0\u00bb row_border_radius_applies=\u00a0\u00bbbg\u00a0\u00bb overlay_strength=\u00a0\u00bb0.3&Prime; gradient_direction=\u00a0\u00bbleft_to_right\u00a0\u00bb shape_divider_position=\u00a0\u00bbbottom\u00a0\u00bb bg_image_animation=\u00a0\u00bbnone\u00a0\u00bb][vc_column column_padding=\u00a0\u00bbno-extra-padding\u00a0\u00bb column_padding_tablet=\u00a0\u00bbinherit\u00a0\u00bb column_padding_phone=\u00a0\u00bbinherit\u00a0\u00bb column_padding_position=\u00a0\u00bball\u00a0\u00bb background_color_opacity=\u00a0\u00bb1&Prime; background_hover_color_opacity=\u00a0\u00bb1&Prime; column_shadow=\u00a0\u00bbnone\u00a0\u00bb column_border_radius=\u00a0\u00bbnone\u00a0\u00bb column_link_target=\u00a0\u00bb_self\u00a0\u00bb gradient_direction=\u00a0\u00bbleft_to_right\u00a0\u00bb overlay_strength=\u00a0\u00bb0.3&Prime; width=\u00a0\u00bb1\/1&Prime; tablet_width_inherit=\u00a0\u00bbdefault\u00a0\u00bb tablet_text_alignment=\u00a0\u00bbdefault\u00a0\u00bb phone_text_alignment=\u00a0\u00bbdefault\u00a0\u00bb column_border_width=\u00a0\u00bbnone\u00a0\u00bb column_border_style=\u00a0\u00bbsolid\u00a0\u00bb bg_image_animation=\u00a0\u00bbnone\u00a0\u00bb][split_line_heading animation_type=\u00a0\u00bbdefault\u00a0\u00bb]\n<h3>D\u00e9couvrez le teaser du Rock n&rsquo;Trail<\/h3>\n<div id=\"gtx-trans\" style=\"position: absolute; left: -20px; top: -6.28125px;\">\n<div class=\"gtx-trans-icon\"><\/div>\n<\/div>\n[\/split_line_heading][\/vc_column][\/vc_row][vc_row type=\u00a0\u00bbin_container\u00a0\u00bb full_screen_row_position=\u00a0\u00bbmiddle\u00a0\u00bb column_margin=\u00a0\u00bbdefault\u00a0\u00bb column_direction=\u00a0\u00bbdefault\u00a0\u00bb column_direction_tablet=\u00a0\u00bbdefault\u00a0\u00bb column_direction_phone=\u00a0\u00bbdefault\u00a0\u00bb scene_position=\u00a0\u00bbcenter\u00a0\u00bb text_color=\u00a0\u00bbdark\u00a0\u00bb text_align=\u00a0\u00bbleft\u00a0\u00bb row_border_radius=\u00a0\u00bbnone\u00a0\u00bb row_border_radius_applies=\u00a0\u00bbbg\u00a0\u00bb overlay_strength=\u00a0\u00bb0.3&Prime; gradient_direction=\u00a0\u00bbleft_to_right\u00a0\u00bb shape_divider_position=\u00a0\u00bbbottom\u00a0\u00bb bg_image_animation=\u00a0\u00bbnone\u00a0\u00bb][vc_column column_padding=\u00a0\u00bbno-extra-padding\u00a0\u00bb column_padding_tablet=\u00a0\u00bbinherit\u00a0\u00bb column_padding_phone=\u00a0\u00bbinherit\u00a0\u00bb column_padding_position=\u00a0\u00bball\u00a0\u00bb background_color_opacity=\u00a0\u00bb1&Prime; background_hover_color_opacity=\u00a0\u00bb1&Prime; column_shadow=\u00a0\u00bbnone\u00a0\u00bb column_border_radius=\u00a0\u00bbnone\u00a0\u00bb column_link_target=\u00a0\u00bb_self\u00a0\u00bb gradient_direction=\u00a0\u00bbleft_to_right\u00a0\u00bb overlay_strength=\u00a0\u00bb0.3&Prime; width=\u00a0\u00bb1\/1&Prime; tablet_width_inherit=\u00a0\u00bbdefault\u00a0\u00bb tablet_text_alignment=\u00a0\u00bbdefault\u00a0\u00bb phone_text_alignment=\u00a0\u00bbdefault\u00a0\u00bb column_border_width=\u00a0\u00bbnone\u00a0\u00bb column_border_style=\u00a0\u00bbsolid\u00a0\u00bb bg_image_animation=\u00a0\u00bbnone\u00a0\u00bb][nectar_video_lightbox link_style=\u00a0\u00bbplay_button_2&Prime; nectar_play_button_color=\u00a0\u00bbDefault-Accent-Color\u00a0\u00bb image_url=\u00a0\u00bb12548&Prime; hover_effect=\u00a0\u00bbdefaut\u00a0\u00bb box_shadow=\u00a0\u00bbnone\u00a0\u00bb border_radius=\u00a0\u00bbnone\u00a0\u00bb play_button_size=\u00a0\u00bbdefault\u00a0\u00bb video_url=\u00a0\u00bbhttps:\/\/youtu.be\/uecFLRCJ3v0&Prime;][vc_column_text]Retrouvez toutes les informations sur notre site : <a href=\"http:\/\/www.rockntrail.fr\" target=\"_blank\" rel=\"noopener noreferrer\">rockntrail.fr<\/a><\/p>\n<p>Cr\u00e9dits vid\u00e9o : Exaequo \/ Laurent B<\/p>\n<p>R\u00e9alisation : <a href=\"https:\/\/unikstudio.fr\/\" target=\"_blank\" rel=\"noopener\">UNIK studio<\/a>[\/vc_column_text][\/vc_column][\/vc_row]\n","protected":false},"excerpt":{"rendered":"<p>Nouveaut\u00e9 2021 pour l&rsquo;\u00e9quipe Exaequo avec cet \u00e9v\u00e9nement orignal tant par son concept que par le lieu. Un mix de trail, de musique durant tout un week-end dans une carri\u00e8re.<\/p>\n","protected":false},"author":5,"featured_media":12672,"comment_status":"closed","ping_status":"closed","sticky":false,"template":"","format":"standard","meta":{"footnotes":""},"categories":[1],"tags":[],"class_list":{"0":"post-12668","1":"post","2":"type-post","3":"status-publish","4":"format-standard","5":"has-post-thumbnail","7":"category-actualites"},"yoast_head":"<!-- This site is optimized with the Yoast SEO plugin v27.0 - https:\/\/yoast.com\/product\/yoast-seo-wordpress\/ -->\n<title>Lancement Rock n&#039;Trail - Exaequo communication<\/title>\n<meta name=\"description\" content=\"Nouveaut\u00e9 2021 pour l&#039;\u00e9quipe Exaequo avec ce trail \u00e0 \u00e9lminiation . Un mix de trail, de musique durant tout un week-end dans une carri\u00e8re.\" \/>\n<meta name=\"robots\" content=\"index, follow, max-snippet:-1, max-image-preview:large, max-video-preview:-1\" \/>\n<link rel=\"canonical\" href=\"https:\/\/exaequo-communication.fr\/index.php\/2021\/03\/03\/lancement-rock-n-trail\/\" \/>\n<meta property=\"og:locale\" content=\"fr_FR\" \/>\n<meta property=\"og:type\" content=\"article\" \/>\n<meta property=\"og:title\" content=\"Lancement Rock n&#039;Trail\" \/>\n<meta property=\"og:description\" content=\"Nouveaut\u00e9 2021 pour l&#039;\u00e9quipe Exaequo avec cet \u00e9v\u00e9nement orignal tant par son concept par le lieu. Un mix de trail, de musique durant tout un week-end dans une carri\u00e8re.\" \/>\n<meta property=\"og:url\" content=\"https:\/\/exaequo-communication.fr\/index.php\/2021\/03\/03\/lancement-rock-n-trail\/\" \/>\n<meta property=\"og:site_name\" content=\"Exaequo communication\" \/>\n<meta property=\"article:published_time\" content=\"2021-03-03T09:34:18+00:00\" \/>\n<meta property=\"article:modified_time\" content=\"2021-03-04T08:34:52+00:00\" \/>\n<meta property=\"og:image\" content=\"https:\/\/exaequo-communication.fr\/wp-content\/uploads\/2021\/03\/NZ60754-scaled.jpg\" \/>\n\t<meta property=\"og:image:width\" content=\"1539\" \/>\n\t<meta property=\"og:image:height\" content=\"1024\" \/>\n\t<meta property=\"og:image:type\" content=\"image\/jpeg\" \/>\n<meta name=\"author\" content=\"Vincent\" \/>\n<meta name=\"twitter:card\" content=\"summary_large_image\" \/>\n<meta name=\"twitter:title\" content=\"Lancement Rock n&#039;Trail\" \/>\n<meta name=\"twitter:description\" content=\"Nouveaut\u00e9 2021 pour l&#039;\u00e9quipe Exaequo avec cet \u00e9v\u00e9nement orignal tant par son concept par le lieu. Un mix de trail, de musique durant tout un week-end dans une carri\u00e8re.\" \/>\n<meta name=\"twitter:image\" content=\"https:\/\/exaequo-communication.fr\/wp-content\/uploads\/2021\/03\/NZ60754-scaled.jpg\" \/>\n<meta name=\"twitter:label1\" content=\"\u00c9crit par\" \/>\n\t<meta name=\"twitter:data1\" content=\"Vincent\" \/>\n\t<meta name=\"twitter:label2\" content=\"Dur\u00e9e de lecture estim\u00e9e\" \/>\n\t<meta name=\"twitter:data2\" content=\"3 minutes\" \/>\n<script type=\"application\/ld+json\" class=\"yoast-schema-graph\">{\"@context\":\"https:\/\/schema.org\",\"@graph\":[{\"@type\":\"Article\",\"@id\":\"https:\/\/exaequo-communication.fr\/index.php\/2021\/03\/03\/lancement-rock-n-trail\/#article\",\"isPartOf\":{\"@id\":\"https:\/\/exaequo-communication.fr\/index.php\/2021\/03\/03\/lancement-rock-n-trail\/\"},\"author\":{\"name\":\"Vincent\",\"@id\":\"https:\/\/exaequo-communication.fr\/#\/schema\/person\/a2b781d9861576b70e7ac586c8d0e7dd\"},\"headline\":\"Lancement Rock n&rsquo;Trail\",\"datePublished\":\"2021-03-03T09:34:18+00:00\",\"dateModified\":\"2021-03-04T08:34:52+00:00\",\"mainEntityOfPage\":{\"@id\":\"https:\/\/exaequo-communication.fr\/index.php\/2021\/03\/03\/lancement-rock-n-trail\/\"},\"wordCount\":1102,\"image\":{\"@id\":\"https:\/\/exaequo-communication.fr\/index.php\/2021\/03\/03\/lancement-rock-n-trail\/#primaryimage\"},\"thumbnailUrl\":\"https:\/\/exaequo-communication.fr\/wp-content\/uploads\/2021\/03\/NZ60754-scaled.jpg\",\"articleSection\":[\"Actualit\u00e9s\"],\"inLanguage\":\"fr-FR\"},{\"@type\":\"WebPage\",\"@id\":\"https:\/\/exaequo-communication.fr\/index.php\/2021\/03\/03\/lancement-rock-n-trail\/\",\"url\":\"https:\/\/exaequo-communication.fr\/index.php\/2021\/03\/03\/lancement-rock-n-trail\/\",\"name\":\"Lancement Rock n'Trail - Exaequo communication\",\"isPartOf\":{\"@id\":\"https:\/\/exaequo-communication.fr\/#website\"},\"primaryImageOfPage\":{\"@id\":\"https:\/\/exaequo-communication.fr\/index.php\/2021\/03\/03\/lancement-rock-n-trail\/#primaryimage\"},\"image\":{\"@id\":\"https:\/\/exaequo-communication.fr\/index.php\/2021\/03\/03\/lancement-rock-n-trail\/#primaryimage\"},\"thumbnailUrl\":\"https:\/\/exaequo-communication.fr\/wp-content\/uploads\/2021\/03\/NZ60754-scaled.jpg\",\"datePublished\":\"2021-03-03T09:34:18+00:00\",\"dateModified\":\"2021-03-04T08:34:52+00:00\",\"author\":{\"@id\":\"https:\/\/exaequo-communication.fr\/#\/schema\/person\/a2b781d9861576b70e7ac586c8d0e7dd\"},\"description\":\"Nouveaut\u00e9 2021 pour l'\u00e9quipe Exaequo avec ce trail \u00e0 \u00e9lminiation . Un mix de trail, de musique durant tout un week-end dans une carri\u00e8re.\",\"breadcrumb\":{\"@id\":\"https:\/\/exaequo-communication.fr\/index.php\/2021\/03\/03\/lancement-rock-n-trail\/#breadcrumb\"},\"inLanguage\":\"fr-FR\",\"potentialAction\":[{\"@type\":\"ReadAction\",\"target\":[\"https:\/\/exaequo-communication.fr\/index.php\/2021\/03\/03\/lancement-rock-n-trail\/\"]}]},{\"@type\":\"ImageObject\",\"inLanguage\":\"fr-FR\",\"@id\":\"https:\/\/exaequo-communication.fr\/index.php\/2021\/03\/03\/lancement-rock-n-trail\/#primaryimage\",\"url\":\"https:\/\/exaequo-communication.fr\/wp-content\/uploads\/2021\/03\/NZ60754-scaled.jpg\",\"contentUrl\":\"https:\/\/exaequo-communication.fr\/wp-content\/uploads\/2021\/03\/NZ60754-scaled.jpg\",\"width\":1539,\"height\":1024,\"caption\":\"Rock n trail carri\u00e8re\"},{\"@type\":\"BreadcrumbList\",\"@id\":\"https:\/\/exaequo-communication.fr\/index.php\/2021\/03\/03\/lancement-rock-n-trail\/#breadcrumb\",\"itemListElement\":[{\"@type\":\"ListItem\",\"position\":1,\"name\":\"Accueil\",\"item\":\"https:\/\/exaequo-communication.fr\/\"},{\"@type\":\"ListItem\",\"position\":2,\"name\":\"Lancement Rock n&rsquo;Trail\"}]},{\"@type\":\"WebSite\",\"@id\":\"https:\/\/exaequo-communication.fr\/#website\",\"url\":\"https:\/\/exaequo-communication.fr\/\",\"name\":\"Exaequo communication\",\"description\":\"\",\"potentialAction\":[{\"@type\":\"SearchAction\",\"target\":{\"@type\":\"EntryPoint\",\"urlTemplate\":\"https:\/\/exaequo-communication.fr\/?s={search_term_string}\"},\"query-input\":{\"@type\":\"PropertyValueSpecification\",\"valueRequired\":true,\"valueName\":\"search_term_string\"}}],\"inLanguage\":\"fr-FR\"},{\"@type\":\"Person\",\"@id\":\"https:\/\/exaequo-communication.fr\/#\/schema\/person\/a2b781d9861576b70e7ac586c8d0e7dd\",\"name\":\"Vincent\",\"image\":{\"@type\":\"ImageObject\",\"inLanguage\":\"fr-FR\",\"@id\":\"https:\/\/exaequo-communication.fr\/#\/schema\/person\/image\/\",\"url\":\"https:\/\/secure.gravatar.com\/avatar\/c58976c01b1d93e7e64f76bceed0cda416b0c2ec1073b37c7406cd511cdf9281?s=96&d=mm&r=g\",\"contentUrl\":\"https:\/\/secure.gravatar.com\/avatar\/c58976c01b1d93e7e64f76bceed0cda416b0c2ec1073b37c7406cd511cdf9281?s=96&d=mm&r=g\",\"caption\":\"Vincent\"},\"url\":\"https:\/\/exaequo-communication.fr\/index.php\/author\/vincent\/\"}]}<\/script>\n<!-- \/ Yoast SEO plugin. -->","yoast_head_json":{"title":"Lancement Rock n'Trail - Exaequo communication","description":"Nouveaut\u00e9 2021 pour l'\u00e9quipe Exaequo avec ce trail \u00e0 \u00e9lminiation . Un mix de trail, de musique durant tout un week-end dans une carri\u00e8re.","robots":{"index":"index","follow":"follow","max-snippet":"max-snippet:-1","max-image-preview":"max-image-preview:large","max-video-preview":"max-video-preview:-1"},"canonical":"https:\/\/exaequo-communication.fr\/index.php\/2021\/03\/03\/lancement-rock-n-trail\/","og_locale":"fr_FR","og_type":"article","og_title":"Lancement Rock n'Trail","og_description":"Nouveaut\u00e9 2021 pour l'\u00e9quipe Exaequo avec cet \u00e9v\u00e9nement orignal tant par son concept par le lieu. Un mix de trail, de musique durant tout un week-end dans une carri\u00e8re.","og_url":"https:\/\/exaequo-communication.fr\/index.php\/2021\/03\/03\/lancement-rock-n-trail\/","og_site_name":"Exaequo communication","article_published_time":"2021-03-03T09:34:18+00:00","article_modified_time":"2021-03-04T08:34:52+00:00","og_image":[{"width":1539,"height":1024,"url":"https:\/\/exaequo-communication.fr\/wp-content\/uploads\/2021\/03\/NZ60754-scaled.jpg","type":"image\/jpeg"}],"author":"Vincent","twitter_card":"summary_large_image","twitter_title":"Lancement Rock n'Trail","twitter_description":"Nouveaut\u00e9 2021 pour l'\u00e9quipe Exaequo avec cet \u00e9v\u00e9nement orignal tant par son concept par le lieu. Un mix de trail, de musique durant tout un week-end dans une carri\u00e8re.","twitter_image":"https:\/\/exaequo-communication.fr\/wp-content\/uploads\/2021\/03\/NZ60754-scaled.jpg","twitter_misc":{"\u00c9crit par":"Vincent","Dur\u00e9e de lecture estim\u00e9e":"3 minutes"},"schema":{"@context":"https:\/\/schema.org","@graph":[{"@type":"Article","@id":"https:\/\/exaequo-communication.fr\/index.php\/2021\/03\/03\/lancement-rock-n-trail\/#article","isPartOf":{"@id":"https:\/\/exaequo-communication.fr\/index.php\/2021\/03\/03\/lancement-rock-n-trail\/"},"author":{"name":"Vincent","@id":"https:\/\/exaequo-communication.fr\/#\/schema\/person\/a2b781d9861576b70e7ac586c8d0e7dd"},"headline":"Lancement Rock n&rsquo;Trail","datePublished":"2021-03-03T09:34:18+00:00","dateModified":"2021-03-04T08:34:52+00:00","mainEntityOfPage":{"@id":"https:\/\/exaequo-communication.fr\/index.php\/2021\/03\/03\/lancement-rock-n-trail\/"},"wordCount":1102,"image":{"@id":"https:\/\/exaequo-communication.fr\/index.php\/2021\/03\/03\/lancement-rock-n-trail\/#primaryimage"},"thumbnailUrl":"https:\/\/exaequo-communication.fr\/wp-content\/uploads\/2021\/03\/NZ60754-scaled.jpg","articleSection":["Actualit\u00e9s"],"inLanguage":"fr-FR"},{"@type":"WebPage","@id":"https:\/\/exaequo-communication.fr\/index.php\/2021\/03\/03\/lancement-rock-n-trail\/","url":"https:\/\/exaequo-communication.fr\/index.php\/2021\/03\/03\/lancement-rock-n-trail\/","name":"Lancement Rock n'Trail - Exaequo communication","isPartOf":{"@id":"https:\/\/exaequo-communication.fr\/#website"},"primaryImageOfPage":{"@id":"https:\/\/exaequo-communication.fr\/index.php\/2021\/03\/03\/lancement-rock-n-trail\/#primaryimage"},"image":{"@id":"https:\/\/exaequo-communication.fr\/index.php\/2021\/03\/03\/lancement-rock-n-trail\/#primaryimage"},"thumbnailUrl":"https:\/\/exaequo-communication.fr\/wp-content\/uploads\/2021\/03\/NZ60754-scaled.jpg","datePublished":"2021-03-03T09:34:18+00:00","dateModified":"2021-03-04T08:34:52+00:00","author":{"@id":"https:\/\/exaequo-communication.fr\/#\/schema\/person\/a2b781d9861576b70e7ac586c8d0e7dd"},"description":"Nouveaut\u00e9 2021 pour l'\u00e9quipe Exaequo avec ce trail \u00e0 \u00e9lminiation . Un mix de trail, de musique durant tout un week-end dans une carri\u00e8re.","breadcrumb":{"@id":"https:\/\/exaequo-communication.fr\/index.php\/2021\/03\/03\/lancement-rock-n-trail\/#breadcrumb"},"inLanguage":"fr-FR","potentialAction":[{"@type":"ReadAction","target":["https:\/\/exaequo-communication.fr\/index.php\/2021\/03\/03\/lancement-rock-n-trail\/"]}]},{"@type":"ImageObject","inLanguage":"fr-FR","@id":"https:\/\/exaequo-communication.fr\/index.php\/2021\/03\/03\/lancement-rock-n-trail\/#primaryimage","url":"https:\/\/exaequo-communication.fr\/wp-content\/uploads\/2021\/03\/NZ60754-scaled.jpg","contentUrl":"https:\/\/exaequo-communication.fr\/wp-content\/uploads\/2021\/03\/NZ60754-scaled.jpg","width":1539,"height":1024,"caption":"Rock n trail carri\u00e8re"},{"@type":"BreadcrumbList","@id":"https:\/\/exaequo-communication.fr\/index.php\/2021\/03\/03\/lancement-rock-n-trail\/#breadcrumb","itemListElement":[{"@type":"ListItem","position":1,"name":"Accueil","item":"https:\/\/exaequo-communication.fr\/"},{"@type":"ListItem","position":2,"name":"Lancement Rock n&rsquo;Trail"}]},{"@type":"WebSite","@id":"https:\/\/exaequo-communication.fr\/#website","url":"https:\/\/exaequo-communication.fr\/","name":"Exaequo communication","description":"","potentialAction":[{"@type":"SearchAction","target":{"@type":"EntryPoint","urlTemplate":"https:\/\/exaequo-communication.fr\/?s={search_term_string}"},"query-input":{"@type":"PropertyValueSpecification","valueRequired":true,"valueName":"search_term_string"}}],"inLanguage":"fr-FR"},{"@type":"Person","@id":"https:\/\/exaequo-communication.fr\/#\/schema\/person\/a2b781d9861576b70e7ac586c8d0e7dd","name":"Vincent","image":{"@type":"ImageObject","inLanguage":"fr-FR","@id":"https:\/\/exaequo-communication.fr\/#\/schema\/person\/image\/","url":"https:\/\/secure.gravatar.com\/avatar\/c58976c01b1d93e7e64f76bceed0cda416b0c2ec1073b37c7406cd511cdf9281?s=96&d=mm&r=g","contentUrl":"https:\/\/secure.gravatar.com\/avatar\/c58976c01b1d93e7e64f76bceed0cda416b0c2ec1073b37c7406cd511cdf9281?s=96&d=mm&r=g","caption":"Vincent"},"url":"https:\/\/exaequo-communication.fr\/index.php\/author\/vincent\/"}]}},"_links":{"self":[{"href":"https:\/\/exaequo-communication.fr\/index.php\/wp-json\/wp\/v2\/posts\/12668","targetHints":{"allow":["GET"]}}],"collection":[{"href":"https:\/\/exaequo-communication.fr\/index.php\/wp-json\/wp\/v2\/posts"}],"about":[{"href":"https:\/\/exaequo-communication.fr\/index.php\/wp-json\/wp\/v2\/types\/post"}],"author":[{"embeddable":true,"href":"https:\/\/exaequo-communication.fr\/index.php\/wp-json\/wp\/v2\/users\/5"}],"replies":[{"embeddable":true,"href":"https:\/\/exaequo-communication.fr\/index.php\/wp-json\/wp\/v2\/comments?post=12668"}],"version-history":[{"count":0,"href":"https:\/\/exaequo-communication.fr\/index.php\/wp-json\/wp\/v2\/posts\/12668\/revisions"}],"wp:featuredmedia":[{"embeddable":true,"href":"https:\/\/exaequo-communication.fr\/index.php\/wp-json\/wp\/v2\/media\/12672"}],"wp:attachment":[{"href":"https:\/\/exaequo-communication.fr\/index.php\/wp-json\/wp\/v2\/media?parent=12668"}],"wp:term":[{"taxonomy":"category","embeddable":true,"href":"https:\/\/exaequo-communication.fr\/index.php\/wp-json\/wp\/v2\/categories?post=12668"},{"taxonomy":"post_tag","embeddable":true,"href":"https:\/\/exaequo-communication.fr\/index.php\/wp-json\/wp\/v2\/tags?post=12668"}],"curies":[{"name":"wp","href":"https:\/\/api.w.org\/{rel}","templated":true}]}}