{"id":12360,"date":"2020-09-13T15:44:30","date_gmt":"2020-09-13T13:44:30","guid":{"rendered":"https:\/\/exaequo-communication.fr\/?p=12360"},"modified":"2020-12-13T15:45:30","modified_gmt":"2020-12-13T14:45:30","slug":"emeraude-events-2020","status":"publish","type":"post","link":"https:\/\/exaequo-communication.fr\/index.php\/2020\/09\/13\/emeraude-events-2020\/","title":{"rendered":"8\u00e8me \u00e9dition de l&rsquo;Emeraude Events"},"content":{"rendered":"[vc_row type=\u00a0\u00bbin_container\u00a0\u00bb full_screen_row_position=\u00a0\u00bbmiddle\u00a0\u00bb column_margin=\u00a0\u00bbdefault\u00a0\u00bb scene_position=\u00a0\u00bbcenter\u00a0\u00bb text_color=\u00a0\u00bbdark\u00a0\u00bb text_align=\u00a0\u00bbleft\u00a0\u00bb top_padding=\u00a0\u00bb10&Prime; overlay_strength=\u00a0\u00bb0.3&Prime; shape_divider_position=\u00a0\u00bbbottom\u00a0\u00bb bg_image_animation=\u00a0\u00bbnone\u00a0\u00bb shape_type=\u00a0\u00bb\u00a0\u00bb][vc_column column_padding=\u00a0\u00bbno-extra-padding\u00a0\u00bb column_padding_position=\u00a0\u00bball\u00a0\u00bb background_color_opacity=\u00a0\u00bb1&Prime; background_hover_color_opacity=\u00a0\u00bb1&Prime; column_link_target=\u00a0\u00bb_self\u00a0\u00bb column_shadow=\u00a0\u00bbnone\u00a0\u00bb column_border_radius=\u00a0\u00bbnone\u00a0\u00bb width=\u00a0\u00bb1\/2&Prime; tablet_width_inherit=\u00a0\u00bbdefault\u00a0\u00bb tablet_text_alignment=\u00a0\u00bbdefault\u00a0\u00bb phone_text_alignment=\u00a0\u00bbdefault\u00a0\u00bb overlay_strength=\u00a0\u00bb0.3&Prime; column_border_width=\u00a0\u00bbnone\u00a0\u00bb column_border_style=\u00a0\u00bbsolid\u00a0\u00bb bg_image_animation=\u00a0\u00bbnone\u00a0\u00bb][vc_gallery type=\u00a0\u00bbflexslider_style\u00a0\u00bb images=\u00a0\u00bb12368,12369,12374,12372,12375,12371,12373,12370&Prime; onclick=\u00a0\u00bblink_no\u00a0\u00bb hover_anim=\u00a0\u00bbfade-out\u00a0\u00bb][\/vc_column][vc_column column_padding=\u00a0\u00bbno-extra-padding\u00a0\u00bb column_padding_position=\u00a0\u00bball\u00a0\u00bb background_color_opacity=\u00a0\u00bb1&Prime; background_hover_color_opacity=\u00a0\u00bb1&Prime; column_link_target=\u00a0\u00bb_self\u00a0\u00bb column_shadow=\u00a0\u00bbnone\u00a0\u00bb column_border_radius=\u00a0\u00bbnone\u00a0\u00bb width=\u00a0\u00bb1\/2&Prime; tablet_width_inherit=\u00a0\u00bbdefault\u00a0\u00bb tablet_text_alignment=\u00a0\u00bbdefault\u00a0\u00bb phone_text_alignment=\u00a0\u00bbdefault\u00a0\u00bb overlay_strength=\u00a0\u00bb0.3&Prime; column_border_width=\u00a0\u00bbnone\u00a0\u00bb column_border_style=\u00a0\u00bbsolid\u00a0\u00bb bg_image_animation=\u00a0\u00bbnone\u00a0\u00bb][split_line_heading animation_type=\u00a0\u00bbdefault\u00a0\u00bb]\n<h3 style=\"text-align: left;\">Emeraude Events, une 8\u00e8me \u00e9dition sous le soleil breton !<\/h3>\n<p>Le week-end du 12 et 13 septembre dernier avait lieu la 8\u00e8me \u00e9dition de l&rsquo;Emeraude Events.[\/split_line_heading][\/vc_column][\/vc_row][vc_row type=\u00a0\u00bbin_container\u00a0\u00bb full_screen_row_position=\u00a0\u00bbmiddle\u00a0\u00bb column_margin=\u00a0\u00bbdefault\u00a0\u00bb scene_position=\u00a0\u00bbcenter\u00a0\u00bb text_color=\u00a0\u00bbdark\u00a0\u00bb text_align=\u00a0\u00bbleft\u00a0\u00bb overlay_strength=\u00a0\u00bb0.3&Prime; shape_divider_position=\u00a0\u00bbbottom\u00a0\u00bb bg_image_animation=\u00a0\u00bbnone\u00a0\u00bb][vc_column column_padding=\u00a0\u00bbno-extra-padding\u00a0\u00bb column_padding_position=\u00a0\u00bball\u00a0\u00bb background_color_opacity=\u00a0\u00bb1&Prime; background_hover_color_opacity=\u00a0\u00bb1&Prime; column_link_target=\u00a0\u00bb_self\u00a0\u00bb column_shadow=\u00a0\u00bbnone\u00a0\u00bb column_border_radius=\u00a0\u00bbnone\u00a0\u00bb width=\u00a0\u00bb1\/1&Prime; tablet_width_inherit=\u00a0\u00bbdefault\u00a0\u00bb tablet_text_alignment=\u00a0\u00bbdefault\u00a0\u00bb phone_text_alignment=\u00a0\u00bbdefault\u00a0\u00bb overlay_strength=\u00a0\u00bb0.3&Prime; column_border_width=\u00a0\u00bbnone\u00a0\u00bb column_border_style=\u00a0\u00bbsolid\u00a0\u00bb bg_image_animation=\u00a0\u00bbnone\u00a0\u00bb][vc_column_text]\n<h3>Retour des courses !<\/h3>\n<p>Pour le plus grand plaisir de tous, la 8\u00e8me \u00e9dition de <a href=\"https:\/\/www.emeraude-events.com\/\">l&rsquo;Emeraude Events<\/a> a eu lieu le week-end dernier, les 12 et 13 septembre. Apr\u00e8s une ann\u00e9e pauvre en comp\u00e9titions, les swimrunners et triathl\u00e8tes ont pu enfiler leur combinaison et plonger dans l&rsquo;eau turquoise qui n&rsquo;attendait qu&rsquo;eux. Pour l&rsquo;\u00e9quipe d&rsquo;Exaequo, cette ann\u00e9e \u00e9tait une premi\u00e8re \u00e9dition en partenariat avec l&rsquo;association Emeraude Events. L&rsquo;\u00e9v\u00e9nement s&rsquo;est d\u00e9roul\u00e9 sur la magnifique c\u00f4te d&rsquo;Emeraude au d\u00e9part des plages de Lancieux et Saint-Lunaire et qui plus est, avec un temps breton plac\u00e9 sous le signe du soleil. <strong>Deux disciplines \u00e9taient mises \u00e0 l&rsquo;honneur avec les Swimrun M et L et deux triathlons M et L.<\/strong><\/p>\n<h3>Championnats de France de Swimrun<\/h3>\n<p>A noter que cette ann\u00e9e l&rsquo;Emeraude Events a eu la chance d&rsquo;accueillir les <strong>Championnats de France de Swimrun <\/strong>de la <a href=\"https:\/\/www.fftri.com\/actualite\/swimrun-bapteme-du-feu-reussi-en-bretagne-pour-le-premier-championnat-de-france\/\" target=\"_blank\" rel=\"noopener noreferrer\">FFTRI<\/a>. Ces championnats se d\u00e9roulaient sur les \u00e9preuves M et L, pour tous les duos ayant deux repr\u00e9sentants venant du m\u00eame club. Ce sont donc 44 athl\u00e8tes pour le swimrun M et 90 pour le swimrun L qui ont tent\u00e9 leur chance. En tout, ils n&rsquo;\u00e9taient pas moins de 600 \u00e0 prendre le d\u00e9part sur l&rsquo;ensemble des deux courses.<\/p>\n<h3>Une \u00e9dition unique<\/h3>\n<p><strong>Pour cette 8\u00e8me \u00e9dition, pr\u00e8s de 2000 athl\u00e8tes,<\/strong> plus motiv\u00e9s que jamais, ont pris le d\u00e9part. Une \u00e9dition singuli\u00e8re puisqu&rsquo;elle \u00e9tait accompagn\u00e9e d&rsquo;un protocole sanitaire. La pr\u00e9sence des masques (hors comp\u00e9tition), de gels hydro-alcoolique, des flux \u00e0 sens unique ainsi que de la distanciation sociale n&rsquo;a \u00e9chapp\u00e9 \u00e0 personne. Ce qui n&rsquo;a pas refroidi nos athl\u00e8tes, puisque <strong>la bonne humeur \u00e9tait au rendez-vous et tous ont paru satisfaits de franchir la ligne d&rsquo;arriv\u00e9e.<\/strong><\/p>\n<p>F\u00e9licitations \u00e0 R\u00e9mi Mariette et Guillaume Heneman, Matthieu Poullain et Eug\u00e9nie Plane et Margaux Bontant et Pelagie Lemaire pour leur premi\u00e8re place dans les cat\u00e9gories respectives : 1er duo masculin, 1er duo mixte, 1er duo f\u00e9minins du Swimrun L.<\/p>\n<p>F\u00e9licitations \u00e0 Denis Chevrot et Linda Guinoiseau pour leur premi\u00e8re place dans leur cat\u00e9gorie sur l&rsquo;\u00e9preuve du Triathlon L.<\/p>\n<p><strong>Cette premi\u00e8re \u00e9dition est une belle r\u00e9ussite malgr\u00e9 la singularit\u00e9 de l&rsquo;\u00e9dition.<\/strong> L&rsquo;\u00e9quipe d&rsquo;Exaequo est heureuse et fi\u00e8re de leur premi\u00e8re participation \u00e0 l&rsquo;\u00e9v\u00e9nement. L&rsquo;organisation donne rendez-vous aux athl\u00e8tes du 10 au 12 septembre 2021 pour une 9\u00e8me \u00e9dition.<\/p>\n<p><strong>Un grand merci \u00e0 nos partenaires et b\u00e9n\u00e9voles qui ont fait de cet \u00e9v\u00e9nement une r\u00e9ussite.<\/strong><\/p>\n<p>Cr\u00e9dits photos : Laurent B.[\/vc_column_text][\/vc_column][\/vc_row][vc_row type=\u00a0\u00bbin_container\u00a0\u00bb full_screen_row_position=\u00a0\u00bbmiddle\u00a0\u00bb column_margin=\u00a0\u00bbdefault\u00a0\u00bb scene_position=\u00a0\u00bbcenter\u00a0\u00bb text_color=\u00a0\u00bbdark\u00a0\u00bb text_align=\u00a0\u00bbleft\u00a0\u00bb overlay_strength=\u00a0\u00bb0.3&Prime; shape_divider_position=\u00a0\u00bbbottom\u00a0\u00bb bg_image_animation=\u00a0\u00bbnone\u00a0\u00bb][vc_column column_padding=\u00a0\u00bbno-extra-padding\u00a0\u00bb column_padding_position=\u00a0\u00bball\u00a0\u00bb background_color_opacity=\u00a0\u00bb1&Prime; background_hover_color_opacity=\u00a0\u00bb1&Prime; column_link_target=\u00a0\u00bb_self\u00a0\u00bb column_shadow=\u00a0\u00bbnone\u00a0\u00bb column_border_radius=\u00a0\u00bbnone\u00a0\u00bb width=\u00a0\u00bb1\/1&Prime; tablet_width_inherit=\u00a0\u00bbdefault\u00a0\u00bb tablet_text_alignment=\u00a0\u00bbdefault\u00a0\u00bb phone_text_alignment=\u00a0\u00bbdefault\u00a0\u00bb overlay_strength=\u00a0\u00bb0.3&Prime; column_border_width=\u00a0\u00bbnone\u00a0\u00bb column_border_style=\u00a0\u00bbsolid\u00a0\u00bb bg_image_animation=\u00a0\u00bbnone\u00a0\u00bb][split_line_heading animation_type=\u00a0\u00bbdefault\u00a0\u00bb]\n<h3 style=\"text-align: left;\">Revoir en images la 8\u00e8me \u00e9dition de l&rsquo;Emeraude Events !<\/h3>\n[\/split_line_heading][\/vc_column][\/vc_row][vc_row type=\u00a0\u00bbin_container\u00a0\u00bb full_screen_row_position=\u00a0\u00bbmiddle\u00a0\u00bb column_margin=\u00a0\u00bbdefault\u00a0\u00bb scene_position=\u00a0\u00bbcenter\u00a0\u00bb text_color=\u00a0\u00bbdark\u00a0\u00bb text_align=\u00a0\u00bbleft\u00a0\u00bb overlay_strength=\u00a0\u00bb0.3&Prime; shape_divider_position=\u00a0\u00bbbottom\u00a0\u00bb bg_image_animation=\u00a0\u00bbnone\u00a0\u00bb][vc_column column_padding=\u00a0\u00bbno-extra-padding\u00a0\u00bb column_padding_position=\u00a0\u00bball\u00a0\u00bb background_color_opacity=\u00a0\u00bb1&Prime; background_hover_color_opacity=\u00a0\u00bb1&Prime; column_link_target=\u00a0\u00bb_self\u00a0\u00bb column_shadow=\u00a0\u00bbnone\u00a0\u00bb column_border_radius=\u00a0\u00bbnone\u00a0\u00bb width=\u00a0\u00bb1\/2&Prime; tablet_width_inherit=\u00a0\u00bbdefault\u00a0\u00bb tablet_text_alignment=\u00a0\u00bbdefault\u00a0\u00bb phone_text_alignment=\u00a0\u00bbdefault\u00a0\u00bb overlay_strength=\u00a0\u00bb0.3&Prime; column_border_width=\u00a0\u00bbnone\u00a0\u00bb column_border_style=\u00a0\u00bbsolid\u00a0\u00bb bg_image_animation=\u00a0\u00bbnone\u00a0\u00bb][nectar_video_lightbox link_style=\u00a0\u00bbplay_button_2&Prime; nectar_play_button_color=\u00a0\u00bbDefault-Accent-Color\u00a0\u00bb image_url=\u00a0\u00bb12432&Prime; hover_effect=\u00a0\u00bbdefaut\u00a0\u00bb box_shadow=\u00a0\u00bbnone\u00a0\u00bb border_radius=\u00a0\u00bbnone\u00a0\u00bb play_button_size=\u00a0\u00bbdefault\u00a0\u00bb video_url=\u00a0\u00bbhttps:\/\/www.youtube.com\/watch?v=h0J7jmRG-Ec\u00a0\u00bb][vc_column_text]Production des aftermovies : Javier Belmont, cam\u00e9ra : H\u00e9l\u00e8ne Guillot<\/p>\n<p>Images drone : Ready Prod[\/vc_column_text][\/vc_column][vc_column column_padding=\u00a0\u00bbno-extra-padding\u00a0\u00bb column_padding_position=\u00a0\u00bball\u00a0\u00bb background_color_opacity=\u00a0\u00bb1&Prime; background_hover_color_opacity=\u00a0\u00bb1&Prime; column_link_target=\u00a0\u00bb_self\u00a0\u00bb column_shadow=\u00a0\u00bbnone\u00a0\u00bb column_border_radius=\u00a0\u00bbnone\u00a0\u00bb width=\u00a0\u00bb1\/2&Prime; tablet_width_inherit=\u00a0\u00bbdefault\u00a0\u00bb tablet_text_alignment=\u00a0\u00bbdefault\u00a0\u00bb phone_text_alignment=\u00a0\u00bbdefault\u00a0\u00bb overlay_strength=\u00a0\u00bb0.3&Prime; column_border_width=\u00a0\u00bbnone\u00a0\u00bb column_border_style=\u00a0\u00bbsolid\u00a0\u00bb bg_image_animation=\u00a0\u00bbnone\u00a0\u00bb][nectar_video_lightbox link_style=\u00a0\u00bbplay_button_2&Prime; nectar_play_button_color=\u00a0\u00bbDefault-Accent-Color\u00a0\u00bb image_url=\u00a0\u00bb12377&Prime; hover_effect=\u00a0\u00bbdefaut\u00a0\u00bb box_shadow=\u00a0\u00bbnone\u00a0\u00bb border_radius=\u00a0\u00bbnone\u00a0\u00bb play_button_size=\u00a0\u00bbdefault\u00a0\u00bb video_url=\u00a0\u00bbhttps:\/\/www.youtube.com\/watch?v=fX49sguX6-Q\u00a0\u00bb][\/vc_column][\/vc_row]\n","protected":false},"excerpt":{"rendered":"<p>Pr\u00e8s de 2000 athl\u00e8tes ont pris le d\u00e9part sur la c\u00f4te d&rsquo;Emeraude le weekend du 12 et 13 septembre 2020.<\/p>\n","protected":false},"author":5,"featured_media":12367,"comment_status":"closed","ping_status":"closed","sticky":false,"template":"","format":"standard","meta":{"footnotes":""},"categories":[1],"tags":[],"class_list":{"0":"post-12360","1":"post","2":"type-post","3":"status-publish","4":"format-standard","5":"has-post-thumbnail","7":"category-actualites"},"yoast_head":"<!-- This site is optimized with the Yoast SEO plugin v27.0 - https:\/\/yoast.com\/product\/yoast-seo-wordpress\/ -->\n<title>8\u00e8me \u00e9dition de l&#039;Emeraude Events, sous le soleil breton<\/title>\n<meta name=\"description\" content=\"Les 12 et 13 septembre 2020, la 8\u00e8me \u00e9dition de l&#039;Emeraude Events a r\u00e9uni pr\u00e8s de 2000 athl\u00e8tes pour prendre le d\u00e9part sur la c\u00f4te d&#039;Emeraude.\" \/>\n<meta name=\"robots\" content=\"index, follow, max-snippet:-1, max-image-preview:large, max-video-preview:-1\" \/>\n<link rel=\"canonical\" href=\"https:\/\/exaequo-communication.fr\/index.php\/2020\/09\/13\/emeraude-events-2020\/\" \/>\n<meta property=\"og:locale\" content=\"fr_FR\" \/>\n<meta property=\"og:type\" content=\"article\" \/>\n<meta property=\"og:title\" content=\"Emeraude Events - Une 8\u00e8me \u00e9dition sous le soleil breton !\" \/>\n<meta property=\"og:description\" content=\"Les 12 et 13 septembre 2020, la 8\u00e8me \u00e9dition de l&#039;Emeraude Events a r\u00e9uni pr\u00e8s de 2000 athl\u00e8tes pour prendre le d\u00e9part sur la c\u00f4te d&#039;Emeraude.\" \/>\n<meta property=\"og:url\" content=\"https:\/\/exaequo-communication.fr\/index.php\/2020\/09\/13\/emeraude-events-2020\/\" \/>\n<meta property=\"og:site_name\" content=\"Exaequo communication\" \/>\n<meta property=\"article:published_time\" content=\"2020-09-13T13:44:30+00:00\" \/>\n<meta property=\"article:modified_time\" content=\"2020-12-13T14:45:30+00:00\" \/>\n<meta property=\"og:image\" content=\"https:\/\/exaequo-communication.fr\/wp-content\/uploads\/2020\/11\/EE-Laurent-B-SR-4.jpg\" \/>\n\t<meta property=\"og:image:width\" content=\"1700\" \/>\n\t<meta property=\"og:image:height\" content=\"940\" \/>\n\t<meta property=\"og:image:type\" content=\"image\/jpeg\" \/>\n<meta name=\"author\" content=\"Vincent\" \/>\n<meta name=\"twitter:card\" content=\"summary_large_image\" \/>\n<meta name=\"twitter:title\" content=\"Emeraude Events - Une 8\u00e8me \u00e9dition sous le soleil breton !\" \/>\n<meta name=\"twitter:description\" content=\"Les 12 et 13 septembre 2020, la 8\u00e8me \u00e9dition de l&#039;Emeraude Events a r\u00e9uni pr\u00e8s de 2000 athl\u00e8tes pour prendre le d\u00e9part sur la c\u00f4te d&#039;Emeraude.\" \/>\n<meta name=\"twitter:image\" content=\"https:\/\/exaequo-communication.fr\/wp-content\/uploads\/2020\/11\/EE-Laurent-B-SR-4.jpg\" \/>\n<meta name=\"twitter:label1\" content=\"\u00c9crit par\" \/>\n\t<meta name=\"twitter:data1\" content=\"Vincent\" \/>\n\t<meta name=\"twitter:label2\" content=\"Dur\u00e9e de lecture estim\u00e9e\" \/>\n\t<meta name=\"twitter:data2\" content=\"5 minutes\" \/>\n<script type=\"application\/ld+json\" class=\"yoast-schema-graph\">{\"@context\":\"https:\/\/schema.org\",\"@graph\":[{\"@type\":\"Article\",\"@id\":\"https:\/\/exaequo-communication.fr\/index.php\/2020\/09\/13\/emeraude-events-2020\/#article\",\"isPartOf\":{\"@id\":\"https:\/\/exaequo-communication.fr\/index.php\/2020\/09\/13\/emeraude-events-2020\/\"},\"author\":{\"name\":\"Vincent\",\"@id\":\"https:\/\/exaequo-communication.fr\/#\/schema\/person\/a2b781d9861576b70e7ac586c8d0e7dd\"},\"headline\":\"8\u00e8me \u00e9dition de l&rsquo;Emeraude Events\",\"datePublished\":\"2020-09-13T13:44:30+00:00\",\"dateModified\":\"2020-12-13T14:45:30+00:00\",\"mainEntityOfPage\":{\"@id\":\"https:\/\/exaequo-communication.fr\/index.php\/2020\/09\/13\/emeraude-events-2020\/\"},\"wordCount\":1093,\"image\":{\"@id\":\"https:\/\/exaequo-communication.fr\/index.php\/2020\/09\/13\/emeraude-events-2020\/#primaryimage\"},\"thumbnailUrl\":\"https:\/\/exaequo-communication.fr\/wp-content\/uploads\/2020\/11\/EE-Laurent-B-SR-4.jpg\",\"articleSection\":[\"Actualit\u00e9s\"],\"inLanguage\":\"fr-FR\"},{\"@type\":\"WebPage\",\"@id\":\"https:\/\/exaequo-communication.fr\/index.php\/2020\/09\/13\/emeraude-events-2020\/\",\"url\":\"https:\/\/exaequo-communication.fr\/index.php\/2020\/09\/13\/emeraude-events-2020\/\",\"name\":\"8\u00e8me \u00e9dition de l'Emeraude Events, sous le soleil breton\",\"isPartOf\":{\"@id\":\"https:\/\/exaequo-communication.fr\/#website\"},\"primaryImageOfPage\":{\"@id\":\"https:\/\/exaequo-communication.fr\/index.php\/2020\/09\/13\/emeraude-events-2020\/#primaryimage\"},\"image\":{\"@id\":\"https:\/\/exaequo-communication.fr\/index.php\/2020\/09\/13\/emeraude-events-2020\/#primaryimage\"},\"thumbnailUrl\":\"https:\/\/exaequo-communication.fr\/wp-content\/uploads\/2020\/11\/EE-Laurent-B-SR-4.jpg\",\"datePublished\":\"2020-09-13T13:44:30+00:00\",\"dateModified\":\"2020-12-13T14:45:30+00:00\",\"author\":{\"@id\":\"https:\/\/exaequo-communication.fr\/#\/schema\/person\/a2b781d9861576b70e7ac586c8d0e7dd\"},\"description\":\"Les 12 et 13 septembre 2020, la 8\u00e8me \u00e9dition de l'Emeraude Events a r\u00e9uni pr\u00e8s de 2000 athl\u00e8tes pour prendre le d\u00e9part sur la c\u00f4te d'Emeraude.\",\"breadcrumb\":{\"@id\":\"https:\/\/exaequo-communication.fr\/index.php\/2020\/09\/13\/emeraude-events-2020\/#breadcrumb\"},\"inLanguage\":\"fr-FR\",\"potentialAction\":[{\"@type\":\"ReadAction\",\"target\":[\"https:\/\/exaequo-communication.fr\/index.php\/2020\/09\/13\/emeraude-events-2020\/\"]}]},{\"@type\":\"ImageObject\",\"inLanguage\":\"fr-FR\",\"@id\":\"https:\/\/exaequo-communication.fr\/index.php\/2020\/09\/13\/emeraude-events-2020\/#primaryimage\",\"url\":\"https:\/\/exaequo-communication.fr\/wp-content\/uploads\/2020\/11\/EE-Laurent-B-SR-4.jpg\",\"contentUrl\":\"https:\/\/exaequo-communication.fr\/wp-content\/uploads\/2020\/11\/EE-Laurent-B-SR-4.jpg\",\"width\":1700,\"height\":940,\"caption\":\"EE-d\u00e9part-swimrun-L\"},{\"@type\":\"BreadcrumbList\",\"@id\":\"https:\/\/exaequo-communication.fr\/index.php\/2020\/09\/13\/emeraude-events-2020\/#breadcrumb\",\"itemListElement\":[{\"@type\":\"ListItem\",\"position\":1,\"name\":\"Accueil\",\"item\":\"https:\/\/exaequo-communication.fr\/\"},{\"@type\":\"ListItem\",\"position\":2,\"name\":\"8\u00e8me \u00e9dition de l&rsquo;Emeraude Events\"}]},{\"@type\":\"WebSite\",\"@id\":\"https:\/\/exaequo-communication.fr\/#website\",\"url\":\"https:\/\/exaequo-communication.fr\/\",\"name\":\"Exaequo communication\",\"description\":\"\",\"potentialAction\":[{\"@type\":\"SearchAction\",\"target\":{\"@type\":\"EntryPoint\",\"urlTemplate\":\"https:\/\/exaequo-communication.fr\/?s={search_term_string}\"},\"query-input\":{\"@type\":\"PropertyValueSpecification\",\"valueRequired\":true,\"valueName\":\"search_term_string\"}}],\"inLanguage\":\"fr-FR\"},{\"@type\":\"Person\",\"@id\":\"https:\/\/exaequo-communication.fr\/#\/schema\/person\/a2b781d9861576b70e7ac586c8d0e7dd\",\"name\":\"Vincent\",\"image\":{\"@type\":\"ImageObject\",\"inLanguage\":\"fr-FR\",\"@id\":\"https:\/\/exaequo-communication.fr\/#\/schema\/person\/image\/\",\"url\":\"https:\/\/secure.gravatar.com\/avatar\/c58976c01b1d93e7e64f76bceed0cda416b0c2ec1073b37c7406cd511cdf9281?s=96&d=mm&r=g\",\"contentUrl\":\"https:\/\/secure.gravatar.com\/avatar\/c58976c01b1d93e7e64f76bceed0cda416b0c2ec1073b37c7406cd511cdf9281?s=96&d=mm&r=g\",\"caption\":\"Vincent\"},\"url\":\"https:\/\/exaequo-communication.fr\/index.php\/author\/vincent\/\"}]}<\/script>\n<!-- \/ Yoast SEO plugin. -->","yoast_head_json":{"title":"8\u00e8me \u00e9dition de l'Emeraude Events, sous le soleil breton","description":"Les 12 et 13 septembre 2020, la 8\u00e8me \u00e9dition de l'Emeraude Events a r\u00e9uni pr\u00e8s de 2000 athl\u00e8tes pour prendre le d\u00e9part sur la c\u00f4te d'Emeraude.","robots":{"index":"index","follow":"follow","max-snippet":"max-snippet:-1","max-image-preview":"max-image-preview:large","max-video-preview":"max-video-preview:-1"},"canonical":"https:\/\/exaequo-communication.fr\/index.php\/2020\/09\/13\/emeraude-events-2020\/","og_locale":"fr_FR","og_type":"article","og_title":"Emeraude Events - Une 8\u00e8me \u00e9dition sous le soleil breton !","og_description":"Les 12 et 13 septembre 2020, la 8\u00e8me \u00e9dition de l'Emeraude Events a r\u00e9uni pr\u00e8s de 2000 athl\u00e8tes pour prendre le d\u00e9part sur la c\u00f4te d'Emeraude.","og_url":"https:\/\/exaequo-communication.fr\/index.php\/2020\/09\/13\/emeraude-events-2020\/","og_site_name":"Exaequo communication","article_published_time":"2020-09-13T13:44:30+00:00","article_modified_time":"2020-12-13T14:45:30+00:00","og_image":[{"width":1700,"height":940,"url":"https:\/\/exaequo-communication.fr\/wp-content\/uploads\/2020\/11\/EE-Laurent-B-SR-4.jpg","type":"image\/jpeg"}],"author":"Vincent","twitter_card":"summary_large_image","twitter_title":"Emeraude Events - Une 8\u00e8me \u00e9dition sous le soleil breton !","twitter_description":"Les 12 et 13 septembre 2020, la 8\u00e8me \u00e9dition de l'Emeraude Events a r\u00e9uni pr\u00e8s de 2000 athl\u00e8tes pour prendre le d\u00e9part sur la c\u00f4te d'Emeraude.","twitter_image":"https:\/\/exaequo-communication.fr\/wp-content\/uploads\/2020\/11\/EE-Laurent-B-SR-4.jpg","twitter_misc":{"\u00c9crit par":"Vincent","Dur\u00e9e de lecture estim\u00e9e":"5 minutes"},"schema":{"@context":"https:\/\/schema.org","@graph":[{"@type":"Article","@id":"https:\/\/exaequo-communication.fr\/index.php\/2020\/09\/13\/emeraude-events-2020\/#article","isPartOf":{"@id":"https:\/\/exaequo-communication.fr\/index.php\/2020\/09\/13\/emeraude-events-2020\/"},"author":{"name":"Vincent","@id":"https:\/\/exaequo-communication.fr\/#\/schema\/person\/a2b781d9861576b70e7ac586c8d0e7dd"},"headline":"8\u00e8me \u00e9dition de l&rsquo;Emeraude Events","datePublished":"2020-09-13T13:44:30+00:00","dateModified":"2020-12-13T14:45:30+00:00","mainEntityOfPage":{"@id":"https:\/\/exaequo-communication.fr\/index.php\/2020\/09\/13\/emeraude-events-2020\/"},"wordCount":1093,"image":{"@id":"https:\/\/exaequo-communication.fr\/index.php\/2020\/09\/13\/emeraude-events-2020\/#primaryimage"},"thumbnailUrl":"https:\/\/exaequo-communication.fr\/wp-content\/uploads\/2020\/11\/EE-Laurent-B-SR-4.jpg","articleSection":["Actualit\u00e9s"],"inLanguage":"fr-FR"},{"@type":"WebPage","@id":"https:\/\/exaequo-communication.fr\/index.php\/2020\/09\/13\/emeraude-events-2020\/","url":"https:\/\/exaequo-communication.fr\/index.php\/2020\/09\/13\/emeraude-events-2020\/","name":"8\u00e8me \u00e9dition de l'Emeraude Events, sous le soleil breton","isPartOf":{"@id":"https:\/\/exaequo-communication.fr\/#website"},"primaryImageOfPage":{"@id":"https:\/\/exaequo-communication.fr\/index.php\/2020\/09\/13\/emeraude-events-2020\/#primaryimage"},"image":{"@id":"https:\/\/exaequo-communication.fr\/index.php\/2020\/09\/13\/emeraude-events-2020\/#primaryimage"},"thumbnailUrl":"https:\/\/exaequo-communication.fr\/wp-content\/uploads\/2020\/11\/EE-Laurent-B-SR-4.jpg","datePublished":"2020-09-13T13:44:30+00:00","dateModified":"2020-12-13T14:45:30+00:00","author":{"@id":"https:\/\/exaequo-communication.fr\/#\/schema\/person\/a2b781d9861576b70e7ac586c8d0e7dd"},"description":"Les 12 et 13 septembre 2020, la 8\u00e8me \u00e9dition de l'Emeraude Events a r\u00e9uni pr\u00e8s de 2000 athl\u00e8tes pour prendre le d\u00e9part sur la c\u00f4te d'Emeraude.","breadcrumb":{"@id":"https:\/\/exaequo-communication.fr\/index.php\/2020\/09\/13\/emeraude-events-2020\/#breadcrumb"},"inLanguage":"fr-FR","potentialAction":[{"@type":"ReadAction","target":["https:\/\/exaequo-communication.fr\/index.php\/2020\/09\/13\/emeraude-events-2020\/"]}]},{"@type":"ImageObject","inLanguage":"fr-FR","@id":"https:\/\/exaequo-communication.fr\/index.php\/2020\/09\/13\/emeraude-events-2020\/#primaryimage","url":"https:\/\/exaequo-communication.fr\/wp-content\/uploads\/2020\/11\/EE-Laurent-B-SR-4.jpg","contentUrl":"https:\/\/exaequo-communication.fr\/wp-content\/uploads\/2020\/11\/EE-Laurent-B-SR-4.jpg","width":1700,"height":940,"caption":"EE-d\u00e9part-swimrun-L"},{"@type":"BreadcrumbList","@id":"https:\/\/exaequo-communication.fr\/index.php\/2020\/09\/13\/emeraude-events-2020\/#breadcrumb","itemListElement":[{"@type":"ListItem","position":1,"name":"Accueil","item":"https:\/\/exaequo-communication.fr\/"},{"@type":"ListItem","position":2,"name":"8\u00e8me \u00e9dition de l&rsquo;Emeraude Events"}]},{"@type":"WebSite","@id":"https:\/\/exaequo-communication.fr\/#website","url":"https:\/\/exaequo-communication.fr\/","name":"Exaequo communication","description":"","potentialAction":[{"@type":"SearchAction","target":{"@type":"EntryPoint","urlTemplate":"https:\/\/exaequo-communication.fr\/?s={search_term_string}"},"query-input":{"@type":"PropertyValueSpecification","valueRequired":true,"valueName":"search_term_string"}}],"inLanguage":"fr-FR"},{"@type":"Person","@id":"https:\/\/exaequo-communication.fr\/#\/schema\/person\/a2b781d9861576b70e7ac586c8d0e7dd","name":"Vincent","image":{"@type":"ImageObject","inLanguage":"fr-FR","@id":"https:\/\/exaequo-communication.fr\/#\/schema\/person\/image\/","url":"https:\/\/secure.gravatar.com\/avatar\/c58976c01b1d93e7e64f76bceed0cda416b0c2ec1073b37c7406cd511cdf9281?s=96&d=mm&r=g","contentUrl":"https:\/\/secure.gravatar.com\/avatar\/c58976c01b1d93e7e64f76bceed0cda416b0c2ec1073b37c7406cd511cdf9281?s=96&d=mm&r=g","caption":"Vincent"},"url":"https:\/\/exaequo-communication.fr\/index.php\/author\/vincent\/"}]}},"_links":{"self":[{"href":"https:\/\/exaequo-communication.fr\/index.php\/wp-json\/wp\/v2\/posts\/12360","targetHints":{"allow":["GET"]}}],"collection":[{"href":"https:\/\/exaequo-communication.fr\/index.php\/wp-json\/wp\/v2\/posts"}],"about":[{"href":"https:\/\/exaequo-communication.fr\/index.php\/wp-json\/wp\/v2\/types\/post"}],"author":[{"embeddable":true,"href":"https:\/\/exaequo-communication.fr\/index.php\/wp-json\/wp\/v2\/users\/5"}],"replies":[{"embeddable":true,"href":"https:\/\/exaequo-communication.fr\/index.php\/wp-json\/wp\/v2\/comments?post=12360"}],"version-history":[{"count":0,"href":"https:\/\/exaequo-communication.fr\/index.php\/wp-json\/wp\/v2\/posts\/12360\/revisions"}],"wp:featuredmedia":[{"embeddable":true,"href":"https:\/\/exaequo-communication.fr\/index.php\/wp-json\/wp\/v2\/media\/12367"}],"wp:attachment":[{"href":"https:\/\/exaequo-communication.fr\/index.php\/wp-json\/wp\/v2\/media?parent=12360"}],"wp:term":[{"taxonomy":"category","embeddable":true,"href":"https:\/\/exaequo-communication.fr\/index.php\/wp-json\/wp\/v2\/categories?post=12360"},{"taxonomy":"post_tag","embeddable":true,"href":"https:\/\/exaequo-communication.fr\/index.php\/wp-json\/wp\/v2\/tags?post=12360"}],"curies":[{"name":"wp","href":"https:\/\/api.w.org\/{rel}","templated":true}]}}