{"id":12299,"date":"2020-10-09T11:56:39","date_gmt":"2020-10-09T09:56:39","guid":{"rendered":"https:\/\/exaequo-communication.fr\/?p=12299"},"modified":"2020-10-09T12:02:02","modified_gmt":"2020-10-09T10:02:02","slug":"norlandas-cup-sept-2020","status":"publish","type":"post","link":"https:\/\/exaequo-communication.fr\/index.php\/2020\/10\/09\/norlandas-cup-sept-2020\/","title":{"rendered":"La Norlanda&rsquo;s Cup 2020"},"content":{"rendered":"[vc_row type=\u00a0\u00bbin_container\u00a0\u00bb full_screen_row_position=\u00a0\u00bbmiddle\u00a0\u00bb column_margin=\u00a0\u00bbdefault\u00a0\u00bb scene_position=\u00a0\u00bbcenter\u00a0\u00bb text_color=\u00a0\u00bbdark\u00a0\u00bb text_align=\u00a0\u00bbleft\u00a0\u00bb top_padding=\u00a0\u00bb10&Prime; overlay_strength=\u00a0\u00bb0.3&Prime; shape_divider_position=\u00a0\u00bbbottom\u00a0\u00bb bg_image_animation=\u00a0\u00bbnone\u00a0\u00bb shape_type=\u00a0\u00bb\u00a0\u00bb][vc_column column_padding=\u00a0\u00bbno-extra-padding\u00a0\u00bb column_padding_position=\u00a0\u00bball\u00a0\u00bb background_color_opacity=\u00a0\u00bb1&Prime; background_hover_color_opacity=\u00a0\u00bb1&Prime; column_link_target=\u00a0\u00bb_self\u00a0\u00bb column_shadow=\u00a0\u00bbnone\u00a0\u00bb column_border_radius=\u00a0\u00bbnone\u00a0\u00bb width=\u00a0\u00bb1\/2&Prime; tablet_width_inherit=\u00a0\u00bbdefault\u00a0\u00bb tablet_text_alignment=\u00a0\u00bbdefault\u00a0\u00bb phone_text_alignment=\u00a0\u00bbdefault\u00a0\u00bb overlay_strength=\u00a0\u00bb0.3&Prime; column_border_width=\u00a0\u00bbnone\u00a0\u00bb column_border_style=\u00a0\u00bbsolid\u00a0\u00bb bg_image_animation=\u00a0\u00bbnone\u00a0\u00bb][vc_gallery type=\u00a0\u00bbflexslider_style\u00a0\u00bb images=\u00a0\u00bb12308,12310,12306,12307,12309&Prime; onclick=\u00a0\u00bblink_no\u00a0\u00bb][\/vc_column][vc_column column_padding=\u00a0\u00bbno-extra-padding\u00a0\u00bb column_padding_position=\u00a0\u00bball\u00a0\u00bb background_color_opacity=\u00a0\u00bb1&Prime; background_hover_color_opacity=\u00a0\u00bb1&Prime; column_link_target=\u00a0\u00bb_self\u00a0\u00bb column_shadow=\u00a0\u00bbnone\u00a0\u00bb column_border_radius=\u00a0\u00bbnone\u00a0\u00bb width=\u00a0\u00bb1\/2&Prime; tablet_width_inherit=\u00a0\u00bbdefault\u00a0\u00bb tablet_text_alignment=\u00a0\u00bbdefault\u00a0\u00bb phone_text_alignment=\u00a0\u00bbdefault\u00a0\u00bb overlay_strength=\u00a0\u00bb0.3&Prime; column_border_width=\u00a0\u00bbnone\u00a0\u00bb column_border_style=\u00a0\u00bbsolid\u00a0\u00bb bg_image_animation=\u00a0\u00bbnone\u00a0\u00bb][vc_column_text]\n<h3>NORLANDA&rsquo;S CUP &#8211; 2020<\/h3>\n<p>Pour le plus grand bonheur de nos r\u00e9gatiers, le soleil et le vent ont r\u00e9pondu pr\u00e9sents sur cette 11\u00e8me \u00e9dition.[\/vc_column_text][\/vc_column][\/vc_row][vc_row type=\u00a0\u00bbin_container\u00a0\u00bb full_screen_row_position=\u00a0\u00bbmiddle\u00a0\u00bb column_margin=\u00a0\u00bbdefault\u00a0\u00bb scene_position=\u00a0\u00bbcenter\u00a0\u00bb text_color=\u00a0\u00bbdark\u00a0\u00bb text_align=\u00a0\u00bbleft\u00a0\u00bb overlay_strength=\u00a0\u00bb0.3&Prime; shape_divider_position=\u00a0\u00bbbottom\u00a0\u00bb bg_image_animation=\u00a0\u00bbnone\u00a0\u00bb shape_type=\u00a0\u00bb\u00a0\u00bb][vc_column column_padding=\u00a0\u00bbno-extra-padding\u00a0\u00bb column_padding_position=\u00a0\u00bball\u00a0\u00bb background_color_opacity=\u00a0\u00bb1&Prime; background_hover_color_opacity=\u00a0\u00bb1&Prime; column_link_target=\u00a0\u00bb_self\u00a0\u00bb column_shadow=\u00a0\u00bbnone\u00a0\u00bb column_border_radius=\u00a0\u00bbnone\u00a0\u00bb width=\u00a0\u00bb1\/1&Prime; tablet_width_inherit=\u00a0\u00bbdefault\u00a0\u00bb tablet_text_alignment=\u00a0\u00bbdefault\u00a0\u00bb phone_text_alignment=\u00a0\u00bbdefault\u00a0\u00bb overlay_strength=\u00a0\u00bb0.3&Prime; column_border_width=\u00a0\u00bbnone\u00a0\u00bb column_border_style=\u00a0\u00bbsolid\u00a0\u00bb bg_image_animation=\u00a0\u00bbnone\u00a0\u00bb][vc_column_text]Initialement programm\u00e9e du 25 au 28 mai, puis report\u00e9e en octobre en raison du Covid-19, la Norlanda&rsquo;s Cup a eu lieu ce mercredi 7 octobre \u00e0 la nouvelle base nautique Bertrand-G\u00e9nard. Cette r\u00e9gate inter-entreprises organis\u00e9e par Exaequo en partenariat avec le <a href=\"http:\/\/www.caen-yacht-club.com\/\" target=\"_blank\" rel=\"noopener noreferrer\">Caen Yacht Club<\/a>\u00a0et\u00a0<a href=\"https:\/\/www.caennormandiedeveloppement.fr\/\" target=\"_blank\" rel=\"noopener noreferrer\">Caen Normandie D\u00e9veloppement,<\/a> s&rsquo;est adapt\u00e9e aux conditions m\u00e9t\u00e9orologiques et s&rsquo;est donc vu raccourcie sur une seule et m\u00eame journ\u00e9e.<\/p>\n<p>Organis\u00e9e sous un format match-race, la Norlanda&rsquo;s Cup est unique puisqu\u2019elle r\u00e9unit exclusivement des \u00e9quipages entreprises et collectivit\u00e9s. Cette ann\u00e9e, 12 \u00e9quipages \u00e9taient au rendez-vous pour se challenger toute la journ\u00e9e sur le plan d\u2019eau du bassin de Calix. Le soleil et le vent \u00e9taient de la partie et ont permis aux participants de profiter de superbes conditions de navigation.<\/p>\n<p>Apr\u00e8s 32 duels jou\u00e9s, le vainqueur de cette nouvelle \u00e9dition se compose de deux entreprises : <a href=\"http:\/\/www.teim-reseaux.fr\/\" target=\"_blank\" rel=\"noopener noreferrer\">TEIM<\/a> et LE BOUCHON VIROIS.<br \/>\nL&rsquo;entreprise <a href=\"http:\/\/www.vallois.eu\/\" target=\"_blank\" rel=\"noopener noreferrer\">VALLOIS<\/a>, quant \u00e0 elle, remporte la cuill\u00e8re de bois.<\/p>\n<p>Retrouvez le classement complet\u00a0<a href=\"https:\/\/exaequo-communication.fr\/wp-content\/uploads\/2020\/10\/NCUP-R\u00e9sultats-2020-1.pdf\" target=\"_blank\" rel=\"noopener noreferrer\">ici<\/a>.<\/p>\n<p>Rendez-vous l\u2019ann\u00e9e prochaine pour continuer l\u2019aventure Norlanda\u2019s Cup.<\/p>\n<p>Le site :\u00a0<a href=\"http:\/\/www.norlandascup.fr\/\" target=\"_blank\" rel=\"noopener noreferrer\">www.norlandascup.fr<\/a><\/p>\n<p>Retrouvez la Norlanda sur\u00a0<a href=\"https:\/\/www.facebook.com\/norlandascup\" target=\"_blank\" rel=\"noopener noreferrer\">Facebook<\/a>.<\/p>\n<p>Sites :<\/p>\n<p><a href=\"https:\/\/caen.fr\/\" target=\"_blank\" rel=\"noopener noreferrer\">www.caen.fr<\/a><\/p>\n<p><a href=\"http:\/\/caen-yacht-club.com\/web\/\" target=\"_blank\" rel=\"noopener noreferrer\">www.caen-yacht-club.com<\/a>[\/vc_column_text][\/vc_column][\/vc_row]\n","protected":false},"excerpt":{"rendered":"<p>Pour le plus grand bonheur de nos r\u00e9gatiers, le soleil et le vent ont r\u00e9pondu pr\u00e9sents sur cette 11\u00e8me \u00e9dition.<\/p>\n","protected":false},"author":5,"featured_media":12308,"comment_status":"closed","ping_status":"closed","sticky":false,"template":"","format":"standard","meta":{"footnotes":""},"categories":[1,176,178],"tags":[],"class_list":{"0":"post-12299","1":"post","2":"type-post","3":"status-publish","4":"format-standard","5":"has-post-thumbnail","7":"category-actualites","8":"category-corporate","9":"category-team-building"},"yoast_head":"<!-- This site is optimized with the Yoast SEO plugin v27.0 - https:\/\/yoast.com\/product\/yoast-seo-wordpress\/ -->\n<title>La Norlanda&#039;s Cup 2020 - Exaequo communication<\/title>\n<meta name=\"description\" content=\"Retour sur la 11\u00e8me \u00e9dition de la Norlanda&#039;s Cup organis\u00e9e de mercredi 7 octobre 2020 sur la nouvelle base nautique Bertrand-G\u00e9nard.\" \/>\n<meta name=\"robots\" content=\"index, follow, max-snippet:-1, max-image-preview:large, max-video-preview:-1\" \/>\n<link rel=\"canonical\" href=\"https:\/\/exaequo-communication.fr\/index.php\/2020\/10\/09\/norlandas-cup-sept-2020\/\" \/>\n<meta property=\"og:locale\" content=\"fr_FR\" \/>\n<meta property=\"og:type\" content=\"article\" \/>\n<meta property=\"og:title\" content=\"Norlanda&#039;s Cup 2020\" \/>\n<meta property=\"og:description\" content=\"Retour sur la 11\u00e8me \u00e9dition de la Norlanda&#039;s Cup organis\u00e9e de mercredi 7 octobre 2020 sur la nouvelle base nautique Bertrand-G\u00e9nard.\" \/>\n<meta property=\"og:url\" content=\"https:\/\/exaequo-communication.fr\/index.php\/2020\/10\/09\/norlandas-cup-sept-2020\/\" \/>\n<meta property=\"og:site_name\" content=\"Exaequo communication\" \/>\n<meta property=\"article:published_time\" content=\"2020-10-09T09:56:39+00:00\" \/>\n<meta property=\"article:modified_time\" content=\"2020-10-09T10:02:02+00:00\" \/>\n<meta property=\"og:image\" content=\"https:\/\/exaequo-communication.fr\/wp-content\/uploads\/2020\/10\/IMG_8293.jpg\" \/>\n\t<meta property=\"og:image:width\" content=\"1536\" \/>\n\t<meta property=\"og:image:height\" content=\"1024\" \/>\n\t<meta property=\"og:image:type\" content=\"image\/jpeg\" \/>\n<meta name=\"author\" content=\"Vincent\" \/>\n<meta name=\"twitter:card\" content=\"summary_large_image\" \/>\n<meta name=\"twitter:label1\" content=\"\u00c9crit par\" \/>\n\t<meta name=\"twitter:data1\" content=\"Vincent\" \/>\n\t<meta name=\"twitter:label2\" content=\"Dur\u00e9e de lecture estim\u00e9e\" \/>\n\t<meta name=\"twitter:data2\" content=\"2 minutes\" \/>\n<script type=\"application\/ld+json\" class=\"yoast-schema-graph\">{\"@context\":\"https:\/\/schema.org\",\"@graph\":[{\"@type\":\"Article\",\"@id\":\"https:\/\/exaequo-communication.fr\/index.php\/2020\/10\/09\/norlandas-cup-sept-2020\/#article\",\"isPartOf\":{\"@id\":\"https:\/\/exaequo-communication.fr\/index.php\/2020\/10\/09\/norlandas-cup-sept-2020\/\"},\"author\":{\"name\":\"Vincent\",\"@id\":\"https:\/\/exaequo-communication.fr\/#\/schema\/person\/a2b781d9861576b70e7ac586c8d0e7dd\"},\"headline\":\"La Norlanda&rsquo;s Cup 2020\",\"datePublished\":\"2020-10-09T09:56:39+00:00\",\"dateModified\":\"2020-10-09T10:02:02+00:00\",\"mainEntityOfPage\":{\"@id\":\"https:\/\/exaequo-communication.fr\/index.php\/2020\/10\/09\/norlandas-cup-sept-2020\/\"},\"wordCount\":501,\"image\":{\"@id\":\"https:\/\/exaequo-communication.fr\/index.php\/2020\/10\/09\/norlandas-cup-sept-2020\/#primaryimage\"},\"thumbnailUrl\":\"https:\/\/exaequo-communication.fr\/wp-content\/uploads\/2020\/10\/IMG_8293.jpg\",\"articleSection\":[\"Actualit\u00e9s\",\"Corporate\",\"Team Building\"],\"inLanguage\":\"fr-FR\"},{\"@type\":\"WebPage\",\"@id\":\"https:\/\/exaequo-communication.fr\/index.php\/2020\/10\/09\/norlandas-cup-sept-2020\/\",\"url\":\"https:\/\/exaequo-communication.fr\/index.php\/2020\/10\/09\/norlandas-cup-sept-2020\/\",\"name\":\"La Norlanda's Cup 2020 - Exaequo communication\",\"isPartOf\":{\"@id\":\"https:\/\/exaequo-communication.fr\/#website\"},\"primaryImageOfPage\":{\"@id\":\"https:\/\/exaequo-communication.fr\/index.php\/2020\/10\/09\/norlandas-cup-sept-2020\/#primaryimage\"},\"image\":{\"@id\":\"https:\/\/exaequo-communication.fr\/index.php\/2020\/10\/09\/norlandas-cup-sept-2020\/#primaryimage\"},\"thumbnailUrl\":\"https:\/\/exaequo-communication.fr\/wp-content\/uploads\/2020\/10\/IMG_8293.jpg\",\"datePublished\":\"2020-10-09T09:56:39+00:00\",\"dateModified\":\"2020-10-09T10:02:02+00:00\",\"author\":{\"@id\":\"https:\/\/exaequo-communication.fr\/#\/schema\/person\/a2b781d9861576b70e7ac586c8d0e7dd\"},\"description\":\"Retour sur la 11\u00e8me \u00e9dition de la Norlanda's Cup organis\u00e9e de mercredi 7 octobre 2020 sur la nouvelle base nautique Bertrand-G\u00e9nard.\",\"breadcrumb\":{\"@id\":\"https:\/\/exaequo-communication.fr\/index.php\/2020\/10\/09\/norlandas-cup-sept-2020\/#breadcrumb\"},\"inLanguage\":\"fr-FR\",\"potentialAction\":[{\"@type\":\"ReadAction\",\"target\":[\"https:\/\/exaequo-communication.fr\/index.php\/2020\/10\/09\/norlandas-cup-sept-2020\/\"]}]},{\"@type\":\"ImageObject\",\"inLanguage\":\"fr-FR\",\"@id\":\"https:\/\/exaequo-communication.fr\/index.php\/2020\/10\/09\/norlandas-cup-sept-2020\/#primaryimage\",\"url\":\"https:\/\/exaequo-communication.fr\/wp-content\/uploads\/2020\/10\/IMG_8293.jpg\",\"contentUrl\":\"https:\/\/exaequo-communication.fr\/wp-content\/uploads\/2020\/10\/IMG_8293.jpg\",\"width\":1536,\"height\":1024},{\"@type\":\"BreadcrumbList\",\"@id\":\"https:\/\/exaequo-communication.fr\/index.php\/2020\/10\/09\/norlandas-cup-sept-2020\/#breadcrumb\",\"itemListElement\":[{\"@type\":\"ListItem\",\"position\":1,\"name\":\"Accueil\",\"item\":\"https:\/\/exaequo-communication.fr\/\"},{\"@type\":\"ListItem\",\"position\":2,\"name\":\"La Norlanda&rsquo;s Cup 2020\"}]},{\"@type\":\"WebSite\",\"@id\":\"https:\/\/exaequo-communication.fr\/#website\",\"url\":\"https:\/\/exaequo-communication.fr\/\",\"name\":\"Exaequo communication\",\"description\":\"\",\"potentialAction\":[{\"@type\":\"SearchAction\",\"target\":{\"@type\":\"EntryPoint\",\"urlTemplate\":\"https:\/\/exaequo-communication.fr\/?s={search_term_string}\"},\"query-input\":{\"@type\":\"PropertyValueSpecification\",\"valueRequired\":true,\"valueName\":\"search_term_string\"}}],\"inLanguage\":\"fr-FR\"},{\"@type\":\"Person\",\"@id\":\"https:\/\/exaequo-communication.fr\/#\/schema\/person\/a2b781d9861576b70e7ac586c8d0e7dd\",\"name\":\"Vincent\",\"image\":{\"@type\":\"ImageObject\",\"inLanguage\":\"fr-FR\",\"@id\":\"https:\/\/exaequo-communication.fr\/#\/schema\/person\/image\/\",\"url\":\"https:\/\/secure.gravatar.com\/avatar\/c58976c01b1d93e7e64f76bceed0cda416b0c2ec1073b37c7406cd511cdf9281?s=96&d=mm&r=g\",\"contentUrl\":\"https:\/\/secure.gravatar.com\/avatar\/c58976c01b1d93e7e64f76bceed0cda416b0c2ec1073b37c7406cd511cdf9281?s=96&d=mm&r=g\",\"caption\":\"Vincent\"},\"url\":\"https:\/\/exaequo-communication.fr\/index.php\/author\/vincent\/\"}]}<\/script>\n<!-- \/ Yoast SEO plugin. -->","yoast_head_json":{"title":"La Norlanda's Cup 2020 - Exaequo communication","description":"Retour sur la 11\u00e8me \u00e9dition de la Norlanda's Cup organis\u00e9e de mercredi 7 octobre 2020 sur la nouvelle base nautique Bertrand-G\u00e9nard.","robots":{"index":"index","follow":"follow","max-snippet":"max-snippet:-1","max-image-preview":"max-image-preview:large","max-video-preview":"max-video-preview:-1"},"canonical":"https:\/\/exaequo-communication.fr\/index.php\/2020\/10\/09\/norlandas-cup-sept-2020\/","og_locale":"fr_FR","og_type":"article","og_title":"Norlanda's Cup 2020","og_description":"Retour sur la 11\u00e8me \u00e9dition de la Norlanda's Cup organis\u00e9e de mercredi 7 octobre 2020 sur la nouvelle base nautique Bertrand-G\u00e9nard.","og_url":"https:\/\/exaequo-communication.fr\/index.php\/2020\/10\/09\/norlandas-cup-sept-2020\/","og_site_name":"Exaequo communication","article_published_time":"2020-10-09T09:56:39+00:00","article_modified_time":"2020-10-09T10:02:02+00:00","og_image":[{"width":1536,"height":1024,"url":"https:\/\/exaequo-communication.fr\/wp-content\/uploads\/2020\/10\/IMG_8293.jpg","type":"image\/jpeg"}],"author":"Vincent","twitter_card":"summary_large_image","twitter_misc":{"\u00c9crit par":"Vincent","Dur\u00e9e de lecture estim\u00e9e":"2 minutes"},"schema":{"@context":"https:\/\/schema.org","@graph":[{"@type":"Article","@id":"https:\/\/exaequo-communication.fr\/index.php\/2020\/10\/09\/norlandas-cup-sept-2020\/#article","isPartOf":{"@id":"https:\/\/exaequo-communication.fr\/index.php\/2020\/10\/09\/norlandas-cup-sept-2020\/"},"author":{"name":"Vincent","@id":"https:\/\/exaequo-communication.fr\/#\/schema\/person\/a2b781d9861576b70e7ac586c8d0e7dd"},"headline":"La Norlanda&rsquo;s Cup 2020","datePublished":"2020-10-09T09:56:39+00:00","dateModified":"2020-10-09T10:02:02+00:00","mainEntityOfPage":{"@id":"https:\/\/exaequo-communication.fr\/index.php\/2020\/10\/09\/norlandas-cup-sept-2020\/"},"wordCount":501,"image":{"@id":"https:\/\/exaequo-communication.fr\/index.php\/2020\/10\/09\/norlandas-cup-sept-2020\/#primaryimage"},"thumbnailUrl":"https:\/\/exaequo-communication.fr\/wp-content\/uploads\/2020\/10\/IMG_8293.jpg","articleSection":["Actualit\u00e9s","Corporate","Team Building"],"inLanguage":"fr-FR"},{"@type":"WebPage","@id":"https:\/\/exaequo-communication.fr\/index.php\/2020\/10\/09\/norlandas-cup-sept-2020\/","url":"https:\/\/exaequo-communication.fr\/index.php\/2020\/10\/09\/norlandas-cup-sept-2020\/","name":"La Norlanda's Cup 2020 - Exaequo communication","isPartOf":{"@id":"https:\/\/exaequo-communication.fr\/#website"},"primaryImageOfPage":{"@id":"https:\/\/exaequo-communication.fr\/index.php\/2020\/10\/09\/norlandas-cup-sept-2020\/#primaryimage"},"image":{"@id":"https:\/\/exaequo-communication.fr\/index.php\/2020\/10\/09\/norlandas-cup-sept-2020\/#primaryimage"},"thumbnailUrl":"https:\/\/exaequo-communication.fr\/wp-content\/uploads\/2020\/10\/IMG_8293.jpg","datePublished":"2020-10-09T09:56:39+00:00","dateModified":"2020-10-09T10:02:02+00:00","author":{"@id":"https:\/\/exaequo-communication.fr\/#\/schema\/person\/a2b781d9861576b70e7ac586c8d0e7dd"},"description":"Retour sur la 11\u00e8me \u00e9dition de la Norlanda's Cup organis\u00e9e de mercredi 7 octobre 2020 sur la nouvelle base nautique Bertrand-G\u00e9nard.","breadcrumb":{"@id":"https:\/\/exaequo-communication.fr\/index.php\/2020\/10\/09\/norlandas-cup-sept-2020\/#breadcrumb"},"inLanguage":"fr-FR","potentialAction":[{"@type":"ReadAction","target":["https:\/\/exaequo-communication.fr\/index.php\/2020\/10\/09\/norlandas-cup-sept-2020\/"]}]},{"@type":"ImageObject","inLanguage":"fr-FR","@id":"https:\/\/exaequo-communication.fr\/index.php\/2020\/10\/09\/norlandas-cup-sept-2020\/#primaryimage","url":"https:\/\/exaequo-communication.fr\/wp-content\/uploads\/2020\/10\/IMG_8293.jpg","contentUrl":"https:\/\/exaequo-communication.fr\/wp-content\/uploads\/2020\/10\/IMG_8293.jpg","width":1536,"height":1024},{"@type":"BreadcrumbList","@id":"https:\/\/exaequo-communication.fr\/index.php\/2020\/10\/09\/norlandas-cup-sept-2020\/#breadcrumb","itemListElement":[{"@type":"ListItem","position":1,"name":"Accueil","item":"https:\/\/exaequo-communication.fr\/"},{"@type":"ListItem","position":2,"name":"La Norlanda&rsquo;s Cup 2020"}]},{"@type":"WebSite","@id":"https:\/\/exaequo-communication.fr\/#website","url":"https:\/\/exaequo-communication.fr\/","name":"Exaequo communication","description":"","potentialAction":[{"@type":"SearchAction","target":{"@type":"EntryPoint","urlTemplate":"https:\/\/exaequo-communication.fr\/?s={search_term_string}"},"query-input":{"@type":"PropertyValueSpecification","valueRequired":true,"valueName":"search_term_string"}}],"inLanguage":"fr-FR"},{"@type":"Person","@id":"https:\/\/exaequo-communication.fr\/#\/schema\/person\/a2b781d9861576b70e7ac586c8d0e7dd","name":"Vincent","image":{"@type":"ImageObject","inLanguage":"fr-FR","@id":"https:\/\/exaequo-communication.fr\/#\/schema\/person\/image\/","url":"https:\/\/secure.gravatar.com\/avatar\/c58976c01b1d93e7e64f76bceed0cda416b0c2ec1073b37c7406cd511cdf9281?s=96&d=mm&r=g","contentUrl":"https:\/\/secure.gravatar.com\/avatar\/c58976c01b1d93e7e64f76bceed0cda416b0c2ec1073b37c7406cd511cdf9281?s=96&d=mm&r=g","caption":"Vincent"},"url":"https:\/\/exaequo-communication.fr\/index.php\/author\/vincent\/"}]}},"_links":{"self":[{"href":"https:\/\/exaequo-communication.fr\/index.php\/wp-json\/wp\/v2\/posts\/12299","targetHints":{"allow":["GET"]}}],"collection":[{"href":"https:\/\/exaequo-communication.fr\/index.php\/wp-json\/wp\/v2\/posts"}],"about":[{"href":"https:\/\/exaequo-communication.fr\/index.php\/wp-json\/wp\/v2\/types\/post"}],"author":[{"embeddable":true,"href":"https:\/\/exaequo-communication.fr\/index.php\/wp-json\/wp\/v2\/users\/5"}],"replies":[{"embeddable":true,"href":"https:\/\/exaequo-communication.fr\/index.php\/wp-json\/wp\/v2\/comments?post=12299"}],"version-history":[{"count":0,"href":"https:\/\/exaequo-communication.fr\/index.php\/wp-json\/wp\/v2\/posts\/12299\/revisions"}],"wp:featuredmedia":[{"embeddable":true,"href":"https:\/\/exaequo-communication.fr\/index.php\/wp-json\/wp\/v2\/media\/12308"}],"wp:attachment":[{"href":"https:\/\/exaequo-communication.fr\/index.php\/wp-json\/wp\/v2\/media?parent=12299"}],"wp:term":[{"taxonomy":"category","embeddable":true,"href":"https:\/\/exaequo-communication.fr\/index.php\/wp-json\/wp\/v2\/categories?post=12299"},{"taxonomy":"post_tag","embeddable":true,"href":"https:\/\/exaequo-communication.fr\/index.php\/wp-json\/wp\/v2\/tags?post=12299"}],"curies":[{"name":"wp","href":"https:\/\/api.w.org\/{rel}","templated":true}]}}