{"id":12203,"date":"2020-04-14T17:17:26","date_gmt":"2020-04-14T15:17:26","guid":{"rendered":"https:\/\/exaequo-communication.fr\/?p=12203"},"modified":"2020-04-14T17:17:26","modified_gmt":"2020-04-14T15:17:26","slug":"rosalie-trophy-reporte","status":"publish","type":"post","link":"https:\/\/exaequo-communication.fr\/index.php\/2020\/04\/14\/rosalie-trophy-reporte\/","title":{"rendered":"La 2\u00e8me \u00e9dition du Rosalie Trophy est report\u00e9e"},"content":{"rendered":"[vc_row type=\u00a0\u00bbin_container\u00a0\u00bb full_screen_row_position=\u00a0\u00bbmiddle\u00a0\u00bb column_margin=\u00a0\u00bbdefault\u00a0\u00bb scene_position=\u00a0\u00bbcenter\u00a0\u00bb text_color=\u00a0\u00bbdark\u00a0\u00bb text_align=\u00a0\u00bbleft\u00a0\u00bb top_padding=\u00a0\u00bb10&Prime; overlay_strength=\u00a0\u00bb0.3&Prime; shape_divider_position=\u00a0\u00bbbottom\u00a0\u00bb bg_image_animation=\u00a0\u00bbnone\u00a0\u00bb shape_type=\u00a0\u00bb\u00a0\u00bb][vc_column column_padding=\u00a0\u00bbno-extra-padding\u00a0\u00bb column_padding_position=\u00a0\u00bball\u00a0\u00bb background_color_opacity=\u00a0\u00bb1&Prime; background_hover_color_opacity=\u00a0\u00bb1&Prime; column_link_target=\u00a0\u00bb_self\u00a0\u00bb column_shadow=\u00a0\u00bbnone\u00a0\u00bb column_border_radius=\u00a0\u00bbnone\u00a0\u00bb width=\u00a0\u00bb1\/2&Prime; tablet_width_inherit=\u00a0\u00bbdefault\u00a0\u00bb tablet_text_alignment=\u00a0\u00bbdefault\u00a0\u00bb phone_text_alignment=\u00a0\u00bbdefault\u00a0\u00bb overlay_strength=\u00a0\u00bb0.3&Prime; column_border_width=\u00a0\u00bbnone\u00a0\u00bb column_border_style=\u00a0\u00bbsolid\u00a0\u00bb bg_image_animation=\u00a0\u00bbnone\u00a0\u00bb][vc_gallery type=\u00a0\u00bbflexslider_style\u00a0\u00bb images=\u00a0\u00bb12217&Prime; onclick=\u00a0\u00bblink_no\u00a0\u00bb][\/vc_column][vc_column column_padding=\u00a0\u00bbno-extra-padding\u00a0\u00bb column_padding_position=\u00a0\u00bball\u00a0\u00bb background_color_opacity=\u00a0\u00bb1&Prime; background_hover_color_opacity=\u00a0\u00bb1&Prime; column_link_target=\u00a0\u00bb_self\u00a0\u00bb column_shadow=\u00a0\u00bbnone\u00a0\u00bb column_border_radius=\u00a0\u00bbnone\u00a0\u00bb width=\u00a0\u00bb1\/2&Prime; tablet_width_inherit=\u00a0\u00bbdefault\u00a0\u00bb tablet_text_alignment=\u00a0\u00bbdefault\u00a0\u00bb phone_text_alignment=\u00a0\u00bbdefault\u00a0\u00bb overlay_strength=\u00a0\u00bb0.3&Prime; column_border_width=\u00a0\u00bbnone\u00a0\u00bb column_border_style=\u00a0\u00bbsolid\u00a0\u00bb bg_image_animation=\u00a0\u00bbnone\u00a0\u00bb][split_line_heading animation_type=\u00a0\u00bbdefault\u00a0\u00bb]\n<h3 style=\"text-align: justify;\">LA DEUXI\u00c8ME EDITION DU ROSALIE TROPHY REPORT\u00c9E A UNE DATE ULT\u00c9RIEURE<\/h3>\n<p>&nbsp;<\/p>\n<p style=\"text-align: justify;\">Suite \u00e0 l\u2019allocution pr\u00e9sidentielle du lundi 13 avril 2020, interdisant l\u2019organisation d\u2019\u00e9v\u00e9nements jusqu\u2019au 15 juillet et au vu de la crise sanitaire mondiale d\u00e9clench\u00e9e par le COVID-19, <strong>nous avons pris la d\u00e9cision, <\/strong>en concertation avec le Z\u00e9nith de Caen et l\u2019ensemble de nos partenaires,<strong> de reporter le challenge Rosalie Trophy \u00e0 une date ult\u00e9rieure.<\/strong><\/p>\n[\/split_line_heading][\/vc_column][\/vc_row][vc_row type=\u00a0\u00bbin_container\u00a0\u00bb full_screen_row_position=\u00a0\u00bbmiddle\u00a0\u00bb column_margin=\u00a0\u00bbdefault\u00a0\u00bb scene_position=\u00a0\u00bbcenter\u00a0\u00bb text_color=\u00a0\u00bbdark\u00a0\u00bb text_align=\u00a0\u00bbleft\u00a0\u00bb overlay_strength=\u00a0\u00bb0.3&Prime; shape_divider_position=\u00a0\u00bbbottom\u00a0\u00bb bg_image_animation=\u00a0\u00bbnone\u00a0\u00bb][vc_column column_padding=\u00a0\u00bbno-extra-padding\u00a0\u00bb column_padding_position=\u00a0\u00bball\u00a0\u00bb background_color_opacity=\u00a0\u00bb1&Prime; background_hover_color_opacity=\u00a0\u00bb1&Prime; column_link_target=\u00a0\u00bb_self\u00a0\u00bb column_shadow=\u00a0\u00bbnone\u00a0\u00bb column_border_radius=\u00a0\u00bbnone\u00a0\u00bb width=\u00a0\u00bb1\/1&Prime; tablet_width_inherit=\u00a0\u00bbdefault\u00a0\u00bb tablet_text_alignment=\u00a0\u00bbdefault\u00a0\u00bb phone_text_alignment=\u00a0\u00bbdefault\u00a0\u00bb overlay_strength=\u00a0\u00bb0.3&Prime; column_border_width=\u00a0\u00bbnone\u00a0\u00bb column_border_style=\u00a0\u00bbsolid\u00a0\u00bb bg_image_animation=\u00a0\u00bbnone\u00a0\u00bb][vc_column_text]\n<p style=\"text-align: justify;\">Au vu du climat d\u2019incertitude engendr\u00e9 par cette crise il nous parait impossible d\u2019organiser cet \u00e9v\u00e9nement dans les meilleures conditions. En effet la dur\u00e9e du confinement actuel, ainsi que les restrictions qui accompagneront le d\u00e9confinement, cr\u00e9ent un climat d\u2019incertitude total, incompatible avec l\u2019organisation d\u2019une manifestation r\u00e9unissant plus de 80 entreprises, de nombreux accompagnants, spectateurs, b\u00e9n\u00e9voles et prestataires, dans un peu plus de trois mois.<\/p>\n<p style=\"text-align: justify;\">Comme vous avez pu le noter nous n\u2019avons pas encore d\u00e9cid\u00e9 de la date de report de notre \u00e9v\u00e9nement. Nous pr\u00e9f\u00e9rons \u00eatre transparents avec vous, en vous communiquant au plus t\u00f4t le report de notre \u00e9v\u00e9nement qui devait avoir lieu le mardi 30 juin et mercredi 1er juillet. Cela permettra \u00e0 tous de s\u2019organiser au mieux. <strong>Bien entendu, nous sommes d\u00e9j\u00e0 en r\u00e9flexion, avec le Z\u00e9nith de Caen (lieu d\u2019accueil de l\u2019\u00e9v\u00e9nement) et nos partenaires pour trouver une date ult\u00e9rieure plus s\u00fbre pour la sant\u00e9 de tous.<\/strong><\/p>\n<p style=\"text-align: justify;\">Nous sommes conscients de la g\u00eane potentiellement occasionn\u00e9e par le report de la date de la manifestation, mais dans ces circonstances exceptionnelles, ind\u00e9pendantes de notre volont\u00e9, nous esp\u00e9rons pouvoir compter sur votre compr\u00e9hension.<br \/>\nNous ferons tout pour que cette 2\u00e8me \u00e9dition soit \u00e0 la hauteur de la pr\u00e9c\u00e9dente et remercions encore tous nos partenaires et prestataires d\u2019organisation pour leur soutien dans cette \u00e9preuve.<\/p>\n<p style=\"text-align: justify;\">D\u2019ici l\u00e0, prenons tous soin de nous et de nos proches. Adoptons un comportement responsable en respectant les consignes sanitaires et de s\u00e9curit\u00e9 des autorit\u00e9s. Nous revenons vers vous rapidement pour plus d\u2019informations.<\/p>\n<p style=\"text-align: justify;\"><strong>L\u2019\u00e9quipe Exaequo.<\/strong><\/p>\n[\/vc_column_text][\/vc_column][\/vc_row]\n","protected":false},"excerpt":{"rendered":"<p>La 2\u00e8me \u00e9dition du Rosalie Trophy, le plus grand challenge de l&rsquo;agglom\u00e9ration caennaise, est report\u00e9e \u00e0 une date ult\u00e9rieure.<\/p>\n","protected":false},"author":9,"featured_media":12217,"comment_status":"closed","ping_status":"closed","sticky":false,"template":"","format":"standard","meta":{"footnotes":""},"categories":[1,178],"tags":[],"class_list":{"0":"post-12203","1":"post","2":"type-post","3":"status-publish","4":"format-standard","5":"has-post-thumbnail","7":"category-actualites","8":"category-team-building"},"yoast_head":"<!-- This site is optimized with the Yoast SEO plugin v27.0 - https:\/\/yoast.com\/product\/yoast-seo-wordpress\/ -->\n<title>La 2\u00e8me \u00e9dition du Rosalie Trophy est report\u00e9e - Exaequo Communication<\/title>\n<meta name=\"description\" content=\"La 2\u00e8me \u00e9dition du Rosalie Trophy, plus grand challenge de l&#039;agglom\u00e9ration caennaise, est report\u00e9e \u00e0 une date ult\u00e9rieure.\" \/>\n<meta name=\"robots\" content=\"index, follow, max-snippet:-1, max-image-preview:large, max-video-preview:-1\" \/>\n<link rel=\"canonical\" href=\"https:\/\/exaequo-communication.fr\/index.php\/2020\/04\/14\/rosalie-trophy-reporte\/\" \/>\n<meta property=\"og:locale\" content=\"fr_FR\" \/>\n<meta property=\"og:type\" content=\"article\" \/>\n<meta property=\"og:title\" content=\"La 2\u00e8me \u00e9dition du Rosalie Trophy est report\u00e9e\" \/>\n<meta property=\"og:description\" content=\"La 2\u00e8me \u00e9dition du Rosalie Trophy, plus grand challenge de l&#039;agglom\u00e9ration caennaise, est report\u00e9e \u00e0 une date ult\u00e9rieure.\" \/>\n<meta property=\"og:url\" content=\"https:\/\/exaequo-communication.fr\/index.php\/2020\/04\/14\/rosalie-trophy-reporte\/\" \/>\n<meta property=\"og:site_name\" content=\"Exaequo communication\" \/>\n<meta property=\"article:published_time\" content=\"2020-04-14T15:17:26+00:00\" \/>\n<meta property=\"og:image\" content=\"https:\/\/exaequo-communication.fr\/wp-content\/uploads\/2020\/04\/WhatsApp-Image-2020-04-14-at-15.35.35.jpeg\" \/>\n\t<meta property=\"og:image:width\" content=\"1600\" \/>\n\t<meta property=\"og:image:height\" content=\"977\" \/>\n\t<meta property=\"og:image:type\" content=\"image\/jpeg\" \/>\n<meta name=\"author\" content=\"Louise\" \/>\n<meta name=\"twitter:card\" content=\"summary_large_image\" \/>\n<meta name=\"twitter:label1\" content=\"\u00c9crit par\" \/>\n\t<meta name=\"twitter:data1\" content=\"Louise\" \/>\n\t<meta name=\"twitter:label2\" content=\"Dur\u00e9e de lecture estim\u00e9e\" \/>\n\t<meta name=\"twitter:data2\" content=\"3 minutes\" \/>\n<script type=\"application\/ld+json\" class=\"yoast-schema-graph\">{\"@context\":\"https:\/\/schema.org\",\"@graph\":[{\"@type\":\"Article\",\"@id\":\"https:\/\/exaequo-communication.fr\/index.php\/2020\/04\/14\/rosalie-trophy-reporte\/#article\",\"isPartOf\":{\"@id\":\"https:\/\/exaequo-communication.fr\/index.php\/2020\/04\/14\/rosalie-trophy-reporte\/\"},\"author\":{\"name\":\"Louise\",\"@id\":\"https:\/\/exaequo-communication.fr\/#\/schema\/person\/0ff3d297bda23ca1cd161c11c3217513\"},\"headline\":\"La 2\u00e8me \u00e9dition du Rosalie Trophy est report\u00e9e\",\"datePublished\":\"2020-04-14T15:17:26+00:00\",\"mainEntityOfPage\":{\"@id\":\"https:\/\/exaequo-communication.fr\/index.php\/2020\/04\/14\/rosalie-trophy-reporte\/\"},\"wordCount\":635,\"image\":{\"@id\":\"https:\/\/exaequo-communication.fr\/index.php\/2020\/04\/14\/rosalie-trophy-reporte\/#primaryimage\"},\"thumbnailUrl\":\"https:\/\/exaequo-communication.fr\/wp-content\/uploads\/2020\/04\/WhatsApp-Image-2020-04-14-at-15.35.35.jpeg\",\"articleSection\":[\"Actualit\u00e9s\",\"Team Building\"],\"inLanguage\":\"fr-FR\"},{\"@type\":\"WebPage\",\"@id\":\"https:\/\/exaequo-communication.fr\/index.php\/2020\/04\/14\/rosalie-trophy-reporte\/\",\"url\":\"https:\/\/exaequo-communication.fr\/index.php\/2020\/04\/14\/rosalie-trophy-reporte\/\",\"name\":\"La 2\u00e8me \u00e9dition du Rosalie Trophy est report\u00e9e - Exaequo Communication\",\"isPartOf\":{\"@id\":\"https:\/\/exaequo-communication.fr\/#website\"},\"primaryImageOfPage\":{\"@id\":\"https:\/\/exaequo-communication.fr\/index.php\/2020\/04\/14\/rosalie-trophy-reporte\/#primaryimage\"},\"image\":{\"@id\":\"https:\/\/exaequo-communication.fr\/index.php\/2020\/04\/14\/rosalie-trophy-reporte\/#primaryimage\"},\"thumbnailUrl\":\"https:\/\/exaequo-communication.fr\/wp-content\/uploads\/2020\/04\/WhatsApp-Image-2020-04-14-at-15.35.35.jpeg\",\"datePublished\":\"2020-04-14T15:17:26+00:00\",\"author\":{\"@id\":\"https:\/\/exaequo-communication.fr\/#\/schema\/person\/0ff3d297bda23ca1cd161c11c3217513\"},\"description\":\"La 2\u00e8me \u00e9dition du Rosalie Trophy, plus grand challenge de l'agglom\u00e9ration caennaise, est report\u00e9e \u00e0 une date ult\u00e9rieure.\",\"breadcrumb\":{\"@id\":\"https:\/\/exaequo-communication.fr\/index.php\/2020\/04\/14\/rosalie-trophy-reporte\/#breadcrumb\"},\"inLanguage\":\"fr-FR\",\"potentialAction\":[{\"@type\":\"ReadAction\",\"target\":[\"https:\/\/exaequo-communication.fr\/index.php\/2020\/04\/14\/rosalie-trophy-reporte\/\"]}]},{\"@type\":\"ImageObject\",\"inLanguage\":\"fr-FR\",\"@id\":\"https:\/\/exaequo-communication.fr\/index.php\/2020\/04\/14\/rosalie-trophy-reporte\/#primaryimage\",\"url\":\"https:\/\/exaequo-communication.fr\/wp-content\/uploads\/2020\/04\/WhatsApp-Image-2020-04-14-at-15.35.35.jpeg\",\"contentUrl\":\"https:\/\/exaequo-communication.fr\/wp-content\/uploads\/2020\/04\/WhatsApp-Image-2020-04-14-at-15.35.35.jpeg\",\"width\":1600,\"height\":977,\"caption\":\"Rosalie trophy report\u00e9\"},{\"@type\":\"BreadcrumbList\",\"@id\":\"https:\/\/exaequo-communication.fr\/index.php\/2020\/04\/14\/rosalie-trophy-reporte\/#breadcrumb\",\"itemListElement\":[{\"@type\":\"ListItem\",\"position\":1,\"name\":\"Accueil\",\"item\":\"https:\/\/exaequo-communication.fr\/\"},{\"@type\":\"ListItem\",\"position\":2,\"name\":\"La 2\u00e8me \u00e9dition du Rosalie Trophy est report\u00e9e\"}]},{\"@type\":\"WebSite\",\"@id\":\"https:\/\/exaequo-communication.fr\/#website\",\"url\":\"https:\/\/exaequo-communication.fr\/\",\"name\":\"Exaequo communication\",\"description\":\"\",\"potentialAction\":[{\"@type\":\"SearchAction\",\"target\":{\"@type\":\"EntryPoint\",\"urlTemplate\":\"https:\/\/exaequo-communication.fr\/?s={search_term_string}\"},\"query-input\":{\"@type\":\"PropertyValueSpecification\",\"valueRequired\":true,\"valueName\":\"search_term_string\"}}],\"inLanguage\":\"fr-FR\"},{\"@type\":\"Person\",\"@id\":\"https:\/\/exaequo-communication.fr\/#\/schema\/person\/0ff3d297bda23ca1cd161c11c3217513\",\"name\":\"Louise\",\"image\":{\"@type\":\"ImageObject\",\"inLanguage\":\"fr-FR\",\"@id\":\"https:\/\/exaequo-communication.fr\/#\/schema\/person\/image\/\",\"url\":\"https:\/\/secure.gravatar.com\/avatar\/c5e8367f32ffeff4cdf4e055d9e95263b7d031a01e929b3116e2b0d996065f4c?s=96&d=mm&r=g\",\"contentUrl\":\"https:\/\/secure.gravatar.com\/avatar\/c5e8367f32ffeff4cdf4e055d9e95263b7d031a01e929b3116e2b0d996065f4c?s=96&d=mm&r=g\",\"caption\":\"Louise\"},\"url\":\"https:\/\/exaequo-communication.fr\/index.php\/author\/louise\/\"}]}<\/script>\n<!-- \/ Yoast SEO plugin. -->","yoast_head_json":{"title":"La 2\u00e8me \u00e9dition du Rosalie Trophy est report\u00e9e - Exaequo Communication","description":"La 2\u00e8me \u00e9dition du Rosalie Trophy, plus grand challenge de l'agglom\u00e9ration caennaise, est report\u00e9e \u00e0 une date ult\u00e9rieure.","robots":{"index":"index","follow":"follow","max-snippet":"max-snippet:-1","max-image-preview":"max-image-preview:large","max-video-preview":"max-video-preview:-1"},"canonical":"https:\/\/exaequo-communication.fr\/index.php\/2020\/04\/14\/rosalie-trophy-reporte\/","og_locale":"fr_FR","og_type":"article","og_title":"La 2\u00e8me \u00e9dition du Rosalie Trophy est report\u00e9e","og_description":"La 2\u00e8me \u00e9dition du Rosalie Trophy, plus grand challenge de l'agglom\u00e9ration caennaise, est report\u00e9e \u00e0 une date ult\u00e9rieure.","og_url":"https:\/\/exaequo-communication.fr\/index.php\/2020\/04\/14\/rosalie-trophy-reporte\/","og_site_name":"Exaequo communication","article_published_time":"2020-04-14T15:17:26+00:00","og_image":[{"width":1600,"height":977,"url":"https:\/\/exaequo-communication.fr\/wp-content\/uploads\/2020\/04\/WhatsApp-Image-2020-04-14-at-15.35.35.jpeg","type":"image\/jpeg"}],"author":"Louise","twitter_card":"summary_large_image","twitter_misc":{"\u00c9crit par":"Louise","Dur\u00e9e de lecture estim\u00e9e":"3 minutes"},"schema":{"@context":"https:\/\/schema.org","@graph":[{"@type":"Article","@id":"https:\/\/exaequo-communication.fr\/index.php\/2020\/04\/14\/rosalie-trophy-reporte\/#article","isPartOf":{"@id":"https:\/\/exaequo-communication.fr\/index.php\/2020\/04\/14\/rosalie-trophy-reporte\/"},"author":{"name":"Louise","@id":"https:\/\/exaequo-communication.fr\/#\/schema\/person\/0ff3d297bda23ca1cd161c11c3217513"},"headline":"La 2\u00e8me \u00e9dition du Rosalie Trophy est report\u00e9e","datePublished":"2020-04-14T15:17:26+00:00","mainEntityOfPage":{"@id":"https:\/\/exaequo-communication.fr\/index.php\/2020\/04\/14\/rosalie-trophy-reporte\/"},"wordCount":635,"image":{"@id":"https:\/\/exaequo-communication.fr\/index.php\/2020\/04\/14\/rosalie-trophy-reporte\/#primaryimage"},"thumbnailUrl":"https:\/\/exaequo-communication.fr\/wp-content\/uploads\/2020\/04\/WhatsApp-Image-2020-04-14-at-15.35.35.jpeg","articleSection":["Actualit\u00e9s","Team Building"],"inLanguage":"fr-FR"},{"@type":"WebPage","@id":"https:\/\/exaequo-communication.fr\/index.php\/2020\/04\/14\/rosalie-trophy-reporte\/","url":"https:\/\/exaequo-communication.fr\/index.php\/2020\/04\/14\/rosalie-trophy-reporte\/","name":"La 2\u00e8me \u00e9dition du Rosalie Trophy est report\u00e9e - Exaequo Communication","isPartOf":{"@id":"https:\/\/exaequo-communication.fr\/#website"},"primaryImageOfPage":{"@id":"https:\/\/exaequo-communication.fr\/index.php\/2020\/04\/14\/rosalie-trophy-reporte\/#primaryimage"},"image":{"@id":"https:\/\/exaequo-communication.fr\/index.php\/2020\/04\/14\/rosalie-trophy-reporte\/#primaryimage"},"thumbnailUrl":"https:\/\/exaequo-communication.fr\/wp-content\/uploads\/2020\/04\/WhatsApp-Image-2020-04-14-at-15.35.35.jpeg","datePublished":"2020-04-14T15:17:26+00:00","author":{"@id":"https:\/\/exaequo-communication.fr\/#\/schema\/person\/0ff3d297bda23ca1cd161c11c3217513"},"description":"La 2\u00e8me \u00e9dition du Rosalie Trophy, plus grand challenge de l'agglom\u00e9ration caennaise, est report\u00e9e \u00e0 une date ult\u00e9rieure.","breadcrumb":{"@id":"https:\/\/exaequo-communication.fr\/index.php\/2020\/04\/14\/rosalie-trophy-reporte\/#breadcrumb"},"inLanguage":"fr-FR","potentialAction":[{"@type":"ReadAction","target":["https:\/\/exaequo-communication.fr\/index.php\/2020\/04\/14\/rosalie-trophy-reporte\/"]}]},{"@type":"ImageObject","inLanguage":"fr-FR","@id":"https:\/\/exaequo-communication.fr\/index.php\/2020\/04\/14\/rosalie-trophy-reporte\/#primaryimage","url":"https:\/\/exaequo-communication.fr\/wp-content\/uploads\/2020\/04\/WhatsApp-Image-2020-04-14-at-15.35.35.jpeg","contentUrl":"https:\/\/exaequo-communication.fr\/wp-content\/uploads\/2020\/04\/WhatsApp-Image-2020-04-14-at-15.35.35.jpeg","width":1600,"height":977,"caption":"Rosalie trophy report\u00e9"},{"@type":"BreadcrumbList","@id":"https:\/\/exaequo-communication.fr\/index.php\/2020\/04\/14\/rosalie-trophy-reporte\/#breadcrumb","itemListElement":[{"@type":"ListItem","position":1,"name":"Accueil","item":"https:\/\/exaequo-communication.fr\/"},{"@type":"ListItem","position":2,"name":"La 2\u00e8me \u00e9dition du Rosalie Trophy est report\u00e9e"}]},{"@type":"WebSite","@id":"https:\/\/exaequo-communication.fr\/#website","url":"https:\/\/exaequo-communication.fr\/","name":"Exaequo communication","description":"","potentialAction":[{"@type":"SearchAction","target":{"@type":"EntryPoint","urlTemplate":"https:\/\/exaequo-communication.fr\/?s={search_term_string}"},"query-input":{"@type":"PropertyValueSpecification","valueRequired":true,"valueName":"search_term_string"}}],"inLanguage":"fr-FR"},{"@type":"Person","@id":"https:\/\/exaequo-communication.fr\/#\/schema\/person\/0ff3d297bda23ca1cd161c11c3217513","name":"Louise","image":{"@type":"ImageObject","inLanguage":"fr-FR","@id":"https:\/\/exaequo-communication.fr\/#\/schema\/person\/image\/","url":"https:\/\/secure.gravatar.com\/avatar\/c5e8367f32ffeff4cdf4e055d9e95263b7d031a01e929b3116e2b0d996065f4c?s=96&d=mm&r=g","contentUrl":"https:\/\/secure.gravatar.com\/avatar\/c5e8367f32ffeff4cdf4e055d9e95263b7d031a01e929b3116e2b0d996065f4c?s=96&d=mm&r=g","caption":"Louise"},"url":"https:\/\/exaequo-communication.fr\/index.php\/author\/louise\/"}]}},"_links":{"self":[{"href":"https:\/\/exaequo-communication.fr\/index.php\/wp-json\/wp\/v2\/posts\/12203","targetHints":{"allow":["GET"]}}],"collection":[{"href":"https:\/\/exaequo-communication.fr\/index.php\/wp-json\/wp\/v2\/posts"}],"about":[{"href":"https:\/\/exaequo-communication.fr\/index.php\/wp-json\/wp\/v2\/types\/post"}],"author":[{"embeddable":true,"href":"https:\/\/exaequo-communication.fr\/index.php\/wp-json\/wp\/v2\/users\/9"}],"replies":[{"embeddable":true,"href":"https:\/\/exaequo-communication.fr\/index.php\/wp-json\/wp\/v2\/comments?post=12203"}],"version-history":[{"count":0,"href":"https:\/\/exaequo-communication.fr\/index.php\/wp-json\/wp\/v2\/posts\/12203\/revisions"}],"wp:featuredmedia":[{"embeddable":true,"href":"https:\/\/exaequo-communication.fr\/index.php\/wp-json\/wp\/v2\/media\/12217"}],"wp:attachment":[{"href":"https:\/\/exaequo-communication.fr\/index.php\/wp-json\/wp\/v2\/media?parent=12203"}],"wp:term":[{"taxonomy":"category","embeddable":true,"href":"https:\/\/exaequo-communication.fr\/index.php\/wp-json\/wp\/v2\/categories?post=12203"},{"taxonomy":"post_tag","embeddable":true,"href":"https:\/\/exaequo-communication.fr\/index.php\/wp-json\/wp\/v2\/tags?post=12203"}],"curies":[{"name":"wp","href":"https:\/\/api.w.org\/{rel}","templated":true}]}}