{"id":12093,"date":"2020-01-31T12:07:21","date_gmt":"2020-01-31T11:07:21","guid":{"rendered":"https:\/\/exaequo-communication.fr\/?p=12093"},"modified":"2020-01-31T14:08:57","modified_gmt":"2020-01-31T13:08:57","slug":"patrick-montel","status":"publish","type":"post","link":"https:\/\/exaequo-communication.fr\/index.php\/2020\/01\/31\/patrick-montel\/","title":{"rendered":"Le Club du Sport rencontre la vedette des micros, Patrick Montel"},"content":{"rendered":"[vc_row type=\u00a0\u00bbin_container\u00a0\u00bb full_screen_row_position=\u00a0\u00bbmiddle\u00a0\u00bb column_margin=\u00a0\u00bbdefault\u00a0\u00bb scene_position=\u00a0\u00bbcenter\u00a0\u00bb text_color=\u00a0\u00bbdark\u00a0\u00bb text_align=\u00a0\u00bbleft\u00a0\u00bb top_padding=\u00a0\u00bb10&Prime; overlay_strength=\u00a0\u00bb0.3&Prime; shape_divider_position=\u00a0\u00bbbottom\u00a0\u00bb bg_image_animation=\u00a0\u00bbnone\u00a0\u00bb shape_type=\u00a0\u00bb\u00a0\u00bb][vc_column column_padding=\u00a0\u00bbno-extra-padding\u00a0\u00bb column_padding_position=\u00a0\u00bball\u00a0\u00bb background_color_opacity=\u00a0\u00bb1&Prime; background_hover_color_opacity=\u00a0\u00bb1&Prime; column_link_target=\u00a0\u00bb_self\u00a0\u00bb column_shadow=\u00a0\u00bbnone\u00a0\u00bb column_border_radius=\u00a0\u00bbnone\u00a0\u00bb width=\u00a0\u00bb1\/2&Prime; tablet_width_inherit=\u00a0\u00bbdefault\u00a0\u00bb tablet_text_alignment=\u00a0\u00bbdefault\u00a0\u00bb phone_text_alignment=\u00a0\u00bbdefault\u00a0\u00bb overlay_strength=\u00a0\u00bb0.3&Prime; column_border_width=\u00a0\u00bbnone\u00a0\u00bb column_border_style=\u00a0\u00bbsolid\u00a0\u00bb bg_image_animation=\u00a0\u00bbnone\u00a0\u00bb][vc_gallery type=\u00a0\u00bbflexslider_style\u00a0\u00bb images=\u00a0\u00bb12098,12100,12099,12101&Prime; onclick=\u00a0\u00bblink_no\u00a0\u00bb][\/vc_column][vc_column column_padding=\u00a0\u00bbno-extra-padding\u00a0\u00bb column_padding_position=\u00a0\u00bball\u00a0\u00bb background_color_opacity=\u00a0\u00bb1&Prime; background_hover_color_opacity=\u00a0\u00bb1&Prime; column_link_target=\u00a0\u00bb_self\u00a0\u00bb column_shadow=\u00a0\u00bbnone\u00a0\u00bb column_border_radius=\u00a0\u00bbnone\u00a0\u00bb width=\u00a0\u00bb1\/2&Prime; tablet_width_inherit=\u00a0\u00bbdefault\u00a0\u00bb tablet_text_alignment=\u00a0\u00bbdefault\u00a0\u00bb phone_text_alignment=\u00a0\u00bbdefault\u00a0\u00bb overlay_strength=\u00a0\u00bb0.3&Prime; column_border_width=\u00a0\u00bbnone\u00a0\u00bb column_border_style=\u00a0\u00bbsolid\u00a0\u00bb bg_image_animation=\u00a0\u00bbnone\u00a0\u00bb][split_line_heading animation_type=\u00a0\u00bbdefault\u00a0\u00bb]\n<h3>Le Club du Sport rencontre la vedette des micros, Patrick Montel<\/h3>\n<p>Premier petit-d\u00e9jeuner du Club du Sport de l&rsquo;ann\u00e9e avec le commentateur historique de l\u2019athl\u00e9tisme, Patrick Montel.[\/split_line_heading][\/vc_column][\/vc_row][vc_row type=\u00a0\u00bbin_container\u00a0\u00bb full_screen_row_position=\u00a0\u00bbmiddle\u00a0\u00bb column_margin=\u00a0\u00bbdefault\u00a0\u00bb scene_position=\u00a0\u00bbcenter\u00a0\u00bb text_color=\u00a0\u00bbdark\u00a0\u00bb text_align=\u00a0\u00bbleft\u00a0\u00bb overlay_strength=\u00a0\u00bb0.3&Prime; shape_divider_position=\u00a0\u00bbbottom\u00a0\u00bb bg_image_animation=\u00a0\u00bbnone\u00a0\u00bb][vc_column column_padding=\u00a0\u00bbno-extra-padding\u00a0\u00bb column_padding_position=\u00a0\u00bball\u00a0\u00bb background_color_opacity=\u00a0\u00bb1&Prime; background_hover_color_opacity=\u00a0\u00bb1&Prime; column_link_target=\u00a0\u00bb_self\u00a0\u00bb column_shadow=\u00a0\u00bbnone\u00a0\u00bb column_border_radius=\u00a0\u00bbnone\u00a0\u00bb width=\u00a0\u00bb1\/1&Prime; tablet_width_inherit=\u00a0\u00bbdefault\u00a0\u00bb tablet_text_alignment=\u00a0\u00bbdefault\u00a0\u00bb phone_text_alignment=\u00a0\u00bbdefault\u00a0\u00bb overlay_strength=\u00a0\u00bb0.3&Prime; column_border_width=\u00a0\u00bbnone\u00a0\u00bb column_border_style=\u00a0\u00bbsolid\u00a0\u00bb bg_image_animation=\u00a0\u00bbnone\u00a0\u00bb][vc_column_text]Ce matin, nous avons eu la chance de recevoir Patrick Montel, commentateur et journaliste sportif qui a su, de par sa carri\u00e8re, marquer le paysage sportif fran\u00e7ais. Nous lui avons donn\u00e9 rendez-vous en Normandie au Mancel Restaurant \u00e0 Caen pour qu&rsquo;il puisse nous raconter son histoire et parler des moments forts qui ont marqu\u00e9<strong> ses 32 ans de carri\u00e8re \u00e0 la t\u00e9l\u00e9vision.<\/strong><\/p>\n<p>Pour l&rsquo;occasion, 50 chefs d&rsquo;entreprises, membres du Club du Sport, se sont donn\u00e9s rendez-vous pour ce petit-d\u00e9jeuner. Le journaliste a pu revenir sur les d\u00e9buts de sa carri\u00e8re en racontant comment ce m\u00e9tier \u00e9tait devenu une v\u00e9ritable passion. Il a mentionn\u00e9 Thierry Roland et L\u00e9on Zitrone, commentateurs embl\u00e9matiques du sport fran\u00e7ais qui l&rsquo;ont inspir\u00e9. Il a fait une mention sp\u00e9ciale pour Dominique Dumauchelle qui \u00e9tait un v\u00e9ritable ami de Patrick Montel. C&rsquo;est lui qui lui a transmis <strong>sa passion pour le sport <\/strong>et plus particuli\u00e8rement pour l&rsquo;athl\u00e9tisme.<\/p>\n<p>Par la suite, les membres ont eu la chance d&rsquo;entrevoir le talent de commentateur sportif de notre invit\u00e9. En effet il a improvis\u00e9 et <strong>comment\u00e9 des vid\u00e9os en direct,<\/strong> telles que l&rsquo;exploit Marie-Jos\u00e9 P\u00e9rec aux Jeux Olympiques de Barcelone en 1992. Ou encore Christophe Lemaitre aux championnats d&rsquo;Europe (Barcelone, 2010). Un moment appr\u00e9ci\u00e9 de tous !<\/p>\n<p>Nous avons profit\u00e9 de cette conf\u00e9rence pour revenir sur la pol\u00e9mique concernant les propos sur le dopage, qu&rsquo;il avait eu auparavant. Il a donc eu libre parole sur ses propos et sur les raisons et la place du dopage dans le sport. Tout au long de cette intervention matinale, nous en avons appris plus sur le personnage et pu constater la passion du m\u00e9tier qui l&rsquo;anime. Avec ces exemple concrets et pr\u00e9cis, il a su transmettre son exp\u00e9rience et<strong> sa vocation pour le sport \u00e0 nos membres.<\/strong><\/p>\n<p>Pour conclure ce petit-d\u00e9jeuner les membres du Club du Sport ont pu \u00e9changer avec le commentateur et lui poser des questions. Enfin Patrick Montel a donn\u00e9 rendez-vous \u00e0 nos membres, au meeting d&rsquo;athl\u00e9tisme de Mondeville, pour lequel il sera pr\u00e9sent ce week-end.<\/p>\n<p><strong>Un moment riche en partage d&rsquo;exp\u00e9rience et ponctu\u00e9 d&rsquo;anecdotes sur le monde de l&rsquo;athl\u00e9tisme.<\/strong><\/p>\n<p>&nbsp;<\/p>\n<p>Un petit-d\u00e9jeuner organis\u00e9 dans le cadre du Club du Sport &#8211; <a href=\"https:\/\/exaequo-communication.fr\/index.php\/coaching-sportif\/\" target=\"_blank\" rel=\"noopener noreferrer\">en savoir plus sur le club<\/a><\/p>\n<p>Retrouvez le <a href=\"https:\/\/www.cafemancel.com\/fr\/\" target=\"_blank\" rel=\"noopener noreferrer\">Mancel Restaurant\u00a0<\/a>[\/vc_column_text][\/vc_column][\/vc_row]\n","protected":false},"excerpt":{"rendered":"<p>Premier petit-d\u00e9jeuner du Club du Sport de l&rsquo;ann\u00e9e avec le commentateur historique de l\u2019athl\u00e9tisme, Patrick Montel.<\/p>\n","protected":false},"author":5,"featured_media":12098,"comment_status":"closed","ping_status":"closed","sticky":false,"template":"","format":"standard","meta":{"footnotes":""},"categories":[1,179,176],"tags":[],"class_list":{"0":"post-12093","1":"post","2":"type-post","3":"status-publish","4":"format-standard","5":"has-post-thumbnail","7":"category-actualites","8":"category-coaching","9":"category-corporate"},"yoast_head":"<!-- This site is optimized with the Yoast SEO plugin v27.0 - https:\/\/yoast.com\/product\/yoast-seo-wordpress\/ -->\n<title>Le Club du Sport rencontre la vedette des micros, Patrick Montel - Exaequo communication<\/title>\n<meta name=\"description\" content=\"Premier petit-d\u00e9jeuner de l&#039;ann\u00e9e pour le Club du Sport en pr\u00e9sence du commentateur historique de l\u2019athl\u00e9tisme, Patrick Montel.\" \/>\n<meta name=\"robots\" content=\"index, follow, max-snippet:-1, max-image-preview:large, max-video-preview:-1\" \/>\n<link rel=\"canonical\" href=\"https:\/\/exaequo-communication.fr\/index.php\/2020\/01\/31\/patrick-montel\/\" \/>\n<meta property=\"og:locale\" content=\"fr_FR\" \/>\n<meta property=\"og:type\" content=\"article\" \/>\n<meta property=\"og:title\" content=\"Le Club du Sport rencontre la vedette des micros, Patrick Montel\" \/>\n<meta property=\"og:description\" content=\"Premier petit-d\u00e9jeuner du Club du Sport de l&#039;ann\u00e9e avec le commentateur historique de l\u2019athl\u00e9tisme, Denis Morcel.\" \/>\n<meta property=\"og:url\" content=\"https:\/\/exaequo-communication.fr\/index.php\/2020\/01\/31\/patrick-montel\/\" \/>\n<meta property=\"og:site_name\" content=\"Exaequo communication\" \/>\n<meta property=\"article:published_time\" content=\"2020-01-31T11:07:21+00:00\" \/>\n<meta property=\"article:modified_time\" content=\"2020-01-31T13:08:57+00:00\" \/>\n<meta property=\"og:image\" content=\"https:\/\/exaequo-communication.fr\/wp-content\/uploads\/2020\/01\/CDS-Patrick-Montel-4.jpg\" \/>\n\t<meta property=\"og:image:width\" content=\"1365\" \/>\n\t<meta property=\"og:image:height\" content=\"1024\" \/>\n\t<meta property=\"og:image:type\" content=\"image\/jpeg\" \/>\n<meta name=\"author\" content=\"Vincent\" \/>\n<meta name=\"twitter:card\" content=\"summary_large_image\" \/>\n<meta name=\"twitter:label1\" content=\"\u00c9crit par\" \/>\n\t<meta name=\"twitter:data1\" content=\"Vincent\" \/>\n\t<meta name=\"twitter:label2\" content=\"Dur\u00e9e de lecture estim\u00e9e\" \/>\n\t<meta name=\"twitter:data2\" content=\"3 minutes\" \/>\n<script type=\"application\/ld+json\" class=\"yoast-schema-graph\">{\"@context\":\"https:\/\/schema.org\",\"@graph\":[{\"@type\":\"Article\",\"@id\":\"https:\/\/exaequo-communication.fr\/index.php\/2020\/01\/31\/patrick-montel\/#article\",\"isPartOf\":{\"@id\":\"https:\/\/exaequo-communication.fr\/index.php\/2020\/01\/31\/patrick-montel\/\"},\"author\":{\"name\":\"Vincent\",\"@id\":\"https:\/\/exaequo-communication.fr\/#\/schema\/person\/a2b781d9861576b70e7ac586c8d0e7dd\"},\"headline\":\"Le Club du Sport rencontre la vedette des micros, Patrick Montel\",\"datePublished\":\"2020-01-31T11:07:21+00:00\",\"dateModified\":\"2020-01-31T13:08:57+00:00\",\"mainEntityOfPage\":{\"@id\":\"https:\/\/exaequo-communication.fr\/index.php\/2020\/01\/31\/patrick-montel\/\"},\"wordCount\":715,\"image\":{\"@id\":\"https:\/\/exaequo-communication.fr\/index.php\/2020\/01\/31\/patrick-montel\/#primaryimage\"},\"thumbnailUrl\":\"https:\/\/exaequo-communication.fr\/wp-content\/uploads\/2020\/01\/CDS-Patrick-Montel-4.jpg\",\"articleSection\":[\"Actualit\u00e9s\",\"Coaching\",\"Corporate\"],\"inLanguage\":\"fr-FR\"},{\"@type\":\"WebPage\",\"@id\":\"https:\/\/exaequo-communication.fr\/index.php\/2020\/01\/31\/patrick-montel\/\",\"url\":\"https:\/\/exaequo-communication.fr\/index.php\/2020\/01\/31\/patrick-montel\/\",\"name\":\"Le Club du Sport rencontre la vedette des micros, Patrick Montel - Exaequo communication\",\"isPartOf\":{\"@id\":\"https:\/\/exaequo-communication.fr\/#website\"},\"primaryImageOfPage\":{\"@id\":\"https:\/\/exaequo-communication.fr\/index.php\/2020\/01\/31\/patrick-montel\/#primaryimage\"},\"image\":{\"@id\":\"https:\/\/exaequo-communication.fr\/index.php\/2020\/01\/31\/patrick-montel\/#primaryimage\"},\"thumbnailUrl\":\"https:\/\/exaequo-communication.fr\/wp-content\/uploads\/2020\/01\/CDS-Patrick-Montel-4.jpg\",\"datePublished\":\"2020-01-31T11:07:21+00:00\",\"dateModified\":\"2020-01-31T13:08:57+00:00\",\"author\":{\"@id\":\"https:\/\/exaequo-communication.fr\/#\/schema\/person\/a2b781d9861576b70e7ac586c8d0e7dd\"},\"description\":\"Premier petit-d\u00e9jeuner de l'ann\u00e9e pour le Club du Sport en pr\u00e9sence du commentateur historique de l\u2019athl\u00e9tisme, Patrick Montel.\",\"breadcrumb\":{\"@id\":\"https:\/\/exaequo-communication.fr\/index.php\/2020\/01\/31\/patrick-montel\/#breadcrumb\"},\"inLanguage\":\"fr-FR\",\"potentialAction\":[{\"@type\":\"ReadAction\",\"target\":[\"https:\/\/exaequo-communication.fr\/index.php\/2020\/01\/31\/patrick-montel\/\"]}]},{\"@type\":\"ImageObject\",\"inLanguage\":\"fr-FR\",\"@id\":\"https:\/\/exaequo-communication.fr\/index.php\/2020\/01\/31\/patrick-montel\/#primaryimage\",\"url\":\"https:\/\/exaequo-communication.fr\/wp-content\/uploads\/2020\/01\/CDS-Patrick-Montel-4.jpg\",\"contentUrl\":\"https:\/\/exaequo-communication.fr\/wp-content\/uploads\/2020\/01\/CDS-Patrick-Montel-4.jpg\",\"width\":1365,\"height\":1024,\"caption\":\"Club du sport exaequo communication patrick montel\"},{\"@type\":\"BreadcrumbList\",\"@id\":\"https:\/\/exaequo-communication.fr\/index.php\/2020\/01\/31\/patrick-montel\/#breadcrumb\",\"itemListElement\":[{\"@type\":\"ListItem\",\"position\":1,\"name\":\"Accueil\",\"item\":\"https:\/\/exaequo-communication.fr\/\"},{\"@type\":\"ListItem\",\"position\":2,\"name\":\"Le Club du Sport rencontre la vedette des micros, Patrick Montel\"}]},{\"@type\":\"WebSite\",\"@id\":\"https:\/\/exaequo-communication.fr\/#website\",\"url\":\"https:\/\/exaequo-communication.fr\/\",\"name\":\"Exaequo communication\",\"description\":\"\",\"potentialAction\":[{\"@type\":\"SearchAction\",\"target\":{\"@type\":\"EntryPoint\",\"urlTemplate\":\"https:\/\/exaequo-communication.fr\/?s={search_term_string}\"},\"query-input\":{\"@type\":\"PropertyValueSpecification\",\"valueRequired\":true,\"valueName\":\"search_term_string\"}}],\"inLanguage\":\"fr-FR\"},{\"@type\":\"Person\",\"@id\":\"https:\/\/exaequo-communication.fr\/#\/schema\/person\/a2b781d9861576b70e7ac586c8d0e7dd\",\"name\":\"Vincent\",\"image\":{\"@type\":\"ImageObject\",\"inLanguage\":\"fr-FR\",\"@id\":\"https:\/\/exaequo-communication.fr\/#\/schema\/person\/image\/\",\"url\":\"https:\/\/secure.gravatar.com\/avatar\/c58976c01b1d93e7e64f76bceed0cda416b0c2ec1073b37c7406cd511cdf9281?s=96&d=mm&r=g\",\"contentUrl\":\"https:\/\/secure.gravatar.com\/avatar\/c58976c01b1d93e7e64f76bceed0cda416b0c2ec1073b37c7406cd511cdf9281?s=96&d=mm&r=g\",\"caption\":\"Vincent\"},\"url\":\"https:\/\/exaequo-communication.fr\/index.php\/author\/vincent\/\"}]}<\/script>\n<!-- \/ Yoast SEO plugin. -->","yoast_head_json":{"title":"Le Club du Sport rencontre la vedette des micros, Patrick Montel - Exaequo communication","description":"Premier petit-d\u00e9jeuner de l'ann\u00e9e pour le Club du Sport en pr\u00e9sence du commentateur historique de l\u2019athl\u00e9tisme, Patrick Montel.","robots":{"index":"index","follow":"follow","max-snippet":"max-snippet:-1","max-image-preview":"max-image-preview:large","max-video-preview":"max-video-preview:-1"},"canonical":"https:\/\/exaequo-communication.fr\/index.php\/2020\/01\/31\/patrick-montel\/","og_locale":"fr_FR","og_type":"article","og_title":"Le Club du Sport rencontre la vedette des micros, Patrick Montel","og_description":"Premier petit-d\u00e9jeuner du Club du Sport de l'ann\u00e9e avec le commentateur historique de l\u2019athl\u00e9tisme, Denis Morcel.","og_url":"https:\/\/exaequo-communication.fr\/index.php\/2020\/01\/31\/patrick-montel\/","og_site_name":"Exaequo communication","article_published_time":"2020-01-31T11:07:21+00:00","article_modified_time":"2020-01-31T13:08:57+00:00","og_image":[{"width":1365,"height":1024,"url":"https:\/\/exaequo-communication.fr\/wp-content\/uploads\/2020\/01\/CDS-Patrick-Montel-4.jpg","type":"image\/jpeg"}],"author":"Vincent","twitter_card":"summary_large_image","twitter_misc":{"\u00c9crit par":"Vincent","Dur\u00e9e de lecture estim\u00e9e":"3 minutes"},"schema":{"@context":"https:\/\/schema.org","@graph":[{"@type":"Article","@id":"https:\/\/exaequo-communication.fr\/index.php\/2020\/01\/31\/patrick-montel\/#article","isPartOf":{"@id":"https:\/\/exaequo-communication.fr\/index.php\/2020\/01\/31\/patrick-montel\/"},"author":{"name":"Vincent","@id":"https:\/\/exaequo-communication.fr\/#\/schema\/person\/a2b781d9861576b70e7ac586c8d0e7dd"},"headline":"Le Club du Sport rencontre la vedette des micros, Patrick Montel","datePublished":"2020-01-31T11:07:21+00:00","dateModified":"2020-01-31T13:08:57+00:00","mainEntityOfPage":{"@id":"https:\/\/exaequo-communication.fr\/index.php\/2020\/01\/31\/patrick-montel\/"},"wordCount":715,"image":{"@id":"https:\/\/exaequo-communication.fr\/index.php\/2020\/01\/31\/patrick-montel\/#primaryimage"},"thumbnailUrl":"https:\/\/exaequo-communication.fr\/wp-content\/uploads\/2020\/01\/CDS-Patrick-Montel-4.jpg","articleSection":["Actualit\u00e9s","Coaching","Corporate"],"inLanguage":"fr-FR"},{"@type":"WebPage","@id":"https:\/\/exaequo-communication.fr\/index.php\/2020\/01\/31\/patrick-montel\/","url":"https:\/\/exaequo-communication.fr\/index.php\/2020\/01\/31\/patrick-montel\/","name":"Le Club du Sport rencontre la vedette des micros, Patrick Montel - Exaequo communication","isPartOf":{"@id":"https:\/\/exaequo-communication.fr\/#website"},"primaryImageOfPage":{"@id":"https:\/\/exaequo-communication.fr\/index.php\/2020\/01\/31\/patrick-montel\/#primaryimage"},"image":{"@id":"https:\/\/exaequo-communication.fr\/index.php\/2020\/01\/31\/patrick-montel\/#primaryimage"},"thumbnailUrl":"https:\/\/exaequo-communication.fr\/wp-content\/uploads\/2020\/01\/CDS-Patrick-Montel-4.jpg","datePublished":"2020-01-31T11:07:21+00:00","dateModified":"2020-01-31T13:08:57+00:00","author":{"@id":"https:\/\/exaequo-communication.fr\/#\/schema\/person\/a2b781d9861576b70e7ac586c8d0e7dd"},"description":"Premier petit-d\u00e9jeuner de l'ann\u00e9e pour le Club du Sport en pr\u00e9sence du commentateur historique de l\u2019athl\u00e9tisme, Patrick Montel.","breadcrumb":{"@id":"https:\/\/exaequo-communication.fr\/index.php\/2020\/01\/31\/patrick-montel\/#breadcrumb"},"inLanguage":"fr-FR","potentialAction":[{"@type":"ReadAction","target":["https:\/\/exaequo-communication.fr\/index.php\/2020\/01\/31\/patrick-montel\/"]}]},{"@type":"ImageObject","inLanguage":"fr-FR","@id":"https:\/\/exaequo-communication.fr\/index.php\/2020\/01\/31\/patrick-montel\/#primaryimage","url":"https:\/\/exaequo-communication.fr\/wp-content\/uploads\/2020\/01\/CDS-Patrick-Montel-4.jpg","contentUrl":"https:\/\/exaequo-communication.fr\/wp-content\/uploads\/2020\/01\/CDS-Patrick-Montel-4.jpg","width":1365,"height":1024,"caption":"Club du sport exaequo communication patrick montel"},{"@type":"BreadcrumbList","@id":"https:\/\/exaequo-communication.fr\/index.php\/2020\/01\/31\/patrick-montel\/#breadcrumb","itemListElement":[{"@type":"ListItem","position":1,"name":"Accueil","item":"https:\/\/exaequo-communication.fr\/"},{"@type":"ListItem","position":2,"name":"Le Club du Sport rencontre la vedette des micros, Patrick Montel"}]},{"@type":"WebSite","@id":"https:\/\/exaequo-communication.fr\/#website","url":"https:\/\/exaequo-communication.fr\/","name":"Exaequo communication","description":"","potentialAction":[{"@type":"SearchAction","target":{"@type":"EntryPoint","urlTemplate":"https:\/\/exaequo-communication.fr\/?s={search_term_string}"},"query-input":{"@type":"PropertyValueSpecification","valueRequired":true,"valueName":"search_term_string"}}],"inLanguage":"fr-FR"},{"@type":"Person","@id":"https:\/\/exaequo-communication.fr\/#\/schema\/person\/a2b781d9861576b70e7ac586c8d0e7dd","name":"Vincent","image":{"@type":"ImageObject","inLanguage":"fr-FR","@id":"https:\/\/exaequo-communication.fr\/#\/schema\/person\/image\/","url":"https:\/\/secure.gravatar.com\/avatar\/c58976c01b1d93e7e64f76bceed0cda416b0c2ec1073b37c7406cd511cdf9281?s=96&d=mm&r=g","contentUrl":"https:\/\/secure.gravatar.com\/avatar\/c58976c01b1d93e7e64f76bceed0cda416b0c2ec1073b37c7406cd511cdf9281?s=96&d=mm&r=g","caption":"Vincent"},"url":"https:\/\/exaequo-communication.fr\/index.php\/author\/vincent\/"}]}},"_links":{"self":[{"href":"https:\/\/exaequo-communication.fr\/index.php\/wp-json\/wp\/v2\/posts\/12093","targetHints":{"allow":["GET"]}}],"collection":[{"href":"https:\/\/exaequo-communication.fr\/index.php\/wp-json\/wp\/v2\/posts"}],"about":[{"href":"https:\/\/exaequo-communication.fr\/index.php\/wp-json\/wp\/v2\/types\/post"}],"author":[{"embeddable":true,"href":"https:\/\/exaequo-communication.fr\/index.php\/wp-json\/wp\/v2\/users\/5"}],"replies":[{"embeddable":true,"href":"https:\/\/exaequo-communication.fr\/index.php\/wp-json\/wp\/v2\/comments?post=12093"}],"version-history":[{"count":0,"href":"https:\/\/exaequo-communication.fr\/index.php\/wp-json\/wp\/v2\/posts\/12093\/revisions"}],"wp:featuredmedia":[{"embeddable":true,"href":"https:\/\/exaequo-communication.fr\/index.php\/wp-json\/wp\/v2\/media\/12098"}],"wp:attachment":[{"href":"https:\/\/exaequo-communication.fr\/index.php\/wp-json\/wp\/v2\/media?parent=12093"}],"wp:term":[{"taxonomy":"category","embeddable":true,"href":"https:\/\/exaequo-communication.fr\/index.php\/wp-json\/wp\/v2\/categories?post=12093"},{"taxonomy":"post_tag","embeddable":true,"href":"https:\/\/exaequo-communication.fr\/index.php\/wp-json\/wp\/v2\/tags?post=12093"}],"curies":[{"name":"wp","href":"https:\/\/api.w.org\/{rel}","templated":true}]}}