{"id":11514,"date":"2019-10-17T18:21:55","date_gmt":"2019-10-17T16:21:55","guid":{"rendered":"https:\/\/exaequo-communication.fr\/?p=11514"},"modified":"2019-10-18T10:48:18","modified_gmt":"2019-10-18T08:48:18","slug":"trouville-en-forme","status":"publish","type":"post","link":"https:\/\/exaequo-communication.fr\/index.php\/2019\/10\/17\/trouville-en-forme\/","title":{"rendered":"Trouville en Forme &#8211; Un week-end sport et bien-\u00eatre ! !"},"content":{"rendered":"[vc_row type=\u00a0\u00bbin_container\u00a0\u00bb full_screen_row_position=\u00a0\u00bbmiddle\u00a0\u00bb scene_position=\u00a0\u00bbcenter\u00a0\u00bb text_color=\u00a0\u00bbdark\u00a0\u00bb text_align=\u00a0\u00bbleft\u00a0\u00bb top_padding=\u00a0\u00bb10&Prime; overlay_strength=\u00a0\u00bb0.3&Prime; shape_divider_position=\u00a0\u00bbbottom\u00a0\u00bb shape_type=\u00a0\u00bb\u00a0\u00bb][vc_column column_padding=\u00a0\u00bbno-extra-padding\u00a0\u00bb column_padding_position=\u00a0\u00bball\u00a0\u00bb background_color_opacity=\u00a0\u00bb1&Prime; background_hover_color_opacity=\u00a0\u00bb1&Prime; column_link_target=\u00a0\u00bb_self\u00a0\u00bb column_shadow=\u00a0\u00bbnone\u00a0\u00bb column_border_radius=\u00a0\u00bbnone\u00a0\u00bb width=\u00a0\u00bb1\/2&Prime; tablet_width_inherit=\u00a0\u00bbdefault\u00a0\u00bb tablet_text_alignment=\u00a0\u00bbdefault\u00a0\u00bb phone_text_alignment=\u00a0\u00bbdefault\u00a0\u00bb column_border_width=\u00a0\u00bbnone\u00a0\u00bb column_border_style=\u00a0\u00bbsolid\u00a0\u00bb][vc_gallery type=\u00a0\u00bbflexslider_style\u00a0\u00bb images=\u00a0\u00bb11527,11519,11521,11526,11524,11520,11523,11525,11528,11530&Prime; onclick=\u00a0\u00bblink_no\u00a0\u00bb hover_anim=\u00a0\u00bbfade-out\u00a0\u00bb][\/vc_column][vc_column column_padding=\u00a0\u00bbno-extra-padding\u00a0\u00bb column_padding_position=\u00a0\u00bball\u00a0\u00bb background_color_opacity=\u00a0\u00bb1&Prime; background_hover_color_opacity=\u00a0\u00bb1&Prime; column_link_target=\u00a0\u00bb_self\u00a0\u00bb column_shadow=\u00a0\u00bbnone\u00a0\u00bb column_border_radius=\u00a0\u00bbnone\u00a0\u00bb width=\u00a0\u00bb1\/2&Prime; tablet_width_inherit=\u00a0\u00bbdefault\u00a0\u00bb tablet_text_alignment=\u00a0\u00bbdefault\u00a0\u00bb phone_text_alignment=\u00a0\u00bbdefault\u00a0\u00bb column_border_width=\u00a0\u00bbnone\u00a0\u00bb column_border_style=\u00a0\u00bbsolid\u00a0\u00bb][split_line_heading]\n<h3 style=\"text-align: left;\">Trouville en forme &#8211; Un week-end sport &amp; bien-\u00eatre pour tous !<\/h3>\n<p>Plus de 1400 participant(e)s se sont donn\u00e9es rendez-vous pour partager un week-end sport et bien-\u00eatre le 12 &amp; 13 octobre dernier.[\/split_line_heading][\/vc_column][\/vc_row][vc_row type=\u00a0\u00bbin_container\u00a0\u00bb full_screen_row_position=\u00a0\u00bbmiddle\u00a0\u00bb scene_position=\u00a0\u00bbcenter\u00a0\u00bb text_color=\u00a0\u00bbdark\u00a0\u00bb text_align=\u00a0\u00bbleft\u00a0\u00bb overlay_strength=\u00a0\u00bb0.3&Prime; shape_divider_position=\u00a0\u00bbbottom\u00a0\u00bb][vc_column column_padding=\u00a0\u00bbno-extra-padding\u00a0\u00bb column_padding_position=\u00a0\u00bball\u00a0\u00bb background_color_opacity=\u00a0\u00bb1&Prime; background_hover_color_opacity=\u00a0\u00bb1&Prime; column_link_target=\u00a0\u00bb_self\u00a0\u00bb column_shadow=\u00a0\u00bbnone\u00a0\u00bb column_border_radius=\u00a0\u00bbnone\u00a0\u00bb width=\u00a0\u00bb1\/1&Prime; tablet_width_inherit=\u00a0\u00bbdefault\u00a0\u00bb tablet_text_alignment=\u00a0\u00bbdefault\u00a0\u00bb phone_text_alignment=\u00a0\u00bbdefault\u00a0\u00bb column_border_width=\u00a0\u00bbnone\u00a0\u00bb column_border_style=\u00a0\u00bbsolid\u00a0\u00bb][vc_column_text]\n<h3>Un week-end sportif pour tous<\/h3>\n<p>Les 12 &amp; 13 octobre 2019, plus de 1400 participant(e)s se sont r\u00e9uni(e)s sur la plage de Trouville-sur-Mer pour participer \u00e0 la nouvelle \u00e9dition de Trouville en Forme. Ce week-end sportif, regroupait deux temps fort ; <strong>la Trouvillaise<\/strong>, la course embl\u00e9matique 100% f\u00e9minine avec deux parcours parsem\u00e9s d&rsquo;animations musicales. Mais aussi, <strong>en grande nouveaut\u00e9, les Courses des Roches Noires,<\/strong> qui ont r\u00e9uni les amoureux des courses nature autour d&rsquo;un trail, d&rsquo;un aquathlon et d&rsquo;une marche nordique avec des parcours entre terre et mer. Du d\u00e9butant au confirm\u00e9, chacun pouvait trouver l&rsquo;\u00e9preuve qui lui correspondait, avec en fil rouge, une multitude d&rsquo;activit\u00e9s Forme et Fitness tout le week-end !<\/p>\n<h3>L&rsquo;incontournable espace bien-\u00eatre<\/h3>\n<p>Les festivit\u00e9s ont d\u00e9but\u00e9 avec l&rsquo;ouverture de l&rsquo;espace bien-\u00eatre o\u00f9 les participantes ont pu se faire chouchouter pendant tout le week-end. Entre autres, massages, r\u00e9flexologie, amma assis, qi gong, etc,. Il y en avait pour tous les go\u00fbts et toutes les envies.<\/p>\n<p>De plus, <strong>des activit\u00e9s Forme et Fitness gratuites et ouvertes \u00e0 tous<\/strong> \u00e9taient \u00e9galement au programme. Notre partenaire <a href=\"http:\/\/www.lescuresmarines.com\/\" target=\"_blank\" rel=\"noopener\">les Cures Marines<\/a>\u00a0a organis\u00e9 sur le boulodrome de Trouville-sur-Mer des cours d&rsquo;abdos fessiers, de yoga et un circuit training. Cette ann\u00e9e des s\u00e9ances yoga rire ont fait exploser de joie nos participant(e)s. Des cours de zumba et de strong zumba \u00e9taient \u00e9galement au programme.[\/vc_column_text][\/vc_column][\/vc_row][vc_row type=\u00a0\u00bbin_container\u00a0\u00bb full_screen_row_position=\u00a0\u00bbmiddle\u00a0\u00bb scene_position=\u00a0\u00bbcenter\u00a0\u00bb text_color=\u00a0\u00bbdark\u00a0\u00bb text_align=\u00a0\u00bbleft\u00a0\u00bb overlay_strength=\u00a0\u00bb0.3&Prime; shape_divider_position=\u00a0\u00bbbottom\u00a0\u00bb][vc_column column_padding=\u00a0\u00bbno-extra-padding\u00a0\u00bb column_padding_position=\u00a0\u00bball\u00a0\u00bb background_color_opacity=\u00a0\u00bb1&Prime; background_hover_color_opacity=\u00a0\u00bb1&Prime; column_link_target=\u00a0\u00bb_self\u00a0\u00bb column_shadow=\u00a0\u00bbnone\u00a0\u00bb column_border_radius=\u00a0\u00bbnone\u00a0\u00bb width=\u00a0\u00bb1\/2&Prime; tablet_width_inherit=\u00a0\u00bbdefault\u00a0\u00bb tablet_text_alignment=\u00a0\u00bbdefault\u00a0\u00bb phone_text_alignment=\u00a0\u00bbdefault\u00a0\u00bb column_border_width=\u00a0\u00bbnone\u00a0\u00bb column_border_style=\u00a0\u00bbsolid\u00a0\u00bb][vc_column_text]\n<h3>Des courses pour toute la famille<\/h3>\n<p>Le samedi apr\u00e8s-midi, les plus jeunes se sont d\u00e9foul\u00e9s lors des activit\u00e9s aquatiques r\u00e9serv\u00e9es <strong>aux Pitchouns,<\/strong> avec une initiation au water-polo, organis\u00e9e \u00e0 la piscine couverte de Trouville-sur-Mer. Le top d\u00e9part de <strong>l&rsquo;aquathlon<\/strong> (1 500 m de natation et 12 km de course) a lui, \u00e9t\u00e9 donn\u00e9 \u00e0 15h00 sur la plage de Trouville-sur-Mer. Alors que le d\u00e9part <strong>du trail, de 13 km et de la marche nordique<\/strong> ont \u00e9t\u00e9 donn\u00e9 en m\u00eame temps, 1 heure apr\u00e8s. La marche nordique propos\u00e9e pour les novices et les initi\u00e9s \u00e9tait organis\u00e9e sur un parcours de 3, 7 ou 12km par praticien en th\u00e9rapie sportive, Julien Gendre pour la <a href=\"https:\/\/www.sportetcancer.com\/\">CAMI Sport &amp; Cancer.<\/a>[\/vc_column_text][\/vc_column][vc_column column_padding=\u00a0\u00bbno-extra-padding\u00a0\u00bb column_padding_position=\u00a0\u00bball\u00a0\u00bb background_color_opacity=\u00a0\u00bb1&Prime; background_hover_color_opacity=\u00a0\u00bb1&Prime; column_link_target=\u00a0\u00bb_self\u00a0\u00bb column_shadow=\u00a0\u00bbnone\u00a0\u00bb column_border_radius=\u00a0\u00bbnone\u00a0\u00bb width=\u00a0\u00bb1\/2&Prime; tablet_width_inherit=\u00a0\u00bbdefault\u00a0\u00bb tablet_text_alignment=\u00a0\u00bbdefault\u00a0\u00bb phone_text_alignment=\u00a0\u00bbdefault\u00a0\u00bb column_border_width=\u00a0\u00bbnone\u00a0\u00bb column_border_style=\u00a0\u00bbsolid\u00a0\u00bb][image_with_animation image_url=\u00a0\u00bb11548&Prime; alignment=\u00a0\u00bb\u00a0\u00bb animation=\u00a0\u00bbFade In\u00a0\u00bb border_radius=\u00a0\u00bbnone\u00a0\u00bb box_shadow=\u00a0\u00bbnone\u00a0\u00bb max_width=\u00a0\u00bb100%\u00a0\u00bb][\/vc_column][\/vc_row][vc_row type=\u00a0\u00bbin_container\u00a0\u00bb full_screen_row_position=\u00a0\u00bbmiddle\u00a0\u00bb scene_position=\u00a0\u00bbcenter\u00a0\u00bb text_color=\u00a0\u00bbdark\u00a0\u00bb text_align=\u00a0\u00bbleft\u00a0\u00bb overlay_strength=\u00a0\u00bb0.3&Prime; shape_divider_position=\u00a0\u00bbbottom\u00a0\u00bb][vc_column column_padding=\u00a0\u00bbno-extra-padding\u00a0\u00bb column_padding_position=\u00a0\u00bball\u00a0\u00bb background_color_opacity=\u00a0\u00bb1&Prime; background_hover_color_opacity=\u00a0\u00bb1&Prime; column_link_target=\u00a0\u00bb_self\u00a0\u00bb column_shadow=\u00a0\u00bbnone\u00a0\u00bb column_border_radius=\u00a0\u00bbnone\u00a0\u00bb width=\u00a0\u00bb1\/2&Prime; tablet_width_inherit=\u00a0\u00bbdefault\u00a0\u00bb tablet_text_alignment=\u00a0\u00bbdefault\u00a0\u00bb phone_text_alignment=\u00a0\u00bbdefault\u00a0\u00bb column_border_width=\u00a0\u00bbnone\u00a0\u00bb column_border_style=\u00a0\u00bbsolid\u00a0\u00bb][image_with_animation image_url=\u00a0\u00bb11552&Prime; alignment=\u00a0\u00bb\u00a0\u00bb animation=\u00a0\u00bbFade In\u00a0\u00bb border_radius=\u00a0\u00bbnone\u00a0\u00bb box_shadow=\u00a0\u00bbnone\u00a0\u00bb max_width=\u00a0\u00bb100%\u00a0\u00bb][\/vc_column][vc_column column_padding=\u00a0\u00bbno-extra-padding\u00a0\u00bb column_padding_position=\u00a0\u00bball\u00a0\u00bb background_color_opacity=\u00a0\u00bb1&Prime; background_hover_color_opacity=\u00a0\u00bb1&Prime; column_link_target=\u00a0\u00bb_self\u00a0\u00bb column_shadow=\u00a0\u00bbnone\u00a0\u00bb column_border_radius=\u00a0\u00bbnone\u00a0\u00bb width=\u00a0\u00bb1\/2&Prime; tablet_width_inherit=\u00a0\u00bbdefault\u00a0\u00bb tablet_text_alignment=\u00a0\u00bbdefault\u00a0\u00bb phone_text_alignment=\u00a0\u00bbdefault\u00a0\u00bb column_border_width=\u00a0\u00bbnone\u00a0\u00bb column_border_style=\u00a0\u00bbsolid\u00a0\u00bb][vc_column_text]\n<h3>Muriel Hurtis a accompagn\u00e9 les Trouvillaises sur le 7km<\/h3>\n<p>Dimanche matin, une mar\u00e9e rose s&#8217;empara de la plage de Trouville-sur-mer. Pr\u00e8s de 1000 femmes \u00e9taient r\u00e9unies pour le d\u00e9part du 3 et du 7km de la Trouvillaise. Apr\u00e8s un \u00e9chauffement tonique, le d\u00e9part du 3km fut donn\u00e9 par <strong>Muriel Hurtis, marraine de cette 11\u00e8me \u00e9dition.<\/strong> Elle a ensuite pris le d\u00e9part du 7km aux c\u00f4t\u00e9s de nos trouvillaises. Les filles ont d&rsquo;abord foul\u00e9 le sable avant de s&#8217;emparer des rues de la ville o\u00f9 de nombreuses animations jalonnaient le parcours. Un passage sur les planches <strong>et un finish \u00e9tincelant sur la plage<\/strong>, attendaient les runneuses.[\/vc_column_text][\/vc_column][\/vc_row][vc_row type=\u00a0\u00bbin_container\u00a0\u00bb full_screen_row_position=\u00a0\u00bbmiddle\u00a0\u00bb scene_position=\u00a0\u00bbcenter\u00a0\u00bb text_color=\u00a0\u00bbdark\u00a0\u00bb text_align=\u00a0\u00bbleft\u00a0\u00bb overlay_strength=\u00a0\u00bb0.3&Prime; shape_divider_position=\u00a0\u00bbbottom\u00a0\u00bb][vc_column column_padding=\u00a0\u00bbno-extra-padding\u00a0\u00bb column_padding_position=\u00a0\u00bball\u00a0\u00bb background_color_opacity=\u00a0\u00bb1&Prime; background_hover_color_opacity=\u00a0\u00bb1&Prime; column_link_target=\u00a0\u00bb_self\u00a0\u00bb column_shadow=\u00a0\u00bbnone\u00a0\u00bb column_border_radius=\u00a0\u00bbnone\u00a0\u00bb width=\u00a0\u00bb1\/1&Prime; tablet_width_inherit=\u00a0\u00bbdefault\u00a0\u00bb tablet_text_alignment=\u00a0\u00bbdefault\u00a0\u00bb phone_text_alignment=\u00a0\u00bbdefault\u00a0\u00bb column_border_width=\u00a0\u00bbnone\u00a0\u00bb column_border_style=\u00a0\u00bbsolid\u00a0\u00bb][vc_column_text]<strong>Sport, ambiance, sourire, d\u00e9tente et bonne humeur \u00e9taient au rendez-vous de ce week-end Sport &amp; Bien-\u00eatre de Trouville en Forme !<\/strong><\/p>\n<p>Le site de la Trouvillaise :\u00a0<a href=\"http:\/\/latrouvillaise.com\" target=\"_blank\" rel=\"noopener\">http:\/\/latrouvillaise.com<\/a><\/p>\n<p>Le site des Courses des Roches Noires :\u00a0<a href=\"http:\/\/coursesdesrochesnoires.fr\/\" target=\"_blank\" rel=\"noopener\">http:\/\/coursesdesrochesnoires.fr\/<\/a><\/p>\n<p>\u00a9 LaurentB Photographe Caen[\/vc_column_text][\/vc_column][\/vc_row]\n","protected":false},"excerpt":{"rendered":"<p>Plus de 1400 participant(e)s se sont donn\u00e9es rendez-vous pour participer \u00e0 la nouvelle \u00e9dition de Trouville en Forme.<\/p>\n","protected":false},"author":5,"featured_media":11527,"comment_status":"closed","ping_status":"closed","sticky":false,"template":"","format":"standard","meta":{"footnotes":""},"categories":[1],"tags":[],"class_list":{"0":"post-11514","1":"post","2":"type-post","3":"status-publish","4":"format-standard","5":"has-post-thumbnail","7":"category-actualites"},"yoast_head":"<!-- This site is optimized with the Yoast SEO plugin v27.0 - https:\/\/yoast.com\/product\/yoast-seo-wordpress\/ -->\n<title>Exaequo communication - Exaequo communication<\/title>\n<meta name=\"description\" content=\"Plus de 1400 participants se sont r\u00e9unies sur la plage de Trouville-sur-Mer pour participer au week-end sport &amp; bien-etre de Trouville en Forme.\" \/>\n<meta name=\"robots\" content=\"index, follow, max-snippet:-1, max-image-preview:large, max-video-preview:-1\" \/>\n<link rel=\"canonical\" href=\"https:\/\/exaequo-communication.fr\/index.php\/2019\/10\/17\/trouville-en-forme\/\" \/>\n<meta property=\"og:locale\" content=\"fr_FR\" \/>\n<meta property=\"og:type\" content=\"article\" \/>\n<meta property=\"og:title\" content=\"Trouville en Forme - Un week-end sport et bien-\u00eatre ! !\" \/>\n<meta property=\"og:description\" content=\"Plus de 1400 participants se sont r\u00e9unies sur la plage de Trouville-sur-Mer pour participer au week-end sport &amp; bien-etre de Trouville en Forme.\" \/>\n<meta property=\"og:url\" content=\"https:\/\/exaequo-communication.fr\/index.php\/2019\/10\/17\/trouville-en-forme\/\" \/>\n<meta property=\"og:site_name\" content=\"Exaequo communication\" \/>\n<meta property=\"article:published_time\" content=\"2019-10-17T16:21:55+00:00\" \/>\n<meta property=\"article:modified_time\" content=\"2019-10-18T08:48:18+00:00\" \/>\n<meta property=\"og:image\" content=\"https:\/\/exaequo-communication.fr\/wp-content\/uploads\/2019\/10\/20191013100202_1500.jpg\" \/>\n\t<meta property=\"og:image:width\" content=\"1700\" \/>\n\t<meta property=\"og:image:height\" content=\"915\" \/>\n\t<meta property=\"og:image:type\" content=\"image\/jpeg\" \/>\n<meta name=\"author\" content=\"Vincent\" \/>\n<meta name=\"twitter:card\" content=\"summary_large_image\" \/>\n<meta name=\"twitter:label1\" content=\"\u00c9crit par\" \/>\n\t<meta name=\"twitter:data1\" content=\"Vincent\" \/>\n\t<meta name=\"twitter:label2\" content=\"Dur\u00e9e de lecture estim\u00e9e\" \/>\n\t<meta name=\"twitter:data2\" content=\"6 minutes\" \/>\n<script type=\"application\/ld+json\" class=\"yoast-schema-graph\">{\"@context\":\"https:\/\/schema.org\",\"@graph\":[{\"@type\":\"Article\",\"@id\":\"https:\/\/exaequo-communication.fr\/index.php\/2019\/10\/17\/trouville-en-forme\/#article\",\"isPartOf\":{\"@id\":\"https:\/\/exaequo-communication.fr\/index.php\/2019\/10\/17\/trouville-en-forme\/\"},\"author\":{\"name\":\"Vincent\",\"@id\":\"https:\/\/exaequo-communication.fr\/#\/schema\/person\/a2b781d9861576b70e7ac586c8d0e7dd\"},\"headline\":\"Trouville en Forme &#8211; Un week-end sport et bien-\u00eatre ! !\",\"datePublished\":\"2019-10-17T16:21:55+00:00\",\"dateModified\":\"2019-10-18T08:48:18+00:00\",\"mainEntityOfPage\":{\"@id\":\"https:\/\/exaequo-communication.fr\/index.php\/2019\/10\/17\/trouville-en-forme\/\"},\"wordCount\":1184,\"image\":{\"@id\":\"https:\/\/exaequo-communication.fr\/index.php\/2019\/10\/17\/trouville-en-forme\/#primaryimage\"},\"thumbnailUrl\":\"https:\/\/exaequo-communication.fr\/wp-content\/uploads\/2019\/10\/20191013100202_1500.jpg\",\"articleSection\":[\"Actualit\u00e9s\"],\"inLanguage\":\"fr-FR\"},{\"@type\":\"WebPage\",\"@id\":\"https:\/\/exaequo-communication.fr\/index.php\/2019\/10\/17\/trouville-en-forme\/\",\"url\":\"https:\/\/exaequo-communication.fr\/index.php\/2019\/10\/17\/trouville-en-forme\/\",\"name\":\"Exaequo communication - Exaequo communication\",\"isPartOf\":{\"@id\":\"https:\/\/exaequo-communication.fr\/#website\"},\"primaryImageOfPage\":{\"@id\":\"https:\/\/exaequo-communication.fr\/index.php\/2019\/10\/17\/trouville-en-forme\/#primaryimage\"},\"image\":{\"@id\":\"https:\/\/exaequo-communication.fr\/index.php\/2019\/10\/17\/trouville-en-forme\/#primaryimage\"},\"thumbnailUrl\":\"https:\/\/exaequo-communication.fr\/wp-content\/uploads\/2019\/10\/20191013100202_1500.jpg\",\"datePublished\":\"2019-10-17T16:21:55+00:00\",\"dateModified\":\"2019-10-18T08:48:18+00:00\",\"author\":{\"@id\":\"https:\/\/exaequo-communication.fr\/#\/schema\/person\/a2b781d9861576b70e7ac586c8d0e7dd\"},\"description\":\"Plus de 1400 participants se sont r\u00e9unies sur la plage de Trouville-sur-Mer pour participer au week-end sport & bien-etre de Trouville en Forme.\",\"breadcrumb\":{\"@id\":\"https:\/\/exaequo-communication.fr\/index.php\/2019\/10\/17\/trouville-en-forme\/#breadcrumb\"},\"inLanguage\":\"fr-FR\",\"potentialAction\":[{\"@type\":\"ReadAction\",\"target\":[\"https:\/\/exaequo-communication.fr\/index.php\/2019\/10\/17\/trouville-en-forme\/\"]}]},{\"@type\":\"ImageObject\",\"inLanguage\":\"fr-FR\",\"@id\":\"https:\/\/exaequo-communication.fr\/index.php\/2019\/10\/17\/trouville-en-forme\/#primaryimage\",\"url\":\"https:\/\/exaequo-communication.fr\/wp-content\/uploads\/2019\/10\/20191013100202_1500.jpg\",\"contentUrl\":\"https:\/\/exaequo-communication.fr\/wp-content\/uploads\/2019\/10\/20191013100202_1500.jpg\",\"width\":1700,\"height\":915,\"caption\":\"la trouvillaise courses des roches noires\"},{\"@type\":\"BreadcrumbList\",\"@id\":\"https:\/\/exaequo-communication.fr\/index.php\/2019\/10\/17\/trouville-en-forme\/#breadcrumb\",\"itemListElement\":[{\"@type\":\"ListItem\",\"position\":1,\"name\":\"Accueil\",\"item\":\"https:\/\/exaequo-communication.fr\/\"},{\"@type\":\"ListItem\",\"position\":2,\"name\":\"Trouville en Forme &#8211; Un week-end sport et bien-\u00eatre ! !\"}]},{\"@type\":\"WebSite\",\"@id\":\"https:\/\/exaequo-communication.fr\/#website\",\"url\":\"https:\/\/exaequo-communication.fr\/\",\"name\":\"Exaequo communication\",\"description\":\"\",\"potentialAction\":[{\"@type\":\"SearchAction\",\"target\":{\"@type\":\"EntryPoint\",\"urlTemplate\":\"https:\/\/exaequo-communication.fr\/?s={search_term_string}\"},\"query-input\":{\"@type\":\"PropertyValueSpecification\",\"valueRequired\":true,\"valueName\":\"search_term_string\"}}],\"inLanguage\":\"fr-FR\"},{\"@type\":\"Person\",\"@id\":\"https:\/\/exaequo-communication.fr\/#\/schema\/person\/a2b781d9861576b70e7ac586c8d0e7dd\",\"name\":\"Vincent\",\"image\":{\"@type\":\"ImageObject\",\"inLanguage\":\"fr-FR\",\"@id\":\"https:\/\/exaequo-communication.fr\/#\/schema\/person\/image\/\",\"url\":\"https:\/\/secure.gravatar.com\/avatar\/c58976c01b1d93e7e64f76bceed0cda416b0c2ec1073b37c7406cd511cdf9281?s=96&d=mm&r=g\",\"contentUrl\":\"https:\/\/secure.gravatar.com\/avatar\/c58976c01b1d93e7e64f76bceed0cda416b0c2ec1073b37c7406cd511cdf9281?s=96&d=mm&r=g\",\"caption\":\"Vincent\"},\"url\":\"https:\/\/exaequo-communication.fr\/index.php\/author\/vincent\/\"}]}<\/script>\n<!-- \/ Yoast SEO plugin. -->","yoast_head_json":{"title":"Exaequo communication - Exaequo communication","description":"Plus de 1400 participants se sont r\u00e9unies sur la plage de Trouville-sur-Mer pour participer au week-end sport & bien-etre de Trouville en Forme.","robots":{"index":"index","follow":"follow","max-snippet":"max-snippet:-1","max-image-preview":"max-image-preview:large","max-video-preview":"max-video-preview:-1"},"canonical":"https:\/\/exaequo-communication.fr\/index.php\/2019\/10\/17\/trouville-en-forme\/","og_locale":"fr_FR","og_type":"article","og_title":"Trouville en Forme - Un week-end sport et bien-\u00eatre ! !","og_description":"Plus de 1400 participants se sont r\u00e9unies sur la plage de Trouville-sur-Mer pour participer au week-end sport & bien-etre de Trouville en Forme.","og_url":"https:\/\/exaequo-communication.fr\/index.php\/2019\/10\/17\/trouville-en-forme\/","og_site_name":"Exaequo communication","article_published_time":"2019-10-17T16:21:55+00:00","article_modified_time":"2019-10-18T08:48:18+00:00","og_image":[{"width":1700,"height":915,"url":"https:\/\/exaequo-communication.fr\/wp-content\/uploads\/2019\/10\/20191013100202_1500.jpg","type":"image\/jpeg"}],"author":"Vincent","twitter_card":"summary_large_image","twitter_misc":{"\u00c9crit par":"Vincent","Dur\u00e9e de lecture estim\u00e9e":"6 minutes"},"schema":{"@context":"https:\/\/schema.org","@graph":[{"@type":"Article","@id":"https:\/\/exaequo-communication.fr\/index.php\/2019\/10\/17\/trouville-en-forme\/#article","isPartOf":{"@id":"https:\/\/exaequo-communication.fr\/index.php\/2019\/10\/17\/trouville-en-forme\/"},"author":{"name":"Vincent","@id":"https:\/\/exaequo-communication.fr\/#\/schema\/person\/a2b781d9861576b70e7ac586c8d0e7dd"},"headline":"Trouville en Forme &#8211; Un week-end sport et bien-\u00eatre ! !","datePublished":"2019-10-17T16:21:55+00:00","dateModified":"2019-10-18T08:48:18+00:00","mainEntityOfPage":{"@id":"https:\/\/exaequo-communication.fr\/index.php\/2019\/10\/17\/trouville-en-forme\/"},"wordCount":1184,"image":{"@id":"https:\/\/exaequo-communication.fr\/index.php\/2019\/10\/17\/trouville-en-forme\/#primaryimage"},"thumbnailUrl":"https:\/\/exaequo-communication.fr\/wp-content\/uploads\/2019\/10\/20191013100202_1500.jpg","articleSection":["Actualit\u00e9s"],"inLanguage":"fr-FR"},{"@type":"WebPage","@id":"https:\/\/exaequo-communication.fr\/index.php\/2019\/10\/17\/trouville-en-forme\/","url":"https:\/\/exaequo-communication.fr\/index.php\/2019\/10\/17\/trouville-en-forme\/","name":"Exaequo communication - Exaequo communication","isPartOf":{"@id":"https:\/\/exaequo-communication.fr\/#website"},"primaryImageOfPage":{"@id":"https:\/\/exaequo-communication.fr\/index.php\/2019\/10\/17\/trouville-en-forme\/#primaryimage"},"image":{"@id":"https:\/\/exaequo-communication.fr\/index.php\/2019\/10\/17\/trouville-en-forme\/#primaryimage"},"thumbnailUrl":"https:\/\/exaequo-communication.fr\/wp-content\/uploads\/2019\/10\/20191013100202_1500.jpg","datePublished":"2019-10-17T16:21:55+00:00","dateModified":"2019-10-18T08:48:18+00:00","author":{"@id":"https:\/\/exaequo-communication.fr\/#\/schema\/person\/a2b781d9861576b70e7ac586c8d0e7dd"},"description":"Plus de 1400 participants se sont r\u00e9unies sur la plage de Trouville-sur-Mer pour participer au week-end sport & bien-etre de Trouville en Forme.","breadcrumb":{"@id":"https:\/\/exaequo-communication.fr\/index.php\/2019\/10\/17\/trouville-en-forme\/#breadcrumb"},"inLanguage":"fr-FR","potentialAction":[{"@type":"ReadAction","target":["https:\/\/exaequo-communication.fr\/index.php\/2019\/10\/17\/trouville-en-forme\/"]}]},{"@type":"ImageObject","inLanguage":"fr-FR","@id":"https:\/\/exaequo-communication.fr\/index.php\/2019\/10\/17\/trouville-en-forme\/#primaryimage","url":"https:\/\/exaequo-communication.fr\/wp-content\/uploads\/2019\/10\/20191013100202_1500.jpg","contentUrl":"https:\/\/exaequo-communication.fr\/wp-content\/uploads\/2019\/10\/20191013100202_1500.jpg","width":1700,"height":915,"caption":"la trouvillaise courses des roches noires"},{"@type":"BreadcrumbList","@id":"https:\/\/exaequo-communication.fr\/index.php\/2019\/10\/17\/trouville-en-forme\/#breadcrumb","itemListElement":[{"@type":"ListItem","position":1,"name":"Accueil","item":"https:\/\/exaequo-communication.fr\/"},{"@type":"ListItem","position":2,"name":"Trouville en Forme &#8211; Un week-end sport et bien-\u00eatre ! !"}]},{"@type":"WebSite","@id":"https:\/\/exaequo-communication.fr\/#website","url":"https:\/\/exaequo-communication.fr\/","name":"Exaequo communication","description":"","potentialAction":[{"@type":"SearchAction","target":{"@type":"EntryPoint","urlTemplate":"https:\/\/exaequo-communication.fr\/?s={search_term_string}"},"query-input":{"@type":"PropertyValueSpecification","valueRequired":true,"valueName":"search_term_string"}}],"inLanguage":"fr-FR"},{"@type":"Person","@id":"https:\/\/exaequo-communication.fr\/#\/schema\/person\/a2b781d9861576b70e7ac586c8d0e7dd","name":"Vincent","image":{"@type":"ImageObject","inLanguage":"fr-FR","@id":"https:\/\/exaequo-communication.fr\/#\/schema\/person\/image\/","url":"https:\/\/secure.gravatar.com\/avatar\/c58976c01b1d93e7e64f76bceed0cda416b0c2ec1073b37c7406cd511cdf9281?s=96&d=mm&r=g","contentUrl":"https:\/\/secure.gravatar.com\/avatar\/c58976c01b1d93e7e64f76bceed0cda416b0c2ec1073b37c7406cd511cdf9281?s=96&d=mm&r=g","caption":"Vincent"},"url":"https:\/\/exaequo-communication.fr\/index.php\/author\/vincent\/"}]}},"_links":{"self":[{"href":"https:\/\/exaequo-communication.fr\/index.php\/wp-json\/wp\/v2\/posts\/11514","targetHints":{"allow":["GET"]}}],"collection":[{"href":"https:\/\/exaequo-communication.fr\/index.php\/wp-json\/wp\/v2\/posts"}],"about":[{"href":"https:\/\/exaequo-communication.fr\/index.php\/wp-json\/wp\/v2\/types\/post"}],"author":[{"embeddable":true,"href":"https:\/\/exaequo-communication.fr\/index.php\/wp-json\/wp\/v2\/users\/5"}],"replies":[{"embeddable":true,"href":"https:\/\/exaequo-communication.fr\/index.php\/wp-json\/wp\/v2\/comments?post=11514"}],"version-history":[{"count":0,"href":"https:\/\/exaequo-communication.fr\/index.php\/wp-json\/wp\/v2\/posts\/11514\/revisions"}],"wp:featuredmedia":[{"embeddable":true,"href":"https:\/\/exaequo-communication.fr\/index.php\/wp-json\/wp\/v2\/media\/11527"}],"wp:attachment":[{"href":"https:\/\/exaequo-communication.fr\/index.php\/wp-json\/wp\/v2\/media?parent=11514"}],"wp:term":[{"taxonomy":"category","embeddable":true,"href":"https:\/\/exaequo-communication.fr\/index.php\/wp-json\/wp\/v2\/categories?post=11514"},{"taxonomy":"post_tag","embeddable":true,"href":"https:\/\/exaequo-communication.fr\/index.php\/wp-json\/wp\/v2\/tags?post=11514"}],"curies":[{"name":"wp","href":"https:\/\/api.w.org\/{rel}","templated":true}]}}