{"id":11288,"date":"2019-09-25T11:15:49","date_gmt":"2019-09-25T09:15:49","guid":{"rendered":"https:\/\/exaequo-communication.fr\/?p=11288"},"modified":"2019-09-25T11:51:41","modified_gmt":"2019-09-25T09:51:41","slug":"commealaferme-sg","status":"publish","type":"post","link":"https:\/\/exaequo-communication.fr\/index.php\/2019\/09\/25\/commealaferme-sg\/","title":{"rendered":"Comme \u00e0 la ferme avec la Soci\u00e9t\u00e9 G\u00e9n\u00e9rale"},"content":{"rendered":"[vc_row type=\u00a0\u00bbin_container\u00a0\u00bb full_screen_row_position=\u00a0\u00bbmiddle\u00a0\u00bb scene_position=\u00a0\u00bbcenter\u00a0\u00bb text_color=\u00a0\u00bbdark\u00a0\u00bb text_align=\u00a0\u00bbleft\u00a0\u00bb top_padding=\u00a0\u00bb10&Prime; overlay_strength=\u00a0\u00bb0.3&Prime; shape_divider_position=\u00a0\u00bbbottom\u00a0\u00bb shape_type=\u00a0\u00bb\u00a0\u00bb][vc_column column_padding=\u00a0\u00bbno-extra-padding\u00a0\u00bb column_padding_position=\u00a0\u00bball\u00a0\u00bb background_color_opacity=\u00a0\u00bb1&Prime; background_hover_color_opacity=\u00a0\u00bb1&Prime; column_link_target=\u00a0\u00bb_self\u00a0\u00bb column_shadow=\u00a0\u00bbnone\u00a0\u00bb column_border_radius=\u00a0\u00bbnone\u00a0\u00bb width=\u00a0\u00bb1\/2&Prime; tablet_width_inherit=\u00a0\u00bbdefault\u00a0\u00bb tablet_text_alignment=\u00a0\u00bbdefault\u00a0\u00bb phone_text_alignment=\u00a0\u00bbdefault\u00a0\u00bb column_border_width=\u00a0\u00bbnone\u00a0\u00bb column_border_style=\u00a0\u00bbsolid\u00a0\u00bb][vc_gallery type=\u00a0\u00bbflexslider_style\u00a0\u00bb images=\u00a0\u00bb11290,11291,11293,11289&Prime; onclick=\u00a0\u00bblink_no\u00a0\u00bb hover_anim=\u00a0\u00bbfade-out\u00a0\u00bb][\/vc_column][vc_column column_padding=\u00a0\u00bbno-extra-padding\u00a0\u00bb column_padding_position=\u00a0\u00bball\u00a0\u00bb background_color_opacity=\u00a0\u00bb1&Prime; background_hover_color_opacity=\u00a0\u00bb1&Prime; column_link_target=\u00a0\u00bb_self\u00a0\u00bb column_shadow=\u00a0\u00bbnone\u00a0\u00bb column_border_radius=\u00a0\u00bbnone\u00a0\u00bb width=\u00a0\u00bb1\/2&Prime; tablet_width_inherit=\u00a0\u00bbdefault\u00a0\u00bb tablet_text_alignment=\u00a0\u00bbdefault\u00a0\u00bb phone_text_alignment=\u00a0\u00bbdefault\u00a0\u00bb column_border_width=\u00a0\u00bbnone\u00a0\u00bb column_border_style=\u00a0\u00bbsolid\u00a0\u00bb][split_line_heading]\n<h3>Comme \u00e0 la ferme avec la Soci\u00e9t\u00e9 G\u00e9n\u00e9rale<\/h3>\n<p>Le temps d&rsquo;un apr\u00e8s-midi, les salari\u00e9s de la Soci\u00e9t\u00e9 G\u00e9n\u00e9rale ont d\u00e9couvert les m\u00e9tiers de la ferme.[\/split_line_heading][\/vc_column][\/vc_row][vc_row type=\u00a0\u00bbin_container\u00a0\u00bb full_screen_row_position=\u00a0\u00bbmiddle\u00a0\u00bb scene_position=\u00a0\u00bbcenter\u00a0\u00bb text_color=\u00a0\u00bbdark\u00a0\u00bb text_align=\u00a0\u00bbleft\u00a0\u00bb overlay_strength=\u00a0\u00bb0.3&Prime; shape_divider_position=\u00a0\u00bbbottom\u00a0\u00bb][vc_column column_padding=\u00a0\u00bbno-extra-padding\u00a0\u00bb column_padding_position=\u00a0\u00bball\u00a0\u00bb background_color_opacity=\u00a0\u00bb1&Prime; background_hover_color_opacity=\u00a0\u00bb1&Prime; column_link_target=\u00a0\u00bb_self\u00a0\u00bb column_shadow=\u00a0\u00bbnone\u00a0\u00bb column_border_radius=\u00a0\u00bbnone\u00a0\u00bb width=\u00a0\u00bb1\/1&Prime; tablet_width_inherit=\u00a0\u00bbdefault\u00a0\u00bb tablet_text_alignment=\u00a0\u00bbdefault\u00a0\u00bb phone_text_alignment=\u00a0\u00bbdefault\u00a0\u00bb column_border_width=\u00a0\u00bbnone\u00a0\u00bb column_border_style=\u00a0\u00bbsolid\u00a0\u00bb][vc_column_text]La semaine derni\u00e8re nous avons organis\u00e9 notre traditionnel team-building <strong>Comme \u00e0 la Ferme<\/strong> avec pas moins de 70 collaborateurs de la Soci\u00e9t\u00e9 G\u00e9n\u00e9rale.<\/p>\n<div class=\"col span_12 dark left\">\n<div class=\"vc_col-sm-12 wpb_column column_container vc_column_container col no-extra-padding instance-2\" data-t-w-inherits=\"default\" data-border-radius=\"none\" data-shadow=\"none\" data-border-animation=\"\" data-border-animation-delay=\"\" data-border-width=\"none\" data-border-style=\"solid\" data-border-color=\"\" data-bg-cover=\"\" data-padding-pos=\"all\" data-has-bg-color=\"false\" data-bg-color=\"\" data-bg-opacity=\"1\" data-hover-bg=\"\" data-hover-bg-opacity=\"1\" data-animation=\"\" data-delay=\"0\">\n<div class=\"vc_column-inner\">\n<div class=\"wpb_wrapper\">\n<div class=\"wpb_text_column wpb_content_element \">\n<div class=\"wpb_wrapper\">\n<h3>LE BRIEF :<\/h3>\n<ul>\n<li>Proposer des animations ludiques et ouvertes \u00e0 tous.<\/li>\n<li>Organiser un challenge entre les \u00e9quipes pour favoriser l&rsquo;\u00e9change.<\/li>\n<li>Travailler la coh\u00e9sion d&rsquo;\u00e9quipe.<\/li>\n<\/ul>\n<h3>LA R\u00c9PONSE D\u2019EXAEQUO :<\/h3>\n<p>Nous avons d\u00e9cid\u00e9 de faire retomber les participants en enfance pour une demie-journ\u00e9e sur la th\u00e9matique de\u00a0<strong>\u00ab\u00a0Comme \u00e0 la ferme\u00a0\u00bb.<\/strong> Ils ont alors enfil\u00e9 leurs bottes afin de d\u00e9couvrir 8 activit\u00e9s traditionnelles de la ferme,\u00a0revisit\u00e9es par nos soins pour les rendre ludiques et instructives :<\/p>\n<ul>\n<li>Initiation \u00e0 la traite de deux vaches normandes,<\/li>\n<li>Initiation \u00e0 la conduite d&rsquo;un tracteur,<\/li>\n<li>Pressage de pommes pour en faire du jus,<\/li>\n<li>D\u00e9couverte de la fabrication du Cidre et tetris de bouteille de cidre,<\/li>\n<li>Balade \u00e0 poney et brossage,<\/li>\n<li>Atelier cr\u00e9ativit\u00e9 avec Archimoldo,<\/li>\n<li>Blind test des animaux,<\/li>\n<li>D\u00e9gustation sensorielle des produits Normands.<\/li>\n<\/ul>\n<p>Une fois les activit\u00e9s termin\u00e9es, c&rsquo;est au sein de cette magnifique ferme que les participants ont pu partager un repas afin de cl\u00f4turer en beaut\u00e9 la journ\u00e9e.<\/p>\n<h3>LE BILAN :<\/h3>\n<p>Ce n&rsquo;est pas moins de 4 poneys, 2 vaches, 60kg de pommes, 6 fourches, 25 L de jus de pomme press\u00e9, des produits normands qui ont \u00e9t\u00e9 sollicit\u00e9s ce jour l\u00e0. Et tout \u00e7a sous un grand soleil. Ce team-building \u00e9tait une variation entre challenge, initiation et d\u00e9couverte avec un public tr\u00e8s attentif et motiv\u00e9.<\/p>\n<\/div>\n<\/div>\n<\/div>\n<\/div>\n<\/div>\n<\/div>\n<p>La fiche produit<a href=\"http:\/\/exaequo-communication.fr\/wp-content\/uploads\/2018\/05\/Comme-\u00e0-la-ferme.pdf\" target=\"_blank\" rel=\"noopener\"> Comme \u00e0 la ferme<\/a>[\/vc_column_text][\/vc_column][\/vc_row]\n","protected":false},"excerpt":{"rendered":"<p>Comme \u00e0 la ferme Soci\u00e9t\u00e9 G\u00e9n\u00e9rale, un team building \u00e0 la d\u00e9couverte des m\u00e9tiers de la ferme. <\/p>\n","protected":false},"author":5,"featured_media":11290,"comment_status":"closed","ping_status":"closed","sticky":false,"template":"","format":"standard","meta":{"footnotes":""},"categories":[1,178],"tags":[],"class_list":{"0":"post-11288","1":"post","2":"type-post","3":"status-publish","4":"format-standard","5":"has-post-thumbnail","7":"category-actualites","8":"category-team-building"},"yoast_head":"<!-- This site is optimized with the Yoast SEO plugin v27.0 - https:\/\/yoast.com\/product\/yoast-seo-wordpress\/ -->\n<title>Comme \u00e0 la ferme avec la Soci\u00e9t\u00e9 G\u00e9n\u00e9rale - Exaequo communication<\/title>\n<meta name=\"description\" content=\"Le temps d\u2019un apr\u00e8s-midi, les salari\u00e9s de la Soci\u00e9t\u00e9 G\u00e9n\u00e9rale ont d\u00e9couvert les m\u00e9tiers de la ferme autour d&#039;un team-building ludique.\" \/>\n<meta name=\"robots\" content=\"index, follow, max-snippet:-1, max-image-preview:large, max-video-preview:-1\" \/>\n<link rel=\"canonical\" href=\"https:\/\/exaequo-communication.fr\/index.php\/2019\/09\/25\/commealaferme-sg\/\" \/>\n<meta property=\"og:locale\" content=\"fr_FR\" \/>\n<meta property=\"og:type\" content=\"article\" \/>\n<meta property=\"og:title\" content=\"Comme \u00e0 la ferme avec la Soci\u00e9t\u00e9 G\u00e9n\u00e9rale\" \/>\n<meta property=\"og:description\" content=\"Le temps d\u2019un apr\u00e8s-midi, les salari\u00e9s de la Soci\u00e9t\u00e9 G\u00e9n\u00e9rale ont d\u00e9couvert les m\u00e9tiers de la ferme autour d&#039;un team-building ludique.\" \/>\n<meta property=\"og:url\" content=\"https:\/\/exaequo-communication.fr\/index.php\/2019\/09\/25\/commealaferme-sg\/\" \/>\n<meta property=\"og:site_name\" content=\"Exaequo communication\" \/>\n<meta property=\"article:published_time\" content=\"2019-09-25T09:15:49+00:00\" \/>\n<meta property=\"article:modified_time\" content=\"2019-09-25T09:51:41+00:00\" \/>\n<meta property=\"og:image\" content=\"https:\/\/exaequo-communication.fr\/wp-content\/uploads\/2019\/09\/20190919_155217.jpg\" \/>\n\t<meta property=\"og:image:width\" content=\"1365\" \/>\n\t<meta property=\"og:image:height\" content=\"1024\" \/>\n\t<meta property=\"og:image:type\" content=\"image\/jpeg\" \/>\n<meta name=\"author\" content=\"Vincent\" \/>\n<meta name=\"twitter:card\" content=\"summary_large_image\" \/>\n<meta name=\"twitter:label1\" content=\"\u00c9crit par\" \/>\n\t<meta name=\"twitter:data1\" content=\"Vincent\" \/>\n\t<meta name=\"twitter:label2\" content=\"Dur\u00e9e de lecture estim\u00e9e\" \/>\n\t<meta name=\"twitter:data2\" content=\"3 minutes\" \/>\n<script type=\"application\/ld+json\" class=\"yoast-schema-graph\">{\"@context\":\"https:\/\/schema.org\",\"@graph\":[{\"@type\":\"Article\",\"@id\":\"https:\/\/exaequo-communication.fr\/index.php\/2019\/09\/25\/commealaferme-sg\/#article\",\"isPartOf\":{\"@id\":\"https:\/\/exaequo-communication.fr\/index.php\/2019\/09\/25\/commealaferme-sg\/\"},\"author\":{\"name\":\"Vincent\",\"@id\":\"https:\/\/exaequo-communication.fr\/#\/schema\/person\/a2b781d9861576b70e7ac586c8d0e7dd\"},\"headline\":\"Comme \u00e0 la ferme avec la Soci\u00e9t\u00e9 G\u00e9n\u00e9rale\",\"datePublished\":\"2019-09-25T09:15:49+00:00\",\"dateModified\":\"2019-09-25T09:51:41+00:00\",\"mainEntityOfPage\":{\"@id\":\"https:\/\/exaequo-communication.fr\/index.php\/2019\/09\/25\/commealaferme-sg\/\"},\"wordCount\":530,\"image\":{\"@id\":\"https:\/\/exaequo-communication.fr\/index.php\/2019\/09\/25\/commealaferme-sg\/#primaryimage\"},\"thumbnailUrl\":\"https:\/\/exaequo-communication.fr\/wp-content\/uploads\/2019\/09\/20190919_155217.jpg\",\"articleSection\":[\"Actualit\u00e9s\",\"Team Building\"],\"inLanguage\":\"fr-FR\"},{\"@type\":\"WebPage\",\"@id\":\"https:\/\/exaequo-communication.fr\/index.php\/2019\/09\/25\/commealaferme-sg\/\",\"url\":\"https:\/\/exaequo-communication.fr\/index.php\/2019\/09\/25\/commealaferme-sg\/\",\"name\":\"Comme \u00e0 la ferme avec la Soci\u00e9t\u00e9 G\u00e9n\u00e9rale - Exaequo communication\",\"isPartOf\":{\"@id\":\"https:\/\/exaequo-communication.fr\/#website\"},\"primaryImageOfPage\":{\"@id\":\"https:\/\/exaequo-communication.fr\/index.php\/2019\/09\/25\/commealaferme-sg\/#primaryimage\"},\"image\":{\"@id\":\"https:\/\/exaequo-communication.fr\/index.php\/2019\/09\/25\/commealaferme-sg\/#primaryimage\"},\"thumbnailUrl\":\"https:\/\/exaequo-communication.fr\/wp-content\/uploads\/2019\/09\/20190919_155217.jpg\",\"datePublished\":\"2019-09-25T09:15:49+00:00\",\"dateModified\":\"2019-09-25T09:51:41+00:00\",\"author\":{\"@id\":\"https:\/\/exaequo-communication.fr\/#\/schema\/person\/a2b781d9861576b70e7ac586c8d0e7dd\"},\"description\":\"Le temps d\u2019un apr\u00e8s-midi, les salari\u00e9s de la Soci\u00e9t\u00e9 G\u00e9n\u00e9rale ont d\u00e9couvert les m\u00e9tiers de la ferme autour d'un team-building ludique.\",\"breadcrumb\":{\"@id\":\"https:\/\/exaequo-communication.fr\/index.php\/2019\/09\/25\/commealaferme-sg\/#breadcrumb\"},\"inLanguage\":\"fr-FR\",\"potentialAction\":[{\"@type\":\"ReadAction\",\"target\":[\"https:\/\/exaequo-communication.fr\/index.php\/2019\/09\/25\/commealaferme-sg\/\"]}]},{\"@type\":\"ImageObject\",\"inLanguage\":\"fr-FR\",\"@id\":\"https:\/\/exaequo-communication.fr\/index.php\/2019\/09\/25\/commealaferme-sg\/#primaryimage\",\"url\":\"https:\/\/exaequo-communication.fr\/wp-content\/uploads\/2019\/09\/20190919_155217.jpg\",\"contentUrl\":\"https:\/\/exaequo-communication.fr\/wp-content\/uploads\/2019\/09\/20190919_155217.jpg\",\"width\":1365,\"height\":1024,\"caption\":\"Soci\u00e9t\u00e9 generale\"},{\"@type\":\"BreadcrumbList\",\"@id\":\"https:\/\/exaequo-communication.fr\/index.php\/2019\/09\/25\/commealaferme-sg\/#breadcrumb\",\"itemListElement\":[{\"@type\":\"ListItem\",\"position\":1,\"name\":\"Accueil\",\"item\":\"https:\/\/exaequo-communication.fr\/\"},{\"@type\":\"ListItem\",\"position\":2,\"name\":\"Comme \u00e0 la ferme avec la Soci\u00e9t\u00e9 G\u00e9n\u00e9rale\"}]},{\"@type\":\"WebSite\",\"@id\":\"https:\/\/exaequo-communication.fr\/#website\",\"url\":\"https:\/\/exaequo-communication.fr\/\",\"name\":\"Exaequo communication\",\"description\":\"\",\"potentialAction\":[{\"@type\":\"SearchAction\",\"target\":{\"@type\":\"EntryPoint\",\"urlTemplate\":\"https:\/\/exaequo-communication.fr\/?s={search_term_string}\"},\"query-input\":{\"@type\":\"PropertyValueSpecification\",\"valueRequired\":true,\"valueName\":\"search_term_string\"}}],\"inLanguage\":\"fr-FR\"},{\"@type\":\"Person\",\"@id\":\"https:\/\/exaequo-communication.fr\/#\/schema\/person\/a2b781d9861576b70e7ac586c8d0e7dd\",\"name\":\"Vincent\",\"image\":{\"@type\":\"ImageObject\",\"inLanguage\":\"fr-FR\",\"@id\":\"https:\/\/exaequo-communication.fr\/#\/schema\/person\/image\/\",\"url\":\"https:\/\/secure.gravatar.com\/avatar\/c58976c01b1d93e7e64f76bceed0cda416b0c2ec1073b37c7406cd511cdf9281?s=96&d=mm&r=g\",\"contentUrl\":\"https:\/\/secure.gravatar.com\/avatar\/c58976c01b1d93e7e64f76bceed0cda416b0c2ec1073b37c7406cd511cdf9281?s=96&d=mm&r=g\",\"caption\":\"Vincent\"},\"url\":\"https:\/\/exaequo-communication.fr\/index.php\/author\/vincent\/\"}]}<\/script>\n<!-- \/ Yoast SEO plugin. -->","yoast_head_json":{"title":"Comme \u00e0 la ferme avec la Soci\u00e9t\u00e9 G\u00e9n\u00e9rale - Exaequo communication","description":"Le temps d\u2019un apr\u00e8s-midi, les salari\u00e9s de la Soci\u00e9t\u00e9 G\u00e9n\u00e9rale ont d\u00e9couvert les m\u00e9tiers de la ferme autour d'un team-building ludique.","robots":{"index":"index","follow":"follow","max-snippet":"max-snippet:-1","max-image-preview":"max-image-preview:large","max-video-preview":"max-video-preview:-1"},"canonical":"https:\/\/exaequo-communication.fr\/index.php\/2019\/09\/25\/commealaferme-sg\/","og_locale":"fr_FR","og_type":"article","og_title":"Comme \u00e0 la ferme avec la Soci\u00e9t\u00e9 G\u00e9n\u00e9rale","og_description":"Le temps d\u2019un apr\u00e8s-midi, les salari\u00e9s de la Soci\u00e9t\u00e9 G\u00e9n\u00e9rale ont d\u00e9couvert les m\u00e9tiers de la ferme autour d'un team-building ludique.","og_url":"https:\/\/exaequo-communication.fr\/index.php\/2019\/09\/25\/commealaferme-sg\/","og_site_name":"Exaequo communication","article_published_time":"2019-09-25T09:15:49+00:00","article_modified_time":"2019-09-25T09:51:41+00:00","og_image":[{"width":1365,"height":1024,"url":"https:\/\/exaequo-communication.fr\/wp-content\/uploads\/2019\/09\/20190919_155217.jpg","type":"image\/jpeg"}],"author":"Vincent","twitter_card":"summary_large_image","twitter_misc":{"\u00c9crit par":"Vincent","Dur\u00e9e de lecture estim\u00e9e":"3 minutes"},"schema":{"@context":"https:\/\/schema.org","@graph":[{"@type":"Article","@id":"https:\/\/exaequo-communication.fr\/index.php\/2019\/09\/25\/commealaferme-sg\/#article","isPartOf":{"@id":"https:\/\/exaequo-communication.fr\/index.php\/2019\/09\/25\/commealaferme-sg\/"},"author":{"name":"Vincent","@id":"https:\/\/exaequo-communication.fr\/#\/schema\/person\/a2b781d9861576b70e7ac586c8d0e7dd"},"headline":"Comme \u00e0 la ferme avec la Soci\u00e9t\u00e9 G\u00e9n\u00e9rale","datePublished":"2019-09-25T09:15:49+00:00","dateModified":"2019-09-25T09:51:41+00:00","mainEntityOfPage":{"@id":"https:\/\/exaequo-communication.fr\/index.php\/2019\/09\/25\/commealaferme-sg\/"},"wordCount":530,"image":{"@id":"https:\/\/exaequo-communication.fr\/index.php\/2019\/09\/25\/commealaferme-sg\/#primaryimage"},"thumbnailUrl":"https:\/\/exaequo-communication.fr\/wp-content\/uploads\/2019\/09\/20190919_155217.jpg","articleSection":["Actualit\u00e9s","Team Building"],"inLanguage":"fr-FR"},{"@type":"WebPage","@id":"https:\/\/exaequo-communication.fr\/index.php\/2019\/09\/25\/commealaferme-sg\/","url":"https:\/\/exaequo-communication.fr\/index.php\/2019\/09\/25\/commealaferme-sg\/","name":"Comme \u00e0 la ferme avec la Soci\u00e9t\u00e9 G\u00e9n\u00e9rale - Exaequo communication","isPartOf":{"@id":"https:\/\/exaequo-communication.fr\/#website"},"primaryImageOfPage":{"@id":"https:\/\/exaequo-communication.fr\/index.php\/2019\/09\/25\/commealaferme-sg\/#primaryimage"},"image":{"@id":"https:\/\/exaequo-communication.fr\/index.php\/2019\/09\/25\/commealaferme-sg\/#primaryimage"},"thumbnailUrl":"https:\/\/exaequo-communication.fr\/wp-content\/uploads\/2019\/09\/20190919_155217.jpg","datePublished":"2019-09-25T09:15:49+00:00","dateModified":"2019-09-25T09:51:41+00:00","author":{"@id":"https:\/\/exaequo-communication.fr\/#\/schema\/person\/a2b781d9861576b70e7ac586c8d0e7dd"},"description":"Le temps d\u2019un apr\u00e8s-midi, les salari\u00e9s de la Soci\u00e9t\u00e9 G\u00e9n\u00e9rale ont d\u00e9couvert les m\u00e9tiers de la ferme autour d'un team-building ludique.","breadcrumb":{"@id":"https:\/\/exaequo-communication.fr\/index.php\/2019\/09\/25\/commealaferme-sg\/#breadcrumb"},"inLanguage":"fr-FR","potentialAction":[{"@type":"ReadAction","target":["https:\/\/exaequo-communication.fr\/index.php\/2019\/09\/25\/commealaferme-sg\/"]}]},{"@type":"ImageObject","inLanguage":"fr-FR","@id":"https:\/\/exaequo-communication.fr\/index.php\/2019\/09\/25\/commealaferme-sg\/#primaryimage","url":"https:\/\/exaequo-communication.fr\/wp-content\/uploads\/2019\/09\/20190919_155217.jpg","contentUrl":"https:\/\/exaequo-communication.fr\/wp-content\/uploads\/2019\/09\/20190919_155217.jpg","width":1365,"height":1024,"caption":"Soci\u00e9t\u00e9 generale"},{"@type":"BreadcrumbList","@id":"https:\/\/exaequo-communication.fr\/index.php\/2019\/09\/25\/commealaferme-sg\/#breadcrumb","itemListElement":[{"@type":"ListItem","position":1,"name":"Accueil","item":"https:\/\/exaequo-communication.fr\/"},{"@type":"ListItem","position":2,"name":"Comme \u00e0 la ferme avec la Soci\u00e9t\u00e9 G\u00e9n\u00e9rale"}]},{"@type":"WebSite","@id":"https:\/\/exaequo-communication.fr\/#website","url":"https:\/\/exaequo-communication.fr\/","name":"Exaequo communication","description":"","potentialAction":[{"@type":"SearchAction","target":{"@type":"EntryPoint","urlTemplate":"https:\/\/exaequo-communication.fr\/?s={search_term_string}"},"query-input":{"@type":"PropertyValueSpecification","valueRequired":true,"valueName":"search_term_string"}}],"inLanguage":"fr-FR"},{"@type":"Person","@id":"https:\/\/exaequo-communication.fr\/#\/schema\/person\/a2b781d9861576b70e7ac586c8d0e7dd","name":"Vincent","image":{"@type":"ImageObject","inLanguage":"fr-FR","@id":"https:\/\/exaequo-communication.fr\/#\/schema\/person\/image\/","url":"https:\/\/secure.gravatar.com\/avatar\/c58976c01b1d93e7e64f76bceed0cda416b0c2ec1073b37c7406cd511cdf9281?s=96&d=mm&r=g","contentUrl":"https:\/\/secure.gravatar.com\/avatar\/c58976c01b1d93e7e64f76bceed0cda416b0c2ec1073b37c7406cd511cdf9281?s=96&d=mm&r=g","caption":"Vincent"},"url":"https:\/\/exaequo-communication.fr\/index.php\/author\/vincent\/"}]}},"_links":{"self":[{"href":"https:\/\/exaequo-communication.fr\/index.php\/wp-json\/wp\/v2\/posts\/11288","targetHints":{"allow":["GET"]}}],"collection":[{"href":"https:\/\/exaequo-communication.fr\/index.php\/wp-json\/wp\/v2\/posts"}],"about":[{"href":"https:\/\/exaequo-communication.fr\/index.php\/wp-json\/wp\/v2\/types\/post"}],"author":[{"embeddable":true,"href":"https:\/\/exaequo-communication.fr\/index.php\/wp-json\/wp\/v2\/users\/5"}],"replies":[{"embeddable":true,"href":"https:\/\/exaequo-communication.fr\/index.php\/wp-json\/wp\/v2\/comments?post=11288"}],"version-history":[{"count":0,"href":"https:\/\/exaequo-communication.fr\/index.php\/wp-json\/wp\/v2\/posts\/11288\/revisions"}],"wp:featuredmedia":[{"embeddable":true,"href":"https:\/\/exaequo-communication.fr\/index.php\/wp-json\/wp\/v2\/media\/11290"}],"wp:attachment":[{"href":"https:\/\/exaequo-communication.fr\/index.php\/wp-json\/wp\/v2\/media?parent=11288"}],"wp:term":[{"taxonomy":"category","embeddable":true,"href":"https:\/\/exaequo-communication.fr\/index.php\/wp-json\/wp\/v2\/categories?post=11288"},{"taxonomy":"post_tag","embeddable":true,"href":"https:\/\/exaequo-communication.fr\/index.php\/wp-json\/wp\/v2\/tags?post=11288"}],"curies":[{"name":"wp","href":"https:\/\/api.w.org\/{rel}","templated":true}]}}