{"id":10587,"date":"2019-01-30T15:38:05","date_gmt":"2019-01-30T14:38:05","guid":{"rendered":"http:\/\/exaequo-communication.fr\/?p=10587"},"modified":"2019-07-08T09:16:17","modified_gmt":"2019-07-08T07:16:17","slug":"recrutement-exaequo-rh","status":"publish","type":"post","link":"https:\/\/exaequo-communication.fr\/index.php\/2019\/01\/30\/recrutement-exaequo-rh\/","title":{"rendered":"Rejoins l&rsquo;\u00e9quipe Exaequo !"},"content":{"rendered":"[vc_row type=\u00a0\u00bbin_container\u00a0\u00bb full_screen_row_position=\u00a0\u00bbmiddle\u00a0\u00bb scene_position=\u00a0\u00bbcenter\u00a0\u00bb text_color=\u00a0\u00bbdark\u00a0\u00bb text_align=\u00a0\u00bbleft\u00a0\u00bb top_padding=\u00a0\u00bb10&Prime; overlay_strength=\u00a0\u00bb0.3&Prime; shape_divider_position=\u00a0\u00bbbottom\u00a0\u00bb shape_type=\u00a0\u00bb\u00a0\u00bb][vc_column column_padding=\u00a0\u00bbno-extra-padding\u00a0\u00bb column_padding_position=\u00a0\u00bball\u00a0\u00bb background_color_opacity=\u00a0\u00bb1&Prime; background_hover_color_opacity=\u00a0\u00bb1&Prime; column_link_target=\u00a0\u00bb_self\u00a0\u00bb column_shadow=\u00a0\u00bbnone\u00a0\u00bb column_border_radius=\u00a0\u00bbnone\u00a0\u00bb width=\u00a0\u00bb1\/2&Prime; tablet_width_inherit=\u00a0\u00bbdefault\u00a0\u00bb tablet_text_alignment=\u00a0\u00bbdefault\u00a0\u00bb phone_text_alignment=\u00a0\u00bbdefault\u00a0\u00bb column_border_width=\u00a0\u00bbnone\u00a0\u00bb column_border_style=\u00a0\u00bbsolid\u00a0\u00bb][vc_gallery type=\u00a0\u00bbflexslider_style\u00a0\u00bb images=\u00a0\u00bb10584&Prime; onclick=\u00a0\u00bblink_no\u00a0\u00bb hover_anim=\u00a0\u00bbfade-out\u00a0\u00bb][\/vc_column][vc_column column_padding=\u00a0\u00bbno-extra-padding\u00a0\u00bb column_padding_position=\u00a0\u00bball\u00a0\u00bb background_color_opacity=\u00a0\u00bb1&Prime; background_hover_color_opacity=\u00a0\u00bb1&Prime; column_link_target=\u00a0\u00bb_self\u00a0\u00bb column_shadow=\u00a0\u00bbnone\u00a0\u00bb column_border_radius=\u00a0\u00bbnone\u00a0\u00bb width=\u00a0\u00bb1\/2&Prime; tablet_width_inherit=\u00a0\u00bbdefault\u00a0\u00bb tablet_text_alignment=\u00a0\u00bbdefault\u00a0\u00bb phone_text_alignment=\u00a0\u00bbdefault\u00a0\u00bb column_border_width=\u00a0\u00bbnone\u00a0\u00bb column_border_style=\u00a0\u00bbsolid\u00a0\u00bb][split_line_heading]\n<h3>Rejoins l&rsquo;\u00e9quipe !<\/h3>\n<p>Envie de vivre une exp\u00e9rience professionnelle et humaine enrichissante. Participe \u00e0 l&rsquo;aventure Exaequo ![\/split_line_heading][\/vc_column][\/vc_row][vc_row type=\u00a0\u00bbin_container\u00a0\u00bb full_screen_row_position=\u00a0\u00bbmiddle\u00a0\u00bb scene_position=\u00a0\u00bbcenter\u00a0\u00bb text_color=\u00a0\u00bbdark\u00a0\u00bb text_align=\u00a0\u00bbleft\u00a0\u00bb overlay_strength=\u00a0\u00bb0.3&Prime; shape_divider_position=\u00a0\u00bbbottom\u00a0\u00bb][vc_column column_padding=\u00a0\u00bbno-extra-padding\u00a0\u00bb column_padding_position=\u00a0\u00bball\u00a0\u00bb background_color_opacity=\u00a0\u00bb1&Prime; background_hover_color_opacity=\u00a0\u00bb1&Prime; column_link_target=\u00a0\u00bb_self\u00a0\u00bb column_shadow=\u00a0\u00bbnone\u00a0\u00bb column_border_radius=\u00a0\u00bbnone\u00a0\u00bb width=\u00a0\u00bb1\/1&Prime; tablet_width_inherit=\u00a0\u00bbdefault\u00a0\u00bb tablet_text_alignment=\u00a0\u00bbdefault\u00a0\u00bb phone_text_alignment=\u00a0\u00bbdefault\u00a0\u00bb column_border_width=\u00a0\u00bbnone\u00a0\u00bb column_border_style=\u00a0\u00bbsolid\u00a0\u00bb][vc_column_text]<strong>QUI SOMMES-NOUS\u00a0?<\/strong><\/p>\n<p>Exaequo est une agence \u00e9v\u00e9nementielle et sport bas\u00e9e \u00e0 Caen depuis 2007. Nos activit\u00e9s s\u2019articulent autour de quatre axes\u00a0:<\/p>\n<ul>\n<li>Production d\u2019\u00e9v\u00e9nements sport et loisirs \u00ab\u00a0grand public\u00a0\u00bb<\/li>\n<li>Production de trails \u00e0 l\u2019\u00e9tranger<\/li>\n<li>Ev\u00e9nements\u00a0: team building, incentive et tourisme d\u2019affaires<\/li>\n<li>Coaching en entreprise<\/li>\n<\/ul>\n<p>Nos clients sont \u00e0 la fois des entreprises, des collectivit\u00e9s et des organisateurs du sport ayant besoin de communiquer ou tout simplement de d\u00e9velopper leur projet par le sport et l\u2019\u00e9v\u00e9nementiel.<\/p>\n<p><strong>QUI RECHERCHONS-NOUS ?<\/strong><\/p>\n<p>Nous recrutons un(e) <strong>assistant(e) de gestion \/ polyvalent(e)<\/strong> pour un stage, \u00e0 partir de maintenant <strong>(d\u00e8s que possible). <\/strong>Int\u00e9gr\u00e9 au sein du p\u00f4le Administratif, Financier et RH, vous participerez \u00e0 la gestion de l\u2019agence : suivi administratif, gestion comptable, missions annexes.<\/p>\n<p>Pour en savoir plus sur tes missions de stage \/ alternance, retrouve la fiche de poste :<\/p>\n<ul>\n<li><a href=\"http:\/\/exaequo-communication.fr\/wp-content\/uploads\/2019\/01\/Exaequo-Offre-Stage-2019-Assistante-Gestion.pdf\" target=\"_blank\" rel=\"noopener\"><strong>Assistant(e) de gestion \/ polyvalent(e)<\/strong><\/a> &#8211; contact :\u00a0Marianne GAUQUELIN &#8211; <a href=\"mgauquelin@exaequo-communication.fr\" target=\"_blank\" rel=\"noopener\">mgauquelin@exaequo-communication.fr<\/a>\u00a0\/\/ 02 31 53 94 17<\/li>\n<\/ul>\n<p>A tr\u00e8s vite ![\/vc_column_text][\/vc_column][\/vc_row]\n","protected":false},"excerpt":{"rendered":"<p>Envie de vivre une exp\u00e9rience professionnelle et humaine enrichissante. Participe \u00e0 l\u2019aventure Exaequo !<\/p>\n","protected":false},"author":5,"featured_media":10584,"comment_status":"closed","ping_status":"closed","sticky":false,"template":"","format":"standard","meta":{"footnotes":""},"categories":[1],"tags":[],"class_list":{"0":"post-10587","1":"post","2":"type-post","3":"status-publish","4":"format-standard","5":"has-post-thumbnail","7":"category-actualites"},"yoast_head":"<!-- This site is optimized with the Yoast SEO plugin v27.0 - https:\/\/yoast.com\/product\/yoast-seo-wordpress\/ -->\n<title>Rejoins l&#039;\u00e9quipe Exaequo ! - Exaequo communication<\/title>\n<meta name=\"description\" content=\"L&#039;agence Exaequo Communication recrute un(e) assistant(e) de gestion \/ polyvalent(e), int\u00e9gr\u00e9(e) au p\u00f4le Administratif, RH et financier.\" \/>\n<meta name=\"robots\" content=\"index, follow, max-snippet:-1, max-image-preview:large, max-video-preview:-1\" \/>\n<link rel=\"canonical\" href=\"https:\/\/exaequo-communication.fr\/index.php\/2019\/01\/30\/recrutement-exaequo-rh\/\" \/>\n<meta property=\"og:locale\" content=\"fr_FR\" \/>\n<meta property=\"og:type\" content=\"article\" \/>\n<meta property=\"og:title\" content=\"Rejoins l&#039;\u00e9quipe Exaequo !\" \/>\n<meta property=\"og:description\" content=\"Envie de vivre une exp\u00e9rience professionnelle et humaine enrichissante. Nous recrutons un(e) assistant(e) de gestion \/ polyvalent(e). Participe \u00e0 l&#039;aventure Exaequo !\" \/>\n<meta property=\"og:url\" content=\"https:\/\/exaequo-communication.fr\/index.php\/2019\/01\/30\/recrutement-exaequo-rh\/\" \/>\n<meta property=\"og:site_name\" content=\"Exaequo communication\" \/>\n<meta property=\"article:published_time\" content=\"2019-01-30T14:38:05+00:00\" \/>\n<meta property=\"article:modified_time\" content=\"2019-07-08T07:16:17+00:00\" \/>\n<meta property=\"og:image\" content=\"https:\/\/exaequo-communication.fr\/wp-content\/uploads\/2019\/01\/Recrutement-RH.png\" \/>\n\t<meta property=\"og:image:width\" content=\"1077\" \/>\n\t<meta property=\"og:image:height\" content=\"680\" \/>\n\t<meta property=\"og:image:type\" content=\"image\/png\" \/>\n<meta name=\"author\" content=\"Vincent\" \/>\n<meta name=\"twitter:card\" content=\"summary_large_image\" \/>\n<meta name=\"twitter:label1\" content=\"\u00c9crit par\" \/>\n\t<meta name=\"twitter:data1\" content=\"Vincent\" \/>\n\t<meta name=\"twitter:label2\" content=\"Dur\u00e9e de lecture estim\u00e9e\" \/>\n\t<meta name=\"twitter:data2\" content=\"2 minutes\" \/>\n<script type=\"application\/ld+json\" class=\"yoast-schema-graph\">{\"@context\":\"https:\/\/schema.org\",\"@graph\":[{\"@type\":\"Article\",\"@id\":\"https:\/\/exaequo-communication.fr\/index.php\/2019\/01\/30\/recrutement-exaequo-rh\/#article\",\"isPartOf\":{\"@id\":\"https:\/\/exaequo-communication.fr\/index.php\/2019\/01\/30\/recrutement-exaequo-rh\/\"},\"author\":{\"name\":\"Vincent\",\"@id\":\"https:\/\/exaequo-communication.fr\/#\/schema\/person\/a2b781d9861576b70e7ac586c8d0e7dd\"},\"headline\":\"Rejoins l&rsquo;\u00e9quipe Exaequo !\",\"datePublished\":\"2019-01-30T14:38:05+00:00\",\"dateModified\":\"2019-07-08T07:16:17+00:00\",\"mainEntityOfPage\":{\"@id\":\"https:\/\/exaequo-communication.fr\/index.php\/2019\/01\/30\/recrutement-exaequo-rh\/\"},\"wordCount\":415,\"image\":{\"@id\":\"https:\/\/exaequo-communication.fr\/index.php\/2019\/01\/30\/recrutement-exaequo-rh\/#primaryimage\"},\"thumbnailUrl\":\"https:\/\/exaequo-communication.fr\/wp-content\/uploads\/2018\/10\/Recrutement-RH.png\",\"articleSection\":[\"Actualit\u00e9s\"],\"inLanguage\":\"fr-FR\"},{\"@type\":\"WebPage\",\"@id\":\"https:\/\/exaequo-communication.fr\/index.php\/2019\/01\/30\/recrutement-exaequo-rh\/\",\"url\":\"https:\/\/exaequo-communication.fr\/index.php\/2019\/01\/30\/recrutement-exaequo-rh\/\",\"name\":\"Rejoins l'\u00e9quipe Exaequo ! - Exaequo communication\",\"isPartOf\":{\"@id\":\"https:\/\/exaequo-communication.fr\/#website\"},\"primaryImageOfPage\":{\"@id\":\"https:\/\/exaequo-communication.fr\/index.php\/2019\/01\/30\/recrutement-exaequo-rh\/#primaryimage\"},\"image\":{\"@id\":\"https:\/\/exaequo-communication.fr\/index.php\/2019\/01\/30\/recrutement-exaequo-rh\/#primaryimage\"},\"thumbnailUrl\":\"https:\/\/exaequo-communication.fr\/wp-content\/uploads\/2018\/10\/Recrutement-RH.png\",\"datePublished\":\"2019-01-30T14:38:05+00:00\",\"dateModified\":\"2019-07-08T07:16:17+00:00\",\"author\":{\"@id\":\"https:\/\/exaequo-communication.fr\/#\/schema\/person\/a2b781d9861576b70e7ac586c8d0e7dd\"},\"description\":\"L'agence Exaequo Communication recrute un(e) assistant(e) de gestion \/ polyvalent(e), int\u00e9gr\u00e9(e) au p\u00f4le Administratif, RH et financier.\",\"breadcrumb\":{\"@id\":\"https:\/\/exaequo-communication.fr\/index.php\/2019\/01\/30\/recrutement-exaequo-rh\/#breadcrumb\"},\"inLanguage\":\"fr-FR\",\"potentialAction\":[{\"@type\":\"ReadAction\",\"target\":[\"https:\/\/exaequo-communication.fr\/index.php\/2019\/01\/30\/recrutement-exaequo-rh\/\"]}]},{\"@type\":\"ImageObject\",\"inLanguage\":\"fr-FR\",\"@id\":\"https:\/\/exaequo-communication.fr\/index.php\/2019\/01\/30\/recrutement-exaequo-rh\/#primaryimage\",\"url\":\"https:\/\/exaequo-communication.fr\/wp-content\/uploads\/2018\/10\/Recrutement-RH.png\",\"contentUrl\":\"https:\/\/exaequo-communication.fr\/wp-content\/uploads\/2018\/10\/Recrutement-RH.png\",\"width\":1077,\"height\":680,\"caption\":\"recrutement exaequo communication\"},{\"@type\":\"BreadcrumbList\",\"@id\":\"https:\/\/exaequo-communication.fr\/index.php\/2019\/01\/30\/recrutement-exaequo-rh\/#breadcrumb\",\"itemListElement\":[{\"@type\":\"ListItem\",\"position\":1,\"name\":\"Accueil\",\"item\":\"https:\/\/exaequo-communication.fr\/\"},{\"@type\":\"ListItem\",\"position\":2,\"name\":\"Rejoins l&rsquo;\u00e9quipe Exaequo !\"}]},{\"@type\":\"WebSite\",\"@id\":\"https:\/\/exaequo-communication.fr\/#website\",\"url\":\"https:\/\/exaequo-communication.fr\/\",\"name\":\"Exaequo communication\",\"description\":\"\",\"potentialAction\":[{\"@type\":\"SearchAction\",\"target\":{\"@type\":\"EntryPoint\",\"urlTemplate\":\"https:\/\/exaequo-communication.fr\/?s={search_term_string}\"},\"query-input\":{\"@type\":\"PropertyValueSpecification\",\"valueRequired\":true,\"valueName\":\"search_term_string\"}}],\"inLanguage\":\"fr-FR\"},{\"@type\":\"Person\",\"@id\":\"https:\/\/exaequo-communication.fr\/#\/schema\/person\/a2b781d9861576b70e7ac586c8d0e7dd\",\"name\":\"Vincent\",\"image\":{\"@type\":\"ImageObject\",\"inLanguage\":\"fr-FR\",\"@id\":\"https:\/\/exaequo-communication.fr\/#\/schema\/person\/image\/\",\"url\":\"https:\/\/secure.gravatar.com\/avatar\/c58976c01b1d93e7e64f76bceed0cda416b0c2ec1073b37c7406cd511cdf9281?s=96&d=mm&r=g\",\"contentUrl\":\"https:\/\/secure.gravatar.com\/avatar\/c58976c01b1d93e7e64f76bceed0cda416b0c2ec1073b37c7406cd511cdf9281?s=96&d=mm&r=g\",\"caption\":\"Vincent\"},\"url\":\"https:\/\/exaequo-communication.fr\/index.php\/author\/vincent\/\"}]}<\/script>\n<!-- \/ Yoast SEO plugin. -->","yoast_head_json":{"title":"Rejoins l'\u00e9quipe Exaequo ! - Exaequo communication","description":"L'agence Exaequo Communication recrute un(e) assistant(e) de gestion \/ polyvalent(e), int\u00e9gr\u00e9(e) au p\u00f4le Administratif, RH et financier.","robots":{"index":"index","follow":"follow","max-snippet":"max-snippet:-1","max-image-preview":"max-image-preview:large","max-video-preview":"max-video-preview:-1"},"canonical":"https:\/\/exaequo-communication.fr\/index.php\/2019\/01\/30\/recrutement-exaequo-rh\/","og_locale":"fr_FR","og_type":"article","og_title":"Rejoins l'\u00e9quipe Exaequo !","og_description":"Envie de vivre une exp\u00e9rience professionnelle et humaine enrichissante. Nous recrutons un(e) assistant(e) de gestion \/ polyvalent(e). Participe \u00e0 l'aventure Exaequo !","og_url":"https:\/\/exaequo-communication.fr\/index.php\/2019\/01\/30\/recrutement-exaequo-rh\/","og_site_name":"Exaequo communication","article_published_time":"2019-01-30T14:38:05+00:00","article_modified_time":"2019-07-08T07:16:17+00:00","og_image":[{"width":1077,"height":680,"url":"https:\/\/exaequo-communication.fr\/wp-content\/uploads\/2019\/01\/Recrutement-RH.png","type":"image\/png"}],"author":"Vincent","twitter_card":"summary_large_image","twitter_misc":{"\u00c9crit par":"Vincent","Dur\u00e9e de lecture estim\u00e9e":"2 minutes"},"schema":{"@context":"https:\/\/schema.org","@graph":[{"@type":"Article","@id":"https:\/\/exaequo-communication.fr\/index.php\/2019\/01\/30\/recrutement-exaequo-rh\/#article","isPartOf":{"@id":"https:\/\/exaequo-communication.fr\/index.php\/2019\/01\/30\/recrutement-exaequo-rh\/"},"author":{"name":"Vincent","@id":"https:\/\/exaequo-communication.fr\/#\/schema\/person\/a2b781d9861576b70e7ac586c8d0e7dd"},"headline":"Rejoins l&rsquo;\u00e9quipe Exaequo !","datePublished":"2019-01-30T14:38:05+00:00","dateModified":"2019-07-08T07:16:17+00:00","mainEntityOfPage":{"@id":"https:\/\/exaequo-communication.fr\/index.php\/2019\/01\/30\/recrutement-exaequo-rh\/"},"wordCount":415,"image":{"@id":"https:\/\/exaequo-communication.fr\/index.php\/2019\/01\/30\/recrutement-exaequo-rh\/#primaryimage"},"thumbnailUrl":"https:\/\/exaequo-communication.fr\/wp-content\/uploads\/2018\/10\/Recrutement-RH.png","articleSection":["Actualit\u00e9s"],"inLanguage":"fr-FR"},{"@type":"WebPage","@id":"https:\/\/exaequo-communication.fr\/index.php\/2019\/01\/30\/recrutement-exaequo-rh\/","url":"https:\/\/exaequo-communication.fr\/index.php\/2019\/01\/30\/recrutement-exaequo-rh\/","name":"Rejoins l'\u00e9quipe Exaequo ! - Exaequo communication","isPartOf":{"@id":"https:\/\/exaequo-communication.fr\/#website"},"primaryImageOfPage":{"@id":"https:\/\/exaequo-communication.fr\/index.php\/2019\/01\/30\/recrutement-exaequo-rh\/#primaryimage"},"image":{"@id":"https:\/\/exaequo-communication.fr\/index.php\/2019\/01\/30\/recrutement-exaequo-rh\/#primaryimage"},"thumbnailUrl":"https:\/\/exaequo-communication.fr\/wp-content\/uploads\/2018\/10\/Recrutement-RH.png","datePublished":"2019-01-30T14:38:05+00:00","dateModified":"2019-07-08T07:16:17+00:00","author":{"@id":"https:\/\/exaequo-communication.fr\/#\/schema\/person\/a2b781d9861576b70e7ac586c8d0e7dd"},"description":"L'agence Exaequo Communication recrute un(e) assistant(e) de gestion \/ polyvalent(e), int\u00e9gr\u00e9(e) au p\u00f4le Administratif, RH et financier.","breadcrumb":{"@id":"https:\/\/exaequo-communication.fr\/index.php\/2019\/01\/30\/recrutement-exaequo-rh\/#breadcrumb"},"inLanguage":"fr-FR","potentialAction":[{"@type":"ReadAction","target":["https:\/\/exaequo-communication.fr\/index.php\/2019\/01\/30\/recrutement-exaequo-rh\/"]}]},{"@type":"ImageObject","inLanguage":"fr-FR","@id":"https:\/\/exaequo-communication.fr\/index.php\/2019\/01\/30\/recrutement-exaequo-rh\/#primaryimage","url":"https:\/\/exaequo-communication.fr\/wp-content\/uploads\/2018\/10\/Recrutement-RH.png","contentUrl":"https:\/\/exaequo-communication.fr\/wp-content\/uploads\/2018\/10\/Recrutement-RH.png","width":1077,"height":680,"caption":"recrutement exaequo communication"},{"@type":"BreadcrumbList","@id":"https:\/\/exaequo-communication.fr\/index.php\/2019\/01\/30\/recrutement-exaequo-rh\/#breadcrumb","itemListElement":[{"@type":"ListItem","position":1,"name":"Accueil","item":"https:\/\/exaequo-communication.fr\/"},{"@type":"ListItem","position":2,"name":"Rejoins l&rsquo;\u00e9quipe Exaequo !"}]},{"@type":"WebSite","@id":"https:\/\/exaequo-communication.fr\/#website","url":"https:\/\/exaequo-communication.fr\/","name":"Exaequo communication","description":"","potentialAction":[{"@type":"SearchAction","target":{"@type":"EntryPoint","urlTemplate":"https:\/\/exaequo-communication.fr\/?s={search_term_string}"},"query-input":{"@type":"PropertyValueSpecification","valueRequired":true,"valueName":"search_term_string"}}],"inLanguage":"fr-FR"},{"@type":"Person","@id":"https:\/\/exaequo-communication.fr\/#\/schema\/person\/a2b781d9861576b70e7ac586c8d0e7dd","name":"Vincent","image":{"@type":"ImageObject","inLanguage":"fr-FR","@id":"https:\/\/exaequo-communication.fr\/#\/schema\/person\/image\/","url":"https:\/\/secure.gravatar.com\/avatar\/c58976c01b1d93e7e64f76bceed0cda416b0c2ec1073b37c7406cd511cdf9281?s=96&d=mm&r=g","contentUrl":"https:\/\/secure.gravatar.com\/avatar\/c58976c01b1d93e7e64f76bceed0cda416b0c2ec1073b37c7406cd511cdf9281?s=96&d=mm&r=g","caption":"Vincent"},"url":"https:\/\/exaequo-communication.fr\/index.php\/author\/vincent\/"}]}},"_links":{"self":[{"href":"https:\/\/exaequo-communication.fr\/index.php\/wp-json\/wp\/v2\/posts\/10587","targetHints":{"allow":["GET"]}}],"collection":[{"href":"https:\/\/exaequo-communication.fr\/index.php\/wp-json\/wp\/v2\/posts"}],"about":[{"href":"https:\/\/exaequo-communication.fr\/index.php\/wp-json\/wp\/v2\/types\/post"}],"author":[{"embeddable":true,"href":"https:\/\/exaequo-communication.fr\/index.php\/wp-json\/wp\/v2\/users\/5"}],"replies":[{"embeddable":true,"href":"https:\/\/exaequo-communication.fr\/index.php\/wp-json\/wp\/v2\/comments?post=10587"}],"version-history":[{"count":0,"href":"https:\/\/exaequo-communication.fr\/index.php\/wp-json\/wp\/v2\/posts\/10587\/revisions"}],"wp:featuredmedia":[{"embeddable":true,"href":"https:\/\/exaequo-communication.fr\/index.php\/wp-json\/wp\/v2\/media\/10584"}],"wp:attachment":[{"href":"https:\/\/exaequo-communication.fr\/index.php\/wp-json\/wp\/v2\/media?parent=10587"}],"wp:term":[{"taxonomy":"category","embeddable":true,"href":"https:\/\/exaequo-communication.fr\/index.php\/wp-json\/wp\/v2\/categories?post=10587"},{"taxonomy":"post_tag","embeddable":true,"href":"https:\/\/exaequo-communication.fr\/index.php\/wp-json\/wp\/v2\/tags?post=10587"}],"curies":[{"name":"wp","href":"https:\/\/api.w.org\/{rel}","templated":true}]}}