{"id":10563,"date":"2019-01-30T11:21:04","date_gmt":"2019-01-30T10:21:04","guid":{"rendered":"http:\/\/exaequo-communication.fr\/?p=10563"},"modified":"2019-01-30T15:34:24","modified_gmt":"2019-01-30T14:34:24","slug":"rallye-d-day-bayeux-btsi","status":"publish","type":"post","link":"https:\/\/exaequo-communication.fr\/index.php\/2019\/01\/30\/rallye-d-day-bayeux-btsi\/","title":{"rendered":"Rallye D-Day avec BTSI"},"content":{"rendered":"[vc_row type=\u00a0\u00bbin_container\u00a0\u00bb full_screen_row_position=\u00a0\u00bbmiddle\u00a0\u00bb scene_position=\u00a0\u00bbcenter\u00a0\u00bb text_color=\u00a0\u00bbdark\u00a0\u00bb text_align=\u00a0\u00bbleft\u00a0\u00bb top_padding=\u00a0\u00bb10&Prime; overlay_strength=\u00a0\u00bb0.3&Prime; shape_divider_position=\u00a0\u00bbbottom\u00a0\u00bb shape_type=\u00a0\u00bb\u00a0\u00bb][vc_column column_padding=\u00a0\u00bbno-extra-padding\u00a0\u00bb column_padding_position=\u00a0\u00bball\u00a0\u00bb background_color_opacity=\u00a0\u00bb1&Prime; background_hover_color_opacity=\u00a0\u00bb1&Prime; column_link_target=\u00a0\u00bb_self\u00a0\u00bb column_shadow=\u00a0\u00bbnone\u00a0\u00bb column_border_radius=\u00a0\u00bbnone\u00a0\u00bb width=\u00a0\u00bb1\/2&Prime; tablet_width_inherit=\u00a0\u00bbdefault\u00a0\u00bb tablet_text_alignment=\u00a0\u00bbdefault\u00a0\u00bb phone_text_alignment=\u00a0\u00bbdefault\u00a0\u00bb column_border_width=\u00a0\u00bbnone\u00a0\u00bb column_border_style=\u00a0\u00bbsolid\u00a0\u00bb][vc_gallery type=\u00a0\u00bbflexslider_style\u00a0\u00bb images=\u00a0\u00bb10565,10564,10566,10567,10568,10569&Prime; onclick=\u00a0\u00bblink_no\u00a0\u00bb hover_anim=\u00a0\u00bbfade-out\u00a0\u00bb][\/vc_column][vc_column column_padding=\u00a0\u00bbno-extra-padding\u00a0\u00bb column_padding_position=\u00a0\u00bball\u00a0\u00bb background_color_opacity=\u00a0\u00bb1&Prime; background_hover_color_opacity=\u00a0\u00bb1&Prime; column_link_target=\u00a0\u00bb_self\u00a0\u00bb column_shadow=\u00a0\u00bbnone\u00a0\u00bb column_border_radius=\u00a0\u00bbnone\u00a0\u00bb width=\u00a0\u00bb1\/2&Prime; tablet_width_inherit=\u00a0\u00bbdefault\u00a0\u00bb tablet_text_alignment=\u00a0\u00bbdefault\u00a0\u00bb phone_text_alignment=\u00a0\u00bbdefault\u00a0\u00bb column_border_width=\u00a0\u00bbnone\u00a0\u00bb column_border_style=\u00a0\u00bbsolid\u00a0\u00bb][split_line_heading]\n<h3>Rallye D-Day avec BTSI<\/h3>\n<p>Le 75\u00e8me anniversaire du d\u00e9barquement a \u00e9t\u00e9 lanc\u00e9 par BTSI ![\/split_line_heading][\/vc_column][\/vc_row][vc_row type=\u00a0\u00bbin_container\u00a0\u00bb full_screen_row_position=\u00a0\u00bbmiddle\u00a0\u00bb scene_position=\u00a0\u00bbcenter\u00a0\u00bb text_color=\u00a0\u00bbdark\u00a0\u00bb text_align=\u00a0\u00bbleft\u00a0\u00bb overlay_strength=\u00a0\u00bb0.3&Prime; shape_divider_position=\u00a0\u00bbbottom\u00a0\u00bb][vc_column column_padding=\u00a0\u00bbno-extra-padding\u00a0\u00bb column_padding_position=\u00a0\u00bball\u00a0\u00bb background_color_opacity=\u00a0\u00bb1&Prime; background_hover_color_opacity=\u00a0\u00bb1&Prime; column_link_target=\u00a0\u00bb_self\u00a0\u00bb column_shadow=\u00a0\u00bbnone\u00a0\u00bb column_border_radius=\u00a0\u00bbnone\u00a0\u00bb width=\u00a0\u00bb1\/1&Prime; tablet_width_inherit=\u00a0\u00bbdefault\u00a0\u00bb tablet_text_alignment=\u00a0\u00bbdefault\u00a0\u00bb phone_text_alignment=\u00a0\u00bbdefault\u00a0\u00bb column_border_width=\u00a0\u00bbnone\u00a0\u00bb column_border_style=\u00a0\u00bbsolid\u00a0\u00bb][vc_column_text]C\u2019est l\u2019entreprise BTSI qui a mis au d\u00e9fi l\u2019\u00e9quipe d\u2019Exaequo pour organiser un\u00a0<strong>team-building<\/strong>\u00a0pour les 21 salari\u00e9s en ce d\u00e9but d\u2019ann\u00e9e.\u00a0En cette date anniversaire du d\u00e9barquement en Normandie, Exaequo a propos\u00e9 une journ\u00e9e compl\u00e8te sur le th\u00e8me du D.Day. <strong>Un concept innovant et f\u00e9d\u00e9rateur qui a emmen\u00e9 les participants \u00e0 la rencontre de l\u2019Histoire et d\u2019un des plus grands \u00e9v\u00e9nements du 20<sup>\u00e8me<\/sup> si\u00e8cle. <\/strong><\/p>\n<p>La ville de Bayeux et la plage de Gold Beach ont \u00e9t\u00e9 choisies pour l\u2019organisation de la journ\u00e9e. \u00a0L\u2019\u00e9quipe a donc pu s\u2019appuyer sur\u00a0<strong>cette ville charg\u00e9e d\u2019histoire<\/strong>\u00a0pour cr\u00e9er une chasse au tr\u00e9sor et faire d\u00e9couvrir aux participants\u00a0<strong>la r\u00e9sistance dans le Bessin<\/strong>, durant la seconde Guerre Mondiale. Une chasse au tr\u00e9sor bas\u00e9e sur des faits r\u00e9els qui a permis en outre de d\u00e9couvrir le patrimoine de la ville\u00a0(cath\u00e9drale de Bayeux, quartier des Tisserands, la maison des Gouverneurs, la place de la Libert\u00e9\u2026).<\/p>\n<p>A la suite de cette chasse au tr\u00e9sor et apr\u00e8s une pause d\u00e9jeuner m\u00e9rit\u00e9e, nos troupes sont parties sur les traces des garnisons Alli\u00e9s qui ont \u00e9t\u00e9 d\u00e9barqu\u00e9es le matin du 6 juin 1944. Pour parcourir le secteur de Gold Beach, ils ont embarqu\u00e9 dans des\u00a0<strong>v\u00e9hicules d\u2019\u00e9poques<\/strong>\u00a0: Jeep, transport de troupes General Motors\u2026 Une d\u00e9couverte in\u00e9dite de v\u00e9hicules historiques ayant particip\u00e9 \u00e0 l\u2019op\u00e9ration Overlord.<\/p>\n<p>En itin\u00e9rance, l\u2019\u00e9quipe BTSI a pu d\u00e9couvrir le Mur de l\u2019Atlantique avec un arr\u00eat au niveau des batteries de Longues-sur-Mer, un vestige rest\u00e9 intact et qui t\u00e9moigne encore de la violence des combats. Et un second stop au niveau du bunker d\u2019Asnelles avec une vue imprenable sur le port artificiel d\u2019Arromanches-les-Bains. Ces arr\u00eats ont permis aux participants d\u2019en apprendre plus sur le d\u00e9barquement du c\u00f4t\u00e9 Alli\u00e9s avec notamment la tactique pour pr\u00e9parer le d\u00e9barquement ainsi que le d\u00e9roulement du 6 juin 1944. Par ailleurs, il a \u00e9t\u00e9 \u00e9galement pr\u00e9sent\u00e9e la strat\u00e9gie de d\u00e9fense et de camouflage des allemands pour contrer l\u2019op\u00e9ration.<\/p>\n<p>De fa\u00e7on plus ludique,\u00a0 les participants se sont transform\u00e9s en v\u00e9ritable troupes anglaises tout au long de l\u2019apr\u00e8s-midi avec <strong>des activit\u00e9s immersives<\/strong>\u00a0: la conduite des v\u00e9hicules d\u2019\u00e9poque, le port de l\u2019\u00e9quipement du Toffees ou la d\u00e9gustation des produits de consommation amen\u00e9s par les Alli\u00e9s lors du D.Day.<\/p>\n<p>Une journ\u00e9e f\u00e9d\u00e9ratrice et instructive qui a permis de<strong> favoriser les \u00e9changes, les interactions<\/strong> et au final de mieux conna\u00eetre ses coll\u00e8gues tout en d\u00e9couvrant l\u2019histoire et le patrimoine de sa r\u00e9gion.<\/p>\n<p><strong>Un v\u00e9ritable team-building ludique \u00e0 la d\u00e9couverte du D\u00e9barquement !<\/strong><\/p>\n<p><a href=\"https:\/\/btsi.fr\/\">BTSI<\/a><\/p>\n<p><a href=\"http:\/\/exaequo-communication.fr\/wp-content\/uploads\/2019\/01\/Rallye-D.Day_.pdf\" target=\"_blank\" rel=\"noopener\">POUR TELECHARGER LA PLAQUETTE DU RALLYE D-DAY<\/a>[\/vc_column_text][\/vc_column][\/vc_row]\n","protected":false},"excerpt":{"rendered":"<p>Le 75\u00e8me anniversaire du d\u00e9barquement a \u00e9t\u00e9 lanc\u00e9 par BTSI !<\/p>\n","protected":false},"author":5,"featured_media":10565,"comment_status":"closed","ping_status":"closed","sticky":false,"template":"","format":"standard","meta":{"footnotes":""},"categories":[1,178],"tags":[],"class_list":{"0":"post-10563","1":"post","2":"type-post","3":"status-publish","4":"format-standard","5":"has-post-thumbnail","7":"category-actualites","8":"category-team-building"},"yoast_head":"<!-- This site is optimized with the Yoast SEO plugin v27.0 - https:\/\/yoast.com\/product\/yoast-seo-wordpress\/ -->\n<title>Rallye D-Day avec BTSI - Exaequo communication<\/title>\n<meta name=\"description\" content=\"Chasse au tr\u00e9sor, uniformes et v\u00e9hicules d&#039;\u00e9poques... Un v\u00e9ritable team-building ludique \u00e0 la d\u00e9couverte du d\u00e9barquement !\" \/>\n<meta name=\"robots\" content=\"index, follow, max-snippet:-1, max-image-preview:large, max-video-preview:-1\" \/>\n<link rel=\"canonical\" href=\"https:\/\/exaequo-communication.fr\/index.php\/2019\/01\/30\/rallye-d-day-bayeux-btsi\/\" \/>\n<meta property=\"og:locale\" content=\"fr_FR\" \/>\n<meta property=\"og:type\" content=\"article\" \/>\n<meta property=\"og:title\" content=\"Rallye D-Day avec BTSI\" \/>\n<meta property=\"og:description\" content=\"Chasse au tr\u00e9sor, uniformes et v\u00e9hicules d&#039;\u00e9poques... Un v\u00e9ritable team-building ludique \u00e0 la d\u00e9couverte du d\u00e9barquement !\" \/>\n<meta property=\"og:url\" content=\"https:\/\/exaequo-communication.fr\/index.php\/2019\/01\/30\/rallye-d-day-bayeux-btsi\/\" \/>\n<meta property=\"og:site_name\" content=\"Exaequo communication\" \/>\n<meta property=\"article:published_time\" content=\"2019-01-30T10:21:04+00:00\" \/>\n<meta property=\"article:modified_time\" content=\"2019-01-30T14:34:24+00:00\" \/>\n<meta property=\"og:image\" content=\"https:\/\/exaequo-communication.fr\/wp-content\/uploads\/2019\/01\/IMG_0796.jpg\" \/>\n\t<meta property=\"og:image:width\" content=\"1365\" \/>\n\t<meta property=\"og:image:height\" content=\"1024\" \/>\n\t<meta property=\"og:image:type\" content=\"image\/jpeg\" \/>\n<meta name=\"author\" content=\"Vincent\" \/>\n<meta name=\"twitter:card\" content=\"summary_large_image\" \/>\n<meta name=\"twitter:label1\" content=\"\u00c9crit par\" \/>\n\t<meta name=\"twitter:data1\" content=\"Vincent\" \/>\n\t<meta name=\"twitter:label2\" content=\"Dur\u00e9e de lecture estim\u00e9e\" \/>\n\t<meta name=\"twitter:data2\" content=\"4 minutes\" \/>\n<script type=\"application\/ld+json\" class=\"yoast-schema-graph\">{\"@context\":\"https:\/\/schema.org\",\"@graph\":[{\"@type\":\"Article\",\"@id\":\"https:\/\/exaequo-communication.fr\/index.php\/2019\/01\/30\/rallye-d-day-bayeux-btsi\/#article\",\"isPartOf\":{\"@id\":\"https:\/\/exaequo-communication.fr\/index.php\/2019\/01\/30\/rallye-d-day-bayeux-btsi\/\"},\"author\":{\"name\":\"Vincent\",\"@id\":\"https:\/\/exaequo-communication.fr\/#\/schema\/person\/a2b781d9861576b70e7ac586c8d0e7dd\"},\"headline\":\"Rallye D-Day avec BTSI\",\"datePublished\":\"2019-01-30T10:21:04+00:00\",\"dateModified\":\"2019-01-30T14:34:24+00:00\",\"mainEntityOfPage\":{\"@id\":\"https:\/\/exaequo-communication.fr\/index.php\/2019\/01\/30\/rallye-d-day-bayeux-btsi\/\"},\"wordCount\":751,\"image\":{\"@id\":\"https:\/\/exaequo-communication.fr\/index.php\/2019\/01\/30\/rallye-d-day-bayeux-btsi\/#primaryimage\"},\"thumbnailUrl\":\"https:\/\/exaequo-communication.fr\/wp-content\/uploads\/2019\/01\/IMG_0796.jpg\",\"articleSection\":[\"Actualit\u00e9s\",\"Team Building\"],\"inLanguage\":\"fr-FR\"},{\"@type\":\"WebPage\",\"@id\":\"https:\/\/exaequo-communication.fr\/index.php\/2019\/01\/30\/rallye-d-day-bayeux-btsi\/\",\"url\":\"https:\/\/exaequo-communication.fr\/index.php\/2019\/01\/30\/rallye-d-day-bayeux-btsi\/\",\"name\":\"Rallye D-Day avec BTSI - Exaequo communication\",\"isPartOf\":{\"@id\":\"https:\/\/exaequo-communication.fr\/#website\"},\"primaryImageOfPage\":{\"@id\":\"https:\/\/exaequo-communication.fr\/index.php\/2019\/01\/30\/rallye-d-day-bayeux-btsi\/#primaryimage\"},\"image\":{\"@id\":\"https:\/\/exaequo-communication.fr\/index.php\/2019\/01\/30\/rallye-d-day-bayeux-btsi\/#primaryimage\"},\"thumbnailUrl\":\"https:\/\/exaequo-communication.fr\/wp-content\/uploads\/2019\/01\/IMG_0796.jpg\",\"datePublished\":\"2019-01-30T10:21:04+00:00\",\"dateModified\":\"2019-01-30T14:34:24+00:00\",\"author\":{\"@id\":\"https:\/\/exaequo-communication.fr\/#\/schema\/person\/a2b781d9861576b70e7ac586c8d0e7dd\"},\"description\":\"Chasse au tr\u00e9sor, uniformes et v\u00e9hicules d'\u00e9poques... Un v\u00e9ritable team-building ludique \u00e0 la d\u00e9couverte du d\u00e9barquement !\",\"breadcrumb\":{\"@id\":\"https:\/\/exaequo-communication.fr\/index.php\/2019\/01\/30\/rallye-d-day-bayeux-btsi\/#breadcrumb\"},\"inLanguage\":\"fr-FR\",\"potentialAction\":[{\"@type\":\"ReadAction\",\"target\":[\"https:\/\/exaequo-communication.fr\/index.php\/2019\/01\/30\/rallye-d-day-bayeux-btsi\/\"]}]},{\"@type\":\"ImageObject\",\"inLanguage\":\"fr-FR\",\"@id\":\"https:\/\/exaequo-communication.fr\/index.php\/2019\/01\/30\/rallye-d-day-bayeux-btsi\/#primaryimage\",\"url\":\"https:\/\/exaequo-communication.fr\/wp-content\/uploads\/2019\/01\/IMG_0796.jpg\",\"contentUrl\":\"https:\/\/exaequo-communication.fr\/wp-content\/uploads\/2019\/01\/IMG_0796.jpg\",\"width\":1365,\"height\":1024,\"caption\":\"chasse au tr\u00e9sor BTSI\"},{\"@type\":\"BreadcrumbList\",\"@id\":\"https:\/\/exaequo-communication.fr\/index.php\/2019\/01\/30\/rallye-d-day-bayeux-btsi\/#breadcrumb\",\"itemListElement\":[{\"@type\":\"ListItem\",\"position\":1,\"name\":\"Accueil\",\"item\":\"https:\/\/exaequo-communication.fr\/\"},{\"@type\":\"ListItem\",\"position\":2,\"name\":\"Rallye D-Day avec BTSI\"}]},{\"@type\":\"WebSite\",\"@id\":\"https:\/\/exaequo-communication.fr\/#website\",\"url\":\"https:\/\/exaequo-communication.fr\/\",\"name\":\"Exaequo communication\",\"description\":\"\",\"potentialAction\":[{\"@type\":\"SearchAction\",\"target\":{\"@type\":\"EntryPoint\",\"urlTemplate\":\"https:\/\/exaequo-communication.fr\/?s={search_term_string}\"},\"query-input\":{\"@type\":\"PropertyValueSpecification\",\"valueRequired\":true,\"valueName\":\"search_term_string\"}}],\"inLanguage\":\"fr-FR\"},{\"@type\":\"Person\",\"@id\":\"https:\/\/exaequo-communication.fr\/#\/schema\/person\/a2b781d9861576b70e7ac586c8d0e7dd\",\"name\":\"Vincent\",\"image\":{\"@type\":\"ImageObject\",\"inLanguage\":\"fr-FR\",\"@id\":\"https:\/\/exaequo-communication.fr\/#\/schema\/person\/image\/\",\"url\":\"https:\/\/secure.gravatar.com\/avatar\/c58976c01b1d93e7e64f76bceed0cda416b0c2ec1073b37c7406cd511cdf9281?s=96&d=mm&r=g\",\"contentUrl\":\"https:\/\/secure.gravatar.com\/avatar\/c58976c01b1d93e7e64f76bceed0cda416b0c2ec1073b37c7406cd511cdf9281?s=96&d=mm&r=g\",\"caption\":\"Vincent\"},\"url\":\"https:\/\/exaequo-communication.fr\/index.php\/author\/vincent\/\"}]}<\/script>\n<!-- \/ Yoast SEO plugin. -->","yoast_head_json":{"title":"Rallye D-Day avec BTSI - Exaequo communication","description":"Chasse au tr\u00e9sor, uniformes et v\u00e9hicules d'\u00e9poques... Un v\u00e9ritable team-building ludique \u00e0 la d\u00e9couverte du d\u00e9barquement !","robots":{"index":"index","follow":"follow","max-snippet":"max-snippet:-1","max-image-preview":"max-image-preview:large","max-video-preview":"max-video-preview:-1"},"canonical":"https:\/\/exaequo-communication.fr\/index.php\/2019\/01\/30\/rallye-d-day-bayeux-btsi\/","og_locale":"fr_FR","og_type":"article","og_title":"Rallye D-Day avec BTSI","og_description":"Chasse au tr\u00e9sor, uniformes et v\u00e9hicules d'\u00e9poques... Un v\u00e9ritable team-building ludique \u00e0 la d\u00e9couverte du d\u00e9barquement !","og_url":"https:\/\/exaequo-communication.fr\/index.php\/2019\/01\/30\/rallye-d-day-bayeux-btsi\/","og_site_name":"Exaequo communication","article_published_time":"2019-01-30T10:21:04+00:00","article_modified_time":"2019-01-30T14:34:24+00:00","og_image":[{"width":1365,"height":1024,"url":"https:\/\/exaequo-communication.fr\/wp-content\/uploads\/2019\/01\/IMG_0796.jpg","type":"image\/jpeg"}],"author":"Vincent","twitter_card":"summary_large_image","twitter_misc":{"\u00c9crit par":"Vincent","Dur\u00e9e de lecture estim\u00e9e":"4 minutes"},"schema":{"@context":"https:\/\/schema.org","@graph":[{"@type":"Article","@id":"https:\/\/exaequo-communication.fr\/index.php\/2019\/01\/30\/rallye-d-day-bayeux-btsi\/#article","isPartOf":{"@id":"https:\/\/exaequo-communication.fr\/index.php\/2019\/01\/30\/rallye-d-day-bayeux-btsi\/"},"author":{"name":"Vincent","@id":"https:\/\/exaequo-communication.fr\/#\/schema\/person\/a2b781d9861576b70e7ac586c8d0e7dd"},"headline":"Rallye D-Day avec BTSI","datePublished":"2019-01-30T10:21:04+00:00","dateModified":"2019-01-30T14:34:24+00:00","mainEntityOfPage":{"@id":"https:\/\/exaequo-communication.fr\/index.php\/2019\/01\/30\/rallye-d-day-bayeux-btsi\/"},"wordCount":751,"image":{"@id":"https:\/\/exaequo-communication.fr\/index.php\/2019\/01\/30\/rallye-d-day-bayeux-btsi\/#primaryimage"},"thumbnailUrl":"https:\/\/exaequo-communication.fr\/wp-content\/uploads\/2019\/01\/IMG_0796.jpg","articleSection":["Actualit\u00e9s","Team Building"],"inLanguage":"fr-FR"},{"@type":"WebPage","@id":"https:\/\/exaequo-communication.fr\/index.php\/2019\/01\/30\/rallye-d-day-bayeux-btsi\/","url":"https:\/\/exaequo-communication.fr\/index.php\/2019\/01\/30\/rallye-d-day-bayeux-btsi\/","name":"Rallye D-Day avec BTSI - Exaequo communication","isPartOf":{"@id":"https:\/\/exaequo-communication.fr\/#website"},"primaryImageOfPage":{"@id":"https:\/\/exaequo-communication.fr\/index.php\/2019\/01\/30\/rallye-d-day-bayeux-btsi\/#primaryimage"},"image":{"@id":"https:\/\/exaequo-communication.fr\/index.php\/2019\/01\/30\/rallye-d-day-bayeux-btsi\/#primaryimage"},"thumbnailUrl":"https:\/\/exaequo-communication.fr\/wp-content\/uploads\/2019\/01\/IMG_0796.jpg","datePublished":"2019-01-30T10:21:04+00:00","dateModified":"2019-01-30T14:34:24+00:00","author":{"@id":"https:\/\/exaequo-communication.fr\/#\/schema\/person\/a2b781d9861576b70e7ac586c8d0e7dd"},"description":"Chasse au tr\u00e9sor, uniformes et v\u00e9hicules d'\u00e9poques... Un v\u00e9ritable team-building ludique \u00e0 la d\u00e9couverte du d\u00e9barquement !","breadcrumb":{"@id":"https:\/\/exaequo-communication.fr\/index.php\/2019\/01\/30\/rallye-d-day-bayeux-btsi\/#breadcrumb"},"inLanguage":"fr-FR","potentialAction":[{"@type":"ReadAction","target":["https:\/\/exaequo-communication.fr\/index.php\/2019\/01\/30\/rallye-d-day-bayeux-btsi\/"]}]},{"@type":"ImageObject","inLanguage":"fr-FR","@id":"https:\/\/exaequo-communication.fr\/index.php\/2019\/01\/30\/rallye-d-day-bayeux-btsi\/#primaryimage","url":"https:\/\/exaequo-communication.fr\/wp-content\/uploads\/2019\/01\/IMG_0796.jpg","contentUrl":"https:\/\/exaequo-communication.fr\/wp-content\/uploads\/2019\/01\/IMG_0796.jpg","width":1365,"height":1024,"caption":"chasse au tr\u00e9sor BTSI"},{"@type":"BreadcrumbList","@id":"https:\/\/exaequo-communication.fr\/index.php\/2019\/01\/30\/rallye-d-day-bayeux-btsi\/#breadcrumb","itemListElement":[{"@type":"ListItem","position":1,"name":"Accueil","item":"https:\/\/exaequo-communication.fr\/"},{"@type":"ListItem","position":2,"name":"Rallye D-Day avec BTSI"}]},{"@type":"WebSite","@id":"https:\/\/exaequo-communication.fr\/#website","url":"https:\/\/exaequo-communication.fr\/","name":"Exaequo communication","description":"","potentialAction":[{"@type":"SearchAction","target":{"@type":"EntryPoint","urlTemplate":"https:\/\/exaequo-communication.fr\/?s={search_term_string}"},"query-input":{"@type":"PropertyValueSpecification","valueRequired":true,"valueName":"search_term_string"}}],"inLanguage":"fr-FR"},{"@type":"Person","@id":"https:\/\/exaequo-communication.fr\/#\/schema\/person\/a2b781d9861576b70e7ac586c8d0e7dd","name":"Vincent","image":{"@type":"ImageObject","inLanguage":"fr-FR","@id":"https:\/\/exaequo-communication.fr\/#\/schema\/person\/image\/","url":"https:\/\/secure.gravatar.com\/avatar\/c58976c01b1d93e7e64f76bceed0cda416b0c2ec1073b37c7406cd511cdf9281?s=96&d=mm&r=g","contentUrl":"https:\/\/secure.gravatar.com\/avatar\/c58976c01b1d93e7e64f76bceed0cda416b0c2ec1073b37c7406cd511cdf9281?s=96&d=mm&r=g","caption":"Vincent"},"url":"https:\/\/exaequo-communication.fr\/index.php\/author\/vincent\/"}]}},"_links":{"self":[{"href":"https:\/\/exaequo-communication.fr\/index.php\/wp-json\/wp\/v2\/posts\/10563","targetHints":{"allow":["GET"]}}],"collection":[{"href":"https:\/\/exaequo-communication.fr\/index.php\/wp-json\/wp\/v2\/posts"}],"about":[{"href":"https:\/\/exaequo-communication.fr\/index.php\/wp-json\/wp\/v2\/types\/post"}],"author":[{"embeddable":true,"href":"https:\/\/exaequo-communication.fr\/index.php\/wp-json\/wp\/v2\/users\/5"}],"replies":[{"embeddable":true,"href":"https:\/\/exaequo-communication.fr\/index.php\/wp-json\/wp\/v2\/comments?post=10563"}],"version-history":[{"count":0,"href":"https:\/\/exaequo-communication.fr\/index.php\/wp-json\/wp\/v2\/posts\/10563\/revisions"}],"wp:featuredmedia":[{"embeddable":true,"href":"https:\/\/exaequo-communication.fr\/index.php\/wp-json\/wp\/v2\/media\/10565"}],"wp:attachment":[{"href":"https:\/\/exaequo-communication.fr\/index.php\/wp-json\/wp\/v2\/media?parent=10563"}],"wp:term":[{"taxonomy":"category","embeddable":true,"href":"https:\/\/exaequo-communication.fr\/index.php\/wp-json\/wp\/v2\/categories?post=10563"},{"taxonomy":"post_tag","embeddable":true,"href":"https:\/\/exaequo-communication.fr\/index.php\/wp-json\/wp\/v2\/tags?post=10563"}],"curies":[{"name":"wp","href":"https:\/\/api.w.org\/{rel}","templated":true}]}}