{"id":10497,"date":"2018-12-21T13:07:27","date_gmt":"2018-12-21T12:07:27","guid":{"rendered":"http:\/\/exaequo-communication.fr\/?p=10497"},"modified":"2021-11-23T09:44:44","modified_gmt":"2021-11-23T08:44:44","slug":"10photos-exaequo","status":"publish","type":"post","link":"https:\/\/exaequo-communication.fr\/index.php\/2018\/12\/21\/10photos-exaequo\/","title":{"rendered":"Exaequo revient en images sur son ann\u00e9e 2018 !"},"content":{"rendered":"[vc_row type=\u00a0\u00bbin_container\u00a0\u00bb full_screen_row_position=\u00a0\u00bbmiddle\u00a0\u00bb column_margin=\u00a0\u00bbdefault\u00a0\u00bb column_direction=\u00a0\u00bbdefault\u00a0\u00bb column_direction_tablet=\u00a0\u00bbdefault\u00a0\u00bb column_direction_phone=\u00a0\u00bbdefault\u00a0\u00bb scene_position=\u00a0\u00bbcenter\u00a0\u00bb text_color=\u00a0\u00bbdark\u00a0\u00bb text_align=\u00a0\u00bbleft\u00a0\u00bb row_border_radius=\u00a0\u00bbnone\u00a0\u00bb row_border_radius_applies=\u00a0\u00bbbg\u00a0\u00bb overlay_strength=\u00a0\u00bb0.3&Prime; gradient_direction=\u00a0\u00bbleft_to_right\u00a0\u00bb shape_divider_position=\u00a0\u00bbbottom\u00a0\u00bb bg_image_animation=\u00a0\u00bbnone\u00a0\u00bb][vc_column column_padding=\u00a0\u00bbno-extra-padding\u00a0\u00bb column_padding_tablet=\u00a0\u00bbinherit\u00a0\u00bb column_padding_phone=\u00a0\u00bbinherit\u00a0\u00bb column_padding_position=\u00a0\u00bball\u00a0\u00bb background_color_opacity=\u00a0\u00bb1&Prime; background_hover_color_opacity=\u00a0\u00bb1&Prime; column_shadow=\u00a0\u00bbnone\u00a0\u00bb column_border_radius=\u00a0\u00bbnone\u00a0\u00bb column_link_target=\u00a0\u00bb_self\u00a0\u00bb gradient_direction=\u00a0\u00bbleft_to_right\u00a0\u00bb overlay_strength=\u00a0\u00bb0.3&Prime; width=\u00a0\u00bb1\/1&Prime; tablet_width_inherit=\u00a0\u00bbdefault\u00a0\u00bb tablet_text_alignment=\u00a0\u00bbdefault\u00a0\u00bb phone_text_alignment=\u00a0\u00bbdefault\u00a0\u00bb column_border_width=\u00a0\u00bbnone\u00a0\u00bb column_border_style=\u00a0\u00bbsolid\u00a0\u00bb bg_image_animation=\u00a0\u00bbnone\u00a0\u00bb][vc_column_text]\n<h2>Exaequo revient en image sur son ann\u00e9e 2018 !<\/h2>\n[\/vc_column_text][\/vc_column][\/vc_row][vc_row type=\u00a0\u00bbin_container\u00a0\u00bb full_screen_row_position=\u00a0\u00bbmiddle\u00a0\u00bb column_margin=\u00a0\u00bbdefault\u00a0\u00bb column_direction=\u00a0\u00bbdefault\u00a0\u00bb column_direction_tablet=\u00a0\u00bbdefault\u00a0\u00bb column_direction_phone=\u00a0\u00bbdefault\u00a0\u00bb scene_position=\u00a0\u00bbcenter\u00a0\u00bb text_color=\u00a0\u00bbdark\u00a0\u00bb text_align=\u00a0\u00bbleft\u00a0\u00bb row_border_radius=\u00a0\u00bbnone\u00a0\u00bb row_border_radius_applies=\u00a0\u00bbbg\u00a0\u00bb overlay_strength=\u00a0\u00bb0.3&Prime; gradient_direction=\u00a0\u00bbleft_to_right\u00a0\u00bb shape_divider_position=\u00a0\u00bbbottom\u00a0\u00bb bg_image_animation=\u00a0\u00bbnone\u00a0\u00bb][vc_column column_padding=\u00a0\u00bbno-extra-padding\u00a0\u00bb column_padding_tablet=\u00a0\u00bbinherit\u00a0\u00bb column_padding_phone=\u00a0\u00bbinherit\u00a0\u00bb column_padding_position=\u00a0\u00bball\u00a0\u00bb background_color_opacity=\u00a0\u00bb1&Prime; background_hover_color_opacity=\u00a0\u00bb1&Prime; column_shadow=\u00a0\u00bbnone\u00a0\u00bb column_border_radius=\u00a0\u00bbnone\u00a0\u00bb column_link_target=\u00a0\u00bb_self\u00a0\u00bb gradient_direction=\u00a0\u00bbleft_to_right\u00a0\u00bb overlay_strength=\u00a0\u00bb0.3&Prime; width=\u00a0\u00bb1\/1&Prime; tablet_width_inherit=\u00a0\u00bbdefault\u00a0\u00bb tablet_text_alignment=\u00a0\u00bbdefault\u00a0\u00bb phone_text_alignment=\u00a0\u00bbdefault\u00a0\u00bb column_border_width=\u00a0\u00bbnone\u00a0\u00bb column_border_style=\u00a0\u00bbsolid\u00a0\u00bb bg_image_animation=\u00a0\u00bbnone\u00a0\u00bb][vc_column_text]<span style=\"font-size: 14pt;\">L\u2019ann\u00e9e 2018 aura \u00e9t\u00e9 riche en \u00e9motions et en \u00e9v\u00e9nements pour Exaequo ! Nous vous proposons de revenir en images sur cette belle ann\u00e9e avec une s\u00e9lection des 10 moments marquants !<\/span><\/p>\n<p><span style=\"font-size: 14pt;\">Nous tenons \u00e0 remercier l&rsquo;ensemble des\u00a0 partenaires, fournisseurs, b\u00e9n\u00e9voles, collectivit\u00e9s, participants pour leur confiance, leur pr\u00e9sence \u00e0 nos c\u00f4t\u00e9s et sans qui nos \u00e9v\u00e9nements ne pourraient pas exister !<\/span><\/p>\n<p><span style=\"font-size: 14pt;\">Nous vous souhaitons d\u2019ores et d\u00e9j\u00e0 de joyeuses f\u00eates de fin d\u2019ann\u00e9e ! \ud83c\udf85\ud83c\udf81\ud83c\udf89\ud83c\udf7e\u2744\ufe0f<\/span><\/p>\n<p><em><strong><span style=\"font-size: 14pt;\">A bient\u00f4t pour r\u00e9aliser ENSEMBLE de nouveaux projets.\u00a0<\/span><\/strong><\/em>[\/vc_column_text][\/vc_column][\/vc_row][vc_row type=\u00a0\u00bbin_container\u00a0\u00bb full_screen_row_position=\u00a0\u00bbmiddle\u00a0\u00bb column_margin=\u00a0\u00bbdefault\u00a0\u00bb column_direction=\u00a0\u00bbdefault\u00a0\u00bb column_direction_tablet=\u00a0\u00bbdefault\u00a0\u00bb column_direction_phone=\u00a0\u00bbdefault\u00a0\u00bb scene_position=\u00a0\u00bbcenter\u00a0\u00bb text_color=\u00a0\u00bbdark\u00a0\u00bb text_align=\u00a0\u00bbleft\u00a0\u00bb row_border_radius=\u00a0\u00bbnone\u00a0\u00bb row_border_radius_applies=\u00a0\u00bbbg\u00a0\u00bb overlay_strength=\u00a0\u00bb0.3&Prime; gradient_direction=\u00a0\u00bbleft_to_right\u00a0\u00bb shape_divider_position=\u00a0\u00bbbottom\u00a0\u00bb bg_image_animation=\u00a0\u00bbnone\u00a0\u00bb][vc_column column_padding=\u00a0\u00bbno-extra-padding\u00a0\u00bb column_padding_tablet=\u00a0\u00bbinherit\u00a0\u00bb column_padding_phone=\u00a0\u00bbinherit\u00a0\u00bb column_padding_position=\u00a0\u00bball\u00a0\u00bb background_color_opacity=\u00a0\u00bb1&Prime; background_hover_color_opacity=\u00a0\u00bb1&Prime; column_shadow=\u00a0\u00bbnone\u00a0\u00bb column_border_radius=\u00a0\u00bbnone\u00a0\u00bb column_link_target=\u00a0\u00bb_self\u00a0\u00bb gradient_direction=\u00a0\u00bbleft_to_right\u00a0\u00bb overlay_strength=\u00a0\u00bb0.3&Prime; width=\u00a0\u00bb1\/1&Prime; tablet_width_inherit=\u00a0\u00bbdefault\u00a0\u00bb tablet_text_alignment=\u00a0\u00bbdefault\u00a0\u00bb phone_text_alignment=\u00a0\u00bbdefault\u00a0\u00bb column_border_width=\u00a0\u00bbnone\u00a0\u00bb column_border_style=\u00a0\u00bbsolid\u00a0\u00bb bg_image_animation=\u00a0\u00bbnone\u00a0\u00bb][image_with_animation image_url=\u00a0\u00bb10513&Prime; animation=\u00a0\u00bbFade In\u00a0\u00bb hover_animation=\u00a0\u00bbnone\u00a0\u00bb alignment=\u00a0\u00bbcenter\u00a0\u00bb border_radius=\u00a0\u00bbnone\u00a0\u00bb box_shadow=\u00a0\u00bbnone\u00a0\u00bb image_loading=\u00a0\u00bbdefault\u00a0\u00bb max_width=\u00a0\u00bb100%\u00a0\u00bb max_width_mobile=\u00a0\u00bbdefault\u00a0\u00bb img_link=\u00a0\u00bbhttp:\/\/exaequovoyages.com\/kimbia-kenya\/\u00a0\u00bb][vc_column_text]\n<p style=\"text-align: center;\"><strong>Kimbia Kenya<\/strong> &#8211; Du 26 janvier au 3 f\u00e9vrier 2018<\/p>\n[\/vc_column_text][divider line_type=\u00a0\u00bbNo Line\u00a0\u00bb custom_height=\u00a0\u00bb15px\u00a0\u00bb][image_with_animation image_url=\u00a0\u00bb10502&Prime; animation=\u00a0\u00bbFade In\u00a0\u00bb hover_animation=\u00a0\u00bbnone\u00a0\u00bb alignment=\u00a0\u00bbcenter\u00a0\u00bb border_radius=\u00a0\u00bbnone\u00a0\u00bb box_shadow=\u00a0\u00bbnone\u00a0\u00bb image_loading=\u00a0\u00bbdefault\u00a0\u00bb max_width=\u00a0\u00bb100%\u00a0\u00bb max_width_mobile=\u00a0\u00bbdefault\u00a0\u00bb img_link=\u00a0\u00bbhttp:\/\/exaequo-communication.fr\u00a0\u00bb][vc_column_text]\n<p style=\"text-align: center;\"><strong>10 ans Exaequo<\/strong> &#8211; 13 f\u00e9vrier 2018<\/p>\n[\/vc_column_text][divider line_type=\u00a0\u00bbNo Line\u00a0\u00bb custom_height=\u00a0\u00bb15px\u00a0\u00bb][image_with_animation image_url=\u00a0\u00bb10505&Prime; animation=\u00a0\u00bbFade In\u00a0\u00bb hover_animation=\u00a0\u00bbnone\u00a0\u00bb alignment=\u00a0\u00bbcenter\u00a0\u00bb border_radius=\u00a0\u00bbnone\u00a0\u00bb box_shadow=\u00a0\u00bbnone\u00a0\u00bb image_loading=\u00a0\u00bbdefault\u00a0\u00bb max_width=\u00a0\u00bb100%\u00a0\u00bb max_width_mobile=\u00a0\u00bbdefault\u00a0\u00bb img_link=\u00a0\u00bbhttp:\/\/exaequo-communication.fr\/index.php\/coaching-sportif\/\u00a0\u00bb][vc_column_text]\n<p style=\"text-align: center;\"><strong>Marathon de Rotterdam<\/strong> &#8211; Du 6 au 9 avril 2018<\/p>\n[\/vc_column_text][divider line_type=\u00a0\u00bbNo Line\u00a0\u00bb custom_height=\u00a0\u00bb15px\u00a0\u00bb][image_with_animation image_url=\u00a0\u00bb10506&Prime; animation=\u00a0\u00bbFade In\u00a0\u00bb hover_animation=\u00a0\u00bbnone\u00a0\u00bb alignment=\u00a0\u00bbcenter\u00a0\u00bb border_radius=\u00a0\u00bbnone\u00a0\u00bb box_shadow=\u00a0\u00bbnone\u00a0\u00bb image_loading=\u00a0\u00bbdefault\u00a0\u00bb max_width=\u00a0\u00bb100%\u00a0\u00bb max_width_mobile=\u00a0\u00bbdefault\u00a0\u00bb img_link=\u00a0\u00bbhttp:\/\/exaequo-communication.fr\u00a0\u00bb][vc_column_text]\n<p style=\"text-align: center;\"><a href=\"https:\/\/exaequo-communication.fr\/index.php\/portfolio\/norlandas-cup\/\"><strong>Norlanda&rsquo;s cup<\/strong><\/a> &#8211; Du 28 mai au 1er juin 2018<\/p>\n[\/vc_column_text][divider line_type=\u00a0\u00bbNo Line\u00a0\u00bb custom_height=\u00a0\u00bb15px\u00a0\u00bb][image_with_animation image_url=\u00a0\u00bb10507&Prime; animation=\u00a0\u00bbFade In\u00a0\u00bb hover_animation=\u00a0\u00bbnone\u00a0\u00bb alignment=\u00a0\u00bbcenter\u00a0\u00bb border_radius=\u00a0\u00bbnone\u00a0\u00bb box_shadow=\u00a0\u00bbnone\u00a0\u00bb image_loading=\u00a0\u00bbdefault\u00a0\u00bb max_width=\u00a0\u00bb100%\u00a0\u00bb max_width_mobile=\u00a0\u00bbdefault\u00a0\u00bb img_link=\u00a0\u00bbhttp:\/\/triathlondeauville.com\u00a0\u00bb][vc_column_text]\n<p style=\"text-align: center;\"><a href=\"https:\/\/triathlondeauville.com\/\"><strong>Triathlon International de Deauville<\/strong><\/a> &#8211; \u00a0Du 22 au 24 juin 2018<\/p>\n[\/vc_column_text][divider line_type=\u00a0\u00bbNo Line\u00a0\u00bb custom_height=\u00a0\u00bb15px\u00a0\u00bb][image_with_animation image_url=\u00a0\u00bb10508&Prime; animation=\u00a0\u00bbFade In\u00a0\u00bb hover_animation=\u00a0\u00bbnone\u00a0\u00bb alignment=\u00a0\u00bbcenter\u00a0\u00bb border_radius=\u00a0\u00bbnone\u00a0\u00bb box_shadow=\u00a0\u00bbnone\u00a0\u00bb image_loading=\u00a0\u00bbdefault\u00a0\u00bb max_width=\u00a0\u00bb100%\u00a0\u00bb max_width_mobile=\u00a0\u00bbdefault\u00a0\u00bb img_link=\u00a0\u00bbhttp:\/\/exaequo-communication.fr\/index.php\/teambuilding\/\u00a0\u00bb][vc_column_text]\n<p style=\"text-align: center;\"><strong>Pim Pam Pomme<\/strong> &#8211; 29 juin 2018<\/p>\n[\/vc_column_text][divider line_type=\u00a0\u00bbNo Line\u00a0\u00bb custom_height=\u00a0\u00bb15px\u00a0\u00bb][image_with_animation image_url=\u00a0\u00bb10509&Prime; animation=\u00a0\u00bbFade In\u00a0\u00bb hover_animation=\u00a0\u00bbnone\u00a0\u00bb alignment=\u00a0\u00bbcenter\u00a0\u00bb border_radius=\u00a0\u00bbnone\u00a0\u00bb box_shadow=\u00a0\u00bbnone\u00a0\u00bb image_loading=\u00a0\u00bbdefault\u00a0\u00bb max_width=\u00a0\u00bb100%\u00a0\u00bb max_width_mobile=\u00a0\u00bbdefault\u00a0\u00bb img_link=\u00a0\u00bbhttp:\/\/exaequovoyages.com\/norway-fjord-trail\/\u00a0\u00bb][vc_column_text]\n<p style=\"text-align: center;\"><strong>Norway Fjord Trail<\/strong> &#8211; Du 7 au 13 juillet 2018<\/p>\n[\/vc_column_text][divider line_type=\u00a0\u00bbNo Line\u00a0\u00bb custom_height=\u00a0\u00bb15px\u00a0\u00bb][image_with_animation image_url=\u00a0\u00bb10510&Prime; animation=\u00a0\u00bbFade In\u00a0\u00bb hover_animation=\u00a0\u00bbnone\u00a0\u00bb alignment=\u00a0\u00bbcenter\u00a0\u00bb border_radius=\u00a0\u00bbnone\u00a0\u00bb box_shadow=\u00a0\u00bbnone\u00a0\u00bb image_loading=\u00a0\u00bbdefault\u00a0\u00bb max_width=\u00a0\u00bb100%\u00a0\u00bb max_width_mobile=\u00a0\u00bbdefault\u00a0\u00bb img_link=\u00a0\u00bbhttp:\/\/colorecaen.fr\u00a0\u00bb][vc_column_text]\n<p style=\"text-align: center;\"><strong>Colore Caen<\/strong> &#8211; 6 octobre 2018<\/p>\n[\/vc_column_text][divider line_type=\u00a0\u00bbNo Line\u00a0\u00bb custom_height=\u00a0\u00bb15px\u00a0\u00bb][image_with_animation image_url=\u00a0\u00bb10511&Prime; animation=\u00a0\u00bbFade In\u00a0\u00bb hover_animation=\u00a0\u00bbnone\u00a0\u00bb alignment=\u00a0\u00bbcenter\u00a0\u00bb border_radius=\u00a0\u00bbnone\u00a0\u00bb box_shadow=\u00a0\u00bbnone\u00a0\u00bb image_loading=\u00a0\u00bbdefault\u00a0\u00bb max_width=\u00a0\u00bb100%\u00a0\u00bb max_width_mobile=\u00a0\u00bbdefault\u00a0\u00bb img_link=\u00a0\u00bbhttp:\/\/latrouvillaise.com\u00a0\u00bb][vc_column_text]\n<p style=\"text-align: center;\"><strong>La Trouvillaise<\/strong> &#8211; Du 13 au 14 octobre 2018<\/p>\n[\/vc_column_text][divider line_type=\u00a0\u00bbNo Line\u00a0\u00bb custom_height=\u00a0\u00bb15px\u00a0\u00bb][image_with_animation image_url=\u00a0\u00bb10512&Prime; animation=\u00a0\u00bbFade In\u00a0\u00bb hover_animation=\u00a0\u00bbnone\u00a0\u00bb alignment=\u00a0\u00bbcenter\u00a0\u00bb border_radius=\u00a0\u00bbnone\u00a0\u00bb box_shadow=\u00a0\u00bbnone\u00a0\u00bb image_loading=\u00a0\u00bbdefault\u00a0\u00bb max_width=\u00a0\u00bb100%\u00a0\u00bb max_width_mobile=\u00a0\u00bbdefault\u00a0\u00bb img_link=\u00a0\u00bbhttp:\/\/exaequo-communication.fr\/index.php\/coaching-sportif\/\u00a0\u00bb][vc_column_text]\n<p style=\"text-align: center;\"><strong>Coaching Club du Sport<\/strong> &#8211; 29 novembre 2018<\/p>\n[\/vc_column_text][\/vc_column][\/vc_row][vc_row type=\u00a0\u00bbin_container\u00a0\u00bb full_screen_row_position=\u00a0\u00bbmiddle\u00a0\u00bb column_margin=\u00a0\u00bbdefault\u00a0\u00bb column_direction=\u00a0\u00bbdefault\u00a0\u00bb column_direction_tablet=\u00a0\u00bbdefault\u00a0\u00bb column_direction_phone=\u00a0\u00bbdefault\u00a0\u00bb scene_position=\u00a0\u00bbcenter\u00a0\u00bb text_color=\u00a0\u00bbdark\u00a0\u00bb text_align=\u00a0\u00bbleft\u00a0\u00bb row_border_radius=\u00a0\u00bbnone\u00a0\u00bb row_border_radius_applies=\u00a0\u00bbbg\u00a0\u00bb overlay_strength=\u00a0\u00bb0.3&Prime; gradient_direction=\u00a0\u00bbleft_to_right\u00a0\u00bb shape_divider_position=\u00a0\u00bbbottom\u00a0\u00bb bg_image_animation=\u00a0\u00bbnone\u00a0\u00bb][vc_column column_padding=\u00a0\u00bbno-extra-padding\u00a0\u00bb column_padding_tablet=\u00a0\u00bbinherit\u00a0\u00bb column_padding_phone=\u00a0\u00bbinherit\u00a0\u00bb column_padding_position=\u00a0\u00bball\u00a0\u00bb background_color_opacity=\u00a0\u00bb1&Prime; background_hover_color_opacity=\u00a0\u00bb1&Prime; column_shadow=\u00a0\u00bbnone\u00a0\u00bb column_border_radius=\u00a0\u00bbnone\u00a0\u00bb column_link_target=\u00a0\u00bb_self\u00a0\u00bb gradient_direction=\u00a0\u00bbleft_to_right\u00a0\u00bb overlay_strength=\u00a0\u00bb0.3&Prime; width=\u00a0\u00bb1\/1&Prime; tablet_width_inherit=\u00a0\u00bbdefault\u00a0\u00bb tablet_text_alignment=\u00a0\u00bbdefault\u00a0\u00bb phone_text_alignment=\u00a0\u00bbdefault\u00a0\u00bb column_border_width=\u00a0\u00bbnone\u00a0\u00bb column_border_style=\u00a0\u00bbsolid\u00a0\u00bb bg_image_animation=\u00a0\u00bbnone\u00a0\u00bb][\/vc_column][\/vc_row]\n","protected":false},"excerpt":{"rendered":"<p>Nous vous proposons de revenir en images sur cette ann\u00e9e avec une s\u00e9lection des 10 moments marquants !<\/p>\n","protected":false},"author":5,"featured_media":10502,"comment_status":"closed","ping_status":"closed","sticky":false,"template":"","format":"standard","meta":{"footnotes":""},"categories":[1,176],"tags":[],"class_list":{"0":"post-10497","1":"post","2":"type-post","3":"status-publish","4":"format-standard","5":"has-post-thumbnail","7":"category-actualites","8":"category-corporate"},"yoast_head":"<!-- This site is optimized with the Yoast SEO plugin v27.0 - https:\/\/yoast.com\/product\/yoast-seo-wordpress\/ -->\n<title>Exaequo revient en images sur son ann\u00e9e 2018 !<\/title>\n<meta name=\"description\" content=\"Nous vous proposons de revenir en images sur cette ann\u00e9e Exaequo avec une s\u00e9lection des 10 moments marquants de 2018 !\" \/>\n<meta name=\"robots\" content=\"index, follow, max-snippet:-1, max-image-preview:large, max-video-preview:-1\" \/>\n<link rel=\"canonical\" href=\"https:\/\/exaequo-communication.fr\/index.php\/2018\/12\/21\/10photos-exaequo\/\" \/>\n<meta property=\"og:locale\" content=\"fr_FR\" \/>\n<meta property=\"og:type\" content=\"article\" \/>\n<meta property=\"og:title\" content=\"Exaequo revient en images sur son ann\u00e9e 2018 !\" \/>\n<meta property=\"og:description\" content=\"Nous vous proposons de revenir en images sur cette ann\u00e9e avec une s\u00e9lection des 10 moments marquants !\" \/>\n<meta property=\"og:url\" content=\"https:\/\/exaequo-communication.fr\/index.php\/2018\/12\/21\/10photos-exaequo\/\" \/>\n<meta property=\"og:site_name\" content=\"Exaequo communication\" \/>\n<meta property=\"article:published_time\" content=\"2018-12-21T12:07:27+00:00\" \/>\n<meta property=\"article:modified_time\" content=\"2021-11-23T08:44:44+00:00\" \/>\n<meta property=\"og:image\" content=\"https:\/\/exaequo-communication.fr\/wp-content\/uploads\/2018\/12\/1-10Exaequo.jpg\" \/>\n\t<meta property=\"og:image:width\" content=\"1536\" \/>\n\t<meta property=\"og:image:height\" content=\"1024\" \/>\n\t<meta property=\"og:image:type\" content=\"image\/jpeg\" \/>\n<meta name=\"author\" content=\"Vincent\" \/>\n<meta name=\"twitter:card\" content=\"summary_large_image\" \/>\n<meta name=\"twitter:label1\" content=\"\u00c9crit par\" \/>\n\t<meta name=\"twitter:data1\" content=\"Vincent\" \/>\n\t<meta name=\"twitter:label2\" content=\"Dur\u00e9e de lecture estim\u00e9e\" \/>\n\t<meta name=\"twitter:data2\" content=\"2 minutes\" \/>\n<script type=\"application\/ld+json\" class=\"yoast-schema-graph\">{\"@context\":\"https:\/\/schema.org\",\"@graph\":[{\"@type\":\"Article\",\"@id\":\"https:\/\/exaequo-communication.fr\/index.php\/2018\/12\/21\/10photos-exaequo\/#article\",\"isPartOf\":{\"@id\":\"https:\/\/exaequo-communication.fr\/index.php\/2018\/12\/21\/10photos-exaequo\/\"},\"author\":{\"name\":\"Vincent\",\"@id\":\"https:\/\/exaequo-communication.fr\/#\/schema\/person\/a2b781d9861576b70e7ac586c8d0e7dd\"},\"headline\":\"Exaequo revient en images sur son ann\u00e9e 2018 !\",\"datePublished\":\"2018-12-21T12:07:27+00:00\",\"dateModified\":\"2021-11-23T08:44:44+00:00\",\"mainEntityOfPage\":{\"@id\":\"https:\/\/exaequo-communication.fr\/index.php\/2018\/12\/21\/10photos-exaequo\/\"},\"wordCount\":1172,\"image\":{\"@id\":\"https:\/\/exaequo-communication.fr\/index.php\/2018\/12\/21\/10photos-exaequo\/#primaryimage\"},\"thumbnailUrl\":\"https:\/\/exaequo-communication.fr\/wp-content\/uploads\/2018\/12\/1-10Exaequo.jpg\",\"articleSection\":[\"Actualit\u00e9s\",\"Corporate\"],\"inLanguage\":\"fr-FR\"},{\"@type\":\"WebPage\",\"@id\":\"https:\/\/exaequo-communication.fr\/index.php\/2018\/12\/21\/10photos-exaequo\/\",\"url\":\"https:\/\/exaequo-communication.fr\/index.php\/2018\/12\/21\/10photos-exaequo\/\",\"name\":\"Exaequo revient en images sur son ann\u00e9e 2018 !\",\"isPartOf\":{\"@id\":\"https:\/\/exaequo-communication.fr\/#website\"},\"primaryImageOfPage\":{\"@id\":\"https:\/\/exaequo-communication.fr\/index.php\/2018\/12\/21\/10photos-exaequo\/#primaryimage\"},\"image\":{\"@id\":\"https:\/\/exaequo-communication.fr\/index.php\/2018\/12\/21\/10photos-exaequo\/#primaryimage\"},\"thumbnailUrl\":\"https:\/\/exaequo-communication.fr\/wp-content\/uploads\/2018\/12\/1-10Exaequo.jpg\",\"datePublished\":\"2018-12-21T12:07:27+00:00\",\"dateModified\":\"2021-11-23T08:44:44+00:00\",\"author\":{\"@id\":\"https:\/\/exaequo-communication.fr\/#\/schema\/person\/a2b781d9861576b70e7ac586c8d0e7dd\"},\"description\":\"Nous vous proposons de revenir en images sur cette ann\u00e9e Exaequo avec une s\u00e9lection des 10 moments marquants de 2018 !\",\"breadcrumb\":{\"@id\":\"https:\/\/exaequo-communication.fr\/index.php\/2018\/12\/21\/10photos-exaequo\/#breadcrumb\"},\"inLanguage\":\"fr-FR\",\"potentialAction\":[{\"@type\":\"ReadAction\",\"target\":[\"https:\/\/exaequo-communication.fr\/index.php\/2018\/12\/21\/10photos-exaequo\/\"]}]},{\"@type\":\"ImageObject\",\"inLanguage\":\"fr-FR\",\"@id\":\"https:\/\/exaequo-communication.fr\/index.php\/2018\/12\/21\/10photos-exaequo\/#primaryimage\",\"url\":\"https:\/\/exaequo-communication.fr\/wp-content\/uploads\/2018\/12\/1-10Exaequo.jpg\",\"contentUrl\":\"https:\/\/exaequo-communication.fr\/wp-content\/uploads\/2018\/12\/1-10Exaequo.jpg\",\"width\":1536,\"height\":1024,\"caption\":\"10 ans exaequo\"},{\"@type\":\"BreadcrumbList\",\"@id\":\"https:\/\/exaequo-communication.fr\/index.php\/2018\/12\/21\/10photos-exaequo\/#breadcrumb\",\"itemListElement\":[{\"@type\":\"ListItem\",\"position\":1,\"name\":\"Accueil\",\"item\":\"https:\/\/exaequo-communication.fr\/\"},{\"@type\":\"ListItem\",\"position\":2,\"name\":\"Exaequo revient en images sur son ann\u00e9e 2018 !\"}]},{\"@type\":\"WebSite\",\"@id\":\"https:\/\/exaequo-communication.fr\/#website\",\"url\":\"https:\/\/exaequo-communication.fr\/\",\"name\":\"Exaequo communication\",\"description\":\"\",\"potentialAction\":[{\"@type\":\"SearchAction\",\"target\":{\"@type\":\"EntryPoint\",\"urlTemplate\":\"https:\/\/exaequo-communication.fr\/?s={search_term_string}\"},\"query-input\":{\"@type\":\"PropertyValueSpecification\",\"valueRequired\":true,\"valueName\":\"search_term_string\"}}],\"inLanguage\":\"fr-FR\"},{\"@type\":\"Person\",\"@id\":\"https:\/\/exaequo-communication.fr\/#\/schema\/person\/a2b781d9861576b70e7ac586c8d0e7dd\",\"name\":\"Vincent\",\"image\":{\"@type\":\"ImageObject\",\"inLanguage\":\"fr-FR\",\"@id\":\"https:\/\/exaequo-communication.fr\/#\/schema\/person\/image\/\",\"url\":\"https:\/\/secure.gravatar.com\/avatar\/c58976c01b1d93e7e64f76bceed0cda416b0c2ec1073b37c7406cd511cdf9281?s=96&d=mm&r=g\",\"contentUrl\":\"https:\/\/secure.gravatar.com\/avatar\/c58976c01b1d93e7e64f76bceed0cda416b0c2ec1073b37c7406cd511cdf9281?s=96&d=mm&r=g\",\"caption\":\"Vincent\"},\"url\":\"https:\/\/exaequo-communication.fr\/index.php\/author\/vincent\/\"}]}<\/script>\n<!-- \/ Yoast SEO plugin. -->","yoast_head_json":{"title":"Exaequo revient en images sur son ann\u00e9e 2018 !","description":"Nous vous proposons de revenir en images sur cette ann\u00e9e Exaequo avec une s\u00e9lection des 10 moments marquants de 2018 !","robots":{"index":"index","follow":"follow","max-snippet":"max-snippet:-1","max-image-preview":"max-image-preview:large","max-video-preview":"max-video-preview:-1"},"canonical":"https:\/\/exaequo-communication.fr\/index.php\/2018\/12\/21\/10photos-exaequo\/","og_locale":"fr_FR","og_type":"article","og_title":"Exaequo revient en images sur son ann\u00e9e 2018 !","og_description":"Nous vous proposons de revenir en images sur cette ann\u00e9e avec une s\u00e9lection des 10 moments marquants !","og_url":"https:\/\/exaequo-communication.fr\/index.php\/2018\/12\/21\/10photos-exaequo\/","og_site_name":"Exaequo communication","article_published_time":"2018-12-21T12:07:27+00:00","article_modified_time":"2021-11-23T08:44:44+00:00","og_image":[{"width":1536,"height":1024,"url":"https:\/\/exaequo-communication.fr\/wp-content\/uploads\/2018\/12\/1-10Exaequo.jpg","type":"image\/jpeg"}],"author":"Vincent","twitter_card":"summary_large_image","twitter_misc":{"\u00c9crit par":"Vincent","Dur\u00e9e de lecture estim\u00e9e":"2 minutes"},"schema":{"@context":"https:\/\/schema.org","@graph":[{"@type":"Article","@id":"https:\/\/exaequo-communication.fr\/index.php\/2018\/12\/21\/10photos-exaequo\/#article","isPartOf":{"@id":"https:\/\/exaequo-communication.fr\/index.php\/2018\/12\/21\/10photos-exaequo\/"},"author":{"name":"Vincent","@id":"https:\/\/exaequo-communication.fr\/#\/schema\/person\/a2b781d9861576b70e7ac586c8d0e7dd"},"headline":"Exaequo revient en images sur son ann\u00e9e 2018 !","datePublished":"2018-12-21T12:07:27+00:00","dateModified":"2021-11-23T08:44:44+00:00","mainEntityOfPage":{"@id":"https:\/\/exaequo-communication.fr\/index.php\/2018\/12\/21\/10photos-exaequo\/"},"wordCount":1172,"image":{"@id":"https:\/\/exaequo-communication.fr\/index.php\/2018\/12\/21\/10photos-exaequo\/#primaryimage"},"thumbnailUrl":"https:\/\/exaequo-communication.fr\/wp-content\/uploads\/2018\/12\/1-10Exaequo.jpg","articleSection":["Actualit\u00e9s","Corporate"],"inLanguage":"fr-FR"},{"@type":"WebPage","@id":"https:\/\/exaequo-communication.fr\/index.php\/2018\/12\/21\/10photos-exaequo\/","url":"https:\/\/exaequo-communication.fr\/index.php\/2018\/12\/21\/10photos-exaequo\/","name":"Exaequo revient en images sur son ann\u00e9e 2018 !","isPartOf":{"@id":"https:\/\/exaequo-communication.fr\/#website"},"primaryImageOfPage":{"@id":"https:\/\/exaequo-communication.fr\/index.php\/2018\/12\/21\/10photos-exaequo\/#primaryimage"},"image":{"@id":"https:\/\/exaequo-communication.fr\/index.php\/2018\/12\/21\/10photos-exaequo\/#primaryimage"},"thumbnailUrl":"https:\/\/exaequo-communication.fr\/wp-content\/uploads\/2018\/12\/1-10Exaequo.jpg","datePublished":"2018-12-21T12:07:27+00:00","dateModified":"2021-11-23T08:44:44+00:00","author":{"@id":"https:\/\/exaequo-communication.fr\/#\/schema\/person\/a2b781d9861576b70e7ac586c8d0e7dd"},"description":"Nous vous proposons de revenir en images sur cette ann\u00e9e Exaequo avec une s\u00e9lection des 10 moments marquants de 2018 !","breadcrumb":{"@id":"https:\/\/exaequo-communication.fr\/index.php\/2018\/12\/21\/10photos-exaequo\/#breadcrumb"},"inLanguage":"fr-FR","potentialAction":[{"@type":"ReadAction","target":["https:\/\/exaequo-communication.fr\/index.php\/2018\/12\/21\/10photos-exaequo\/"]}]},{"@type":"ImageObject","inLanguage":"fr-FR","@id":"https:\/\/exaequo-communication.fr\/index.php\/2018\/12\/21\/10photos-exaequo\/#primaryimage","url":"https:\/\/exaequo-communication.fr\/wp-content\/uploads\/2018\/12\/1-10Exaequo.jpg","contentUrl":"https:\/\/exaequo-communication.fr\/wp-content\/uploads\/2018\/12\/1-10Exaequo.jpg","width":1536,"height":1024,"caption":"10 ans exaequo"},{"@type":"BreadcrumbList","@id":"https:\/\/exaequo-communication.fr\/index.php\/2018\/12\/21\/10photos-exaequo\/#breadcrumb","itemListElement":[{"@type":"ListItem","position":1,"name":"Accueil","item":"https:\/\/exaequo-communication.fr\/"},{"@type":"ListItem","position":2,"name":"Exaequo revient en images sur son ann\u00e9e 2018 !"}]},{"@type":"WebSite","@id":"https:\/\/exaequo-communication.fr\/#website","url":"https:\/\/exaequo-communication.fr\/","name":"Exaequo communication","description":"","potentialAction":[{"@type":"SearchAction","target":{"@type":"EntryPoint","urlTemplate":"https:\/\/exaequo-communication.fr\/?s={search_term_string}"},"query-input":{"@type":"PropertyValueSpecification","valueRequired":true,"valueName":"search_term_string"}}],"inLanguage":"fr-FR"},{"@type":"Person","@id":"https:\/\/exaequo-communication.fr\/#\/schema\/person\/a2b781d9861576b70e7ac586c8d0e7dd","name":"Vincent","image":{"@type":"ImageObject","inLanguage":"fr-FR","@id":"https:\/\/exaequo-communication.fr\/#\/schema\/person\/image\/","url":"https:\/\/secure.gravatar.com\/avatar\/c58976c01b1d93e7e64f76bceed0cda416b0c2ec1073b37c7406cd511cdf9281?s=96&d=mm&r=g","contentUrl":"https:\/\/secure.gravatar.com\/avatar\/c58976c01b1d93e7e64f76bceed0cda416b0c2ec1073b37c7406cd511cdf9281?s=96&d=mm&r=g","caption":"Vincent"},"url":"https:\/\/exaequo-communication.fr\/index.php\/author\/vincent\/"}]}},"_links":{"self":[{"href":"https:\/\/exaequo-communication.fr\/index.php\/wp-json\/wp\/v2\/posts\/10497","targetHints":{"allow":["GET"]}}],"collection":[{"href":"https:\/\/exaequo-communication.fr\/index.php\/wp-json\/wp\/v2\/posts"}],"about":[{"href":"https:\/\/exaequo-communication.fr\/index.php\/wp-json\/wp\/v2\/types\/post"}],"author":[{"embeddable":true,"href":"https:\/\/exaequo-communication.fr\/index.php\/wp-json\/wp\/v2\/users\/5"}],"replies":[{"embeddable":true,"href":"https:\/\/exaequo-communication.fr\/index.php\/wp-json\/wp\/v2\/comments?post=10497"}],"version-history":[{"count":0,"href":"https:\/\/exaequo-communication.fr\/index.php\/wp-json\/wp\/v2\/posts\/10497\/revisions"}],"wp:featuredmedia":[{"embeddable":true,"href":"https:\/\/exaequo-communication.fr\/index.php\/wp-json\/wp\/v2\/media\/10502"}],"wp:attachment":[{"href":"https:\/\/exaequo-communication.fr\/index.php\/wp-json\/wp\/v2\/media?parent=10497"}],"wp:term":[{"taxonomy":"category","embeddable":true,"href":"https:\/\/exaequo-communication.fr\/index.php\/wp-json\/wp\/v2\/categories?post=10497"},{"taxonomy":"post_tag","embeddable":true,"href":"https:\/\/exaequo-communication.fr\/index.php\/wp-json\/wp\/v2\/tags?post=10497"}],"curies":[{"name":"wp","href":"https:\/\/api.w.org\/{rel}","templated":true}]}}