{"id":10220,"date":"2018-10-19T10:26:21","date_gmt":"2018-10-19T08:26:21","guid":{"rendered":"http:\/\/exaequo-communication.fr\/?p=10220"},"modified":"2018-10-19T10:30:36","modified_gmt":"2018-10-19T08:30:36","slug":"chasse-au-tresor-haras-du-pin","status":"publish","type":"post","link":"https:\/\/exaequo-communication.fr\/index.php\/2018\/10\/19\/chasse-au-tresor-haras-du-pin\/","title":{"rendered":"Chasse au tr\u00e9sor au Haras du Pin"},"content":{"rendered":"[vc_row type=\u00a0\u00bbin_container\u00a0\u00bb full_screen_row_position=\u00a0\u00bbmiddle\u00a0\u00bb scene_position=\u00a0\u00bbcenter\u00a0\u00bb text_color=\u00a0\u00bbdark\u00a0\u00bb text_align=\u00a0\u00bbleft\u00a0\u00bb top_padding=\u00a0\u00bb10&Prime; overlay_strength=\u00a0\u00bb0.3&Prime; shape_divider_position=\u00a0\u00bbbottom\u00a0\u00bb shape_type=\u00a0\u00bb\u00a0\u00bb][vc_column column_padding=\u00a0\u00bbno-extra-padding\u00a0\u00bb column_padding_position=\u00a0\u00bball\u00a0\u00bb background_color_opacity=\u00a0\u00bb1&Prime; background_hover_color_opacity=\u00a0\u00bb1&Prime; column_shadow=\u00a0\u00bbnone\u00a0\u00bb column_border_radius=\u00a0\u00bbnone\u00a0\u00bb width=\u00a0\u00bb1\/2&Prime; tablet_text_alignment=\u00a0\u00bbdefault\u00a0\u00bb phone_text_alignment=\u00a0\u00bbdefault\u00a0\u00bb column_border_width=\u00a0\u00bbnone\u00a0\u00bb column_border_style=\u00a0\u00bbsolid\u00a0\u00bb][vc_gallery type=\u00a0\u00bbflexslider_style\u00a0\u00bb images=\u00a0\u00bb10240,10239,10242,10241&Prime; onclick=\u00a0\u00bblink_no\u00a0\u00bb hover_anim=\u00a0\u00bbfade-out\u00a0\u00bb][\/vc_column][vc_column column_padding=\u00a0\u00bbno-extra-padding\u00a0\u00bb column_padding_position=\u00a0\u00bball\u00a0\u00bb background_color_opacity=\u00a0\u00bb1&Prime; background_hover_color_opacity=\u00a0\u00bb1&Prime; column_shadow=\u00a0\u00bbnone\u00a0\u00bb column_border_radius=\u00a0\u00bbnone\u00a0\u00bb width=\u00a0\u00bb1\/2&Prime; tablet_text_alignment=\u00a0\u00bbdefault\u00a0\u00bb phone_text_alignment=\u00a0\u00bbdefault\u00a0\u00bb column_border_width=\u00a0\u00bbnone\u00a0\u00bb column_border_style=\u00a0\u00bbsolid\u00a0\u00bb][split_line_heading]\n<h3>Chasse au tr\u00e9sor au Haras du Pin<\/h3>\n<p>Une chasse au tr\u00e9sor in\u00e9dite dans un cadre magnifique, le Versailles du cheval ![\/split_line_heading][\/vc_column][\/vc_row][vc_row type=\u00a0\u00bbin_container\u00a0\u00bb full_screen_row_position=\u00a0\u00bbmiddle\u00a0\u00bb scene_position=\u00a0\u00bbcenter\u00a0\u00bb text_color=\u00a0\u00bbdark\u00a0\u00bb text_align=\u00a0\u00bbleft\u00a0\u00bb overlay_strength=\u00a0\u00bb0.3&Prime; shape_divider_position=\u00a0\u00bbbottom\u00a0\u00bb][vc_column column_padding=\u00a0\u00bbno-extra-padding\u00a0\u00bb column_padding_position=\u00a0\u00bball\u00a0\u00bb background_color_opacity=\u00a0\u00bb1&Prime; background_hover_color_opacity=\u00a0\u00bb1&Prime; column_shadow=\u00a0\u00bbnone\u00a0\u00bb column_border_radius=\u00a0\u00bbnone\u00a0\u00bb width=\u00a0\u00bb1\/1&Prime; tablet_text_alignment=\u00a0\u00bbdefault\u00a0\u00bb phone_text_alignment=\u00a0\u00bbdefault\u00a0\u00bb column_border_width=\u00a0\u00bbnone\u00a0\u00bb column_border_style=\u00a0\u00bbsolid\u00a0\u00bb][vc_column_text]C&rsquo;est l&rsquo;association Pierre Noal qui a mis au d\u00e9fi Exaequo pour cr\u00e9er une chasse au tr\u00e9sor pour les 200 salari\u00e9s pr\u00e9sents pour la journ\u00e9e anniversaire de l&rsquo;association. D\u00e9fi relev\u00e9 pour l&rsquo;\u00e9quipe Exaequo qui n&rsquo;a pas manqu\u00e9 d&rsquo;inspiration pour proposer un concept innovant et f\u00e9d\u00e9rateur. En effet, le lieu choisi pour cette journ\u00e9e fut le Haras du Pin, un monument du cheval, embl\u00e8me de l&rsquo;excellence \u00e0 la Fran\u00e7aise et haut-lieu de production de chevaux d&rsquo;exception. Un site charg\u00e9 d&rsquo;histoire dont nous avons pu nous inspirer pour cr\u00e9er un sc\u00e9nario m\u00ealant fiction et faits r\u00e9els.<\/p>\n<p>L&rsquo;objectif \u00e9tait de faire d\u00e9couvrir le site de fa\u00e7on exhaustive mais tout en restant ludique. Chose faite, puisque nous avons propos\u00e9 un chasse au tr\u00e9sor traversant toutes les cours, les b\u00e2timents : \u00e9curies, mus\u00e9e, infirmerie, garage \u00e0 hippomobiles, etc&#8230;<\/p>\n<p>La complexit\u00e9 r\u00e9sidait dans le temps imparti pour cette animation. En effet, il fallait que les 200 personnes se lancent sur la chasse au tr\u00e9sor en moins de 15 minutes. Puis \u00e9viter les probl\u00e8mes de flux sur les points de passage pour r\u00e9aliser la chasse en moins de 2h. Nous avons donc opt\u00e9 pour la cr\u00e9ation de 5 parcours diff\u00e9rents avec un jeu collectif en d\u00e9but d\u2019animation pour d\u00e9caler les d\u00e9parts des \u00e9quipes.<\/p>\n<p>Tous les points de passage \u00e9taient con\u00e7us pour faire travailler l&rsquo;\u00e9quipe et favoriser l&rsquo;\u00e9change entre les personnes. Points forts de l&rsquo;animation, la mise en place d&rsquo;un escape game dans le mus\u00e9e du Haras du Pin ainsi qu&rsquo;un temps de restitution en fin de chasse au tr\u00e9sor pour que chaque \u00e9quipe puisse avoir un temps de discussion et de r\u00e9flexion.<\/p>\n<p><em><strong>Un v\u00e9ritable team-building ludique \u00e0 la d\u00e9couverte d&rsquo;un monument culturel !<\/strong><\/em><\/p>\n<p>&nbsp;<\/p>\n<p><a href=\"https:\/\/www.haras-national-du-pin.com\/\" target=\"_blank\" rel=\"noopener\">Haras du Pin<\/a><\/p>\n<p><a href=\"https:\/\/www.asso-pierrenoal.com\/\" target=\"_blank\" rel=\"noopener\">Association Pierre Noal<\/a><\/p>\n[\/vc_column_text][\/vc_column][\/vc_row]\n","protected":false},"excerpt":{"rendered":"<p>Une chasse au tr\u00e9sor in\u00e9dite dans un cadre magnifique, le Versailles du cheval !<\/p>\n","protected":false},"author":5,"featured_media":10240,"comment_status":"closed","ping_status":"closed","sticky":false,"template":"","format":"standard","meta":{"footnotes":""},"categories":[1,178],"tags":[],"class_list":{"0":"post-10220","1":"post","2":"type-post","3":"status-publish","4":"format-standard","5":"has-post-thumbnail","7":"category-actualites","8":"category-team-building"},"yoast_head":"<!-- This site is optimized with the Yoast SEO plugin v27.0 - https:\/\/yoast.com\/product\/yoast-seo-wordpress\/ -->\n<title>Chasse au tr\u00e9sor au Haras du Pin - Exaequo communication<\/title>\n<meta name=\"description\" content=\"Cr\u00e9ation et organisation d&#039;une chasse au tr\u00e9sor au Haras du Pin. Une v\u00e9ritable d\u00e9couverte du site originale sous un format team-building\" \/>\n<meta name=\"robots\" content=\"index, follow, max-snippet:-1, max-image-preview:large, max-video-preview:-1\" \/>\n<link rel=\"canonical\" href=\"https:\/\/exaequo-communication.fr\/index.php\/2018\/10\/19\/chasse-au-tresor-haras-du-pin\/\" \/>\n<meta property=\"og:locale\" content=\"fr_FR\" \/>\n<meta property=\"og:type\" content=\"article\" \/>\n<meta property=\"og:title\" content=\"Chasse au tr\u00e9sor au sein du Haras du Pin\" \/>\n<meta property=\"og:description\" content=\"Cr\u00e9ation et organisation d&#039;une chasse au tr\u00e9sor ludique et culturelle dans le cadre historique et patrimonial du Haras du Pin.\" \/>\n<meta property=\"og:url\" content=\"https:\/\/exaequo-communication.fr\/index.php\/2018\/10\/19\/chasse-au-tresor-haras-du-pin\/\" \/>\n<meta property=\"og:site_name\" content=\"Exaequo communication\" \/>\n<meta property=\"article:published_time\" content=\"2018-10-19T08:26:21+00:00\" \/>\n<meta property=\"article:modified_time\" content=\"2018-10-19T08:30:36+00:00\" \/>\n<meta property=\"og:image\" content=\"https:\/\/exaequo-communication.fr\/wp-content\/uploads\/2018\/10\/20180427_113301_resized.jpg\" \/>\n\t<meta property=\"og:image:width\" content=\"1700\" \/>\n\t<meta property=\"og:image:height\" content=\"826\" \/>\n\t<meta property=\"og:image:type\" content=\"image\/jpeg\" \/>\n<meta name=\"author\" content=\"Vincent\" \/>\n<meta name=\"twitter:card\" content=\"summary_large_image\" \/>\n<meta name=\"twitter:label1\" content=\"\u00c9crit par\" \/>\n\t<meta name=\"twitter:data1\" content=\"Vincent\" \/>\n\t<meta name=\"twitter:label2\" content=\"Dur\u00e9e de lecture estim\u00e9e\" \/>\n\t<meta name=\"twitter:data2\" content=\"3 minutes\" \/>\n<script type=\"application\/ld+json\" class=\"yoast-schema-graph\">{\"@context\":\"https:\/\/schema.org\",\"@graph\":[{\"@type\":\"Article\",\"@id\":\"https:\/\/exaequo-communication.fr\/index.php\/2018\/10\/19\/chasse-au-tresor-haras-du-pin\/#article\",\"isPartOf\":{\"@id\":\"https:\/\/exaequo-communication.fr\/index.php\/2018\/10\/19\/chasse-au-tresor-haras-du-pin\/\"},\"author\":{\"name\":\"Vincent\",\"@id\":\"https:\/\/exaequo-communication.fr\/#\/schema\/person\/a2b781d9861576b70e7ac586c8d0e7dd\"},\"headline\":\"Chasse au tr\u00e9sor au Haras du Pin\",\"datePublished\":\"2018-10-19T08:26:21+00:00\",\"dateModified\":\"2018-10-19T08:30:36+00:00\",\"mainEntityOfPage\":{\"@id\":\"https:\/\/exaequo-communication.fr\/index.php\/2018\/10\/19\/chasse-au-tresor-haras-du-pin\/\"},\"wordCount\":565,\"image\":{\"@id\":\"https:\/\/exaequo-communication.fr\/index.php\/2018\/10\/19\/chasse-au-tresor-haras-du-pin\/#primaryimage\"},\"thumbnailUrl\":\"https:\/\/exaequo-communication.fr\/wp-content\/uploads\/2018\/10\/20180427_113301_resized.jpg\",\"articleSection\":[\"Actualit\u00e9s\",\"Team Building\"],\"inLanguage\":\"fr-FR\"},{\"@type\":\"WebPage\",\"@id\":\"https:\/\/exaequo-communication.fr\/index.php\/2018\/10\/19\/chasse-au-tresor-haras-du-pin\/\",\"url\":\"https:\/\/exaequo-communication.fr\/index.php\/2018\/10\/19\/chasse-au-tresor-haras-du-pin\/\",\"name\":\"Chasse au tr\u00e9sor au Haras du Pin - Exaequo communication\",\"isPartOf\":{\"@id\":\"https:\/\/exaequo-communication.fr\/#website\"},\"primaryImageOfPage\":{\"@id\":\"https:\/\/exaequo-communication.fr\/index.php\/2018\/10\/19\/chasse-au-tresor-haras-du-pin\/#primaryimage\"},\"image\":{\"@id\":\"https:\/\/exaequo-communication.fr\/index.php\/2018\/10\/19\/chasse-au-tresor-haras-du-pin\/#primaryimage\"},\"thumbnailUrl\":\"https:\/\/exaequo-communication.fr\/wp-content\/uploads\/2018\/10\/20180427_113301_resized.jpg\",\"datePublished\":\"2018-10-19T08:26:21+00:00\",\"dateModified\":\"2018-10-19T08:30:36+00:00\",\"author\":{\"@id\":\"https:\/\/exaequo-communication.fr\/#\/schema\/person\/a2b781d9861576b70e7ac586c8d0e7dd\"},\"description\":\"Cr\u00e9ation et organisation d'une chasse au tr\u00e9sor au Haras du Pin. Une v\u00e9ritable d\u00e9couverte du site originale sous un format team-building\",\"breadcrumb\":{\"@id\":\"https:\/\/exaequo-communication.fr\/index.php\/2018\/10\/19\/chasse-au-tresor-haras-du-pin\/#breadcrumb\"},\"inLanguage\":\"fr-FR\",\"potentialAction\":[{\"@type\":\"ReadAction\",\"target\":[\"https:\/\/exaequo-communication.fr\/index.php\/2018\/10\/19\/chasse-au-tresor-haras-du-pin\/\"]}]},{\"@type\":\"ImageObject\",\"inLanguage\":\"fr-FR\",\"@id\":\"https:\/\/exaequo-communication.fr\/index.php\/2018\/10\/19\/chasse-au-tresor-haras-du-pin\/#primaryimage\",\"url\":\"https:\/\/exaequo-communication.fr\/wp-content\/uploads\/2018\/10\/20180427_113301_resized.jpg\",\"contentUrl\":\"https:\/\/exaequo-communication.fr\/wp-content\/uploads\/2018\/10\/20180427_113301_resized.jpg\",\"width\":1700,\"height\":826,\"caption\":\"Chasse au tr\u00e9sor dans le domaine du Haras du Pin\"},{\"@type\":\"BreadcrumbList\",\"@id\":\"https:\/\/exaequo-communication.fr\/index.php\/2018\/10\/19\/chasse-au-tresor-haras-du-pin\/#breadcrumb\",\"itemListElement\":[{\"@type\":\"ListItem\",\"position\":1,\"name\":\"Accueil\",\"item\":\"https:\/\/exaequo-communication.fr\/\"},{\"@type\":\"ListItem\",\"position\":2,\"name\":\"Chasse au tr\u00e9sor au Haras du Pin\"}]},{\"@type\":\"WebSite\",\"@id\":\"https:\/\/exaequo-communication.fr\/#website\",\"url\":\"https:\/\/exaequo-communication.fr\/\",\"name\":\"Exaequo communication\",\"description\":\"\",\"potentialAction\":[{\"@type\":\"SearchAction\",\"target\":{\"@type\":\"EntryPoint\",\"urlTemplate\":\"https:\/\/exaequo-communication.fr\/?s={search_term_string}\"},\"query-input\":{\"@type\":\"PropertyValueSpecification\",\"valueRequired\":true,\"valueName\":\"search_term_string\"}}],\"inLanguage\":\"fr-FR\"},{\"@type\":\"Person\",\"@id\":\"https:\/\/exaequo-communication.fr\/#\/schema\/person\/a2b781d9861576b70e7ac586c8d0e7dd\",\"name\":\"Vincent\",\"image\":{\"@type\":\"ImageObject\",\"inLanguage\":\"fr-FR\",\"@id\":\"https:\/\/exaequo-communication.fr\/#\/schema\/person\/image\/\",\"url\":\"https:\/\/secure.gravatar.com\/avatar\/c58976c01b1d93e7e64f76bceed0cda416b0c2ec1073b37c7406cd511cdf9281?s=96&d=mm&r=g\",\"contentUrl\":\"https:\/\/secure.gravatar.com\/avatar\/c58976c01b1d93e7e64f76bceed0cda416b0c2ec1073b37c7406cd511cdf9281?s=96&d=mm&r=g\",\"caption\":\"Vincent\"},\"url\":\"https:\/\/exaequo-communication.fr\/index.php\/author\/vincent\/\"}]}<\/script>\n<!-- \/ Yoast SEO plugin. -->","yoast_head_json":{"title":"Chasse au tr\u00e9sor au Haras du Pin - Exaequo communication","description":"Cr\u00e9ation et organisation d'une chasse au tr\u00e9sor au Haras du Pin. Une v\u00e9ritable d\u00e9couverte du site originale sous un format team-building","robots":{"index":"index","follow":"follow","max-snippet":"max-snippet:-1","max-image-preview":"max-image-preview:large","max-video-preview":"max-video-preview:-1"},"canonical":"https:\/\/exaequo-communication.fr\/index.php\/2018\/10\/19\/chasse-au-tresor-haras-du-pin\/","og_locale":"fr_FR","og_type":"article","og_title":"Chasse au tr\u00e9sor au sein du Haras du Pin","og_description":"Cr\u00e9ation et organisation d'une chasse au tr\u00e9sor ludique et culturelle dans le cadre historique et patrimonial du Haras du Pin.","og_url":"https:\/\/exaequo-communication.fr\/index.php\/2018\/10\/19\/chasse-au-tresor-haras-du-pin\/","og_site_name":"Exaequo communication","article_published_time":"2018-10-19T08:26:21+00:00","article_modified_time":"2018-10-19T08:30:36+00:00","og_image":[{"width":1700,"height":826,"url":"https:\/\/exaequo-communication.fr\/wp-content\/uploads\/2018\/10\/20180427_113301_resized.jpg","type":"image\/jpeg"}],"author":"Vincent","twitter_card":"summary_large_image","twitter_misc":{"\u00c9crit par":"Vincent","Dur\u00e9e de lecture estim\u00e9e":"3 minutes"},"schema":{"@context":"https:\/\/schema.org","@graph":[{"@type":"Article","@id":"https:\/\/exaequo-communication.fr\/index.php\/2018\/10\/19\/chasse-au-tresor-haras-du-pin\/#article","isPartOf":{"@id":"https:\/\/exaequo-communication.fr\/index.php\/2018\/10\/19\/chasse-au-tresor-haras-du-pin\/"},"author":{"name":"Vincent","@id":"https:\/\/exaequo-communication.fr\/#\/schema\/person\/a2b781d9861576b70e7ac586c8d0e7dd"},"headline":"Chasse au tr\u00e9sor au Haras du Pin","datePublished":"2018-10-19T08:26:21+00:00","dateModified":"2018-10-19T08:30:36+00:00","mainEntityOfPage":{"@id":"https:\/\/exaequo-communication.fr\/index.php\/2018\/10\/19\/chasse-au-tresor-haras-du-pin\/"},"wordCount":565,"image":{"@id":"https:\/\/exaequo-communication.fr\/index.php\/2018\/10\/19\/chasse-au-tresor-haras-du-pin\/#primaryimage"},"thumbnailUrl":"https:\/\/exaequo-communication.fr\/wp-content\/uploads\/2018\/10\/20180427_113301_resized.jpg","articleSection":["Actualit\u00e9s","Team Building"],"inLanguage":"fr-FR"},{"@type":"WebPage","@id":"https:\/\/exaequo-communication.fr\/index.php\/2018\/10\/19\/chasse-au-tresor-haras-du-pin\/","url":"https:\/\/exaequo-communication.fr\/index.php\/2018\/10\/19\/chasse-au-tresor-haras-du-pin\/","name":"Chasse au tr\u00e9sor au Haras du Pin - Exaequo communication","isPartOf":{"@id":"https:\/\/exaequo-communication.fr\/#website"},"primaryImageOfPage":{"@id":"https:\/\/exaequo-communication.fr\/index.php\/2018\/10\/19\/chasse-au-tresor-haras-du-pin\/#primaryimage"},"image":{"@id":"https:\/\/exaequo-communication.fr\/index.php\/2018\/10\/19\/chasse-au-tresor-haras-du-pin\/#primaryimage"},"thumbnailUrl":"https:\/\/exaequo-communication.fr\/wp-content\/uploads\/2018\/10\/20180427_113301_resized.jpg","datePublished":"2018-10-19T08:26:21+00:00","dateModified":"2018-10-19T08:30:36+00:00","author":{"@id":"https:\/\/exaequo-communication.fr\/#\/schema\/person\/a2b781d9861576b70e7ac586c8d0e7dd"},"description":"Cr\u00e9ation et organisation d'une chasse au tr\u00e9sor au Haras du Pin. Une v\u00e9ritable d\u00e9couverte du site originale sous un format team-building","breadcrumb":{"@id":"https:\/\/exaequo-communication.fr\/index.php\/2018\/10\/19\/chasse-au-tresor-haras-du-pin\/#breadcrumb"},"inLanguage":"fr-FR","potentialAction":[{"@type":"ReadAction","target":["https:\/\/exaequo-communication.fr\/index.php\/2018\/10\/19\/chasse-au-tresor-haras-du-pin\/"]}]},{"@type":"ImageObject","inLanguage":"fr-FR","@id":"https:\/\/exaequo-communication.fr\/index.php\/2018\/10\/19\/chasse-au-tresor-haras-du-pin\/#primaryimage","url":"https:\/\/exaequo-communication.fr\/wp-content\/uploads\/2018\/10\/20180427_113301_resized.jpg","contentUrl":"https:\/\/exaequo-communication.fr\/wp-content\/uploads\/2018\/10\/20180427_113301_resized.jpg","width":1700,"height":826,"caption":"Chasse au tr\u00e9sor dans le domaine du Haras du Pin"},{"@type":"BreadcrumbList","@id":"https:\/\/exaequo-communication.fr\/index.php\/2018\/10\/19\/chasse-au-tresor-haras-du-pin\/#breadcrumb","itemListElement":[{"@type":"ListItem","position":1,"name":"Accueil","item":"https:\/\/exaequo-communication.fr\/"},{"@type":"ListItem","position":2,"name":"Chasse au tr\u00e9sor au Haras du Pin"}]},{"@type":"WebSite","@id":"https:\/\/exaequo-communication.fr\/#website","url":"https:\/\/exaequo-communication.fr\/","name":"Exaequo communication","description":"","potentialAction":[{"@type":"SearchAction","target":{"@type":"EntryPoint","urlTemplate":"https:\/\/exaequo-communication.fr\/?s={search_term_string}"},"query-input":{"@type":"PropertyValueSpecification","valueRequired":true,"valueName":"search_term_string"}}],"inLanguage":"fr-FR"},{"@type":"Person","@id":"https:\/\/exaequo-communication.fr\/#\/schema\/person\/a2b781d9861576b70e7ac586c8d0e7dd","name":"Vincent","image":{"@type":"ImageObject","inLanguage":"fr-FR","@id":"https:\/\/exaequo-communication.fr\/#\/schema\/person\/image\/","url":"https:\/\/secure.gravatar.com\/avatar\/c58976c01b1d93e7e64f76bceed0cda416b0c2ec1073b37c7406cd511cdf9281?s=96&d=mm&r=g","contentUrl":"https:\/\/secure.gravatar.com\/avatar\/c58976c01b1d93e7e64f76bceed0cda416b0c2ec1073b37c7406cd511cdf9281?s=96&d=mm&r=g","caption":"Vincent"},"url":"https:\/\/exaequo-communication.fr\/index.php\/author\/vincent\/"}]}},"_links":{"self":[{"href":"https:\/\/exaequo-communication.fr\/index.php\/wp-json\/wp\/v2\/posts\/10220","targetHints":{"allow":["GET"]}}],"collection":[{"href":"https:\/\/exaequo-communication.fr\/index.php\/wp-json\/wp\/v2\/posts"}],"about":[{"href":"https:\/\/exaequo-communication.fr\/index.php\/wp-json\/wp\/v2\/types\/post"}],"author":[{"embeddable":true,"href":"https:\/\/exaequo-communication.fr\/index.php\/wp-json\/wp\/v2\/users\/5"}],"replies":[{"embeddable":true,"href":"https:\/\/exaequo-communication.fr\/index.php\/wp-json\/wp\/v2\/comments?post=10220"}],"version-history":[{"count":0,"href":"https:\/\/exaequo-communication.fr\/index.php\/wp-json\/wp\/v2\/posts\/10220\/revisions"}],"wp:featuredmedia":[{"embeddable":true,"href":"https:\/\/exaequo-communication.fr\/index.php\/wp-json\/wp\/v2\/media\/10240"}],"wp:attachment":[{"href":"https:\/\/exaequo-communication.fr\/index.php\/wp-json\/wp\/v2\/media?parent=10220"}],"wp:term":[{"taxonomy":"category","embeddable":true,"href":"https:\/\/exaequo-communication.fr\/index.php\/wp-json\/wp\/v2\/categories?post=10220"},{"taxonomy":"post_tag","embeddable":true,"href":"https:\/\/exaequo-communication.fr\/index.php\/wp-json\/wp\/v2\/tags?post=10220"}],"curies":[{"name":"wp","href":"https:\/\/api.w.org\/{rel}","templated":true}]}}